{"id":13916,"date":"2022-06-08T11:00:44","date_gmt":"2022-06-08T09:00:44","guid":{"rendered":"https:\/\/www.m-q.ch\/?p=16421"},"modified":"2022-07-27T11:45:26","modified_gmt":"2022-07-27T09:45:26","slug":"unabhaengiges-testinstitut-erhoeht-nationale-cybersicherheit-in-der-schweiz","status":"publish","type":"post","link":"https:\/\/www.organisator.ch\/de\/operational-excellence\/2022-06-08\/unabhaengiges-testinstitut-erhoeht-nationale-cybersicherheit-in-der-schweiz\/","title":{"rendered":"Unabh\u00e4ngiges Testinstitut erh\u00f6ht nationale Cybersicherheit in der Schweiz"},"content":{"rendered":"<figure id=\"attachment_16422\" class=\"wp-caption alignnone\" style=\"width: 680px\" aria-describedby=\"caption-attachment-16422\"><img class=\"alignnone wp-image-16422 size-full\" src=\"https:\/\/www.m-q.ch\/wp-content\/uploads\/2022\/06\/Unabhaengiges-Testinstitut-erhoeht-nationale-Cybersicherheit-in-der-Schweiz_MQ.jpg\" alt=\"Cybersicherheit\" width=\"680\" height=\"386\" \/><figcaption id=\"caption-attachment-16422\" class=\"wp-caption-text\">Das NTC wird insk\u00fcnftig vernetzte IT-Produkte und digitale Anwendungen auf Cybersicherheit pr\u00fcfen.<\/figcaption><\/figure>\r\nEin neues Nationales Testinstitut f\u00fcr Cybersicherheit (NTC) \u00fcbernimmt eine wichtige Funktion zur St\u00e4rkung der Cybersicherheit und Unabh\u00e4ngigkeit der Schweiz. Es hat seinen Standort in Zug. Eine Anschubfinanzierung ist nun gesichert, nachdem die Referendumsfrist am 7. Juni 2022 abgelaufen und der einstimmige Entscheid des Zuger Kantonsrats vom 31. M\u00e4rz 2022 rechtskr\u00e4ftig ist. Nach der erfolgreichen Pilotphase kann nun der eigentliche Aufbau des NTC als unabh\u00e4ngiges Testinstitut stattfinden. Das NTC besteht seit Dezember 2020 als im Kanton Zug domizilierter Verein.\r\n<h3>Steigende Cyberrisiken fordern differenzierte Sicherheitspr\u00fcfungen<\/h3>\r\nIn der Schweiz sind t\u00e4glich Millionen an digitalen Komponenten, Ger\u00e4te und Apps im Einsatz. Laut vorherrschender Expertenmeinung hat nahezu jedes digitale Produkt unbekannte Schwachstellen. Aufgrund der steigenden Vernetzung und der grossen Verbreitung f\u00fchrt dies zu erheblichen Risiken f\u00fcr Gesellschaft und Wirtschaft. Zahlreiche digitale Produkte unterliegen keiner zentralen Pr\u00fcfpflicht. Zus\u00e4tzlich fehlt es an Anreizen f\u00fcr die Sicherheitsunternehmen der Privatwirtschaft, die Sicherheitspr\u00fcfungen auf eigene Initiative und Kosten durchzuf\u00fchren. Folglich finden Sicherheitspr\u00fcfungen zum Wohl der Gesellschaft heute nicht in ben\u00f6tigtem Umfang und Tiefe statt.\r\n<h3>Unabh\u00e4ngiges Testinstitut erh\u00f6ht die Cyberresilienz<\/h3>\r\nMit dem NTC entsteht ein objektives und neutrales Institut, das vernetzte Produkte und digitale Anwendungen auf Vertrauensw\u00fcrdigkeit und Sicherheit \u00fcberpr\u00fcft. Die Pr\u00fcfungen geschehen in Kooperation mit der Wirtschaft, IT-Sicherheitsunternehmen sowie Hochschulen und werden bei Bedarf auf Eigeninitiative angestossen. Das NTC arbeitet dabei nicht gewinnorientiert. Es agiert vollst\u00e4ndig unabh\u00e4ngig; finanzielle Beteiligungen durch Produktherstellende und Dienstanbietende sind satzungsgem\u00e4ss ausgeschlossen.\r\n<h3>Zentrum f\u00fcr Kompetenz und Wissenstransfer<\/h3>\r\nIn seiner Arbeit orientiert sich das Testinstitut an international g\u00e4ngigen Empfehlungen und Standards. Die hohe Qualit\u00e4t der Pr\u00fcfungsleistung wird durch eigenes Fachwissen sowie durch einen aktiven Wissensaustausch mit internationalen Experten gew\u00e4hrleistet. Der enge Austausch mit anderen Organisationen der Cybersicherheit im In- und Ausland, sowie dem Nationalen Zentrum f\u00fcr Cybersicherheit (NCSC) stellt sicher, dass bestehende Massnahmen synergetisch ineinandergreifen und dass abrufbare Kapazit\u00e4ten bereitstehen.\r\n\r\nDar\u00fcber hinaus weist das NTC auf Schwachstellen in Produkten und Dienstleistungen hin und stellt sein Fachwissen den Herstellenden von IT-Komponenten und digitale Anwendungen, sowie der Wirtschaft und Bev\u00f6lkerung zur Verf\u00fcgung. Mit seinen Pr\u00fcf- und Forschungsprojekten kommt das NTC seinem Auftrag nach, die Sicherheit in der Schweiz zu erh\u00f6hen. Zu diesem Zweck sind ab sofort lokale und internationale Spezialisten der Cybersicherheit eingeladen, diesen Auftrag gemeinsam mit dem NTC zu erf\u00fcllen.\r\n\r\n<em>Weitere Informationen: <a href=\"https:\/\/www.ntc.swiss\/#mission\">ntc.swiss<\/a><\/em>\n<p class=\"syndicated-attribution\">Dieser Beitrag erschien urspr\u00fcnglich auf m-q.ch - <a href=\"https:\/\/www.m-q.ch\/de\/unabhaengiges-testinstitut-erhoeht-nationale-cybersicherheit-in-der-schweiz\/\" target=\"_blank\">https:\/\/www.m-q.ch\/de\/unabhaengiges-testinstitut-erhoeht-nationale-cybersicherheit-in-der-schweiz\/<\/a><\/p>","protected":false},"excerpt":{"rendered":"<p>Ein neues Nationales Testinstitut f\u00fcr Cybersicherheit (NTC) \u00fcbernimmt eine wichtige Funktion zur St\u00e4rkung der Cybersicherheit und Unabh\u00e4ngigkeit der Schweiz. Es hat seinen Standort in Zug. Eine Anschubfinanzierung ist nun gesichert, nachdem die Referendumsfrist am 7. Juni 2022 abgelaufen und der einstimmige Entscheid des Zuger Kantonsrats vom 31. M\u00e4rz 2022 rechtskr\u00e4ftig ist. Nach der erfolgreichen Pilotphase [\u2026]<\/p>\n","protected":false},"author":8,"featured_media":0,"comment_status":"closed","ping_status":"closed","sticky":false,"template":"","format":"standard","meta":{"_acf_changed":false,"_yoast_wpseo_focuskw":"Cybersicherheit","_yoast_wpseo_metadesc":"In Zug entsteht das Nationale Testinstitut f\u00fcr Cybersicherheit NTC f\u00fcr die Pr\u00fcfung der Cybersicherheit vernetzter IT-Produkte und digitaler Anwendungen.","articlekey":"","footnotes":""},"categories":[582],"tags":[608],"class_list":["post-13916","post","type-post","status-publish","format-standard","hentry","category-operational-excellence","tag-cybersicherheit"],"acf":[],"yoast_head":"<!-- This site is optimized with the Yoast SEO plugin v27.5 - https:\/\/yoast.com\/product\/yoast-seo-wordpress\/ -->\n<title>Unabh\u00e4ngiges Testinstitut erh\u00f6ht nationale Cybersicherheit in der Schweiz - Organisator<\/title>\n<meta name=\"description\" content=\"In Zug entsteht das Nationale Testinstitut f\u00fcr Cybersicherheit NTC f\u00fcr die Pr\u00fcfung der Cybersicherheit vernetzter IT-Produkte und digitaler Anwendungen.\" \/>\n<meta name=\"robots\" content=\"index, follow, max-snippet:-1, max-image-preview:large, max-video-preview:-1\" \/>\n<link rel=\"canonical\" href=\"https:\/\/www.m-q.ch\/de\/unabhaengiges-testinstitut-erhoeht-nationale-cybersicherheit-in-der-schweiz\/\" \/>\n<meta property=\"og:locale\" content=\"de_DE\" \/>\n<meta property=\"og:type\" content=\"article\" \/>\n<meta property=\"og:title\" content=\"Unabh\u00e4ngiges Testinstitut erh\u00f6ht nationale Cybersicherheit in der Schweiz - Organisator\" \/>\n<meta property=\"og:description\" content=\"In Zug entsteht das Nationale Testinstitut f\u00fcr Cybersicherheit NTC f\u00fcr die Pr\u00fcfung der Cybersicherheit vernetzter IT-Produkte und digitaler Anwendungen.\" \/>\n<meta property=\"og:url\" content=\"https:\/\/www.m-q.ch\/de\/unabhaengiges-testinstitut-erhoeht-nationale-cybersicherheit-in-der-schweiz\/\" \/>\n<meta property=\"og:site_name\" content=\"Organisator\" \/>\n<meta property=\"article:publisher\" content=\"https:\/\/www.facebook.com\/OrganisatorFachmagazin\" \/>\n<meta property=\"article:published_time\" content=\"2022-06-08T09:00:44+00:00\" \/>\n<meta property=\"article:modified_time\" content=\"2022-07-27T09:45:26+00:00\" \/>\n<meta property=\"og:image\" content=\"https:\/\/www.m-q.ch\/wp-content\/uploads\/2022\/06\/Unabhaengiges-Testinstitut-erhoeht-nationale-Cybersicherheit-in-der-Schweiz_MQ.jpg\" \/>\n<meta name=\"author\" content=\"galledia\" \/>\n<meta name=\"twitter:card\" content=\"summary_large_image\" \/>\n<meta name=\"twitter:creator\" content=\"@admin\" \/>\n<script type=\"application\/ld+json\" class=\"yoast-schema-graph\">{\"@context\":\"https:\\\/\\\/schema.org\",\"@graph\":[{\"@type\":\"Article\",\"@id\":\"https:\\\/\\\/www.m-q.ch\\\/de\\\/unabhaengiges-testinstitut-erhoeht-nationale-cybersicherheit-in-der-schweiz\\\/#article\",\"isPartOf\":{\"@id\":\"https:\\\/\\\/www.organisator.ch\\\/operational-excellence\\\/2022-06-08\\\/unabhaengiges-testinstitut-erhoeht-nationale-cybersicherheit-in-der-schweiz\\\/\"},\"author\":{\"name\":\"galledia\",\"@id\":\"https:\\\/\\\/www.organisator.ch\\\/#\\\/schema\\\/person\\\/4e51799071cd2dd1232ac003643ef5f0\"},\"headline\":\"Unabh\u00e4ngiges Testinstitut erh\u00f6ht nationale Cybersicherheit in der Schweiz\",\"datePublished\":\"2022-06-08T09:00:44+00:00\",\"dateModified\":\"2022-07-27T09:45:26+00:00\",\"mainEntityOfPage\":{\"@id\":\"https:\\\/\\\/www.organisator.ch\\\/operational-excellence\\\/2022-06-08\\\/unabhaengiges-testinstitut-erhoeht-nationale-cybersicherheit-in-der-schweiz\\\/\"},\"wordCount\":424,\"publisher\":{\"@id\":\"https:\\\/\\\/www.organisator.ch\\\/#organization\"},\"image\":{\"@id\":\"https:\\\/\\\/www.m-q.ch\\\/de\\\/unabhaengiges-testinstitut-erhoeht-nationale-cybersicherheit-in-der-schweiz\\\/#primaryimage\"},\"thumbnailUrl\":\"https:\\\/\\\/www.m-q.ch\\\/wp-content\\\/uploads\\\/2022\\\/06\\\/Unabhaengiges-Testinstitut-erhoeht-nationale-Cybersicherheit-in-der-Schweiz_MQ.jpg\",\"keywords\":[\"Cybersicherheit\"],\"articleSection\":[\"OPERATIONAL EXCELLENCE\"],\"inLanguage\":\"de\"},{\"@type\":\"WebPage\",\"@id\":\"https:\\\/\\\/www.organisator.ch\\\/operational-excellence\\\/2022-06-08\\\/unabhaengiges-testinstitut-erhoeht-nationale-cybersicherheit-in-der-schweiz\\\/\",\"url\":\"https:\\\/\\\/www.m-q.ch\\\/de\\\/unabhaengiges-testinstitut-erhoeht-nationale-cybersicherheit-in-der-schweiz\\\/\",\"name\":\"Unabh\u00e4ngiges Testinstitut erh\u00f6ht nationale Cybersicherheit in der Schweiz - Organisator\",\"isPartOf\":{\"@id\":\"https:\\\/\\\/www.organisator.ch\\\/#website\"},\"primaryImageOfPage\":{\"@id\":\"https:\\\/\\\/www.m-q.ch\\\/de\\\/unabhaengiges-testinstitut-erhoeht-nationale-cybersicherheit-in-der-schweiz\\\/#primaryimage\"},\"image\":{\"@id\":\"https:\\\/\\\/www.m-q.ch\\\/de\\\/unabhaengiges-testinstitut-erhoeht-nationale-cybersicherheit-in-der-schweiz\\\/#primaryimage\"},\"thumbnailUrl\":\"https:\\\/\\\/www.m-q.ch\\\/wp-content\\\/uploads\\\/2022\\\/06\\\/Unabhaengiges-Testinstitut-erhoeht-nationale-Cybersicherheit-in-der-Schweiz_MQ.jpg\",\"datePublished\":\"2022-06-08T09:00:44+00:00\",\"dateModified\":\"2022-07-27T09:45:26+00:00\",\"description\":\"In Zug entsteht das Nationale Testinstitut f\u00fcr Cybersicherheit NTC f\u00fcr die Pr\u00fcfung der Cybersicherheit vernetzter IT-Produkte und digitaler Anwendungen.\",\"breadcrumb\":{\"@id\":\"https:\\\/\\\/www.m-q.ch\\\/de\\\/unabhaengiges-testinstitut-erhoeht-nationale-cybersicherheit-in-der-schweiz\\\/#breadcrumb\"},\"inLanguage\":\"de\",\"potentialAction\":[{\"@type\":\"ReadAction\",\"target\":[\"https:\\\/\\\/www.m-q.ch\\\/de\\\/unabhaengiges-testinstitut-erhoeht-nationale-cybersicherheit-in-der-schweiz\\\/\"]}]},{\"@type\":\"ImageObject\",\"inLanguage\":\"de\",\"@id\":\"https:\\\/\\\/www.m-q.ch\\\/de\\\/unabhaengiges-testinstitut-erhoeht-nationale-cybersicherheit-in-der-schweiz\\\/#primaryimage\",\"url\":\"https:\\\/\\\/www.m-q.ch\\\/wp-content\\\/uploads\\\/2022\\\/06\\\/Unabhaengiges-Testinstitut-erhoeht-nationale-Cybersicherheit-in-der-Schweiz_MQ.jpg\",\"contentUrl\":\"https:\\\/\\\/www.m-q.ch\\\/wp-content\\\/uploads\\\/2022\\\/06\\\/Unabhaengiges-Testinstitut-erhoeht-nationale-Cybersicherheit-in-der-Schweiz_MQ.jpg\"},{\"@type\":\"BreadcrumbList\",\"@id\":\"https:\\\/\\\/www.m-q.ch\\\/de\\\/unabhaengiges-testinstitut-erhoeht-nationale-cybersicherheit-in-der-schweiz\\\/#breadcrumb\",\"itemListElement\":[{\"@type\":\"ListItem\",\"position\":1,\"name\":\"Home\",\"item\":\"https:\\\/\\\/www.organisator.ch\\\/\"},{\"@type\":\"ListItem\",\"position\":2,\"name\":\"Unabh\u00e4ngiges Testinstitut erh\u00f6ht nationale Cybersicherheit in der Schweiz\"}]},{\"@type\":\"WebSite\",\"@id\":\"https:\\\/\\\/www.organisator.ch\\\/#website\",\"url\":\"https:\\\/\\\/www.organisator.ch\\\/\",\"name\":\"Organisator\",\"description\":\"Kompetent. Praxisnah. Der ORGANISATOR bereitet in 10 Ausgaben pro Jahr die wesentlichen Themen f\u00fcr F\u00fchrungskr\u00e4fte von KMU auf.\",\"publisher\":{\"@id\":\"https:\\\/\\\/www.organisator.ch\\\/#organization\"},\"potentialAction\":[{\"@type\":\"SearchAction\",\"target\":{\"@type\":\"EntryPoint\",\"urlTemplate\":\"https:\\\/\\\/www.organisator.ch\\\/?s={search_term_string}\"},\"query-input\":{\"@type\":\"PropertyValueSpecification\",\"valueRequired\":true,\"valueName\":\"search_term_string\"}}],\"inLanguage\":\"de\"},{\"@type\":\"Organization\",\"@id\":\"https:\\\/\\\/www.organisator.ch\\\/#organization\",\"name\":\"Organisator\",\"url\":\"https:\\\/\\\/www.organisator.ch\\\/\",\"logo\":{\"@type\":\"ImageObject\",\"inLanguage\":\"de\",\"@id\":\"https:\\\/\\\/www.organisator.ch\\\/#\\\/schema\\\/logo\\\/image\\\/\",\"url\":\"https:\\\/\\\/www.organisator.ch\\\/wp-content\\\/uploads\\\/2022\\\/01\\\/Logo_Organisator_Website.png\",\"contentUrl\":\"https:\\\/\\\/www.organisator.ch\\\/wp-content\\\/uploads\\\/2022\\\/01\\\/Logo_Organisator_Website.png\",\"width\":800,\"height\":77,\"caption\":\"Organisator\"},\"image\":{\"@id\":\"https:\\\/\\\/www.organisator.ch\\\/#\\\/schema\\\/logo\\\/image\\\/\"},\"sameAs\":[\"https:\\\/\\\/www.facebook.com\\\/OrganisatorFachmagazin\",\"https:\\\/\\\/www.linkedin.com\\\/showcase\\\/organisator-das-magazin-fr-kmu\",\"https:\\\/\\\/www.xing.com\\\/news\\\/pages\\\/organisator-ch-695\",\"https:\\\/\\\/www.youtube.com\\\/channel\\\/UCGP2Sq0iWaZwT3BdIAQFYpw\"]},{\"@type\":\"Person\",\"@id\":\"https:\\\/\\\/www.organisator.ch\\\/#\\\/schema\\\/person\\\/4e51799071cd2dd1232ac003643ef5f0\",\"name\":\"galledia\",\"image\":{\"@type\":\"ImageObject\",\"inLanguage\":\"de\",\"@id\":\"https:\\\/\\\/secure.gravatar.com\\\/avatar\\\/78a7f90c01fc2bfc875782a0d4922b37cde2cf184ce347b91316d23cd7f69a36?s=96&d=mm&r=g\",\"url\":\"https:\\\/\\\/secure.gravatar.com\\\/avatar\\\/78a7f90c01fc2bfc875782a0d4922b37cde2cf184ce347b91316d23cd7f69a36?s=96&d=mm&r=g\",\"contentUrl\":\"https:\\\/\\\/secure.gravatar.com\\\/avatar\\\/78a7f90c01fc2bfc875782a0d4922b37cde2cf184ce347b91316d23cd7f69a36?s=96&d=mm&r=g\",\"caption\":\"galledia\"},\"sameAs\":[\"https:\\\/\\\/x.com\\\/admin\"],\"url\":\"https:\\\/\\\/www.organisator.ch\\\/de\\\/author\\\/galledia\\\/\"}]}<\/script>\n<!-- \/ Yoast SEO plugin. -->","yoast_head_json":{"title":"Unabh\u00e4ngiges Testinstitut erh\u00f6ht nationale Cybersicherheit in der Schweiz - Organisator","description":"In Zug entsteht das Nationale Testinstitut f\u00fcr Cybersicherheit NTC f\u00fcr die Pr\u00fcfung der Cybersicherheit vernetzter IT-Produkte und digitaler Anwendungen.","robots":{"index":"index","follow":"follow","max-snippet":"max-snippet:-1","max-image-preview":"max-image-preview:large","max-video-preview":"max-video-preview:-1"},"canonical":"https:\/\/www.m-q.ch\/de\/unabhaengiges-testinstitut-erhoeht-nationale-cybersicherheit-in-der-schweiz\/","og_locale":"de_DE","og_type":"article","og_title":"Unabh\u00e4ngiges Testinstitut erh\u00f6ht nationale Cybersicherheit in der Schweiz - Organisator","og_description":"In Zug entsteht das Nationale Testinstitut f\u00fcr Cybersicherheit NTC f\u00fcr die Pr\u00fcfung der Cybersicherheit vernetzter IT-Produkte und digitaler Anwendungen.","og_url":"https:\/\/www.m-q.ch\/de\/unabhaengiges-testinstitut-erhoeht-nationale-cybersicherheit-in-der-schweiz\/","og_site_name":"Organisator","article_publisher":"https:\/\/www.facebook.com\/OrganisatorFachmagazin","article_published_time":"2022-06-08T09:00:44+00:00","article_modified_time":"2022-07-27T09:45:26+00:00","og_image":[{"url":"https:\/\/www.m-q.ch\/wp-content\/uploads\/2022\/06\/Unabhaengiges-Testinstitut-erhoeht-nationale-Cybersicherheit-in-der-Schweiz_MQ.jpg","type":"","width":"","height":""}],"author":"galledia","twitter_card":"summary_large_image","twitter_creator":"@admin","schema":{"@context":"https:\/\/schema.org","@graph":[{"@type":"Article","@id":"https:\/\/www.m-q.ch\/de\/unabhaengiges-testinstitut-erhoeht-nationale-cybersicherheit-in-der-schweiz\/#article","isPartOf":{"@id":"https:\/\/www.organisator.ch\/operational-excellence\/2022-06-08\/unabhaengiges-testinstitut-erhoeht-nationale-cybersicherheit-in-der-schweiz\/"},"author":{"name":"galledia","@id":"https:\/\/www.organisator.ch\/#\/schema\/person\/4e51799071cd2dd1232ac003643ef5f0"},"headline":"Unabh\u00e4ngiges Testinstitut erh\u00f6ht nationale Cybersicherheit in der Schweiz","datePublished":"2022-06-08T09:00:44+00:00","dateModified":"2022-07-27T09:45:26+00:00","mainEntityOfPage":{"@id":"https:\/\/www.organisator.ch\/operational-excellence\/2022-06-08\/unabhaengiges-testinstitut-erhoeht-nationale-cybersicherheit-in-der-schweiz\/"},"wordCount":424,"publisher":{"@id":"https:\/\/www.organisator.ch\/#organization"},"image":{"@id":"https:\/\/www.m-q.ch\/de\/unabhaengiges-testinstitut-erhoeht-nationale-cybersicherheit-in-der-schweiz\/#primaryimage"},"thumbnailUrl":"https:\/\/www.m-q.ch\/wp-content\/uploads\/2022\/06\/Unabhaengiges-Testinstitut-erhoeht-nationale-Cybersicherheit-in-der-Schweiz_MQ.jpg","keywords":["Cybersicherheit"],"articleSection":["OPERATIONAL EXCELLENCE"],"inLanguage":"de"},{"@type":"WebPage","@id":"https:\/\/www.organisator.ch\/operational-excellence\/2022-06-08\/unabhaengiges-testinstitut-erhoeht-nationale-cybersicherheit-in-der-schweiz\/","url":"https:\/\/www.m-q.ch\/de\/unabhaengiges-testinstitut-erhoeht-nationale-cybersicherheit-in-der-schweiz\/","name":"Unabh\u00e4ngiges Testinstitut erh\u00f6ht nationale Cybersicherheit in der Schweiz - Organisator","isPartOf":{"@id":"https:\/\/www.organisator.ch\/#website"},"primaryImageOfPage":{"@id":"https:\/\/www.m-q.ch\/de\/unabhaengiges-testinstitut-erhoeht-nationale-cybersicherheit-in-der-schweiz\/#primaryimage"},"image":{"@id":"https:\/\/www.m-q.ch\/de\/unabhaengiges-testinstitut-erhoeht-nationale-cybersicherheit-in-der-schweiz\/#primaryimage"},"thumbnailUrl":"https:\/\/www.m-q.ch\/wp-content\/uploads\/2022\/06\/Unabhaengiges-Testinstitut-erhoeht-nationale-Cybersicherheit-in-der-Schweiz_MQ.jpg","datePublished":"2022-06-08T09:00:44+00:00","dateModified":"2022-07-27T09:45:26+00:00","description":"In Zug entsteht das Nationale Testinstitut f\u00fcr Cybersicherheit NTC f\u00fcr die Pr\u00fcfung der Cybersicherheit vernetzter IT-Produkte und digitaler Anwendungen.","breadcrumb":{"@id":"https:\/\/www.m-q.ch\/de\/unabhaengiges-testinstitut-erhoeht-nationale-cybersicherheit-in-der-schweiz\/#breadcrumb"},"inLanguage":"de","potentialAction":[{"@type":"ReadAction","target":["https:\/\/www.m-q.ch\/de\/unabhaengiges-testinstitut-erhoeht-nationale-cybersicherheit-in-der-schweiz\/"]}]},{"@type":"ImageObject","inLanguage":"de","@id":"https:\/\/www.m-q.ch\/de\/unabhaengiges-testinstitut-erhoeht-nationale-cybersicherheit-in-der-schweiz\/#primaryimage","url":"https:\/\/www.m-q.ch\/wp-content\/uploads\/2022\/06\/Unabhaengiges-Testinstitut-erhoeht-nationale-Cybersicherheit-in-der-Schweiz_MQ.jpg","contentUrl":"https:\/\/www.m-q.ch\/wp-content\/uploads\/2022\/06\/Unabhaengiges-Testinstitut-erhoeht-nationale-Cybersicherheit-in-der-Schweiz_MQ.jpg"},{"@type":"BreadcrumbList","@id":"https:\/\/www.m-q.ch\/de\/unabhaengiges-testinstitut-erhoeht-nationale-cybersicherheit-in-der-schweiz\/#breadcrumb","itemListElement":[{"@type":"ListItem","position":1,"name":"Home","item":"https:\/\/www.organisator.ch\/"},{"@type":"ListItem","position":2,"name":"Unabh\u00e4ngiges Testinstitut erh\u00f6ht nationale Cybersicherheit in der Schweiz"}]},{"@type":"WebSite","@id":"https:\/\/www.organisator.ch\/#website","url":"https:\/\/www.organisator.ch\/","name":"Organisator","description":"Kompetent. Praxisnah. Der ORGANISATOR bereitet in 10 Ausgaben pro Jahr die wesentlichen Themen f\u00fcr F\u00fchrungskr\u00e4fte von KMU auf.","publisher":{"@id":"https:\/\/www.organisator.ch\/#organization"},"potentialAction":[{"@type":"SearchAction","target":{"@type":"EntryPoint","urlTemplate":"https:\/\/www.organisator.ch\/?s={search_term_string}"},"query-input":{"@type":"PropertyValueSpecification","valueRequired":true,"valueName":"search_term_string"}}],"inLanguage":"de"},{"@type":"Organization","@id":"https:\/\/www.organisator.ch\/#organization","name":"Organisator","url":"https:\/\/www.organisator.ch\/","logo":{"@type":"ImageObject","inLanguage":"de","@id":"https:\/\/www.organisator.ch\/#\/schema\/logo\/image\/","url":"https:\/\/www.organisator.ch\/wp-content\/uploads\/2022\/01\/Logo_Organisator_Website.png","contentUrl":"https:\/\/www.organisator.ch\/wp-content\/uploads\/2022\/01\/Logo_Organisator_Website.png","width":800,"height":77,"caption":"Organisator"},"image":{"@id":"https:\/\/www.organisator.ch\/#\/schema\/logo\/image\/"},"sameAs":["https:\/\/www.facebook.com\/OrganisatorFachmagazin","https:\/\/www.linkedin.com\/showcase\/organisator-das-magazin-fr-kmu","https:\/\/www.xing.com\/news\/pages\/organisator-ch-695","https:\/\/www.youtube.com\/channel\/UCGP2Sq0iWaZwT3BdIAQFYpw"]},{"@type":"Person","@id":"https:\/\/www.organisator.ch\/#\/schema\/person\/4e51799071cd2dd1232ac003643ef5f0","name":"galledia","image":{"@type":"ImageObject","inLanguage":"de","@id":"https:\/\/secure.gravatar.com\/avatar\/78a7f90c01fc2bfc875782a0d4922b37cde2cf184ce347b91316d23cd7f69a36?s=96&d=mm&r=g","url":"https:\/\/secure.gravatar.com\/avatar\/78a7f90c01fc2bfc875782a0d4922b37cde2cf184ce347b91316d23cd7f69a36?s=96&d=mm&r=g","contentUrl":"https:\/\/secure.gravatar.com\/avatar\/78a7f90c01fc2bfc875782a0d4922b37cde2cf184ce347b91316d23cd7f69a36?s=96&d=mm&r=g","caption":"galledia"},"sameAs":["https:\/\/x.com\/admin"],"url":"https:\/\/www.organisator.ch\/de\/author\/galledia\/"}]}},"_links":{"self":[{"href":"https:\/\/www.organisator.ch\/de\/wp-json\/wp\/v2\/posts\/13916","targetHints":{"allow":["GET"]}}],"collection":[{"href":"https:\/\/www.organisator.ch\/de\/wp-json\/wp\/v2\/posts"}],"about":[{"href":"https:\/\/www.organisator.ch\/de\/wp-json\/wp\/v2\/types\/post"}],"author":[{"embeddable":true,"href":"https:\/\/www.organisator.ch\/de\/wp-json\/wp\/v2\/users\/8"}],"replies":[{"embeddable":true,"href":"https:\/\/www.organisator.ch\/de\/wp-json\/wp\/v2\/comments?post=13916"}],"version-history":[{"count":3,"href":"https:\/\/www.organisator.ch\/de\/wp-json\/wp\/v2\/posts\/13916\/revisions"}],"predecessor-version":[{"id":15870,"href":"https:\/\/www.organisator.ch\/de\/wp-json\/wp\/v2\/posts\/13916\/revisions\/15870"}],"wp:attachment":[{"href":"https:\/\/www.organisator.ch\/de\/wp-json\/wp\/v2\/media?parent=13916"}],"wp:term":[{"taxonomy":"category","embeddable":true,"href":"https:\/\/www.organisator.ch\/de\/wp-json\/wp\/v2\/categories?post=13916"},{"taxonomy":"post_tag","embeddable":true,"href":"https:\/\/www.organisator.ch\/de\/wp-json\/wp\/v2\/tags?post=13916"}],"curies":[{"name":"wp","href":"https:\/\/api.w.org\/{rel}","templated":true}]}}