{"id":1399,"date":"2017-01-24T11:00:11","date_gmt":"2017-01-24T10:00:11","guid":{"rendered":"https:\/\/organisator.ch\/?p=1399"},"modified":"2017-01-24T11:00:11","modified_gmt":"2017-01-24T10:00:11","slug":"900-millionen-franken-junge-tech-unternehmen","status":"publish","type":"post","link":"https:\/\/www.organisator.ch\/de\/management\/finanzen_recht\/2017-01-24\/900-millionen-franken-junge-tech-unternehmen\/","title":{"rendered":"900 Millionen Franken f\u00fcr junge Tech-Unternehmen"},"content":{"rendered":"<figure id=\"attachment_1401\" aria-describedby=\"caption-attachment-1401\" style=\"width: 424px\" class=\"wp-caption alignnone\"><img loading=\"lazy\" decoding=\"async\" class=\"size-full wp-image-1401\" src=\"https:\/\/www.organisator.ch\/wp-content\/uploads\/2017\/01\/900-Millionen-Franken-fuer-junge-Tech-Unternehmen_Organisator.jpg\" alt=\"\" width=\"424\" height=\"283\" srcset=\"https:\/\/www.organisator.ch\/wp-content\/uploads\/2017\/01\/900-Millionen-Franken-fuer-junge-Tech-Unternehmen_Organisator.jpg 424w, https:\/\/www.organisator.ch\/wp-content\/uploads\/2017\/01\/900-Millionen-Franken-fuer-junge-Tech-Unternehmen_Organisator-16x12.jpg 16w, https:\/\/www.organisator.ch\/wp-content\/uploads\/2017\/01\/900-Millionen-Franken-fuer-junge-Tech-Unternehmen_Organisator-262x175.jpg 262w, https:\/\/www.organisator.ch\/wp-content\/uploads\/2017\/01\/900-Millionen-Franken-fuer-junge-Tech-Unternehmen_Organisator-300x200.jpg 300w\" sizes=\"auto, (max-width: 424px) 100vw, 424px\" \/><figcaption id=\"caption-attachment-1401\" class=\"wp-caption-text\">Junge Tech-Unternehmen wurden 2016 mit Venture Capital von \u00fcber 900 Mio. Franken finanziert. (Bild: shock &#8211; Fotolia.com)<\/figcaption><\/figure>\n<p>Die Investitionen in neue Tech-Unternehmen, also\u00a0wissens- und technologiebasierte Startups, haben sich in den letzten f\u00fcnf Jahren knapp verdreifacht, teilt der j\u00fcngste Swiss Venture Capital Report mit.\u00a0Demnach stellten 2016 in- und ausl\u00e4ndische Geldgeber Risikokapital in der H\u00f6he von 909 Millionen zur Verf\u00fcgung, 35 Prozent mehr als im Vorjahr. Nochmals um 26 Prozent stiegen die Top 20 Runden von CHF 561 auf nunmehr CHF 706 Millionen aufgrund gr\u00f6sserer, in einem sp\u00e4teren Entwicklungsstadium stattfindenden Finanzierungstransaktionen. Ausserdem fanden zum ersten Mal Finanzierungsrunden \u00fcber mehr als 100 Millionen Franken statt. In beiden F\u00e4llen \u2013 ADC Therapeutics und Mindmaze \u2013 ging das Geld an Unternehmen aus der Waadt.<\/p>\n<p><strong>Gr\u00f6sster Anstieg im ICT-Sektor<\/strong><\/p>\n<p>Prozentual am st\u00e4rksten wuchsen die Investitionen im Bereich der Informations- und Kommunikationstechnologie (ICT) inklusive Fintech. Die ausgewiesenen 271 Millionen entsprechen mehr als einer Verdoppelung gegen\u00fcber dem Vorjahr. Verantwortlich f\u00fcr diesen Anstieg sind zum einen Anbieter von B2B-Software wie Nexthink oder SonarSource, zum anderen Tech-Unternehmen, deren Produkte bei der Digitalisierung traditioneller Branchen eingesetzt werden. Allein die Schweizer Fintech-Startups zogen 2016 knapp 50 Millionen Franken an. In absoluten Zahlen ausgedr\u00fcckt ging am meisten Geld in Biotechnologie-Unternehmen. Dieser Sektor legte auch 2016 noch einmal zu. In 25 Finanzierungsrunden kamen rund 400 Millionen zusammen.<\/p>\n<p><strong>Brennpunkt Lausanne<\/strong><\/p>\n<p>Bemerkenswert &#8211; so eine Feststellung des Reports, der s\u00e4mtliche ver\u00f6ffentlichten Risikokapitalinvestments in Schweizer Startups erfasst\u00a0&#8211;\u00a0ist die geografische Verteilung der Investitionen. Die Waadt schwang 2016 weit oben aus. Mehr als die H\u00e4lfte der investierten Gesamtsumme floss in den Innovationscluster um die ETH und Uni Lausanne. Der Westschweizer Kanton hat\u00a0zum ersten Mal auch im ICT-Sektor am meisten Geld angezogen, heisst es weiter. Der Kanton Z\u00fcrich, der jahrelang als ICT-Hochburg der Schweiz galt, ist nur noch im Fintech-Sektor f\u00fchrend.<\/p>\n<p><strong>Sieben B\u00f6rseng\u00e4nge<\/strong><\/p>\n<p>Ob sich Startup-Engagement f\u00fcr die Geldgeber auszahlt, entscheidet sich beim sogenannten Exit. Dann wird das Unternehmen entweder von einem strategischen Investor \u00fcbernommen oder es bleibt selbstst\u00e4ndig und geht an die B\u00f6rse. Und auch in dieser Hinsicht hatte 2016 einiges zu bieten. Unter Ber\u00fccksichtigung von zwei Reverse Takeovers wagten im vergangenen Jahr sieben risikokapitalfinanzierte Tech-Unternehmen den Schritt an eine B\u00f6rse. Dazu wurden etliche Startups von Grossfirmen wie Hewlett Packard Enterprise, 3M oder TripAdvisor \u00fcbernommen.<\/p>\n<p><em>Quelle: <a href=\"http:\/\/www.startupticker.ch\">www.startupticker.ch<\/a>\u00a0<\/em><\/p>\n","protected":false},"excerpt":{"rendered":"<p>Die Investitionen in neue Tech-Unternehmen, also\u00a0wissens- und technologiebasierte Startups, haben sich in den letzten f\u00fcnf Jahren knapp verdreifacht, teilt der j\u00fcngste Swiss Venture Capital Report mit.\u00a0Demnach stellten 2016 in- und ausl\u00e4ndische Geldgeber Risikokapital in der H\u00f6he von 909 Millionen zur Verf\u00fcgung, 35 Prozent mehr als im Vorjahr. Nochmals um 26 Prozent stiegen die Top 20 [&hellip;]<\/p>\n","protected":false},"author":4,"featured_media":1401,"comment_status":"open","ping_status":"open","sticky":false,"template":"","format":"standard","meta":{"_acf_changed":false,"_yoast_wpseo_focuskw":"Tech-Unternehmen","_yoast_wpseo_metadesc":"Die Investitionen in neue Tech-Unternehmen, also wissens- und technologiebasierte Startups, haben sich in den letzten f\u00fcnf Jahren knapp verdreifacht.","articlekey":"","footnotes":""},"categories":[24],"tags":[203,340,451,492],"class_list":["post-1399","post","type-post","status-publish","format-standard","has-post-thumbnail","hentry","category-finanzen_recht","tag-finanzierung","tag-maerkte","tag-startups","tag-unternehmen"],"acf":[],"yoast_head":"<!-- This site is optimized with the Yoast SEO plugin v27.5 - https:\/\/yoast.com\/product\/yoast-seo-wordpress\/ -->\n<title>900 Millionen Franken f\u00fcr junge Tech-Unternehmen - Organisator<\/title>\n<meta name=\"description\" content=\"Die Investitionen in neue Tech-Unternehmen, also wissens- und technologiebasierte Startups, haben sich in den letzten f\u00fcnf Jahren knapp verdreifacht.\" \/>\n<meta name=\"robots\" content=\"index, follow, max-snippet:-1, max-image-preview:large, max-video-preview:-1\" \/>\n<link rel=\"canonical\" href=\"https:\/\/www.organisator.ch\/de\/management\/finanzen_recht\/2017-01-24\/900-millionen-franken-junge-tech-unternehmen\/\" \/>\n<meta property=\"og:locale\" content=\"de_DE\" \/>\n<meta property=\"og:type\" content=\"article\" \/>\n<meta property=\"og:title\" content=\"900 Millionen Franken f\u00fcr junge Tech-Unternehmen - Organisator\" \/>\n<meta property=\"og:description\" content=\"Die Investitionen in neue Tech-Unternehmen, also wissens- und technologiebasierte Startups, haben sich in den letzten f\u00fcnf Jahren knapp verdreifacht.\" \/>\n<meta property=\"og:url\" content=\"https:\/\/www.organisator.ch\/de\/management\/finanzen_recht\/2017-01-24\/900-millionen-franken-junge-tech-unternehmen\/\" \/>\n<meta property=\"og:site_name\" content=\"Organisator\" \/>\n<meta property=\"article:publisher\" content=\"https:\/\/www.facebook.com\/OrganisatorFachmagazin\" \/>\n<meta property=\"article:published_time\" content=\"2017-01-24T10:00:11+00:00\" \/>\n<meta property=\"og:image\" content=\"https:\/\/www.organisator.ch\/wp-content\/uploads\/2017\/01\/900-Millionen-Franken-fuer-junge-Tech-Unternehmen_Organisator.jpg\" \/>\n\t<meta property=\"og:image:width\" content=\"424\" \/>\n\t<meta property=\"og:image:height\" content=\"283\" \/>\n\t<meta property=\"og:image:type\" content=\"image\/jpeg\" \/>\n<meta name=\"author\" content=\"thomas.berner\" \/>\n<meta name=\"twitter:card\" content=\"summary_large_image\" \/>\n<script type=\"application\/ld+json\" class=\"yoast-schema-graph\">{\"@context\":\"https:\\\/\\\/schema.org\",\"@graph\":[{\"@type\":\"Article\",\"@id\":\"https:\\\/\\\/www.organisator.ch\\\/management\\\/finanzen_recht\\\/2017-01-24\\\/900-millionen-franken-junge-tech-unternehmen\\\/#article\",\"isPartOf\":{\"@id\":\"https:\\\/\\\/www.organisator.ch\\\/management\\\/finanzen_recht\\\/2017-01-24\\\/900-millionen-franken-junge-tech-unternehmen\\\/\"},\"author\":{\"name\":\"thomas.berner\",\"@id\":\"https:\\\/\\\/www.organisator.ch\\\/#\\\/schema\\\/person\\\/6f650f90b2842cd4c0cc334b4e36f67e\"},\"headline\":\"900 Millionen Franken f\u00fcr junge Tech-Unternehmen\",\"datePublished\":\"2017-01-24T10:00:11+00:00\",\"mainEntityOfPage\":{\"@id\":\"https:\\\/\\\/www.organisator.ch\\\/management\\\/finanzen_recht\\\/2017-01-24\\\/900-millionen-franken-junge-tech-unternehmen\\\/\"},\"wordCount\":395,\"commentCount\":0,\"publisher\":{\"@id\":\"https:\\\/\\\/www.organisator.ch\\\/#organization\"},\"image\":{\"@id\":\"https:\\\/\\\/www.organisator.ch\\\/management\\\/finanzen_recht\\\/2017-01-24\\\/900-millionen-franken-junge-tech-unternehmen\\\/#primaryimage\"},\"thumbnailUrl\":\"https:\\\/\\\/www.organisator.ch\\\/wp-content\\\/uploads\\\/2017\\\/01\\\/900-Millionen-Franken-fuer-junge-Tech-Unternehmen_Organisator.jpg\",\"keywords\":[\"Finanzierung\",\"M\u00e4rkte\",\"Startups\",\"Unternehmen\"],\"articleSection\":[\"FINANZEN\\\/RECHT\"],\"inLanguage\":\"de\"},{\"@type\":\"WebPage\",\"@id\":\"https:\\\/\\\/www.organisator.ch\\\/management\\\/finanzen_recht\\\/2017-01-24\\\/900-millionen-franken-junge-tech-unternehmen\\\/\",\"url\":\"https:\\\/\\\/www.organisator.ch\\\/management\\\/finanzen_recht\\\/2017-01-24\\\/900-millionen-franken-junge-tech-unternehmen\\\/\",\"name\":\"900 Millionen Franken f\u00fcr junge Tech-Unternehmen - Organisator\",\"isPartOf\":{\"@id\":\"https:\\\/\\\/www.organisator.ch\\\/#website\"},\"primaryImageOfPage\":{\"@id\":\"https:\\\/\\\/www.organisator.ch\\\/management\\\/finanzen_recht\\\/2017-01-24\\\/900-millionen-franken-junge-tech-unternehmen\\\/#primaryimage\"},\"image\":{\"@id\":\"https:\\\/\\\/www.organisator.ch\\\/management\\\/finanzen_recht\\\/2017-01-24\\\/900-millionen-franken-junge-tech-unternehmen\\\/#primaryimage\"},\"thumbnailUrl\":\"https:\\\/\\\/www.organisator.ch\\\/wp-content\\\/uploads\\\/2017\\\/01\\\/900-Millionen-Franken-fuer-junge-Tech-Unternehmen_Organisator.jpg\",\"datePublished\":\"2017-01-24T10:00:11+00:00\",\"description\":\"Die Investitionen in neue Tech-Unternehmen, also wissens- und technologiebasierte Startups, haben sich in den letzten f\u00fcnf Jahren knapp verdreifacht.\",\"breadcrumb\":{\"@id\":\"https:\\\/\\\/www.organisator.ch\\\/management\\\/finanzen_recht\\\/2017-01-24\\\/900-millionen-franken-junge-tech-unternehmen\\\/#breadcrumb\"},\"inLanguage\":\"de\",\"potentialAction\":[{\"@type\":\"ReadAction\",\"target\":[\"https:\\\/\\\/www.organisator.ch\\\/management\\\/finanzen_recht\\\/2017-01-24\\\/900-millionen-franken-junge-tech-unternehmen\\\/\"]}]},{\"@type\":\"ImageObject\",\"inLanguage\":\"de\",\"@id\":\"https:\\\/\\\/www.organisator.ch\\\/management\\\/finanzen_recht\\\/2017-01-24\\\/900-millionen-franken-junge-tech-unternehmen\\\/#primaryimage\",\"url\":\"https:\\\/\\\/www.organisator.ch\\\/wp-content\\\/uploads\\\/2017\\\/01\\\/900-Millionen-Franken-fuer-junge-Tech-Unternehmen_Organisator.jpg\",\"contentUrl\":\"https:\\\/\\\/www.organisator.ch\\\/wp-content\\\/uploads\\\/2017\\\/01\\\/900-Millionen-Franken-fuer-junge-Tech-Unternehmen_Organisator.jpg\",\"width\":424,\"height\":283,\"caption\":\"Junge Tech-Unternehmen wurden 2016 mit Venture Capital von \u00fcber 900 Mio. Franken finanziert. (Bild: shock - Fotolia.com)\"},{\"@type\":\"BreadcrumbList\",\"@id\":\"https:\\\/\\\/www.organisator.ch\\\/management\\\/finanzen_recht\\\/2017-01-24\\\/900-millionen-franken-junge-tech-unternehmen\\\/#breadcrumb\",\"itemListElement\":[{\"@type\":\"ListItem\",\"position\":1,\"name\":\"Home\",\"item\":\"https:\\\/\\\/www.organisator.ch\\\/\"},{\"@type\":\"ListItem\",\"position\":2,\"name\":\"900 Millionen Franken f\u00fcr junge Tech-Unternehmen\"}]},{\"@type\":\"WebSite\",\"@id\":\"https:\\\/\\\/www.organisator.ch\\\/#website\",\"url\":\"https:\\\/\\\/www.organisator.ch\\\/\",\"name\":\"Organisator\",\"description\":\"Kompetent. Praxisnah. Der ORGANISATOR bereitet in 10 Ausgaben pro Jahr die wesentlichen Themen f\u00fcr F\u00fchrungskr\u00e4fte von KMU auf.\",\"publisher\":{\"@id\":\"https:\\\/\\\/www.organisator.ch\\\/#organization\"},\"potentialAction\":[{\"@type\":\"SearchAction\",\"target\":{\"@type\":\"EntryPoint\",\"urlTemplate\":\"https:\\\/\\\/www.organisator.ch\\\/?s={search_term_string}\"},\"query-input\":{\"@type\":\"PropertyValueSpecification\",\"valueRequired\":true,\"valueName\":\"search_term_string\"}}],\"inLanguage\":\"de\"},{\"@type\":\"Organization\",\"@id\":\"https:\\\/\\\/www.organisator.ch\\\/#organization\",\"name\":\"Organisator\",\"url\":\"https:\\\/\\\/www.organisator.ch\\\/\",\"logo\":{\"@type\":\"ImageObject\",\"inLanguage\":\"de\",\"@id\":\"https:\\\/\\\/www.organisator.ch\\\/#\\\/schema\\\/logo\\\/image\\\/\",\"url\":\"https:\\\/\\\/www.organisator.ch\\\/wp-content\\\/uploads\\\/2022\\\/01\\\/Logo_Organisator_Website.png\",\"contentUrl\":\"https:\\\/\\\/www.organisator.ch\\\/wp-content\\\/uploads\\\/2022\\\/01\\\/Logo_Organisator_Website.png\",\"width\":800,\"height\":77,\"caption\":\"Organisator\"},\"image\":{\"@id\":\"https:\\\/\\\/www.organisator.ch\\\/#\\\/schema\\\/logo\\\/image\\\/\"},\"sameAs\":[\"https:\\\/\\\/www.facebook.com\\\/OrganisatorFachmagazin\",\"https:\\\/\\\/www.linkedin.com\\\/showcase\\\/organisator-das-magazin-fr-kmu\",\"https:\\\/\\\/www.xing.com\\\/news\\\/pages\\\/organisator-ch-695\",\"https:\\\/\\\/www.youtube.com\\\/channel\\\/UCGP2Sq0iWaZwT3BdIAQFYpw\"]},{\"@type\":\"Person\",\"@id\":\"https:\\\/\\\/www.organisator.ch\\\/#\\\/schema\\\/person\\\/6f650f90b2842cd4c0cc334b4e36f67e\",\"name\":\"thomas.berner\",\"image\":{\"@type\":\"ImageObject\",\"inLanguage\":\"de\",\"@id\":\"https:\\\/\\\/secure.gravatar.com\\\/avatar\\\/ac5001d2a36cb6c6cd3e50789007ffca834b477b74a2144564522e944eabff61?s=96&d=mm&r=g\",\"url\":\"https:\\\/\\\/secure.gravatar.com\\\/avatar\\\/ac5001d2a36cb6c6cd3e50789007ffca834b477b74a2144564522e944eabff61?s=96&d=mm&r=g\",\"contentUrl\":\"https:\\\/\\\/secure.gravatar.com\\\/avatar\\\/ac5001d2a36cb6c6cd3e50789007ffca834b477b74a2144564522e944eabff61?s=96&d=mm&r=g\",\"caption\":\"thomas.berner\"},\"url\":\"https:\\\/\\\/www.organisator.ch\\\/de\\\/author\\\/thomas-berner\\\/\"}]}<\/script>\n<!-- \/ Yoast SEO plugin. -->","yoast_head_json":{"title":"900 Millionen Franken f\u00fcr junge Tech-Unternehmen - Organisator","description":"Die Investitionen in neue Tech-Unternehmen, also wissens- und technologiebasierte Startups, haben sich in den letzten f\u00fcnf Jahren knapp verdreifacht.","robots":{"index":"index","follow":"follow","max-snippet":"max-snippet:-1","max-image-preview":"max-image-preview:large","max-video-preview":"max-video-preview:-1"},"canonical":"https:\/\/www.organisator.ch\/de\/management\/finanzen_recht\/2017-01-24\/900-millionen-franken-junge-tech-unternehmen\/","og_locale":"de_DE","og_type":"article","og_title":"900 Millionen Franken f\u00fcr junge Tech-Unternehmen - Organisator","og_description":"Die Investitionen in neue Tech-Unternehmen, also wissens- und technologiebasierte Startups, haben sich in den letzten f\u00fcnf Jahren knapp verdreifacht.","og_url":"https:\/\/www.organisator.ch\/de\/management\/finanzen_recht\/2017-01-24\/900-millionen-franken-junge-tech-unternehmen\/","og_site_name":"Organisator","article_publisher":"https:\/\/www.facebook.com\/OrganisatorFachmagazin","article_published_time":"2017-01-24T10:00:11+00:00","og_image":[{"width":424,"height":283,"url":"https:\/\/www.organisator.ch\/wp-content\/uploads\/2017\/01\/900-Millionen-Franken-fuer-junge-Tech-Unternehmen_Organisator.jpg","type":"image\/jpeg"}],"author":"thomas.berner","twitter_card":"summary_large_image","schema":{"@context":"https:\/\/schema.org","@graph":[{"@type":"Article","@id":"https:\/\/www.organisator.ch\/management\/finanzen_recht\/2017-01-24\/900-millionen-franken-junge-tech-unternehmen\/#article","isPartOf":{"@id":"https:\/\/www.organisator.ch\/management\/finanzen_recht\/2017-01-24\/900-millionen-franken-junge-tech-unternehmen\/"},"author":{"name":"thomas.berner","@id":"https:\/\/www.organisator.ch\/#\/schema\/person\/6f650f90b2842cd4c0cc334b4e36f67e"},"headline":"900 Millionen Franken f\u00fcr junge Tech-Unternehmen","datePublished":"2017-01-24T10:00:11+00:00","mainEntityOfPage":{"@id":"https:\/\/www.organisator.ch\/management\/finanzen_recht\/2017-01-24\/900-millionen-franken-junge-tech-unternehmen\/"},"wordCount":395,"commentCount":0,"publisher":{"@id":"https:\/\/www.organisator.ch\/#organization"},"image":{"@id":"https:\/\/www.organisator.ch\/management\/finanzen_recht\/2017-01-24\/900-millionen-franken-junge-tech-unternehmen\/#primaryimage"},"thumbnailUrl":"https:\/\/www.organisator.ch\/wp-content\/uploads\/2017\/01\/900-Millionen-Franken-fuer-junge-Tech-Unternehmen_Organisator.jpg","keywords":["Finanzierung","M\u00e4rkte","Startups","Unternehmen"],"articleSection":["FINANZEN\/RECHT"],"inLanguage":"de"},{"@type":"WebPage","@id":"https:\/\/www.organisator.ch\/management\/finanzen_recht\/2017-01-24\/900-millionen-franken-junge-tech-unternehmen\/","url":"https:\/\/www.organisator.ch\/management\/finanzen_recht\/2017-01-24\/900-millionen-franken-junge-tech-unternehmen\/","name":"900 Millionen Franken f\u00fcr junge Tech-Unternehmen - Organisator","isPartOf":{"@id":"https:\/\/www.organisator.ch\/#website"},"primaryImageOfPage":{"@id":"https:\/\/www.organisator.ch\/management\/finanzen_recht\/2017-01-24\/900-millionen-franken-junge-tech-unternehmen\/#primaryimage"},"image":{"@id":"https:\/\/www.organisator.ch\/management\/finanzen_recht\/2017-01-24\/900-millionen-franken-junge-tech-unternehmen\/#primaryimage"},"thumbnailUrl":"https:\/\/www.organisator.ch\/wp-content\/uploads\/2017\/01\/900-Millionen-Franken-fuer-junge-Tech-Unternehmen_Organisator.jpg","datePublished":"2017-01-24T10:00:11+00:00","description":"Die Investitionen in neue Tech-Unternehmen, also wissens- und technologiebasierte Startups, haben sich in den letzten f\u00fcnf Jahren knapp verdreifacht.","breadcrumb":{"@id":"https:\/\/www.organisator.ch\/management\/finanzen_recht\/2017-01-24\/900-millionen-franken-junge-tech-unternehmen\/#breadcrumb"},"inLanguage":"de","potentialAction":[{"@type":"ReadAction","target":["https:\/\/www.organisator.ch\/management\/finanzen_recht\/2017-01-24\/900-millionen-franken-junge-tech-unternehmen\/"]}]},{"@type":"ImageObject","inLanguage":"de","@id":"https:\/\/www.organisator.ch\/management\/finanzen_recht\/2017-01-24\/900-millionen-franken-junge-tech-unternehmen\/#primaryimage","url":"https:\/\/www.organisator.ch\/wp-content\/uploads\/2017\/01\/900-Millionen-Franken-fuer-junge-Tech-Unternehmen_Organisator.jpg","contentUrl":"https:\/\/www.organisator.ch\/wp-content\/uploads\/2017\/01\/900-Millionen-Franken-fuer-junge-Tech-Unternehmen_Organisator.jpg","width":424,"height":283,"caption":"Junge Tech-Unternehmen wurden 2016 mit Venture Capital von \u00fcber 900 Mio. Franken finanziert. (Bild: shock - Fotolia.com)"},{"@type":"BreadcrumbList","@id":"https:\/\/www.organisator.ch\/management\/finanzen_recht\/2017-01-24\/900-millionen-franken-junge-tech-unternehmen\/#breadcrumb","itemListElement":[{"@type":"ListItem","position":1,"name":"Home","item":"https:\/\/www.organisator.ch\/"},{"@type":"ListItem","position":2,"name":"900 Millionen Franken f\u00fcr junge Tech-Unternehmen"}]},{"@type":"WebSite","@id":"https:\/\/www.organisator.ch\/#website","url":"https:\/\/www.organisator.ch\/","name":"Organisator","description":"Kompetent. Praxisnah. Der ORGANISATOR bereitet in 10 Ausgaben pro Jahr die wesentlichen Themen f\u00fcr F\u00fchrungskr\u00e4fte von KMU auf.","publisher":{"@id":"https:\/\/www.organisator.ch\/#organization"},"potentialAction":[{"@type":"SearchAction","target":{"@type":"EntryPoint","urlTemplate":"https:\/\/www.organisator.ch\/?s={search_term_string}"},"query-input":{"@type":"PropertyValueSpecification","valueRequired":true,"valueName":"search_term_string"}}],"inLanguage":"de"},{"@type":"Organization","@id":"https:\/\/www.organisator.ch\/#organization","name":"Organisator","url":"https:\/\/www.organisator.ch\/","logo":{"@type":"ImageObject","inLanguage":"de","@id":"https:\/\/www.organisator.ch\/#\/schema\/logo\/image\/","url":"https:\/\/www.organisator.ch\/wp-content\/uploads\/2022\/01\/Logo_Organisator_Website.png","contentUrl":"https:\/\/www.organisator.ch\/wp-content\/uploads\/2022\/01\/Logo_Organisator_Website.png","width":800,"height":77,"caption":"Organisator"},"image":{"@id":"https:\/\/www.organisator.ch\/#\/schema\/logo\/image\/"},"sameAs":["https:\/\/www.facebook.com\/OrganisatorFachmagazin","https:\/\/www.linkedin.com\/showcase\/organisator-das-magazin-fr-kmu","https:\/\/www.xing.com\/news\/pages\/organisator-ch-695","https:\/\/www.youtube.com\/channel\/UCGP2Sq0iWaZwT3BdIAQFYpw"]},{"@type":"Person","@id":"https:\/\/www.organisator.ch\/#\/schema\/person\/6f650f90b2842cd4c0cc334b4e36f67e","name":"thomas.berner","image":{"@type":"ImageObject","inLanguage":"de","@id":"https:\/\/secure.gravatar.com\/avatar\/ac5001d2a36cb6c6cd3e50789007ffca834b477b74a2144564522e944eabff61?s=96&d=mm&r=g","url":"https:\/\/secure.gravatar.com\/avatar\/ac5001d2a36cb6c6cd3e50789007ffca834b477b74a2144564522e944eabff61?s=96&d=mm&r=g","contentUrl":"https:\/\/secure.gravatar.com\/avatar\/ac5001d2a36cb6c6cd3e50789007ffca834b477b74a2144564522e944eabff61?s=96&d=mm&r=g","caption":"thomas.berner"},"url":"https:\/\/www.organisator.ch\/de\/author\/thomas-berner\/"}]}},"_links":{"self":[{"href":"https:\/\/www.organisator.ch\/de\/wp-json\/wp\/v2\/posts\/1399","targetHints":{"allow":["GET"]}}],"collection":[{"href":"https:\/\/www.organisator.ch\/de\/wp-json\/wp\/v2\/posts"}],"about":[{"href":"https:\/\/www.organisator.ch\/de\/wp-json\/wp\/v2\/types\/post"}],"author":[{"embeddable":true,"href":"https:\/\/www.organisator.ch\/de\/wp-json\/wp\/v2\/users\/4"}],"replies":[{"embeddable":true,"href":"https:\/\/www.organisator.ch\/de\/wp-json\/wp\/v2\/comments?post=1399"}],"version-history":[{"count":0,"href":"https:\/\/www.organisator.ch\/de\/wp-json\/wp\/v2\/posts\/1399\/revisions"}],"wp:featuredmedia":[{"embeddable":true,"href":"https:\/\/www.organisator.ch\/de\/wp-json\/wp\/v2\/media\/1401"}],"wp:attachment":[{"href":"https:\/\/www.organisator.ch\/de\/wp-json\/wp\/v2\/media?parent=1399"}],"wp:term":[{"taxonomy":"category","embeddable":true,"href":"https:\/\/www.organisator.ch\/de\/wp-json\/wp\/v2\/categories?post=1399"},{"taxonomy":"post_tag","embeddable":true,"href":"https:\/\/www.organisator.ch\/de\/wp-json\/wp\/v2\/tags?post=1399"}],"curies":[{"name":"wp","href":"https:\/\/api.w.org\/{rel}","templated":true}]}}