{"id":14095,"date":"2022-06-09T08:44:12","date_gmt":"2022-06-09T06:44:12","guid":{"rendered":"https:\/\/www.werbewoche.ch\/?p=174784"},"modified":"2022-07-27T11:35:43","modified_gmt":"2022-07-27T09:35:43","slug":"brand-re-shape-fuer-siemens-hausgeraete","status":"publish","type":"post","link":"https:\/\/www.organisator.ch\/de\/marketing\/2022-06-09\/brand-re-shape-fuer-siemens-hausgeraete\/","title":{"rendered":"Brand-Re-Shape f\u00fcr Siemens Hausger\u00e4te"},"content":{"rendered":"<img class=\"aligncenter wp-image-174789 size-full\" src=\"https:\/\/www.werbewoche.ch\/wp-content\/uploads\/2022\/06\/02_01_Siemens_Kitchen_empowering0.jpg\" alt=\"Siemens Hausger\u00e4te\" width=\"1000\" height=\"707\" \/>Die Anspr\u00fcche, die Verbraucher in Unternehmen\u00a0und Marken ihres Vertrauens setzen, sind deutlich gestiegen. Sie erwarten\u00a0Antworten auf dr\u00e4ngende gesellschaftliche Fragen und w\u00fcnschen sich sinnvollen\u00a0Fortschritt. K\u00fcnftig will Siemens Hausger\u00e4te diesem\u00a0gesellschaftlichen Auftrag mit\u00a0einem verj\u00fcngten Markenauftritt Rechnung tragen. Auf der Eurocucina wird dieser erstmals gezeigt \u2013 inklusive neuem Markenfilm, einer internationalen Image- und\u00a0Produktkampagne und neuem Einzelhandelskonzept.\r\n\r\n\r\n<h3><strong>Ver\u00e4nderte Zielgruppenerwartungen<\/strong><\/h3>\r\nZentrale Bedeutung f\u00fcr die Neupositionierung hatte\u00a0die Frage, was Menschen heute mit den Themen \u00abFortschritt\u00bb und \u00abZuhause\u00bb verbinden\u00a0\u2013 Schl\u00fcsselbegriffe f\u00fcr Siemens Hausger\u00e4te. Dazu hat die Marke eine\u00a0Studie in sieben L\u00e4ndern in Auftrag\u00a0gegeben.\r\n\r\nDie Ergebnisse zeigen, dass die langanhaltende Pandemie, die wachsende Besorgnis \u00fcber den Klimawandel und die zunehmend sichtbare Spaltung der Gesellschaft 87 Prozent der Befragten dazu veranlasst haben, ihre bisherige Fortschrittsauffassung sowie ihre Priorit\u00e4ten zu \u00fcberdenken. Mehr als 70 Prozent sind der Meinung, dass Menschen bewusster leben, konsumieren sowie \u00fcberm\u00e4ssigen Verbrauch und Verschwendung vermeiden sollten, um der Klimakrise zu begegnen. Eine grosse Mehrheit sagt, sie habe zu Hause bereits damit begonnen, ihr Verhalten diesen \u00dcberzeugungen entsprechend zu ver\u00e4ndern. Daneben haben insbesondere die Entwicklungen der letzten beiden Jahre die Bedeutung der eigenen vier W\u00e4nde f\u00fcr viele erh\u00f6ht. In diesem \u00abneuen Zuhause\u00bb greifen Familie, Leben und Arbeit auf dynamische Weise ineinander.<img class=\"aligncenter wp-image-174788 size-full\" src=\"https:\/\/www.werbewoche.ch\/wp-content\/uploads\/2022\/06\/GL_SIE_EBV_Empowering_preparation_Blog_Teaser_4_30.jpg\" alt=\"Siemens Hausger\u00e4te\" width=\"1000\" height=\"750\" \/>\r\n<h3><strong>Sinnvollen Fortschritt gestalten<\/strong><\/h3>\r\nMit dem Brand Re-Shape m\u00f6chte sich Siemens\u00a0Hausger\u00e4te zu sinnvollem Fortschritt bekennen sowie dem Wunsch, eine nachhaltigere Zukunft\u00a0mitzugestalten. Dabei k\u00f6nnen intelligente Technologien und zunehmende Vernetzung\u00a0helfen, eine Vielzahl von Problemen zu\u00a0l\u00f6sen, die \u00fcber den einzelnen Menschen\u00a0hinausgehen. \u00abMit unserem forschungsbasierten\u00a0Markenfokus stellen wir den Menschen in den Mittelpunkt: Wir helfen\u00a0Verbrauchern ihre t\u00e4glichen Herausforderungen m\u00fchelos zu meistern und dabei gleichzeitig\u00a0h\u00f6here Ziele zu erreichen\u00bb, sagt\u00a0Matthias Ginthum, Chief Markets Officer bei\u00a0BSH Hausger\u00e4te.\r\nDie Kampagne, die per sofort in allen\u00a0wichtigen Siemens-M\u00e4rkten zu sehen ist, richtet sich an eine Zielgruppe, die\u00a0als neugierig und ehrgeizig, fortschrittsorientiert und technologieaffin beschrieben\u00a0wird.<img class=\"aligncenter size-full wp-image-174787\" src=\"https:\/\/www.werbewoche.ch\/wp-content\/uploads\/2022\/06\/GL_SIE_PIU_Empowering_bakery_M66_3E_01860.jpg\" alt=\"Siemens Hausger\u00e4te\" width=\"1000\" height=\"667\" \/>\r\n<h3><strong>CD: mehr\u00a0Kraft, mehr N\u00e4he<\/strong><\/h3>\r\nGetragen von dieser Idee eines sinnhaften Fortschritts und hoch gesteckter Ziele entstand eine neue visuelle Identit\u00e4t: Die Kombination von tiefem Blau, Reinweiss und dem Siemens-Petrol soll frische Farbimpulse setzen. Zus\u00e4tzlich nutzt das Markendesign die Kraft von Typografie und Bildsprache, um ein dynamischeres und moderneres Erscheinungsbild zu schaffen.\r\n<h3><strong>Weitreichender Einsatz<\/strong><\/h3>\r\nNach der Premiere auf der Eurocucina wird das neue Markendesign noch auf weiteren internationalen Messen wie der AWE in China und der IFA in Berlin vorgestellt. Zudem wird es in \u00fcber 8\u2019500 Brand. und Flagship-Stores, Showrooms und Shop-in-Shops weltweit eingesetzt. Da die global angelegte Kampagne den unmittelbaren Kontakt zum Endverbraucher grossschreibt, liegt ein besonderer Fokus auf den sozialen Medien \u2013 Instagram, YouTube, Facebook und LinkedIn \u2013 sowie auf den eigenen Kan\u00e4len. Durch direkte Einbindung in die Marken-Themen \u00abFortschritt\u00bb und \u00abWissbegier\u00bb soll ein breites Publikum erreicht und mehr N\u00e4he geschaffen werden, um nachhaltige Beziehungen zu potenziellen Verbrauchern, Partnern, Multiplikatoren und zuk\u00fcnftigen Mitarbeitern aufzubauen.","protected":false},"excerpt":{"rendered":"<p>Die Anspr\u00fcche, die Verbraucher in Unternehmen\u00a0und Marken ihres Vertrauens setzen, sind deutlich gestiegen. Sie erwarten\u00a0Antworten auf dr\u00e4ngende gesellschaftliche Fragen und w\u00fcnschen sich sinnvollen\u00a0Fortschritt. K\u00fcnftig will Siemens Hausger\u00e4te diesem\u00a0gesellschaftlichen Auftrag mit\u00a0einem verj\u00fcngten Markenauftritt Rechnung tragen. Auf der Eurocucina wird dieser erstmals gezeigt \u2013 inklusive neuem Markenfilm, einer internationalen Image- und\u00a0Produktkampagne und neuem Einzelhandelskonzept. Ver\u00e4nderte Zielgruppenerwartungen Zentrale [\u2026]<\/p>\n","protected":false},"author":8,"featured_media":0,"comment_status":"closed","ping_status":"closed","sticky":false,"template":"","format":"standard","meta":{"_acf_changed":false,"_yoast_wpseo_focuskw":"Siemens Hausger\u00e4te","_yoast_wpseo_metadesc":"Auf der Eurocucina in Mailand stellt Siemens Hausger\u00e4te das neue Markenprofil und Corporate Design vor.","articlekey":"","footnotes":""},"categories":[29],"tags":[2938,3117],"class_list":["post-14095","post","type-post","status-publish","format-standard","hentry","category-marketing","tag-siemens","tag-siemens-hausgeraete"],"acf":[],"yoast_head":"<!-- This site is optimized with the Yoast SEO plugin v27.5 - https:\/\/yoast.com\/product\/yoast-seo-wordpress\/ -->\n<title>Brand-Re-Shape f\u00fcr Siemens Hausger\u00e4te - Organisator<\/title>\n<meta name=\"description\" content=\"Auf der Eurocucina in Mailand stellt Siemens Hausger\u00e4te das neue Markenprofil und Corporate Design vor.\" \/>\n<meta name=\"robots\" content=\"index, follow, max-snippet:-1, max-image-preview:large, max-video-preview:-1\" \/>\n<link rel=\"canonical\" href=\"https:\/\/www.werbewoche.ch\/de\/marketing\/marken\/2022-06-09\/brand-re-shape-fuer-siemens-hausgeraete\/\" \/>\n<meta property=\"og:locale\" content=\"de_DE\" \/>\n<meta property=\"og:type\" content=\"article\" \/>\n<meta property=\"og:title\" content=\"Brand-Re-Shape f\u00fcr Siemens Hausger\u00e4te - Organisator\" \/>\n<meta property=\"og:description\" content=\"Auf der Eurocucina in Mailand stellt Siemens Hausger\u00e4te das neue Markenprofil und Corporate Design vor.\" \/>\n<meta property=\"og:url\" content=\"https:\/\/www.werbewoche.ch\/de\/marketing\/marken\/2022-06-09\/brand-re-shape-fuer-siemens-hausgeraete\/\" \/>\n<meta property=\"og:site_name\" content=\"Organisator\" \/>\n<meta property=\"article:publisher\" content=\"https:\/\/www.facebook.com\/OrganisatorFachmagazin\" \/>\n<meta property=\"article:published_time\" content=\"2022-06-09T06:44:12+00:00\" \/>\n<meta property=\"article:modified_time\" content=\"2022-07-27T09:35:43+00:00\" \/>\n<meta property=\"og:image\" content=\"https:\/\/www.werbewoche.ch\/wp-content\/uploads\/2022\/06\/02_01_Siemens_Kitchen_empowering0.jpg\" \/>\n<meta name=\"author\" content=\"galledia\" \/>\n<meta name=\"twitter:card\" content=\"summary_large_image\" \/>\n<meta name=\"twitter:creator\" content=\"@admin\" \/>\n<script type=\"application\/ld+json\" class=\"yoast-schema-graph\">{\"@context\":\"https:\\\/\\\/schema.org\",\"@graph\":[{\"@type\":\"Article\",\"@id\":\"https:\\\/\\\/www.werbewoche.ch\\\/de\\\/marketing\\\/marken\\\/2022-06-09\\\/brand-re-shape-fuer-siemens-hausgeraete\\\/#article\",\"isPartOf\":{\"@id\":\"https:\\\/\\\/www.organisator.ch\\\/marketing\\\/2022-06-09\\\/brand-re-shape-fuer-siemens-hausgeraete\\\/\"},\"author\":{\"name\":\"galledia\",\"@id\":\"https:\\\/\\\/www.organisator.ch\\\/#\\\/schema\\\/person\\\/4e51799071cd2dd1232ac003643ef5f0\"},\"headline\":\"Brand-Re-Shape f\u00fcr Siemens Hausger\u00e4te\",\"datePublished\":\"2022-06-09T06:44:12+00:00\",\"dateModified\":\"2022-07-27T09:35:43+00:00\",\"mainEntityOfPage\":{\"@id\":\"https:\\\/\\\/www.organisator.ch\\\/marketing\\\/2022-06-09\\\/brand-re-shape-fuer-siemens-hausgeraete\\\/\"},\"wordCount\":496,\"publisher\":{\"@id\":\"https:\\\/\\\/www.organisator.ch\\\/#organization\"},\"image\":{\"@id\":\"https:\\\/\\\/www.werbewoche.ch\\\/de\\\/marketing\\\/marken\\\/2022-06-09\\\/brand-re-shape-fuer-siemens-hausgeraete\\\/#primaryimage\"},\"thumbnailUrl\":\"https:\\\/\\\/www.werbewoche.ch\\\/wp-content\\\/uploads\\\/2022\\\/06\\\/02_01_Siemens_Kitchen_empowering0.jpg\",\"keywords\":[\"Siemens\",\"Siemens Hausger\u00e4te\"],\"articleSection\":[\"MARKETING\"],\"inLanguage\":\"de\"},{\"@type\":\"WebPage\",\"@id\":\"https:\\\/\\\/www.organisator.ch\\\/marketing\\\/2022-06-09\\\/brand-re-shape-fuer-siemens-hausgeraete\\\/\",\"url\":\"https:\\\/\\\/www.werbewoche.ch\\\/de\\\/marketing\\\/marken\\\/2022-06-09\\\/brand-re-shape-fuer-siemens-hausgeraete\\\/\",\"name\":\"Brand-Re-Shape f\u00fcr Siemens Hausger\u00e4te - Organisator\",\"isPartOf\":{\"@id\":\"https:\\\/\\\/www.organisator.ch\\\/#website\"},\"primaryImageOfPage\":{\"@id\":\"https:\\\/\\\/www.werbewoche.ch\\\/de\\\/marketing\\\/marken\\\/2022-06-09\\\/brand-re-shape-fuer-siemens-hausgeraete\\\/#primaryimage\"},\"image\":{\"@id\":\"https:\\\/\\\/www.werbewoche.ch\\\/de\\\/marketing\\\/marken\\\/2022-06-09\\\/brand-re-shape-fuer-siemens-hausgeraete\\\/#primaryimage\"},\"thumbnailUrl\":\"https:\\\/\\\/www.werbewoche.ch\\\/wp-content\\\/uploads\\\/2022\\\/06\\\/02_01_Siemens_Kitchen_empowering0.jpg\",\"datePublished\":\"2022-06-09T06:44:12+00:00\",\"dateModified\":\"2022-07-27T09:35:43+00:00\",\"description\":\"Auf der Eurocucina in Mailand stellt Siemens Hausger\u00e4te das neue Markenprofil und Corporate Design vor.\",\"breadcrumb\":{\"@id\":\"https:\\\/\\\/www.werbewoche.ch\\\/de\\\/marketing\\\/marken\\\/2022-06-09\\\/brand-re-shape-fuer-siemens-hausgeraete\\\/#breadcrumb\"},\"inLanguage\":\"de\",\"potentialAction\":[{\"@type\":\"ReadAction\",\"target\":[\"https:\\\/\\\/www.werbewoche.ch\\\/de\\\/marketing\\\/marken\\\/2022-06-09\\\/brand-re-shape-fuer-siemens-hausgeraete\\\/\"]}]},{\"@type\":\"ImageObject\",\"inLanguage\":\"de\",\"@id\":\"https:\\\/\\\/www.werbewoche.ch\\\/de\\\/marketing\\\/marken\\\/2022-06-09\\\/brand-re-shape-fuer-siemens-hausgeraete\\\/#primaryimage\",\"url\":\"https:\\\/\\\/www.werbewoche.ch\\\/wp-content\\\/uploads\\\/2022\\\/06\\\/02_01_Siemens_Kitchen_empowering0.jpg\",\"contentUrl\":\"https:\\\/\\\/www.werbewoche.ch\\\/wp-content\\\/uploads\\\/2022\\\/06\\\/02_01_Siemens_Kitchen_empowering0.jpg\"},{\"@type\":\"BreadcrumbList\",\"@id\":\"https:\\\/\\\/www.werbewoche.ch\\\/de\\\/marketing\\\/marken\\\/2022-06-09\\\/brand-re-shape-fuer-siemens-hausgeraete\\\/#breadcrumb\",\"itemListElement\":[{\"@type\":\"ListItem\",\"position\":1,\"name\":\"Home\",\"item\":\"https:\\\/\\\/www.organisator.ch\\\/\"},{\"@type\":\"ListItem\",\"position\":2,\"name\":\"Brand-Re-Shape f\u00fcr Siemens Hausger\u00e4te\"}]},{\"@type\":\"WebSite\",\"@id\":\"https:\\\/\\\/www.organisator.ch\\\/#website\",\"url\":\"https:\\\/\\\/www.organisator.ch\\\/\",\"name\":\"Organisator\",\"description\":\"Kompetent. Praxisnah. Der ORGANISATOR bereitet in 10 Ausgaben pro Jahr die wesentlichen Themen f\u00fcr F\u00fchrungskr\u00e4fte von KMU auf.\",\"publisher\":{\"@id\":\"https:\\\/\\\/www.organisator.ch\\\/#organization\"},\"potentialAction\":[{\"@type\":\"SearchAction\",\"target\":{\"@type\":\"EntryPoint\",\"urlTemplate\":\"https:\\\/\\\/www.organisator.ch\\\/?s={search_term_string}\"},\"query-input\":{\"@type\":\"PropertyValueSpecification\",\"valueRequired\":true,\"valueName\":\"search_term_string\"}}],\"inLanguage\":\"de\"},{\"@type\":\"Organization\",\"@id\":\"https:\\\/\\\/www.organisator.ch\\\/#organization\",\"name\":\"Organisator\",\"url\":\"https:\\\/\\\/www.organisator.ch\\\/\",\"logo\":{\"@type\":\"ImageObject\",\"inLanguage\":\"de\",\"@id\":\"https:\\\/\\\/www.organisator.ch\\\/#\\\/schema\\\/logo\\\/image\\\/\",\"url\":\"https:\\\/\\\/www.organisator.ch\\\/wp-content\\\/uploads\\\/2022\\\/01\\\/Logo_Organisator_Website.png\",\"contentUrl\":\"https:\\\/\\\/www.organisator.ch\\\/wp-content\\\/uploads\\\/2022\\\/01\\\/Logo_Organisator_Website.png\",\"width\":800,\"height\":77,\"caption\":\"Organisator\"},\"image\":{\"@id\":\"https:\\\/\\\/www.organisator.ch\\\/#\\\/schema\\\/logo\\\/image\\\/\"},\"sameAs\":[\"https:\\\/\\\/www.facebook.com\\\/OrganisatorFachmagazin\",\"https:\\\/\\\/www.linkedin.com\\\/showcase\\\/organisator-das-magazin-fr-kmu\",\"https:\\\/\\\/www.xing.com\\\/news\\\/pages\\\/organisator-ch-695\",\"https:\\\/\\\/www.youtube.com\\\/channel\\\/UCGP2Sq0iWaZwT3BdIAQFYpw\"]},{\"@type\":\"Person\",\"@id\":\"https:\\\/\\\/www.organisator.ch\\\/#\\\/schema\\\/person\\\/4e51799071cd2dd1232ac003643ef5f0\",\"name\":\"galledia\",\"image\":{\"@type\":\"ImageObject\",\"inLanguage\":\"de\",\"@id\":\"https:\\\/\\\/secure.gravatar.com\\\/avatar\\\/78a7f90c01fc2bfc875782a0d4922b37cde2cf184ce347b91316d23cd7f69a36?s=96&d=mm&r=g\",\"url\":\"https:\\\/\\\/secure.gravatar.com\\\/avatar\\\/78a7f90c01fc2bfc875782a0d4922b37cde2cf184ce347b91316d23cd7f69a36?s=96&d=mm&r=g\",\"contentUrl\":\"https:\\\/\\\/secure.gravatar.com\\\/avatar\\\/78a7f90c01fc2bfc875782a0d4922b37cde2cf184ce347b91316d23cd7f69a36?s=96&d=mm&r=g\",\"caption\":\"galledia\"},\"sameAs\":[\"https:\\\/\\\/x.com\\\/admin\"],\"url\":\"https:\\\/\\\/www.organisator.ch\\\/de\\\/author\\\/galledia\\\/\"}]}<\/script>\n<!-- \/ Yoast SEO plugin. -->","yoast_head_json":{"title":"Brand-Re-Shape f\u00fcr Siemens Hausger\u00e4te - Organisator","description":"Auf der Eurocucina in Mailand stellt Siemens Hausger\u00e4te das neue Markenprofil und Corporate Design vor.","robots":{"index":"index","follow":"follow","max-snippet":"max-snippet:-1","max-image-preview":"max-image-preview:large","max-video-preview":"max-video-preview:-1"},"canonical":"https:\/\/www.werbewoche.ch\/de\/marketing\/marken\/2022-06-09\/brand-re-shape-fuer-siemens-hausgeraete\/","og_locale":"de_DE","og_type":"article","og_title":"Brand-Re-Shape f\u00fcr Siemens Hausger\u00e4te - Organisator","og_description":"Auf der Eurocucina in Mailand stellt Siemens Hausger\u00e4te das neue Markenprofil und Corporate Design vor.","og_url":"https:\/\/www.werbewoche.ch\/de\/marketing\/marken\/2022-06-09\/brand-re-shape-fuer-siemens-hausgeraete\/","og_site_name":"Organisator","article_publisher":"https:\/\/www.facebook.com\/OrganisatorFachmagazin","article_published_time":"2022-06-09T06:44:12+00:00","article_modified_time":"2022-07-27T09:35:43+00:00","og_image":[{"url":"https:\/\/www.werbewoche.ch\/wp-content\/uploads\/2022\/06\/02_01_Siemens_Kitchen_empowering0.jpg","type":"","width":"","height":""}],"author":"galledia","twitter_card":"summary_large_image","twitter_creator":"@admin","schema":{"@context":"https:\/\/schema.org","@graph":[{"@type":"Article","@id":"https:\/\/www.werbewoche.ch\/de\/marketing\/marken\/2022-06-09\/brand-re-shape-fuer-siemens-hausgeraete\/#article","isPartOf":{"@id":"https:\/\/www.organisator.ch\/marketing\/2022-06-09\/brand-re-shape-fuer-siemens-hausgeraete\/"},"author":{"name":"galledia","@id":"https:\/\/www.organisator.ch\/#\/schema\/person\/4e51799071cd2dd1232ac003643ef5f0"},"headline":"Brand-Re-Shape f\u00fcr Siemens Hausger\u00e4te","datePublished":"2022-06-09T06:44:12+00:00","dateModified":"2022-07-27T09:35:43+00:00","mainEntityOfPage":{"@id":"https:\/\/www.organisator.ch\/marketing\/2022-06-09\/brand-re-shape-fuer-siemens-hausgeraete\/"},"wordCount":496,"publisher":{"@id":"https:\/\/www.organisator.ch\/#organization"},"image":{"@id":"https:\/\/www.werbewoche.ch\/de\/marketing\/marken\/2022-06-09\/brand-re-shape-fuer-siemens-hausgeraete\/#primaryimage"},"thumbnailUrl":"https:\/\/www.werbewoche.ch\/wp-content\/uploads\/2022\/06\/02_01_Siemens_Kitchen_empowering0.jpg","keywords":["Siemens","Siemens Hausger\u00e4te"],"articleSection":["MARKETING"],"inLanguage":"de"},{"@type":"WebPage","@id":"https:\/\/www.organisator.ch\/marketing\/2022-06-09\/brand-re-shape-fuer-siemens-hausgeraete\/","url":"https:\/\/www.werbewoche.ch\/de\/marketing\/marken\/2022-06-09\/brand-re-shape-fuer-siemens-hausgeraete\/","name":"Brand-Re-Shape f\u00fcr Siemens Hausger\u00e4te - Organisator","isPartOf":{"@id":"https:\/\/www.organisator.ch\/#website"},"primaryImageOfPage":{"@id":"https:\/\/www.werbewoche.ch\/de\/marketing\/marken\/2022-06-09\/brand-re-shape-fuer-siemens-hausgeraete\/#primaryimage"},"image":{"@id":"https:\/\/www.werbewoche.ch\/de\/marketing\/marken\/2022-06-09\/brand-re-shape-fuer-siemens-hausgeraete\/#primaryimage"},"thumbnailUrl":"https:\/\/www.werbewoche.ch\/wp-content\/uploads\/2022\/06\/02_01_Siemens_Kitchen_empowering0.jpg","datePublished":"2022-06-09T06:44:12+00:00","dateModified":"2022-07-27T09:35:43+00:00","description":"Auf der Eurocucina in Mailand stellt Siemens Hausger\u00e4te das neue Markenprofil und Corporate Design vor.","breadcrumb":{"@id":"https:\/\/www.werbewoche.ch\/de\/marketing\/marken\/2022-06-09\/brand-re-shape-fuer-siemens-hausgeraete\/#breadcrumb"},"inLanguage":"de","potentialAction":[{"@type":"ReadAction","target":["https:\/\/www.werbewoche.ch\/de\/marketing\/marken\/2022-06-09\/brand-re-shape-fuer-siemens-hausgeraete\/"]}]},{"@type":"ImageObject","inLanguage":"de","@id":"https:\/\/www.werbewoche.ch\/de\/marketing\/marken\/2022-06-09\/brand-re-shape-fuer-siemens-hausgeraete\/#primaryimage","url":"https:\/\/www.werbewoche.ch\/wp-content\/uploads\/2022\/06\/02_01_Siemens_Kitchen_empowering0.jpg","contentUrl":"https:\/\/www.werbewoche.ch\/wp-content\/uploads\/2022\/06\/02_01_Siemens_Kitchen_empowering0.jpg"},{"@type":"BreadcrumbList","@id":"https:\/\/www.werbewoche.ch\/de\/marketing\/marken\/2022-06-09\/brand-re-shape-fuer-siemens-hausgeraete\/#breadcrumb","itemListElement":[{"@type":"ListItem","position":1,"name":"Home","item":"https:\/\/www.organisator.ch\/"},{"@type":"ListItem","position":2,"name":"Brand-Re-Shape f\u00fcr Siemens Hausger\u00e4te"}]},{"@type":"WebSite","@id":"https:\/\/www.organisator.ch\/#website","url":"https:\/\/www.organisator.ch\/","name":"Organisator","description":"Kompetent. Praxisnah. Der ORGANISATOR bereitet in 10 Ausgaben pro Jahr die wesentlichen Themen f\u00fcr F\u00fchrungskr\u00e4fte von KMU auf.","publisher":{"@id":"https:\/\/www.organisator.ch\/#organization"},"potentialAction":[{"@type":"SearchAction","target":{"@type":"EntryPoint","urlTemplate":"https:\/\/www.organisator.ch\/?s={search_term_string}"},"query-input":{"@type":"PropertyValueSpecification","valueRequired":true,"valueName":"search_term_string"}}],"inLanguage":"de"},{"@type":"Organization","@id":"https:\/\/www.organisator.ch\/#organization","name":"Organisator","url":"https:\/\/www.organisator.ch\/","logo":{"@type":"ImageObject","inLanguage":"de","@id":"https:\/\/www.organisator.ch\/#\/schema\/logo\/image\/","url":"https:\/\/www.organisator.ch\/wp-content\/uploads\/2022\/01\/Logo_Organisator_Website.png","contentUrl":"https:\/\/www.organisator.ch\/wp-content\/uploads\/2022\/01\/Logo_Organisator_Website.png","width":800,"height":77,"caption":"Organisator"},"image":{"@id":"https:\/\/www.organisator.ch\/#\/schema\/logo\/image\/"},"sameAs":["https:\/\/www.facebook.com\/OrganisatorFachmagazin","https:\/\/www.linkedin.com\/showcase\/organisator-das-magazin-fr-kmu","https:\/\/www.xing.com\/news\/pages\/organisator-ch-695","https:\/\/www.youtube.com\/channel\/UCGP2Sq0iWaZwT3BdIAQFYpw"]},{"@type":"Person","@id":"https:\/\/www.organisator.ch\/#\/schema\/person\/4e51799071cd2dd1232ac003643ef5f0","name":"galledia","image":{"@type":"ImageObject","inLanguage":"de","@id":"https:\/\/secure.gravatar.com\/avatar\/78a7f90c01fc2bfc875782a0d4922b37cde2cf184ce347b91316d23cd7f69a36?s=96&d=mm&r=g","url":"https:\/\/secure.gravatar.com\/avatar\/78a7f90c01fc2bfc875782a0d4922b37cde2cf184ce347b91316d23cd7f69a36?s=96&d=mm&r=g","contentUrl":"https:\/\/secure.gravatar.com\/avatar\/78a7f90c01fc2bfc875782a0d4922b37cde2cf184ce347b91316d23cd7f69a36?s=96&d=mm&r=g","caption":"galledia"},"sameAs":["https:\/\/x.com\/admin"],"url":"https:\/\/www.organisator.ch\/de\/author\/galledia\/"}]}},"_links":{"self":[{"href":"https:\/\/www.organisator.ch\/de\/wp-json\/wp\/v2\/posts\/14095","targetHints":{"allow":["GET"]}}],"collection":[{"href":"https:\/\/www.organisator.ch\/de\/wp-json\/wp\/v2\/posts"}],"about":[{"href":"https:\/\/www.organisator.ch\/de\/wp-json\/wp\/v2\/types\/post"}],"author":[{"embeddable":true,"href":"https:\/\/www.organisator.ch\/de\/wp-json\/wp\/v2\/users\/8"}],"replies":[{"embeddable":true,"href":"https:\/\/www.organisator.ch\/de\/wp-json\/wp\/v2\/comments?post=14095"}],"version-history":[{"count":3,"href":"https:\/\/www.organisator.ch\/de\/wp-json\/wp\/v2\/posts\/14095\/revisions"}],"predecessor-version":[{"id":15867,"href":"https:\/\/www.organisator.ch\/de\/wp-json\/wp\/v2\/posts\/14095\/revisions\/15867"}],"wp:attachment":[{"href":"https:\/\/www.organisator.ch\/de\/wp-json\/wp\/v2\/media?parent=14095"}],"wp:term":[{"taxonomy":"category","embeddable":true,"href":"https:\/\/www.organisator.ch\/de\/wp-json\/wp\/v2\/categories?post=14095"},{"taxonomy":"post_tag","embeddable":true,"href":"https:\/\/www.organisator.ch\/de\/wp-json\/wp\/v2\/tags?post=14095"}],"curies":[{"name":"wp","href":"https:\/\/api.w.org\/{rel}","templated":true}]}}