{"id":1421,"date":"2017-01-31T09:57:22","date_gmt":"2017-01-31T08:57:22","guid":{"rendered":"https:\/\/www.organisator.ch\/?p=1421"},"modified":"2017-01-31T09:57:22","modified_gmt":"2017-01-31T08:57:22","slug":"zum-vorgesetzten-befoerdert-werden","status":"publish","type":"post","link":"https:\/\/www.organisator.ch\/de\/human-resources\/hrm\/2017-01-31\/zum-vorgesetzten-befoerdert-werden\/","title":{"rendered":"Zum Vorgesetzten bef\u00f6rdert werden"},"content":{"rendered":"<p>Wie bef\u00f6rderte F\u00fchrungskr\u00e4fte die neuen Herausforderungen als Vorgesetzter meistern k\u00f6nnen, hat der spezialisierte Personaldienstleister\u00a0 Robert Half\u00a0 in einer Checkliste zusammengefasst. Sie zeigt so einige berufliche Messlatten.<\/p>\n<p><strong>Schweizer HR Verantwortliche <\/strong><\/p>\n<p>Die Befragung von 100 Personalverantwortlichen in der Schweiz zeigt ausserdem: Auf Platz zwei der Herausforderungen, die neuen F\u00fchrungskr\u00e4ften in der Anfangszeit am meisten zu schaffen machen, liegt die Priorisierung von Projekten. Auf dem dritten Rang steht den Ausgleich zwischen den eigenen Aufgaben und der Teamf\u00fchrung zu erreichen.<\/p>\n<p>Beurteilen Sie, mit welchen der folgenden Aufgaben eben bef\u00f6rderte Manager in den ersten Wochen in der neuen Position am st\u00e4rksten zu k\u00e4mpfen haben?<\/p>\n<p><strong>Die Antworten der F\u00fchrungskr\u00e4fte lauten: <\/strong><\/p>\n<ol>\n<li>Erf\u00fcllen gesteigerter Erwartungen (25 %)<\/li>\n<li>Projektpriorisierung (24 %)<\/li>\n<li>Ausgleich zwischen eigenen Aufgaben und der zur Teamf\u00fchrung ben\u00f6tigten Zeit (16 %)<\/li>\n<\/ol>\n<p><em>(Quelle: Robert Half, Arbeitsmarktstudie 2016, Befragte: 100 HR-Manager in der Schweiz)<\/em><\/p>\n<p><strong>Mentor empfehlenswert <\/strong><\/p>\n<p>\u201eDie erste Zeit als neue F\u00fchrungskraft gleicht einer Gratwanderung. Mit der \u00dcbernahme von F\u00fchrungsverantwortung steigen sowohl die Erwartungen der Vorgesetzten als auch die der eigenen Mitarbeiter\u201c, sagt Yeng Chow, Senior Manager bei Robert Half in Z\u00fcrich. \u201eGerade am Anfang ist es als neuer Chef wichtig, schnell in die neue Position hineinzuwachsen. Deshalb empfehle ich, einen Mentor im Unternehmen zu finden. Er kann bei vielen Fragestellungen Rat geben und helfen, Fehltritte zu vermeiden, die er unter Umst\u00e4nden selbst schon gemacht hat.\u201c<\/p>\n<p>&nbsp;<\/p>\n<p><strong>Checkliste: Mit diesen 6 Tipps gelingt Ihnen der Start als neuer Chef<\/strong><\/p>\n<ol>\n<li><strong>Trennen Sie Arbeit und Privatleben<\/strong><\/li>\n<\/ol>\n<p>Durch die F\u00fchrungsrolle ver\u00e4ndert sich auch Ihr Verh\u00e4ltnis zur Belegschaft. Wenn Sie m\u00f6chten, dass vormals gleichgestellte Mitarbeiter ihre Autorit\u00e4t anerkennen, machen Sie Ihnen den Wandel in der Zusammenarbeit bewusst und grenzen Sie die Arbeit von der Privatsp\u00e4hre ab. Bevorzugen Sie keine befreundeten Kollegen, um die Mitarbeitermotivation nicht zu beeintr\u00e4chtigen oder als F\u00fchrungskraft den Respekt zu verlieren.<\/p>\n<ol start=\"2\">\n<li><strong> Lernen Sie zu delegieren<\/strong><\/li>\n<\/ol>\n<p>Mit der h\u00f6heren Position steigt auch der Verantwortungsbereich. Um die einzelnen Projekte dennoch weiterzubringen, m\u00fcssen Sie Aufgaben an Ihr Team verteilen. Auch wenn Sie diese Aufgabe fr\u00fcher selbst schnell erledigt haben und es zun\u00e4chst Zeit kostet, den jeweiligen Arbeitsauftrag zu erkl\u00e4ren, zahlt sich dieses Investment in Zukunft aus. Denn dann k\u00f6nnen Sie sich wieder auf die wesentlichen Aufgaben konzentrieren.<\/p>\n<ol start=\"3\">\n<li><strong> Seien Sie kommunikativ<\/strong><\/li>\n<\/ol>\n<p>Nehmen Sie sich Zeit, mehr \u00fcber Ihre Mitarbeiter zu erfahren und tauschen Sie sich mit den einzelnen Teammitgliedern auch in pers\u00f6nlichen Terminen aus. Was sind etwa ihre Karriereziele oder in welchen Bereichen k\u00f6nnen sie noch Unterst\u00fctzung gebrauchen? Je besser Manager ihr Team kennen, umso zielgerechter k\u00f6nnen sie es f\u00fchren und motivieren. Gleichzeitig haben Sie in diesen Gespr\u00e4chen die Chance, Ihre eigene Situation als \u201eneuer Chef\u201c anzusprechen und die damit verbundenen Erwartungen an das Team sowie Erfolgsmessungen zu erl\u00e4utern.<\/p>\n<ol start=\"4\">\n<li><strong> Vermeiden Sie Mikro-Management<\/strong><\/li>\n<\/ol>\n<p>Anstatt Mitarbeiter dauernd zu kontrollieren oder stetig Entscheidungen zu diktieren, lassen Sie ihnen Freiraum f\u00fcr Innovationen, Erfolge und Fehler, aus denen sie lernen k\u00f6nnen. Zeigen Sie sich interessiert und informiert und unterst\u00fctzen Sie, indem Sie bei Bedarf beratend oder entscheidend zur Seite stehen.<\/p>\n<ol start=\"5\">\n<li><strong> Nehmen Sie Ihre Bed\u00fcrfnisse wahr<\/strong><\/li>\n<\/ol>\n<p>Durch die gestiegene Verantwortung wird ein gutes Zeitmanagement \u2013 auch unter Beachtung der Work-Life-Balance \u2013 wichtiger denn je. Machen Sie regelm\u00e4ssig Pausen, nutzen Sie die zustehenden Urlaubstage und blocken Sie im Kalender Zeit, um Ihre Aufgaben zu erledigen. So f\u00e4llt es leichter, das Aufgabenpensum produktiv abzuarbeiten, ohne mittelfristig aufgrund von \u00dcberlastung auszufallen oder Erwartungen nicht zu erf\u00fcllen.<\/p>\n<ol start=\"6\">\n<li><strong> Finden Sie einen Mentor<\/strong><\/li>\n<\/ol>\n<p>Suchen Sie einen Mentor, der aus seiner Erfahrung heraus Tipps zum Umgang mit Mitarbeitern oder zur Aufgabeneinteilung geben kann. Wenn es kein unternehmensinternes Mentorenprogramm gibt, k\u00f6nnen Sie auch einen Senior Manager oder Ihren direkten Vorgesetzten ansprechen.<\/p>\n<p><a href=\"http:\/\/www.roberthalf.ch\">http:\/\/www.roberthalf.ch<\/a><\/p>\n<figure id=\"attachment_1422\" aria-describedby=\"caption-attachment-1422\" style=\"width: 640px\" class=\"wp-caption alignnone\"><img loading=\"lazy\" decoding=\"async\" class=\"size-full wp-image-1422\" src=\"https:\/\/www.organisator.ch\/wp-content\/uploads\/2017\/01\/ZumVorgesetzenbefoerdertwerden-organisator.jpg\" alt=\"\" width=\"640\" height=\"427\" srcset=\"https:\/\/www.organisator.ch\/wp-content\/uploads\/2017\/01\/ZumVorgesetzenbefoerdertwerden-organisator.jpg 640w, https:\/\/www.organisator.ch\/wp-content\/uploads\/2017\/01\/ZumVorgesetzenbefoerdertwerden-organisator-16x12.jpg 16w, https:\/\/www.organisator.ch\/wp-content\/uploads\/2017\/01\/ZumVorgesetzenbefoerdertwerden-organisator-262x175.jpg 262w, https:\/\/www.organisator.ch\/wp-content\/uploads\/2017\/01\/ZumVorgesetzenbefoerdertwerden-organisator-525x350.jpg 525w, https:\/\/www.organisator.ch\/wp-content\/uploads\/2017\/01\/ZumVorgesetzenbefoerdertwerden-organisator-300x200.jpg 300w\" sizes=\"auto, (max-width: 640px) 100vw, 640px\" \/><figcaption id=\"caption-attachment-1422\" class=\"wp-caption-text\">Wissen ist Macht. (Bild: depositphotos)<\/figcaption><\/figure>\n<p>&nbsp;<\/p>\n","protected":false},"excerpt":{"rendered":"<p>Wie bef\u00f6rderte F\u00fchrungskr\u00e4fte die neuen Herausforderungen als Vorgesetzter meistern k\u00f6nnen, hat der spezialisierte Personaldienstleister\u00a0 Robert Half\u00a0 in einer Checkliste zusammengefasst. Sie zeigt so einige berufliche Messlatten. Schweizer HR Verantwortliche Die Befragung von 100 Personalverantwortlichen in der Schweiz zeigt ausserdem: Auf Platz zwei der Herausforderungen, die neuen F\u00fchrungskr\u00e4ften in der Anfangszeit am meisten zu schaffen machen, [&hellip;]<\/p>\n","protected":false},"author":5,"featured_media":1422,"comment_status":"open","ping_status":"open","sticky":false,"template":"","format":"standard","meta":{"_acf_changed":false,"_yoast_wpseo_focuskw":"bef\u00f6rdert werden","_yoast_wpseo_metadesc":"Wie F\u00fchrungskr\u00e4fte Herausforderungen als Vorgesetzter meistern k\u00f6nnen, hat der spezialisierte Personaldienstleister Robert Half \u00fcber eine Umfrage ermittelt.","articlekey":"","footnotes":""},"categories":[26],"tags":[115,117,294,335],"class_list":["post-1421","post","type-post","status-publish","format-standard","has-post-thumbnail","hentry","category-hrm","tag-checklisten","tag-checklisten-hr-management","tag-karriere","tag-management-und-unternehmensfuehrung"],"acf":[],"yoast_head":"<!-- This site is optimized with the Yoast SEO plugin v27.5 - https:\/\/yoast.com\/product\/yoast-seo-wordpress\/ -->\n<title>Zum Vorgesetzten bef\u00f6rdert werden - Organisator<\/title>\n<meta name=\"description\" content=\"Wie F\u00fchrungskr\u00e4fte Herausforderungen als Vorgesetzter meistern k\u00f6nnen, hat der spezialisierte Personaldienstleister Robert Half \u00fcber eine Umfrage ermittelt.\" \/>\n<meta name=\"robots\" content=\"index, follow, max-snippet:-1, max-image-preview:large, max-video-preview:-1\" \/>\n<link rel=\"canonical\" href=\"https:\/\/www.organisator.ch\/de\/human-resources\/hrm\/2017-01-31\/zum-vorgesetzten-befoerdert-werden\/\" \/>\n<meta property=\"og:locale\" content=\"de_DE\" \/>\n<meta property=\"og:type\" content=\"article\" \/>\n<meta property=\"og:title\" content=\"Zum Vorgesetzten bef\u00f6rdert werden - Organisator\" \/>\n<meta property=\"og:description\" content=\"Wie F\u00fchrungskr\u00e4fte Herausforderungen als Vorgesetzter meistern k\u00f6nnen, hat der spezialisierte Personaldienstleister Robert Half \u00fcber eine Umfrage ermittelt.\" \/>\n<meta property=\"og:url\" content=\"https:\/\/www.organisator.ch\/de\/human-resources\/hrm\/2017-01-31\/zum-vorgesetzten-befoerdert-werden\/\" \/>\n<meta property=\"og:site_name\" content=\"Organisator\" \/>\n<meta property=\"article:publisher\" content=\"https:\/\/www.facebook.com\/OrganisatorFachmagazin\" \/>\n<meta property=\"article:published_time\" content=\"2017-01-31T08:57:22+00:00\" \/>\n<meta property=\"og:image\" content=\"https:\/\/www.organisator.ch\/wp-content\/uploads\/2017\/01\/ZumVorgesetzenbefoerdertwerden-organisator.jpg\" \/>\n\t<meta property=\"og:image:width\" content=\"640\" \/>\n\t<meta property=\"og:image:height\" content=\"427\" \/>\n\t<meta property=\"og:image:type\" content=\"image\/jpeg\" \/>\n<meta name=\"author\" content=\"michael.merz\" \/>\n<meta name=\"twitter:card\" content=\"summary_large_image\" \/>\n<script type=\"application\/ld+json\" class=\"yoast-schema-graph\">{\"@context\":\"https:\\\/\\\/schema.org\",\"@graph\":[{\"@type\":\"Article\",\"@id\":\"https:\\\/\\\/www.organisator.ch\\\/human-resources\\\/hrm\\\/2017-01-31\\\/zum-vorgesetzten-befoerdert-werden\\\/#article\",\"isPartOf\":{\"@id\":\"https:\\\/\\\/www.organisator.ch\\\/human-resources\\\/hrm\\\/2017-01-31\\\/zum-vorgesetzten-befoerdert-werden\\\/\"},\"author\":{\"name\":\"michael.merz\",\"@id\":\"https:\\\/\\\/www.organisator.ch\\\/#\\\/schema\\\/person\\\/134708ca9321c57b0362cceb7948ffbd\"},\"headline\":\"Zum Vorgesetzten bef\u00f6rdert werden\",\"datePublished\":\"2017-01-31T08:57:22+00:00\",\"mainEntityOfPage\":{\"@id\":\"https:\\\/\\\/www.organisator.ch\\\/human-resources\\\/hrm\\\/2017-01-31\\\/zum-vorgesetzten-befoerdert-werden\\\/\"},\"wordCount\":641,\"commentCount\":0,\"publisher\":{\"@id\":\"https:\\\/\\\/www.organisator.ch\\\/#organization\"},\"image\":{\"@id\":\"https:\\\/\\\/www.organisator.ch\\\/human-resources\\\/hrm\\\/2017-01-31\\\/zum-vorgesetzten-befoerdert-werden\\\/#primaryimage\"},\"thumbnailUrl\":\"https:\\\/\\\/www.organisator.ch\\\/wp-content\\\/uploads\\\/2017\\\/01\\\/ZumVorgesetzenbefoerdertwerden-organisator.jpg\",\"keywords\":[\"Checklisten\",\"Checklisten \u00abHR Management\u00bb\",\"Karriere\",\"Management und Unternehmensf\u00fchrung\"],\"articleSection\":[\"HRM\"],\"inLanguage\":\"de\"},{\"@type\":\"WebPage\",\"@id\":\"https:\\\/\\\/www.organisator.ch\\\/human-resources\\\/hrm\\\/2017-01-31\\\/zum-vorgesetzten-befoerdert-werden\\\/\",\"url\":\"https:\\\/\\\/www.organisator.ch\\\/human-resources\\\/hrm\\\/2017-01-31\\\/zum-vorgesetzten-befoerdert-werden\\\/\",\"name\":\"Zum Vorgesetzten bef\u00f6rdert werden - Organisator\",\"isPartOf\":{\"@id\":\"https:\\\/\\\/www.organisator.ch\\\/#website\"},\"primaryImageOfPage\":{\"@id\":\"https:\\\/\\\/www.organisator.ch\\\/human-resources\\\/hrm\\\/2017-01-31\\\/zum-vorgesetzten-befoerdert-werden\\\/#primaryimage\"},\"image\":{\"@id\":\"https:\\\/\\\/www.organisator.ch\\\/human-resources\\\/hrm\\\/2017-01-31\\\/zum-vorgesetzten-befoerdert-werden\\\/#primaryimage\"},\"thumbnailUrl\":\"https:\\\/\\\/www.organisator.ch\\\/wp-content\\\/uploads\\\/2017\\\/01\\\/ZumVorgesetzenbefoerdertwerden-organisator.jpg\",\"datePublished\":\"2017-01-31T08:57:22+00:00\",\"description\":\"Wie F\u00fchrungskr\u00e4fte Herausforderungen als Vorgesetzter meistern k\u00f6nnen, hat der spezialisierte Personaldienstleister Robert Half \u00fcber eine Umfrage ermittelt.\",\"breadcrumb\":{\"@id\":\"https:\\\/\\\/www.organisator.ch\\\/human-resources\\\/hrm\\\/2017-01-31\\\/zum-vorgesetzten-befoerdert-werden\\\/#breadcrumb\"},\"inLanguage\":\"de\",\"potentialAction\":[{\"@type\":\"ReadAction\",\"target\":[\"https:\\\/\\\/www.organisator.ch\\\/human-resources\\\/hrm\\\/2017-01-31\\\/zum-vorgesetzten-befoerdert-werden\\\/\"]}]},{\"@type\":\"ImageObject\",\"inLanguage\":\"de\",\"@id\":\"https:\\\/\\\/www.organisator.ch\\\/human-resources\\\/hrm\\\/2017-01-31\\\/zum-vorgesetzten-befoerdert-werden\\\/#primaryimage\",\"url\":\"https:\\\/\\\/www.organisator.ch\\\/wp-content\\\/uploads\\\/2017\\\/01\\\/ZumVorgesetzenbefoerdertwerden-organisator.jpg\",\"contentUrl\":\"https:\\\/\\\/www.organisator.ch\\\/wp-content\\\/uploads\\\/2017\\\/01\\\/ZumVorgesetzenbefoerdertwerden-organisator.jpg\",\"width\":640,\"height\":427,\"caption\":\"knowledge is power\"},{\"@type\":\"BreadcrumbList\",\"@id\":\"https:\\\/\\\/www.organisator.ch\\\/human-resources\\\/hrm\\\/2017-01-31\\\/zum-vorgesetzten-befoerdert-werden\\\/#breadcrumb\",\"itemListElement\":[{\"@type\":\"ListItem\",\"position\":1,\"name\":\"Home\",\"item\":\"https:\\\/\\\/www.organisator.ch\\\/\"},{\"@type\":\"ListItem\",\"position\":2,\"name\":\"Zum Vorgesetzten bef\u00f6rdert werden\"}]},{\"@type\":\"WebSite\",\"@id\":\"https:\\\/\\\/www.organisator.ch\\\/#website\",\"url\":\"https:\\\/\\\/www.organisator.ch\\\/\",\"name\":\"Organisator\",\"description\":\"Kompetent. Praxisnah. Der ORGANISATOR bereitet in 10 Ausgaben pro Jahr die wesentlichen Themen f\u00fcr F\u00fchrungskr\u00e4fte von KMU auf.\",\"publisher\":{\"@id\":\"https:\\\/\\\/www.organisator.ch\\\/#organization\"},\"potentialAction\":[{\"@type\":\"SearchAction\",\"target\":{\"@type\":\"EntryPoint\",\"urlTemplate\":\"https:\\\/\\\/www.organisator.ch\\\/?s={search_term_string}\"},\"query-input\":{\"@type\":\"PropertyValueSpecification\",\"valueRequired\":true,\"valueName\":\"search_term_string\"}}],\"inLanguage\":\"de\"},{\"@type\":\"Organization\",\"@id\":\"https:\\\/\\\/www.organisator.ch\\\/#organization\",\"name\":\"Organisator\",\"url\":\"https:\\\/\\\/www.organisator.ch\\\/\",\"logo\":{\"@type\":\"ImageObject\",\"inLanguage\":\"de\",\"@id\":\"https:\\\/\\\/www.organisator.ch\\\/#\\\/schema\\\/logo\\\/image\\\/\",\"url\":\"https:\\\/\\\/www.organisator.ch\\\/wp-content\\\/uploads\\\/2022\\\/01\\\/Logo_Organisator_Website.png\",\"contentUrl\":\"https:\\\/\\\/www.organisator.ch\\\/wp-content\\\/uploads\\\/2022\\\/01\\\/Logo_Organisator_Website.png\",\"width\":800,\"height\":77,\"caption\":\"Organisator\"},\"image\":{\"@id\":\"https:\\\/\\\/www.organisator.ch\\\/#\\\/schema\\\/logo\\\/image\\\/\"},\"sameAs\":[\"https:\\\/\\\/www.facebook.com\\\/OrganisatorFachmagazin\",\"https:\\\/\\\/www.linkedin.com\\\/showcase\\\/organisator-das-magazin-fr-kmu\",\"https:\\\/\\\/www.xing.com\\\/news\\\/pages\\\/organisator-ch-695\",\"https:\\\/\\\/www.youtube.com\\\/channel\\\/UCGP2Sq0iWaZwT3BdIAQFYpw\"]},{\"@type\":\"Person\",\"@id\":\"https:\\\/\\\/www.organisator.ch\\\/#\\\/schema\\\/person\\\/134708ca9321c57b0362cceb7948ffbd\",\"name\":\"michael.merz\",\"image\":{\"@type\":\"ImageObject\",\"inLanguage\":\"de\",\"@id\":\"https:\\\/\\\/secure.gravatar.com\\\/avatar\\\/?s=96&d=mm&r=g\",\"url\":\"https:\\\/\\\/secure.gravatar.com\\\/avatar\\\/?s=96&d=mm&r=g\",\"contentUrl\":\"https:\\\/\\\/secure.gravatar.com\\\/avatar\\\/?s=96&d=mm&r=g\",\"caption\":\"michael.merz\"},\"url\":\"https:\\\/\\\/www.organisator.ch\\\/de\\\/author\\\/michael-merz\\\/\"}]}<\/script>\n<!-- \/ Yoast SEO plugin. -->","yoast_head_json":{"title":"Zum Vorgesetzten bef\u00f6rdert werden - Organisator","description":"Wie F\u00fchrungskr\u00e4fte Herausforderungen als Vorgesetzter meistern k\u00f6nnen, hat der spezialisierte Personaldienstleister Robert Half \u00fcber eine Umfrage ermittelt.","robots":{"index":"index","follow":"follow","max-snippet":"max-snippet:-1","max-image-preview":"max-image-preview:large","max-video-preview":"max-video-preview:-1"},"canonical":"https:\/\/www.organisator.ch\/de\/human-resources\/hrm\/2017-01-31\/zum-vorgesetzten-befoerdert-werden\/","og_locale":"de_DE","og_type":"article","og_title":"Zum Vorgesetzten bef\u00f6rdert werden - Organisator","og_description":"Wie F\u00fchrungskr\u00e4fte Herausforderungen als Vorgesetzter meistern k\u00f6nnen, hat der spezialisierte Personaldienstleister Robert Half \u00fcber eine Umfrage ermittelt.","og_url":"https:\/\/www.organisator.ch\/de\/human-resources\/hrm\/2017-01-31\/zum-vorgesetzten-befoerdert-werden\/","og_site_name":"Organisator","article_publisher":"https:\/\/www.facebook.com\/OrganisatorFachmagazin","article_published_time":"2017-01-31T08:57:22+00:00","og_image":[{"width":640,"height":427,"url":"https:\/\/www.organisator.ch\/wp-content\/uploads\/2017\/01\/ZumVorgesetzenbefoerdertwerden-organisator.jpg","type":"image\/jpeg"}],"author":"michael.merz","twitter_card":"summary_large_image","schema":{"@context":"https:\/\/schema.org","@graph":[{"@type":"Article","@id":"https:\/\/www.organisator.ch\/human-resources\/hrm\/2017-01-31\/zum-vorgesetzten-befoerdert-werden\/#article","isPartOf":{"@id":"https:\/\/www.organisator.ch\/human-resources\/hrm\/2017-01-31\/zum-vorgesetzten-befoerdert-werden\/"},"author":{"name":"michael.merz","@id":"https:\/\/www.organisator.ch\/#\/schema\/person\/134708ca9321c57b0362cceb7948ffbd"},"headline":"Zum Vorgesetzten bef\u00f6rdert werden","datePublished":"2017-01-31T08:57:22+00:00","mainEntityOfPage":{"@id":"https:\/\/www.organisator.ch\/human-resources\/hrm\/2017-01-31\/zum-vorgesetzten-befoerdert-werden\/"},"wordCount":641,"commentCount":0,"publisher":{"@id":"https:\/\/www.organisator.ch\/#organization"},"image":{"@id":"https:\/\/www.organisator.ch\/human-resources\/hrm\/2017-01-31\/zum-vorgesetzten-befoerdert-werden\/#primaryimage"},"thumbnailUrl":"https:\/\/www.organisator.ch\/wp-content\/uploads\/2017\/01\/ZumVorgesetzenbefoerdertwerden-organisator.jpg","keywords":["Checklisten","Checklisten \u00abHR Management\u00bb","Karriere","Management und Unternehmensf\u00fchrung"],"articleSection":["HRM"],"inLanguage":"de"},{"@type":"WebPage","@id":"https:\/\/www.organisator.ch\/human-resources\/hrm\/2017-01-31\/zum-vorgesetzten-befoerdert-werden\/","url":"https:\/\/www.organisator.ch\/human-resources\/hrm\/2017-01-31\/zum-vorgesetzten-befoerdert-werden\/","name":"Zum Vorgesetzten bef\u00f6rdert werden - Organisator","isPartOf":{"@id":"https:\/\/www.organisator.ch\/#website"},"primaryImageOfPage":{"@id":"https:\/\/www.organisator.ch\/human-resources\/hrm\/2017-01-31\/zum-vorgesetzten-befoerdert-werden\/#primaryimage"},"image":{"@id":"https:\/\/www.organisator.ch\/human-resources\/hrm\/2017-01-31\/zum-vorgesetzten-befoerdert-werden\/#primaryimage"},"thumbnailUrl":"https:\/\/www.organisator.ch\/wp-content\/uploads\/2017\/01\/ZumVorgesetzenbefoerdertwerden-organisator.jpg","datePublished":"2017-01-31T08:57:22+00:00","description":"Wie F\u00fchrungskr\u00e4fte Herausforderungen als Vorgesetzter meistern k\u00f6nnen, hat der spezialisierte Personaldienstleister Robert Half \u00fcber eine Umfrage ermittelt.","breadcrumb":{"@id":"https:\/\/www.organisator.ch\/human-resources\/hrm\/2017-01-31\/zum-vorgesetzten-befoerdert-werden\/#breadcrumb"},"inLanguage":"de","potentialAction":[{"@type":"ReadAction","target":["https:\/\/www.organisator.ch\/human-resources\/hrm\/2017-01-31\/zum-vorgesetzten-befoerdert-werden\/"]}]},{"@type":"ImageObject","inLanguage":"de","@id":"https:\/\/www.organisator.ch\/human-resources\/hrm\/2017-01-31\/zum-vorgesetzten-befoerdert-werden\/#primaryimage","url":"https:\/\/www.organisator.ch\/wp-content\/uploads\/2017\/01\/ZumVorgesetzenbefoerdertwerden-organisator.jpg","contentUrl":"https:\/\/www.organisator.ch\/wp-content\/uploads\/2017\/01\/ZumVorgesetzenbefoerdertwerden-organisator.jpg","width":640,"height":427,"caption":"knowledge is power"},{"@type":"BreadcrumbList","@id":"https:\/\/www.organisator.ch\/human-resources\/hrm\/2017-01-31\/zum-vorgesetzten-befoerdert-werden\/#breadcrumb","itemListElement":[{"@type":"ListItem","position":1,"name":"Home","item":"https:\/\/www.organisator.ch\/"},{"@type":"ListItem","position":2,"name":"Zum Vorgesetzten bef\u00f6rdert werden"}]},{"@type":"WebSite","@id":"https:\/\/www.organisator.ch\/#website","url":"https:\/\/www.organisator.ch\/","name":"Organisator","description":"Kompetent. Praxisnah. Der ORGANISATOR bereitet in 10 Ausgaben pro Jahr die wesentlichen Themen f\u00fcr F\u00fchrungskr\u00e4fte von KMU auf.","publisher":{"@id":"https:\/\/www.organisator.ch\/#organization"},"potentialAction":[{"@type":"SearchAction","target":{"@type":"EntryPoint","urlTemplate":"https:\/\/www.organisator.ch\/?s={search_term_string}"},"query-input":{"@type":"PropertyValueSpecification","valueRequired":true,"valueName":"search_term_string"}}],"inLanguage":"de"},{"@type":"Organization","@id":"https:\/\/www.organisator.ch\/#organization","name":"Organisator","url":"https:\/\/www.organisator.ch\/","logo":{"@type":"ImageObject","inLanguage":"de","@id":"https:\/\/www.organisator.ch\/#\/schema\/logo\/image\/","url":"https:\/\/www.organisator.ch\/wp-content\/uploads\/2022\/01\/Logo_Organisator_Website.png","contentUrl":"https:\/\/www.organisator.ch\/wp-content\/uploads\/2022\/01\/Logo_Organisator_Website.png","width":800,"height":77,"caption":"Organisator"},"image":{"@id":"https:\/\/www.organisator.ch\/#\/schema\/logo\/image\/"},"sameAs":["https:\/\/www.facebook.com\/OrganisatorFachmagazin","https:\/\/www.linkedin.com\/showcase\/organisator-das-magazin-fr-kmu","https:\/\/www.xing.com\/news\/pages\/organisator-ch-695","https:\/\/www.youtube.com\/channel\/UCGP2Sq0iWaZwT3BdIAQFYpw"]},{"@type":"Person","@id":"https:\/\/www.organisator.ch\/#\/schema\/person\/134708ca9321c57b0362cceb7948ffbd","name":"michael.merz","image":{"@type":"ImageObject","inLanguage":"de","@id":"https:\/\/secure.gravatar.com\/avatar\/?s=96&d=mm&r=g","url":"https:\/\/secure.gravatar.com\/avatar\/?s=96&d=mm&r=g","contentUrl":"https:\/\/secure.gravatar.com\/avatar\/?s=96&d=mm&r=g","caption":"michael.merz"},"url":"https:\/\/www.organisator.ch\/de\/author\/michael-merz\/"}]}},"_links":{"self":[{"href":"https:\/\/www.organisator.ch\/de\/wp-json\/wp\/v2\/posts\/1421","targetHints":{"allow":["GET"]}}],"collection":[{"href":"https:\/\/www.organisator.ch\/de\/wp-json\/wp\/v2\/posts"}],"about":[{"href":"https:\/\/www.organisator.ch\/de\/wp-json\/wp\/v2\/types\/post"}],"author":[{"embeddable":true,"href":"https:\/\/www.organisator.ch\/de\/wp-json\/wp\/v2\/users\/5"}],"replies":[{"embeddable":true,"href":"https:\/\/www.organisator.ch\/de\/wp-json\/wp\/v2\/comments?post=1421"}],"version-history":[{"count":0,"href":"https:\/\/www.organisator.ch\/de\/wp-json\/wp\/v2\/posts\/1421\/revisions"}],"wp:featuredmedia":[{"embeddable":true,"href":"https:\/\/www.organisator.ch\/de\/wp-json\/wp\/v2\/media\/1422"}],"wp:attachment":[{"href":"https:\/\/www.organisator.ch\/de\/wp-json\/wp\/v2\/media?parent=1421"}],"wp:term":[{"taxonomy":"category","embeddable":true,"href":"https:\/\/www.organisator.ch\/de\/wp-json\/wp\/v2\/categories?post=1421"},{"taxonomy":"post_tag","embeddable":true,"href":"https:\/\/www.organisator.ch\/de\/wp-json\/wp\/v2\/tags?post=1421"}],"curies":[{"name":"wp","href":"https:\/\/api.w.org\/{rel}","templated":true}]}}