{"id":14320,"date":"2022-06-10T15:38:53","date_gmt":"2022-06-10T13:38:53","guid":{"rendered":"https:\/\/www.werbewoche.ch\/?p=175340"},"modified":"2022-07-25T15:08:39","modified_gmt":"2022-07-25T13:08:39","slug":"vier-buecher-die-sie-interessieren-koennten-5","status":"publish","type":"post","link":"https:\/\/www.organisator.ch\/de\/marketing\/2022-06-10\/vier-buecher-die-sie-interessieren-koennten-5\/","title":{"rendered":"Vier B\u00fccher, die Sie interessieren k\u00f6nnten"},"content":{"rendered":"<strong><img class=\"aligncenter wp-image-175345 size-full\" src=\"https:\/\/www.werbewoche.ch\/wp-content\/uploads\/2022\/06\/Lesetipps-Werbewoche-Juni-2022-Uebersicht.jpg\" alt=\"B\u00fccher\" width=\"1200\" height=\"823\" \/>Unternehmenskommunikation und PR konzipieren<\/strong>\r\n\r\n<em>Methoden zur strategischen Planung, Steuerung und Evaluation.<\/em>\r\n<ul>\r\n \t<li>Autor: Nanette Aim\u00e9e Besson<\/li>\r\n \t<li>Verlag: utb GmbH, 2021<\/li>\r\n \t<li>Seiten: 291<\/li>\r\n \t<li>ISBN: 9783825255480<\/li>\r\n<\/ul>\r\nVer\u00e4nderungen in Unternehmen m\u00fcssen sorgf\u00e4ltig geplant und kommuniziert werden \u2013 egal ob es um eine Restrukturierung oder um ein neues Produkt geht. Nanette Aim\u00e9e Besson stellt in ihrem Buch die wichtigsten Instrumente der Unternehmenskommunikation vor \u2013 vom Briefing \u00fcber die Recherche und Konzeption bis hin zur Pr\u00e4sentation und Evaluation. Neben den klassischen Methoden widmet sie sich auch neueren Techniken und Trends. Ein wissenschaftlich fundiertes und dabei erfreulich praxisorientiertes Handbuch f\u00fcr alle, die sich mit PR und Marketing befassen.\r\n\r\n<img class=\"aligncenter size-full wp-image-175343\" src=\"https:\/\/www.werbewoche.ch\/wp-content\/uploads\/2022\/06\/Lesetipps-Werbewoche.ch-Unternehmenskommunikation-und-PR-konzipieren.jpg\" alt=\"B\u00fccher\" width=\"1200\" height=\"850\" \/>\r\n\r\n<strong>Praxisleitfaden f\u00fcr K\u00fcnstliche Intelligenz in Marketing und Vertrieb<\/strong>\r\n\r\n<em>Beispiele, Konzepte und Anwendungsf\u00e4lle.<\/em>\r\n<ul>\r\n \t<li>Autor: Laurenz Wuttke<\/li>\r\n \t<li>Verlag: Springer Gabler, 2021<\/li>\r\n \t<li>Seiten: 244<\/li>\r\n \t<li>ISBN: 9783658356255<\/li>\r\n<\/ul>\r\nKI-basiertes Marketing erm\u00f6glicht die personalisierte Ansprache der Kundschaft und den sehr gezielten Einsatz von Werbung. Ausf\u00fchrlich erl\u00e4utert Laurenz Wuttke in seinem Buch, was mit KI im Marketing alles m\u00f6glich ist. Ein Beispiel unter vielen ist das Errechnen von Kaufwahrscheinlichkeiten. Der Autor geht recht genau auf technologische Hintergr\u00fcnde und Funktionsweisen ein. Den praktischen Nutzen skizziert er im Vergleich dazu eher grob. Abhilfe schaffen jedoch einige Beispiele aus der Praxis. Insgesamt ein Buch, das einen guten Einblick in das Potenzial von KI in Marketing und Vertrieb bietet.\r\n\r\n<img class=\"aligncenter size-full wp-image-175344\" src=\"https:\/\/www.werbewoche.ch\/wp-content\/uploads\/2022\/06\/Praxisleitfaden-fuer-kuenstliche-Intelligenz-in-Marketing-und-Lesetipps-Werbewoche.ch-Vertrieb.jpg\" alt=\"B\u00fccher\" width=\"1200\" height=\"850\" \/>\r\n\r\n<strong>AQ<\/strong>\r\n\r\n<em>Warum Anpassungsf\u00e4higkeit die wichtigste Zukunftskompetenz ist.<\/em>\r\n<ul>\r\n \t<li>Autor: Carl Naughton<\/li>\r\n \t<li>Verlag: GABAL, 2022<\/li>\r\n \t<li>Seiten: 212<\/li>\r\n \t<li>ISBN: 9783967390964<\/li>\r\n<\/ul>\r\nIn unserer sich rasant ver\u00e4ndernden Arbeitswelt ist Anpassungsf\u00e4higkeit eine Schl\u00fcsselqualifikation. Sie ist sogar noch wichtiger als ein hoher IQ oder emotionale Intelligenz, meint Carl Naughton. Er zeigt, wie man anpassungsf\u00e4higer \u2013 also flexibler, kreativer und innovativer \u2013 werden kann. Ganz neu sind seine Tipps zwar nicht, daf\u00fcr unterf\u00fcttert er sie mit zahlreichen Studien und Anekdoten aus dem Arbeitsalltag. Der betont lockere Stil mag nicht jedermanns Sache sein, einige wertvolle Ratschl\u00e4ge lassen sich aus dem Buch aber dennoch ziehen.\r\n\r\n<img class=\"aligncenter size-full wp-image-175341\" src=\"https:\/\/www.werbewoche.ch\/wp-content\/uploads\/2022\/06\/Lesetipps-Werbewoche.ch-AQ.jpg\" alt=\"B\u00fccher\" width=\"1200\" height=\"850\" \/>\r\n\r\n<strong>Empowered<\/strong>\r\n\r\n<em>Wie Unternehmen jeden Mitarbeiter zu au\u00dfergew\u00f6hnlichen Ergebnissen motivieren.<\/em>\r\n<ul>\r\n \t<li>Autor: Marty Cagan und Chris Jones<\/li>\r\n \t<li>Verlag: Wiley-VCH, 2022<\/li>\r\n \t<li>Seiten: 376<\/li>\r\n \t<li>ISBN: 9783527510870<\/li>\r\n<\/ul>\r\nWas ist das Erfolgsgeheimnis herausragender Unternehmen? F\u00fcr Marty Cagan und Chris Jones gibt es keinen Zweifel: Starke Produktleiter und eigenverantwortlich handelnde Produktteams machen den Unterschied. Ausf\u00fchrlich und leidenschaftlich erkl\u00e4ren sie, warum Freir\u00e4ume und echte Verantwortung essenziell f\u00fcr die Entwicklung richtig guter Produkte sind. Dabei machen sie eines unmissverst\u00e4ndlich klar: Viel wichtiger als einzelne Top-Performer sind allgemeine Begeisterung, Offenheit und eine vertrauensvolle Zusammenarbeit.\r\n\r\n<img class=\"aligncenter size-full wp-image-175342\" src=\"https:\/\/www.werbewoche.ch\/wp-content\/uploads\/2022\/06\/Lesetipps-Werbewoche.ch-empowered.jpg\" alt=\"B\u00fccher\" width=\"1200\" height=\"850\" \/>","protected":false},"excerpt":{"rendered":"<p>Unternehmenskommunikation und PR konzipieren Methoden zur strategischen Planung, Steuerung und Evaluation. Autor: Nanette Aim\u00e9e Besson Verlag: utb GmbH, 2021 Seiten: 291 ISBN: 9783825255480 Ver\u00e4nderungen in Unternehmen m\u00fcssen sorgf\u00e4ltig geplant und kommuniziert werden \u2013 egal ob es um eine Restrukturierung oder um ein neues Produkt geht. Nanette Aim\u00e9e Besson stellt in ihrem Buch die wichtigsten Instrumente [\u2026]<\/p>\n","protected":false},"author":8,"featured_media":0,"comment_status":"closed","ping_status":"closed","sticky":false,"template":"","format":"standard","meta":{"_acf_changed":false,"_yoast_wpseo_focuskw":"B\u00fccher","_yoast_wpseo_metadesc":"In Zusammenarbeit mit GetAbstract stellen wir Ihnen vier B\u00fccher aus dem Marketing- und Kommunikationsbereich vor.","articlekey":"","footnotes":""},"categories":[29],"tags":[2947],"class_list":["post-14320","post","type-post","status-publish","format-standard","hentry","category-marketing","tag-buecher"],"acf":[],"yoast_head":"<!-- This site is optimized with the Yoast SEO plugin v27.5 - https:\/\/yoast.com\/product\/yoast-seo-wordpress\/ -->\n<title>Vier B\u00fccher, die Sie interessieren k\u00f6nnten - Organisator<\/title>\n<meta name=\"description\" content=\"In Zusammenarbeit mit GetAbstract stellen wir Ihnen vier B\u00fccher aus dem Marketing- und Kommunikationsbereich vor.\" \/>\n<meta name=\"robots\" content=\"index, follow, max-snippet:-1, max-image-preview:large, max-video-preview:-1\" \/>\n<link rel=\"canonical\" href=\"https:\/\/www.werbewoche.ch\/de\/marketing\/2022-06-10\/vier-buecher-die-sie-interessieren-koennten-16\/\" \/>\n<meta property=\"og:locale\" content=\"de_DE\" \/>\n<meta property=\"og:type\" content=\"article\" \/>\n<meta property=\"og:title\" content=\"Vier B\u00fccher, die Sie interessieren k\u00f6nnten - Organisator\" \/>\n<meta property=\"og:description\" content=\"In Zusammenarbeit mit GetAbstract stellen wir Ihnen vier B\u00fccher aus dem Marketing- und Kommunikationsbereich vor.\" \/>\n<meta property=\"og:url\" content=\"https:\/\/www.werbewoche.ch\/de\/marketing\/2022-06-10\/vier-buecher-die-sie-interessieren-koennten-16\/\" \/>\n<meta property=\"og:site_name\" content=\"Organisator\" \/>\n<meta property=\"article:publisher\" content=\"https:\/\/www.facebook.com\/OrganisatorFachmagazin\" \/>\n<meta property=\"article:published_time\" content=\"2022-06-10T13:38:53+00:00\" \/>\n<meta property=\"article:modified_time\" content=\"2022-07-25T13:08:39+00:00\" \/>\n<meta property=\"og:image\" content=\"https:\/\/www.werbewoche.ch\/wp-content\/uploads\/2022\/06\/Lesetipps-Werbewoche-Juni-2022-Uebersicht.jpg\" \/>\n<meta name=\"author\" content=\"galledia\" \/>\n<meta name=\"twitter:card\" content=\"summary_large_image\" \/>\n<meta name=\"twitter:creator\" content=\"@admin\" \/>\n<script type=\"application\/ld+json\" class=\"yoast-schema-graph\">{\"@context\":\"https:\\\/\\\/schema.org\",\"@graph\":[{\"@type\":\"Article\",\"@id\":\"https:\\\/\\\/www.werbewoche.ch\\\/de\\\/marketing\\\/2022-06-10\\\/vier-buecher-die-sie-interessieren-koennten-16\\\/#article\",\"isPartOf\":{\"@id\":\"https:\\\/\\\/www.organisator.ch\\\/marketing\\\/2022-06-10\\\/vier-buecher-die-sie-interessieren-koennten-5\\\/\"},\"author\":{\"name\":\"galledia\",\"@id\":\"https:\\\/\\\/www.organisator.ch\\\/#\\\/schema\\\/person\\\/4e51799071cd2dd1232ac003643ef5f0\"},\"headline\":\"Vier B\u00fccher, die Sie interessieren k\u00f6nnten\",\"datePublished\":\"2022-06-10T13:38:53+00:00\",\"dateModified\":\"2022-07-25T13:08:39+00:00\",\"mainEntityOfPage\":{\"@id\":\"https:\\\/\\\/www.organisator.ch\\\/marketing\\\/2022-06-10\\\/vier-buecher-die-sie-interessieren-koennten-5\\\/\"},\"wordCount\":411,\"publisher\":{\"@id\":\"https:\\\/\\\/www.organisator.ch\\\/#organization\"},\"image\":{\"@id\":\"https:\\\/\\\/www.werbewoche.ch\\\/de\\\/marketing\\\/2022-06-10\\\/vier-buecher-die-sie-interessieren-koennten-16\\\/#primaryimage\"},\"thumbnailUrl\":\"https:\\\/\\\/www.werbewoche.ch\\\/wp-content\\\/uploads\\\/2022\\\/06\\\/Lesetipps-Werbewoche-Juni-2022-Uebersicht.jpg\",\"keywords\":[\"B\u00fccher\"],\"articleSection\":[\"MARKETING\"],\"inLanguage\":\"de\"},{\"@type\":\"WebPage\",\"@id\":\"https:\\\/\\\/www.organisator.ch\\\/marketing\\\/2022-06-10\\\/vier-buecher-die-sie-interessieren-koennten-5\\\/\",\"url\":\"https:\\\/\\\/www.werbewoche.ch\\\/de\\\/marketing\\\/2022-06-10\\\/vier-buecher-die-sie-interessieren-koennten-16\\\/\",\"name\":\"Vier B\u00fccher, die Sie interessieren k\u00f6nnten - Organisator\",\"isPartOf\":{\"@id\":\"https:\\\/\\\/www.organisator.ch\\\/#website\"},\"primaryImageOfPage\":{\"@id\":\"https:\\\/\\\/www.werbewoche.ch\\\/de\\\/marketing\\\/2022-06-10\\\/vier-buecher-die-sie-interessieren-koennten-16\\\/#primaryimage\"},\"image\":{\"@id\":\"https:\\\/\\\/www.werbewoche.ch\\\/de\\\/marketing\\\/2022-06-10\\\/vier-buecher-die-sie-interessieren-koennten-16\\\/#primaryimage\"},\"thumbnailUrl\":\"https:\\\/\\\/www.werbewoche.ch\\\/wp-content\\\/uploads\\\/2022\\\/06\\\/Lesetipps-Werbewoche-Juni-2022-Uebersicht.jpg\",\"datePublished\":\"2022-06-10T13:38:53+00:00\",\"dateModified\":\"2022-07-25T13:08:39+00:00\",\"description\":\"In Zusammenarbeit mit GetAbstract stellen wir Ihnen vier B\u00fccher aus dem Marketing- und Kommunikationsbereich vor.\",\"breadcrumb\":{\"@id\":\"https:\\\/\\\/www.werbewoche.ch\\\/de\\\/marketing\\\/2022-06-10\\\/vier-buecher-die-sie-interessieren-koennten-16\\\/#breadcrumb\"},\"inLanguage\":\"de\",\"potentialAction\":[{\"@type\":\"ReadAction\",\"target\":[\"https:\\\/\\\/www.werbewoche.ch\\\/de\\\/marketing\\\/2022-06-10\\\/vier-buecher-die-sie-interessieren-koennten-16\\\/\"]}]},{\"@type\":\"ImageObject\",\"inLanguage\":\"de\",\"@id\":\"https:\\\/\\\/www.werbewoche.ch\\\/de\\\/marketing\\\/2022-06-10\\\/vier-buecher-die-sie-interessieren-koennten-16\\\/#primaryimage\",\"url\":\"https:\\\/\\\/www.werbewoche.ch\\\/wp-content\\\/uploads\\\/2022\\\/06\\\/Lesetipps-Werbewoche-Juni-2022-Uebersicht.jpg\",\"contentUrl\":\"https:\\\/\\\/www.werbewoche.ch\\\/wp-content\\\/uploads\\\/2022\\\/06\\\/Lesetipps-Werbewoche-Juni-2022-Uebersicht.jpg\"},{\"@type\":\"BreadcrumbList\",\"@id\":\"https:\\\/\\\/www.werbewoche.ch\\\/de\\\/marketing\\\/2022-06-10\\\/vier-buecher-die-sie-interessieren-koennten-16\\\/#breadcrumb\",\"itemListElement\":[{\"@type\":\"ListItem\",\"position\":1,\"name\":\"Home\",\"item\":\"https:\\\/\\\/www.organisator.ch\\\/\"},{\"@type\":\"ListItem\",\"position\":2,\"name\":\"Vier B\u00fccher, die Sie interessieren k\u00f6nnten\"}]},{\"@type\":\"WebSite\",\"@id\":\"https:\\\/\\\/www.organisator.ch\\\/#website\",\"url\":\"https:\\\/\\\/www.organisator.ch\\\/\",\"name\":\"Organisator\",\"description\":\"Kompetent. Praxisnah. Der ORGANISATOR bereitet in 10 Ausgaben pro Jahr die wesentlichen Themen f\u00fcr F\u00fchrungskr\u00e4fte von KMU auf.\",\"publisher\":{\"@id\":\"https:\\\/\\\/www.organisator.ch\\\/#organization\"},\"potentialAction\":[{\"@type\":\"SearchAction\",\"target\":{\"@type\":\"EntryPoint\",\"urlTemplate\":\"https:\\\/\\\/www.organisator.ch\\\/?s={search_term_string}\"},\"query-input\":{\"@type\":\"PropertyValueSpecification\",\"valueRequired\":true,\"valueName\":\"search_term_string\"}}],\"inLanguage\":\"de\"},{\"@type\":\"Organization\",\"@id\":\"https:\\\/\\\/www.organisator.ch\\\/#organization\",\"name\":\"Organisator\",\"url\":\"https:\\\/\\\/www.organisator.ch\\\/\",\"logo\":{\"@type\":\"ImageObject\",\"inLanguage\":\"de\",\"@id\":\"https:\\\/\\\/www.organisator.ch\\\/#\\\/schema\\\/logo\\\/image\\\/\",\"url\":\"https:\\\/\\\/www.organisator.ch\\\/wp-content\\\/uploads\\\/2022\\\/01\\\/Logo_Organisator_Website.png\",\"contentUrl\":\"https:\\\/\\\/www.organisator.ch\\\/wp-content\\\/uploads\\\/2022\\\/01\\\/Logo_Organisator_Website.png\",\"width\":800,\"height\":77,\"caption\":\"Organisator\"},\"image\":{\"@id\":\"https:\\\/\\\/www.organisator.ch\\\/#\\\/schema\\\/logo\\\/image\\\/\"},\"sameAs\":[\"https:\\\/\\\/www.facebook.com\\\/OrganisatorFachmagazin\",\"https:\\\/\\\/www.linkedin.com\\\/showcase\\\/organisator-das-magazin-fr-kmu\",\"https:\\\/\\\/www.xing.com\\\/news\\\/pages\\\/organisator-ch-695\",\"https:\\\/\\\/www.youtube.com\\\/channel\\\/UCGP2Sq0iWaZwT3BdIAQFYpw\"]},{\"@type\":\"Person\",\"@id\":\"https:\\\/\\\/www.organisator.ch\\\/#\\\/schema\\\/person\\\/4e51799071cd2dd1232ac003643ef5f0\",\"name\":\"galledia\",\"image\":{\"@type\":\"ImageObject\",\"inLanguage\":\"de\",\"@id\":\"https:\\\/\\\/secure.gravatar.com\\\/avatar\\\/78a7f90c01fc2bfc875782a0d4922b37cde2cf184ce347b91316d23cd7f69a36?s=96&d=mm&r=g\",\"url\":\"https:\\\/\\\/secure.gravatar.com\\\/avatar\\\/78a7f90c01fc2bfc875782a0d4922b37cde2cf184ce347b91316d23cd7f69a36?s=96&d=mm&r=g\",\"contentUrl\":\"https:\\\/\\\/secure.gravatar.com\\\/avatar\\\/78a7f90c01fc2bfc875782a0d4922b37cde2cf184ce347b91316d23cd7f69a36?s=96&d=mm&r=g\",\"caption\":\"galledia\"},\"sameAs\":[\"https:\\\/\\\/x.com\\\/admin\"],\"url\":\"https:\\\/\\\/www.organisator.ch\\\/de\\\/author\\\/galledia\\\/\"}]}<\/script>\n<!-- \/ Yoast SEO plugin. -->","yoast_head_json":{"title":"Vier B\u00fccher, die Sie interessieren k\u00f6nnten - Organisator","description":"In Zusammenarbeit mit GetAbstract stellen wir Ihnen vier B\u00fccher aus dem Marketing- und Kommunikationsbereich vor.","robots":{"index":"index","follow":"follow","max-snippet":"max-snippet:-1","max-image-preview":"max-image-preview:large","max-video-preview":"max-video-preview:-1"},"canonical":"https:\/\/www.werbewoche.ch\/de\/marketing\/2022-06-10\/vier-buecher-die-sie-interessieren-koennten-16\/","og_locale":"de_DE","og_type":"article","og_title":"Vier B\u00fccher, die Sie interessieren k\u00f6nnten - Organisator","og_description":"In Zusammenarbeit mit GetAbstract stellen wir Ihnen vier B\u00fccher aus dem Marketing- und Kommunikationsbereich vor.","og_url":"https:\/\/www.werbewoche.ch\/de\/marketing\/2022-06-10\/vier-buecher-die-sie-interessieren-koennten-16\/","og_site_name":"Organisator","article_publisher":"https:\/\/www.facebook.com\/OrganisatorFachmagazin","article_published_time":"2022-06-10T13:38:53+00:00","article_modified_time":"2022-07-25T13:08:39+00:00","og_image":[{"url":"https:\/\/www.werbewoche.ch\/wp-content\/uploads\/2022\/06\/Lesetipps-Werbewoche-Juni-2022-Uebersicht.jpg","type":"","width":"","height":""}],"author":"galledia","twitter_card":"summary_large_image","twitter_creator":"@admin","schema":{"@context":"https:\/\/schema.org","@graph":[{"@type":"Article","@id":"https:\/\/www.werbewoche.ch\/de\/marketing\/2022-06-10\/vier-buecher-die-sie-interessieren-koennten-16\/#article","isPartOf":{"@id":"https:\/\/www.organisator.ch\/marketing\/2022-06-10\/vier-buecher-die-sie-interessieren-koennten-5\/"},"author":{"name":"galledia","@id":"https:\/\/www.organisator.ch\/#\/schema\/person\/4e51799071cd2dd1232ac003643ef5f0"},"headline":"Vier B\u00fccher, die Sie interessieren k\u00f6nnten","datePublished":"2022-06-10T13:38:53+00:00","dateModified":"2022-07-25T13:08:39+00:00","mainEntityOfPage":{"@id":"https:\/\/www.organisator.ch\/marketing\/2022-06-10\/vier-buecher-die-sie-interessieren-koennten-5\/"},"wordCount":411,"publisher":{"@id":"https:\/\/www.organisator.ch\/#organization"},"image":{"@id":"https:\/\/www.werbewoche.ch\/de\/marketing\/2022-06-10\/vier-buecher-die-sie-interessieren-koennten-16\/#primaryimage"},"thumbnailUrl":"https:\/\/www.werbewoche.ch\/wp-content\/uploads\/2022\/06\/Lesetipps-Werbewoche-Juni-2022-Uebersicht.jpg","keywords":["B\u00fccher"],"articleSection":["MARKETING"],"inLanguage":"de"},{"@type":"WebPage","@id":"https:\/\/www.organisator.ch\/marketing\/2022-06-10\/vier-buecher-die-sie-interessieren-koennten-5\/","url":"https:\/\/www.werbewoche.ch\/de\/marketing\/2022-06-10\/vier-buecher-die-sie-interessieren-koennten-16\/","name":"Vier B\u00fccher, die Sie interessieren k\u00f6nnten - Organisator","isPartOf":{"@id":"https:\/\/www.organisator.ch\/#website"},"primaryImageOfPage":{"@id":"https:\/\/www.werbewoche.ch\/de\/marketing\/2022-06-10\/vier-buecher-die-sie-interessieren-koennten-16\/#primaryimage"},"image":{"@id":"https:\/\/www.werbewoche.ch\/de\/marketing\/2022-06-10\/vier-buecher-die-sie-interessieren-koennten-16\/#primaryimage"},"thumbnailUrl":"https:\/\/www.werbewoche.ch\/wp-content\/uploads\/2022\/06\/Lesetipps-Werbewoche-Juni-2022-Uebersicht.jpg","datePublished":"2022-06-10T13:38:53+00:00","dateModified":"2022-07-25T13:08:39+00:00","description":"In Zusammenarbeit mit GetAbstract stellen wir Ihnen vier B\u00fccher aus dem Marketing- und Kommunikationsbereich vor.","breadcrumb":{"@id":"https:\/\/www.werbewoche.ch\/de\/marketing\/2022-06-10\/vier-buecher-die-sie-interessieren-koennten-16\/#breadcrumb"},"inLanguage":"de","potentialAction":[{"@type":"ReadAction","target":["https:\/\/www.werbewoche.ch\/de\/marketing\/2022-06-10\/vier-buecher-die-sie-interessieren-koennten-16\/"]}]},{"@type":"ImageObject","inLanguage":"de","@id":"https:\/\/www.werbewoche.ch\/de\/marketing\/2022-06-10\/vier-buecher-die-sie-interessieren-koennten-16\/#primaryimage","url":"https:\/\/www.werbewoche.ch\/wp-content\/uploads\/2022\/06\/Lesetipps-Werbewoche-Juni-2022-Uebersicht.jpg","contentUrl":"https:\/\/www.werbewoche.ch\/wp-content\/uploads\/2022\/06\/Lesetipps-Werbewoche-Juni-2022-Uebersicht.jpg"},{"@type":"BreadcrumbList","@id":"https:\/\/www.werbewoche.ch\/de\/marketing\/2022-06-10\/vier-buecher-die-sie-interessieren-koennten-16\/#breadcrumb","itemListElement":[{"@type":"ListItem","position":1,"name":"Home","item":"https:\/\/www.organisator.ch\/"},{"@type":"ListItem","position":2,"name":"Vier B\u00fccher, die Sie interessieren k\u00f6nnten"}]},{"@type":"WebSite","@id":"https:\/\/www.organisator.ch\/#website","url":"https:\/\/www.organisator.ch\/","name":"Organisator","description":"Kompetent. Praxisnah. Der ORGANISATOR bereitet in 10 Ausgaben pro Jahr die wesentlichen Themen f\u00fcr F\u00fchrungskr\u00e4fte von KMU auf.","publisher":{"@id":"https:\/\/www.organisator.ch\/#organization"},"potentialAction":[{"@type":"SearchAction","target":{"@type":"EntryPoint","urlTemplate":"https:\/\/www.organisator.ch\/?s={search_term_string}"},"query-input":{"@type":"PropertyValueSpecification","valueRequired":true,"valueName":"search_term_string"}}],"inLanguage":"de"},{"@type":"Organization","@id":"https:\/\/www.organisator.ch\/#organization","name":"Organisator","url":"https:\/\/www.organisator.ch\/","logo":{"@type":"ImageObject","inLanguage":"de","@id":"https:\/\/www.organisator.ch\/#\/schema\/logo\/image\/","url":"https:\/\/www.organisator.ch\/wp-content\/uploads\/2022\/01\/Logo_Organisator_Website.png","contentUrl":"https:\/\/www.organisator.ch\/wp-content\/uploads\/2022\/01\/Logo_Organisator_Website.png","width":800,"height":77,"caption":"Organisator"},"image":{"@id":"https:\/\/www.organisator.ch\/#\/schema\/logo\/image\/"},"sameAs":["https:\/\/www.facebook.com\/OrganisatorFachmagazin","https:\/\/www.linkedin.com\/showcase\/organisator-das-magazin-fr-kmu","https:\/\/www.xing.com\/news\/pages\/organisator-ch-695","https:\/\/www.youtube.com\/channel\/UCGP2Sq0iWaZwT3BdIAQFYpw"]},{"@type":"Person","@id":"https:\/\/www.organisator.ch\/#\/schema\/person\/4e51799071cd2dd1232ac003643ef5f0","name":"galledia","image":{"@type":"ImageObject","inLanguage":"de","@id":"https:\/\/secure.gravatar.com\/avatar\/78a7f90c01fc2bfc875782a0d4922b37cde2cf184ce347b91316d23cd7f69a36?s=96&d=mm&r=g","url":"https:\/\/secure.gravatar.com\/avatar\/78a7f90c01fc2bfc875782a0d4922b37cde2cf184ce347b91316d23cd7f69a36?s=96&d=mm&r=g","contentUrl":"https:\/\/secure.gravatar.com\/avatar\/78a7f90c01fc2bfc875782a0d4922b37cde2cf184ce347b91316d23cd7f69a36?s=96&d=mm&r=g","caption":"galledia"},"sameAs":["https:\/\/x.com\/admin"],"url":"https:\/\/www.organisator.ch\/de\/author\/galledia\/"}]}},"_links":{"self":[{"href":"https:\/\/www.organisator.ch\/de\/wp-json\/wp\/v2\/posts\/14320","targetHints":{"allow":["GET"]}}],"collection":[{"href":"https:\/\/www.organisator.ch\/de\/wp-json\/wp\/v2\/posts"}],"about":[{"href":"https:\/\/www.organisator.ch\/de\/wp-json\/wp\/v2\/types\/post"}],"author":[{"embeddable":true,"href":"https:\/\/www.organisator.ch\/de\/wp-json\/wp\/v2\/users\/8"}],"replies":[{"embeddable":true,"href":"https:\/\/www.organisator.ch\/de\/wp-json\/wp\/v2\/comments?post=14320"}],"version-history":[{"count":3,"href":"https:\/\/www.organisator.ch\/de\/wp-json\/wp\/v2\/posts\/14320\/revisions"}],"predecessor-version":[{"id":15826,"href":"https:\/\/www.organisator.ch\/de\/wp-json\/wp\/v2\/posts\/14320\/revisions\/15826"}],"wp:attachment":[{"href":"https:\/\/www.organisator.ch\/de\/wp-json\/wp\/v2\/media?parent=14320"}],"wp:term":[{"taxonomy":"category","embeddable":true,"href":"https:\/\/www.organisator.ch\/de\/wp-json\/wp\/v2\/categories?post=14320"},{"taxonomy":"post_tag","embeddable":true,"href":"https:\/\/www.organisator.ch\/de\/wp-json\/wp\/v2\/tags?post=14320"}],"curies":[{"name":"wp","href":"https:\/\/api.w.org\/{rel}","templated":true}]}}