{"id":1434,"date":"2018-01-11T14:47:06","date_gmt":"2018-01-11T13:47:06","guid":{"rendered":"https:\/\/www.umweltperspektiven.ch\/?p=1434"},"modified":"2022-02-09T11:06:19","modified_gmt":"2022-02-09T10:06:19","slug":"1434-2","status":"publish","type":"post","link":"https:\/\/www.organisator.ch\/de\/sustainability\/2018-01-11\/1434-2\/","title":{"rendered":"Watt d&#8217;Or: Schweizer Elektrobus mit &#8222;Turboladung&#8220; ausgezeichnet"},"content":{"rendered":"<figure id=\"attachment_1437\" aria-describedby=\"caption-attachment-1437\" style=\"width: 939px\" class=\"wp-caption alignnone\"><img loading=\"lazy\" decoding=\"async\" class=\"wp-image-1437 \" src=\"\/\/www.umweltperspektiven.ch\/wp-content\/uploads\/2018\/01\/bild_s8.jpg\" alt=\"\" width=\"939\" height=\"528\" srcset=\"https:\/\/www.organisator.ch\/wp-content\/uploads\/2018\/01\/bild_s8.jpg 624w, https:\/\/www.organisator.ch\/wp-content\/uploads\/2018\/01\/bild_s8-18x10.jpg 18w, https:\/\/www.organisator.ch\/wp-content\/uploads\/2018\/01\/bild_s8-311x175.jpg 311w, https:\/\/www.organisator.ch\/wp-content\/uploads\/2018\/01\/bild_s8-622x350.jpg 622w, https:\/\/www.organisator.ch\/wp-content\/uploads\/2018\/01\/bild_s8-300x169.jpg 300w\" sizes=\"auto, (max-width: 939px) 100vw, 939px\" \/><figcaption id=\"caption-attachment-1437\" class=\"wp-caption-text\">Der Elektrobus &#8222;Tosa&#8220; kommt ohne Fahrleitung aus. Er l\u00e4dt seine Batterien an ausgew\u00e4hlten Stationen in Sekundenschnelle wieder auf. (Bild: EPFL)<\/figcaption><\/figure>\n<p>Watt d&#8217;Or macht &#8222;aussergew\u00f6hnliche Leistungen im Energiebereich&#8220; bekannt. Ein Preisgeld erhalten die Ausgezeichneten jedoch nicht. &#8222;Tosa&#8220; heisst der Sieger in der Kategorie &#8222;Energieeffiziente Mobilit\u00e4t&#8220;. Der elektrische Bus, der keine Fahrleitungen braucht und seine Batterien an ausgew\u00e4hlten Haltestellen innert Sekunden aufladen kann (siehe Grafik) ist seit Dezember 2017 auf der Linie 23 in Genf im Einsatz.<\/p>\n<p>Das Bundesamt f\u00fcr Energie spricht von einer &#8222;zukunftsweisenden Innovation&#8220;. Hierf\u00fcr verantwortlich sind die Preistr\u00e4ger: ABB gemeinsam den Transports Publics Genevois (tpg), dem Office de Promotion des Industries et des Technologies (OPI), den Services Industriels de Gen\u00e8ve (SIG) und Carrosserie Hess. Im Folgenden werden die Sieger weiterer Kategorien aufgef\u00fchrt:<\/p>\n<p><em>&#8211; Strassenlampen, die auf den Verkehr reagieren<\/em><\/p>\n<p>Ausgezeichnet wird auch eine neuartige Lichtsteuerung f\u00fcr Strassenleuchten. Diese lassen sich dank einer intelligenten Sensorik fliessend und sanft dem Verkehrsaufkommen anpassen. Die verkehrsbeobachtende Beleuchtung spare je nach Situation bis zu 70 Prozent Energie. (Preistr\u00e4ger: Elektrizit\u00e4tswerke des Kantons Z\u00fcrich, Schr\u00e9der Swiss SA. Kategorie: Energietechnologien)<\/p>\n<p><em>&#8211; Abf\u00e4lle, &#8222;die Gas geben&#8220;<\/em><\/p>\n<p>Biogas aus Abf\u00e4llen ist ein wertvoller Energielieferant. Bisher musste das Roh-Biogas aufw\u00e4ndig behandelt werden, um das darin enthaltene CO2 abzutrennen. Eine neue Technologie der Direktmethanisierung macht dies \u00fcberfl\u00fcssig und steigert die Ausbeute an Bio-Methan um 60 Prozent. (Preistr\u00e4ger: Paul Scherrer Institut PSI und Energie 360\u00b0. Kategorie: Erneuerbare Energien)<\/p>\n<p><em>&#8211; Umbauen im Stil der &#8222;Architektur-Zukunft&#8220;<\/em><\/p>\n<p>An der Hohlstrasse 100 in Z\u00fcrich wird ein Neu- und Umbauprojekt pr\u00e4miert. Hier k\u00e4men &#8222;innovative L\u00f6sungen&#8220; zum Einsatz, wie das Bundesamt f\u00fcr Energie festh\u00e4lt. Dazu geh\u00f6rten etwa vorfabrizierte, mit dem Hochleistungs-D\u00e4mmstoff Aerogel isolierte Holzelemente. Diese erm\u00f6glichten eine sehr d\u00fcnne Aussenfassade und damit eine Maximierung der nutzbaren Innenfl\u00e4che.<\/p>\n<p>Zudem k\u00e4men erstmals in der Schweiz Vakuumisolationsgl\u00e4ser als Standardverglasung zum Einsatz. (Preistr\u00e4ger: Dietrich Schwarz Architekten AG. Kategorie: Geb\u00e4ude und Raum)<\/p>\n<p><em>&#8211; Energieoptimierung als Dienstleistung<\/em><\/p>\n<p>Das Programm &#8222;\u00e9co21&#8220; der Services industriels de Gen\u00e8ve hat der Energieverschwendung durch schlecht eingestellte Heizungen den Kampf angesagt. Mit Energieoptimierungsvertr\u00e4gen k\u00f6nnen Geb\u00e4udebesitzer und Liegenschaftsverwaltungen den optimalen Betrieb ihrer Heizungen sicherstellen lassen. Das sei eine in der Schweiz einzigartige Dienstleistung. Seit 2014 habe das Programm Energieeinsparungen von 20 GWh erm\u00f6glicht und eine Senkung der CO2-Emissionen um 4400 Tonnen bewirkt. (Preistr\u00e4ger: Services industriels de Gen\u00e8ve, \u00e9co21 und energo. Kategorie: Spezialpreis Energieeffizienz)<\/p>\n<p>&nbsp;<\/p>\n<p><em>Weitere Informationen zum Watt d&#8217;Or 2018 finden Sie in diesem <\/em><a href=\"\/\/www.bfe.admin.ch\/org\/00483\/00638\/01724\/06978\/index.html?lang=de\"><em>Link<\/em> <\/a><\/p>\n<p>&nbsp;<\/p>\n<p>&nbsp;<\/p>\n","protected":false},"excerpt":{"rendered":"<p>Watt d&#8217;Or macht &#8222;aussergew\u00f6hnliche Leistungen im Energiebereich&#8220; bekannt. Ein Preisgeld erhalten die Ausgezeichneten jedoch nicht. &#8222;Tosa&#8220; heisst der Sieger in der Kategorie &#8222;Energieeffiziente Mobilit\u00e4t&#8220;. Der elektrische Bus, der keine Fahrleitungen braucht und seine Batterien an ausgew\u00e4hlten Haltestellen innert Sekunden aufladen kann (siehe Grafik) ist seit Dezember 2017 auf der Linie 23 in Genf im Einsatz. [&hellip;]<\/p>\n","protected":false},"author":5,"featured_media":1437,"comment_status":"open","ping_status":"open","sticky":false,"template":"","format":"standard","meta":{"_acf_changed":false,"_yoast_wpseo_focuskw":"Watt d'Or","_yoast_wpseo_metadesc":"Der renommierte Schweizer Preis \"Watt d\u2019Or\" zeichnet in vier Kategorien und einem Spezialpreis grossartige und innovative Leistungen im Energieumfeld aus.","articlekey":"","footnotes":""},"categories":[580],"tags":[65,1005,1065,2537],"class_list":["post-1434","post","type-post","status-publish","format-standard","has-post-thumbnail","hentry","category-sustainability","tag-award","tag-e-mobiliaet","tag-energieeffizient","tag-watt-dor"],"acf":[],"yoast_head":"<!-- This site is optimized with the Yoast SEO plugin v27.4 - https:\/\/yoast.com\/product\/yoast-seo-wordpress\/ -->\n<title>Watt d&#039;Or: Schweizer Elektrobus mit &quot;Turboladung&quot; ausgezeichnet - Organisator<\/title>\n<meta name=\"description\" content=\"Der renommierte Schweizer Preis &quot;Watt d\u2019Or&quot; zeichnet in vier Kategorien und einem Spezialpreis grossartige und innovative Leistungen im Energieumfeld aus.\" \/>\n<meta name=\"robots\" content=\"index, follow, max-snippet:-1, max-image-preview:large, max-video-preview:-1\" \/>\n<link rel=\"canonical\" href=\"https:\/\/www.organisator.ch\/de\/sustainability\/2018-01-11\/1434-2\/\" \/>\n<meta property=\"og:locale\" content=\"de_DE\" \/>\n<meta property=\"og:type\" content=\"article\" \/>\n<meta property=\"og:title\" content=\"Watt d&#039;Or: Schweizer Elektrobus mit &quot;Turboladung&quot; ausgezeichnet - Organisator\" \/>\n<meta property=\"og:description\" content=\"Der renommierte Schweizer Preis &quot;Watt d\u2019Or&quot; zeichnet in vier Kategorien und einem Spezialpreis grossartige und innovative Leistungen im Energieumfeld aus.\" \/>\n<meta property=\"og:url\" content=\"https:\/\/www.organisator.ch\/de\/sustainability\/2018-01-11\/1434-2\/\" \/>\n<meta property=\"og:site_name\" content=\"Organisator\" \/>\n<meta property=\"article:publisher\" content=\"https:\/\/www.facebook.com\/OrganisatorFachmagazin\" \/>\n<meta property=\"article:published_time\" content=\"2018-01-11T13:47:06+00:00\" \/>\n<meta property=\"article:modified_time\" content=\"2022-02-09T10:06:19+00:00\" \/>\n<meta property=\"og:image\" content=\"https:\/\/www.organisator.ch\/wp-content\/uploads\/2018\/01\/bild_s8.jpg\" \/>\n\t<meta property=\"og:image:width\" content=\"624\" \/>\n\t<meta property=\"og:image:height\" content=\"351\" \/>\n\t<meta property=\"og:image:type\" content=\"image\/jpeg\" \/>\n<meta name=\"author\" content=\"michael.merz\" \/>\n<meta name=\"twitter:card\" content=\"summary_large_image\" \/>\n<script type=\"application\/ld+json\" class=\"yoast-schema-graph\">{\"@context\":\"https:\\\/\\\/schema.org\",\"@graph\":[{\"@type\":\"Article\",\"@id\":\"https:\\\/\\\/www.organisator.ch\\\/sustainability\\\/2018-01-11\\\/1434-2\\\/#article\",\"isPartOf\":{\"@id\":\"https:\\\/\\\/www.organisator.ch\\\/sustainability\\\/2018-01-11\\\/1434-2\\\/\"},\"author\":{\"name\":\"michael.merz\",\"@id\":\"https:\\\/\\\/www.organisator.ch\\\/#\\\/schema\\\/person\\\/134708ca9321c57b0362cceb7948ffbd\"},\"headline\":\"Watt d&#8217;Or: Schweizer Elektrobus mit &#8222;Turboladung&#8220; ausgezeichnet\",\"datePublished\":\"2018-01-11T13:47:06+00:00\",\"dateModified\":\"2022-02-09T10:06:19+00:00\",\"mainEntityOfPage\":{\"@id\":\"https:\\\/\\\/www.organisator.ch\\\/sustainability\\\/2018-01-11\\\/1434-2\\\/\"},\"wordCount\":436,\"commentCount\":0,\"publisher\":{\"@id\":\"https:\\\/\\\/www.organisator.ch\\\/#organization\"},\"image\":{\"@id\":\"https:\\\/\\\/www.organisator.ch\\\/sustainability\\\/2018-01-11\\\/1434-2\\\/#primaryimage\"},\"thumbnailUrl\":\"https:\\\/\\\/www.organisator.ch\\\/wp-content\\\/uploads\\\/2018\\\/01\\\/bild_s8.jpg\",\"keywords\":[\"Award\",\"E-Mobili\u00e4t\",\"energieeffizient\",\"Watt d'Or\"],\"articleSection\":[\"SUSTAINABILITY\"],\"inLanguage\":\"de\"},{\"@type\":\"WebPage\",\"@id\":\"https:\\\/\\\/www.organisator.ch\\\/sustainability\\\/2018-01-11\\\/1434-2\\\/\",\"url\":\"https:\\\/\\\/www.organisator.ch\\\/sustainability\\\/2018-01-11\\\/1434-2\\\/\",\"name\":\"Watt d'Or: Schweizer Elektrobus mit \\\"Turboladung\\\" ausgezeichnet - Organisator\",\"isPartOf\":{\"@id\":\"https:\\\/\\\/www.organisator.ch\\\/#website\"},\"primaryImageOfPage\":{\"@id\":\"https:\\\/\\\/www.organisator.ch\\\/sustainability\\\/2018-01-11\\\/1434-2\\\/#primaryimage\"},\"image\":{\"@id\":\"https:\\\/\\\/www.organisator.ch\\\/sustainability\\\/2018-01-11\\\/1434-2\\\/#primaryimage\"},\"thumbnailUrl\":\"https:\\\/\\\/www.organisator.ch\\\/wp-content\\\/uploads\\\/2018\\\/01\\\/bild_s8.jpg\",\"datePublished\":\"2018-01-11T13:47:06+00:00\",\"dateModified\":\"2022-02-09T10:06:19+00:00\",\"description\":\"Der renommierte Schweizer Preis \\\"Watt d\u2019Or\\\" zeichnet in vier Kategorien und einem Spezialpreis grossartige und innovative Leistungen im Energieumfeld aus.\",\"breadcrumb\":{\"@id\":\"https:\\\/\\\/www.organisator.ch\\\/sustainability\\\/2018-01-11\\\/1434-2\\\/#breadcrumb\"},\"inLanguage\":\"de\",\"potentialAction\":[{\"@type\":\"ReadAction\",\"target\":[\"https:\\\/\\\/www.organisator.ch\\\/sustainability\\\/2018-01-11\\\/1434-2\\\/\"]}]},{\"@type\":\"ImageObject\",\"inLanguage\":\"de\",\"@id\":\"https:\\\/\\\/www.organisator.ch\\\/sustainability\\\/2018-01-11\\\/1434-2\\\/#primaryimage\",\"url\":\"https:\\\/\\\/www.organisator.ch\\\/wp-content\\\/uploads\\\/2018\\\/01\\\/bild_s8.jpg\",\"contentUrl\":\"https:\\\/\\\/www.organisator.ch\\\/wp-content\\\/uploads\\\/2018\\\/01\\\/bild_s8.jpg\",\"width\":624,\"height\":351,\"caption\":\"Der Elektrobus \\\"Tosa\\\" kommt ohne Fahrleitung aus. Er l\u00e4dt seine Batterien an ausgew\u00e4hlten Stationen in Sekundenschnelle wieder auf. (Bild: EPFL)\"},{\"@type\":\"BreadcrumbList\",\"@id\":\"https:\\\/\\\/www.organisator.ch\\\/sustainability\\\/2018-01-11\\\/1434-2\\\/#breadcrumb\",\"itemListElement\":[{\"@type\":\"ListItem\",\"position\":1,\"name\":\"Home\",\"item\":\"https:\\\/\\\/www.organisator.ch\\\/\"},{\"@type\":\"ListItem\",\"position\":2,\"name\":\"Watt d&#8217;Or: Schweizer Elektrobus mit &#8222;Turboladung&#8220; ausgezeichnet\"}]},{\"@type\":\"WebSite\",\"@id\":\"https:\\\/\\\/www.organisator.ch\\\/#website\",\"url\":\"https:\\\/\\\/www.organisator.ch\\\/\",\"name\":\"Organisator\",\"description\":\"Kompetent. Praxisnah. Der ORGANISATOR bereitet in 10 Ausgaben pro Jahr die wesentlichen Themen f\u00fcr F\u00fchrungskr\u00e4fte von KMU auf.\",\"publisher\":{\"@id\":\"https:\\\/\\\/www.organisator.ch\\\/#organization\"},\"potentialAction\":[{\"@type\":\"SearchAction\",\"target\":{\"@type\":\"EntryPoint\",\"urlTemplate\":\"https:\\\/\\\/www.organisator.ch\\\/?s={search_term_string}\"},\"query-input\":{\"@type\":\"PropertyValueSpecification\",\"valueRequired\":true,\"valueName\":\"search_term_string\"}}],\"inLanguage\":\"de\"},{\"@type\":\"Organization\",\"@id\":\"https:\\\/\\\/www.organisator.ch\\\/#organization\",\"name\":\"Organisator\",\"url\":\"https:\\\/\\\/www.organisator.ch\\\/\",\"logo\":{\"@type\":\"ImageObject\",\"inLanguage\":\"de\",\"@id\":\"https:\\\/\\\/www.organisator.ch\\\/#\\\/schema\\\/logo\\\/image\\\/\",\"url\":\"https:\\\/\\\/www.organisator.ch\\\/wp-content\\\/uploads\\\/2022\\\/01\\\/Logo_Organisator_Website.png\",\"contentUrl\":\"https:\\\/\\\/www.organisator.ch\\\/wp-content\\\/uploads\\\/2022\\\/01\\\/Logo_Organisator_Website.png\",\"width\":800,\"height\":77,\"caption\":\"Organisator\"},\"image\":{\"@id\":\"https:\\\/\\\/www.organisator.ch\\\/#\\\/schema\\\/logo\\\/image\\\/\"},\"sameAs\":[\"https:\\\/\\\/www.facebook.com\\\/OrganisatorFachmagazin\",\"https:\\\/\\\/www.linkedin.com\\\/showcase\\\/organisator-das-magazin-fr-kmu\",\"https:\\\/\\\/www.xing.com\\\/news\\\/pages\\\/organisator-ch-695\",\"https:\\\/\\\/www.youtube.com\\\/channel\\\/UCGP2Sq0iWaZwT3BdIAQFYpw\"]},{\"@type\":\"Person\",\"@id\":\"https:\\\/\\\/www.organisator.ch\\\/#\\\/schema\\\/person\\\/134708ca9321c57b0362cceb7948ffbd\",\"name\":\"michael.merz\",\"image\":{\"@type\":\"ImageObject\",\"inLanguage\":\"de\",\"@id\":\"https:\\\/\\\/secure.gravatar.com\\\/avatar\\\/?s=96&d=mm&r=g\",\"url\":\"https:\\\/\\\/secure.gravatar.com\\\/avatar\\\/?s=96&d=mm&r=g\",\"contentUrl\":\"https:\\\/\\\/secure.gravatar.com\\\/avatar\\\/?s=96&d=mm&r=g\",\"caption\":\"michael.merz\"},\"url\":\"https:\\\/\\\/www.organisator.ch\\\/de\\\/author\\\/michael-merz\\\/\"}]}<\/script>\n<!-- \/ Yoast SEO plugin. -->","yoast_head_json":{"title":"Watt d'Or: Schweizer Elektrobus mit \"Turboladung\" ausgezeichnet - Organisator","description":"Der renommierte Schweizer Preis \"Watt d\u2019Or\" zeichnet in vier Kategorien und einem Spezialpreis grossartige und innovative Leistungen im Energieumfeld aus.","robots":{"index":"index","follow":"follow","max-snippet":"max-snippet:-1","max-image-preview":"max-image-preview:large","max-video-preview":"max-video-preview:-1"},"canonical":"https:\/\/www.organisator.ch\/de\/sustainability\/2018-01-11\/1434-2\/","og_locale":"de_DE","og_type":"article","og_title":"Watt d'Or: Schweizer Elektrobus mit \"Turboladung\" ausgezeichnet - Organisator","og_description":"Der renommierte Schweizer Preis \"Watt d\u2019Or\" zeichnet in vier Kategorien und einem Spezialpreis grossartige und innovative Leistungen im Energieumfeld aus.","og_url":"https:\/\/www.organisator.ch\/de\/sustainability\/2018-01-11\/1434-2\/","og_site_name":"Organisator","article_publisher":"https:\/\/www.facebook.com\/OrganisatorFachmagazin","article_published_time":"2018-01-11T13:47:06+00:00","article_modified_time":"2022-02-09T10:06:19+00:00","og_image":[{"width":624,"height":351,"url":"https:\/\/www.organisator.ch\/wp-content\/uploads\/2018\/01\/bild_s8.jpg","type":"image\/jpeg"}],"author":"michael.merz","twitter_card":"summary_large_image","schema":{"@context":"https:\/\/schema.org","@graph":[{"@type":"Article","@id":"https:\/\/www.organisator.ch\/sustainability\/2018-01-11\/1434-2\/#article","isPartOf":{"@id":"https:\/\/www.organisator.ch\/sustainability\/2018-01-11\/1434-2\/"},"author":{"name":"michael.merz","@id":"https:\/\/www.organisator.ch\/#\/schema\/person\/134708ca9321c57b0362cceb7948ffbd"},"headline":"Watt d&#8217;Or: Schweizer Elektrobus mit &#8222;Turboladung&#8220; ausgezeichnet","datePublished":"2018-01-11T13:47:06+00:00","dateModified":"2022-02-09T10:06:19+00:00","mainEntityOfPage":{"@id":"https:\/\/www.organisator.ch\/sustainability\/2018-01-11\/1434-2\/"},"wordCount":436,"commentCount":0,"publisher":{"@id":"https:\/\/www.organisator.ch\/#organization"},"image":{"@id":"https:\/\/www.organisator.ch\/sustainability\/2018-01-11\/1434-2\/#primaryimage"},"thumbnailUrl":"https:\/\/www.organisator.ch\/wp-content\/uploads\/2018\/01\/bild_s8.jpg","keywords":["Award","E-Mobili\u00e4t","energieeffizient","Watt d'Or"],"articleSection":["SUSTAINABILITY"],"inLanguage":"de"},{"@type":"WebPage","@id":"https:\/\/www.organisator.ch\/sustainability\/2018-01-11\/1434-2\/","url":"https:\/\/www.organisator.ch\/sustainability\/2018-01-11\/1434-2\/","name":"Watt d'Or: Schweizer Elektrobus mit \"Turboladung\" ausgezeichnet - Organisator","isPartOf":{"@id":"https:\/\/www.organisator.ch\/#website"},"primaryImageOfPage":{"@id":"https:\/\/www.organisator.ch\/sustainability\/2018-01-11\/1434-2\/#primaryimage"},"image":{"@id":"https:\/\/www.organisator.ch\/sustainability\/2018-01-11\/1434-2\/#primaryimage"},"thumbnailUrl":"https:\/\/www.organisator.ch\/wp-content\/uploads\/2018\/01\/bild_s8.jpg","datePublished":"2018-01-11T13:47:06+00:00","dateModified":"2022-02-09T10:06:19+00:00","description":"Der renommierte Schweizer Preis \"Watt d\u2019Or\" zeichnet in vier Kategorien und einem Spezialpreis grossartige und innovative Leistungen im Energieumfeld aus.","breadcrumb":{"@id":"https:\/\/www.organisator.ch\/sustainability\/2018-01-11\/1434-2\/#breadcrumb"},"inLanguage":"de","potentialAction":[{"@type":"ReadAction","target":["https:\/\/www.organisator.ch\/sustainability\/2018-01-11\/1434-2\/"]}]},{"@type":"ImageObject","inLanguage":"de","@id":"https:\/\/www.organisator.ch\/sustainability\/2018-01-11\/1434-2\/#primaryimage","url":"https:\/\/www.organisator.ch\/wp-content\/uploads\/2018\/01\/bild_s8.jpg","contentUrl":"https:\/\/www.organisator.ch\/wp-content\/uploads\/2018\/01\/bild_s8.jpg","width":624,"height":351,"caption":"Der Elektrobus \"Tosa\" kommt ohne Fahrleitung aus. Er l\u00e4dt seine Batterien an ausgew\u00e4hlten Stationen in Sekundenschnelle wieder auf. (Bild: EPFL)"},{"@type":"BreadcrumbList","@id":"https:\/\/www.organisator.ch\/sustainability\/2018-01-11\/1434-2\/#breadcrumb","itemListElement":[{"@type":"ListItem","position":1,"name":"Home","item":"https:\/\/www.organisator.ch\/"},{"@type":"ListItem","position":2,"name":"Watt d&#8217;Or: Schweizer Elektrobus mit &#8222;Turboladung&#8220; ausgezeichnet"}]},{"@type":"WebSite","@id":"https:\/\/www.organisator.ch\/#website","url":"https:\/\/www.organisator.ch\/","name":"Organisator","description":"Kompetent. Praxisnah. Der ORGANISATOR bereitet in 10 Ausgaben pro Jahr die wesentlichen Themen f\u00fcr F\u00fchrungskr\u00e4fte von KMU auf.","publisher":{"@id":"https:\/\/www.organisator.ch\/#organization"},"potentialAction":[{"@type":"SearchAction","target":{"@type":"EntryPoint","urlTemplate":"https:\/\/www.organisator.ch\/?s={search_term_string}"},"query-input":{"@type":"PropertyValueSpecification","valueRequired":true,"valueName":"search_term_string"}}],"inLanguage":"de"},{"@type":"Organization","@id":"https:\/\/www.organisator.ch\/#organization","name":"Organisator","url":"https:\/\/www.organisator.ch\/","logo":{"@type":"ImageObject","inLanguage":"de","@id":"https:\/\/www.organisator.ch\/#\/schema\/logo\/image\/","url":"https:\/\/www.organisator.ch\/wp-content\/uploads\/2022\/01\/Logo_Organisator_Website.png","contentUrl":"https:\/\/www.organisator.ch\/wp-content\/uploads\/2022\/01\/Logo_Organisator_Website.png","width":800,"height":77,"caption":"Organisator"},"image":{"@id":"https:\/\/www.organisator.ch\/#\/schema\/logo\/image\/"},"sameAs":["https:\/\/www.facebook.com\/OrganisatorFachmagazin","https:\/\/www.linkedin.com\/showcase\/organisator-das-magazin-fr-kmu","https:\/\/www.xing.com\/news\/pages\/organisator-ch-695","https:\/\/www.youtube.com\/channel\/UCGP2Sq0iWaZwT3BdIAQFYpw"]},{"@type":"Person","@id":"https:\/\/www.organisator.ch\/#\/schema\/person\/134708ca9321c57b0362cceb7948ffbd","name":"michael.merz","image":{"@type":"ImageObject","inLanguage":"de","@id":"https:\/\/secure.gravatar.com\/avatar\/?s=96&d=mm&r=g","url":"https:\/\/secure.gravatar.com\/avatar\/?s=96&d=mm&r=g","contentUrl":"https:\/\/secure.gravatar.com\/avatar\/?s=96&d=mm&r=g","caption":"michael.merz"},"url":"https:\/\/www.organisator.ch\/de\/author\/michael-merz\/"}]}},"_links":{"self":[{"href":"https:\/\/www.organisator.ch\/de\/wp-json\/wp\/v2\/posts\/1434","targetHints":{"allow":["GET"]}}],"collection":[{"href":"https:\/\/www.organisator.ch\/de\/wp-json\/wp\/v2\/posts"}],"about":[{"href":"https:\/\/www.organisator.ch\/de\/wp-json\/wp\/v2\/types\/post"}],"author":[{"embeddable":true,"href":"https:\/\/www.organisator.ch\/de\/wp-json\/wp\/v2\/users\/5"}],"replies":[{"embeddable":true,"href":"https:\/\/www.organisator.ch\/de\/wp-json\/wp\/v2\/comments?post=1434"}],"version-history":[{"count":1,"href":"https:\/\/www.organisator.ch\/de\/wp-json\/wp\/v2\/posts\/1434\/revisions"}],"predecessor-version":[{"id":10573,"href":"https:\/\/www.organisator.ch\/de\/wp-json\/wp\/v2\/posts\/1434\/revisions\/10573"}],"wp:featuredmedia":[{"embeddable":true,"href":"https:\/\/www.organisator.ch\/de\/wp-json\/wp\/v2\/media\/1437"}],"wp:attachment":[{"href":"https:\/\/www.organisator.ch\/de\/wp-json\/wp\/v2\/media?parent=1434"}],"wp:term":[{"taxonomy":"category","embeddable":true,"href":"https:\/\/www.organisator.ch\/de\/wp-json\/wp\/v2\/categories?post=1434"},{"taxonomy":"post_tag","embeddable":true,"href":"https:\/\/www.organisator.ch\/de\/wp-json\/wp\/v2\/tags?post=1434"}],"curies":[{"name":"wp","href":"https:\/\/api.w.org\/{rel}","templated":true}]}}