{"id":1443,"date":"2017-02-01T11:24:12","date_gmt":"2017-02-01T10:24:12","guid":{"rendered":"https:\/\/www.organisator.ch\/?p=1443"},"modified":"2017-02-01T11:24:12","modified_gmt":"2017-02-01T10:24:12","slug":"fuehrungs-hotline-erweitert-netzwerk","status":"publish","type":"post","link":"https:\/\/www.organisator.ch\/de\/management\/2017-02-01\/fuehrungs-hotline-erweitert-netzwerk\/","title":{"rendered":"F\u00fchrungs-Hotline erweitert Netzwerk"},"content":{"rendered":"<p>Die F\u00fchrungs-Hotline bietet unter der Telefon-Nummer 071 523 88 88 Sofort-Unterst\u00fctzung bei Problemfeldern im Unternehmensalltag an. Experten verschiedener Fachrichtungen wie HRM, Marketing, Finanzen, Recht, Kommunikation, IT, Strategie stehen zur Verf\u00fcgung, wenn akute Probleme auftreten. Auch\u00a0bei drohender\u00a0Gefahr an Leib und Leben (etwa Suiziddrohungen von Mitarbeitenden)\u00a0steht die F\u00fchrungs-Hotline zur Verf\u00fcgung und leitet die Anfragen sofort an Spezialisten weiter.<\/p>\n<figure id=\"attachment_1445\" aria-describedby=\"caption-attachment-1445\" style=\"width: 440px\" class=\"wp-caption alignnone\"><img loading=\"lazy\" decoding=\"async\" class=\"size-full wp-image-1445\" src=\"https:\/\/www.organisator.ch\/wp-content\/uploads\/2017\/02\/Fuehrungs-Hotline-erweitert-Netzwerk_Organisator.jpg\" alt=\"\" width=\"440\" height=\"441\" srcset=\"https:\/\/www.organisator.ch\/wp-content\/uploads\/2017\/02\/Fuehrungs-Hotline-erweitert-Netzwerk_Organisator.jpg 440w, https:\/\/www.organisator.ch\/wp-content\/uploads\/2017\/02\/Fuehrungs-Hotline-erweitert-Netzwerk_Organisator-150x150.jpg 150w, https:\/\/www.organisator.ch\/wp-content\/uploads\/2017\/02\/Fuehrungs-Hotline-erweitert-Netzwerk_Organisator-12x12.jpg 12w, https:\/\/www.organisator.ch\/wp-content\/uploads\/2017\/02\/Fuehrungs-Hotline-erweitert-Netzwerk_Organisator-175x175.jpg 175w, https:\/\/www.organisator.ch\/wp-content\/uploads\/2017\/02\/Fuehrungs-Hotline-erweitert-Netzwerk_Organisator-349x350.jpg 349w, https:\/\/www.organisator.ch\/wp-content\/uploads\/2017\/02\/Fuehrungs-Hotline-erweitert-Netzwerk_Organisator-250x250.jpg 250w, https:\/\/www.organisator.ch\/wp-content\/uploads\/2017\/02\/Fuehrungs-Hotline-erweitert-Netzwerk_Organisator-300x301.jpg 300w, https:\/\/www.organisator.ch\/wp-content\/uploads\/2017\/02\/Fuehrungs-Hotline-erweitert-Netzwerk_Organisator-100x100.jpg 100w\" sizes=\"auto, (max-width: 440px) 100vw, 440px\" \/><figcaption id=\"caption-attachment-1445\" class=\"wp-caption-text\">Erg\u00e4nzt das Netzwerk der F\u00fchrungs-Hotline: Mark Widmer von Licht LRC.<\/figcaption><\/figure>\n<p>Das Team der F\u00fchrungs-Hotline unter der Leitung der beiden Unternehmensberater Bettina Osterwalder und Guido Kriech wurde k\u00fcrzlich um zwei weitere Netzwerk-Partner erweitert. Zum einen wird Mark Widmer von <a href=\"https:\/\/www.interim-verkaufsleiter.ch\/\">Licht LRC AG<\/a>\u00a0dank seiner Erfahrung in diversen Branchen als Verkaufstrainer bei Fragen und Herausforderungen in den Bereichen, Verkauf und Kundengewinnung zur Verf\u00fcgung stehen. &#8222;Als Verkaufstrainer bei Umberto Saxer Training AG, einem der renommiertesten Verkaufstrainings-Unternehmen im deutschsprachigen Raum, habe ich als Trainer und Coach ein Unternehmen in Deutschland begleitet, welches sich in nur 6 Jahren\u00a0von 2 Millionen Euro\u00a0Umsatz und 11 Mitarbeitenden\u00a0auf\u00a097 Millionen Euro Umsatz mit \u00fcber\u00a0100 Mitarbeitenden\u00a0entwickelt hat. Dies in einem reinen Verdr\u00e4ngungsmarkt. Licht-LRC AG erg\u00e4nzt die F\u00fchrungshotline, wenn es um Fragen von Auf-, Ausbau und Schulung von Verkaufsorganisationen geht. Denn als F\u00fchrungskraft steht man immer wieder vor den Frage: &#8218;Wieso erreichen wir die Umsatzziele nicht?&#8216;\u00a0 Hier k\u00f6nnen wir mit unserer Erfahrung, oft und schnell neue Ans\u00e4tze finden, die zum Erfolg f\u00fchren&#8220;, so Mark Widmer.<\/p>\n<p>Zum andern konnte Christian G\u00f6tz von BESTSEC als Netzwerk-Partner gewonnen werden. Er sagt zu seinem Engagement bei der F\u00fchrungs-Hotline: &#8222;Mit unseren L\u00f6sungen der physischen Sicherheit entsteht f\u00fcr den Kunden ein solides Fundament, welches im Ereignisfall die Abwicklung st\u00fctzt. Jedes Unternehmen bietet andere Voraussetzungen, diese m\u00fcssen in die L\u00f6sungen miteinbezogen werden. Mit diesem Knowhow, von der Planung der sicherheitsrelevanten Gewerke, bis hin zur Ermittlung bei Unregelm\u00e4ssigkeiten entsteht ein Gewinn f\u00fcr jeden Kunden.&#8220;<\/p>\n<p>Die Dienstleistungen der F\u00fchrungs-Hotline sind im Abonnement erh\u00e4ltlich. Weitere Informationen gibt es <a href=\"http:\/\/www.f\u00fchrungshotline.ch\/de\">hier<\/a>.<\/p>\n<p>&nbsp;<\/p>\n","protected":false},"excerpt":{"rendered":"<p>Die F\u00fchrungs-Hotline bietet unter der Telefon-Nummer 071 523 88 88 Sofort-Unterst\u00fctzung bei Problemfeldern im Unternehmensalltag an. Experten verschiedener Fachrichtungen wie HRM, Marketing, Finanzen, Recht, Kommunikation, IT, Strategie stehen zur Verf\u00fcgung, wenn akute Probleme auftreten. Auch\u00a0bei drohender\u00a0Gefahr an Leib und Leben (etwa Suiziddrohungen von Mitarbeitenden)\u00a0steht die F\u00fchrungs-Hotline zur Verf\u00fcgung und leitet die Anfragen sofort an Spezialisten [&hellip;]<\/p>\n","protected":false},"author":4,"featured_media":1445,"comment_status":"open","ping_status":"open","sticky":false,"template":"","format":"standard","meta":{"_acf_changed":false,"_yoast_wpseo_focuskw":"F\u00fchrungs-Hotline","_yoast_wpseo_metadesc":"Die F\u00fchrungs-Hotline bietet unter der Telefon-Nummer 071 523 88 88 Sofort-Unterst\u00fctzung bei Problemfeldern im Unternehmensalltag an.","articlekey":"","footnotes":""},"categories":[28],"tags":[208,335,381,393,400],"class_list":["post-1443","post","type-post","status-publish","format-standard","has-post-thumbnail","hentry","category-management","tag-fit-im-job","tag-management-und-unternehmensfuehrung","tag-personalia","tag-produkte","tag-psychische-gesundheit"],"acf":[],"yoast_head":"<!-- This site is optimized with the Yoast SEO plugin v27.5 - https:\/\/yoast.com\/product\/yoast-seo-wordpress\/ -->\n<title>F\u00fchrungs-Hotline erweitert Netzwerk - Organisator<\/title>\n<meta name=\"description\" content=\"Die F\u00fchrungs-Hotline bietet unter der Telefon-Nummer 071 523 88 88 Sofort-Unterst\u00fctzung bei Problemfeldern im Unternehmensalltag an.\" \/>\n<meta name=\"robots\" content=\"index, follow, max-snippet:-1, max-image-preview:large, max-video-preview:-1\" \/>\n<link rel=\"canonical\" href=\"https:\/\/www.organisator.ch\/de\/management\/2017-02-01\/fuehrungs-hotline-erweitert-netzwerk\/\" \/>\n<meta property=\"og:locale\" content=\"de_DE\" \/>\n<meta property=\"og:type\" content=\"article\" \/>\n<meta property=\"og:title\" content=\"#F\u00fchrungs-Hotline erweitert Netzwerk\" \/>\n<meta property=\"og:description\" content=\"Die #F\u00fchrungs-Hotline, Anlaufstelle f\u00fcr Unternehmer und F\u00fchrungskr\u00e4fte bei diversen akuten #Problemfeldern im Unternehmensalltag, hat ihr Netzwerk um zwei kompetente Pers\u00f6nlichkeiten erweitert.\" \/>\n<meta property=\"og:url\" content=\"https:\/\/www.organisator.ch\/de\/management\/2017-02-01\/fuehrungs-hotline-erweitert-netzwerk\/\" \/>\n<meta property=\"og:site_name\" content=\"Organisator\" \/>\n<meta property=\"article:publisher\" content=\"https:\/\/www.facebook.com\/OrganisatorFachmagazin\" \/>\n<meta property=\"article:published_time\" content=\"2017-02-01T10:24:12+00:00\" \/>\n<meta property=\"og:image\" content=\"https:\/\/www.organisator.ch\/wp-content\/uploads\/2017\/02\/Fuehrungs-Hotline-erweitert-Netzwerk-2_Organisator.png\" \/>\n\t<meta property=\"og:image:width\" content=\"200\" \/>\n\t<meta property=\"og:image:height\" content=\"161\" \/>\n\t<meta property=\"og:image:type\" content=\"image\/png\" \/>\n<meta name=\"author\" content=\"thomas.berner\" \/>\n<meta name=\"twitter:card\" content=\"summary_large_image\" \/>\n<meta name=\"twitter:title\" content=\"#F\u00fchrungs-Hotline erweitert Netzwerk\" \/>\n<meta name=\"twitter:description\" content=\"Die #F\u00fchrungs-Hotline, Anlaufstelle f\u00fcr Unternehmer und F\u00fchrungskr\u00e4fte bei diversen akuten #Problemfeldern im Unternehmensalltag, hat ihr Netzwerk um zwei kompetente Pers\u00f6nlichkeiten erweitert.\" \/>\n<meta name=\"twitter:image\" content=\"https:\/\/www.organisator.ch\/wp-content\/uploads\/2017\/02\/F\u00fchrungs-Hotline-erweitert-Netzwerk-2_Organisator.png\" \/>\n<script type=\"application\/ld+json\" class=\"yoast-schema-graph\">{\"@context\":\"https:\\\/\\\/schema.org\",\"@graph\":[{\"@type\":\"Article\",\"@id\":\"https:\\\/\\\/www.organisator.ch\\\/management\\\/2017-02-01\\\/fuehrungs-hotline-erweitert-netzwerk\\\/#article\",\"isPartOf\":{\"@id\":\"https:\\\/\\\/www.organisator.ch\\\/management\\\/2017-02-01\\\/fuehrungs-hotline-erweitert-netzwerk\\\/\"},\"author\":{\"name\":\"thomas.berner\",\"@id\":\"https:\\\/\\\/www.organisator.ch\\\/#\\\/schema\\\/person\\\/6f650f90b2842cd4c0cc334b4e36f67e\"},\"headline\":\"F\u00fchrungs-Hotline erweitert Netzwerk\",\"datePublished\":\"2017-02-01T10:24:12+00:00\",\"mainEntityOfPage\":{\"@id\":\"https:\\\/\\\/www.organisator.ch\\\/management\\\/2017-02-01\\\/fuehrungs-hotline-erweitert-netzwerk\\\/\"},\"wordCount\":343,\"commentCount\":0,\"publisher\":{\"@id\":\"https:\\\/\\\/www.organisator.ch\\\/#organization\"},\"image\":{\"@id\":\"https:\\\/\\\/www.organisator.ch\\\/management\\\/2017-02-01\\\/fuehrungs-hotline-erweitert-netzwerk\\\/#primaryimage\"},\"thumbnailUrl\":\"https:\\\/\\\/www.organisator.ch\\\/wp-content\\\/uploads\\\/2017\\\/02\\\/Fuehrungs-Hotline-erweitert-Netzwerk_Organisator.jpg\",\"keywords\":[\"Fit im Job\",\"Management und Unternehmensf\u00fchrung\",\"Personalia\",\"Produkte\",\"Psychische Gesundheit\"],\"articleSection\":[\"MANAGEMENT\"],\"inLanguage\":\"de\"},{\"@type\":\"WebPage\",\"@id\":\"https:\\\/\\\/www.organisator.ch\\\/management\\\/2017-02-01\\\/fuehrungs-hotline-erweitert-netzwerk\\\/\",\"url\":\"https:\\\/\\\/www.organisator.ch\\\/management\\\/2017-02-01\\\/fuehrungs-hotline-erweitert-netzwerk\\\/\",\"name\":\"F\u00fchrungs-Hotline erweitert Netzwerk - Organisator\",\"isPartOf\":{\"@id\":\"https:\\\/\\\/www.organisator.ch\\\/#website\"},\"primaryImageOfPage\":{\"@id\":\"https:\\\/\\\/www.organisator.ch\\\/management\\\/2017-02-01\\\/fuehrungs-hotline-erweitert-netzwerk\\\/#primaryimage\"},\"image\":{\"@id\":\"https:\\\/\\\/www.organisator.ch\\\/management\\\/2017-02-01\\\/fuehrungs-hotline-erweitert-netzwerk\\\/#primaryimage\"},\"thumbnailUrl\":\"https:\\\/\\\/www.organisator.ch\\\/wp-content\\\/uploads\\\/2017\\\/02\\\/Fuehrungs-Hotline-erweitert-Netzwerk_Organisator.jpg\",\"datePublished\":\"2017-02-01T10:24:12+00:00\",\"description\":\"Die F\u00fchrungs-Hotline bietet unter der Telefon-Nummer 071 523 88 88 Sofort-Unterst\u00fctzung bei Problemfeldern im Unternehmensalltag an.\",\"breadcrumb\":{\"@id\":\"https:\\\/\\\/www.organisator.ch\\\/management\\\/2017-02-01\\\/fuehrungs-hotline-erweitert-netzwerk\\\/#breadcrumb\"},\"inLanguage\":\"de\",\"potentialAction\":[{\"@type\":\"ReadAction\",\"target\":[\"https:\\\/\\\/www.organisator.ch\\\/management\\\/2017-02-01\\\/fuehrungs-hotline-erweitert-netzwerk\\\/\"]}]},{\"@type\":\"ImageObject\",\"inLanguage\":\"de\",\"@id\":\"https:\\\/\\\/www.organisator.ch\\\/management\\\/2017-02-01\\\/fuehrungs-hotline-erweitert-netzwerk\\\/#primaryimage\",\"url\":\"https:\\\/\\\/www.organisator.ch\\\/wp-content\\\/uploads\\\/2017\\\/02\\\/Fuehrungs-Hotline-erweitert-Netzwerk_Organisator.jpg\",\"contentUrl\":\"https:\\\/\\\/www.organisator.ch\\\/wp-content\\\/uploads\\\/2017\\\/02\\\/Fuehrungs-Hotline-erweitert-Netzwerk_Organisator.jpg\",\"width\":440,\"height\":441,\"caption\":\"Erg\u00e4nzt das Netzwerk der F\u00fchrungs-Hotline: Mark Widmer von Licht LRC.\"},{\"@type\":\"BreadcrumbList\",\"@id\":\"https:\\\/\\\/www.organisator.ch\\\/management\\\/2017-02-01\\\/fuehrungs-hotline-erweitert-netzwerk\\\/#breadcrumb\",\"itemListElement\":[{\"@type\":\"ListItem\",\"position\":1,\"name\":\"Home\",\"item\":\"https:\\\/\\\/www.organisator.ch\\\/\"},{\"@type\":\"ListItem\",\"position\":2,\"name\":\"F\u00fchrungs-Hotline erweitert Netzwerk\"}]},{\"@type\":\"WebSite\",\"@id\":\"https:\\\/\\\/www.organisator.ch\\\/#website\",\"url\":\"https:\\\/\\\/www.organisator.ch\\\/\",\"name\":\"Organisator\",\"description\":\"Kompetent. Praxisnah. Der ORGANISATOR bereitet in 10 Ausgaben pro Jahr die wesentlichen Themen f\u00fcr F\u00fchrungskr\u00e4fte von KMU auf.\",\"publisher\":{\"@id\":\"https:\\\/\\\/www.organisator.ch\\\/#organization\"},\"potentialAction\":[{\"@type\":\"SearchAction\",\"target\":{\"@type\":\"EntryPoint\",\"urlTemplate\":\"https:\\\/\\\/www.organisator.ch\\\/?s={search_term_string}\"},\"query-input\":{\"@type\":\"PropertyValueSpecification\",\"valueRequired\":true,\"valueName\":\"search_term_string\"}}],\"inLanguage\":\"de\"},{\"@type\":\"Organization\",\"@id\":\"https:\\\/\\\/www.organisator.ch\\\/#organization\",\"name\":\"Organisator\",\"url\":\"https:\\\/\\\/www.organisator.ch\\\/\",\"logo\":{\"@type\":\"ImageObject\",\"inLanguage\":\"de\",\"@id\":\"https:\\\/\\\/www.organisator.ch\\\/#\\\/schema\\\/logo\\\/image\\\/\",\"url\":\"https:\\\/\\\/www.organisator.ch\\\/wp-content\\\/uploads\\\/2022\\\/01\\\/Logo_Organisator_Website.png\",\"contentUrl\":\"https:\\\/\\\/www.organisator.ch\\\/wp-content\\\/uploads\\\/2022\\\/01\\\/Logo_Organisator_Website.png\",\"width\":800,\"height\":77,\"caption\":\"Organisator\"},\"image\":{\"@id\":\"https:\\\/\\\/www.organisator.ch\\\/#\\\/schema\\\/logo\\\/image\\\/\"},\"sameAs\":[\"https:\\\/\\\/www.facebook.com\\\/OrganisatorFachmagazin\",\"https:\\\/\\\/www.linkedin.com\\\/showcase\\\/organisator-das-magazin-fr-kmu\",\"https:\\\/\\\/www.xing.com\\\/news\\\/pages\\\/organisator-ch-695\",\"https:\\\/\\\/www.youtube.com\\\/channel\\\/UCGP2Sq0iWaZwT3BdIAQFYpw\"]},{\"@type\":\"Person\",\"@id\":\"https:\\\/\\\/www.organisator.ch\\\/#\\\/schema\\\/person\\\/6f650f90b2842cd4c0cc334b4e36f67e\",\"name\":\"thomas.berner\",\"image\":{\"@type\":\"ImageObject\",\"inLanguage\":\"de\",\"@id\":\"https:\\\/\\\/secure.gravatar.com\\\/avatar\\\/ac5001d2a36cb6c6cd3e50789007ffca834b477b74a2144564522e944eabff61?s=96&d=mm&r=g\",\"url\":\"https:\\\/\\\/secure.gravatar.com\\\/avatar\\\/ac5001d2a36cb6c6cd3e50789007ffca834b477b74a2144564522e944eabff61?s=96&d=mm&r=g\",\"contentUrl\":\"https:\\\/\\\/secure.gravatar.com\\\/avatar\\\/ac5001d2a36cb6c6cd3e50789007ffca834b477b74a2144564522e944eabff61?s=96&d=mm&r=g\",\"caption\":\"thomas.berner\"},\"url\":\"https:\\\/\\\/www.organisator.ch\\\/de\\\/author\\\/thomas-berner\\\/\"}]}<\/script>\n<!-- \/ Yoast SEO plugin. -->","yoast_head_json":{"title":"F\u00fchrungs-Hotline erweitert Netzwerk - Organisator","description":"Die F\u00fchrungs-Hotline bietet unter der Telefon-Nummer 071 523 88 88 Sofort-Unterst\u00fctzung bei Problemfeldern im Unternehmensalltag an.","robots":{"index":"index","follow":"follow","max-snippet":"max-snippet:-1","max-image-preview":"max-image-preview:large","max-video-preview":"max-video-preview:-1"},"canonical":"https:\/\/www.organisator.ch\/de\/management\/2017-02-01\/fuehrungs-hotline-erweitert-netzwerk\/","og_locale":"de_DE","og_type":"article","og_title":"#F\u00fchrungs-Hotline erweitert Netzwerk","og_description":"Die #F\u00fchrungs-Hotline, Anlaufstelle f\u00fcr Unternehmer und F\u00fchrungskr\u00e4fte bei diversen akuten #Problemfeldern im Unternehmensalltag, hat ihr Netzwerk um zwei kompetente Pers\u00f6nlichkeiten erweitert.","og_url":"https:\/\/www.organisator.ch\/de\/management\/2017-02-01\/fuehrungs-hotline-erweitert-netzwerk\/","og_site_name":"Organisator","article_publisher":"https:\/\/www.facebook.com\/OrganisatorFachmagazin","article_published_time":"2017-02-01T10:24:12+00:00","og_image":[{"width":200,"height":161,"url":"https:\/\/www.organisator.ch\/wp-content\/uploads\/2017\/02\/Fuehrungs-Hotline-erweitert-Netzwerk-2_Organisator.png","type":"image\/png"}],"author":"thomas.berner","twitter_card":"summary_large_image","twitter_title":"#F\u00fchrungs-Hotline erweitert Netzwerk","twitter_description":"Die #F\u00fchrungs-Hotline, Anlaufstelle f\u00fcr Unternehmer und F\u00fchrungskr\u00e4fte bei diversen akuten #Problemfeldern im Unternehmensalltag, hat ihr Netzwerk um zwei kompetente Pers\u00f6nlichkeiten erweitert.","twitter_image":"https:\/\/www.organisator.ch\/wp-content\/uploads\/2017\/02\/F\u00fchrungs-Hotline-erweitert-Netzwerk-2_Organisator.png","schema":{"@context":"https:\/\/schema.org","@graph":[{"@type":"Article","@id":"https:\/\/www.organisator.ch\/management\/2017-02-01\/fuehrungs-hotline-erweitert-netzwerk\/#article","isPartOf":{"@id":"https:\/\/www.organisator.ch\/management\/2017-02-01\/fuehrungs-hotline-erweitert-netzwerk\/"},"author":{"name":"thomas.berner","@id":"https:\/\/www.organisator.ch\/#\/schema\/person\/6f650f90b2842cd4c0cc334b4e36f67e"},"headline":"F\u00fchrungs-Hotline erweitert Netzwerk","datePublished":"2017-02-01T10:24:12+00:00","mainEntityOfPage":{"@id":"https:\/\/www.organisator.ch\/management\/2017-02-01\/fuehrungs-hotline-erweitert-netzwerk\/"},"wordCount":343,"commentCount":0,"publisher":{"@id":"https:\/\/www.organisator.ch\/#organization"},"image":{"@id":"https:\/\/www.organisator.ch\/management\/2017-02-01\/fuehrungs-hotline-erweitert-netzwerk\/#primaryimage"},"thumbnailUrl":"https:\/\/www.organisator.ch\/wp-content\/uploads\/2017\/02\/Fuehrungs-Hotline-erweitert-Netzwerk_Organisator.jpg","keywords":["Fit im Job","Management und Unternehmensf\u00fchrung","Personalia","Produkte","Psychische Gesundheit"],"articleSection":["MANAGEMENT"],"inLanguage":"de"},{"@type":"WebPage","@id":"https:\/\/www.organisator.ch\/management\/2017-02-01\/fuehrungs-hotline-erweitert-netzwerk\/","url":"https:\/\/www.organisator.ch\/management\/2017-02-01\/fuehrungs-hotline-erweitert-netzwerk\/","name":"F\u00fchrungs-Hotline erweitert Netzwerk - Organisator","isPartOf":{"@id":"https:\/\/www.organisator.ch\/#website"},"primaryImageOfPage":{"@id":"https:\/\/www.organisator.ch\/management\/2017-02-01\/fuehrungs-hotline-erweitert-netzwerk\/#primaryimage"},"image":{"@id":"https:\/\/www.organisator.ch\/management\/2017-02-01\/fuehrungs-hotline-erweitert-netzwerk\/#primaryimage"},"thumbnailUrl":"https:\/\/www.organisator.ch\/wp-content\/uploads\/2017\/02\/Fuehrungs-Hotline-erweitert-Netzwerk_Organisator.jpg","datePublished":"2017-02-01T10:24:12+00:00","description":"Die F\u00fchrungs-Hotline bietet unter der Telefon-Nummer 071 523 88 88 Sofort-Unterst\u00fctzung bei Problemfeldern im Unternehmensalltag an.","breadcrumb":{"@id":"https:\/\/www.organisator.ch\/management\/2017-02-01\/fuehrungs-hotline-erweitert-netzwerk\/#breadcrumb"},"inLanguage":"de","potentialAction":[{"@type":"ReadAction","target":["https:\/\/www.organisator.ch\/management\/2017-02-01\/fuehrungs-hotline-erweitert-netzwerk\/"]}]},{"@type":"ImageObject","inLanguage":"de","@id":"https:\/\/www.organisator.ch\/management\/2017-02-01\/fuehrungs-hotline-erweitert-netzwerk\/#primaryimage","url":"https:\/\/www.organisator.ch\/wp-content\/uploads\/2017\/02\/Fuehrungs-Hotline-erweitert-Netzwerk_Organisator.jpg","contentUrl":"https:\/\/www.organisator.ch\/wp-content\/uploads\/2017\/02\/Fuehrungs-Hotline-erweitert-Netzwerk_Organisator.jpg","width":440,"height":441,"caption":"Erg\u00e4nzt das Netzwerk der F\u00fchrungs-Hotline: Mark Widmer von Licht LRC."},{"@type":"BreadcrumbList","@id":"https:\/\/www.organisator.ch\/management\/2017-02-01\/fuehrungs-hotline-erweitert-netzwerk\/#breadcrumb","itemListElement":[{"@type":"ListItem","position":1,"name":"Home","item":"https:\/\/www.organisator.ch\/"},{"@type":"ListItem","position":2,"name":"F\u00fchrungs-Hotline erweitert Netzwerk"}]},{"@type":"WebSite","@id":"https:\/\/www.organisator.ch\/#website","url":"https:\/\/www.organisator.ch\/","name":"Organisator","description":"Kompetent. Praxisnah. Der ORGANISATOR bereitet in 10 Ausgaben pro Jahr die wesentlichen Themen f\u00fcr F\u00fchrungskr\u00e4fte von KMU auf.","publisher":{"@id":"https:\/\/www.organisator.ch\/#organization"},"potentialAction":[{"@type":"SearchAction","target":{"@type":"EntryPoint","urlTemplate":"https:\/\/www.organisator.ch\/?s={search_term_string}"},"query-input":{"@type":"PropertyValueSpecification","valueRequired":true,"valueName":"search_term_string"}}],"inLanguage":"de"},{"@type":"Organization","@id":"https:\/\/www.organisator.ch\/#organization","name":"Organisator","url":"https:\/\/www.organisator.ch\/","logo":{"@type":"ImageObject","inLanguage":"de","@id":"https:\/\/www.organisator.ch\/#\/schema\/logo\/image\/","url":"https:\/\/www.organisator.ch\/wp-content\/uploads\/2022\/01\/Logo_Organisator_Website.png","contentUrl":"https:\/\/www.organisator.ch\/wp-content\/uploads\/2022\/01\/Logo_Organisator_Website.png","width":800,"height":77,"caption":"Organisator"},"image":{"@id":"https:\/\/www.organisator.ch\/#\/schema\/logo\/image\/"},"sameAs":["https:\/\/www.facebook.com\/OrganisatorFachmagazin","https:\/\/www.linkedin.com\/showcase\/organisator-das-magazin-fr-kmu","https:\/\/www.xing.com\/news\/pages\/organisator-ch-695","https:\/\/www.youtube.com\/channel\/UCGP2Sq0iWaZwT3BdIAQFYpw"]},{"@type":"Person","@id":"https:\/\/www.organisator.ch\/#\/schema\/person\/6f650f90b2842cd4c0cc334b4e36f67e","name":"thomas.berner","image":{"@type":"ImageObject","inLanguage":"de","@id":"https:\/\/secure.gravatar.com\/avatar\/ac5001d2a36cb6c6cd3e50789007ffca834b477b74a2144564522e944eabff61?s=96&d=mm&r=g","url":"https:\/\/secure.gravatar.com\/avatar\/ac5001d2a36cb6c6cd3e50789007ffca834b477b74a2144564522e944eabff61?s=96&d=mm&r=g","contentUrl":"https:\/\/secure.gravatar.com\/avatar\/ac5001d2a36cb6c6cd3e50789007ffca834b477b74a2144564522e944eabff61?s=96&d=mm&r=g","caption":"thomas.berner"},"url":"https:\/\/www.organisator.ch\/de\/author\/thomas-berner\/"}]}},"_links":{"self":[{"href":"https:\/\/www.organisator.ch\/de\/wp-json\/wp\/v2\/posts\/1443","targetHints":{"allow":["GET"]}}],"collection":[{"href":"https:\/\/www.organisator.ch\/de\/wp-json\/wp\/v2\/posts"}],"about":[{"href":"https:\/\/www.organisator.ch\/de\/wp-json\/wp\/v2\/types\/post"}],"author":[{"embeddable":true,"href":"https:\/\/www.organisator.ch\/de\/wp-json\/wp\/v2\/users\/4"}],"replies":[{"embeddable":true,"href":"https:\/\/www.organisator.ch\/de\/wp-json\/wp\/v2\/comments?post=1443"}],"version-history":[{"count":0,"href":"https:\/\/www.organisator.ch\/de\/wp-json\/wp\/v2\/posts\/1443\/revisions"}],"wp:featuredmedia":[{"embeddable":true,"href":"https:\/\/www.organisator.ch\/de\/wp-json\/wp\/v2\/media\/1445"}],"wp:attachment":[{"href":"https:\/\/www.organisator.ch\/de\/wp-json\/wp\/v2\/media?parent=1443"}],"wp:term":[{"taxonomy":"category","embeddable":true,"href":"https:\/\/www.organisator.ch\/de\/wp-json\/wp\/v2\/categories?post=1443"},{"taxonomy":"post_tag","embeddable":true,"href":"https:\/\/www.organisator.ch\/de\/wp-json\/wp\/v2\/tags?post=1443"}],"curies":[{"name":"wp","href":"https:\/\/api.w.org\/{rel}","templated":true}]}}