{"id":14513,"date":"2022-06-13T13:36:42","date_gmt":"2022-06-13T11:36:42","guid":{"rendered":"https:\/\/www.organisator.ch\/?p=14513"},"modified":"2022-06-13T13:36:42","modified_gmt":"2022-06-13T11:36:42","slug":"unternehmertag-mit-joe-kaeser-und-monisha-kaltenborn","status":"publish","type":"post","link":"https:\/\/www.organisator.ch\/de\/management\/2022-06-13\/unternehmertag-mit-joe-kaeser-und-monisha-kaltenborn\/","title":{"rendered":"Unternehmertag mit Joe Kaeser und Monisha Kaltenborn"},"content":{"rendered":"<figure id=\"attachment_14514\" aria-describedby=\"caption-attachment-14514\" style=\"width: 680px\" class=\"wp-caption alignnone\"><img loading=\"lazy\" decoding=\"async\" class=\"size-full wp-image-14514\" src=\"https:\/\/www.organisator.ch\/wp-content\/uploads\/2022\/06\/Unternehmertag-mit-Joe-Kaeser-und-Monisha-Kaltenborn_Organisator.jpg\" alt=\"\" width=\"680\" height=\"501\" srcset=\"https:\/\/www.organisator.ch\/wp-content\/uploads\/2022\/06\/Unternehmertag-mit-Joe-Kaeser-und-Monisha-Kaltenborn_Organisator.jpg 680w, https:\/\/www.organisator.ch\/wp-content\/uploads\/2022\/06\/Unternehmertag-mit-Joe-Kaeser-und-Monisha-Kaltenborn_Organisator-16x12.jpg 16w, https:\/\/www.organisator.ch\/wp-content\/uploads\/2022\/06\/Unternehmertag-mit-Joe-Kaeser-und-Monisha-Kaltenborn_Organisator-238x175.jpg 238w, https:\/\/www.organisator.ch\/wp-content\/uploads\/2022\/06\/Unternehmertag-mit-Joe-Kaeser-und-Monisha-Kaltenborn_Organisator-475x350.jpg 475w, https:\/\/www.organisator.ch\/wp-content\/uploads\/2022\/06\/Unternehmertag-mit-Joe-Kaeser-und-Monisha-Kaltenborn_Organisator-300x221.jpg 300w\" sizes=\"auto, (max-width: 680px) 100vw, 680px\" \/><figcaption id=\"caption-attachment-14514\" class=\"wp-caption-text\">Sabine Monauni, Joe Kaeser, Peter Bofinger, Monisha Kaltenborn, Markus Kaiser und Katharina Lehmann treten am Unternehmertag in Vaduz auf. (Bild: zVg)<\/figcaption><\/figure>\n<p>In unsicheren und instabilen Zeiten sind F\u00fchrungskr\u00e4fte gefragt, welche Orientierung und Stabilit\u00e4t vermitteln k\u00f6nnen. Die aktuellen Herausforderungen, vor denen Politik, Wirtschaft und Gesellschaft stehen, erfordern vertrauensw\u00fcrdige F\u00fchrungskr\u00e4fte und eine moderne Unternehmenskultur. Der Unternehmertag vom Mittwoch, 6. Juli 2022, in der Spoerry Halle Vaduz steht denn auch unter dem Titel \u00abF\u00fchren in der Instabilit\u00e4t\u00bb und beleuchtet das topaktuelle Thema aus unterschiedlichen Blickwinkeln. Der Anlass wird bereits zum 17. Mal durchgef\u00fchrt. Die G\u00e4ste erwarten spannende Referate, informative Talkrunden und attraktive Netzwerk-M\u00f6glichkeiten.<\/p>\n<h3><strong>Massive Ver\u00e4nderungen erfordern Leadership<\/strong><\/h3>\n<p>Nach der Begr\u00fcssungsansprache von Liechtensteins Regierungschef-Stellvertreterin und Wirtschaftsministerin Sabine Monauni erkl\u00e4rt Top-Manager Joe Kaeser, warum Leadership gerade in Krisenzeiten von besonderer Bedeutung ist. Er ist davon \u00fcberzeugt, dass die Gesellschaft vor massiven disruptiven Ver\u00e4nderungen steht und F\u00fchrungskr\u00e4fte mit klarer Haltung und ehrlicher Kommunikation darauf reagieren m\u00fcssen. Kaeser ist einer der profiliertesten Vertreter der deutschen Wirtschaft und bekanntesten Manager in Europa. Er ist Vorsitzender der Aufsichtsr\u00e4te von Siemens Energy und Daimler Truck und verf\u00fcgt \u00fcber mehr als 40 Jahre Berufserfahrung im Siemens-Konzern.<\/p>\n<h3><strong>Lokale Unternehmerpers\u00f6nlichkeiten<\/strong><\/h3>\n<p>Anschliessend zeigen die Lokalmatadoren Markus Kaiser und Katharina Lehmann auf, wie sie ihre Unternehmen in schwierigen Zeiten f\u00fchren, und erkl\u00e4ren, warum familiengef\u00fchrte Firmen langfristiger planen als beispielsweise b\u00f6rsennotierte Unternehmen. Kaiser ist CEO und Mehrheitseigent\u00fcmer der Kaiser AG in Schaanwald mit 600 Mitarbeitenden. Hauptprodukte des Unternehmens sind Fahrzeuge f\u00fcr die Kanalreinigung und industrielle Entsorgung sowie Mobil-Schreitbagger. Lehmann ist CEO und Inhaberin der Lehmann Gruppe in Gossau SG, einem Generalunternehmen sowie Marktf\u00fchrer in der Schweiz f\u00fcr Holzbau, mit rund 400 Mitarbeitenden. Kaiser und Lehmann sind auch Jurymitglieder der Auszeichnung \u00abEntrepreneur Of The Year\u00bb in Liechtenstein, welche im Herbst 2022 zum sechsten Mal an eine Unternehmerin oder einen Unternehmer verliehen wird.<\/p>\n<h3><strong>\u00d6konomische Zeitenwende<\/strong><\/h3>\n<p>Nach der Erfrischungspause betritt der \u00d6konom Peter Bofinger die B\u00fchne. Der deutsche Wirtschaftswissenschafter wird dem Publikum erkl\u00e4ren, warum die Corona-Pandemie und der Krieg in der Ukraine auch eine \u00f6konomische Zeitenwende darstellen. Nach Ansicht von Bofinger m\u00fcssen sich die Unternehmen darauf einstellen, dass sich \u00f6konomische Grundlagen grundlegend ver\u00e4ndern und direkte Konsequenzen auf Elemente wie Inflation, Geldpolitik oder Lieferketten haben werden.<\/p>\n<h3><strong>Formel-1-Simulatoren erleben<\/strong><\/h3>\n<p>Zum Abschluss der Tagung blickt die Unternehmerin Monisha Kaltenborn im Gespr\u00e4ch mit Moderatorin Mona Vetsch auf ihre Karriere im Motorrennsport zur\u00fcck und berichtet von ihrem j\u00fcngsten Unternehmen. Racing Unleashed entwickelt Formel-1-Rennsimulatoren und hat sich zum Ziel gesetzt, den Automobil-Rennsport f\u00fcr die breite Bev\u00f6lkerung zu \u00f6ffnen. Abgerundet wird der Unternehmertag mit einem Networking-Ap\u00e9ro. Die Teilnehmerinnen und Teilnehmer k\u00f6nnen in der Netzwerkzone einen Hauch von Formel-1-Flair geniessen, indem sie Rennsimulatoren testen.<\/p>\n<h3><strong>Breite Tr\u00e4gerschaft<\/strong><\/h3>\n<p>Der Unternehmertag bietet Unternehmern und Wirtschaftsinteressierten eine besondere Wissens- und Netzwerk-Plattform. Die Veranstalter erwarten am Unternehmertag wieder mehrere hundert G\u00e4ste aus dem Vierl\u00e4ndereck. Tr\u00e4ger der Tagung ist die Regierung Liechtensteins. An Bord sind zahlreiche Partner aus der Privatwirtschaft und Wirtschaftsverb\u00e4nde. Veranstalter ist der Verein Unternehmertag in Zusammenarbeit mit der Eventagentur Skunk AG.<\/p>\n<p><em>Informationen und Anmeldungen unter <a href=\"http:\/\/www.unternehmertag.li\">www.unternehmertag.li<\/a><\/em><\/p>\n","protected":false},"excerpt":{"rendered":"<p>In unsicheren und instabilen Zeiten sind F\u00fchrungskr\u00e4fte gefragt, welche Orientierung und Stabilit\u00e4t vermitteln k\u00f6nnen. Die aktuellen Herausforderungen, vor denen Politik, Wirtschaft und Gesellschaft stehen, erfordern vertrauensw\u00fcrdige F\u00fchrungskr\u00e4fte und eine moderne Unternehmenskultur. Der Unternehmertag vom Mittwoch, 6. Juli 2022, in der Spoerry Halle Vaduz steht denn auch unter dem Titel \u00abF\u00fchren in der Instabilit\u00e4t\u00bb und beleuchtet [&hellip;]<\/p>\n","protected":false},"author":4,"featured_media":14514,"comment_status":"closed","ping_status":"closed","sticky":false,"template":"","format":"standard","meta":{"_acf_changed":false,"_yoast_wpseo_focuskw":"Unternehmertag","_yoast_wpseo_metadesc":"Der Liechtensteiner Unternehmertag am 6. Juli 2022 in Vaduz widmet sich dem aktuellen Thema \u00abF\u00fchren in der Instabilit\u00e4t\u00bb.","articlekey":"","footnotes":""},"categories":[28],"tags":[193,335,2846],"class_list":["post-14513","post","type-post","status-publish","format-standard","has-post-thumbnail","hentry","category-management","tag-fachkongressfachmesse","tag-management-und-unternehmensfuehrung","tag-tagungen-und-events"],"acf":[],"yoast_head":"<!-- This site is optimized with the Yoast SEO plugin v27.4 - https:\/\/yoast.com\/product\/yoast-seo-wordpress\/ -->\n<title>Unternehmertag mit Joe Kaeser und Monisha Kaltenborn - Organisator<\/title>\n<meta name=\"description\" content=\"Der Liechtensteiner Unternehmertag am 6. Juli 2022 in Vaduz widmet sich dem aktuellen Thema \u00abF\u00fchren in der Instabilit\u00e4t\u00bb.\" \/>\n<meta name=\"robots\" content=\"index, follow, max-snippet:-1, max-image-preview:large, max-video-preview:-1\" \/>\n<link rel=\"canonical\" href=\"https:\/\/www.organisator.ch\/de\/management\/2022-06-13\/unternehmertag-mit-joe-kaeser-und-monisha-kaltenborn\/\" \/>\n<meta property=\"og:locale\" content=\"de_DE\" \/>\n<meta property=\"og:type\" content=\"article\" \/>\n<meta property=\"og:title\" content=\"Unternehmertag mit Joe Kaeser und Monisha Kaltenborn - Organisator\" \/>\n<meta property=\"og:description\" content=\"Der Liechtensteiner Unternehmertag am 6. Juli 2022 in Vaduz widmet sich dem aktuellen Thema \u00abF\u00fchren in der Instabilit\u00e4t\u00bb.\" \/>\n<meta property=\"og:url\" content=\"https:\/\/www.organisator.ch\/de\/management\/2022-06-13\/unternehmertag-mit-joe-kaeser-und-monisha-kaltenborn\/\" \/>\n<meta property=\"og:site_name\" content=\"Organisator\" \/>\n<meta property=\"article:publisher\" content=\"https:\/\/www.facebook.com\/OrganisatorFachmagazin\" \/>\n<meta property=\"article:published_time\" content=\"2022-06-13T11:36:42+00:00\" \/>\n<meta property=\"og:image\" content=\"https:\/\/www.organisator.ch\/wp-content\/uploads\/2022\/06\/Unternehmertag-mit-Joe-Kaeser-und-Monisha-Kaltenborn_Organisator.jpg\" \/>\n\t<meta property=\"og:image:width\" content=\"680\" \/>\n\t<meta property=\"og:image:height\" content=\"501\" \/>\n\t<meta property=\"og:image:type\" content=\"image\/jpeg\" \/>\n<meta name=\"author\" content=\"thomas.berner\" \/>\n<meta name=\"twitter:card\" content=\"summary_large_image\" \/>\n<script type=\"application\/ld+json\" class=\"yoast-schema-graph\">{\"@context\":\"https:\\\/\\\/schema.org\",\"@graph\":[{\"@type\":\"Article\",\"@id\":\"https:\\\/\\\/www.organisator.ch\\\/management\\\/2022-06-13\\\/unternehmertag-mit-joe-kaeser-und-monisha-kaltenborn\\\/#article\",\"isPartOf\":{\"@id\":\"https:\\\/\\\/www.organisator.ch\\\/management\\\/2022-06-13\\\/unternehmertag-mit-joe-kaeser-und-monisha-kaltenborn\\\/\"},\"author\":{\"name\":\"thomas.berner\",\"@id\":\"https:\\\/\\\/www.organisator.ch\\\/#\\\/schema\\\/person\\\/6f650f90b2842cd4c0cc334b4e36f67e\"},\"headline\":\"Unternehmertag mit Joe Kaeser und Monisha Kaltenborn\",\"datePublished\":\"2022-06-13T11:36:42+00:00\",\"mainEntityOfPage\":{\"@id\":\"https:\\\/\\\/www.organisator.ch\\\/management\\\/2022-06-13\\\/unternehmertag-mit-joe-kaeser-und-monisha-kaltenborn\\\/\"},\"wordCount\":544,\"publisher\":{\"@id\":\"https:\\\/\\\/www.organisator.ch\\\/#organization\"},\"image\":{\"@id\":\"https:\\\/\\\/www.organisator.ch\\\/management\\\/2022-06-13\\\/unternehmertag-mit-joe-kaeser-und-monisha-kaltenborn\\\/#primaryimage\"},\"thumbnailUrl\":\"https:\\\/\\\/www.organisator.ch\\\/wp-content\\\/uploads\\\/2022\\\/06\\\/Unternehmertag-mit-Joe-Kaeser-und-Monisha-Kaltenborn_Organisator.jpg\",\"keywords\":[\"Fachkongress\\\/Fachmesse\",\"Management und Unternehmensf\u00fchrung\",\"Tagungen und Events\"],\"articleSection\":[\"MANAGEMENT\"],\"inLanguage\":\"de\"},{\"@type\":\"WebPage\",\"@id\":\"https:\\\/\\\/www.organisator.ch\\\/management\\\/2022-06-13\\\/unternehmertag-mit-joe-kaeser-und-monisha-kaltenborn\\\/\",\"url\":\"https:\\\/\\\/www.organisator.ch\\\/management\\\/2022-06-13\\\/unternehmertag-mit-joe-kaeser-und-monisha-kaltenborn\\\/\",\"name\":\"Unternehmertag mit Joe Kaeser und Monisha Kaltenborn - Organisator\",\"isPartOf\":{\"@id\":\"https:\\\/\\\/www.organisator.ch\\\/#website\"},\"primaryImageOfPage\":{\"@id\":\"https:\\\/\\\/www.organisator.ch\\\/management\\\/2022-06-13\\\/unternehmertag-mit-joe-kaeser-und-monisha-kaltenborn\\\/#primaryimage\"},\"image\":{\"@id\":\"https:\\\/\\\/www.organisator.ch\\\/management\\\/2022-06-13\\\/unternehmertag-mit-joe-kaeser-und-monisha-kaltenborn\\\/#primaryimage\"},\"thumbnailUrl\":\"https:\\\/\\\/www.organisator.ch\\\/wp-content\\\/uploads\\\/2022\\\/06\\\/Unternehmertag-mit-Joe-Kaeser-und-Monisha-Kaltenborn_Organisator.jpg\",\"datePublished\":\"2022-06-13T11:36:42+00:00\",\"description\":\"Der Liechtensteiner Unternehmertag am 6. Juli 2022 in Vaduz widmet sich dem aktuellen Thema \u00abF\u00fchren in der Instabilit\u00e4t\u00bb.\",\"breadcrumb\":{\"@id\":\"https:\\\/\\\/www.organisator.ch\\\/management\\\/2022-06-13\\\/unternehmertag-mit-joe-kaeser-und-monisha-kaltenborn\\\/#breadcrumb\"},\"inLanguage\":\"de\",\"potentialAction\":[{\"@type\":\"ReadAction\",\"target\":[\"https:\\\/\\\/www.organisator.ch\\\/management\\\/2022-06-13\\\/unternehmertag-mit-joe-kaeser-und-monisha-kaltenborn\\\/\"]}]},{\"@type\":\"ImageObject\",\"inLanguage\":\"de\",\"@id\":\"https:\\\/\\\/www.organisator.ch\\\/management\\\/2022-06-13\\\/unternehmertag-mit-joe-kaeser-und-monisha-kaltenborn\\\/#primaryimage\",\"url\":\"https:\\\/\\\/www.organisator.ch\\\/wp-content\\\/uploads\\\/2022\\\/06\\\/Unternehmertag-mit-Joe-Kaeser-und-Monisha-Kaltenborn_Organisator.jpg\",\"contentUrl\":\"https:\\\/\\\/www.organisator.ch\\\/wp-content\\\/uploads\\\/2022\\\/06\\\/Unternehmertag-mit-Joe-Kaeser-und-Monisha-Kaltenborn_Organisator.jpg\",\"width\":680,\"height\":501,\"caption\":\"Sabine Monauni, Joe Kaeser, Peter Bofinger, Monisha Kaltenborn, Markus Kaiser und Monisha Kaltenborn treten am Unternehmertag in Vaduz auf. (Bild: zVg)\"},{\"@type\":\"BreadcrumbList\",\"@id\":\"https:\\\/\\\/www.organisator.ch\\\/management\\\/2022-06-13\\\/unternehmertag-mit-joe-kaeser-und-monisha-kaltenborn\\\/#breadcrumb\",\"itemListElement\":[{\"@type\":\"ListItem\",\"position\":1,\"name\":\"Home\",\"item\":\"https:\\\/\\\/www.organisator.ch\\\/\"},{\"@type\":\"ListItem\",\"position\":2,\"name\":\"Unternehmertag mit Joe Kaeser und Monisha Kaltenborn\"}]},{\"@type\":\"WebSite\",\"@id\":\"https:\\\/\\\/www.organisator.ch\\\/#website\",\"url\":\"https:\\\/\\\/www.organisator.ch\\\/\",\"name\":\"Organisator\",\"description\":\"Kompetent. Praxisnah. Der ORGANISATOR bereitet in 10 Ausgaben pro Jahr die wesentlichen Themen f\u00fcr F\u00fchrungskr\u00e4fte von KMU auf.\",\"publisher\":{\"@id\":\"https:\\\/\\\/www.organisator.ch\\\/#organization\"},\"potentialAction\":[{\"@type\":\"SearchAction\",\"target\":{\"@type\":\"EntryPoint\",\"urlTemplate\":\"https:\\\/\\\/www.organisator.ch\\\/?s={search_term_string}\"},\"query-input\":{\"@type\":\"PropertyValueSpecification\",\"valueRequired\":true,\"valueName\":\"search_term_string\"}}],\"inLanguage\":\"de\"},{\"@type\":\"Organization\",\"@id\":\"https:\\\/\\\/www.organisator.ch\\\/#organization\",\"name\":\"Organisator\",\"url\":\"https:\\\/\\\/www.organisator.ch\\\/\",\"logo\":{\"@type\":\"ImageObject\",\"inLanguage\":\"de\",\"@id\":\"https:\\\/\\\/www.organisator.ch\\\/#\\\/schema\\\/logo\\\/image\\\/\",\"url\":\"https:\\\/\\\/www.organisator.ch\\\/wp-content\\\/uploads\\\/2022\\\/01\\\/Logo_Organisator_Website.png\",\"contentUrl\":\"https:\\\/\\\/www.organisator.ch\\\/wp-content\\\/uploads\\\/2022\\\/01\\\/Logo_Organisator_Website.png\",\"width\":800,\"height\":77,\"caption\":\"Organisator\"},\"image\":{\"@id\":\"https:\\\/\\\/www.organisator.ch\\\/#\\\/schema\\\/logo\\\/image\\\/\"},\"sameAs\":[\"https:\\\/\\\/www.facebook.com\\\/OrganisatorFachmagazin\",\"https:\\\/\\\/www.linkedin.com\\\/showcase\\\/organisator-das-magazin-fr-kmu\",\"https:\\\/\\\/www.xing.com\\\/news\\\/pages\\\/organisator-ch-695\",\"https:\\\/\\\/www.youtube.com\\\/channel\\\/UCGP2Sq0iWaZwT3BdIAQFYpw\"]},{\"@type\":\"Person\",\"@id\":\"https:\\\/\\\/www.organisator.ch\\\/#\\\/schema\\\/person\\\/6f650f90b2842cd4c0cc334b4e36f67e\",\"name\":\"thomas.berner\",\"image\":{\"@type\":\"ImageObject\",\"inLanguage\":\"de\",\"@id\":\"https:\\\/\\\/secure.gravatar.com\\\/avatar\\\/ac5001d2a36cb6c6cd3e50789007ffca834b477b74a2144564522e944eabff61?s=96&d=mm&r=g\",\"url\":\"https:\\\/\\\/secure.gravatar.com\\\/avatar\\\/ac5001d2a36cb6c6cd3e50789007ffca834b477b74a2144564522e944eabff61?s=96&d=mm&r=g\",\"contentUrl\":\"https:\\\/\\\/secure.gravatar.com\\\/avatar\\\/ac5001d2a36cb6c6cd3e50789007ffca834b477b74a2144564522e944eabff61?s=96&d=mm&r=g\",\"caption\":\"thomas.berner\"},\"url\":\"https:\\\/\\\/www.organisator.ch\\\/de\\\/author\\\/thomas-berner\\\/\"}]}<\/script>\n<!-- \/ Yoast SEO plugin. -->","yoast_head_json":{"title":"Unternehmertag mit Joe Kaeser und Monisha Kaltenborn - Organisator","description":"Der Liechtensteiner Unternehmertag am 6. Juli 2022 in Vaduz widmet sich dem aktuellen Thema \u00abF\u00fchren in der Instabilit\u00e4t\u00bb.","robots":{"index":"index","follow":"follow","max-snippet":"max-snippet:-1","max-image-preview":"max-image-preview:large","max-video-preview":"max-video-preview:-1"},"canonical":"https:\/\/www.organisator.ch\/de\/management\/2022-06-13\/unternehmertag-mit-joe-kaeser-und-monisha-kaltenborn\/","og_locale":"de_DE","og_type":"article","og_title":"Unternehmertag mit Joe Kaeser und Monisha Kaltenborn - Organisator","og_description":"Der Liechtensteiner Unternehmertag am 6. Juli 2022 in Vaduz widmet sich dem aktuellen Thema \u00abF\u00fchren in der Instabilit\u00e4t\u00bb.","og_url":"https:\/\/www.organisator.ch\/de\/management\/2022-06-13\/unternehmertag-mit-joe-kaeser-und-monisha-kaltenborn\/","og_site_name":"Organisator","article_publisher":"https:\/\/www.facebook.com\/OrganisatorFachmagazin","article_published_time":"2022-06-13T11:36:42+00:00","og_image":[{"width":680,"height":501,"url":"https:\/\/www.organisator.ch\/wp-content\/uploads\/2022\/06\/Unternehmertag-mit-Joe-Kaeser-und-Monisha-Kaltenborn_Organisator.jpg","type":"image\/jpeg"}],"author":"thomas.berner","twitter_card":"summary_large_image","schema":{"@context":"https:\/\/schema.org","@graph":[{"@type":"Article","@id":"https:\/\/www.organisator.ch\/management\/2022-06-13\/unternehmertag-mit-joe-kaeser-und-monisha-kaltenborn\/#article","isPartOf":{"@id":"https:\/\/www.organisator.ch\/management\/2022-06-13\/unternehmertag-mit-joe-kaeser-und-monisha-kaltenborn\/"},"author":{"name":"thomas.berner","@id":"https:\/\/www.organisator.ch\/#\/schema\/person\/6f650f90b2842cd4c0cc334b4e36f67e"},"headline":"Unternehmertag mit Joe Kaeser und Monisha Kaltenborn","datePublished":"2022-06-13T11:36:42+00:00","mainEntityOfPage":{"@id":"https:\/\/www.organisator.ch\/management\/2022-06-13\/unternehmertag-mit-joe-kaeser-und-monisha-kaltenborn\/"},"wordCount":544,"publisher":{"@id":"https:\/\/www.organisator.ch\/#organization"},"image":{"@id":"https:\/\/www.organisator.ch\/management\/2022-06-13\/unternehmertag-mit-joe-kaeser-und-monisha-kaltenborn\/#primaryimage"},"thumbnailUrl":"https:\/\/www.organisator.ch\/wp-content\/uploads\/2022\/06\/Unternehmertag-mit-Joe-Kaeser-und-Monisha-Kaltenborn_Organisator.jpg","keywords":["Fachkongress\/Fachmesse","Management und Unternehmensf\u00fchrung","Tagungen und Events"],"articleSection":["MANAGEMENT"],"inLanguage":"de"},{"@type":"WebPage","@id":"https:\/\/www.organisator.ch\/management\/2022-06-13\/unternehmertag-mit-joe-kaeser-und-monisha-kaltenborn\/","url":"https:\/\/www.organisator.ch\/management\/2022-06-13\/unternehmertag-mit-joe-kaeser-und-monisha-kaltenborn\/","name":"Unternehmertag mit Joe Kaeser und Monisha Kaltenborn - Organisator","isPartOf":{"@id":"https:\/\/www.organisator.ch\/#website"},"primaryImageOfPage":{"@id":"https:\/\/www.organisator.ch\/management\/2022-06-13\/unternehmertag-mit-joe-kaeser-und-monisha-kaltenborn\/#primaryimage"},"image":{"@id":"https:\/\/www.organisator.ch\/management\/2022-06-13\/unternehmertag-mit-joe-kaeser-und-monisha-kaltenborn\/#primaryimage"},"thumbnailUrl":"https:\/\/www.organisator.ch\/wp-content\/uploads\/2022\/06\/Unternehmertag-mit-Joe-Kaeser-und-Monisha-Kaltenborn_Organisator.jpg","datePublished":"2022-06-13T11:36:42+00:00","description":"Der Liechtensteiner Unternehmertag am 6. Juli 2022 in Vaduz widmet sich dem aktuellen Thema \u00abF\u00fchren in der Instabilit\u00e4t\u00bb.","breadcrumb":{"@id":"https:\/\/www.organisator.ch\/management\/2022-06-13\/unternehmertag-mit-joe-kaeser-und-monisha-kaltenborn\/#breadcrumb"},"inLanguage":"de","potentialAction":[{"@type":"ReadAction","target":["https:\/\/www.organisator.ch\/management\/2022-06-13\/unternehmertag-mit-joe-kaeser-und-monisha-kaltenborn\/"]}]},{"@type":"ImageObject","inLanguage":"de","@id":"https:\/\/www.organisator.ch\/management\/2022-06-13\/unternehmertag-mit-joe-kaeser-und-monisha-kaltenborn\/#primaryimage","url":"https:\/\/www.organisator.ch\/wp-content\/uploads\/2022\/06\/Unternehmertag-mit-Joe-Kaeser-und-Monisha-Kaltenborn_Organisator.jpg","contentUrl":"https:\/\/www.organisator.ch\/wp-content\/uploads\/2022\/06\/Unternehmertag-mit-Joe-Kaeser-und-Monisha-Kaltenborn_Organisator.jpg","width":680,"height":501,"caption":"Sabine Monauni, Joe Kaeser, Peter Bofinger, Monisha Kaltenborn, Markus Kaiser und Monisha Kaltenborn treten am Unternehmertag in Vaduz auf. (Bild: zVg)"},{"@type":"BreadcrumbList","@id":"https:\/\/www.organisator.ch\/management\/2022-06-13\/unternehmertag-mit-joe-kaeser-und-monisha-kaltenborn\/#breadcrumb","itemListElement":[{"@type":"ListItem","position":1,"name":"Home","item":"https:\/\/www.organisator.ch\/"},{"@type":"ListItem","position":2,"name":"Unternehmertag mit Joe Kaeser und Monisha Kaltenborn"}]},{"@type":"WebSite","@id":"https:\/\/www.organisator.ch\/#website","url":"https:\/\/www.organisator.ch\/","name":"Organisator","description":"Kompetent. Praxisnah. Der ORGANISATOR bereitet in 10 Ausgaben pro Jahr die wesentlichen Themen f\u00fcr F\u00fchrungskr\u00e4fte von KMU auf.","publisher":{"@id":"https:\/\/www.organisator.ch\/#organization"},"potentialAction":[{"@type":"SearchAction","target":{"@type":"EntryPoint","urlTemplate":"https:\/\/www.organisator.ch\/?s={search_term_string}"},"query-input":{"@type":"PropertyValueSpecification","valueRequired":true,"valueName":"search_term_string"}}],"inLanguage":"de"},{"@type":"Organization","@id":"https:\/\/www.organisator.ch\/#organization","name":"Organisator","url":"https:\/\/www.organisator.ch\/","logo":{"@type":"ImageObject","inLanguage":"de","@id":"https:\/\/www.organisator.ch\/#\/schema\/logo\/image\/","url":"https:\/\/www.organisator.ch\/wp-content\/uploads\/2022\/01\/Logo_Organisator_Website.png","contentUrl":"https:\/\/www.organisator.ch\/wp-content\/uploads\/2022\/01\/Logo_Organisator_Website.png","width":800,"height":77,"caption":"Organisator"},"image":{"@id":"https:\/\/www.organisator.ch\/#\/schema\/logo\/image\/"},"sameAs":["https:\/\/www.facebook.com\/OrganisatorFachmagazin","https:\/\/www.linkedin.com\/showcase\/organisator-das-magazin-fr-kmu","https:\/\/www.xing.com\/news\/pages\/organisator-ch-695","https:\/\/www.youtube.com\/channel\/UCGP2Sq0iWaZwT3BdIAQFYpw"]},{"@type":"Person","@id":"https:\/\/www.organisator.ch\/#\/schema\/person\/6f650f90b2842cd4c0cc334b4e36f67e","name":"thomas.berner","image":{"@type":"ImageObject","inLanguage":"de","@id":"https:\/\/secure.gravatar.com\/avatar\/ac5001d2a36cb6c6cd3e50789007ffca834b477b74a2144564522e944eabff61?s=96&d=mm&r=g","url":"https:\/\/secure.gravatar.com\/avatar\/ac5001d2a36cb6c6cd3e50789007ffca834b477b74a2144564522e944eabff61?s=96&d=mm&r=g","contentUrl":"https:\/\/secure.gravatar.com\/avatar\/ac5001d2a36cb6c6cd3e50789007ffca834b477b74a2144564522e944eabff61?s=96&d=mm&r=g","caption":"thomas.berner"},"url":"https:\/\/www.organisator.ch\/de\/author\/thomas-berner\/"}]}},"_links":{"self":[{"href":"https:\/\/www.organisator.ch\/de\/wp-json\/wp\/v2\/posts\/14513","targetHints":{"allow":["GET"]}}],"collection":[{"href":"https:\/\/www.organisator.ch\/de\/wp-json\/wp\/v2\/posts"}],"about":[{"href":"https:\/\/www.organisator.ch\/de\/wp-json\/wp\/v2\/types\/post"}],"author":[{"embeddable":true,"href":"https:\/\/www.organisator.ch\/de\/wp-json\/wp\/v2\/users\/4"}],"replies":[{"embeddable":true,"href":"https:\/\/www.organisator.ch\/de\/wp-json\/wp\/v2\/comments?post=14513"}],"version-history":[{"count":1,"href":"https:\/\/www.organisator.ch\/de\/wp-json\/wp\/v2\/posts\/14513\/revisions"}],"predecessor-version":[{"id":14515,"href":"https:\/\/www.organisator.ch\/de\/wp-json\/wp\/v2\/posts\/14513\/revisions\/14515"}],"wp:featuredmedia":[{"embeddable":true,"href":"https:\/\/www.organisator.ch\/de\/wp-json\/wp\/v2\/media\/14514"}],"wp:attachment":[{"href":"https:\/\/www.organisator.ch\/de\/wp-json\/wp\/v2\/media?parent=14513"}],"wp:term":[{"taxonomy":"category","embeddable":true,"href":"https:\/\/www.organisator.ch\/de\/wp-json\/wp\/v2\/categories?post=14513"},{"taxonomy":"post_tag","embeddable":true,"href":"https:\/\/www.organisator.ch\/de\/wp-json\/wp\/v2\/tags?post=14513"}],"curies":[{"name":"wp","href":"https:\/\/api.w.org\/{rel}","templated":true}]}}