{"id":1468,"date":"2017-02-06T11:00:03","date_gmt":"2017-02-06T10:00:03","guid":{"rendered":"https:\/\/www.organisator.ch\/?p=1468"},"modified":"2017-02-06T11:00:03","modified_gmt":"2017-02-06T10:00:03","slug":"vorsicht-bei-massenentlassung-vorschriften-beachten","status":"publish","type":"post","link":"https:\/\/www.organisator.ch\/de\/management\/finanzen_recht\/2017-02-06\/vorsicht-bei-massenentlassung-vorschriften-beachten\/","title":{"rendered":"Vorsicht bei Massenentlassung: Vorschriften beachten!"},"content":{"rendered":"<figure id=\"attachment_1470\" aria-describedby=\"caption-attachment-1470\" style=\"width: 640px\" class=\"wp-caption alignnone\"><img loading=\"lazy\" decoding=\"async\" class=\"size-full wp-image-1470\" src=\"https:\/\/www.organisator.ch\/wp-content\/uploads\/2017\/02\/Vorsicht-bei-Massenentlassung-Vorschriften-beachten_Organisator.jpg\" alt=\"\" width=\"640\" height=\"423\" srcset=\"https:\/\/www.organisator.ch\/wp-content\/uploads\/2017\/02\/Vorsicht-bei-Massenentlassung-Vorschriften-beachten_Organisator.jpg 640w, https:\/\/www.organisator.ch\/wp-content\/uploads\/2017\/02\/Vorsicht-bei-Massenentlassung-Vorschriften-beachten_Organisator-16x12.jpg 16w, https:\/\/www.organisator.ch\/wp-content\/uploads\/2017\/02\/Vorsicht-bei-Massenentlassung-Vorschriften-beachten_Organisator-265x175.jpg 265w, https:\/\/www.organisator.ch\/wp-content\/uploads\/2017\/02\/Vorsicht-bei-Massenentlassung-Vorschriften-beachten_Organisator-530x350.jpg 530w, https:\/\/www.organisator.ch\/wp-content\/uploads\/2017\/02\/Vorsicht-bei-Massenentlassung-Vorschriften-beachten_Organisator-300x198.jpg 300w\" sizes=\"auto, (max-width: 640px) 100vw, 640px\" \/><figcaption id=\"caption-attachment-1470\" class=\"wp-caption-text\">Wann es sich bei einem Personalabbau um eine Massenentlassung handelt, ist im Schweizer Obligationenrecht definiert (Bild: Fotolia.com)<\/figcaption><\/figure>\n<p>F\u00fcr eine Massenentlassung im Sinne des Gesetzes ist in erster Linie die Anzahl K\u00fcndigungen im Verh\u00e4ltnis zur Betriebsgr\u00f6sse ausschlaggebend. In Betrieben, die zumeist zwischen mehr als 20 und weniger als 100 Mitarbeitende besch\u00e4ftigen, braucht es mindestens zehn K\u00fcndigungen, damit die Massenentlassungsregeln anzuwenden sind. Bei Betrieben mit 100 bis 300 Mitarbeitenden m\u00fcssen mindestens zehn Prozent der Belegschaft von den K\u00fcndigungen betroffen sein und bei Betrieben mit mehr als 300 Mitarbeitenden handelt es sich ab 30 K\u00fcndigungen um eine Massenentlassung.<\/p>\n<p>Dazu kommt: Die fraglichen K\u00fcndigungen m\u00fcssen innerhalb von 30 Tagen ausgesprochen werden, und zwar aus Gr\u00fcnden, die in keinem Zusammenhang mit der Pers\u00f6nlichkeit der betroffenen Arbeitnehmenden stehen. Ins Gewicht fallen somit lediglich K\u00fcndigungen aus wirtschaftlichen, technischen oder organisatorischen Umst\u00e4nden. Nicht ins Kalk\u00fcl einbezogen werden Entlassungen wegen ungen\u00fcgender Leistung oder undiszipliniertem Verhalten. Liegen vermischte K\u00fcndigungsgr\u00fcnde vor, muss im Streitfall der ausschlaggebende Grund herauskristallisiert werden.<\/p>\n<p>Wichtig: Bei Betriebseinstellungen infolge gerichtlicher Entscheide sowie bei Entlassungen im Konkurs oder bei einem Nachlassvertrag mit Verm\u00f6gensabtretung liegt keine Massenentlassung im Sinne des Obligationenrechts vor. Es kommen andere Vorschriften zur Anwendung.<\/p>\n<h2>Mitarbeitende vor der Massenentlassung informieren und konsultieren<\/h2>\n<p>Plant ein Unternehmen eine gr\u00f6ssere Anzahl K\u00fcndigungen ist vorab auf jeden Fall abzukl\u00e4ren, ob allenfalls eine Massenentlassung vorliegt. Ist das zu bejahen, sind die daf\u00fcr vorgesehenen obligationenrechtlichen Bestimmungen einzuhalten.<\/p>\n<p>Es gilt: Bevor der Arbeitgeber eine Massenentlassung definitiv beschliesst, sind die Arbeitnehmenden rechtzeitig zu konsultieren. Daf\u00fcr sind die Arbeitnehmervertretung oder, falls es keine solche gibt, die Mitarbeitenden direkt \u00fcber die Massenentlassungsgr\u00fcnde sowie die Anzahl und den Zeitraum der geplanten K\u00fcndigungen zweckdienlich zu informieren. Eine Kopie dieser Mitteilung ist dem kantonalen Arbeitsamt zuzustellen.<\/p>\n<p>Der Arbeitgeber muss den Arbeitnehmenden \u00fcberdies die M\u00f6glichkeit geben, Vorschl\u00e4ge zu unterbreiten, wie die K\u00fcndigungen vermieden oder beschr\u00e4nkt oder ihre Folgen gemildert werden k\u00f6nnen. In diesem Konsultationsverfahren ist den Arbeitnehmenden eine gen\u00fcgend lange Frist einzur\u00e4umen. F\u00fcr den Arbeitgeber besteht mindestens die Pflicht, sich mit den Vorschl\u00e4gen ernsthaft auseinanderzusetzen. Deren Ablehnung muss allerdings nicht vertieft begr\u00fcndet werden.<\/p>\n<p>Die Pflicht zur Information und Konsultation der Belegschaft besteht auch dann, wenn die Massenentlassung ohne Einflussnahme der Schweizer Tochtergesellschaft von einer ausl\u00e4ndischen Muttergesellschaft beschlossen worden ist. In der Schweiz ist die Schweizer Tochtergesellschaft die formelle Arbeitgeberin und muss in dieser Eigenschaft allen gesetzlichen Verpflichtungen nachkommen.<\/p>\n<h2>Information des Arbeitsamts: Start zur 30-t\u00e4gigen minimalen K\u00fcndigungsfrist<\/h2>\n<p>Zus\u00e4tzlich zur ersten Mitarbeiterinformation und nach der Durchf\u00fchrung der Konsultation der Arbeitnehmenden muss der Arbeitgeber die beabsichtigte Massenentlassung dem zust\u00e4ndigen Arbeitsamt schriftlich anzeigen. Eine Kopie davon geht an die Arbeitnehmenden oder deren Vertreter. Die Anzeige muss die Ergebnisse der Konsultation der Arbeitnehmenden sowie alle zweckdienlichen Angaben \u00fcber die Massenentlassung enthalten. Auch die Arbeitnehmenden k\u00f6nnen dem Arbeitsamt ihre Bemerkungen einreichen. Das Arbeitsamt hat nicht zu pr\u00fcfen, ob das Konsultationsverfahren eingehalten worden ist. Das Amt sucht indessen von Gesetzes wegen nach L\u00f6sungen f\u00fcr die Probleme, welche die beabsichtigte Massenentlassung aufwirft.<\/p>\n<p>Wichtig: Ein im Rahmen einer Massenentlastung gek\u00fcndigtes Arbeitsverh\u00e4ltnis endigt in jedem Fall fr\u00fchestens 30 Tage nach der Anzeige an das Arbeitsamt oder nach den vertraglichen Bestimmungen auf einen sp\u00e4teren Zeitpunkt.<\/p>\n<h2>Pflicht f\u00fcr einen Sozialplan<\/h2>\n<p>Unternehmen mit \u00fcblicherweise mindestens 250 Mitarbeitenden, die eine Massenentlassung von mindestens 30 Arbeitnehmenden innerhalb von 30 Tagen planen, sind verpflichtet, mit den Arbeitnehmervertretern einen Sozialplan auszuarbeiten. Darin werden die Massnahmen festgelegt, mit denen die K\u00fcndigungen vermieden oder beschr\u00e4nkt oder ihre Folgen gemildert werden. Gegenst\u00e4nde der Vereinbarung sind oft die interne Stellenvermittlung, das massgeschneiderte Outplacement samt Schulungen, Kursen und Weiterbildung, die fr\u00fchzeitige Pensionierung oder die Abfindungszahlungen.<\/p>\n<h2>Sanktionen f\u00fcr Arbeitgeber bei Nichteinhaltung der Massenentlassungsregeln<\/h2>\n<p>Liegt eine Massenentlassung vor und werden deren obligationenrechtliche Regeln nicht eingehalten, hat dies f\u00fcr den fehlbaren Arbeitgeber sp\u00fcrbare Folgen. Gem\u00e4ss Artikel 336 des Obligationenrechts ist n\u00e4mlich jede K\u00fcndigung missbr\u00e4uchlich, die im Rahmen einer unter das Gesetz fallenden Massenentlassung ohne Konsultation der Arbeitnehmervertretung oder der Arbeitnehmenden erfolgt. Jeder betroffene Mitarbeitende, der rechtzeitig Einsprache gegen seine K\u00fcndigung erhebt, hat dann Anspruch auf maximal zwei Monatsl\u00f6hne. \u00dcberdies kann das Unterlassen der Meldung der K\u00fcndigung von mehr als zehn Mitarbeitenden mit Bussen bis zu 40&#8217;000 Franken bestraft werden.<\/p>\n<h2>Ein Projektteam f\u00fcr die Massenentlassung zusammenstellen<\/h2>\n<p>Im Hinblick auf eine Massenentlassung ist es von Vorteil, ein Projektteam zusammenzustellen. Dieses sollte neben Managementvertretern und Fachleuten in den Bereichen Recht, Steuern, Versicherungen und Kommunikation namentlich einen Spezialisten f\u00fcr Personalbelange in Zeiten von Ver\u00e4nderungen umfassen. Denn eine geplante und notwendige Massenentlassung ist f\u00fcr die Zukunft des Unternehmens mit erheblichen Risiken verbunden. Es gilt namentlich, unn\u00f6tige Kosten zu vermeiden.<\/p>\n<p>Untersch\u00e4tzt werden oft die Folgen von Reputationssch\u00e4den sowie die mit Produktivit\u00e4tsverlusten einhergehende Beeintr\u00e4chtigung der Arbeitsmoral von verbleibenden Mitarbeitenden. Es ist somit wichtig, die Massenentlassung m\u00f6glichst reibungslos zu organisieren und umzusetzen. Dabei spielt die Wahl der bestgeeigneten Personalmassnahmen zugunsten der betroffenen und der verbleibenden Mitarbeitenden eine tragende Rolle.<\/p>\n<p><em>Caroline Pfeiffer Marinho ist Country Manager Schweiz bei\u00a0<a href=\"http:\/\/www.lhh.ch\/de-ch\/\">Lee Hecht Harrison <\/a>in\u00a0Z\u00fcrich.<\/em><\/p>\n","protected":false},"excerpt":{"rendered":"<p>F\u00fcr eine Massenentlassung im Sinne des Gesetzes ist in erster Linie die Anzahl K\u00fcndigungen im Verh\u00e4ltnis zur Betriebsgr\u00f6sse ausschlaggebend. In Betrieben, die zumeist zwischen mehr als 20 und weniger als 100 Mitarbeitende besch\u00e4ftigen, braucht es mindestens zehn K\u00fcndigungen, damit die Massenentlassungsregeln anzuwenden sind. Bei Betrieben mit 100 bis 300 Mitarbeitenden m\u00fcssen mindestens zehn Prozent der [&hellip;]<\/p>\n","protected":false},"author":4,"featured_media":1470,"comment_status":"open","ping_status":"open","sticky":false,"template":"","format":"standard","meta":{"_acf_changed":false,"_yoast_wpseo_focuskw":"Massenentlassung","_yoast_wpseo_metadesc":"F\u00fcr Arbeitgeber, die Personal abbauen m\u00fcssen, ist es unabdingbar abzukl\u00e4ren, ob \u00abnur\u00bb normale Entlassungen oder eine Massenentlassung vorliegt.","articlekey":"","footnotes":""},"categories":[24],"tags":[202,254,335,410],"class_list":["post-1468","post","type-post","status-publish","format-standard","has-post-thumbnail","hentry","category-finanzen_recht","tag-finanzenrecht","tag-hrm","tag-management-und-unternehmensfuehrung","tag-regulierung"],"acf":[],"yoast_head":"<!-- This site is optimized with the Yoast SEO plugin v27.5 - https:\/\/yoast.com\/product\/yoast-seo-wordpress\/ -->\n<title>Vorsicht bei Massenentlassung: Vorschriften beachten! - Organisator<\/title>\n<meta name=\"description\" content=\"F\u00fcr Arbeitgeber, die Personal abbauen m\u00fcssen, ist es unabdingbar abzukl\u00e4ren, ob \u00abnur\u00bb normale Entlassungen oder eine Massenentlassung vorliegt.\" \/>\n<meta name=\"robots\" content=\"index, follow, max-snippet:-1, max-image-preview:large, max-video-preview:-1\" \/>\n<link rel=\"canonical\" href=\"https:\/\/www.organisator.ch\/de\/management\/finanzen_recht\/2017-02-06\/vorsicht-bei-massenentlassung-vorschriften-beachten\/\" \/>\n<meta property=\"og:locale\" content=\"de_DE\" \/>\n<meta property=\"og:type\" content=\"article\" \/>\n<meta property=\"og:title\" content=\"Vorsicht bei Massenentlassung: Vorschriften beachten!\" \/>\n<meta property=\"og:description\" content=\"F\u00fcr Arbeitgeber, die Personal abbauen m\u00fcssen, ist es unabdingbar abzukl\u00e4ren, ob \u00abnur\u00bb normale #Entlassungen oder eine #Massenentlassung vorliegt.\" \/>\n<meta property=\"og:url\" content=\"https:\/\/www.organisator.ch\/de\/management\/finanzen_recht\/2017-02-06\/vorsicht-bei-massenentlassung-vorschriften-beachten\/\" \/>\n<meta property=\"og:site_name\" content=\"Organisator\" \/>\n<meta property=\"article:publisher\" content=\"https:\/\/www.facebook.com\/OrganisatorFachmagazin\" \/>\n<meta property=\"article:published_time\" content=\"2017-02-06T10:00:03+00:00\" \/>\n<meta property=\"og:image\" content=\"https:\/\/www.organisator.ch\/wp-content\/uploads\/2017\/02\/Vorsicht-bei-Massenentlassung-Vorschriften-beachten_Organisator.jpg\" \/>\n\t<meta property=\"og:image:width\" content=\"640\" \/>\n\t<meta property=\"og:image:height\" content=\"423\" \/>\n\t<meta property=\"og:image:type\" content=\"image\/jpeg\" \/>\n<meta name=\"author\" content=\"thomas.berner\" \/>\n<meta name=\"twitter:card\" content=\"summary_large_image\" \/>\n<meta name=\"twitter:title\" content=\"Vorsicht bei #Massenentlassung: Vorschriften im #Obligationenrecht #Art335d-g beachten!\" \/>\n<meta name=\"twitter:description\" content=\"F\u00fcr Arbeitgeber, die Personal abbauen m\u00fcssen, ist es unabdingbar abzukl\u00e4ren, ob \u00abnur\u00bb normale #Entlassungen oder eine #Massenentlassung vorliegt.\" \/>\n<meta name=\"twitter:image\" content=\"https:\/\/www.organisator.ch\/wp-content\/uploads\/2017\/02\/Vorsicht-bei-Massenentlassung-Vorschriften-beachten_Organisator.jpg\" \/>\n<script type=\"application\/ld+json\" class=\"yoast-schema-graph\">{\"@context\":\"https:\\\/\\\/schema.org\",\"@graph\":[{\"@type\":\"Article\",\"@id\":\"https:\\\/\\\/www.organisator.ch\\\/management\\\/finanzen_recht\\\/2017-02-06\\\/vorsicht-bei-massenentlassung-vorschriften-beachten\\\/#article\",\"isPartOf\":{\"@id\":\"https:\\\/\\\/www.organisator.ch\\\/management\\\/finanzen_recht\\\/2017-02-06\\\/vorsicht-bei-massenentlassung-vorschriften-beachten\\\/\"},\"author\":{\"name\":\"thomas.berner\",\"@id\":\"https:\\\/\\\/www.organisator.ch\\\/#\\\/schema\\\/person\\\/6f650f90b2842cd4c0cc334b4e36f67e\"},\"headline\":\"Vorsicht bei Massenentlassung: Vorschriften beachten!\",\"datePublished\":\"2017-02-06T10:00:03+00:00\",\"mainEntityOfPage\":{\"@id\":\"https:\\\/\\\/www.organisator.ch\\\/management\\\/finanzen_recht\\\/2017-02-06\\\/vorsicht-bei-massenentlassung-vorschriften-beachten\\\/\"},\"wordCount\":866,\"commentCount\":0,\"publisher\":{\"@id\":\"https:\\\/\\\/www.organisator.ch\\\/#organization\"},\"image\":{\"@id\":\"https:\\\/\\\/www.organisator.ch\\\/management\\\/finanzen_recht\\\/2017-02-06\\\/vorsicht-bei-massenentlassung-vorschriften-beachten\\\/#primaryimage\"},\"thumbnailUrl\":\"https:\\\/\\\/www.organisator.ch\\\/wp-content\\\/uploads\\\/2017\\\/02\\\/Vorsicht-bei-Massenentlassung-Vorschriften-beachten_Organisator.jpg\",\"keywords\":[\"Finanzen\\\/Recht\",\"HRM\",\"Management und Unternehmensf\u00fchrung\",\"Regulierung\"],\"articleSection\":[\"FINANZEN\\\/RECHT\"],\"inLanguage\":\"de\"},{\"@type\":\"WebPage\",\"@id\":\"https:\\\/\\\/www.organisator.ch\\\/management\\\/finanzen_recht\\\/2017-02-06\\\/vorsicht-bei-massenentlassung-vorschriften-beachten\\\/\",\"url\":\"https:\\\/\\\/www.organisator.ch\\\/management\\\/finanzen_recht\\\/2017-02-06\\\/vorsicht-bei-massenentlassung-vorschriften-beachten\\\/\",\"name\":\"Vorsicht bei Massenentlassung: Vorschriften beachten! - Organisator\",\"isPartOf\":{\"@id\":\"https:\\\/\\\/www.organisator.ch\\\/#website\"},\"primaryImageOfPage\":{\"@id\":\"https:\\\/\\\/www.organisator.ch\\\/management\\\/finanzen_recht\\\/2017-02-06\\\/vorsicht-bei-massenentlassung-vorschriften-beachten\\\/#primaryimage\"},\"image\":{\"@id\":\"https:\\\/\\\/www.organisator.ch\\\/management\\\/finanzen_recht\\\/2017-02-06\\\/vorsicht-bei-massenentlassung-vorschriften-beachten\\\/#primaryimage\"},\"thumbnailUrl\":\"https:\\\/\\\/www.organisator.ch\\\/wp-content\\\/uploads\\\/2017\\\/02\\\/Vorsicht-bei-Massenentlassung-Vorschriften-beachten_Organisator.jpg\",\"datePublished\":\"2017-02-06T10:00:03+00:00\",\"description\":\"F\u00fcr Arbeitgeber, die Personal abbauen m\u00fcssen, ist es unabdingbar abzukl\u00e4ren, ob \u00abnur\u00bb normale Entlassungen oder eine Massenentlassung vorliegt.\",\"breadcrumb\":{\"@id\":\"https:\\\/\\\/www.organisator.ch\\\/management\\\/finanzen_recht\\\/2017-02-06\\\/vorsicht-bei-massenentlassung-vorschriften-beachten\\\/#breadcrumb\"},\"inLanguage\":\"de\",\"potentialAction\":[{\"@type\":\"ReadAction\",\"target\":[\"https:\\\/\\\/www.organisator.ch\\\/management\\\/finanzen_recht\\\/2017-02-06\\\/vorsicht-bei-massenentlassung-vorschriften-beachten\\\/\"]}]},{\"@type\":\"ImageObject\",\"inLanguage\":\"de\",\"@id\":\"https:\\\/\\\/www.organisator.ch\\\/management\\\/finanzen_recht\\\/2017-02-06\\\/vorsicht-bei-massenentlassung-vorschriften-beachten\\\/#primaryimage\",\"url\":\"https:\\\/\\\/www.organisator.ch\\\/wp-content\\\/uploads\\\/2017\\\/02\\\/Vorsicht-bei-Massenentlassung-Vorschriften-beachten_Organisator.jpg\",\"contentUrl\":\"https:\\\/\\\/www.organisator.ch\\\/wp-content\\\/uploads\\\/2017\\\/02\\\/Vorsicht-bei-Massenentlassung-Vorschriften-beachten_Organisator.jpg\",\"width\":640,\"height\":423,\"caption\":\"Wann es sich bei einem Personalabbau um eine Massenentlassung handelt, ist im Schweizer Obligationenrecht definiert (Bild: Fotolia.com)\"},{\"@type\":\"BreadcrumbList\",\"@id\":\"https:\\\/\\\/www.organisator.ch\\\/management\\\/finanzen_recht\\\/2017-02-06\\\/vorsicht-bei-massenentlassung-vorschriften-beachten\\\/#breadcrumb\",\"itemListElement\":[{\"@type\":\"ListItem\",\"position\":1,\"name\":\"Home\",\"item\":\"https:\\\/\\\/www.organisator.ch\\\/\"},{\"@type\":\"ListItem\",\"position\":2,\"name\":\"Vorsicht bei Massenentlassung: Vorschriften beachten!\"}]},{\"@type\":\"WebSite\",\"@id\":\"https:\\\/\\\/www.organisator.ch\\\/#website\",\"url\":\"https:\\\/\\\/www.organisator.ch\\\/\",\"name\":\"Organisator\",\"description\":\"Kompetent. Praxisnah. Der ORGANISATOR bereitet in 10 Ausgaben pro Jahr die wesentlichen Themen f\u00fcr F\u00fchrungskr\u00e4fte von KMU auf.\",\"publisher\":{\"@id\":\"https:\\\/\\\/www.organisator.ch\\\/#organization\"},\"potentialAction\":[{\"@type\":\"SearchAction\",\"target\":{\"@type\":\"EntryPoint\",\"urlTemplate\":\"https:\\\/\\\/www.organisator.ch\\\/?s={search_term_string}\"},\"query-input\":{\"@type\":\"PropertyValueSpecification\",\"valueRequired\":true,\"valueName\":\"search_term_string\"}}],\"inLanguage\":\"de\"},{\"@type\":\"Organization\",\"@id\":\"https:\\\/\\\/www.organisator.ch\\\/#organization\",\"name\":\"Organisator\",\"url\":\"https:\\\/\\\/www.organisator.ch\\\/\",\"logo\":{\"@type\":\"ImageObject\",\"inLanguage\":\"de\",\"@id\":\"https:\\\/\\\/www.organisator.ch\\\/#\\\/schema\\\/logo\\\/image\\\/\",\"url\":\"https:\\\/\\\/www.organisator.ch\\\/wp-content\\\/uploads\\\/2022\\\/01\\\/Logo_Organisator_Website.png\",\"contentUrl\":\"https:\\\/\\\/www.organisator.ch\\\/wp-content\\\/uploads\\\/2022\\\/01\\\/Logo_Organisator_Website.png\",\"width\":800,\"height\":77,\"caption\":\"Organisator\"},\"image\":{\"@id\":\"https:\\\/\\\/www.organisator.ch\\\/#\\\/schema\\\/logo\\\/image\\\/\"},\"sameAs\":[\"https:\\\/\\\/www.facebook.com\\\/OrganisatorFachmagazin\",\"https:\\\/\\\/www.linkedin.com\\\/showcase\\\/organisator-das-magazin-fr-kmu\",\"https:\\\/\\\/www.xing.com\\\/news\\\/pages\\\/organisator-ch-695\",\"https:\\\/\\\/www.youtube.com\\\/channel\\\/UCGP2Sq0iWaZwT3BdIAQFYpw\"]},{\"@type\":\"Person\",\"@id\":\"https:\\\/\\\/www.organisator.ch\\\/#\\\/schema\\\/person\\\/6f650f90b2842cd4c0cc334b4e36f67e\",\"name\":\"thomas.berner\",\"image\":{\"@type\":\"ImageObject\",\"inLanguage\":\"de\",\"@id\":\"https:\\\/\\\/secure.gravatar.com\\\/avatar\\\/ac5001d2a36cb6c6cd3e50789007ffca834b477b74a2144564522e944eabff61?s=96&d=mm&r=g\",\"url\":\"https:\\\/\\\/secure.gravatar.com\\\/avatar\\\/ac5001d2a36cb6c6cd3e50789007ffca834b477b74a2144564522e944eabff61?s=96&d=mm&r=g\",\"contentUrl\":\"https:\\\/\\\/secure.gravatar.com\\\/avatar\\\/ac5001d2a36cb6c6cd3e50789007ffca834b477b74a2144564522e944eabff61?s=96&d=mm&r=g\",\"caption\":\"thomas.berner\"},\"url\":\"https:\\\/\\\/www.organisator.ch\\\/de\\\/author\\\/thomas-berner\\\/\"}]}<\/script>\n<!-- \/ Yoast SEO plugin. -->","yoast_head_json":{"title":"Vorsicht bei Massenentlassung: Vorschriften beachten! - Organisator","description":"F\u00fcr Arbeitgeber, die Personal abbauen m\u00fcssen, ist es unabdingbar abzukl\u00e4ren, ob \u00abnur\u00bb normale Entlassungen oder eine Massenentlassung vorliegt.","robots":{"index":"index","follow":"follow","max-snippet":"max-snippet:-1","max-image-preview":"max-image-preview:large","max-video-preview":"max-video-preview:-1"},"canonical":"https:\/\/www.organisator.ch\/de\/management\/finanzen_recht\/2017-02-06\/vorsicht-bei-massenentlassung-vorschriften-beachten\/","og_locale":"de_DE","og_type":"article","og_title":"Vorsicht bei Massenentlassung: Vorschriften beachten!","og_description":"F\u00fcr Arbeitgeber, die Personal abbauen m\u00fcssen, ist es unabdingbar abzukl\u00e4ren, ob \u00abnur\u00bb normale #Entlassungen oder eine #Massenentlassung vorliegt.","og_url":"https:\/\/www.organisator.ch\/de\/management\/finanzen_recht\/2017-02-06\/vorsicht-bei-massenentlassung-vorschriften-beachten\/","og_site_name":"Organisator","article_publisher":"https:\/\/www.facebook.com\/OrganisatorFachmagazin","article_published_time":"2017-02-06T10:00:03+00:00","og_image":[{"width":640,"height":423,"url":"https:\/\/www.organisator.ch\/wp-content\/uploads\/2017\/02\/Vorsicht-bei-Massenentlassung-Vorschriften-beachten_Organisator.jpg","type":"image\/jpeg"}],"author":"thomas.berner","twitter_card":"summary_large_image","twitter_title":"Vorsicht bei #Massenentlassung: Vorschriften im #Obligationenrecht #Art335d-g beachten!","twitter_description":"F\u00fcr Arbeitgeber, die Personal abbauen m\u00fcssen, ist es unabdingbar abzukl\u00e4ren, ob \u00abnur\u00bb normale #Entlassungen oder eine #Massenentlassung vorliegt.","twitter_image":"https:\/\/www.organisator.ch\/wp-content\/uploads\/2017\/02\/Vorsicht-bei-Massenentlassung-Vorschriften-beachten_Organisator.jpg","schema":{"@context":"https:\/\/schema.org","@graph":[{"@type":"Article","@id":"https:\/\/www.organisator.ch\/management\/finanzen_recht\/2017-02-06\/vorsicht-bei-massenentlassung-vorschriften-beachten\/#article","isPartOf":{"@id":"https:\/\/www.organisator.ch\/management\/finanzen_recht\/2017-02-06\/vorsicht-bei-massenentlassung-vorschriften-beachten\/"},"author":{"name":"thomas.berner","@id":"https:\/\/www.organisator.ch\/#\/schema\/person\/6f650f90b2842cd4c0cc334b4e36f67e"},"headline":"Vorsicht bei Massenentlassung: Vorschriften beachten!","datePublished":"2017-02-06T10:00:03+00:00","mainEntityOfPage":{"@id":"https:\/\/www.organisator.ch\/management\/finanzen_recht\/2017-02-06\/vorsicht-bei-massenentlassung-vorschriften-beachten\/"},"wordCount":866,"commentCount":0,"publisher":{"@id":"https:\/\/www.organisator.ch\/#organization"},"image":{"@id":"https:\/\/www.organisator.ch\/management\/finanzen_recht\/2017-02-06\/vorsicht-bei-massenentlassung-vorschriften-beachten\/#primaryimage"},"thumbnailUrl":"https:\/\/www.organisator.ch\/wp-content\/uploads\/2017\/02\/Vorsicht-bei-Massenentlassung-Vorschriften-beachten_Organisator.jpg","keywords":["Finanzen\/Recht","HRM","Management und Unternehmensf\u00fchrung","Regulierung"],"articleSection":["FINANZEN\/RECHT"],"inLanguage":"de"},{"@type":"WebPage","@id":"https:\/\/www.organisator.ch\/management\/finanzen_recht\/2017-02-06\/vorsicht-bei-massenentlassung-vorschriften-beachten\/","url":"https:\/\/www.organisator.ch\/management\/finanzen_recht\/2017-02-06\/vorsicht-bei-massenentlassung-vorschriften-beachten\/","name":"Vorsicht bei Massenentlassung: Vorschriften beachten! - Organisator","isPartOf":{"@id":"https:\/\/www.organisator.ch\/#website"},"primaryImageOfPage":{"@id":"https:\/\/www.organisator.ch\/management\/finanzen_recht\/2017-02-06\/vorsicht-bei-massenentlassung-vorschriften-beachten\/#primaryimage"},"image":{"@id":"https:\/\/www.organisator.ch\/management\/finanzen_recht\/2017-02-06\/vorsicht-bei-massenentlassung-vorschriften-beachten\/#primaryimage"},"thumbnailUrl":"https:\/\/www.organisator.ch\/wp-content\/uploads\/2017\/02\/Vorsicht-bei-Massenentlassung-Vorschriften-beachten_Organisator.jpg","datePublished":"2017-02-06T10:00:03+00:00","description":"F\u00fcr Arbeitgeber, die Personal abbauen m\u00fcssen, ist es unabdingbar abzukl\u00e4ren, ob \u00abnur\u00bb normale Entlassungen oder eine Massenentlassung vorliegt.","breadcrumb":{"@id":"https:\/\/www.organisator.ch\/management\/finanzen_recht\/2017-02-06\/vorsicht-bei-massenentlassung-vorschriften-beachten\/#breadcrumb"},"inLanguage":"de","potentialAction":[{"@type":"ReadAction","target":["https:\/\/www.organisator.ch\/management\/finanzen_recht\/2017-02-06\/vorsicht-bei-massenentlassung-vorschriften-beachten\/"]}]},{"@type":"ImageObject","inLanguage":"de","@id":"https:\/\/www.organisator.ch\/management\/finanzen_recht\/2017-02-06\/vorsicht-bei-massenentlassung-vorschriften-beachten\/#primaryimage","url":"https:\/\/www.organisator.ch\/wp-content\/uploads\/2017\/02\/Vorsicht-bei-Massenentlassung-Vorschriften-beachten_Organisator.jpg","contentUrl":"https:\/\/www.organisator.ch\/wp-content\/uploads\/2017\/02\/Vorsicht-bei-Massenentlassung-Vorschriften-beachten_Organisator.jpg","width":640,"height":423,"caption":"Wann es sich bei einem Personalabbau um eine Massenentlassung handelt, ist im Schweizer Obligationenrecht definiert (Bild: Fotolia.com)"},{"@type":"BreadcrumbList","@id":"https:\/\/www.organisator.ch\/management\/finanzen_recht\/2017-02-06\/vorsicht-bei-massenentlassung-vorschriften-beachten\/#breadcrumb","itemListElement":[{"@type":"ListItem","position":1,"name":"Home","item":"https:\/\/www.organisator.ch\/"},{"@type":"ListItem","position":2,"name":"Vorsicht bei Massenentlassung: Vorschriften beachten!"}]},{"@type":"WebSite","@id":"https:\/\/www.organisator.ch\/#website","url":"https:\/\/www.organisator.ch\/","name":"Organisator","description":"Kompetent. Praxisnah. Der ORGANISATOR bereitet in 10 Ausgaben pro Jahr die wesentlichen Themen f\u00fcr F\u00fchrungskr\u00e4fte von KMU auf.","publisher":{"@id":"https:\/\/www.organisator.ch\/#organization"},"potentialAction":[{"@type":"SearchAction","target":{"@type":"EntryPoint","urlTemplate":"https:\/\/www.organisator.ch\/?s={search_term_string}"},"query-input":{"@type":"PropertyValueSpecification","valueRequired":true,"valueName":"search_term_string"}}],"inLanguage":"de"},{"@type":"Organization","@id":"https:\/\/www.organisator.ch\/#organization","name":"Organisator","url":"https:\/\/www.organisator.ch\/","logo":{"@type":"ImageObject","inLanguage":"de","@id":"https:\/\/www.organisator.ch\/#\/schema\/logo\/image\/","url":"https:\/\/www.organisator.ch\/wp-content\/uploads\/2022\/01\/Logo_Organisator_Website.png","contentUrl":"https:\/\/www.organisator.ch\/wp-content\/uploads\/2022\/01\/Logo_Organisator_Website.png","width":800,"height":77,"caption":"Organisator"},"image":{"@id":"https:\/\/www.organisator.ch\/#\/schema\/logo\/image\/"},"sameAs":["https:\/\/www.facebook.com\/OrganisatorFachmagazin","https:\/\/www.linkedin.com\/showcase\/organisator-das-magazin-fr-kmu","https:\/\/www.xing.com\/news\/pages\/organisator-ch-695","https:\/\/www.youtube.com\/channel\/UCGP2Sq0iWaZwT3BdIAQFYpw"]},{"@type":"Person","@id":"https:\/\/www.organisator.ch\/#\/schema\/person\/6f650f90b2842cd4c0cc334b4e36f67e","name":"thomas.berner","image":{"@type":"ImageObject","inLanguage":"de","@id":"https:\/\/secure.gravatar.com\/avatar\/ac5001d2a36cb6c6cd3e50789007ffca834b477b74a2144564522e944eabff61?s=96&d=mm&r=g","url":"https:\/\/secure.gravatar.com\/avatar\/ac5001d2a36cb6c6cd3e50789007ffca834b477b74a2144564522e944eabff61?s=96&d=mm&r=g","contentUrl":"https:\/\/secure.gravatar.com\/avatar\/ac5001d2a36cb6c6cd3e50789007ffca834b477b74a2144564522e944eabff61?s=96&d=mm&r=g","caption":"thomas.berner"},"url":"https:\/\/www.organisator.ch\/de\/author\/thomas-berner\/"}]}},"_links":{"self":[{"href":"https:\/\/www.organisator.ch\/de\/wp-json\/wp\/v2\/posts\/1468","targetHints":{"allow":["GET"]}}],"collection":[{"href":"https:\/\/www.organisator.ch\/de\/wp-json\/wp\/v2\/posts"}],"about":[{"href":"https:\/\/www.organisator.ch\/de\/wp-json\/wp\/v2\/types\/post"}],"author":[{"embeddable":true,"href":"https:\/\/www.organisator.ch\/de\/wp-json\/wp\/v2\/users\/4"}],"replies":[{"embeddable":true,"href":"https:\/\/www.organisator.ch\/de\/wp-json\/wp\/v2\/comments?post=1468"}],"version-history":[{"count":0,"href":"https:\/\/www.organisator.ch\/de\/wp-json\/wp\/v2\/posts\/1468\/revisions"}],"wp:featuredmedia":[{"embeddable":true,"href":"https:\/\/www.organisator.ch\/de\/wp-json\/wp\/v2\/media\/1470"}],"wp:attachment":[{"href":"https:\/\/www.organisator.ch\/de\/wp-json\/wp\/v2\/media?parent=1468"}],"wp:term":[{"taxonomy":"category","embeddable":true,"href":"https:\/\/www.organisator.ch\/de\/wp-json\/wp\/v2\/categories?post=1468"},{"taxonomy":"post_tag","embeddable":true,"href":"https:\/\/www.organisator.ch\/de\/wp-json\/wp\/v2\/tags?post=1468"}],"curies":[{"name":"wp","href":"https:\/\/api.w.org\/{rel}","templated":true}]}}