{"id":147,"date":"2016-02-23T16:23:00","date_gmt":"2016-02-23T15:23:00","guid":{"rendered":"http:\/\/dev.organisator.ch\/?p=147"},"modified":"2016-02-23T16:23:00","modified_gmt":"2016-02-23T15:23:00","slug":"20119-erfolgsgeschichten","status":"publish","type":"post","link":"https:\/\/www.organisator.ch\/de\/allgemein\/2016-02-23\/20119-erfolgsgeschichten\/","title":{"rendered":"20\u2019119 Erfolgsgeschichten"},"content":{"rendered":"<figure id=\"attachment_148\" aria-describedby=\"caption-attachment-148\" style=\"width: 680px\" class=\"wp-caption alignnone\"><img loading=\"lazy\" decoding=\"async\" class=\"size-medium wp-image-148\" src=\"https:\/\/organisator.ch\/wp-content\/uploads\/2016\/12\/20\u2019119-Erfolgsgeschichten-organisator.jpg\" alt=\"\" width=\"680\" height=\"554\" \/><figcaption id=\"caption-attachment-148\" class=\"wp-caption-text\">Die H\u00e4lfte der gut 20&#8217;000 IV-Einstellungen arbeiten im bisherigen Betrieb weiter.<\/figcaption><\/figure>\n<p>W\u00e4hrend die Wiedereingliederung von bisherigen Rentenbez\u00fcgern eine grosse Herausforderung f\u00fcr die IV-Stellen darstellt, ist die Eingliederung vor Rente sehr erfolgreich. Dies zeigen die neuesten Zahlen der IV-Stellen-Konferenz (IVSK), die bei den 26 kantonalen IV-Stellen erhoben wurden. 20\u2019119 Menschen mit gesundheitlichen Beeintr\u00e4chtigungen konnten mit Unterst\u00fctzung der Arbeitgeber und der IV-Stellen ihren Job behalten oder eine neue Stelle finden.<\/p>\n<p>Gewinnorientierung und soziales Engagement lassen sich sehr gut vereinbaren \u2013 viele Unternehmen beweisen dies. Trotzdem: Es ist noch viel Sensibilisierungsarbeit n\u00f6tig. Den engagierten Arbeitgebern garantieren die IV-Stellen die notwendige Unterst\u00fctzung und die wirksamen Mittel. In der Zahl 20\u2019119 enthalten sind der Erhalt von Arbeitspl\u00e4tzen beim bisherigen Arbeitgeber (10\u2019570), Umplatzierungen im gleichen Unternehmen (1\u2018791) sowie Arbeitspl\u00e4tze bei neuen Arbeitgebern (6\u2018984).<\/p>\n<p>Durchzogener sieht die Bilanz bei der Wiedereingliederung von bisherigen Rentenbez\u00fcgern aus: Als Folge von Rentenrevisionen resultierten im vergangenen Jahr 774 erfolgreiche Arbeitsvermittlungen. Nicht mitgez\u00e4hlt sind im \u00dcbrigen Ausbildungs- und Praktikumspl\u00e4tze.<\/p>\n<p><strong>Ohne Behindertenquote<\/strong><\/p>\n<p>Die IV-Stellen und die Arbeitgeber beweisen mit diesen Erfolgsgeschichten, dass es auch ohne Behindertenquote geht. Einen Mitarbeiter aufgrund seiner Behinderung anzustellen, nur um eine bestimmte Quote zu erreichen, schafft keine gute Basis f\u00fcr ein fruchtbares und dauerhaftes Arbeitsverh\u00e4ltnis, so die Position der IVSK.<\/p>\n<p>Beispiele von erfolgreichen Eingliederungen unter: <a href=\"http:\/\/www.ivsk.ch\" target=\"_blank\" data-cke-saved-href=\"http:\/\/www.ivsk.ch\" rel=\"noopener\">www.ivsk.ch<\/a> oder unter <a href=\"http:\/\/www.compasso.ch\" target=\"_blank\" data-cke-saved-href=\"http:\/\/www.compasso.ch\" rel=\"noopener\">www.compasso.ch<\/a> (Informationsportal f\u00fcr Arbeitgeber).<\/p>\n","protected":false},"excerpt":{"rendered":"<p>W\u00e4hrend die Wiedereingliederung von bisherigen Rentenbez\u00fcgern eine grosse Herausforderung f\u00fcr die IV-Stellen darstellt, ist die Eingliederung vor Rente sehr erfolgreich. Dies zeigen die neuesten Zahlen der IV-Stellen-Konferenz (IVSK), die bei den 26 kantonalen IV-Stellen erhoben wurden. 20\u2019119 Menschen mit gesundheitlichen Beeintr\u00e4chtigungen konnten mit Unterst\u00fctzung der Arbeitgeber und der IV-Stellen ihren Job behalten oder eine neue [&hellip;]<\/p>\n","protected":false},"author":1,"featured_media":148,"comment_status":"open","ping_status":"open","sticky":false,"template":"","format":"standard","meta":{"_acf_changed":false,"_yoast_wpseo_focuskw":"Erfolgsgeschichten","_yoast_wpseo_metadesc":"Erfolgsgeschichten: Die IV-Stellen haben im vergangenen Jahr \u00fcber 20\u2018000 Menschen mit gesundheitlichen Beeintr\u00e4chtigungen im ersten Arbeitsmarkt platziert.","articlekey":"","footnotes":""},"categories":[1],"tags":[492],"class_list":["post-147","post","type-post","status-publish","format-standard","has-post-thumbnail","hentry","category-allgemein","tag-unternehmen"],"acf":[],"yoast_head":"<!-- This site is optimized with the Yoast SEO plugin v27.4 - https:\/\/yoast.com\/product\/yoast-seo-wordpress\/ -->\n<title>20\u2019119 Erfolgsgeschichten - Organisator<\/title>\n<meta name=\"description\" content=\"Erfolgsgeschichten: Die IV-Stellen haben im vergangenen Jahr \u00fcber 20\u2018000 Menschen mit gesundheitlichen Beeintr\u00e4chtigungen im ersten Arbeitsmarkt platziert.\" \/>\n<meta name=\"robots\" content=\"index, follow, max-snippet:-1, max-image-preview:large, max-video-preview:-1\" \/>\n<link rel=\"canonical\" href=\"https:\/\/www.organisator.ch\/de\/allgemein\/2016-02-23\/20119-erfolgsgeschichten\/\" \/>\n<meta property=\"og:locale\" content=\"de_DE\" \/>\n<meta property=\"og:type\" content=\"article\" \/>\n<meta property=\"og:title\" content=\"20\u2019119 Erfolgsgeschichten\" \/>\n<meta property=\"og:description\" content=\"Die IV-Stellen haben im vergangenen Jahr \u00fcber 20\u2018000 Menschen mit gesundheitlichen Beeintr\u00e4chtigungen im ersten Arbeitsmarkt platziert. Damit \u00fcbertreffen sie das Resultat vom Vorjahr. Eine fr\u00fchzeitige Intervention zahlt sich aus.\" \/>\n<meta property=\"og:url\" content=\"https:\/\/www.organisator.ch\/de\/allgemein\/2016-02-23\/20119-erfolgsgeschichten\/\" \/>\n<meta property=\"og:site_name\" content=\"Organisator\" \/>\n<meta property=\"article:publisher\" content=\"https:\/\/www.facebook.com\/OrganisatorFachmagazin\" \/>\n<meta property=\"article:published_time\" content=\"2016-02-23T15:23:00+00:00\" \/>\n<meta name=\"author\" content=\"admin\" \/>\n<meta name=\"twitter:card\" content=\"summary_large_image\" \/>\n<meta name=\"twitter:image\" content=\"https:\/\/www.organisator.ch\/wp-content\/uploads\/2016\/12\/20119-Erfolgsgeschichten-organisator.jpg\" \/>\n<script type=\"application\/ld+json\" class=\"yoast-schema-graph\">{\"@context\":\"https:\\\/\\\/schema.org\",\"@graph\":[{\"@type\":\"Article\",\"@id\":\"https:\\\/\\\/www.organisator.ch\\\/de\\\/allgemein\\\/2016-02-23\\\/20119-erfolgsgeschichten\\\/#article\",\"isPartOf\":{\"@id\":\"https:\\\/\\\/www.organisator.ch\\\/de\\\/allgemein\\\/2016-02-23\\\/20119-erfolgsgeschichten\\\/\"},\"author\":{\"name\":\"admin\",\"@id\":\"https:\\\/\\\/www.organisator.ch\\\/#\\\/schema\\\/person\\\/aa2bace6c5c5aad60102004a50c4eb1c\"},\"headline\":\"20\u2019119 Erfolgsgeschichten\",\"datePublished\":\"2016-02-23T15:23:00+00:00\",\"mainEntityOfPage\":{\"@id\":\"https:\\\/\\\/www.organisator.ch\\\/de\\\/allgemein\\\/2016-02-23\\\/20119-erfolgsgeschichten\\\/\"},\"wordCount\":233,\"commentCount\":0,\"publisher\":{\"@id\":\"https:\\\/\\\/www.organisator.ch\\\/#organization\"},\"image\":{\"@id\":\"https:\\\/\\\/www.organisator.ch\\\/de\\\/allgemein\\\/2016-02-23\\\/20119-erfolgsgeschichten\\\/#primaryimage\"},\"thumbnailUrl\":\"https:\\\/\\\/www.organisator.ch\\\/wp-content\\\/uploads\\\/2016\\\/12\\\/20119-Erfolgsgeschichten-organisator.jpg\",\"keywords\":[\"Unternehmen\"],\"inLanguage\":\"de\"},{\"@type\":\"WebPage\",\"@id\":\"https:\\\/\\\/www.organisator.ch\\\/de\\\/allgemein\\\/2016-02-23\\\/20119-erfolgsgeschichten\\\/\",\"url\":\"https:\\\/\\\/www.organisator.ch\\\/de\\\/allgemein\\\/2016-02-23\\\/20119-erfolgsgeschichten\\\/\",\"name\":\"20\u2019119 Erfolgsgeschichten - Organisator\",\"isPartOf\":{\"@id\":\"https:\\\/\\\/www.organisator.ch\\\/#website\"},\"primaryImageOfPage\":{\"@id\":\"https:\\\/\\\/www.organisator.ch\\\/de\\\/allgemein\\\/2016-02-23\\\/20119-erfolgsgeschichten\\\/#primaryimage\"},\"image\":{\"@id\":\"https:\\\/\\\/www.organisator.ch\\\/de\\\/allgemein\\\/2016-02-23\\\/20119-erfolgsgeschichten\\\/#primaryimage\"},\"thumbnailUrl\":\"https:\\\/\\\/www.organisator.ch\\\/wp-content\\\/uploads\\\/2016\\\/12\\\/20119-Erfolgsgeschichten-organisator.jpg\",\"datePublished\":\"2016-02-23T15:23:00+00:00\",\"description\":\"Erfolgsgeschichten: Die IV-Stellen haben im vergangenen Jahr \u00fcber 20\u2018000 Menschen mit gesundheitlichen Beeintr\u00e4chtigungen im ersten Arbeitsmarkt platziert.\",\"breadcrumb\":{\"@id\":\"https:\\\/\\\/www.organisator.ch\\\/de\\\/allgemein\\\/2016-02-23\\\/20119-erfolgsgeschichten\\\/#breadcrumb\"},\"inLanguage\":\"de\",\"potentialAction\":[{\"@type\":\"ReadAction\",\"target\":[\"https:\\\/\\\/www.organisator.ch\\\/de\\\/allgemein\\\/2016-02-23\\\/20119-erfolgsgeschichten\\\/\"]}]},{\"@type\":\"ImageObject\",\"inLanguage\":\"de\",\"@id\":\"https:\\\/\\\/www.organisator.ch\\\/de\\\/allgemein\\\/2016-02-23\\\/20119-erfolgsgeschichten\\\/#primaryimage\",\"url\":\"https:\\\/\\\/www.organisator.ch\\\/wp-content\\\/uploads\\\/2016\\\/12\\\/20119-Erfolgsgeschichten-organisator.jpg\",\"contentUrl\":\"https:\\\/\\\/www.organisator.ch\\\/wp-content\\\/uploads\\\/2016\\\/12\\\/20119-Erfolgsgeschichten-organisator.jpg\",\"width\":828,\"height\":675,\"caption\":\"Die H\u00e4lfte der gut 20'000 IV-Einstellungen arbeiten im bisherigen Betrieb weiter.\"},{\"@type\":\"BreadcrumbList\",\"@id\":\"https:\\\/\\\/www.organisator.ch\\\/de\\\/allgemein\\\/2016-02-23\\\/20119-erfolgsgeschichten\\\/#breadcrumb\",\"itemListElement\":[{\"@type\":\"ListItem\",\"position\":1,\"name\":\"Home\",\"item\":\"https:\\\/\\\/www.organisator.ch\\\/\"},{\"@type\":\"ListItem\",\"position\":2,\"name\":\"20\u2019119 Erfolgsgeschichten\"}]},{\"@type\":\"WebSite\",\"@id\":\"https:\\\/\\\/www.organisator.ch\\\/#website\",\"url\":\"https:\\\/\\\/www.organisator.ch\\\/\",\"name\":\"Organisator\",\"description\":\"Kompetent. Praxisnah. Der ORGANISATOR bereitet in 10 Ausgaben pro Jahr die wesentlichen Themen f\u00fcr F\u00fchrungskr\u00e4fte von KMU auf.\",\"publisher\":{\"@id\":\"https:\\\/\\\/www.organisator.ch\\\/#organization\"},\"potentialAction\":[{\"@type\":\"SearchAction\",\"target\":{\"@type\":\"EntryPoint\",\"urlTemplate\":\"https:\\\/\\\/www.organisator.ch\\\/?s={search_term_string}\"},\"query-input\":{\"@type\":\"PropertyValueSpecification\",\"valueRequired\":true,\"valueName\":\"search_term_string\"}}],\"inLanguage\":\"de\"},{\"@type\":\"Organization\",\"@id\":\"https:\\\/\\\/www.organisator.ch\\\/#organization\",\"name\":\"Organisator\",\"url\":\"https:\\\/\\\/www.organisator.ch\\\/\",\"logo\":{\"@type\":\"ImageObject\",\"inLanguage\":\"de\",\"@id\":\"https:\\\/\\\/www.organisator.ch\\\/#\\\/schema\\\/logo\\\/image\\\/\",\"url\":\"https:\\\/\\\/www.organisator.ch\\\/wp-content\\\/uploads\\\/2022\\\/01\\\/Logo_Organisator_Website.png\",\"contentUrl\":\"https:\\\/\\\/www.organisator.ch\\\/wp-content\\\/uploads\\\/2022\\\/01\\\/Logo_Organisator_Website.png\",\"width\":800,\"height\":77,\"caption\":\"Organisator\"},\"image\":{\"@id\":\"https:\\\/\\\/www.organisator.ch\\\/#\\\/schema\\\/logo\\\/image\\\/\"},\"sameAs\":[\"https:\\\/\\\/www.facebook.com\\\/OrganisatorFachmagazin\",\"https:\\\/\\\/www.linkedin.com\\\/showcase\\\/organisator-das-magazin-fr-kmu\",\"https:\\\/\\\/www.xing.com\\\/news\\\/pages\\\/organisator-ch-695\",\"https:\\\/\\\/www.youtube.com\\\/channel\\\/UCGP2Sq0iWaZwT3BdIAQFYpw\"]},{\"@type\":\"Person\",\"@id\":\"https:\\\/\\\/www.organisator.ch\\\/#\\\/schema\\\/person\\\/aa2bace6c5c5aad60102004a50c4eb1c\",\"name\":\"admin\",\"image\":{\"@type\":\"ImageObject\",\"inLanguage\":\"de\",\"@id\":\"https:\\\/\\\/secure.gravatar.com\\\/avatar\\\/ae2f4d718e6c49043e314ce431e7e645d646302a24a5ef5a8bc8e3f5a032e319?s=96&d=mm&r=g\",\"url\":\"https:\\\/\\\/secure.gravatar.com\\\/avatar\\\/ae2f4d718e6c49043e314ce431e7e645d646302a24a5ef5a8bc8e3f5a032e319?s=96&d=mm&r=g\",\"contentUrl\":\"https:\\\/\\\/secure.gravatar.com\\\/avatar\\\/ae2f4d718e6c49043e314ce431e7e645d646302a24a5ef5a8bc8e3f5a032e319?s=96&d=mm&r=g\",\"caption\":\"admin\"},\"sameAs\":[\"https:\\\/\\\/www.organisator.ch\"],\"url\":\"https:\\\/\\\/www.organisator.ch\\\/de\\\/author\\\/admin\\\/\"}]}<\/script>\n<!-- \/ Yoast SEO plugin. -->","yoast_head_json":{"title":"20\u2019119 Erfolgsgeschichten - Organisator","description":"Erfolgsgeschichten: Die IV-Stellen haben im vergangenen Jahr \u00fcber 20\u2018000 Menschen mit gesundheitlichen Beeintr\u00e4chtigungen im ersten Arbeitsmarkt platziert.","robots":{"index":"index","follow":"follow","max-snippet":"max-snippet:-1","max-image-preview":"max-image-preview:large","max-video-preview":"max-video-preview:-1"},"canonical":"https:\/\/www.organisator.ch\/de\/allgemein\/2016-02-23\/20119-erfolgsgeschichten\/","og_locale":"de_DE","og_type":"article","og_title":"20\u2019119 Erfolgsgeschichten","og_description":"Die IV-Stellen haben im vergangenen Jahr \u00fcber 20\u2018000 Menschen mit gesundheitlichen Beeintr\u00e4chtigungen im ersten Arbeitsmarkt platziert. Damit \u00fcbertreffen sie das Resultat vom Vorjahr. Eine fr\u00fchzeitige Intervention zahlt sich aus.","og_url":"https:\/\/www.organisator.ch\/de\/allgemein\/2016-02-23\/20119-erfolgsgeschichten\/","og_site_name":"Organisator","article_publisher":"https:\/\/www.facebook.com\/OrganisatorFachmagazin","article_published_time":"2016-02-23T15:23:00+00:00","author":"admin","twitter_card":"summary_large_image","twitter_image":"https:\/\/www.organisator.ch\/wp-content\/uploads\/2016\/12\/20119-Erfolgsgeschichten-organisator.jpg","schema":{"@context":"https:\/\/schema.org","@graph":[{"@type":"Article","@id":"https:\/\/www.organisator.ch\/de\/allgemein\/2016-02-23\/20119-erfolgsgeschichten\/#article","isPartOf":{"@id":"https:\/\/www.organisator.ch\/de\/allgemein\/2016-02-23\/20119-erfolgsgeschichten\/"},"author":{"name":"admin","@id":"https:\/\/www.organisator.ch\/#\/schema\/person\/aa2bace6c5c5aad60102004a50c4eb1c"},"headline":"20\u2019119 Erfolgsgeschichten","datePublished":"2016-02-23T15:23:00+00:00","mainEntityOfPage":{"@id":"https:\/\/www.organisator.ch\/de\/allgemein\/2016-02-23\/20119-erfolgsgeschichten\/"},"wordCount":233,"commentCount":0,"publisher":{"@id":"https:\/\/www.organisator.ch\/#organization"},"image":{"@id":"https:\/\/www.organisator.ch\/de\/allgemein\/2016-02-23\/20119-erfolgsgeschichten\/#primaryimage"},"thumbnailUrl":"https:\/\/www.organisator.ch\/wp-content\/uploads\/2016\/12\/20119-Erfolgsgeschichten-organisator.jpg","keywords":["Unternehmen"],"inLanguage":"de"},{"@type":"WebPage","@id":"https:\/\/www.organisator.ch\/de\/allgemein\/2016-02-23\/20119-erfolgsgeschichten\/","url":"https:\/\/www.organisator.ch\/de\/allgemein\/2016-02-23\/20119-erfolgsgeschichten\/","name":"20\u2019119 Erfolgsgeschichten - Organisator","isPartOf":{"@id":"https:\/\/www.organisator.ch\/#website"},"primaryImageOfPage":{"@id":"https:\/\/www.organisator.ch\/de\/allgemein\/2016-02-23\/20119-erfolgsgeschichten\/#primaryimage"},"image":{"@id":"https:\/\/www.organisator.ch\/de\/allgemein\/2016-02-23\/20119-erfolgsgeschichten\/#primaryimage"},"thumbnailUrl":"https:\/\/www.organisator.ch\/wp-content\/uploads\/2016\/12\/20119-Erfolgsgeschichten-organisator.jpg","datePublished":"2016-02-23T15:23:00+00:00","description":"Erfolgsgeschichten: Die IV-Stellen haben im vergangenen Jahr \u00fcber 20\u2018000 Menschen mit gesundheitlichen Beeintr\u00e4chtigungen im ersten Arbeitsmarkt platziert.","breadcrumb":{"@id":"https:\/\/www.organisator.ch\/de\/allgemein\/2016-02-23\/20119-erfolgsgeschichten\/#breadcrumb"},"inLanguage":"de","potentialAction":[{"@type":"ReadAction","target":["https:\/\/www.organisator.ch\/de\/allgemein\/2016-02-23\/20119-erfolgsgeschichten\/"]}]},{"@type":"ImageObject","inLanguage":"de","@id":"https:\/\/www.organisator.ch\/de\/allgemein\/2016-02-23\/20119-erfolgsgeschichten\/#primaryimage","url":"https:\/\/www.organisator.ch\/wp-content\/uploads\/2016\/12\/20119-Erfolgsgeschichten-organisator.jpg","contentUrl":"https:\/\/www.organisator.ch\/wp-content\/uploads\/2016\/12\/20119-Erfolgsgeschichten-organisator.jpg","width":828,"height":675,"caption":"Die H\u00e4lfte der gut 20'000 IV-Einstellungen arbeiten im bisherigen Betrieb weiter."},{"@type":"BreadcrumbList","@id":"https:\/\/www.organisator.ch\/de\/allgemein\/2016-02-23\/20119-erfolgsgeschichten\/#breadcrumb","itemListElement":[{"@type":"ListItem","position":1,"name":"Home","item":"https:\/\/www.organisator.ch\/"},{"@type":"ListItem","position":2,"name":"20\u2019119 Erfolgsgeschichten"}]},{"@type":"WebSite","@id":"https:\/\/www.organisator.ch\/#website","url":"https:\/\/www.organisator.ch\/","name":"Organisator","description":"Kompetent. Praxisnah. Der ORGANISATOR bereitet in 10 Ausgaben pro Jahr die wesentlichen Themen f\u00fcr F\u00fchrungskr\u00e4fte von KMU auf.","publisher":{"@id":"https:\/\/www.organisator.ch\/#organization"},"potentialAction":[{"@type":"SearchAction","target":{"@type":"EntryPoint","urlTemplate":"https:\/\/www.organisator.ch\/?s={search_term_string}"},"query-input":{"@type":"PropertyValueSpecification","valueRequired":true,"valueName":"search_term_string"}}],"inLanguage":"de"},{"@type":"Organization","@id":"https:\/\/www.organisator.ch\/#organization","name":"Organisator","url":"https:\/\/www.organisator.ch\/","logo":{"@type":"ImageObject","inLanguage":"de","@id":"https:\/\/www.organisator.ch\/#\/schema\/logo\/image\/","url":"https:\/\/www.organisator.ch\/wp-content\/uploads\/2022\/01\/Logo_Organisator_Website.png","contentUrl":"https:\/\/www.organisator.ch\/wp-content\/uploads\/2022\/01\/Logo_Organisator_Website.png","width":800,"height":77,"caption":"Organisator"},"image":{"@id":"https:\/\/www.organisator.ch\/#\/schema\/logo\/image\/"},"sameAs":["https:\/\/www.facebook.com\/OrganisatorFachmagazin","https:\/\/www.linkedin.com\/showcase\/organisator-das-magazin-fr-kmu","https:\/\/www.xing.com\/news\/pages\/organisator-ch-695","https:\/\/www.youtube.com\/channel\/UCGP2Sq0iWaZwT3BdIAQFYpw"]},{"@type":"Person","@id":"https:\/\/www.organisator.ch\/#\/schema\/person\/aa2bace6c5c5aad60102004a50c4eb1c","name":"admin","image":{"@type":"ImageObject","inLanguage":"de","@id":"https:\/\/secure.gravatar.com\/avatar\/ae2f4d718e6c49043e314ce431e7e645d646302a24a5ef5a8bc8e3f5a032e319?s=96&d=mm&r=g","url":"https:\/\/secure.gravatar.com\/avatar\/ae2f4d718e6c49043e314ce431e7e645d646302a24a5ef5a8bc8e3f5a032e319?s=96&d=mm&r=g","contentUrl":"https:\/\/secure.gravatar.com\/avatar\/ae2f4d718e6c49043e314ce431e7e645d646302a24a5ef5a8bc8e3f5a032e319?s=96&d=mm&r=g","caption":"admin"},"sameAs":["https:\/\/www.organisator.ch"],"url":"https:\/\/www.organisator.ch\/de\/author\/admin\/"}]}},"_links":{"self":[{"href":"https:\/\/www.organisator.ch\/de\/wp-json\/wp\/v2\/posts\/147","targetHints":{"allow":["GET"]}}],"collection":[{"href":"https:\/\/www.organisator.ch\/de\/wp-json\/wp\/v2\/posts"}],"about":[{"href":"https:\/\/www.organisator.ch\/de\/wp-json\/wp\/v2\/types\/post"}],"author":[{"embeddable":true,"href":"https:\/\/www.organisator.ch\/de\/wp-json\/wp\/v2\/users\/1"}],"replies":[{"embeddable":true,"href":"https:\/\/www.organisator.ch\/de\/wp-json\/wp\/v2\/comments?post=147"}],"version-history":[{"count":0,"href":"https:\/\/www.organisator.ch\/de\/wp-json\/wp\/v2\/posts\/147\/revisions"}],"wp:featuredmedia":[{"embeddable":true,"href":"https:\/\/www.organisator.ch\/de\/wp-json\/wp\/v2\/media\/148"}],"wp:attachment":[{"href":"https:\/\/www.organisator.ch\/de\/wp-json\/wp\/v2\/media?parent=147"}],"wp:term":[{"taxonomy":"category","embeddable":true,"href":"https:\/\/www.organisator.ch\/de\/wp-json\/wp\/v2\/categories?post=147"},{"taxonomy":"post_tag","embeddable":true,"href":"https:\/\/www.organisator.ch\/de\/wp-json\/wp\/v2\/tags?post=147"}],"curies":[{"name":"wp","href":"https:\/\/api.w.org\/{rel}","templated":true}]}}