{"id":1471,"date":"2018-02-02T08:44:04","date_gmt":"2018-02-02T07:44:04","guid":{"rendered":"https:\/\/www.umweltperspektiven.ch\/?p=1471"},"modified":"2018-02-02T08:44:04","modified_gmt":"2018-02-02T07:44:04","slug":"solarenergie-und-neuste-batterietechnologie-unter-einem-dach","status":"publish","type":"post","link":"https:\/\/www.organisator.ch\/de\/allgemein\/2018-02-02\/solarenergie-und-neuste-batterietechnologie-unter-einem-dach\/","title":{"rendered":"Teilfusion: Solarenergie und neuste Batterietechnologie unter einem Dach"},"content":{"rendered":"<figure id=\"attachment_1472\" aria-describedby=\"caption-attachment-1472\" style=\"width: 640px\" class=\"wp-caption alignnone\"><img loading=\"lazy\" decoding=\"async\" class=\"size-full wp-image-1472\" src=\"\/\/www.umweltperspektiven.ch\/wp-content\/uploads\/2018\/02\/Teilfusion-Solarenergie-und-neuste-Batterietechnologie-unter-einem-Dach-up-umweltmanagement.jpg\" alt=\"\" width=\"640\" height=\"428\" \/><figcaption id=\"caption-attachment-1472\" class=\"wp-caption-text\">Maurer Elektromaschinen GmbH und die Sumatrix AG haben Ihre Aktivit\u00e4ten teilweise zusammengelegt. (Bild: zVg)<\/figcaption><\/figure>\n<p>Durch die Teilfusion in die Firma Maurer Elektromaschinen GmbH konnte das Sortiment in der Tiefe und in der Breite vergr\u00f6ssert werden.<\/p>\n<p><strong>Ideale Synergien<\/strong><\/p>\n<p>Seit anfangs Januar 2018 finden Sie in Sch\u00f6ftland neben dem grossen Batteriesortiment auch verschiedene Solarmodule, Laderegler, Sinus-Wechselrichter f\u00fcr 230V und eine stattliche Auswahl an 12V-Lampen und Gleichstromzubeh\u00f6r. Dieser Zusammenschluss ergibt ideale Synergien, einerseits im Bereich der Produkte (Batterien und Solartechnik) und andererseits im Bereich der Kunden. Belieferte die Maurer Elektromaschinen GmbH bisher ausschliesslich Firmen aus der Industrie, Endkunden und Verarbeiter, w\u00e4hrend bei Sumatrix AG vor allem H\u00e4ndler in den Bergregionen zu deren Kunden z\u00e4hlen.<\/p>\n<p>Peter Maurer und Manfred Leutwiler freuen sich auf eine weiterhin erfolgreiche Zusammenarbeit mit Ihren Kunden und Lieferanten. Getreu dem Motto: \u00abGemeinsam sind wir st\u00e4rker\u00bb<\/p>\n<p>Der Kunde profitiert so von einem noch gr\u00f6sseren Sortiment bei Batterien f\u00fcr jede Anwendung und Solarenergie f\u00fcr netzferne Objekte.<\/p>\n<p><a href=\"\/\/www.maurelma.ch\/\">www.maurelma.ch<\/a><\/p>\n<p><a href=\"\/\/www.maurelma.ch\/\"><\/a><\/p>\n","protected":false},"excerpt":{"rendered":"<p>Durch die Teilfusion in die Firma Maurer Elektromaschinen GmbH konnte das Sortiment in der Tiefe und in der Breite vergr\u00f6ssert werden. Ideale Synergien Seit anfangs Januar 2018 finden Sie in Sch\u00f6ftland neben dem grossen Batteriesortiment auch verschiedene Solarmodule, Laderegler, Sinus-Wechselrichter f\u00fcr 230V und eine stattliche Auswahl an 12V-Lampen und Gleichstromzubeh\u00f6r. Dieser Zusammenschluss ergibt ideale Synergien, [&hellip;]<\/p>\n","protected":false},"author":5,"featured_media":9534,"comment_status":"open","ping_status":"open","sticky":false,"template":"","format":"standard","meta":{"_acf_changed":false,"_yoast_wpseo_focuskw":"Teilfusion","_yoast_wpseo_metadesc":"Die Fachfirmen Maurer Elektromaschinen GmbH aus Sch\u00f6ftland und die Sumatrix AG aus Gontenschwil haben in einer Teilfusion Ihre Aktivit\u00e4ten zusammengef\u00fchrt.","articlekey":"","footnotes":""},"categories":[1],"tags":[777,1037,1235,2143],"class_list":["post-1471","post","type-post","status-publish","format-standard","has-post-thumbnail","hentry","category-allgemein","tag-batteriesortiment","tag-elektromaschinen","tag-fusion","tag-solarenergie"],"acf":[],"yoast_head":"<!-- This site is optimized with the Yoast SEO plugin v27.4 - https:\/\/yoast.com\/product\/yoast-seo-wordpress\/ -->\n<title>Teilfusion: Solarenergie und neuste Batterietechnologie unter einem Dach - Organisator<\/title>\n<meta name=\"description\" content=\"Die Fachfirmen Maurer Elektromaschinen GmbH aus Sch\u00f6ftland und die Sumatrix AG aus Gontenschwil haben in einer Teilfusion Ihre Aktivit\u00e4ten zusammengef\u00fchrt.\" \/>\n<meta name=\"robots\" content=\"index, follow, max-snippet:-1, max-image-preview:large, max-video-preview:-1\" \/>\n<link rel=\"canonical\" href=\"https:\/\/www.organisator.ch\/de\/allgemein\/2018-02-02\/solarenergie-und-neuste-batterietechnologie-unter-einem-dach\/\" \/>\n<meta property=\"og:locale\" content=\"de_DE\" \/>\n<meta property=\"og:type\" content=\"article\" \/>\n<meta property=\"og:title\" content=\"Teilfusion: Solarenergie und neuste Batterietechnologie unter einem Dach - Organisator\" \/>\n<meta property=\"og:description\" content=\"Die Fachfirmen Maurer Elektromaschinen GmbH aus Sch\u00f6ftland und die Sumatrix AG aus Gontenschwil haben in einer Teilfusion Ihre Aktivit\u00e4ten zusammengef\u00fchrt.\" \/>\n<meta property=\"og:url\" content=\"https:\/\/www.organisator.ch\/de\/allgemein\/2018-02-02\/solarenergie-und-neuste-batterietechnologie-unter-einem-dach\/\" \/>\n<meta property=\"og:site_name\" content=\"Organisator\" \/>\n<meta property=\"article:publisher\" content=\"https:\/\/www.facebook.com\/OrganisatorFachmagazin\" \/>\n<meta property=\"article:published_time\" content=\"2018-02-02T07:44:04+00:00\" \/>\n<meta property=\"og:image\" content=\"https:\/\/www.organisator.ch\/wp-content\/uploads\/2018\/02\/Teilfusion-Solarenergie-und-neuste-Batterietechnologie-unter-einem-Dach-up-umweltmanagement.jpg\" \/>\n\t<meta property=\"og:image:width\" content=\"640\" \/>\n\t<meta property=\"og:image:height\" content=\"428\" \/>\n\t<meta property=\"og:image:type\" content=\"image\/jpeg\" \/>\n<meta name=\"author\" content=\"michael.merz\" \/>\n<meta name=\"twitter:card\" content=\"summary_large_image\" \/>\n<script type=\"application\/ld+json\" class=\"yoast-schema-graph\">{\"@context\":\"https:\\\/\\\/schema.org\",\"@graph\":[{\"@type\":\"Article\",\"@id\":\"https:\\\/\\\/www.organisator.ch\\\/fr\\\/general\\\/2018-02-02\\\/solarenergie-und-neuste-batterietechnologie-unter-einem-dach\\\/#article\",\"isPartOf\":{\"@id\":\"https:\\\/\\\/www.organisator.ch\\\/fr\\\/general\\\/2018-02-02\\\/solarenergie-und-neuste-batterietechnologie-unter-einem-dach\\\/\"},\"author\":{\"name\":\"michael.merz\",\"@id\":\"https:\\\/\\\/www.organisator.ch\\\/#\\\/schema\\\/person\\\/134708ca9321c57b0362cceb7948ffbd\"},\"headline\":\"Teilfusion: Solarenergie und neuste Batterietechnologie unter einem Dach\",\"datePublished\":\"2018-02-02T07:44:04+00:00\",\"mainEntityOfPage\":{\"@id\":\"https:\\\/\\\/www.organisator.ch\\\/fr\\\/general\\\/2018-02-02\\\/solarenergie-und-neuste-batterietechnologie-unter-einem-dach\\\/\"},\"wordCount\":183,\"commentCount\":0,\"publisher\":{\"@id\":\"https:\\\/\\\/www.organisator.ch\\\/#organization\"},\"image\":{\"@id\":\"https:\\\/\\\/www.organisator.ch\\\/fr\\\/general\\\/2018-02-02\\\/solarenergie-und-neuste-batterietechnologie-unter-einem-dach\\\/#primaryimage\"},\"thumbnailUrl\":\"https:\\\/\\\/www.organisator.ch\\\/wp-content\\\/uploads\\\/2018\\\/02\\\/Teilfusion-Solarenergie-und-neuste-Batterietechnologie-unter-einem-Dach-up-umweltmanagement.jpg\",\"keywords\":[\"Batteriesortiment\",\"Elektromaschinen\",\"Fusion\",\"Solarenergie\"],\"inLanguage\":\"de\"},{\"@type\":\"WebPage\",\"@id\":\"https:\\\/\\\/www.organisator.ch\\\/fr\\\/general\\\/2018-02-02\\\/solarenergie-und-neuste-batterietechnologie-unter-einem-dach\\\/\",\"url\":\"https:\\\/\\\/www.organisator.ch\\\/fr\\\/general\\\/2018-02-02\\\/solarenergie-und-neuste-batterietechnologie-unter-einem-dach\\\/\",\"name\":\"Teilfusion: Solarenergie und neuste Batterietechnologie unter einem Dach - Organisator\",\"isPartOf\":{\"@id\":\"https:\\\/\\\/www.organisator.ch\\\/#website\"},\"primaryImageOfPage\":{\"@id\":\"https:\\\/\\\/www.organisator.ch\\\/fr\\\/general\\\/2018-02-02\\\/solarenergie-und-neuste-batterietechnologie-unter-einem-dach\\\/#primaryimage\"},\"image\":{\"@id\":\"https:\\\/\\\/www.organisator.ch\\\/fr\\\/general\\\/2018-02-02\\\/solarenergie-und-neuste-batterietechnologie-unter-einem-dach\\\/#primaryimage\"},\"thumbnailUrl\":\"https:\\\/\\\/www.organisator.ch\\\/wp-content\\\/uploads\\\/2018\\\/02\\\/Teilfusion-Solarenergie-und-neuste-Batterietechnologie-unter-einem-Dach-up-umweltmanagement.jpg\",\"datePublished\":\"2018-02-02T07:44:04+00:00\",\"description\":\"Die Fachfirmen Maurer Elektromaschinen GmbH aus Sch\u00f6ftland und die Sumatrix AG aus Gontenschwil haben in einer Teilfusion Ihre Aktivit\u00e4ten zusammengef\u00fchrt.\",\"breadcrumb\":{\"@id\":\"https:\\\/\\\/www.organisator.ch\\\/fr\\\/general\\\/2018-02-02\\\/solarenergie-und-neuste-batterietechnologie-unter-einem-dach\\\/#breadcrumb\"},\"inLanguage\":\"de\",\"potentialAction\":[{\"@type\":\"ReadAction\",\"target\":[\"https:\\\/\\\/www.organisator.ch\\\/fr\\\/general\\\/2018-02-02\\\/solarenergie-und-neuste-batterietechnologie-unter-einem-dach\\\/\"]}]},{\"@type\":\"ImageObject\",\"inLanguage\":\"de\",\"@id\":\"https:\\\/\\\/www.organisator.ch\\\/fr\\\/general\\\/2018-02-02\\\/solarenergie-und-neuste-batterietechnologie-unter-einem-dach\\\/#primaryimage\",\"url\":\"https:\\\/\\\/www.organisator.ch\\\/wp-content\\\/uploads\\\/2018\\\/02\\\/Teilfusion-Solarenergie-und-neuste-Batterietechnologie-unter-einem-Dach-up-umweltmanagement.jpg\",\"contentUrl\":\"https:\\\/\\\/www.organisator.ch\\\/wp-content\\\/uploads\\\/2018\\\/02\\\/Teilfusion-Solarenergie-und-neuste-Batterietechnologie-unter-einem-Dach-up-umweltmanagement.jpg\",\"width\":640,\"height\":428,\"caption\":\"Maurer Elektromaschinen GmbH und die Sumatrix AG haben Ihre Aktivit\u00e4ten teilweise zusammengelegt. (Bild: zVg)\"},{\"@type\":\"BreadcrumbList\",\"@id\":\"https:\\\/\\\/www.organisator.ch\\\/fr\\\/general\\\/2018-02-02\\\/solarenergie-und-neuste-batterietechnologie-unter-einem-dach\\\/#breadcrumb\",\"itemListElement\":[{\"@type\":\"ListItem\",\"position\":1,\"name\":\"Home\",\"item\":\"https:\\\/\\\/www.organisator.ch\\\/\"},{\"@type\":\"ListItem\",\"position\":2,\"name\":\"Teilfusion: Solarenergie und neuste Batterietechnologie unter einem Dach\"}]},{\"@type\":\"WebSite\",\"@id\":\"https:\\\/\\\/www.organisator.ch\\\/#website\",\"url\":\"https:\\\/\\\/www.organisator.ch\\\/\",\"name\":\"Organisator\",\"description\":\"Kompetent. Praxisnah. Der ORGANISATOR bereitet in 10 Ausgaben pro Jahr die wesentlichen Themen f\u00fcr F\u00fchrungskr\u00e4fte von KMU auf.\",\"publisher\":{\"@id\":\"https:\\\/\\\/www.organisator.ch\\\/#organization\"},\"potentialAction\":[{\"@type\":\"SearchAction\",\"target\":{\"@type\":\"EntryPoint\",\"urlTemplate\":\"https:\\\/\\\/www.organisator.ch\\\/?s={search_term_string}\"},\"query-input\":{\"@type\":\"PropertyValueSpecification\",\"valueRequired\":true,\"valueName\":\"search_term_string\"}}],\"inLanguage\":\"de\"},{\"@type\":\"Organization\",\"@id\":\"https:\\\/\\\/www.organisator.ch\\\/#organization\",\"name\":\"Organisator\",\"url\":\"https:\\\/\\\/www.organisator.ch\\\/\",\"logo\":{\"@type\":\"ImageObject\",\"inLanguage\":\"de\",\"@id\":\"https:\\\/\\\/www.organisator.ch\\\/#\\\/schema\\\/logo\\\/image\\\/\",\"url\":\"https:\\\/\\\/www.organisator.ch\\\/wp-content\\\/uploads\\\/2022\\\/01\\\/Logo_Organisator_Website.png\",\"contentUrl\":\"https:\\\/\\\/www.organisator.ch\\\/wp-content\\\/uploads\\\/2022\\\/01\\\/Logo_Organisator_Website.png\",\"width\":800,\"height\":77,\"caption\":\"Organisator\"},\"image\":{\"@id\":\"https:\\\/\\\/www.organisator.ch\\\/#\\\/schema\\\/logo\\\/image\\\/\"},\"sameAs\":[\"https:\\\/\\\/www.facebook.com\\\/OrganisatorFachmagazin\",\"https:\\\/\\\/www.linkedin.com\\\/showcase\\\/organisator-das-magazin-fr-kmu\",\"https:\\\/\\\/www.xing.com\\\/news\\\/pages\\\/organisator-ch-695\",\"https:\\\/\\\/www.youtube.com\\\/channel\\\/UCGP2Sq0iWaZwT3BdIAQFYpw\"]},{\"@type\":\"Person\",\"@id\":\"https:\\\/\\\/www.organisator.ch\\\/#\\\/schema\\\/person\\\/134708ca9321c57b0362cceb7948ffbd\",\"name\":\"michael.merz\",\"image\":{\"@type\":\"ImageObject\",\"inLanguage\":\"de\",\"@id\":\"https:\\\/\\\/secure.gravatar.com\\\/avatar\\\/?s=96&d=mm&r=g\",\"url\":\"https:\\\/\\\/secure.gravatar.com\\\/avatar\\\/?s=96&d=mm&r=g\",\"contentUrl\":\"https:\\\/\\\/secure.gravatar.com\\\/avatar\\\/?s=96&d=mm&r=g\",\"caption\":\"michael.merz\"},\"url\":\"https:\\\/\\\/www.organisator.ch\\\/de\\\/author\\\/michael-merz\\\/\"}]}<\/script>\n<!-- \/ Yoast SEO plugin. -->","yoast_head_json":{"title":"Teilfusion: Solarenergie und neuste Batterietechnologie unter einem Dach - Organisator","description":"Die Fachfirmen Maurer Elektromaschinen GmbH aus Sch\u00f6ftland und die Sumatrix AG aus Gontenschwil haben in einer Teilfusion Ihre Aktivit\u00e4ten zusammengef\u00fchrt.","robots":{"index":"index","follow":"follow","max-snippet":"max-snippet:-1","max-image-preview":"max-image-preview:large","max-video-preview":"max-video-preview:-1"},"canonical":"https:\/\/www.organisator.ch\/de\/allgemein\/2018-02-02\/solarenergie-und-neuste-batterietechnologie-unter-einem-dach\/","og_locale":"de_DE","og_type":"article","og_title":"Teilfusion: Solarenergie und neuste Batterietechnologie unter einem Dach - Organisator","og_description":"Die Fachfirmen Maurer Elektromaschinen GmbH aus Sch\u00f6ftland und die Sumatrix AG aus Gontenschwil haben in einer Teilfusion Ihre Aktivit\u00e4ten zusammengef\u00fchrt.","og_url":"https:\/\/www.organisator.ch\/de\/allgemein\/2018-02-02\/solarenergie-und-neuste-batterietechnologie-unter-einem-dach\/","og_site_name":"Organisator","article_publisher":"https:\/\/www.facebook.com\/OrganisatorFachmagazin","article_published_time":"2018-02-02T07:44:04+00:00","og_image":[{"width":640,"height":428,"url":"https:\/\/www.organisator.ch\/wp-content\/uploads\/2018\/02\/Teilfusion-Solarenergie-und-neuste-Batterietechnologie-unter-einem-Dach-up-umweltmanagement.jpg","type":"image\/jpeg"}],"author":"michael.merz","twitter_card":"summary_large_image","schema":{"@context":"https:\/\/schema.org","@graph":[{"@type":"Article","@id":"https:\/\/www.organisator.ch\/fr\/general\/2018-02-02\/solarenergie-und-neuste-batterietechnologie-unter-einem-dach\/#article","isPartOf":{"@id":"https:\/\/www.organisator.ch\/fr\/general\/2018-02-02\/solarenergie-und-neuste-batterietechnologie-unter-einem-dach\/"},"author":{"name":"michael.merz","@id":"https:\/\/www.organisator.ch\/#\/schema\/person\/134708ca9321c57b0362cceb7948ffbd"},"headline":"Teilfusion: Solarenergie und neuste Batterietechnologie unter einem Dach","datePublished":"2018-02-02T07:44:04+00:00","mainEntityOfPage":{"@id":"https:\/\/www.organisator.ch\/fr\/general\/2018-02-02\/solarenergie-und-neuste-batterietechnologie-unter-einem-dach\/"},"wordCount":183,"commentCount":0,"publisher":{"@id":"https:\/\/www.organisator.ch\/#organization"},"image":{"@id":"https:\/\/www.organisator.ch\/fr\/general\/2018-02-02\/solarenergie-und-neuste-batterietechnologie-unter-einem-dach\/#primaryimage"},"thumbnailUrl":"https:\/\/www.organisator.ch\/wp-content\/uploads\/2018\/02\/Teilfusion-Solarenergie-und-neuste-Batterietechnologie-unter-einem-Dach-up-umweltmanagement.jpg","keywords":["Batteriesortiment","Elektromaschinen","Fusion","Solarenergie"],"inLanguage":"de"},{"@type":"WebPage","@id":"https:\/\/www.organisator.ch\/fr\/general\/2018-02-02\/solarenergie-und-neuste-batterietechnologie-unter-einem-dach\/","url":"https:\/\/www.organisator.ch\/fr\/general\/2018-02-02\/solarenergie-und-neuste-batterietechnologie-unter-einem-dach\/","name":"Teilfusion: Solarenergie und neuste Batterietechnologie unter einem Dach - Organisator","isPartOf":{"@id":"https:\/\/www.organisator.ch\/#website"},"primaryImageOfPage":{"@id":"https:\/\/www.organisator.ch\/fr\/general\/2018-02-02\/solarenergie-und-neuste-batterietechnologie-unter-einem-dach\/#primaryimage"},"image":{"@id":"https:\/\/www.organisator.ch\/fr\/general\/2018-02-02\/solarenergie-und-neuste-batterietechnologie-unter-einem-dach\/#primaryimage"},"thumbnailUrl":"https:\/\/www.organisator.ch\/wp-content\/uploads\/2018\/02\/Teilfusion-Solarenergie-und-neuste-Batterietechnologie-unter-einem-Dach-up-umweltmanagement.jpg","datePublished":"2018-02-02T07:44:04+00:00","description":"Die Fachfirmen Maurer Elektromaschinen GmbH aus Sch\u00f6ftland und die Sumatrix AG aus Gontenschwil haben in einer Teilfusion Ihre Aktivit\u00e4ten zusammengef\u00fchrt.","breadcrumb":{"@id":"https:\/\/www.organisator.ch\/fr\/general\/2018-02-02\/solarenergie-und-neuste-batterietechnologie-unter-einem-dach\/#breadcrumb"},"inLanguage":"de","potentialAction":[{"@type":"ReadAction","target":["https:\/\/www.organisator.ch\/fr\/general\/2018-02-02\/solarenergie-und-neuste-batterietechnologie-unter-einem-dach\/"]}]},{"@type":"ImageObject","inLanguage":"de","@id":"https:\/\/www.organisator.ch\/fr\/general\/2018-02-02\/solarenergie-und-neuste-batterietechnologie-unter-einem-dach\/#primaryimage","url":"https:\/\/www.organisator.ch\/wp-content\/uploads\/2018\/02\/Teilfusion-Solarenergie-und-neuste-Batterietechnologie-unter-einem-Dach-up-umweltmanagement.jpg","contentUrl":"https:\/\/www.organisator.ch\/wp-content\/uploads\/2018\/02\/Teilfusion-Solarenergie-und-neuste-Batterietechnologie-unter-einem-Dach-up-umweltmanagement.jpg","width":640,"height":428,"caption":"Maurer Elektromaschinen GmbH und die Sumatrix AG haben Ihre Aktivit\u00e4ten teilweise zusammengelegt. (Bild: zVg)"},{"@type":"BreadcrumbList","@id":"https:\/\/www.organisator.ch\/fr\/general\/2018-02-02\/solarenergie-und-neuste-batterietechnologie-unter-einem-dach\/#breadcrumb","itemListElement":[{"@type":"ListItem","position":1,"name":"Home","item":"https:\/\/www.organisator.ch\/"},{"@type":"ListItem","position":2,"name":"Teilfusion: Solarenergie und neuste Batterietechnologie unter einem Dach"}]},{"@type":"WebSite","@id":"https:\/\/www.organisator.ch\/#website","url":"https:\/\/www.organisator.ch\/","name":"Organisator","description":"Kompetent. Praxisnah. Der ORGANISATOR bereitet in 10 Ausgaben pro Jahr die wesentlichen Themen f\u00fcr F\u00fchrungskr\u00e4fte von KMU auf.","publisher":{"@id":"https:\/\/www.organisator.ch\/#organization"},"potentialAction":[{"@type":"SearchAction","target":{"@type":"EntryPoint","urlTemplate":"https:\/\/www.organisator.ch\/?s={search_term_string}"},"query-input":{"@type":"PropertyValueSpecification","valueRequired":true,"valueName":"search_term_string"}}],"inLanguage":"de"},{"@type":"Organization","@id":"https:\/\/www.organisator.ch\/#organization","name":"Organisator","url":"https:\/\/www.organisator.ch\/","logo":{"@type":"ImageObject","inLanguage":"de","@id":"https:\/\/www.organisator.ch\/#\/schema\/logo\/image\/","url":"https:\/\/www.organisator.ch\/wp-content\/uploads\/2022\/01\/Logo_Organisator_Website.png","contentUrl":"https:\/\/www.organisator.ch\/wp-content\/uploads\/2022\/01\/Logo_Organisator_Website.png","width":800,"height":77,"caption":"Organisator"},"image":{"@id":"https:\/\/www.organisator.ch\/#\/schema\/logo\/image\/"},"sameAs":["https:\/\/www.facebook.com\/OrganisatorFachmagazin","https:\/\/www.linkedin.com\/showcase\/organisator-das-magazin-fr-kmu","https:\/\/www.xing.com\/news\/pages\/organisator-ch-695","https:\/\/www.youtube.com\/channel\/UCGP2Sq0iWaZwT3BdIAQFYpw"]},{"@type":"Person","@id":"https:\/\/www.organisator.ch\/#\/schema\/person\/134708ca9321c57b0362cceb7948ffbd","name":"michael.merz","image":{"@type":"ImageObject","inLanguage":"de","@id":"https:\/\/secure.gravatar.com\/avatar\/?s=96&d=mm&r=g","url":"https:\/\/secure.gravatar.com\/avatar\/?s=96&d=mm&r=g","contentUrl":"https:\/\/secure.gravatar.com\/avatar\/?s=96&d=mm&r=g","caption":"michael.merz"},"url":"https:\/\/www.organisator.ch\/de\/author\/michael-merz\/"}]}},"_links":{"self":[{"href":"https:\/\/www.organisator.ch\/de\/wp-json\/wp\/v2\/posts\/1471","targetHints":{"allow":["GET"]}}],"collection":[{"href":"https:\/\/www.organisator.ch\/de\/wp-json\/wp\/v2\/posts"}],"about":[{"href":"https:\/\/www.organisator.ch\/de\/wp-json\/wp\/v2\/types\/post"}],"author":[{"embeddable":true,"href":"https:\/\/www.organisator.ch\/de\/wp-json\/wp\/v2\/users\/5"}],"replies":[{"embeddable":true,"href":"https:\/\/www.organisator.ch\/de\/wp-json\/wp\/v2\/comments?post=1471"}],"version-history":[{"count":0,"href":"https:\/\/www.organisator.ch\/de\/wp-json\/wp\/v2\/posts\/1471\/revisions"}],"wp:featuredmedia":[{"embeddable":true,"href":"https:\/\/www.organisator.ch\/de\/wp-json\/wp\/v2\/media\/9534"}],"wp:attachment":[{"href":"https:\/\/www.organisator.ch\/de\/wp-json\/wp\/v2\/media?parent=1471"}],"wp:term":[{"taxonomy":"category","embeddable":true,"href":"https:\/\/www.organisator.ch\/de\/wp-json\/wp\/v2\/categories?post=1471"},{"taxonomy":"post_tag","embeddable":true,"href":"https:\/\/www.organisator.ch\/de\/wp-json\/wp\/v2\/tags?post=1471"}],"curies":[{"name":"wp","href":"https:\/\/api.w.org\/{rel}","templated":true}]}}