{"id":1515,"date":"2017-02-15T08:26:49","date_gmt":"2017-02-15T07:26:49","guid":{"rendered":"https:\/\/www.organisator.ch\/?p=1515"},"modified":"2017-02-15T08:26:49","modified_gmt":"2017-02-15T07:26:49","slug":"umfassende-digital-workplace-konzepte-sind-notwendig","status":"publish","type":"post","link":"https:\/\/www.organisator.ch\/de\/management\/it\/2017-02-15\/umfassende-digital-workplace-konzepte-sind-notwendig\/","title":{"rendered":"Studie: Umfassende Digital Workplace Konzepte sind notwendig"},"content":{"rendered":"<p>Wie eine\u00a0aktuelle, von Matrix42, einem Anbieter von Software f\u00fcr das Arbeitsplatzmanagement,\u00a0unterst\u00fctzte Studie zeigt, ist die Workplace Modernisierung in 38 % der europ\u00e4ischen Unternehmen bereits fortgeschritten. 10 % der Unternehmen stehen noch am Anfang, jedes zweite Unternehmen (52 %) ist in der Realisierungsphase.<\/p>\n<p><strong>Einzell\u00f6sungen reichen nicht mehr aus<\/strong><\/p>\n<p>Digitale Transformation bedeutet f\u00fcr die europ\u00e4ischen Unternehmen, fundamentale Ver\u00e4nderungen vorzunehmen. Die Ziele der Digitalisierung sind zwar unterschiedlich \u2013 Erh\u00f6hung der Agilit\u00e4t, Verbesserung der Servicequalit\u00e4t, Prozessoptimierungen oder Innovationsf\u00f6rderung; zentraler Ausgangspunkt f\u00fcr die Ver\u00e4nderungen ist aber stets die Arbeitsumgebung der Mitarbeiter. Denn die Performance der Mitarbeiter ist entscheidend in der digitalisierten, internationalen Wissenswirtschaft. Dementsprechend weisen drei Viertel der befragten IT- und HR-Manager der Qualit\u00e4t der IT-Arbeitsumgebung grosse Bedeutung f\u00fcr den Unternehmenserfolg zu. In jedem zweiten europ\u00e4ischen Unternehmen hat die Workplace Modernisierung daher hohe Priorit\u00e4t. Allerdings reichen Einzell\u00f6sungen, wie die Ausstattung der Mitarbeiter mit Mobilger\u00e4ten, nicht aus, um den Anforderungen gerecht zu werden. Notwendig sind umfassende Digital Workplace Konzepte, die alle Aspekte von der Beschaffung, \u00fcber die operativen Prozesse, bis hin zu Support und Sicherheit abdecken.<\/p>\n<p><strong>Die Investment-Agenda ver\u00e4ndern<\/strong><\/p>\n<p>Das Wissen um die Bedeutung der Workplace Modernisierung spiegelt sich bei der Mehrheit der Unternehmen bislang noch nicht in deren Investmentagenda wider. Derzeitige Digitalisierungsinitiativen zielen prim\u00e4r auf die Verbesserung der Interaktion mit den Kunden, die Einf\u00fchrung von Internet of Things Infrastrukturen sowie von Big Data L\u00f6sungen. Projekte zur Arbeitsplatzmodernisierung waren in der Vergangenheit vor allem aus Effizienzgr\u00fcnden gestartet worden. Jetzt aber werden sie auf die Erreichung verschiedener Gesch\u00e4ftsziele ausgerichtet. Dazu geh\u00f6ren die Erh\u00f6hung der Mitarbeiterzufriedenheit sowie die Unterst\u00fctzung der Zusammenarbeit und Innovation. Gleichzeitig m\u00fcssen sie h\u00f6chste Sicherheitsanforderungen erf\u00fcllen und Kosteneffizienzaspekte ber\u00fccksichtigen. \u201eDie Zeit, in der es ausreichend war, neue Endger\u00e4te oder neue Applikationen einzuf\u00fchren, ist vorbei. Die anspruchsvollen Digitalisierungsziele der Unternehmen sind nur mit modernen, integrierten IT-Arbeitsplatzumgebungen zu erreichen. Zunehmend viele Unternehmen werden daher ihre Budgets entsprechend ausrichten und sich am Markt nach geeigneten, ganzheitlichen L\u00f6sungen umsehen, mit denen sich diese Ziele bei gleichzeitig professionellem Betrieb und Service inklusive hoher Anwenderausrichtung und (Daten-) Sicherheit erreichen lassen\u201c, erkl\u00e4rt Oliver Bendig, CEO von Matrix42.<\/p>\n<figure id=\"attachment_1517\" aria-describedby=\"caption-attachment-1517\" style=\"width: 555px\" class=\"wp-caption alignnone\"><img loading=\"lazy\" decoding=\"async\" class=\"size-full wp-image-1517\" src=\"https:\/\/www.organisator.ch\/wp-content\/uploads\/2017\/02\/Umfassende-Digital-Workplace-Konzepte-sind-notwendig_Organisator.jpg\" alt=\"\" width=\"555\" height=\"342\" srcset=\"https:\/\/www.organisator.ch\/wp-content\/uploads\/2017\/02\/Umfassende-Digital-Workplace-Konzepte-sind-notwendig_Organisator.jpg 555w, https:\/\/www.organisator.ch\/wp-content\/uploads\/2017\/02\/Umfassende-Digital-Workplace-Konzepte-sind-notwendig_Organisator-16x10.jpg 16w, https:\/\/www.organisator.ch\/wp-content\/uploads\/2017\/02\/Umfassende-Digital-Workplace-Konzepte-sind-notwendig_Organisator-284x175.jpg 284w, https:\/\/www.organisator.ch\/wp-content\/uploads\/2017\/02\/Umfassende-Digital-Workplace-Konzepte-sind-notwendig_Organisator-300x185.jpg 300w\" sizes=\"auto, (max-width: 555px) 100vw, 555px\" \/><figcaption id=\"caption-attachment-1517\" class=\"wp-caption-text\">In Sachen Digital Workplace sind die Franzosen am fortschrittlichsten. (Grafik: PAC \/ Matrix42)<\/figcaption><\/figure>\n<p><strong>L\u00e4ndervergleich zeigt grosse Unterschiede<\/strong><\/p>\n<p>Was die Modernisierung der Arbeitspl\u00e4tze angeht, sind die Unternehmen der europ\u00e4ischen L\u00e4nder unterschiedlich weit fortgeschritten. Spitzenreiter in Sachen Workplace Modernisierung sind\u00a0franz\u00f6sische Unternehmen, w\u00e4hrend etwa\u00a0deutsche Unternehmen bei der Arbeitsplatztransformation deutlich hinterherhinken. Und wie steht es um das Thema Digital Workplace in der Schweiz? Nadia Bischof, Gesch\u00e4ftsf\u00fchrerin der Region Alps bei Matrix42, erkl\u00e4rt: \u201eWir sehen an der Anzahl der Anfragen, dass auch die Unternehmen in der Schweiz und in \u00d6sterreich sich intensiv mit der Workplace Modernisierung auseinandersetzen und nach L\u00f6sungen suchen. Unsere Teams vor Ort unterst\u00fctzen Kunden und Interessenten bei der Planung und Umsetzung ihrer individuellen Workplace-Konzepte und sehen, dass es f\u00fcr die Verantwortlichen nicht leicht ist, die Balance zwischen Anforderungen und budget\u00e4ren und Ressourcen-Restriktionen zu halten.\u201c<\/p>\n<p><em>Quelle: <a href=\"http:\/\/www.matrix42.com\">www.matrix42.com<\/a><\/em><\/p>\n","protected":false},"excerpt":{"rendered":"<p>Wie eine\u00a0aktuelle, von Matrix42, einem Anbieter von Software f\u00fcr das Arbeitsplatzmanagement,\u00a0unterst\u00fctzte Studie zeigt, ist die Workplace Modernisierung in 38 % der europ\u00e4ischen Unternehmen bereits fortgeschritten. 10 % der Unternehmen stehen noch am Anfang, jedes zweite Unternehmen (52 %) ist in der Realisierungsphase. Einzell\u00f6sungen reichen nicht mehr aus Digitale Transformation bedeutet f\u00fcr die europ\u00e4ischen Unternehmen, fundamentale [&hellip;]<\/p>\n","protected":false},"author":4,"featured_media":1517,"comment_status":"open","ping_status":"open","sticky":false,"template":"","format":"standard","meta":{"_acf_changed":false,"_yoast_wpseo_focuskw":"Digital Workplace","_yoast_wpseo_metadesc":"Die Umsetzung eines Digital Workplace im Sinne eines umfassenden Design- und Servicekonzepts allerdings steckt vielfach noch in den Kinderschuhen.","articlekey":"","footnotes":""},"categories":[27],"tags":[51,102,156,286,459],"class_list":["post-1515","post","type-post","status-publish","format-standard","has-post-thumbnail","hentry","category-it","tag-arbeitsplatzgestaltung","tag-buero","tag-digitalisierung","tag-it","tag-studie"],"acf":[],"yoast_head":"<!-- This site is optimized with the Yoast SEO plugin v27.4 - https:\/\/yoast.com\/product\/yoast-seo-wordpress\/ -->\n<title>Studie: Umfassende Digital Workplace Konzepte sind notwendig - Organisator<\/title>\n<meta name=\"description\" content=\"Die Umsetzung eines Digital Workplace im Sinne eines umfassenden Design- und Servicekonzepts allerdings steckt vielfach noch in den Kinderschuhen.\" \/>\n<meta name=\"robots\" content=\"index, follow, max-snippet:-1, max-image-preview:large, max-video-preview:-1\" \/>\n<link rel=\"canonical\" href=\"https:\/\/www.organisator.ch\/de\/management\/it\/2017-02-15\/umfassende-digital-workplace-konzepte-sind-notwendig\/\" \/>\n<meta property=\"og:locale\" content=\"de_DE\" \/>\n<meta property=\"og:type\" content=\"article\" \/>\n<meta property=\"og:title\" content=\"Studie: Umfassende Digital Workplace Konzepte sind notwendig\" \/>\n<meta property=\"og:description\" content=\"Die im Zuge der #Digitalisierung notwendige Modernisierung der Arbeitspl\u00e4tze in den europ\u00e4ischen Unternehmen schreitet voran. Die Umsetzung eines #DigitalWorkplace im Sinne eines umfassenden Design- und Servicekonzepts allerdings steckt vielfach noch in den Kinderschuhen.\" \/>\n<meta property=\"og:url\" content=\"https:\/\/www.organisator.ch\/de\/management\/it\/2017-02-15\/umfassende-digital-workplace-konzepte-sind-notwendig\/\" \/>\n<meta property=\"og:site_name\" content=\"Organisator\" \/>\n<meta property=\"article:publisher\" content=\"https:\/\/www.facebook.com\/OrganisatorFachmagazin\" \/>\n<meta property=\"article:published_time\" content=\"2017-02-15T07:26:49+00:00\" \/>\n<meta property=\"og:image\" content=\"https:\/\/www.organisator.ch\/wp-content\/uploads\/2017\/02\/Umfassende-Digital-Workplace-Konzepte-sind-notwendig_Organisator.jpg\" \/>\n\t<meta property=\"og:image:width\" content=\"555\" \/>\n\t<meta property=\"og:image:height\" content=\"342\" \/>\n\t<meta property=\"og:image:type\" content=\"image\/jpeg\" \/>\n<meta name=\"author\" content=\"thomas.berner\" \/>\n<meta name=\"twitter:card\" content=\"summary_large_image\" \/>\n<meta name=\"twitter:title\" content=\"Studie: Umfassende #DigitalWorkplace Konzepte sind notwendig\" \/>\n<meta name=\"twitter:description\" content=\"Die im Zuge der #Digitalisierung notwendige Modernisierung der Arbeitspl\u00e4tze in den europ\u00e4ischen Unternehmen schreitet voran. Die Umsetzung eines #DigitalWorkplace im Sinne eines umfassenden Design- und Servicekonzepts allerdings steckt vielfach noch in den Kinderschuhen.\" \/>\n<meta name=\"twitter:image\" content=\"https:\/\/www.organisator.ch\/wp-content\/uploads\/2017\/02\/Umfassende-Digital-Workplace-Konzepte-sind-notwendig_Organisator.jpg\" \/>\n<script type=\"application\/ld+json\" class=\"yoast-schema-graph\">{\"@context\":\"https:\\\/\\\/schema.org\",\"@graph\":[{\"@type\":\"Article\",\"@id\":\"https:\\\/\\\/www.organisator.ch\\\/management\\\/it\\\/2017-02-15\\\/umfassende-digital-workplace-konzepte-sind-notwendig\\\/#article\",\"isPartOf\":{\"@id\":\"https:\\\/\\\/www.organisator.ch\\\/management\\\/it\\\/2017-02-15\\\/umfassende-digital-workplace-konzepte-sind-notwendig\\\/\"},\"author\":{\"name\":\"thomas.berner\",\"@id\":\"https:\\\/\\\/www.organisator.ch\\\/#\\\/schema\\\/person\\\/6f650f90b2842cd4c0cc334b4e36f67e\"},\"headline\":\"Studie: Umfassende Digital Workplace Konzepte sind notwendig\",\"datePublished\":\"2017-02-15T07:26:49+00:00\",\"mainEntityOfPage\":{\"@id\":\"https:\\\/\\\/www.organisator.ch\\\/management\\\/it\\\/2017-02-15\\\/umfassende-digital-workplace-konzepte-sind-notwendig\\\/\"},\"wordCount\":530,\"commentCount\":0,\"publisher\":{\"@id\":\"https:\\\/\\\/www.organisator.ch\\\/#organization\"},\"image\":{\"@id\":\"https:\\\/\\\/www.organisator.ch\\\/management\\\/it\\\/2017-02-15\\\/umfassende-digital-workplace-konzepte-sind-notwendig\\\/#primaryimage\"},\"thumbnailUrl\":\"https:\\\/\\\/www.organisator.ch\\\/wp-content\\\/uploads\\\/2017\\\/02\\\/Umfassende-Digital-Workplace-Konzepte-sind-notwendig_Organisator.jpg\",\"keywords\":[\"Arbeitsplatzgestaltung\",\"B\u00fcro\",\"Digitalisierung\",\"IT\",\"Studie\"],\"articleSection\":[\"IT\"],\"inLanguage\":\"de\"},{\"@type\":\"WebPage\",\"@id\":\"https:\\\/\\\/www.organisator.ch\\\/management\\\/it\\\/2017-02-15\\\/umfassende-digital-workplace-konzepte-sind-notwendig\\\/\",\"url\":\"https:\\\/\\\/www.organisator.ch\\\/management\\\/it\\\/2017-02-15\\\/umfassende-digital-workplace-konzepte-sind-notwendig\\\/\",\"name\":\"Studie: Umfassende Digital Workplace Konzepte sind notwendig - Organisator\",\"isPartOf\":{\"@id\":\"https:\\\/\\\/www.organisator.ch\\\/#website\"},\"primaryImageOfPage\":{\"@id\":\"https:\\\/\\\/www.organisator.ch\\\/management\\\/it\\\/2017-02-15\\\/umfassende-digital-workplace-konzepte-sind-notwendig\\\/#primaryimage\"},\"image\":{\"@id\":\"https:\\\/\\\/www.organisator.ch\\\/management\\\/it\\\/2017-02-15\\\/umfassende-digital-workplace-konzepte-sind-notwendig\\\/#primaryimage\"},\"thumbnailUrl\":\"https:\\\/\\\/www.organisator.ch\\\/wp-content\\\/uploads\\\/2017\\\/02\\\/Umfassende-Digital-Workplace-Konzepte-sind-notwendig_Organisator.jpg\",\"datePublished\":\"2017-02-15T07:26:49+00:00\",\"description\":\"Die Umsetzung eines Digital Workplace im Sinne eines umfassenden Design- und Servicekonzepts allerdings steckt vielfach noch in den Kinderschuhen.\",\"breadcrumb\":{\"@id\":\"https:\\\/\\\/www.organisator.ch\\\/management\\\/it\\\/2017-02-15\\\/umfassende-digital-workplace-konzepte-sind-notwendig\\\/#breadcrumb\"},\"inLanguage\":\"de\",\"potentialAction\":[{\"@type\":\"ReadAction\",\"target\":[\"https:\\\/\\\/www.organisator.ch\\\/management\\\/it\\\/2017-02-15\\\/umfassende-digital-workplace-konzepte-sind-notwendig\\\/\"]}]},{\"@type\":\"ImageObject\",\"inLanguage\":\"de\",\"@id\":\"https:\\\/\\\/www.organisator.ch\\\/management\\\/it\\\/2017-02-15\\\/umfassende-digital-workplace-konzepte-sind-notwendig\\\/#primaryimage\",\"url\":\"https:\\\/\\\/www.organisator.ch\\\/wp-content\\\/uploads\\\/2017\\\/02\\\/Umfassende-Digital-Workplace-Konzepte-sind-notwendig_Organisator.jpg\",\"contentUrl\":\"https:\\\/\\\/www.organisator.ch\\\/wp-content\\\/uploads\\\/2017\\\/02\\\/Umfassende-Digital-Workplace-Konzepte-sind-notwendig_Organisator.jpg\",\"width\":555,\"height\":342,\"caption\":\"In Sachen Digital Workplace sind die Franzosen am fortschrittlichsten. (Grafik: PAC \\\/ Matrix42)\"},{\"@type\":\"BreadcrumbList\",\"@id\":\"https:\\\/\\\/www.organisator.ch\\\/management\\\/it\\\/2017-02-15\\\/umfassende-digital-workplace-konzepte-sind-notwendig\\\/#breadcrumb\",\"itemListElement\":[{\"@type\":\"ListItem\",\"position\":1,\"name\":\"Home\",\"item\":\"https:\\\/\\\/www.organisator.ch\\\/\"},{\"@type\":\"ListItem\",\"position\":2,\"name\":\"Studie: Umfassende Digital Workplace Konzepte sind notwendig\"}]},{\"@type\":\"WebSite\",\"@id\":\"https:\\\/\\\/www.organisator.ch\\\/#website\",\"url\":\"https:\\\/\\\/www.organisator.ch\\\/\",\"name\":\"Organisator\",\"description\":\"Kompetent. Praxisnah. Der ORGANISATOR bereitet in 10 Ausgaben pro Jahr die wesentlichen Themen f\u00fcr F\u00fchrungskr\u00e4fte von KMU auf.\",\"publisher\":{\"@id\":\"https:\\\/\\\/www.organisator.ch\\\/#organization\"},\"potentialAction\":[{\"@type\":\"SearchAction\",\"target\":{\"@type\":\"EntryPoint\",\"urlTemplate\":\"https:\\\/\\\/www.organisator.ch\\\/?s={search_term_string}\"},\"query-input\":{\"@type\":\"PropertyValueSpecification\",\"valueRequired\":true,\"valueName\":\"search_term_string\"}}],\"inLanguage\":\"de\"},{\"@type\":\"Organization\",\"@id\":\"https:\\\/\\\/www.organisator.ch\\\/#organization\",\"name\":\"Organisator\",\"url\":\"https:\\\/\\\/www.organisator.ch\\\/\",\"logo\":{\"@type\":\"ImageObject\",\"inLanguage\":\"de\",\"@id\":\"https:\\\/\\\/www.organisator.ch\\\/#\\\/schema\\\/logo\\\/image\\\/\",\"url\":\"https:\\\/\\\/www.organisator.ch\\\/wp-content\\\/uploads\\\/2022\\\/01\\\/Logo_Organisator_Website.png\",\"contentUrl\":\"https:\\\/\\\/www.organisator.ch\\\/wp-content\\\/uploads\\\/2022\\\/01\\\/Logo_Organisator_Website.png\",\"width\":800,\"height\":77,\"caption\":\"Organisator\"},\"image\":{\"@id\":\"https:\\\/\\\/www.organisator.ch\\\/#\\\/schema\\\/logo\\\/image\\\/\"},\"sameAs\":[\"https:\\\/\\\/www.facebook.com\\\/OrganisatorFachmagazin\",\"https:\\\/\\\/www.linkedin.com\\\/showcase\\\/organisator-das-magazin-fr-kmu\",\"https:\\\/\\\/www.xing.com\\\/news\\\/pages\\\/organisator-ch-695\",\"https:\\\/\\\/www.youtube.com\\\/channel\\\/UCGP2Sq0iWaZwT3BdIAQFYpw\"]},{\"@type\":\"Person\",\"@id\":\"https:\\\/\\\/www.organisator.ch\\\/#\\\/schema\\\/person\\\/6f650f90b2842cd4c0cc334b4e36f67e\",\"name\":\"thomas.berner\",\"image\":{\"@type\":\"ImageObject\",\"inLanguage\":\"de\",\"@id\":\"https:\\\/\\\/secure.gravatar.com\\\/avatar\\\/ac5001d2a36cb6c6cd3e50789007ffca834b477b74a2144564522e944eabff61?s=96&d=mm&r=g\",\"url\":\"https:\\\/\\\/secure.gravatar.com\\\/avatar\\\/ac5001d2a36cb6c6cd3e50789007ffca834b477b74a2144564522e944eabff61?s=96&d=mm&r=g\",\"contentUrl\":\"https:\\\/\\\/secure.gravatar.com\\\/avatar\\\/ac5001d2a36cb6c6cd3e50789007ffca834b477b74a2144564522e944eabff61?s=96&d=mm&r=g\",\"caption\":\"thomas.berner\"},\"url\":\"https:\\\/\\\/www.organisator.ch\\\/de\\\/author\\\/thomas-berner\\\/\"}]}<\/script>\n<!-- \/ Yoast SEO plugin. -->","yoast_head_json":{"title":"Studie: Umfassende Digital Workplace Konzepte sind notwendig - Organisator","description":"Die Umsetzung eines Digital Workplace im Sinne eines umfassenden Design- und Servicekonzepts allerdings steckt vielfach noch in den Kinderschuhen.","robots":{"index":"index","follow":"follow","max-snippet":"max-snippet:-1","max-image-preview":"max-image-preview:large","max-video-preview":"max-video-preview:-1"},"canonical":"https:\/\/www.organisator.ch\/de\/management\/it\/2017-02-15\/umfassende-digital-workplace-konzepte-sind-notwendig\/","og_locale":"de_DE","og_type":"article","og_title":"Studie: Umfassende Digital Workplace Konzepte sind notwendig","og_description":"Die im Zuge der #Digitalisierung notwendige Modernisierung der Arbeitspl\u00e4tze in den europ\u00e4ischen Unternehmen schreitet voran. Die Umsetzung eines #DigitalWorkplace im Sinne eines umfassenden Design- und Servicekonzepts allerdings steckt vielfach noch in den Kinderschuhen.","og_url":"https:\/\/www.organisator.ch\/de\/management\/it\/2017-02-15\/umfassende-digital-workplace-konzepte-sind-notwendig\/","og_site_name":"Organisator","article_publisher":"https:\/\/www.facebook.com\/OrganisatorFachmagazin","article_published_time":"2017-02-15T07:26:49+00:00","og_image":[{"width":555,"height":342,"url":"https:\/\/www.organisator.ch\/wp-content\/uploads\/2017\/02\/Umfassende-Digital-Workplace-Konzepte-sind-notwendig_Organisator.jpg","type":"image\/jpeg"}],"author":"thomas.berner","twitter_card":"summary_large_image","twitter_title":"Studie: Umfassende #DigitalWorkplace Konzepte sind notwendig","twitter_description":"Die im Zuge der #Digitalisierung notwendige Modernisierung der Arbeitspl\u00e4tze in den europ\u00e4ischen Unternehmen schreitet voran. Die Umsetzung eines #DigitalWorkplace im Sinne eines umfassenden Design- und Servicekonzepts allerdings steckt vielfach noch in den Kinderschuhen.","twitter_image":"https:\/\/www.organisator.ch\/wp-content\/uploads\/2017\/02\/Umfassende-Digital-Workplace-Konzepte-sind-notwendig_Organisator.jpg","schema":{"@context":"https:\/\/schema.org","@graph":[{"@type":"Article","@id":"https:\/\/www.organisator.ch\/management\/it\/2017-02-15\/umfassende-digital-workplace-konzepte-sind-notwendig\/#article","isPartOf":{"@id":"https:\/\/www.organisator.ch\/management\/it\/2017-02-15\/umfassende-digital-workplace-konzepte-sind-notwendig\/"},"author":{"name":"thomas.berner","@id":"https:\/\/www.organisator.ch\/#\/schema\/person\/6f650f90b2842cd4c0cc334b4e36f67e"},"headline":"Studie: Umfassende Digital Workplace Konzepte sind notwendig","datePublished":"2017-02-15T07:26:49+00:00","mainEntityOfPage":{"@id":"https:\/\/www.organisator.ch\/management\/it\/2017-02-15\/umfassende-digital-workplace-konzepte-sind-notwendig\/"},"wordCount":530,"commentCount":0,"publisher":{"@id":"https:\/\/www.organisator.ch\/#organization"},"image":{"@id":"https:\/\/www.organisator.ch\/management\/it\/2017-02-15\/umfassende-digital-workplace-konzepte-sind-notwendig\/#primaryimage"},"thumbnailUrl":"https:\/\/www.organisator.ch\/wp-content\/uploads\/2017\/02\/Umfassende-Digital-Workplace-Konzepte-sind-notwendig_Organisator.jpg","keywords":["Arbeitsplatzgestaltung","B\u00fcro","Digitalisierung","IT","Studie"],"articleSection":["IT"],"inLanguage":"de"},{"@type":"WebPage","@id":"https:\/\/www.organisator.ch\/management\/it\/2017-02-15\/umfassende-digital-workplace-konzepte-sind-notwendig\/","url":"https:\/\/www.organisator.ch\/management\/it\/2017-02-15\/umfassende-digital-workplace-konzepte-sind-notwendig\/","name":"Studie: Umfassende Digital Workplace Konzepte sind notwendig - Organisator","isPartOf":{"@id":"https:\/\/www.organisator.ch\/#website"},"primaryImageOfPage":{"@id":"https:\/\/www.organisator.ch\/management\/it\/2017-02-15\/umfassende-digital-workplace-konzepte-sind-notwendig\/#primaryimage"},"image":{"@id":"https:\/\/www.organisator.ch\/management\/it\/2017-02-15\/umfassende-digital-workplace-konzepte-sind-notwendig\/#primaryimage"},"thumbnailUrl":"https:\/\/www.organisator.ch\/wp-content\/uploads\/2017\/02\/Umfassende-Digital-Workplace-Konzepte-sind-notwendig_Organisator.jpg","datePublished":"2017-02-15T07:26:49+00:00","description":"Die Umsetzung eines Digital Workplace im Sinne eines umfassenden Design- und Servicekonzepts allerdings steckt vielfach noch in den Kinderschuhen.","breadcrumb":{"@id":"https:\/\/www.organisator.ch\/management\/it\/2017-02-15\/umfassende-digital-workplace-konzepte-sind-notwendig\/#breadcrumb"},"inLanguage":"de","potentialAction":[{"@type":"ReadAction","target":["https:\/\/www.organisator.ch\/management\/it\/2017-02-15\/umfassende-digital-workplace-konzepte-sind-notwendig\/"]}]},{"@type":"ImageObject","inLanguage":"de","@id":"https:\/\/www.organisator.ch\/management\/it\/2017-02-15\/umfassende-digital-workplace-konzepte-sind-notwendig\/#primaryimage","url":"https:\/\/www.organisator.ch\/wp-content\/uploads\/2017\/02\/Umfassende-Digital-Workplace-Konzepte-sind-notwendig_Organisator.jpg","contentUrl":"https:\/\/www.organisator.ch\/wp-content\/uploads\/2017\/02\/Umfassende-Digital-Workplace-Konzepte-sind-notwendig_Organisator.jpg","width":555,"height":342,"caption":"In Sachen Digital Workplace sind die Franzosen am fortschrittlichsten. (Grafik: PAC \/ Matrix42)"},{"@type":"BreadcrumbList","@id":"https:\/\/www.organisator.ch\/management\/it\/2017-02-15\/umfassende-digital-workplace-konzepte-sind-notwendig\/#breadcrumb","itemListElement":[{"@type":"ListItem","position":1,"name":"Home","item":"https:\/\/www.organisator.ch\/"},{"@type":"ListItem","position":2,"name":"Studie: Umfassende Digital Workplace Konzepte sind notwendig"}]},{"@type":"WebSite","@id":"https:\/\/www.organisator.ch\/#website","url":"https:\/\/www.organisator.ch\/","name":"Organisator","description":"Kompetent. Praxisnah. Der ORGANISATOR bereitet in 10 Ausgaben pro Jahr die wesentlichen Themen f\u00fcr F\u00fchrungskr\u00e4fte von KMU auf.","publisher":{"@id":"https:\/\/www.organisator.ch\/#organization"},"potentialAction":[{"@type":"SearchAction","target":{"@type":"EntryPoint","urlTemplate":"https:\/\/www.organisator.ch\/?s={search_term_string}"},"query-input":{"@type":"PropertyValueSpecification","valueRequired":true,"valueName":"search_term_string"}}],"inLanguage":"de"},{"@type":"Organization","@id":"https:\/\/www.organisator.ch\/#organization","name":"Organisator","url":"https:\/\/www.organisator.ch\/","logo":{"@type":"ImageObject","inLanguage":"de","@id":"https:\/\/www.organisator.ch\/#\/schema\/logo\/image\/","url":"https:\/\/www.organisator.ch\/wp-content\/uploads\/2022\/01\/Logo_Organisator_Website.png","contentUrl":"https:\/\/www.organisator.ch\/wp-content\/uploads\/2022\/01\/Logo_Organisator_Website.png","width":800,"height":77,"caption":"Organisator"},"image":{"@id":"https:\/\/www.organisator.ch\/#\/schema\/logo\/image\/"},"sameAs":["https:\/\/www.facebook.com\/OrganisatorFachmagazin","https:\/\/www.linkedin.com\/showcase\/organisator-das-magazin-fr-kmu","https:\/\/www.xing.com\/news\/pages\/organisator-ch-695","https:\/\/www.youtube.com\/channel\/UCGP2Sq0iWaZwT3BdIAQFYpw"]},{"@type":"Person","@id":"https:\/\/www.organisator.ch\/#\/schema\/person\/6f650f90b2842cd4c0cc334b4e36f67e","name":"thomas.berner","image":{"@type":"ImageObject","inLanguage":"de","@id":"https:\/\/secure.gravatar.com\/avatar\/ac5001d2a36cb6c6cd3e50789007ffca834b477b74a2144564522e944eabff61?s=96&d=mm&r=g","url":"https:\/\/secure.gravatar.com\/avatar\/ac5001d2a36cb6c6cd3e50789007ffca834b477b74a2144564522e944eabff61?s=96&d=mm&r=g","contentUrl":"https:\/\/secure.gravatar.com\/avatar\/ac5001d2a36cb6c6cd3e50789007ffca834b477b74a2144564522e944eabff61?s=96&d=mm&r=g","caption":"thomas.berner"},"url":"https:\/\/www.organisator.ch\/de\/author\/thomas-berner\/"}]}},"_links":{"self":[{"href":"https:\/\/www.organisator.ch\/de\/wp-json\/wp\/v2\/posts\/1515","targetHints":{"allow":["GET"]}}],"collection":[{"href":"https:\/\/www.organisator.ch\/de\/wp-json\/wp\/v2\/posts"}],"about":[{"href":"https:\/\/www.organisator.ch\/de\/wp-json\/wp\/v2\/types\/post"}],"author":[{"embeddable":true,"href":"https:\/\/www.organisator.ch\/de\/wp-json\/wp\/v2\/users\/4"}],"replies":[{"embeddable":true,"href":"https:\/\/www.organisator.ch\/de\/wp-json\/wp\/v2\/comments?post=1515"}],"version-history":[{"count":0,"href":"https:\/\/www.organisator.ch\/de\/wp-json\/wp\/v2\/posts\/1515\/revisions"}],"wp:featuredmedia":[{"embeddable":true,"href":"https:\/\/www.organisator.ch\/de\/wp-json\/wp\/v2\/media\/1517"}],"wp:attachment":[{"href":"https:\/\/www.organisator.ch\/de\/wp-json\/wp\/v2\/media?parent=1515"}],"wp:term":[{"taxonomy":"category","embeddable":true,"href":"https:\/\/www.organisator.ch\/de\/wp-json\/wp\/v2\/categories?post=1515"},{"taxonomy":"post_tag","embeddable":true,"href":"https:\/\/www.organisator.ch\/de\/wp-json\/wp\/v2\/tags?post=1515"}],"curies":[{"name":"wp","href":"https:\/\/api.w.org\/{rel}","templated":true}]}}