{"id":15243,"date":"2022-06-17T07:34:37","date_gmt":"2022-06-17T05:34:37","guid":{"rendered":"https:\/\/www.m-q.ch\/?p=16504"},"modified":"2022-07-25T12:38:29","modified_gmt":"2022-07-25T10:38:29","slug":"cyberkriminelle-machen-keine-ferien","status":"publish","type":"post","link":"https:\/\/www.organisator.ch\/de\/operational-excellence\/2022-06-17\/cyberkriminelle-machen-keine-ferien\/","title":{"rendered":"Cyberkriminelle machen keine Ferien"},"content":{"rendered":"<figure id=\"attachment_16505\" class=\"wp-caption alignnone\" style=\"width: 680px\" aria-describedby=\"caption-attachment-16505\"><img class=\"alignnone wp-image-16505 size-full\" src=\"https:\/\/www.m-q.ch\/wp-content\/uploads\/2022\/06\/Cyberkriminelle-machen-keine-Ferien_MQ.jpg\" alt=\"Cyberkriminelle \" width=\"680\" height=\"562\" \/><figcaption id=\"caption-attachment-16505\" class=\"wp-caption-text\">Am Strand oder im Caf\u00e9: Auch in den Ferien gilt es, sich bei Online-Aktivit\u00e4ten per Smartphone vor Cyberkriminellen zu sch\u00fctzen. (Bild: Unsplash.com)<\/figcaption><\/figure>\r\nTouristen sind in den Ferien vor Taschendieben enorm auf der Hut. Doch wenn es um ihre digitale Sicherheit geht, lassen sie weniger Vorsicht walten. Dabei lauern Kreditkartenbetrug, Datenklau und Identit\u00e4tsdiebstahl gef\u00fchlt an jeder Ecke. Ob am Flughafen, im Hotel, auf dem Campingplatz oder Internet-Caf\u00e9 \u2013 Cyberkriminelle nutzen jede Gelegenheit, um sensible Informationen von Reisenden zu ergaunern. \u201e\u00d6ffentliche WLAN-Hotspots sind in den Ferien sehr beliebt, unter Kriminellen allerdings auch. Sie manipulieren WLAN-Zug\u00e4nge, um Anmelde- und Bankdaten abzugreifen. Ferieng\u00e4ste sollten deshalb auf Nummer sicher gehen und niemals vertrauliche Daten wie Kreditkarteninformationen dort eingeben und Online-Bankgesch\u00e4fte oder \u00e4hnliches dar\u00fcber t\u00e4tigen\u201c, erkl\u00e4rt Thomas Uhlemann, IT Security Specialist bei ESET. \u201eDoch es gibt noch weitere Betrugsmaschen, die Ferieng\u00e4ste in die Falle locken sollen, die schon vor der Reise anfangen. \u201c\r\n<h3><strong>Tipps f\u00fcr einen online-sicheren Urlaub<\/strong><\/h3>\r\n<strong>Vor dem Urlaub:<\/strong>\r\n<ul>\r\n \t<li><strong>Vorsicht vor fiesen Abzocken auf Online-Reiseportalen:<\/strong> Angebliche Urlaubsschn\u00e4ppchen locken immer h\u00e4ufiger Erholungssuchende auf gef\u00e4lschte Web-Reiseportale, auf denen sie ihre Kreditkarteninformationen nichtsahnend eingeben. Statt dem gebuchten Ferienparadies finden sie eine leere Urlaubskasse auf dem Konto.<\/li>\r\n \t<li><strong>Sichern Sie Ihre Daten ab:<\/strong> Installieren Sie eine Security-Software oder aktualisieren Sie sie auf die neueste Version, um sich vor Phishing, Trojanern und anderer Malware zu sch\u00fctzen. Machen Sie Backups Ihrer Daten. Falls das digitale Ger\u00e4t im Urlaub verloren geht, haben Sie immer noch die Daten zur Hand. Nutzen Sie auch eine Anti-Diebstahl-L\u00f6sung, um Ihr gestohlenes oder verlegtes Ger\u00e4t wiederzufinden. Auf dem Notebook zur Sicherheit die Daten verschl\u00fcsseln.<\/li>\r\n \t<li><strong>Posten Sie wenig in Sozialen Netzwerken:<\/strong> Sowohl vor den Ferien als auch mittendrin sollten Sie Ihre Freude darauf z\u00fcgeln. Auf \u00f6ffentlichen Profilen am besten gar nichts dar\u00fcber verraten. Denn reale und virtuelle Diebe warten nur auf Facebook und Co. darauf zu wissen, wer wann in die Ferien geht.<\/li>\r\n \t<li><strong>Haben Sie die Sperrnummern Ihrer Kreditkarte zur Hand:<\/strong> So k\u00f6nnen Sie im Falle eines Verlustes die Kredit- oder EC-Karte umgehend unbrauchbar machen.<\/li>\r\n \t<li><strong>Richten Sie ein \u201eFerien-E-Mail-Konto\u201c ein:<\/strong> So k\u00f6nnen Sie unbesorgt Bilder und Nachrichten verschicken, denn selbst nach einem Hack sind keine weiteren pers\u00f6nlichen Daten darauf zu finden.<\/li>\r\n<\/ul>\r\n<strong>Vor Ort:<\/strong>\r\n<ul>\r\n \t<li><strong>Im Internet-Caf\u00e9 abmelden und hinterlassene Daten l\u00f6schen:<\/strong> Entfernen Sie nach der Benutzung von Computern in einem Caf\u00e9 die tempor\u00e4ren Dateien des Browsers, den Browserverlauf und die Cookies. Melden Sie sich auf Webseiten ab, in dem Sie sich als eingetragener Nutzer eingeloggt haben. Sonst kann der n\u00e4chste Nutzer wom\u00f6glich noch auf Ihr Konto zugreifen.<\/li>\r\n \t<li><strong>Nutzen Sie WLAN-Hotspots nur mit VPN-Verbindung:<\/strong> Nur mal kurz den Stand der Reisekasse checken oder schnell eine Rechnung bezahlen. Im Urlaub auf offene WLAN-Zug\u00e4nge zu vertrauen, ist keine gute Idee. Denn Cyberkriminelle manipulieren nicht selten WLAN-Hotspots, um an Daten und Geld zu gelangen. Anwender sollten daher die Verbindung zus\u00e4tzlich mit einer vertrauensw\u00fcrdigen VPN-L\u00f6sung sichern oder Ihr Datenroaming aktivieren und \u00fcber den Mobilfunkbetreiber wie gewohnt surfen. Online-Shopping-Touren \u00a0oder Finanzgesch\u00e4fte sollten Sie trotzdem erst nach dem Urlaub besser t\u00e4tigen.<\/li>\r\n \t<li><strong>Vorsicht beim kontaktlosen Bezahlen:<\/strong> Kredit- und EC-Karten geh\u00f6ren in eine Schutzh\u00fclle oder ein spezielles Portemonnaie mit integriertem RFID- und NFC-Blocker. Diebe haben spezielle Ger\u00e4te, mit denen Sie die darauf befindlichen Daten auslesen k\u00f6nnen. Setzen Sie dar\u00fcber hinaus lieber auf weitaus sichere Bezahlmethoden wie Apple und Google Pay.<\/li>\r\n \t<li><strong>Deaktivieren Sie<\/strong> <strong>Funknetze:<\/strong> Sind Sie nicht im Einsatz, schalten Sie Ihre Bluetooth- und WLAN-Funktionen\u00a0 besser aus. Dadurch erhalten Cyberkriminelle weniger Angriffsfl\u00e4chen.<\/li>\r\n \t<li><strong>Lassen Sie Ihre Ger\u00e4t nie aus den Augen:<\/strong> Es reichen nur wenige Minuten, um Zugangsdaten auszuspionieren. Auch nicht direkt in die Sonne legen, um \u201eDatenbrand\u201c zu vermeiden.<\/li>\r\n \t<li><strong>Finger weg von Software-Updates und Zertifikaten:<\/strong> M\u00fcssen Sie f\u00fcr eine WLAN-Verbindung erst die Software aktualisieren oder Zertifikate herunterladen, brechen Sie das Ganze besser ab. Nicht selten verbirgt sich dahinter Malware.<\/li>\r\n<\/ul>\r\n<strong>Nach der R\u00fcckkehr:<\/strong>\r\n<ul>\r\n \t<li><strong>Machen Sie einen Malware-Scan:<\/strong> Bevor Sie Ihre im Urlaub genutzten Ger\u00e4te mit dem Heimnetzwerk verbinden, sollten Sie sie mit einer Security Software oder mindestens einem Online Virenscanner auf Malware pr\u00fcfen.<\/li>\r\n \t<li><strong>\u00c4ndern Sie Ihre Passw\u00f6rter bei den verwendeten Diensten:<\/strong> Nach den Ferien ist eine willkommene Gelegenheit, Passw\u00f6rter auf Social Media, bei E-Mail-Diensten etc. zu \u00e4ndern. Sicher ist sicher!<\/li>\r\n<\/ul>\r\n<blockquote>\r\n<h3>Keine Chance f\u00fcr Cyberkriminelle<\/h3>\r\nWer im Urlaub und Alltag auf Nummer sicher gehen will: Mit mit dem Produkt \u201eSmart Security Premium\u201c bietet der europ\u00e4ische IT-Security-Hersteller ESET ein Rundum-Sorglos-Paket. Neben Virenschutz und Firewall bietet die Security Software zus\u00e4tzlich \u00fcber ein umfassendes Anti-Diebstahl-Modul und eine effektive Datenverschl\u00fcsselung. So h\u00e4tten viele Anwender dank dieser L\u00f6sung nach einem Diebstahl ihr Ger\u00e4t wiederbekommen, wie der Hersteller schreibt.<\/blockquote>\r\n<em>Weitere Informationen auf <a href=\"http:\/\/www.eset.ch\/\">www.eset.ch<\/a><\/em>\n<p class=\"syndicated-attribution\">Dieser Beitrag erschien urspr\u00fcnglich auf m-q.ch - <a href=\"https:\/\/www.m-q.ch\/de\/cyberkriminelle-machen-keine-ferien\/\" target=\"_blank\">https:\/\/www.m-q.ch\/de\/cyberkriminelle-machen-keine-ferien\/<\/a><\/p>","protected":false},"excerpt":{"rendered":"<p>Touristen sind in den Ferien vor Taschendieben enorm auf der Hut. Doch wenn es um ihre digitale Sicherheit geht, lassen sie weniger Vorsicht walten. Dabei lauern Kreditkartenbetrug, Datenklau und Identit\u00e4tsdiebstahl gef\u00fchlt an jeder Ecke. Ob am Flughafen, im Hotel, auf dem Campingplatz oder Internet-Caf\u00e9 \u2013 Cyberkriminelle nutzen jede Gelegenheit, um sensible Informationen von Reisenden zu [\u2026]<\/p>\n","protected":false},"author":8,"featured_media":0,"comment_status":"closed","ping_status":"closed","sticky":false,"template":"","format":"standard","meta":{"_acf_changed":false,"_yoast_wpseo_focuskw":"Cyberkriminelle","_yoast_wpseo_metadesc":"Sommer, Sonne, gute Laune: F\u00fcr viele sind die langersehnten Ferien zum Greifen nah. Auch in den Ferien landen die digitalen Alltagsbegleiter wie Smartphone, Tablet oder Notebook im Gep\u00e4ck der Reisenden.","articlekey":"","footnotes":""},"categories":[582],"tags":[3092],"class_list":["post-15243","post","type-post","status-publish","format-standard","hentry","category-operational-excellence","tag-cyberkriminelle"],"acf":[],"yoast_head":"<!-- This site is optimized with the Yoast SEO plugin v27.5 - https:\/\/yoast.com\/product\/yoast-seo-wordpress\/ -->\n<title>Cyberkriminelle machen keine Ferien - Organisator<\/title>\n<meta name=\"description\" content=\"Sommer, Sonne, gute Laune: F\u00fcr viele sind die langersehnten Ferien zum Greifen nah. Auch in den Ferien landen die digitalen Alltagsbegleiter wie Smartphone, Tablet oder Notebook im Gep\u00e4ck der Reisenden.\" \/>\n<meta name=\"robots\" content=\"index, follow, max-snippet:-1, max-image-preview:large, max-video-preview:-1\" \/>\n<link rel=\"canonical\" href=\"https:\/\/www.m-q.ch\/de\/cyberkriminelle-machen-keine-ferien\/\" \/>\n<meta property=\"og:locale\" content=\"de_DE\" \/>\n<meta property=\"og:type\" content=\"article\" \/>\n<meta property=\"og:title\" content=\"Cyberkriminelle machen keine Ferien - Organisator\" \/>\n<meta property=\"og:description\" content=\"Sommer, Sonne, gute Laune: F\u00fcr viele sind die langersehnten Ferien zum Greifen nah. Auch in den Ferien landen die digitalen Alltagsbegleiter wie Smartphone, Tablet oder Notebook im Gep\u00e4ck der Reisenden.\" \/>\n<meta property=\"og:url\" content=\"https:\/\/www.m-q.ch\/de\/cyberkriminelle-machen-keine-ferien\/\" \/>\n<meta property=\"og:site_name\" content=\"Organisator\" \/>\n<meta property=\"article:publisher\" content=\"https:\/\/www.facebook.com\/OrganisatorFachmagazin\" \/>\n<meta property=\"article:published_time\" content=\"2022-06-17T05:34:37+00:00\" \/>\n<meta property=\"article:modified_time\" content=\"2022-07-25T10:38:29+00:00\" \/>\n<meta property=\"og:image\" content=\"https:\/\/www.m-q.ch\/wp-content\/uploads\/2022\/06\/Cyberkriminelle-machen-keine-Ferien_MQ.jpg\" \/>\n<meta name=\"author\" content=\"galledia\" \/>\n<meta name=\"twitter:card\" content=\"summary_large_image\" \/>\n<meta name=\"twitter:creator\" content=\"@admin\" \/>\n<script type=\"application\/ld+json\" class=\"yoast-schema-graph\">{\"@context\":\"https:\\\/\\\/schema.org\",\"@graph\":[{\"@type\":\"Article\",\"@id\":\"https:\\\/\\\/www.m-q.ch\\\/de\\\/cyberkriminelle-machen-keine-ferien\\\/#article\",\"isPartOf\":{\"@id\":\"https:\\\/\\\/www.organisator.ch\\\/operational-excellence\\\/2022-06-17\\\/cyberkriminelle-machen-keine-ferien\\\/\"},\"author\":{\"name\":\"galledia\",\"@id\":\"https:\\\/\\\/www.organisator.ch\\\/#\\\/schema\\\/person\\\/4e51799071cd2dd1232ac003643ef5f0\"},\"headline\":\"Cyberkriminelle machen keine Ferien\",\"datePublished\":\"2022-06-17T05:34:37+00:00\",\"dateModified\":\"2022-07-25T10:38:29+00:00\",\"mainEntityOfPage\":{\"@id\":\"https:\\\/\\\/www.organisator.ch\\\/operational-excellence\\\/2022-06-17\\\/cyberkriminelle-machen-keine-ferien\\\/\"},\"wordCount\":797,\"publisher\":{\"@id\":\"https:\\\/\\\/www.organisator.ch\\\/#organization\"},\"image\":{\"@id\":\"https:\\\/\\\/www.m-q.ch\\\/de\\\/cyberkriminelle-machen-keine-ferien\\\/#primaryimage\"},\"thumbnailUrl\":\"https:\\\/\\\/www.m-q.ch\\\/wp-content\\\/uploads\\\/2022\\\/06\\\/Cyberkriminelle-machen-keine-Ferien_MQ.jpg\",\"keywords\":[\"Cyberkriminelle\"],\"articleSection\":[\"OPERATIONAL EXCELLENCE\"],\"inLanguage\":\"de\"},{\"@type\":\"WebPage\",\"@id\":\"https:\\\/\\\/www.organisator.ch\\\/operational-excellence\\\/2022-06-17\\\/cyberkriminelle-machen-keine-ferien\\\/\",\"url\":\"https:\\\/\\\/www.m-q.ch\\\/de\\\/cyberkriminelle-machen-keine-ferien\\\/\",\"name\":\"Cyberkriminelle machen keine Ferien - Organisator\",\"isPartOf\":{\"@id\":\"https:\\\/\\\/www.organisator.ch\\\/#website\"},\"primaryImageOfPage\":{\"@id\":\"https:\\\/\\\/www.m-q.ch\\\/de\\\/cyberkriminelle-machen-keine-ferien\\\/#primaryimage\"},\"image\":{\"@id\":\"https:\\\/\\\/www.m-q.ch\\\/de\\\/cyberkriminelle-machen-keine-ferien\\\/#primaryimage\"},\"thumbnailUrl\":\"https:\\\/\\\/www.m-q.ch\\\/wp-content\\\/uploads\\\/2022\\\/06\\\/Cyberkriminelle-machen-keine-Ferien_MQ.jpg\",\"datePublished\":\"2022-06-17T05:34:37+00:00\",\"dateModified\":\"2022-07-25T10:38:29+00:00\",\"description\":\"Sommer, Sonne, gute Laune: F\u00fcr viele sind die langersehnten Ferien zum Greifen nah. Auch in den Ferien landen die digitalen Alltagsbegleiter wie Smartphone, Tablet oder Notebook im Gep\u00e4ck der Reisenden.\",\"breadcrumb\":{\"@id\":\"https:\\\/\\\/www.m-q.ch\\\/de\\\/cyberkriminelle-machen-keine-ferien\\\/#breadcrumb\"},\"inLanguage\":\"de\",\"potentialAction\":[{\"@type\":\"ReadAction\",\"target\":[\"https:\\\/\\\/www.m-q.ch\\\/de\\\/cyberkriminelle-machen-keine-ferien\\\/\"]}]},{\"@type\":\"ImageObject\",\"inLanguage\":\"de\",\"@id\":\"https:\\\/\\\/www.m-q.ch\\\/de\\\/cyberkriminelle-machen-keine-ferien\\\/#primaryimage\",\"url\":\"https:\\\/\\\/www.m-q.ch\\\/wp-content\\\/uploads\\\/2022\\\/06\\\/Cyberkriminelle-machen-keine-Ferien_MQ.jpg\",\"contentUrl\":\"https:\\\/\\\/www.m-q.ch\\\/wp-content\\\/uploads\\\/2022\\\/06\\\/Cyberkriminelle-machen-keine-Ferien_MQ.jpg\"},{\"@type\":\"BreadcrumbList\",\"@id\":\"https:\\\/\\\/www.m-q.ch\\\/de\\\/cyberkriminelle-machen-keine-ferien\\\/#breadcrumb\",\"itemListElement\":[{\"@type\":\"ListItem\",\"position\":1,\"name\":\"Home\",\"item\":\"https:\\\/\\\/www.organisator.ch\\\/\"},{\"@type\":\"ListItem\",\"position\":2,\"name\":\"Cyberkriminelle machen keine Ferien\"}]},{\"@type\":\"WebSite\",\"@id\":\"https:\\\/\\\/www.organisator.ch\\\/#website\",\"url\":\"https:\\\/\\\/www.organisator.ch\\\/\",\"name\":\"Organisator\",\"description\":\"Kompetent. Praxisnah. Der ORGANISATOR bereitet in 10 Ausgaben pro Jahr die wesentlichen Themen f\u00fcr F\u00fchrungskr\u00e4fte von KMU auf.\",\"publisher\":{\"@id\":\"https:\\\/\\\/www.organisator.ch\\\/#organization\"},\"potentialAction\":[{\"@type\":\"SearchAction\",\"target\":{\"@type\":\"EntryPoint\",\"urlTemplate\":\"https:\\\/\\\/www.organisator.ch\\\/?s={search_term_string}\"},\"query-input\":{\"@type\":\"PropertyValueSpecification\",\"valueRequired\":true,\"valueName\":\"search_term_string\"}}],\"inLanguage\":\"de\"},{\"@type\":\"Organization\",\"@id\":\"https:\\\/\\\/www.organisator.ch\\\/#organization\",\"name\":\"Organisator\",\"url\":\"https:\\\/\\\/www.organisator.ch\\\/\",\"logo\":{\"@type\":\"ImageObject\",\"inLanguage\":\"de\",\"@id\":\"https:\\\/\\\/www.organisator.ch\\\/#\\\/schema\\\/logo\\\/image\\\/\",\"url\":\"https:\\\/\\\/www.organisator.ch\\\/wp-content\\\/uploads\\\/2022\\\/01\\\/Logo_Organisator_Website.png\",\"contentUrl\":\"https:\\\/\\\/www.organisator.ch\\\/wp-content\\\/uploads\\\/2022\\\/01\\\/Logo_Organisator_Website.png\",\"width\":800,\"height\":77,\"caption\":\"Organisator\"},\"image\":{\"@id\":\"https:\\\/\\\/www.organisator.ch\\\/#\\\/schema\\\/logo\\\/image\\\/\"},\"sameAs\":[\"https:\\\/\\\/www.facebook.com\\\/OrganisatorFachmagazin\",\"https:\\\/\\\/www.linkedin.com\\\/showcase\\\/organisator-das-magazin-fr-kmu\",\"https:\\\/\\\/www.xing.com\\\/news\\\/pages\\\/organisator-ch-695\",\"https:\\\/\\\/www.youtube.com\\\/channel\\\/UCGP2Sq0iWaZwT3BdIAQFYpw\"]},{\"@type\":\"Person\",\"@id\":\"https:\\\/\\\/www.organisator.ch\\\/#\\\/schema\\\/person\\\/4e51799071cd2dd1232ac003643ef5f0\",\"name\":\"galledia\",\"image\":{\"@type\":\"ImageObject\",\"inLanguage\":\"de\",\"@id\":\"https:\\\/\\\/secure.gravatar.com\\\/avatar\\\/78a7f90c01fc2bfc875782a0d4922b37cde2cf184ce347b91316d23cd7f69a36?s=96&d=mm&r=g\",\"url\":\"https:\\\/\\\/secure.gravatar.com\\\/avatar\\\/78a7f90c01fc2bfc875782a0d4922b37cde2cf184ce347b91316d23cd7f69a36?s=96&d=mm&r=g\",\"contentUrl\":\"https:\\\/\\\/secure.gravatar.com\\\/avatar\\\/78a7f90c01fc2bfc875782a0d4922b37cde2cf184ce347b91316d23cd7f69a36?s=96&d=mm&r=g\",\"caption\":\"galledia\"},\"sameAs\":[\"https:\\\/\\\/x.com\\\/admin\"],\"url\":\"https:\\\/\\\/www.organisator.ch\\\/de\\\/author\\\/galledia\\\/\"}]}<\/script>\n<!-- \/ Yoast SEO plugin. -->","yoast_head_json":{"title":"Cyberkriminelle machen keine Ferien - Organisator","description":"Sommer, Sonne, gute Laune: F\u00fcr viele sind die langersehnten Ferien zum Greifen nah. Auch in den Ferien landen die digitalen Alltagsbegleiter wie Smartphone, Tablet oder Notebook im Gep\u00e4ck der Reisenden.","robots":{"index":"index","follow":"follow","max-snippet":"max-snippet:-1","max-image-preview":"max-image-preview:large","max-video-preview":"max-video-preview:-1"},"canonical":"https:\/\/www.m-q.ch\/de\/cyberkriminelle-machen-keine-ferien\/","og_locale":"de_DE","og_type":"article","og_title":"Cyberkriminelle machen keine Ferien - Organisator","og_description":"Sommer, Sonne, gute Laune: F\u00fcr viele sind die langersehnten Ferien zum Greifen nah. Auch in den Ferien landen die digitalen Alltagsbegleiter wie Smartphone, Tablet oder Notebook im Gep\u00e4ck der Reisenden.","og_url":"https:\/\/www.m-q.ch\/de\/cyberkriminelle-machen-keine-ferien\/","og_site_name":"Organisator","article_publisher":"https:\/\/www.facebook.com\/OrganisatorFachmagazin","article_published_time":"2022-06-17T05:34:37+00:00","article_modified_time":"2022-07-25T10:38:29+00:00","og_image":[{"url":"https:\/\/www.m-q.ch\/wp-content\/uploads\/2022\/06\/Cyberkriminelle-machen-keine-Ferien_MQ.jpg","type":"","width":"","height":""}],"author":"galledia","twitter_card":"summary_large_image","twitter_creator":"@admin","schema":{"@context":"https:\/\/schema.org","@graph":[{"@type":"Article","@id":"https:\/\/www.m-q.ch\/de\/cyberkriminelle-machen-keine-ferien\/#article","isPartOf":{"@id":"https:\/\/www.organisator.ch\/operational-excellence\/2022-06-17\/cyberkriminelle-machen-keine-ferien\/"},"author":{"name":"galledia","@id":"https:\/\/www.organisator.ch\/#\/schema\/person\/4e51799071cd2dd1232ac003643ef5f0"},"headline":"Cyberkriminelle machen keine Ferien","datePublished":"2022-06-17T05:34:37+00:00","dateModified":"2022-07-25T10:38:29+00:00","mainEntityOfPage":{"@id":"https:\/\/www.organisator.ch\/operational-excellence\/2022-06-17\/cyberkriminelle-machen-keine-ferien\/"},"wordCount":797,"publisher":{"@id":"https:\/\/www.organisator.ch\/#organization"},"image":{"@id":"https:\/\/www.m-q.ch\/de\/cyberkriminelle-machen-keine-ferien\/#primaryimage"},"thumbnailUrl":"https:\/\/www.m-q.ch\/wp-content\/uploads\/2022\/06\/Cyberkriminelle-machen-keine-Ferien_MQ.jpg","keywords":["Cyberkriminelle"],"articleSection":["OPERATIONAL EXCELLENCE"],"inLanguage":"de"},{"@type":"WebPage","@id":"https:\/\/www.organisator.ch\/operational-excellence\/2022-06-17\/cyberkriminelle-machen-keine-ferien\/","url":"https:\/\/www.m-q.ch\/de\/cyberkriminelle-machen-keine-ferien\/","name":"Cyberkriminelle machen keine Ferien - Organisator","isPartOf":{"@id":"https:\/\/www.organisator.ch\/#website"},"primaryImageOfPage":{"@id":"https:\/\/www.m-q.ch\/de\/cyberkriminelle-machen-keine-ferien\/#primaryimage"},"image":{"@id":"https:\/\/www.m-q.ch\/de\/cyberkriminelle-machen-keine-ferien\/#primaryimage"},"thumbnailUrl":"https:\/\/www.m-q.ch\/wp-content\/uploads\/2022\/06\/Cyberkriminelle-machen-keine-Ferien_MQ.jpg","datePublished":"2022-06-17T05:34:37+00:00","dateModified":"2022-07-25T10:38:29+00:00","description":"Sommer, Sonne, gute Laune: F\u00fcr viele sind die langersehnten Ferien zum Greifen nah. Auch in den Ferien landen die digitalen Alltagsbegleiter wie Smartphone, Tablet oder Notebook im Gep\u00e4ck der Reisenden.","breadcrumb":{"@id":"https:\/\/www.m-q.ch\/de\/cyberkriminelle-machen-keine-ferien\/#breadcrumb"},"inLanguage":"de","potentialAction":[{"@type":"ReadAction","target":["https:\/\/www.m-q.ch\/de\/cyberkriminelle-machen-keine-ferien\/"]}]},{"@type":"ImageObject","inLanguage":"de","@id":"https:\/\/www.m-q.ch\/de\/cyberkriminelle-machen-keine-ferien\/#primaryimage","url":"https:\/\/www.m-q.ch\/wp-content\/uploads\/2022\/06\/Cyberkriminelle-machen-keine-Ferien_MQ.jpg","contentUrl":"https:\/\/www.m-q.ch\/wp-content\/uploads\/2022\/06\/Cyberkriminelle-machen-keine-Ferien_MQ.jpg"},{"@type":"BreadcrumbList","@id":"https:\/\/www.m-q.ch\/de\/cyberkriminelle-machen-keine-ferien\/#breadcrumb","itemListElement":[{"@type":"ListItem","position":1,"name":"Home","item":"https:\/\/www.organisator.ch\/"},{"@type":"ListItem","position":2,"name":"Cyberkriminelle machen keine Ferien"}]},{"@type":"WebSite","@id":"https:\/\/www.organisator.ch\/#website","url":"https:\/\/www.organisator.ch\/","name":"Organisator","description":"Kompetent. Praxisnah. Der ORGANISATOR bereitet in 10 Ausgaben pro Jahr die wesentlichen Themen f\u00fcr F\u00fchrungskr\u00e4fte von KMU auf.","publisher":{"@id":"https:\/\/www.organisator.ch\/#organization"},"potentialAction":[{"@type":"SearchAction","target":{"@type":"EntryPoint","urlTemplate":"https:\/\/www.organisator.ch\/?s={search_term_string}"},"query-input":{"@type":"PropertyValueSpecification","valueRequired":true,"valueName":"search_term_string"}}],"inLanguage":"de"},{"@type":"Organization","@id":"https:\/\/www.organisator.ch\/#organization","name":"Organisator","url":"https:\/\/www.organisator.ch\/","logo":{"@type":"ImageObject","inLanguage":"de","@id":"https:\/\/www.organisator.ch\/#\/schema\/logo\/image\/","url":"https:\/\/www.organisator.ch\/wp-content\/uploads\/2022\/01\/Logo_Organisator_Website.png","contentUrl":"https:\/\/www.organisator.ch\/wp-content\/uploads\/2022\/01\/Logo_Organisator_Website.png","width":800,"height":77,"caption":"Organisator"},"image":{"@id":"https:\/\/www.organisator.ch\/#\/schema\/logo\/image\/"},"sameAs":["https:\/\/www.facebook.com\/OrganisatorFachmagazin","https:\/\/www.linkedin.com\/showcase\/organisator-das-magazin-fr-kmu","https:\/\/www.xing.com\/news\/pages\/organisator-ch-695","https:\/\/www.youtube.com\/channel\/UCGP2Sq0iWaZwT3BdIAQFYpw"]},{"@type":"Person","@id":"https:\/\/www.organisator.ch\/#\/schema\/person\/4e51799071cd2dd1232ac003643ef5f0","name":"galledia","image":{"@type":"ImageObject","inLanguage":"de","@id":"https:\/\/secure.gravatar.com\/avatar\/78a7f90c01fc2bfc875782a0d4922b37cde2cf184ce347b91316d23cd7f69a36?s=96&d=mm&r=g","url":"https:\/\/secure.gravatar.com\/avatar\/78a7f90c01fc2bfc875782a0d4922b37cde2cf184ce347b91316d23cd7f69a36?s=96&d=mm&r=g","contentUrl":"https:\/\/secure.gravatar.com\/avatar\/78a7f90c01fc2bfc875782a0d4922b37cde2cf184ce347b91316d23cd7f69a36?s=96&d=mm&r=g","caption":"galledia"},"sameAs":["https:\/\/x.com\/admin"],"url":"https:\/\/www.organisator.ch\/de\/author\/galledia\/"}]}},"_links":{"self":[{"href":"https:\/\/www.organisator.ch\/de\/wp-json\/wp\/v2\/posts\/15243","targetHints":{"allow":["GET"]}}],"collection":[{"href":"https:\/\/www.organisator.ch\/de\/wp-json\/wp\/v2\/posts"}],"about":[{"href":"https:\/\/www.organisator.ch\/de\/wp-json\/wp\/v2\/types\/post"}],"author":[{"embeddable":true,"href":"https:\/\/www.organisator.ch\/de\/wp-json\/wp\/v2\/users\/8"}],"replies":[{"embeddable":true,"href":"https:\/\/www.organisator.ch\/de\/wp-json\/wp\/v2\/comments?post=15243"}],"version-history":[{"count":4,"href":"https:\/\/www.organisator.ch\/de\/wp-json\/wp\/v2\/posts\/15243\/revisions"}],"predecessor-version":[{"id":15806,"href":"https:\/\/www.organisator.ch\/de\/wp-json\/wp\/v2\/posts\/15243\/revisions\/15806"}],"wp:attachment":[{"href":"https:\/\/www.organisator.ch\/de\/wp-json\/wp\/v2\/media?parent=15243"}],"wp:term":[{"taxonomy":"category","embeddable":true,"href":"https:\/\/www.organisator.ch\/de\/wp-json\/wp\/v2\/categories?post=15243"},{"taxonomy":"post_tag","embeddable":true,"href":"https:\/\/www.organisator.ch\/de\/wp-json\/wp\/v2\/tags?post=15243"}],"curies":[{"name":"wp","href":"https:\/\/api.w.org\/{rel}","templated":true}]}}