{"id":1527,"date":"2017-02-16T08:24:51","date_gmt":"2017-02-16T07:24:51","guid":{"rendered":"https:\/\/www.organisator.ch\/?p=1527"},"modified":"2017-02-16T08:24:51","modified_gmt":"2017-02-16T07:24:51","slug":"politik-in-140-zeichen-twitter-ist-trumpf","status":"publish","type":"post","link":"https:\/\/www.organisator.ch\/de\/marketing\/2017-02-16\/politik-in-140-zeichen-twitter-ist-trumpf\/","title":{"rendered":"Politik in 140 Zeichen? Twitter ist &#8222;Trump(f)&#8220;"},"content":{"rendered":"<figure id=\"attachment_1529\" aria-describedby=\"caption-attachment-1529\" style=\"width: 640px\" class=\"wp-caption alignnone\"><img loading=\"lazy\" decoding=\"async\" class=\"size-full wp-image-1529\" src=\"https:\/\/www.organisator.ch\/wp-content\/uploads\/2017\/02\/Politik-in-140-Zeichen-Twitter-ist-Trumpf_Organisator.jpg\" alt=\"\" width=\"640\" height=\"427\" srcset=\"https:\/\/www.organisator.ch\/wp-content\/uploads\/2017\/02\/Politik-in-140-Zeichen-Twitter-ist-Trumpf_Organisator.jpg 640w, https:\/\/www.organisator.ch\/wp-content\/uploads\/2017\/02\/Politik-in-140-Zeichen-Twitter-ist-Trumpf_Organisator-16x12.jpg 16w, https:\/\/www.organisator.ch\/wp-content\/uploads\/2017\/02\/Politik-in-140-Zeichen-Twitter-ist-Trumpf_Organisator-262x175.jpg 262w, https:\/\/www.organisator.ch\/wp-content\/uploads\/2017\/02\/Politik-in-140-Zeichen-Twitter-ist-Trumpf_Organisator-525x350.jpg 525w, https:\/\/www.organisator.ch\/wp-content\/uploads\/2017\/02\/Politik-in-140-Zeichen-Twitter-ist-Trumpf_Organisator-300x200.jpg 300w\" sizes=\"auto, (max-width: 640px) 100vw, 640px\" \/><figcaption id=\"caption-attachment-1529\" class=\"wp-caption-text\">Kommunikations-Experte Stefan H\u00e4seli \u00e4ussert sich zu Twitter als pr\u00e4sidiales F\u00fchrungsinstrument. (Foto: zVg)<\/figcaption><\/figure>\n<p>Eines vorab, so Stefan H\u00e4seli: \u201eOb dieser Akt f\u00fcr die Welt gut ist oder wie schlecht es werden wird, wenn der impulsive neue Pr\u00e4sident die n\u00e4chsten vier Jahre nicht nur die Geschicke der USA, sondern damit verkn\u00fcpft auch zu einem guten Teil die der Welt pr\u00e4gt, sei den politischen Beobachtern \u00fcberlassen. Berechtigt sind zweifellos die Bef\u00fcrchtungen, dass Donald Trump mit seinen oft unverbl\u00fcmten \u00c4u\u00dferungen weiterhin viele erschrecken wird. Schon jetzt staunt die Welt\u00f6ffentlichkeit \u00fcber das, was er sich verbal erlaubt.\u201c Dabei sei es durchaus spannend zu verfolgen, wie Donald Trump kommuniziere: \u201eMan muss hier zweierlei trennen. Auf der einen Seite ignoriert er sehr oft s\u00e4mtliche Regeln einer konstruktiven Kommunikation und eines wertsch\u00e4tzenden Feedbacks. Das ist ohne Frage etwas, das mir missf\u00e4llt. Das andere ist, dass er, wie kaum ein anderer versucht, mit 140 Zeichen aus dem \u201aTwitter-Fenster\u2019 heraus die Welt zu regieren. Und dar\u00fcber sollten wir nachdenken.\u201c<\/p>\n<p><strong>Die Sache auf den Punkt bringen<\/strong><\/p>\n<p>Unter diesem Aspekt, so der Kommunikationsexperte, sei es einen Versuch wert, das Bedrohliche vom N\u00fctzlichen zu trennen: \u201eWird die Angst vor dem Inhalt provokativer Statements einmal zur\u00fcckgestellt, l\u00e4sst sich rein kommunikationstechnisch daraus eine Menge lernen. Denn es geht darum, eine Sache auf den Punkt zu bringen. Damit wird die Diskussion angesto\u00dfen. 140 Zeichen reichen, um \u2013 ob positiv oder negativ \u2013 in die \u201aNews\u2019 zu kommen. Oder etwas weniger spektakul\u00e4r ganz einfach ins Gespr\u00e4ch. Wichtige Aussagen \u00fcber Twitter\u00a0in 140 Zeichen zu packen, sei sicher nicht immer richtig \u2013 ganz besonders dann nicht, wenn es um globale Interessen geht. Aber die Kunst es zu k\u00f6nnen, sei wichtig! Noch werde diese F\u00e4higkeit in der modernen Gesellschaft, Wirtschaft und \u00d6ffentlichkeit nicht wirklich und \u00fcberall gut genutzt&#8220;, so Stefan H\u00e4seli, der sich bereits seit vielen Jahren mit Alltagskommunikation besch\u00e4ftigt. \u201cEs zeugt keineswegs von Oberfl\u00e4chlichkeit, Informationen auf 140 Zeichen zu beschr\u00e4nken. Vielmehr muss so eine Kernaussage treffend formuliert werden. Anders sieht es nat\u00fcrlich bei komplexen Zusammenh\u00e4ngen aus. Wer das Sowohl-als-auch beherrscht, ist ein \u201aCommander in Tweets\u2019\u201c.<\/p>\n<p><strong>Eine Qualit\u00e4t, die man lernen kann<\/strong><\/p>\n<p>Zu unterscheiden und abzugrenzen bleibe dabei, dass viel Schrott getwittert werde. Stefan H\u00e4seli: \u201eZu wenig wohl\u00fcberlegt erscheinen auch viele Posts von Donald Trump. Doch wer hat nicht selbst schon einmal eine Nachricht verschickt, ohne zu \u00fcberlegen, was sie ausl\u00f6sen kann. Aber es ist eben ein Unterschied, ob eine unklare E-Mail an einen guten Bekannten geht, oder ob der m\u00e4chtigste Mann der Welt einen Amtskollegen mit Atomwaffen im Schrank beleidigt.\u201c Auch wenn vieles nicht so hei\u00df gegessen wird wie es gekocht wird, wie Stefan H\u00e4seli aus seinen Kontakten zu Politikern wei\u00df: \u201eDa wird manches f\u00fcr die Galerie gemacht. Wenn Donald Trump beispielsweise eine Twitter-Nachricht \u00fcber Wladimir Putin postet, kann es sein, dass das pers\u00f6nliche Gespr\u00e4ch zwischen den Zweien l\u00e4ngst stattgefunden hat und man voneinander sehr genau wei\u00df, was man wirklich denkt.\u201c Womit sich der Kreis schlie\u00dft, so der Experte: \u201eEine Botschaft in einer 140-Zeichen-Meldung zu verfassen, ist eine Qualit\u00e4t, die man lernen kann und die immer wichtiger wird. Das Gespr\u00e4ch dazu ist aber nach wie vor und bis auf Weiteres durch nichts zu ersetzen. Klar ist, dass auch Donald Trump am Ende des Tages an Handlungen gemessen wird und nicht aufgrund seiner Posts.\u201c<\/p>\n<p><strong>Empfehlung von Stefan H\u00e4seli: Twitter als Training<\/strong><\/p>\n<p>\u201eWichtige Kernaussagen auf 140 Zeichen herunter zu brechen, ist harte Arbeit \u2013 aber sehr lehrreich. Ich habe das vor kurzem in einem Vortrag mit den wichtigsten Kernaussagen gemacht:<\/p>\n<ul>\n<li>Die Welt der Kommunikation wird anspruchsvoller. Viel kommunizieren auf mehr Medien ergibt nicht zwangsl\u00e4ufig mehr Inhalt.<\/li>\n<li>In der ganzen Euphorie und im Sog des vernetzten Denkens und der ganzheitlichen Ans\u00e4tze: Im Markt muss nach wie vor verkauft werden.<\/li>\n<li>Der Weg ist das Ziel. Mag meistens stimmen. Vergessen wir gleichwohl nicht: Ein sch\u00f6ner Zug n\u00fctzt nichts, wenn er nicht in den Bahnhof einf\u00e4hrt.<\/li>\n<li>Gefragt sind L\u00f6sungen der Probleme der Kunden, nicht nur Ergebnisse von Studien und \u00dcberzeugungen von Anbietern.<\/li>\n<\/ul>\n<p>Das war f\u00fcrs Publikum attraktiv und mir half es, mich intensiv mit dem Thema auseinanderzusetzen. Vermeintliche Oberfl\u00e4chlichkeit kann also auch das Resultat von Tiefgang sei.\u201c<\/p>\n<p><em>\u00dcber Stefan H\u00e4seli:<\/em><\/p>\n<p><em>Stefan H\u00e4seli regt als internationaler Speaker dazu an, wirkungsvolle Kommunikation im Alltag mit Spa\u00df zu erleben. Dazu ist er Autor von zahlreichen B\u00fcchern und bekannt als Ratgeber in Radio- und TV-Sendungen. <a href=\"http:\/\/www.stefanhaeseli.ch\/\">www.stefanhaeseli.ch<\/a><\/em><\/p>\n","protected":false},"excerpt":{"rendered":"<p>Eines vorab, so Stefan H\u00e4seli: \u201eOb dieser Akt f\u00fcr die Welt gut ist oder wie schlecht es werden wird, wenn der impulsive neue Pr\u00e4sident die n\u00e4chsten vier Jahre nicht nur die Geschicke der USA, sondern damit verkn\u00fcpft auch zu einem guten Teil die der Welt pr\u00e4gt, sei den politischen Beobachtern \u00fcberlassen. Berechtigt sind zweifellos die [&hellip;]<\/p>\n","protected":false},"author":4,"featured_media":1529,"comment_status":"open","ping_status":"open","sticky":false,"template":"","format":"standard","meta":{"_acf_changed":false,"_yoast_wpseo_focuskw":"Twitter","_yoast_wpseo_metadesc":"Der neue US-Pr\u00e4sident Donald Trump f\u00fcllt \u00fcber Twitter die Zeitungsspalten. Trotz aller Vorbehalte kann man in einem Punkt durchaus von ihm lernen.","articlekey":"","footnotes":""},"categories":[29],"tags":[308,334,339,508],"class_list":["post-1527","post","type-post","status-publish","format-standard","has-post-thumbnail","hentry","category-marketing","tag-kommunikation","tag-management","tag-marketing","tag-vermischtes"],"acf":[],"yoast_head":"<!-- This site is optimized with the Yoast SEO plugin v27.5 - https:\/\/yoast.com\/product\/yoast-seo-wordpress\/ -->\n<title>Politik in 140 Zeichen? Twitter ist &quot;Trump(f)&quot; - Organisator<\/title>\n<meta name=\"description\" content=\"Der neue US-Pr\u00e4sident Donald Trump f\u00fcllt \u00fcber Twitter die Zeitungsspalten. Trotz aller Vorbehalte kann man in einem Punkt durchaus von ihm lernen.\" \/>\n<meta name=\"robots\" content=\"index, follow, max-snippet:-1, max-image-preview:large, max-video-preview:-1\" \/>\n<link rel=\"canonical\" href=\"https:\/\/www.organisator.ch\/de\/marketing\/2017-02-16\/politik-in-140-zeichen-twitter-ist-trumpf\/\" \/>\n<meta property=\"og:locale\" content=\"de_DE\" \/>\n<meta property=\"og:type\" content=\"article\" \/>\n<meta property=\"og:title\" content=\"Politik in 140 Zeichen? Twitter ist &quot;Trump(f)&quot;\" \/>\n<meta property=\"og:description\" content=\"Der neue #US-Pr\u00e4sident Donald Trump f\u00fcllt \u00fcber #Twitter die Zeitungsspalten. Trotz aller Vorbehalte kann man in einem Punkt durchaus von ihm lernen, wie Kommunikationsexperte #StefanH\u00e4seli meint.\" \/>\n<meta property=\"og:url\" content=\"https:\/\/www.organisator.ch\/de\/marketing\/2017-02-16\/politik-in-140-zeichen-twitter-ist-trumpf\/\" \/>\n<meta property=\"og:site_name\" content=\"Organisator\" \/>\n<meta property=\"article:publisher\" content=\"https:\/\/www.facebook.com\/OrganisatorFachmagazin\" \/>\n<meta property=\"article:published_time\" content=\"2017-02-16T07:24:51+00:00\" \/>\n<meta property=\"og:image\" content=\"https:\/\/www.organisator.ch\/wp-content\/uploads\/2017\/02\/Politik-in-140-Zeichen-Twitter-ist-Trumpf_Organisator.jpg\" \/>\n\t<meta property=\"og:image:width\" content=\"640\" \/>\n\t<meta property=\"og:image:height\" content=\"427\" \/>\n\t<meta property=\"og:image:type\" content=\"image\/jpeg\" \/>\n<meta name=\"author\" content=\"thomas.berner\" \/>\n<meta name=\"twitter:card\" content=\"summary_large_image\" \/>\n<meta name=\"twitter:title\" content=\"Politik in #140Zeichen? #Twitter ist &quot;Trump(f)&quot;\" \/>\n<meta name=\"twitter:description\" content=\"Der neue #US-Pr\u00e4sident Donald Trump f\u00fcllt \u00fcber #Twitter die Zeitungsspalten. Trotz aller Vorbehalte kann man in einem Punkt durchaus von ihm lernen, wie Kommunikationsexperte #StefanH\u00e4seli meint.\" \/>\n<meta name=\"twitter:image\" content=\"https:\/\/www.organisator.ch\/wp-content\/uploads\/2017\/02\/Politik-in-140-Zeichen-Twitter-ist-Trumpf_Organisator.jpg\" \/>\n<script type=\"application\/ld+json\" class=\"yoast-schema-graph\">{\"@context\":\"https:\\\/\\\/schema.org\",\"@graph\":[{\"@type\":\"Article\",\"@id\":\"https:\\\/\\\/www.organisator.ch\\\/marketing\\\/2017-02-16\\\/politik-in-140-zeichen-twitter-ist-trumpf\\\/#article\",\"isPartOf\":{\"@id\":\"https:\\\/\\\/www.organisator.ch\\\/marketing\\\/2017-02-16\\\/politik-in-140-zeichen-twitter-ist-trumpf\\\/\"},\"author\":{\"name\":\"thomas.berner\",\"@id\":\"https:\\\/\\\/www.organisator.ch\\\/#\\\/schema\\\/person\\\/6f650f90b2842cd4c0cc334b4e36f67e\"},\"headline\":\"Politik in 140 Zeichen? Twitter ist &#8222;Trump(f)&#8220;\",\"datePublished\":\"2017-02-16T07:24:51+00:00\",\"mainEntityOfPage\":{\"@id\":\"https:\\\/\\\/www.organisator.ch\\\/marketing\\\/2017-02-16\\\/politik-in-140-zeichen-twitter-ist-trumpf\\\/\"},\"wordCount\":771,\"commentCount\":0,\"publisher\":{\"@id\":\"https:\\\/\\\/www.organisator.ch\\\/#organization\"},\"image\":{\"@id\":\"https:\\\/\\\/www.organisator.ch\\\/marketing\\\/2017-02-16\\\/politik-in-140-zeichen-twitter-ist-trumpf\\\/#primaryimage\"},\"thumbnailUrl\":\"https:\\\/\\\/www.organisator.ch\\\/wp-content\\\/uploads\\\/2017\\\/02\\\/Politik-in-140-Zeichen-Twitter-ist-Trumpf_Organisator.jpg\",\"keywords\":[\"Kommunikation\",\"Management\",\"Marketing\",\"Vermischtes\"],\"articleSection\":[\"MARKETING\"],\"inLanguage\":\"de\"},{\"@type\":\"WebPage\",\"@id\":\"https:\\\/\\\/www.organisator.ch\\\/marketing\\\/2017-02-16\\\/politik-in-140-zeichen-twitter-ist-trumpf\\\/\",\"url\":\"https:\\\/\\\/www.organisator.ch\\\/marketing\\\/2017-02-16\\\/politik-in-140-zeichen-twitter-ist-trumpf\\\/\",\"name\":\"Politik in 140 Zeichen? Twitter ist \\\"Trump(f)\\\" - Organisator\",\"isPartOf\":{\"@id\":\"https:\\\/\\\/www.organisator.ch\\\/#website\"},\"primaryImageOfPage\":{\"@id\":\"https:\\\/\\\/www.organisator.ch\\\/marketing\\\/2017-02-16\\\/politik-in-140-zeichen-twitter-ist-trumpf\\\/#primaryimage\"},\"image\":{\"@id\":\"https:\\\/\\\/www.organisator.ch\\\/marketing\\\/2017-02-16\\\/politik-in-140-zeichen-twitter-ist-trumpf\\\/#primaryimage\"},\"thumbnailUrl\":\"https:\\\/\\\/www.organisator.ch\\\/wp-content\\\/uploads\\\/2017\\\/02\\\/Politik-in-140-Zeichen-Twitter-ist-Trumpf_Organisator.jpg\",\"datePublished\":\"2017-02-16T07:24:51+00:00\",\"description\":\"Der neue US-Pr\u00e4sident Donald Trump f\u00fcllt \u00fcber Twitter die Zeitungsspalten. Trotz aller Vorbehalte kann man in einem Punkt durchaus von ihm lernen.\",\"breadcrumb\":{\"@id\":\"https:\\\/\\\/www.organisator.ch\\\/marketing\\\/2017-02-16\\\/politik-in-140-zeichen-twitter-ist-trumpf\\\/#breadcrumb\"},\"inLanguage\":\"de\",\"potentialAction\":[{\"@type\":\"ReadAction\",\"target\":[\"https:\\\/\\\/www.organisator.ch\\\/marketing\\\/2017-02-16\\\/politik-in-140-zeichen-twitter-ist-trumpf\\\/\"]}]},{\"@type\":\"ImageObject\",\"inLanguage\":\"de\",\"@id\":\"https:\\\/\\\/www.organisator.ch\\\/marketing\\\/2017-02-16\\\/politik-in-140-zeichen-twitter-ist-trumpf\\\/#primaryimage\",\"url\":\"https:\\\/\\\/www.organisator.ch\\\/wp-content\\\/uploads\\\/2017\\\/02\\\/Politik-in-140-Zeichen-Twitter-ist-Trumpf_Organisator.jpg\",\"contentUrl\":\"https:\\\/\\\/www.organisator.ch\\\/wp-content\\\/uploads\\\/2017\\\/02\\\/Politik-in-140-Zeichen-Twitter-ist-Trumpf_Organisator.jpg\",\"width\":640,\"height\":427,\"caption\":\"Kommunikations-Experte Stefan H\u00e4seli \u00e4ussert zu Twitter als pr\u00e4sidiales F\u00fchrungsinstrument. (Foto: zVg)\"},{\"@type\":\"BreadcrumbList\",\"@id\":\"https:\\\/\\\/www.organisator.ch\\\/marketing\\\/2017-02-16\\\/politik-in-140-zeichen-twitter-ist-trumpf\\\/#breadcrumb\",\"itemListElement\":[{\"@type\":\"ListItem\",\"position\":1,\"name\":\"Home\",\"item\":\"https:\\\/\\\/www.organisator.ch\\\/\"},{\"@type\":\"ListItem\",\"position\":2,\"name\":\"Politik in 140 Zeichen? Twitter ist &#8222;Trump(f)&#8220;\"}]},{\"@type\":\"WebSite\",\"@id\":\"https:\\\/\\\/www.organisator.ch\\\/#website\",\"url\":\"https:\\\/\\\/www.organisator.ch\\\/\",\"name\":\"Organisator\",\"description\":\"Kompetent. Praxisnah. Der ORGANISATOR bereitet in 10 Ausgaben pro Jahr die wesentlichen Themen f\u00fcr F\u00fchrungskr\u00e4fte von KMU auf.\",\"publisher\":{\"@id\":\"https:\\\/\\\/www.organisator.ch\\\/#organization\"},\"potentialAction\":[{\"@type\":\"SearchAction\",\"target\":{\"@type\":\"EntryPoint\",\"urlTemplate\":\"https:\\\/\\\/www.organisator.ch\\\/?s={search_term_string}\"},\"query-input\":{\"@type\":\"PropertyValueSpecification\",\"valueRequired\":true,\"valueName\":\"search_term_string\"}}],\"inLanguage\":\"de\"},{\"@type\":\"Organization\",\"@id\":\"https:\\\/\\\/www.organisator.ch\\\/#organization\",\"name\":\"Organisator\",\"url\":\"https:\\\/\\\/www.organisator.ch\\\/\",\"logo\":{\"@type\":\"ImageObject\",\"inLanguage\":\"de\",\"@id\":\"https:\\\/\\\/www.organisator.ch\\\/#\\\/schema\\\/logo\\\/image\\\/\",\"url\":\"https:\\\/\\\/www.organisator.ch\\\/wp-content\\\/uploads\\\/2022\\\/01\\\/Logo_Organisator_Website.png\",\"contentUrl\":\"https:\\\/\\\/www.organisator.ch\\\/wp-content\\\/uploads\\\/2022\\\/01\\\/Logo_Organisator_Website.png\",\"width\":800,\"height\":77,\"caption\":\"Organisator\"},\"image\":{\"@id\":\"https:\\\/\\\/www.organisator.ch\\\/#\\\/schema\\\/logo\\\/image\\\/\"},\"sameAs\":[\"https:\\\/\\\/www.facebook.com\\\/OrganisatorFachmagazin\",\"https:\\\/\\\/www.linkedin.com\\\/showcase\\\/organisator-das-magazin-fr-kmu\",\"https:\\\/\\\/www.xing.com\\\/news\\\/pages\\\/organisator-ch-695\",\"https:\\\/\\\/www.youtube.com\\\/channel\\\/UCGP2Sq0iWaZwT3BdIAQFYpw\"]},{\"@type\":\"Person\",\"@id\":\"https:\\\/\\\/www.organisator.ch\\\/#\\\/schema\\\/person\\\/6f650f90b2842cd4c0cc334b4e36f67e\",\"name\":\"thomas.berner\",\"image\":{\"@type\":\"ImageObject\",\"inLanguage\":\"de\",\"@id\":\"https:\\\/\\\/secure.gravatar.com\\\/avatar\\\/ac5001d2a36cb6c6cd3e50789007ffca834b477b74a2144564522e944eabff61?s=96&d=mm&r=g\",\"url\":\"https:\\\/\\\/secure.gravatar.com\\\/avatar\\\/ac5001d2a36cb6c6cd3e50789007ffca834b477b74a2144564522e944eabff61?s=96&d=mm&r=g\",\"contentUrl\":\"https:\\\/\\\/secure.gravatar.com\\\/avatar\\\/ac5001d2a36cb6c6cd3e50789007ffca834b477b74a2144564522e944eabff61?s=96&d=mm&r=g\",\"caption\":\"thomas.berner\"},\"url\":\"https:\\\/\\\/www.organisator.ch\\\/de\\\/author\\\/thomas-berner\\\/\"}]}<\/script>\n<!-- \/ Yoast SEO plugin. -->","yoast_head_json":{"title":"Politik in 140 Zeichen? Twitter ist \"Trump(f)\" - Organisator","description":"Der neue US-Pr\u00e4sident Donald Trump f\u00fcllt \u00fcber Twitter die Zeitungsspalten. Trotz aller Vorbehalte kann man in einem Punkt durchaus von ihm lernen.","robots":{"index":"index","follow":"follow","max-snippet":"max-snippet:-1","max-image-preview":"max-image-preview:large","max-video-preview":"max-video-preview:-1"},"canonical":"https:\/\/www.organisator.ch\/de\/marketing\/2017-02-16\/politik-in-140-zeichen-twitter-ist-trumpf\/","og_locale":"de_DE","og_type":"article","og_title":"Politik in 140 Zeichen? Twitter ist \"Trump(f)\"","og_description":"Der neue #US-Pr\u00e4sident Donald Trump f\u00fcllt \u00fcber #Twitter die Zeitungsspalten. Trotz aller Vorbehalte kann man in einem Punkt durchaus von ihm lernen, wie Kommunikationsexperte #StefanH\u00e4seli meint.","og_url":"https:\/\/www.organisator.ch\/de\/marketing\/2017-02-16\/politik-in-140-zeichen-twitter-ist-trumpf\/","og_site_name":"Organisator","article_publisher":"https:\/\/www.facebook.com\/OrganisatorFachmagazin","article_published_time":"2017-02-16T07:24:51+00:00","og_image":[{"width":640,"height":427,"url":"https:\/\/www.organisator.ch\/wp-content\/uploads\/2017\/02\/Politik-in-140-Zeichen-Twitter-ist-Trumpf_Organisator.jpg","type":"image\/jpeg"}],"author":"thomas.berner","twitter_card":"summary_large_image","twitter_title":"Politik in #140Zeichen? #Twitter ist \"Trump(f)\"","twitter_description":"Der neue #US-Pr\u00e4sident Donald Trump f\u00fcllt \u00fcber #Twitter die Zeitungsspalten. Trotz aller Vorbehalte kann man in einem Punkt durchaus von ihm lernen, wie Kommunikationsexperte #StefanH\u00e4seli meint.","twitter_image":"https:\/\/www.organisator.ch\/wp-content\/uploads\/2017\/02\/Politik-in-140-Zeichen-Twitter-ist-Trumpf_Organisator.jpg","schema":{"@context":"https:\/\/schema.org","@graph":[{"@type":"Article","@id":"https:\/\/www.organisator.ch\/marketing\/2017-02-16\/politik-in-140-zeichen-twitter-ist-trumpf\/#article","isPartOf":{"@id":"https:\/\/www.organisator.ch\/marketing\/2017-02-16\/politik-in-140-zeichen-twitter-ist-trumpf\/"},"author":{"name":"thomas.berner","@id":"https:\/\/www.organisator.ch\/#\/schema\/person\/6f650f90b2842cd4c0cc334b4e36f67e"},"headline":"Politik in 140 Zeichen? Twitter ist &#8222;Trump(f)&#8220;","datePublished":"2017-02-16T07:24:51+00:00","mainEntityOfPage":{"@id":"https:\/\/www.organisator.ch\/marketing\/2017-02-16\/politik-in-140-zeichen-twitter-ist-trumpf\/"},"wordCount":771,"commentCount":0,"publisher":{"@id":"https:\/\/www.organisator.ch\/#organization"},"image":{"@id":"https:\/\/www.organisator.ch\/marketing\/2017-02-16\/politik-in-140-zeichen-twitter-ist-trumpf\/#primaryimage"},"thumbnailUrl":"https:\/\/www.organisator.ch\/wp-content\/uploads\/2017\/02\/Politik-in-140-Zeichen-Twitter-ist-Trumpf_Organisator.jpg","keywords":["Kommunikation","Management","Marketing","Vermischtes"],"articleSection":["MARKETING"],"inLanguage":"de"},{"@type":"WebPage","@id":"https:\/\/www.organisator.ch\/marketing\/2017-02-16\/politik-in-140-zeichen-twitter-ist-trumpf\/","url":"https:\/\/www.organisator.ch\/marketing\/2017-02-16\/politik-in-140-zeichen-twitter-ist-trumpf\/","name":"Politik in 140 Zeichen? Twitter ist \"Trump(f)\" - Organisator","isPartOf":{"@id":"https:\/\/www.organisator.ch\/#website"},"primaryImageOfPage":{"@id":"https:\/\/www.organisator.ch\/marketing\/2017-02-16\/politik-in-140-zeichen-twitter-ist-trumpf\/#primaryimage"},"image":{"@id":"https:\/\/www.organisator.ch\/marketing\/2017-02-16\/politik-in-140-zeichen-twitter-ist-trumpf\/#primaryimage"},"thumbnailUrl":"https:\/\/www.organisator.ch\/wp-content\/uploads\/2017\/02\/Politik-in-140-Zeichen-Twitter-ist-Trumpf_Organisator.jpg","datePublished":"2017-02-16T07:24:51+00:00","description":"Der neue US-Pr\u00e4sident Donald Trump f\u00fcllt \u00fcber Twitter die Zeitungsspalten. Trotz aller Vorbehalte kann man in einem Punkt durchaus von ihm lernen.","breadcrumb":{"@id":"https:\/\/www.organisator.ch\/marketing\/2017-02-16\/politik-in-140-zeichen-twitter-ist-trumpf\/#breadcrumb"},"inLanguage":"de","potentialAction":[{"@type":"ReadAction","target":["https:\/\/www.organisator.ch\/marketing\/2017-02-16\/politik-in-140-zeichen-twitter-ist-trumpf\/"]}]},{"@type":"ImageObject","inLanguage":"de","@id":"https:\/\/www.organisator.ch\/marketing\/2017-02-16\/politik-in-140-zeichen-twitter-ist-trumpf\/#primaryimage","url":"https:\/\/www.organisator.ch\/wp-content\/uploads\/2017\/02\/Politik-in-140-Zeichen-Twitter-ist-Trumpf_Organisator.jpg","contentUrl":"https:\/\/www.organisator.ch\/wp-content\/uploads\/2017\/02\/Politik-in-140-Zeichen-Twitter-ist-Trumpf_Organisator.jpg","width":640,"height":427,"caption":"Kommunikations-Experte Stefan H\u00e4seli \u00e4ussert zu Twitter als pr\u00e4sidiales F\u00fchrungsinstrument. (Foto: zVg)"},{"@type":"BreadcrumbList","@id":"https:\/\/www.organisator.ch\/marketing\/2017-02-16\/politik-in-140-zeichen-twitter-ist-trumpf\/#breadcrumb","itemListElement":[{"@type":"ListItem","position":1,"name":"Home","item":"https:\/\/www.organisator.ch\/"},{"@type":"ListItem","position":2,"name":"Politik in 140 Zeichen? Twitter ist &#8222;Trump(f)&#8220;"}]},{"@type":"WebSite","@id":"https:\/\/www.organisator.ch\/#website","url":"https:\/\/www.organisator.ch\/","name":"Organisator","description":"Kompetent. Praxisnah. Der ORGANISATOR bereitet in 10 Ausgaben pro Jahr die wesentlichen Themen f\u00fcr F\u00fchrungskr\u00e4fte von KMU auf.","publisher":{"@id":"https:\/\/www.organisator.ch\/#organization"},"potentialAction":[{"@type":"SearchAction","target":{"@type":"EntryPoint","urlTemplate":"https:\/\/www.organisator.ch\/?s={search_term_string}"},"query-input":{"@type":"PropertyValueSpecification","valueRequired":true,"valueName":"search_term_string"}}],"inLanguage":"de"},{"@type":"Organization","@id":"https:\/\/www.organisator.ch\/#organization","name":"Organisator","url":"https:\/\/www.organisator.ch\/","logo":{"@type":"ImageObject","inLanguage":"de","@id":"https:\/\/www.organisator.ch\/#\/schema\/logo\/image\/","url":"https:\/\/www.organisator.ch\/wp-content\/uploads\/2022\/01\/Logo_Organisator_Website.png","contentUrl":"https:\/\/www.organisator.ch\/wp-content\/uploads\/2022\/01\/Logo_Organisator_Website.png","width":800,"height":77,"caption":"Organisator"},"image":{"@id":"https:\/\/www.organisator.ch\/#\/schema\/logo\/image\/"},"sameAs":["https:\/\/www.facebook.com\/OrganisatorFachmagazin","https:\/\/www.linkedin.com\/showcase\/organisator-das-magazin-fr-kmu","https:\/\/www.xing.com\/news\/pages\/organisator-ch-695","https:\/\/www.youtube.com\/channel\/UCGP2Sq0iWaZwT3BdIAQFYpw"]},{"@type":"Person","@id":"https:\/\/www.organisator.ch\/#\/schema\/person\/6f650f90b2842cd4c0cc334b4e36f67e","name":"thomas.berner","image":{"@type":"ImageObject","inLanguage":"de","@id":"https:\/\/secure.gravatar.com\/avatar\/ac5001d2a36cb6c6cd3e50789007ffca834b477b74a2144564522e944eabff61?s=96&d=mm&r=g","url":"https:\/\/secure.gravatar.com\/avatar\/ac5001d2a36cb6c6cd3e50789007ffca834b477b74a2144564522e944eabff61?s=96&d=mm&r=g","contentUrl":"https:\/\/secure.gravatar.com\/avatar\/ac5001d2a36cb6c6cd3e50789007ffca834b477b74a2144564522e944eabff61?s=96&d=mm&r=g","caption":"thomas.berner"},"url":"https:\/\/www.organisator.ch\/de\/author\/thomas-berner\/"}]}},"_links":{"self":[{"href":"https:\/\/www.organisator.ch\/de\/wp-json\/wp\/v2\/posts\/1527","targetHints":{"allow":["GET"]}}],"collection":[{"href":"https:\/\/www.organisator.ch\/de\/wp-json\/wp\/v2\/posts"}],"about":[{"href":"https:\/\/www.organisator.ch\/de\/wp-json\/wp\/v2\/types\/post"}],"author":[{"embeddable":true,"href":"https:\/\/www.organisator.ch\/de\/wp-json\/wp\/v2\/users\/4"}],"replies":[{"embeddable":true,"href":"https:\/\/www.organisator.ch\/de\/wp-json\/wp\/v2\/comments?post=1527"}],"version-history":[{"count":0,"href":"https:\/\/www.organisator.ch\/de\/wp-json\/wp\/v2\/posts\/1527\/revisions"}],"wp:featuredmedia":[{"embeddable":true,"href":"https:\/\/www.organisator.ch\/de\/wp-json\/wp\/v2\/media\/1529"}],"wp:attachment":[{"href":"https:\/\/www.organisator.ch\/de\/wp-json\/wp\/v2\/media?parent=1527"}],"wp:term":[{"taxonomy":"category","embeddable":true,"href":"https:\/\/www.organisator.ch\/de\/wp-json\/wp\/v2\/categories?post=1527"},{"taxonomy":"post_tag","embeddable":true,"href":"https:\/\/www.organisator.ch\/de\/wp-json\/wp\/v2\/tags?post=1527"}],"curies":[{"name":"wp","href":"https:\/\/api.w.org\/{rel}","templated":true}]}}