{"id":15295,"date":"2022-06-17T10:42:32","date_gmt":"2022-06-17T08:42:32","guid":{"rendered":"https:\/\/www.werbewoche.ch\/?p=178241"},"modified":"2022-07-25T12:37:09","modified_gmt":"2022-07-25T10:37:09","slug":"schoene-boeden-marke-haro-geschaerft-zusammen-mit-process","status":"publish","type":"post","link":"https:\/\/www.organisator.ch\/de\/marketing\/2022-06-17\/schoene-boeden-marke-haro-geschaerft-zusammen-mit-process\/","title":{"rendered":"Sch\u00f6ne B\u00f6den: Marke Haro gesch\u00e4rft \u2013\u00a0zusammen mit Process"},"content":{"rendered":"<img class=\"alignnone wp-image-178242 size-full\" src=\"https:\/\/www.werbewoche.ch\/wp-content\/uploads\/2022\/06\/PR_MM_HARO_1_Key.jpg\" alt=\"Haro\" width=\"1920\" height=\"1080\" \/>\r\n\r\nDer Kauf eines neuen Bodens ist f\u00fcr viele Menschen eine einmalige Sache. Im richtigen Moment gilt es die Kundinnen und Kunden zu \u00fcberzeugen \u2013 nicht nur mit dem Preis. \u00abViele Anbieter haben qualitativ hochwertige Produkte im Sortiment. F\u00fcr die Kunden ist es daher schwierig Unterschiede zu erkennen. Wir haben uns entschieden in unsere Marke zu investieren. Wir wollen sie profilieren und allen, die ihr Zuhause versch\u00f6nern m\u00f6chten, vermitteln, wie Haro B\u00f6den ihr Leben bereichern\u00bb, berichtet Andreas Merz, Leiter Marketing und verantwortlich f\u00fcr die Marke Haro.\r\n<h3><strong>Konsequenz in der Markenf\u00fchrung<\/strong><\/h3>\r\nDie Zusammenarbeit mit Process begann 2020 \u2013 in einer Zeit, in der sich viele Menschen intensiver mit ihrem Wohnraum besch\u00e4ftigen. Gemeinsam wird die Marke Haro gesch\u00e4rft und mit Emotionen aufgeladen. Der neue Claim \u00abNat\u00fcrlich sch\u00f6ne B\u00f6den\u00bb vermittelt einerseits die Kernkompetenz Haros und dr\u00fcckt andererseits das nat\u00fcrliche Lebensgef\u00fchl und die Sch\u00f6nheit hochwertiger Produkte aus, mit denen sich die Kundinnen und Kunden umgeben m\u00f6chten.\r\n\r\nDenn, die Identifikation mit dem zentralen Markenthema ist wichtig. Nicht nur f\u00fcr die K\u00e4ufer, sondern auch f\u00fcr die H\u00e4ndlerinnen und H\u00e4ndler weltweit, die Haro exklusiv vertreiben und entscheidend zum Erfolg des Unternehmens beitragen. \u00abEine starke Marke bringt auch diejenigen nach vorn, die Haro-Produkte verkaufen. Sie gibt ihnen eine gut erz\u00e4hlte Geschichte an die Hand, die vom Wettbewerb differenziert und Kunden \u00fcberzeugt \u2013 und letztlich den Umsatz erh\u00f6ht\u00bb, sagt Michel Gabriel, Consulting Director bei Process und verantwortlich f\u00fcr das Mandat.\r\n\r\n<a href=\"https:\/\/www.werbewoche.ch\/de\/marketing\/marken\/2022-06-17\/schoene-boeden-marke-haro-geschaerft-zusammen-mit-process\/attachment\/pr_mm_haro_2\/\"><img class=\"attachment-large alignnone\" src=\"https:\/\/www.werbewoche.ch\/wp-content\/uploads\/2022\/06\/PR_MM_HARO_2-1024x576.jpg\" alt=\"Haro\" width=\"768\" height=\"432\" \/><\/a>\r\n<a href=\"https:\/\/www.werbewoche.ch\/de\/marketing\/marken\/2022-06-17\/schoene-boeden-marke-haro-geschaerft-zusammen-mit-process\/attachment\/pr_mm_haro_7\/\"><img class=\"attachment-large alignnone\" src=\"https:\/\/www.werbewoche.ch\/wp-content\/uploads\/2022\/06\/PR_MM_HARO_7-1024x576.jpg\" alt=\"Haro\" width=\"768\" height=\"432\" \/><\/a>\r\n<a href=\"https:\/\/www.werbewoche.ch\/de\/marketing\/marken\/2022-06-17\/schoene-boeden-marke-haro-geschaerft-zusammen-mit-process\/attachment\/pr_mm_haro_6\/\"><img class=\"attachment-large alignnone\" src=\"https:\/\/www.werbewoche.ch\/wp-content\/uploads\/2022\/06\/PR_MM_HARO_6-1024x576.jpg\" alt=\"Haro\" width=\"768\" height=\"432\" \/><\/a>\r\n<a href=\"https:\/\/www.werbewoche.ch\/de\/marketing\/marken\/2022-06-17\/schoene-boeden-marke-haro-geschaerft-zusammen-mit-process\/attachment\/pr_mm_haro_5\/\"><img class=\"attachment-large alignnone\" src=\"https:\/\/www.werbewoche.ch\/wp-content\/uploads\/2022\/06\/PR_MM_HARO_5-1024x576.jpg\" alt=\"Haro\" width=\"768\" height=\"432\" \/><\/a>\r\n<a href=\"https:\/\/www.werbewoche.ch\/de\/marketing\/marken\/2022-06-17\/schoene-boeden-marke-haro-geschaerft-zusammen-mit-process\/attachment\/pr_mm_haro_4\/\"><img class=\"attachment-large alignnone\" src=\"https:\/\/www.werbewoche.ch\/wp-content\/uploads\/2022\/06\/PR_MM_HARO_4-1024x576.jpg\" alt=\"Haro\" width=\"768\" height=\"432\" \/><\/a>\r\n<a href=\"https:\/\/www.werbewoche.ch\/de\/marketing\/marken\/2022-06-17\/schoene-boeden-marke-haro-geschaerft-zusammen-mit-process\/attachment\/pr_mm_haro_3\/\"><img class=\"attachment-large alignnone\" src=\"https:\/\/www.werbewoche.ch\/wp-content\/uploads\/2022\/06\/PR_MM_HARO_3-1024x576.jpg\" alt=\"Haro\" width=\"768\" height=\"432\" \/><\/a>\r\n\r\n&nbsp;\r\n\r\n<strong>Nat\u00fcrliche Sch\u00f6nheit entlang der Customer Journey<\/strong>\r\n\r\n\u00dcber einen Zeitraum von zwei Jahren werden alle Bausteine, die zu dieser neuen Marken-geschichte geh\u00f6ren, von Process entwickelt und angewendet: Zun\u00e4chst die Marke definiert und positioniert und im neuen, modular konzipierten Brand Design erlebbar gemacht. Eine klare, zuweilen humorvolle Brand Voice gibt der Kommunikation den HARO-typischen \u00abTwist\u00bb. Es folgen Redesigns des Packaging, des Messeauftritts und Shop-Module f\u00fcr Showrooms und POS, der Sortimentskataloge, Sales-Unterlagen, H\u00e4ndler-Mailings, LKW- und Geb\u00e4udebeschriftungen. Dazu kommen auch digitale Anwendungen wie bspw. der Look f\u00fcr die neue HARO Academy, dem Online-Schulungsangebot f\u00fcr H\u00e4ndler, das im eigenen Studio produziert wird.\r\n\r\n&nbsp;\r\n\r\n<strong>Digital und pers\u00f6nlich<\/strong>\r\n\r\nAnfang 2022 ist ein wichtiger Meilenstein geschafft: der Relaunch von <a href=\"https:\/\/www.haro.com\/\">Haro.com<\/a> in sechs Sprachen. Process entwickelte hierf\u00fcr die komplette User Experience, welche auf die Bed\u00fcrfnisse der Kunden eingeht und den Verkauf \u00fcber den lokalen Handel ins Zentrum r\u00fcckt. Der neue Produktfinder erleichtert die Auswahl und die virtuelle Assistentin \u00abFloorentine\u00bb gibt als erste Anlaufstelle Auskunft zu Produkten und Services. \u00abKunden sollen auch online erleben, dass L\u00f6sungen f\u00fcr ihre individuellen Vorlieben und W\u00fcnsche bei HARO gefunden werden. Daher geben wir ihnen wirkungsvolle Tools an die Hand, wie personalisierbare Kataloge zu Produktfavoriten\u00bb, f\u00fchrt Bruno Manser, Creative Director Digital bei Process, aus.\r\n\r\n&nbsp;\r\n\r\n<img class=\"alignnone wp-image-178252 size-full\" src=\"https:\/\/www.werbewoche.ch\/wp-content\/uploads\/2022\/06\/PR_MM_HARO_9-1.jpg\" alt=\"Haro\" width=\"1300\" height=\"731\" \/> <img class=\"alignnone wp-image-178253 size-full\" src=\"https:\/\/www.werbewoche.ch\/wp-content\/uploads\/2022\/06\/PR_MM_HARO_8-1.jpg\" alt=\"Haro\" width=\"1920\" height=\"1080\" \/>((PR_MM_HARO_8.png))\r\n\r\n((PR_MM_HARO_9.png))\r\n\r\n&nbsp;\r\n\r\n&nbsp;\r\n\r\n\u00abWir sind sehr gl\u00fccklich mit den Ergebnissen. Wir haben nun wichtige Voraussetzungen geschaffen, um HARO in die Zukunft zu f\u00fchren und weitere Anwendungen f\u00fcr eine auf nat\u00fcrliche Sch\u00f6nheit ausgerichtete Kunden-Experience zu schaffen.\u00bb\r\n\r\n<hr \/>\r\n\r\nVerantwortlich bei Haro: Andreas Merz, Leiter Marketing. Verantwortliche Agentur: Process Z\u00fcrich","protected":false},"excerpt":{"rendered":"<p>Der Kauf eines neuen Bodens ist f\u00fcr viele Menschen eine einmalige Sache. Im richtigen Moment gilt es die Kundinnen und Kunden zu \u00fcberzeugen \u2013 nicht nur mit dem Preis. \u00abViele Anbieter haben qualitativ hochwertige Produkte im Sortiment. F\u00fcr die Kunden ist es daher schwierig Unterschiede zu erkennen. Wir haben uns entschieden in unsere Marke zu [\u2026]<\/p>\n","protected":false},"author":8,"featured_media":0,"comment_status":"closed","ping_status":"closed","sticky":false,"template":"","format":"standard","meta":{"_acf_changed":false,"_yoast_wpseo_focuskw":"Haro","_yoast_wpseo_metadesc":"Hamberger Flooring, europaweit t\u00e4tiger Bodenbelagshersteller, legt mit dem Fokus auf nat\u00fcrlich sch\u00f6ne B\u00f6den den Grundstein f\u00fcr eine umfassende Erneuerung der Marke Haro.","articlekey":"","footnotes":""},"categories":[29],"tags":[2974,2975],"class_list":["post-15295","post","type-post","status-publish","format-standard","hentry","category-marketing","tag-haro","tag-process"],"acf":[],"yoast_head":"<!-- This site is optimized with the Yoast SEO plugin v27.5 - https:\/\/yoast.com\/product\/yoast-seo-wordpress\/ -->\n<title>Sch\u00f6ne B\u00f6den: Marke Haro gesch\u00e4rft \u2013\u00a0zusammen mit Process - Organisator<\/title>\n<meta name=\"description\" content=\"Hamberger Flooring, europaweit t\u00e4tiger Bodenbelagshersteller, legt mit dem Fokus auf nat\u00fcrlich sch\u00f6ne B\u00f6den den Grundstein f\u00fcr eine umfassende Erneuerung der Marke Haro.\" \/>\n<meta name=\"robots\" content=\"index, follow, max-snippet:-1, max-image-preview:large, max-video-preview:-1\" \/>\n<link rel=\"canonical\" href=\"https:\/\/www.werbewoche.ch\/de\/marketing\/marken\/2022-06-17\/schoene-boeden-marke-haro-geschaerft-zusammen-mit-process\/\" \/>\n<meta property=\"og:locale\" content=\"de_DE\" \/>\n<meta property=\"og:type\" content=\"article\" \/>\n<meta property=\"og:title\" content=\"Sch\u00f6ne B\u00f6den: Marke Haro gesch\u00e4rft \u2013\u00a0zusammen mit Process - Organisator\" \/>\n<meta property=\"og:description\" content=\"Hamberger Flooring, europaweit t\u00e4tiger Bodenbelagshersteller, legt mit dem Fokus auf nat\u00fcrlich sch\u00f6ne B\u00f6den den Grundstein f\u00fcr eine umfassende Erneuerung der Marke Haro.\" \/>\n<meta property=\"og:url\" content=\"https:\/\/www.werbewoche.ch\/de\/marketing\/marken\/2022-06-17\/schoene-boeden-marke-haro-geschaerft-zusammen-mit-process\/\" \/>\n<meta property=\"og:site_name\" content=\"Organisator\" \/>\n<meta property=\"article:publisher\" content=\"https:\/\/www.facebook.com\/OrganisatorFachmagazin\" \/>\n<meta property=\"article:published_time\" content=\"2022-06-17T08:42:32+00:00\" \/>\n<meta property=\"article:modified_time\" content=\"2022-07-25T10:37:09+00:00\" \/>\n<meta property=\"og:image\" content=\"https:\/\/www.werbewoche.ch\/wp-content\/uploads\/2022\/06\/PR_MM_HARO_1_Key.jpg\" \/>\n<meta name=\"author\" content=\"galledia\" \/>\n<meta name=\"twitter:card\" content=\"summary_large_image\" \/>\n<meta name=\"twitter:creator\" content=\"@admin\" \/>\n<script type=\"application\/ld+json\" class=\"yoast-schema-graph\">{\"@context\":\"https:\\\/\\\/schema.org\",\"@graph\":[{\"@type\":\"Article\",\"@id\":\"https:\\\/\\\/www.werbewoche.ch\\\/de\\\/marketing\\\/marken\\\/2022-06-17\\\/schoene-boeden-marke-haro-geschaerft-zusammen-mit-process\\\/#article\",\"isPartOf\":{\"@id\":\"https:\\\/\\\/www.organisator.ch\\\/marketing\\\/2022-06-17\\\/schoene-boeden-marke-haro-geschaerft-zusammen-mit-process\\\/\"},\"author\":{\"name\":\"galledia\",\"@id\":\"https:\\\/\\\/www.organisator.ch\\\/#\\\/schema\\\/person\\\/4e51799071cd2dd1232ac003643ef5f0\"},\"headline\":\"Sch\u00f6ne B\u00f6den: Marke Haro gesch\u00e4rft \u2013\u00a0zusammen mit Process\",\"datePublished\":\"2022-06-17T08:42:32+00:00\",\"dateModified\":\"2022-07-25T10:37:09+00:00\",\"mainEntityOfPage\":{\"@id\":\"https:\\\/\\\/www.organisator.ch\\\/marketing\\\/2022-06-17\\\/schoene-boeden-marke-haro-geschaerft-zusammen-mit-process\\\/\"},\"wordCount\":540,\"publisher\":{\"@id\":\"https:\\\/\\\/www.organisator.ch\\\/#organization\"},\"image\":{\"@id\":\"https:\\\/\\\/www.werbewoche.ch\\\/de\\\/marketing\\\/marken\\\/2022-06-17\\\/schoene-boeden-marke-haro-geschaerft-zusammen-mit-process\\\/#primaryimage\"},\"thumbnailUrl\":\"https:\\\/\\\/www.werbewoche.ch\\\/wp-content\\\/uploads\\\/2022\\\/06\\\/PR_MM_HARO_1_Key.jpg\",\"keywords\":[\"Haro\",\"Process\"],\"articleSection\":[\"MARKETING\"],\"inLanguage\":\"de\"},{\"@type\":\"WebPage\",\"@id\":\"https:\\\/\\\/www.organisator.ch\\\/marketing\\\/2022-06-17\\\/schoene-boeden-marke-haro-geschaerft-zusammen-mit-process\\\/\",\"url\":\"https:\\\/\\\/www.werbewoche.ch\\\/de\\\/marketing\\\/marken\\\/2022-06-17\\\/schoene-boeden-marke-haro-geschaerft-zusammen-mit-process\\\/\",\"name\":\"Sch\u00f6ne B\u00f6den: Marke Haro gesch\u00e4rft \u2013\u00a0zusammen mit Process - Organisator\",\"isPartOf\":{\"@id\":\"https:\\\/\\\/www.organisator.ch\\\/#website\"},\"primaryImageOfPage\":{\"@id\":\"https:\\\/\\\/www.werbewoche.ch\\\/de\\\/marketing\\\/marken\\\/2022-06-17\\\/schoene-boeden-marke-haro-geschaerft-zusammen-mit-process\\\/#primaryimage\"},\"image\":{\"@id\":\"https:\\\/\\\/www.werbewoche.ch\\\/de\\\/marketing\\\/marken\\\/2022-06-17\\\/schoene-boeden-marke-haro-geschaerft-zusammen-mit-process\\\/#primaryimage\"},\"thumbnailUrl\":\"https:\\\/\\\/www.werbewoche.ch\\\/wp-content\\\/uploads\\\/2022\\\/06\\\/PR_MM_HARO_1_Key.jpg\",\"datePublished\":\"2022-06-17T08:42:32+00:00\",\"dateModified\":\"2022-07-25T10:37:09+00:00\",\"description\":\"Hamberger Flooring, europaweit t\u00e4tiger Bodenbelagshersteller, legt mit dem Fokus auf nat\u00fcrlich sch\u00f6ne B\u00f6den den Grundstein f\u00fcr eine umfassende Erneuerung der Marke Haro.\",\"breadcrumb\":{\"@id\":\"https:\\\/\\\/www.werbewoche.ch\\\/de\\\/marketing\\\/marken\\\/2022-06-17\\\/schoene-boeden-marke-haro-geschaerft-zusammen-mit-process\\\/#breadcrumb\"},\"inLanguage\":\"de\",\"potentialAction\":[{\"@type\":\"ReadAction\",\"target\":[\"https:\\\/\\\/www.werbewoche.ch\\\/de\\\/marketing\\\/marken\\\/2022-06-17\\\/schoene-boeden-marke-haro-geschaerft-zusammen-mit-process\\\/\"]}]},{\"@type\":\"ImageObject\",\"inLanguage\":\"de\",\"@id\":\"https:\\\/\\\/www.werbewoche.ch\\\/de\\\/marketing\\\/marken\\\/2022-06-17\\\/schoene-boeden-marke-haro-geschaerft-zusammen-mit-process\\\/#primaryimage\",\"url\":\"https:\\\/\\\/www.werbewoche.ch\\\/wp-content\\\/uploads\\\/2022\\\/06\\\/PR_MM_HARO_1_Key.jpg\",\"contentUrl\":\"https:\\\/\\\/www.werbewoche.ch\\\/wp-content\\\/uploads\\\/2022\\\/06\\\/PR_MM_HARO_1_Key.jpg\"},{\"@type\":\"BreadcrumbList\",\"@id\":\"https:\\\/\\\/www.werbewoche.ch\\\/de\\\/marketing\\\/marken\\\/2022-06-17\\\/schoene-boeden-marke-haro-geschaerft-zusammen-mit-process\\\/#breadcrumb\",\"itemListElement\":[{\"@type\":\"ListItem\",\"position\":1,\"name\":\"Home\",\"item\":\"https:\\\/\\\/www.organisator.ch\\\/\"},{\"@type\":\"ListItem\",\"position\":2,\"name\":\"Sch\u00f6ne B\u00f6den: Marke Haro gesch\u00e4rft \u2013\u00a0zusammen mit Process\"}]},{\"@type\":\"WebSite\",\"@id\":\"https:\\\/\\\/www.organisator.ch\\\/#website\",\"url\":\"https:\\\/\\\/www.organisator.ch\\\/\",\"name\":\"Organisator\",\"description\":\"Kompetent. Praxisnah. Der ORGANISATOR bereitet in 10 Ausgaben pro Jahr die wesentlichen Themen f\u00fcr F\u00fchrungskr\u00e4fte von KMU auf.\",\"publisher\":{\"@id\":\"https:\\\/\\\/www.organisator.ch\\\/#organization\"},\"potentialAction\":[{\"@type\":\"SearchAction\",\"target\":{\"@type\":\"EntryPoint\",\"urlTemplate\":\"https:\\\/\\\/www.organisator.ch\\\/?s={search_term_string}\"},\"query-input\":{\"@type\":\"PropertyValueSpecification\",\"valueRequired\":true,\"valueName\":\"search_term_string\"}}],\"inLanguage\":\"de\"},{\"@type\":\"Organization\",\"@id\":\"https:\\\/\\\/www.organisator.ch\\\/#organization\",\"name\":\"Organisator\",\"url\":\"https:\\\/\\\/www.organisator.ch\\\/\",\"logo\":{\"@type\":\"ImageObject\",\"inLanguage\":\"de\",\"@id\":\"https:\\\/\\\/www.organisator.ch\\\/#\\\/schema\\\/logo\\\/image\\\/\",\"url\":\"https:\\\/\\\/www.organisator.ch\\\/wp-content\\\/uploads\\\/2022\\\/01\\\/Logo_Organisator_Website.png\",\"contentUrl\":\"https:\\\/\\\/www.organisator.ch\\\/wp-content\\\/uploads\\\/2022\\\/01\\\/Logo_Organisator_Website.png\",\"width\":800,\"height\":77,\"caption\":\"Organisator\"},\"image\":{\"@id\":\"https:\\\/\\\/www.organisator.ch\\\/#\\\/schema\\\/logo\\\/image\\\/\"},\"sameAs\":[\"https:\\\/\\\/www.facebook.com\\\/OrganisatorFachmagazin\",\"https:\\\/\\\/www.linkedin.com\\\/showcase\\\/organisator-das-magazin-fr-kmu\",\"https:\\\/\\\/www.xing.com\\\/news\\\/pages\\\/organisator-ch-695\",\"https:\\\/\\\/www.youtube.com\\\/channel\\\/UCGP2Sq0iWaZwT3BdIAQFYpw\"]},{\"@type\":\"Person\",\"@id\":\"https:\\\/\\\/www.organisator.ch\\\/#\\\/schema\\\/person\\\/4e51799071cd2dd1232ac003643ef5f0\",\"name\":\"galledia\",\"image\":{\"@type\":\"ImageObject\",\"inLanguage\":\"de\",\"@id\":\"https:\\\/\\\/secure.gravatar.com\\\/avatar\\\/78a7f90c01fc2bfc875782a0d4922b37cde2cf184ce347b91316d23cd7f69a36?s=96&d=mm&r=g\",\"url\":\"https:\\\/\\\/secure.gravatar.com\\\/avatar\\\/78a7f90c01fc2bfc875782a0d4922b37cde2cf184ce347b91316d23cd7f69a36?s=96&d=mm&r=g\",\"contentUrl\":\"https:\\\/\\\/secure.gravatar.com\\\/avatar\\\/78a7f90c01fc2bfc875782a0d4922b37cde2cf184ce347b91316d23cd7f69a36?s=96&d=mm&r=g\",\"caption\":\"galledia\"},\"sameAs\":[\"https:\\\/\\\/x.com\\\/admin\"],\"url\":\"https:\\\/\\\/www.organisator.ch\\\/de\\\/author\\\/galledia\\\/\"}]}<\/script>\n<!-- \/ Yoast SEO plugin. -->","yoast_head_json":{"title":"Sch\u00f6ne B\u00f6den: Marke Haro gesch\u00e4rft \u2013\u00a0zusammen mit Process - Organisator","description":"Hamberger Flooring, europaweit t\u00e4tiger Bodenbelagshersteller, legt mit dem Fokus auf nat\u00fcrlich sch\u00f6ne B\u00f6den den Grundstein f\u00fcr eine umfassende Erneuerung der Marke Haro.","robots":{"index":"index","follow":"follow","max-snippet":"max-snippet:-1","max-image-preview":"max-image-preview:large","max-video-preview":"max-video-preview:-1"},"canonical":"https:\/\/www.werbewoche.ch\/de\/marketing\/marken\/2022-06-17\/schoene-boeden-marke-haro-geschaerft-zusammen-mit-process\/","og_locale":"de_DE","og_type":"article","og_title":"Sch\u00f6ne B\u00f6den: Marke Haro gesch\u00e4rft \u2013\u00a0zusammen mit Process - Organisator","og_description":"Hamberger Flooring, europaweit t\u00e4tiger Bodenbelagshersteller, legt mit dem Fokus auf nat\u00fcrlich sch\u00f6ne B\u00f6den den Grundstein f\u00fcr eine umfassende Erneuerung der Marke Haro.","og_url":"https:\/\/www.werbewoche.ch\/de\/marketing\/marken\/2022-06-17\/schoene-boeden-marke-haro-geschaerft-zusammen-mit-process\/","og_site_name":"Organisator","article_publisher":"https:\/\/www.facebook.com\/OrganisatorFachmagazin","article_published_time":"2022-06-17T08:42:32+00:00","article_modified_time":"2022-07-25T10:37:09+00:00","og_image":[{"url":"https:\/\/www.werbewoche.ch\/wp-content\/uploads\/2022\/06\/PR_MM_HARO_1_Key.jpg","type":"","width":"","height":""}],"author":"galledia","twitter_card":"summary_large_image","twitter_creator":"@admin","schema":{"@context":"https:\/\/schema.org","@graph":[{"@type":"Article","@id":"https:\/\/www.werbewoche.ch\/de\/marketing\/marken\/2022-06-17\/schoene-boeden-marke-haro-geschaerft-zusammen-mit-process\/#article","isPartOf":{"@id":"https:\/\/www.organisator.ch\/marketing\/2022-06-17\/schoene-boeden-marke-haro-geschaerft-zusammen-mit-process\/"},"author":{"name":"galledia","@id":"https:\/\/www.organisator.ch\/#\/schema\/person\/4e51799071cd2dd1232ac003643ef5f0"},"headline":"Sch\u00f6ne B\u00f6den: Marke Haro gesch\u00e4rft \u2013\u00a0zusammen mit Process","datePublished":"2022-06-17T08:42:32+00:00","dateModified":"2022-07-25T10:37:09+00:00","mainEntityOfPage":{"@id":"https:\/\/www.organisator.ch\/marketing\/2022-06-17\/schoene-boeden-marke-haro-geschaerft-zusammen-mit-process\/"},"wordCount":540,"publisher":{"@id":"https:\/\/www.organisator.ch\/#organization"},"image":{"@id":"https:\/\/www.werbewoche.ch\/de\/marketing\/marken\/2022-06-17\/schoene-boeden-marke-haro-geschaerft-zusammen-mit-process\/#primaryimage"},"thumbnailUrl":"https:\/\/www.werbewoche.ch\/wp-content\/uploads\/2022\/06\/PR_MM_HARO_1_Key.jpg","keywords":["Haro","Process"],"articleSection":["MARKETING"],"inLanguage":"de"},{"@type":"WebPage","@id":"https:\/\/www.organisator.ch\/marketing\/2022-06-17\/schoene-boeden-marke-haro-geschaerft-zusammen-mit-process\/","url":"https:\/\/www.werbewoche.ch\/de\/marketing\/marken\/2022-06-17\/schoene-boeden-marke-haro-geschaerft-zusammen-mit-process\/","name":"Sch\u00f6ne B\u00f6den: Marke Haro gesch\u00e4rft \u2013\u00a0zusammen mit Process - Organisator","isPartOf":{"@id":"https:\/\/www.organisator.ch\/#website"},"primaryImageOfPage":{"@id":"https:\/\/www.werbewoche.ch\/de\/marketing\/marken\/2022-06-17\/schoene-boeden-marke-haro-geschaerft-zusammen-mit-process\/#primaryimage"},"image":{"@id":"https:\/\/www.werbewoche.ch\/de\/marketing\/marken\/2022-06-17\/schoene-boeden-marke-haro-geschaerft-zusammen-mit-process\/#primaryimage"},"thumbnailUrl":"https:\/\/www.werbewoche.ch\/wp-content\/uploads\/2022\/06\/PR_MM_HARO_1_Key.jpg","datePublished":"2022-06-17T08:42:32+00:00","dateModified":"2022-07-25T10:37:09+00:00","description":"Hamberger Flooring, europaweit t\u00e4tiger Bodenbelagshersteller, legt mit dem Fokus auf nat\u00fcrlich sch\u00f6ne B\u00f6den den Grundstein f\u00fcr eine umfassende Erneuerung der Marke Haro.","breadcrumb":{"@id":"https:\/\/www.werbewoche.ch\/de\/marketing\/marken\/2022-06-17\/schoene-boeden-marke-haro-geschaerft-zusammen-mit-process\/#breadcrumb"},"inLanguage":"de","potentialAction":[{"@type":"ReadAction","target":["https:\/\/www.werbewoche.ch\/de\/marketing\/marken\/2022-06-17\/schoene-boeden-marke-haro-geschaerft-zusammen-mit-process\/"]}]},{"@type":"ImageObject","inLanguage":"de","@id":"https:\/\/www.werbewoche.ch\/de\/marketing\/marken\/2022-06-17\/schoene-boeden-marke-haro-geschaerft-zusammen-mit-process\/#primaryimage","url":"https:\/\/www.werbewoche.ch\/wp-content\/uploads\/2022\/06\/PR_MM_HARO_1_Key.jpg","contentUrl":"https:\/\/www.werbewoche.ch\/wp-content\/uploads\/2022\/06\/PR_MM_HARO_1_Key.jpg"},{"@type":"BreadcrumbList","@id":"https:\/\/www.werbewoche.ch\/de\/marketing\/marken\/2022-06-17\/schoene-boeden-marke-haro-geschaerft-zusammen-mit-process\/#breadcrumb","itemListElement":[{"@type":"ListItem","position":1,"name":"Home","item":"https:\/\/www.organisator.ch\/"},{"@type":"ListItem","position":2,"name":"Sch\u00f6ne B\u00f6den: Marke Haro gesch\u00e4rft \u2013\u00a0zusammen mit Process"}]},{"@type":"WebSite","@id":"https:\/\/www.organisator.ch\/#website","url":"https:\/\/www.organisator.ch\/","name":"Organisator","description":"Kompetent. Praxisnah. Der ORGANISATOR bereitet in 10 Ausgaben pro Jahr die wesentlichen Themen f\u00fcr F\u00fchrungskr\u00e4fte von KMU auf.","publisher":{"@id":"https:\/\/www.organisator.ch\/#organization"},"potentialAction":[{"@type":"SearchAction","target":{"@type":"EntryPoint","urlTemplate":"https:\/\/www.organisator.ch\/?s={search_term_string}"},"query-input":{"@type":"PropertyValueSpecification","valueRequired":true,"valueName":"search_term_string"}}],"inLanguage":"de"},{"@type":"Organization","@id":"https:\/\/www.organisator.ch\/#organization","name":"Organisator","url":"https:\/\/www.organisator.ch\/","logo":{"@type":"ImageObject","inLanguage":"de","@id":"https:\/\/www.organisator.ch\/#\/schema\/logo\/image\/","url":"https:\/\/www.organisator.ch\/wp-content\/uploads\/2022\/01\/Logo_Organisator_Website.png","contentUrl":"https:\/\/www.organisator.ch\/wp-content\/uploads\/2022\/01\/Logo_Organisator_Website.png","width":800,"height":77,"caption":"Organisator"},"image":{"@id":"https:\/\/www.organisator.ch\/#\/schema\/logo\/image\/"},"sameAs":["https:\/\/www.facebook.com\/OrganisatorFachmagazin","https:\/\/www.linkedin.com\/showcase\/organisator-das-magazin-fr-kmu","https:\/\/www.xing.com\/news\/pages\/organisator-ch-695","https:\/\/www.youtube.com\/channel\/UCGP2Sq0iWaZwT3BdIAQFYpw"]},{"@type":"Person","@id":"https:\/\/www.organisator.ch\/#\/schema\/person\/4e51799071cd2dd1232ac003643ef5f0","name":"galledia","image":{"@type":"ImageObject","inLanguage":"de","@id":"https:\/\/secure.gravatar.com\/avatar\/78a7f90c01fc2bfc875782a0d4922b37cde2cf184ce347b91316d23cd7f69a36?s=96&d=mm&r=g","url":"https:\/\/secure.gravatar.com\/avatar\/78a7f90c01fc2bfc875782a0d4922b37cde2cf184ce347b91316d23cd7f69a36?s=96&d=mm&r=g","contentUrl":"https:\/\/secure.gravatar.com\/avatar\/78a7f90c01fc2bfc875782a0d4922b37cde2cf184ce347b91316d23cd7f69a36?s=96&d=mm&r=g","caption":"galledia"},"sameAs":["https:\/\/x.com\/admin"],"url":"https:\/\/www.organisator.ch\/de\/author\/galledia\/"}]}},"_links":{"self":[{"href":"https:\/\/www.organisator.ch\/de\/wp-json\/wp\/v2\/posts\/15295","targetHints":{"allow":["GET"]}}],"collection":[{"href":"https:\/\/www.organisator.ch\/de\/wp-json\/wp\/v2\/posts"}],"about":[{"href":"https:\/\/www.organisator.ch\/de\/wp-json\/wp\/v2\/types\/post"}],"author":[{"embeddable":true,"href":"https:\/\/www.organisator.ch\/de\/wp-json\/wp\/v2\/users\/8"}],"replies":[{"embeddable":true,"href":"https:\/\/www.organisator.ch\/de\/wp-json\/wp\/v2\/comments?post=15295"}],"version-history":[{"count":2,"href":"https:\/\/www.organisator.ch\/de\/wp-json\/wp\/v2\/posts\/15295\/revisions"}],"predecessor-version":[{"id":15804,"href":"https:\/\/www.organisator.ch\/de\/wp-json\/wp\/v2\/posts\/15295\/revisions\/15804"}],"wp:attachment":[{"href":"https:\/\/www.organisator.ch\/de\/wp-json\/wp\/v2\/media?parent=15295"}],"wp:term":[{"taxonomy":"category","embeddable":true,"href":"https:\/\/www.organisator.ch\/de\/wp-json\/wp\/v2\/categories?post=15295"},{"taxonomy":"post_tag","embeddable":true,"href":"https:\/\/www.organisator.ch\/de\/wp-json\/wp\/v2\/tags?post=15295"}],"curies":[{"name":"wp","href":"https:\/\/api.w.org\/{rel}","templated":true}]}}