{"id":1536,"date":"2018-03-01T11:35:41","date_gmt":"2018-03-01T10:35:41","guid":{"rendered":"https:\/\/www.umweltperspektiven.ch\/?p=1536"},"modified":"2022-02-09T11:06:54","modified_gmt":"2022-02-09T10:06:54","slug":"die-klimapolitik-versagt-beim-flugverkehr","status":"publish","type":"post","link":"https:\/\/www.organisator.ch\/de\/sustainability\/2018-03-01\/die-klimapolitik-versagt-beim-flugverkehr\/","title":{"rendered":"Flugverkehr: Klimapolitik registriert Schwierigkeiten"},"content":{"rendered":"<figure id=\"attachment_1539\" aria-describedby=\"caption-attachment-1539\" style=\"width: 680px\" class=\"wp-caption alignnone\"><img loading=\"lazy\" decoding=\"async\" class=\"size-medium wp-image-1539\" src=\"\/\/www.umweltperspektiven.ch\/wp-content\/uploads\/2018\/03\/Flugverkehr-Klimapolitik-registriert-Schwierigkeiten-mq-management-u-qualitaet.jpg\" alt=\"\" width=\"680\" height=\"453\" \/><figcaption id=\"caption-attachment-1539\" class=\"wp-caption-text\">So majest\u00e4tisch eine Dreamliner-Boing durch die L\u00fcfte schwebt: die Umweltbelastung steigert sich um jedes Passagierticket. (Bild: depositphotos)<\/figcaption><\/figure>\n<p>Herr und Frau Schweizer und der Flugverkehr &#8211; eigentlich eine tolle Scheinehe. Gem\u00e4ss einer repr\u00e4sentativen <a href=\"\/\/www.energiestiftung.ch\/files\/energiestiftung\/publikationen\/pdf\/20171114_Grafiken_SchweizerischeEnergie-Stiftung.pdf\" target=\"_blank\" rel=\"noopener\">Bev\u00f6lkerungsbefragung des Forschungsinstituts gfs-z\u00fcrich (.pdf),<\/a> die im Auftrag der Schweizerischen Energie-Stiftung SES lanciert wurde, sind \u00fcber die H\u00e4lfte der Schweizerinnen und Schweizer in den letzten zwei Jahren einmal oder mehrmals geflogen (56%). Besonders Leute mit hoher Bildung und hohen Einkommen tendieren zum Vielfliegen. 24&#8217;850 Kilometer \u2013 mehr als eine halbe Erdumrundung \u2013 legte die Schweizer Wohnbev\u00f6lkerung 2015 pro Person zur\u00fcck. Mehr als ein Drittel davon, 9000 km, wurden geflogen, fast 90 Prozent davon zu privaten Zwecken, Tendenz zunehmend (<a href=\"\/\/www.bfs.admin.ch\/bfs\/de\/home\/statistiken\/mobilitaet-verkehr\/personenverkehr\/verkehrsverhalten.html\" target=\"_blank\" rel=\"noopener\">Vgl. Mikrozensus Mobilit\u00e4t und Verkehr 2015, BFS<\/a>).<\/p>\n<h2>Wissen ist nicht handlungsanweisend<\/h2>\n<p>Aus der Umfrage von gfs-z\u00fcrich, bei der 1004 zuf\u00e4llig ausgew\u00e4hlte Personen aus der Deutsch- und Westschweiz befragt wurden, geht hervor, dass nur knapp ein Viertel (23%) der Schweizer Bev\u00f6lkerung in den letzten zwei Jahren aus \u00f6kologischen Gr\u00fcnden auf eine Flugreise verzichtet hat. Und das, obwohl eine klare Mehrheit der Aussage zustimmt, dass der Flugverkehr das Klima aufheizt (60%) und die meisten angeben, im Alltag auf klimafreundliches Handeln zu achten (54%). Aus diesen Resultaten wird ersichtlich, dass zwischen Problembewusstsein und Umsetzung eine L\u00fccke besteht. Das Wissen um die Klimasch\u00e4dlichkeit reicht nicht aus, um das individuelle Verhalten zu \u00e4ndern. Nur Wenige steigen der Umwelt zuliebe auf klimafreundlichere Verkehrsmittel um oder steuern ein n\u00e4heres Reiseziel an.<\/p>\n<h2>Mehrfach sch\u00e4dliche Emissionen<\/h2>\n<p>Emissionen im Flugverkehr z\u00e4hlen mehrfach, die Abgase wirken in dieser H\u00f6he n\u00e4mlich viel st\u00e4rker auf das Klima als am Boden. Zudem verursachen Flugzeuge nicht nur CO2, sondern auch andere Treibhausgase wie Stickoxide, Russ und Wasserdampf. Wie viel st\u00e4rker, dar\u00fcber sind sich Flugbranche und Wissenschaft uneinig. Aerosuisse, der Dachverband der Schweizerischen Luft- und Raumfahrt, geht von einem Radiative Forcing Index (RFI) von 1,35 aus. Das Intergovernmental Panel on Climate Change (IPCC) geht von einem h\u00f6heren Faktor aus, wobei die Auswirkungen der Bildung von Zirruswolken (Kondensstreifen) relativ unsicher ist, aber einen grossen Einfluss hat.<\/p>\n<p>Das deutsche Umweltbundesamt ber\u00fccksichtigt diesen Effekt und nimmt einen RFI von 3 bis 5 an. Viele Umweltverb\u00e4nde, aber auch die bekannte \u00abKlimakompensationsorganisation\u00bb myclimate, rechnen mit einem Faktor 2.<\/p>\n<p><strong>Fliegen ist in jedem Fall das klimasch\u00e4dlichste Massen-Verkehrsmittel. Weltweit tr\u00e4gt es rund 5% zur globalen Erw\u00e4rmung bei. In der Schweiz sind es sogar 18%. Im Gegensatz zu anderen Bereichen wie Heizen oder Strassenverkehr, wo der CO2-Ausstoss abnimmt, geht die Kurve beim Fliegen nur in eine Richtung: Hinauf.<\/strong><\/p>\n<p>Das Wachstum \u00fcbersteigt die Effizienzgewinne bei weitem. Obwohl der Verbrauch der Flugzeuge laufend gesenkt werden kann, wird die Klimabilanz der Zivilluftfahrt jedes Jahr schlechter. Ganz einfach, weil immer mehr Flugzeuge unterwegs sind.<\/p>\n<h2>Befreit von Steuern und Abgaben<\/h2>\n<p>Das m\u00fcsste die Politik auf den Plan rufen, k\u00f6nnte man meinen. In Wirklichkeit ist das Gegenteil der Fall: Die Flugbranche wird verschont und gef\u00f6rdert, wo es nur geht. F\u00fcr ein Zugbillet ist die Mehrwertsteuer f\u00e4llig \u2013 auf Flugtickets wird diese nicht erhoben. Auch von der CO2-Abgabe und der Mineral\u00f6lsteuer, die auf Heiz\u00f6l und Treibstoffen erhoben wird, ist Flugkerosin befreit. Und beim Klimagipfel in Bonn, der letzte Woche zu Ende ging, war der Flugverkehr einmal mehr kein Thema. Die Emissionen der Flugzeuge werden in den Klimaverhandlungen nicht miteinbezogen.<\/p>\n<p>Man setzt stattdessen auf freiwillige Massnahmen der Branche, was keine gute Idee ist, wie das Beispiel CORSIA zeigt. Im Oktober 2016 hat die UNO-Luftfahrtbeh\u00f6rde ICAO das \u00abCarbon offsetting and Reduction Scheme for International Aviation\u00bb beschlossen \u2013 ein Etikettenschwindel. Emissionen m\u00fcssen nicht reduziert, sondern lediglich teilweise kompensiert werden. Konkret betroffen ist nur der Emissionszuwachs ab 2020, also nur ein Bruchteil dessen, was ausgestossen wird. Und das erst noch auf freiwilliger Basis. Verbindlich wird CORSIA erst ab 2027 und auch dann soll es noch Ausnahmen geben (<a href=\"\/\/www.flugemissionen.ch\/fileadmin\/user_upload\/FLAB\/2017\/FLAB_SSF_1-2017_RZ.pdf\" target=\"_blank\" rel=\"noopener\">Vgl. FLAB, eine Publikation des Schweizerischen Schutzverband gegen Flugemissionen SSF, Fr\u00fchjahr 2017<\/a>). Das ist klar ungen\u00fcgend.<\/p>\n<h2>Das Ende der Freiwilligkeit ist erw\u00fcnscht und dringend n\u00f6tig<\/h2>\n<p>Im Flugverkehr fehlt es noch weitgehend an politischer Regulierung. Dabei fehlt es nicht an guten Ideen. Eine davon ist die Ticketabgabe: Flugtickets werden mit einer Abgabe belastet, die abh\u00e4ngig von der L\u00e4nge der Flugstrecke ist. Verschiedene europ\u00e4ische L\u00e4nder, zum Beispiel Deutschland oder Grossbritannien, kennen Anreizsysteme dieser Art seit vielen Jahren. Eine solche Abgabe st\u00f6sst in der Bev\u00f6lkerung sogar auf grosse Zustimmung. In der Studie \u00abUnivox Umwelt 2016\u00bb von gfs-z\u00fcrich haben sich fast drei Viertel (72%) der Befragten einer solchen Massnahme gegen\u00fcber positiv ge\u00e4ussert.<\/p>\n<p>Mit freiwilligen Massnahmen werden die Emissionen im Flugverkehr weiter zunehmen statt sinken. Ohne einen massiven regulatorischen Eingriff, am einfachsten \u00fcber den Preis, lassen sich Herr und Frau Schweizer nicht davon abbringen, ihre Feriendestinationen per Flugzeug zu erreichen. Nat\u00fcrlich ist Aufkl\u00e4rung \u00fcber die Ursachen und Folgen des Klimawandels weiterhin wichtig. So kann die hohe Zustimmung der Bev\u00f6lkerung zu entsprechenden Massnahmen gehalten werden. Doch das Wissen um den Klimawandel h\u00e4lt nur die wenigsten ab, weiterhin viel zu viel zu fliegen.<\/p>\n<p><em><strong><br \/>\nUmfrage von gfs-z\u00fcrich im Auftrag der SES<\/strong><\/em><br \/>\n<em>Die repr\u00e4sentative Bev\u00f6lkerungsumfrage wurde von gfs-z\u00fcrich, Markt- und Sozialforschung im Auftrag der SES durchgef\u00fchrt. Vom 9. bis 28. Oktober 2017 wurden mittels Telefoninterviews 1004 Personen in der Deutsch- und Westschweiz ab 18 Jahren befragt. <a href=\"\/\/www.energiestiftung.ch\/files\/energiestiftung\/publikationen\/pdf\/20171114_Grafiken_SchweizerischeEnergie-Stiftung.pdf\" target=\"_blank\" rel=\"noopener\">\u00bb Die Umfrageergebnisse im Detail (pdf)<\/a><\/em><\/p>\n","protected":false},"excerpt":{"rendered":"<p>Herr und Frau Schweizer und der Flugverkehr &#8211; eigentlich eine tolle Scheinehe. Gem\u00e4ss einer repr\u00e4sentativen Bev\u00f6lkerungsbefragung des Forschungsinstituts gfs-z\u00fcrich (.pdf), die im Auftrag der Schweizerischen Energie-Stiftung SES lanciert wurde, sind \u00fcber die H\u00e4lfte der Schweizerinnen und Schweizer in den letzten zwei Jahren einmal oder mehrmals geflogen (56%). Besonders Leute mit hoher Bildung und hohen Einkommen [&hellip;]<\/p>\n","protected":false},"author":5,"featured_media":9540,"comment_status":"open","ping_status":"open","sticky":false,"template":"","format":"standard","meta":{"_acf_changed":false,"_yoast_wpseo_focuskw":"Flugverkehr","_yoast_wpseo_metadesc":"Die Schweiz ist Weltmeister, geht es um den Flugverkehr. Fliegen ist jedoch das klimasch\u00e4dlichste Massen-Verkehrsmittel, so die SES-Bev\u00f6lkerungsumfrage.","articlekey":"","footnotes":""},"categories":[580],"tags":[806,1050,1197,354],"class_list":["post-1536","post","type-post","status-publish","format-standard","has-post-thumbnail","hentry","category-sustainability","tag-bevoelkerungsumfrage","tag-emmisionen","tag-flugverkehr","tag-mobilitaet"],"acf":[],"yoast_head":"<!-- This site is optimized with the Yoast SEO plugin v27.5 - https:\/\/yoast.com\/product\/yoast-seo-wordpress\/ -->\n<title>Flugverkehr: Klimapolitik registriert Schwierigkeiten - Organisator<\/title>\n<meta name=\"description\" content=\"Die Schweiz ist Weltmeister, geht es um den Flugverkehr. Fliegen ist jedoch das klimasch\u00e4dlichste Massen-Verkehrsmittel, so die SES-Bev\u00f6lkerungsumfrage.\" \/>\n<meta name=\"robots\" content=\"index, follow, max-snippet:-1, max-image-preview:large, max-video-preview:-1\" \/>\n<link rel=\"canonical\" href=\"https:\/\/www.organisator.ch\/de\/sustainability\/2018-03-01\/die-klimapolitik-versagt-beim-flugverkehr\/\" \/>\n<meta property=\"og:locale\" content=\"de_DE\" \/>\n<meta property=\"og:type\" content=\"article\" \/>\n<meta property=\"og:title\" content=\"Flugverkehr: Klimapolitik registriert Schwierigkeiten - Organisator\" \/>\n<meta property=\"og:description\" content=\"Die Schweiz ist Weltmeister, geht es um den Flugverkehr. Fliegen ist jedoch das klimasch\u00e4dlichste Massen-Verkehrsmittel, so die SES-Bev\u00f6lkerungsumfrage.\" \/>\n<meta property=\"og:url\" content=\"https:\/\/www.organisator.ch\/de\/sustainability\/2018-03-01\/die-klimapolitik-versagt-beim-flugverkehr\/\" \/>\n<meta property=\"og:site_name\" content=\"Organisator\" \/>\n<meta property=\"article:publisher\" content=\"https:\/\/www.facebook.com\/OrganisatorFachmagazin\" \/>\n<meta property=\"article:published_time\" content=\"2018-03-01T10:35:41+00:00\" \/>\n<meta property=\"article:modified_time\" content=\"2022-02-09T10:06:54+00:00\" \/>\n<meta property=\"og:image\" content=\"https:\/\/www.organisator.ch\/wp-content\/uploads\/2018\/03\/Flugverkehr-Klimapolitik-registriert-Schwierigkeiten-mq-management-u-qualitaet.jpg\" \/>\n\t<meta property=\"og:image:width\" content=\"2000\" \/>\n\t<meta property=\"og:image:height\" content=\"1333\" \/>\n\t<meta property=\"og:image:type\" content=\"image\/jpeg\" \/>\n<meta name=\"author\" content=\"michael.merz\" \/>\n<meta name=\"twitter:card\" content=\"summary_large_image\" \/>\n<script type=\"application\/ld+json\" class=\"yoast-schema-graph\">{\"@context\":\"https:\\\/\\\/schema.org\",\"@graph\":[{\"@type\":\"Article\",\"@id\":\"https:\\\/\\\/www.organisator.ch\\\/sustainability\\\/2018-03-01\\\/die-klimapolitik-versagt-beim-flugverkehr\\\/#article\",\"isPartOf\":{\"@id\":\"https:\\\/\\\/www.organisator.ch\\\/sustainability\\\/2018-03-01\\\/die-klimapolitik-versagt-beim-flugverkehr\\\/\"},\"author\":{\"name\":\"michael.merz\",\"@id\":\"https:\\\/\\\/www.organisator.ch\\\/#\\\/schema\\\/person\\\/134708ca9321c57b0362cceb7948ffbd\"},\"headline\":\"Flugverkehr: Klimapolitik registriert Schwierigkeiten\",\"datePublished\":\"2018-03-01T10:35:41+00:00\",\"dateModified\":\"2022-02-09T10:06:54+00:00\",\"mainEntityOfPage\":{\"@id\":\"https:\\\/\\\/www.organisator.ch\\\/sustainability\\\/2018-03-01\\\/die-klimapolitik-versagt-beim-flugverkehr\\\/\"},\"wordCount\":888,\"commentCount\":0,\"publisher\":{\"@id\":\"https:\\\/\\\/www.organisator.ch\\\/#organization\"},\"image\":{\"@id\":\"https:\\\/\\\/www.organisator.ch\\\/sustainability\\\/2018-03-01\\\/die-klimapolitik-versagt-beim-flugverkehr\\\/#primaryimage\"},\"thumbnailUrl\":\"https:\\\/\\\/www.organisator.ch\\\/wp-content\\\/uploads\\\/2018\\\/03\\\/Flugverkehr-Klimapolitik-registriert-Schwierigkeiten-mq-management-u-qualitaet.jpg\",\"keywords\":[\"Bev\u00f6lkerungsumfrage\",\"Emmisionen\",\"Flugverkehr\",\"Mobilit\u00e4t\"],\"articleSection\":[\"SUSTAINABILITY\"],\"inLanguage\":\"de\"},{\"@type\":\"WebPage\",\"@id\":\"https:\\\/\\\/www.organisator.ch\\\/sustainability\\\/2018-03-01\\\/die-klimapolitik-versagt-beim-flugverkehr\\\/\",\"url\":\"https:\\\/\\\/www.organisator.ch\\\/sustainability\\\/2018-03-01\\\/die-klimapolitik-versagt-beim-flugverkehr\\\/\",\"name\":\"Flugverkehr: Klimapolitik registriert Schwierigkeiten - Organisator\",\"isPartOf\":{\"@id\":\"https:\\\/\\\/www.organisator.ch\\\/#website\"},\"primaryImageOfPage\":{\"@id\":\"https:\\\/\\\/www.organisator.ch\\\/sustainability\\\/2018-03-01\\\/die-klimapolitik-versagt-beim-flugverkehr\\\/#primaryimage\"},\"image\":{\"@id\":\"https:\\\/\\\/www.organisator.ch\\\/sustainability\\\/2018-03-01\\\/die-klimapolitik-versagt-beim-flugverkehr\\\/#primaryimage\"},\"thumbnailUrl\":\"https:\\\/\\\/www.organisator.ch\\\/wp-content\\\/uploads\\\/2018\\\/03\\\/Flugverkehr-Klimapolitik-registriert-Schwierigkeiten-mq-management-u-qualitaet.jpg\",\"datePublished\":\"2018-03-01T10:35:41+00:00\",\"dateModified\":\"2022-02-09T10:06:54+00:00\",\"description\":\"Die Schweiz ist Weltmeister, geht es um den Flugverkehr. Fliegen ist jedoch das klimasch\u00e4dlichste Massen-Verkehrsmittel, so die SES-Bev\u00f6lkerungsumfrage.\",\"breadcrumb\":{\"@id\":\"https:\\\/\\\/www.organisator.ch\\\/sustainability\\\/2018-03-01\\\/die-klimapolitik-versagt-beim-flugverkehr\\\/#breadcrumb\"},\"inLanguage\":\"de\",\"potentialAction\":[{\"@type\":\"ReadAction\",\"target\":[\"https:\\\/\\\/www.organisator.ch\\\/sustainability\\\/2018-03-01\\\/die-klimapolitik-versagt-beim-flugverkehr\\\/\"]}]},{\"@type\":\"ImageObject\",\"inLanguage\":\"de\",\"@id\":\"https:\\\/\\\/www.organisator.ch\\\/sustainability\\\/2018-03-01\\\/die-klimapolitik-versagt-beim-flugverkehr\\\/#primaryimage\",\"url\":\"https:\\\/\\\/www.organisator.ch\\\/wp-content\\\/uploads\\\/2018\\\/03\\\/Flugverkehr-Klimapolitik-registriert-Schwierigkeiten-mq-management-u-qualitaet.jpg\",\"contentUrl\":\"https:\\\/\\\/www.organisator.ch\\\/wp-content\\\/uploads\\\/2018\\\/03\\\/Flugverkehr-Klimapolitik-registriert-Schwierigkeiten-mq-management-u-qualitaet.jpg\",\"width\":2000,\"height\":1333,\"caption\":\"So majest\u00e4tisch eine Dreamliner-Boing durch die L\u00fcfte schwebt: die Umweltbelastung steigert sich um jedes Passagierticket. (Bild: depositphotos)\"},{\"@type\":\"BreadcrumbList\",\"@id\":\"https:\\\/\\\/www.organisator.ch\\\/sustainability\\\/2018-03-01\\\/die-klimapolitik-versagt-beim-flugverkehr\\\/#breadcrumb\",\"itemListElement\":[{\"@type\":\"ListItem\",\"position\":1,\"name\":\"Home\",\"item\":\"https:\\\/\\\/www.organisator.ch\\\/\"},{\"@type\":\"ListItem\",\"position\":2,\"name\":\"Flugverkehr: Klimapolitik registriert Schwierigkeiten\"}]},{\"@type\":\"WebSite\",\"@id\":\"https:\\\/\\\/www.organisator.ch\\\/#website\",\"url\":\"https:\\\/\\\/www.organisator.ch\\\/\",\"name\":\"Organisator\",\"description\":\"Kompetent. Praxisnah. Der ORGANISATOR bereitet in 10 Ausgaben pro Jahr die wesentlichen Themen f\u00fcr F\u00fchrungskr\u00e4fte von KMU auf.\",\"publisher\":{\"@id\":\"https:\\\/\\\/www.organisator.ch\\\/#organization\"},\"potentialAction\":[{\"@type\":\"SearchAction\",\"target\":{\"@type\":\"EntryPoint\",\"urlTemplate\":\"https:\\\/\\\/www.organisator.ch\\\/?s={search_term_string}\"},\"query-input\":{\"@type\":\"PropertyValueSpecification\",\"valueRequired\":true,\"valueName\":\"search_term_string\"}}],\"inLanguage\":\"de\"},{\"@type\":\"Organization\",\"@id\":\"https:\\\/\\\/www.organisator.ch\\\/#organization\",\"name\":\"Organisator\",\"url\":\"https:\\\/\\\/www.organisator.ch\\\/\",\"logo\":{\"@type\":\"ImageObject\",\"inLanguage\":\"de\",\"@id\":\"https:\\\/\\\/www.organisator.ch\\\/#\\\/schema\\\/logo\\\/image\\\/\",\"url\":\"https:\\\/\\\/www.organisator.ch\\\/wp-content\\\/uploads\\\/2022\\\/01\\\/Logo_Organisator_Website.png\",\"contentUrl\":\"https:\\\/\\\/www.organisator.ch\\\/wp-content\\\/uploads\\\/2022\\\/01\\\/Logo_Organisator_Website.png\",\"width\":800,\"height\":77,\"caption\":\"Organisator\"},\"image\":{\"@id\":\"https:\\\/\\\/www.organisator.ch\\\/#\\\/schema\\\/logo\\\/image\\\/\"},\"sameAs\":[\"https:\\\/\\\/www.facebook.com\\\/OrganisatorFachmagazin\",\"https:\\\/\\\/www.linkedin.com\\\/showcase\\\/organisator-das-magazin-fr-kmu\",\"https:\\\/\\\/www.xing.com\\\/news\\\/pages\\\/organisator-ch-695\",\"https:\\\/\\\/www.youtube.com\\\/channel\\\/UCGP2Sq0iWaZwT3BdIAQFYpw\"]},{\"@type\":\"Person\",\"@id\":\"https:\\\/\\\/www.organisator.ch\\\/#\\\/schema\\\/person\\\/134708ca9321c57b0362cceb7948ffbd\",\"name\":\"michael.merz\",\"image\":{\"@type\":\"ImageObject\",\"inLanguage\":\"de\",\"@id\":\"https:\\\/\\\/secure.gravatar.com\\\/avatar\\\/?s=96&d=mm&r=g\",\"url\":\"https:\\\/\\\/secure.gravatar.com\\\/avatar\\\/?s=96&d=mm&r=g\",\"contentUrl\":\"https:\\\/\\\/secure.gravatar.com\\\/avatar\\\/?s=96&d=mm&r=g\",\"caption\":\"michael.merz\"},\"url\":\"https:\\\/\\\/www.organisator.ch\\\/de\\\/author\\\/michael-merz\\\/\"}]}<\/script>\n<!-- \/ Yoast SEO plugin. -->","yoast_head_json":{"title":"Flugverkehr: Klimapolitik registriert Schwierigkeiten - Organisator","description":"Die Schweiz ist Weltmeister, geht es um den Flugverkehr. Fliegen ist jedoch das klimasch\u00e4dlichste Massen-Verkehrsmittel, so die SES-Bev\u00f6lkerungsumfrage.","robots":{"index":"index","follow":"follow","max-snippet":"max-snippet:-1","max-image-preview":"max-image-preview:large","max-video-preview":"max-video-preview:-1"},"canonical":"https:\/\/www.organisator.ch\/de\/sustainability\/2018-03-01\/die-klimapolitik-versagt-beim-flugverkehr\/","og_locale":"de_DE","og_type":"article","og_title":"Flugverkehr: Klimapolitik registriert Schwierigkeiten - Organisator","og_description":"Die Schweiz ist Weltmeister, geht es um den Flugverkehr. Fliegen ist jedoch das klimasch\u00e4dlichste Massen-Verkehrsmittel, so die SES-Bev\u00f6lkerungsumfrage.","og_url":"https:\/\/www.organisator.ch\/de\/sustainability\/2018-03-01\/die-klimapolitik-versagt-beim-flugverkehr\/","og_site_name":"Organisator","article_publisher":"https:\/\/www.facebook.com\/OrganisatorFachmagazin","article_published_time":"2018-03-01T10:35:41+00:00","article_modified_time":"2022-02-09T10:06:54+00:00","og_image":[{"width":2000,"height":1333,"url":"https:\/\/www.organisator.ch\/wp-content\/uploads\/2018\/03\/Flugverkehr-Klimapolitik-registriert-Schwierigkeiten-mq-management-u-qualitaet.jpg","type":"image\/jpeg"}],"author":"michael.merz","twitter_card":"summary_large_image","schema":{"@context":"https:\/\/schema.org","@graph":[{"@type":"Article","@id":"https:\/\/www.organisator.ch\/sustainability\/2018-03-01\/die-klimapolitik-versagt-beim-flugverkehr\/#article","isPartOf":{"@id":"https:\/\/www.organisator.ch\/sustainability\/2018-03-01\/die-klimapolitik-versagt-beim-flugverkehr\/"},"author":{"name":"michael.merz","@id":"https:\/\/www.organisator.ch\/#\/schema\/person\/134708ca9321c57b0362cceb7948ffbd"},"headline":"Flugverkehr: Klimapolitik registriert Schwierigkeiten","datePublished":"2018-03-01T10:35:41+00:00","dateModified":"2022-02-09T10:06:54+00:00","mainEntityOfPage":{"@id":"https:\/\/www.organisator.ch\/sustainability\/2018-03-01\/die-klimapolitik-versagt-beim-flugverkehr\/"},"wordCount":888,"commentCount":0,"publisher":{"@id":"https:\/\/www.organisator.ch\/#organization"},"image":{"@id":"https:\/\/www.organisator.ch\/sustainability\/2018-03-01\/die-klimapolitik-versagt-beim-flugverkehr\/#primaryimage"},"thumbnailUrl":"https:\/\/www.organisator.ch\/wp-content\/uploads\/2018\/03\/Flugverkehr-Klimapolitik-registriert-Schwierigkeiten-mq-management-u-qualitaet.jpg","keywords":["Bev\u00f6lkerungsumfrage","Emmisionen","Flugverkehr","Mobilit\u00e4t"],"articleSection":["SUSTAINABILITY"],"inLanguage":"de"},{"@type":"WebPage","@id":"https:\/\/www.organisator.ch\/sustainability\/2018-03-01\/die-klimapolitik-versagt-beim-flugverkehr\/","url":"https:\/\/www.organisator.ch\/sustainability\/2018-03-01\/die-klimapolitik-versagt-beim-flugverkehr\/","name":"Flugverkehr: Klimapolitik registriert Schwierigkeiten - Organisator","isPartOf":{"@id":"https:\/\/www.organisator.ch\/#website"},"primaryImageOfPage":{"@id":"https:\/\/www.organisator.ch\/sustainability\/2018-03-01\/die-klimapolitik-versagt-beim-flugverkehr\/#primaryimage"},"image":{"@id":"https:\/\/www.organisator.ch\/sustainability\/2018-03-01\/die-klimapolitik-versagt-beim-flugverkehr\/#primaryimage"},"thumbnailUrl":"https:\/\/www.organisator.ch\/wp-content\/uploads\/2018\/03\/Flugverkehr-Klimapolitik-registriert-Schwierigkeiten-mq-management-u-qualitaet.jpg","datePublished":"2018-03-01T10:35:41+00:00","dateModified":"2022-02-09T10:06:54+00:00","description":"Die Schweiz ist Weltmeister, geht es um den Flugverkehr. Fliegen ist jedoch das klimasch\u00e4dlichste Massen-Verkehrsmittel, so die SES-Bev\u00f6lkerungsumfrage.","breadcrumb":{"@id":"https:\/\/www.organisator.ch\/sustainability\/2018-03-01\/die-klimapolitik-versagt-beim-flugverkehr\/#breadcrumb"},"inLanguage":"de","potentialAction":[{"@type":"ReadAction","target":["https:\/\/www.organisator.ch\/sustainability\/2018-03-01\/die-klimapolitik-versagt-beim-flugverkehr\/"]}]},{"@type":"ImageObject","inLanguage":"de","@id":"https:\/\/www.organisator.ch\/sustainability\/2018-03-01\/die-klimapolitik-versagt-beim-flugverkehr\/#primaryimage","url":"https:\/\/www.organisator.ch\/wp-content\/uploads\/2018\/03\/Flugverkehr-Klimapolitik-registriert-Schwierigkeiten-mq-management-u-qualitaet.jpg","contentUrl":"https:\/\/www.organisator.ch\/wp-content\/uploads\/2018\/03\/Flugverkehr-Klimapolitik-registriert-Schwierigkeiten-mq-management-u-qualitaet.jpg","width":2000,"height":1333,"caption":"So majest\u00e4tisch eine Dreamliner-Boing durch die L\u00fcfte schwebt: die Umweltbelastung steigert sich um jedes Passagierticket. (Bild: depositphotos)"},{"@type":"BreadcrumbList","@id":"https:\/\/www.organisator.ch\/sustainability\/2018-03-01\/die-klimapolitik-versagt-beim-flugverkehr\/#breadcrumb","itemListElement":[{"@type":"ListItem","position":1,"name":"Home","item":"https:\/\/www.organisator.ch\/"},{"@type":"ListItem","position":2,"name":"Flugverkehr: Klimapolitik registriert Schwierigkeiten"}]},{"@type":"WebSite","@id":"https:\/\/www.organisator.ch\/#website","url":"https:\/\/www.organisator.ch\/","name":"Organisator","description":"Kompetent. Praxisnah. Der ORGANISATOR bereitet in 10 Ausgaben pro Jahr die wesentlichen Themen f\u00fcr F\u00fchrungskr\u00e4fte von KMU auf.","publisher":{"@id":"https:\/\/www.organisator.ch\/#organization"},"potentialAction":[{"@type":"SearchAction","target":{"@type":"EntryPoint","urlTemplate":"https:\/\/www.organisator.ch\/?s={search_term_string}"},"query-input":{"@type":"PropertyValueSpecification","valueRequired":true,"valueName":"search_term_string"}}],"inLanguage":"de"},{"@type":"Organization","@id":"https:\/\/www.organisator.ch\/#organization","name":"Organisator","url":"https:\/\/www.organisator.ch\/","logo":{"@type":"ImageObject","inLanguage":"de","@id":"https:\/\/www.organisator.ch\/#\/schema\/logo\/image\/","url":"https:\/\/www.organisator.ch\/wp-content\/uploads\/2022\/01\/Logo_Organisator_Website.png","contentUrl":"https:\/\/www.organisator.ch\/wp-content\/uploads\/2022\/01\/Logo_Organisator_Website.png","width":800,"height":77,"caption":"Organisator"},"image":{"@id":"https:\/\/www.organisator.ch\/#\/schema\/logo\/image\/"},"sameAs":["https:\/\/www.facebook.com\/OrganisatorFachmagazin","https:\/\/www.linkedin.com\/showcase\/organisator-das-magazin-fr-kmu","https:\/\/www.xing.com\/news\/pages\/organisator-ch-695","https:\/\/www.youtube.com\/channel\/UCGP2Sq0iWaZwT3BdIAQFYpw"]},{"@type":"Person","@id":"https:\/\/www.organisator.ch\/#\/schema\/person\/134708ca9321c57b0362cceb7948ffbd","name":"michael.merz","image":{"@type":"ImageObject","inLanguage":"de","@id":"https:\/\/secure.gravatar.com\/avatar\/?s=96&d=mm&r=g","url":"https:\/\/secure.gravatar.com\/avatar\/?s=96&d=mm&r=g","contentUrl":"https:\/\/secure.gravatar.com\/avatar\/?s=96&d=mm&r=g","caption":"michael.merz"},"url":"https:\/\/www.organisator.ch\/de\/author\/michael-merz\/"}]}},"_links":{"self":[{"href":"https:\/\/www.organisator.ch\/de\/wp-json\/wp\/v2\/posts\/1536","targetHints":{"allow":["GET"]}}],"collection":[{"href":"https:\/\/www.organisator.ch\/de\/wp-json\/wp\/v2\/posts"}],"about":[{"href":"https:\/\/www.organisator.ch\/de\/wp-json\/wp\/v2\/types\/post"}],"author":[{"embeddable":true,"href":"https:\/\/www.organisator.ch\/de\/wp-json\/wp\/v2\/users\/5"}],"replies":[{"embeddable":true,"href":"https:\/\/www.organisator.ch\/de\/wp-json\/wp\/v2\/comments?post=1536"}],"version-history":[{"count":1,"href":"https:\/\/www.organisator.ch\/de\/wp-json\/wp\/v2\/posts\/1536\/revisions"}],"predecessor-version":[{"id":10716,"href":"https:\/\/www.organisator.ch\/de\/wp-json\/wp\/v2\/posts\/1536\/revisions\/10716"}],"wp:featuredmedia":[{"embeddable":true,"href":"https:\/\/www.organisator.ch\/de\/wp-json\/wp\/v2\/media\/9540"}],"wp:attachment":[{"href":"https:\/\/www.organisator.ch\/de\/wp-json\/wp\/v2\/media?parent=1536"}],"wp:term":[{"taxonomy":"category","embeddable":true,"href":"https:\/\/www.organisator.ch\/de\/wp-json\/wp\/v2\/categories?post=1536"},{"taxonomy":"post_tag","embeddable":true,"href":"https:\/\/www.organisator.ch\/de\/wp-json\/wp\/v2\/tags?post=1536"}],"curies":[{"name":"wp","href":"https:\/\/api.w.org\/{rel}","templated":true}]}}