{"id":15383,"date":"2022-06-21T01:02:39","date_gmt":"2022-06-20T23:02:39","guid":{"rendered":"https:\/\/www.organisator.ch\/?p=15383"},"modified":"2022-06-20T21:13:46","modified_gmt":"2022-06-20T19:13:46","slug":"auch-buexi-am-unternehmertag-2022-in-vaduz","status":"publish","type":"post","link":"https:\/\/www.organisator.ch\/de\/management\/2022-06-21\/auch-buexi-am-unternehmertag-2022-in-vaduz\/","title":{"rendered":"Auch &#8222;B\u00fcxi&#8220; am Unternehmertag 2022 in Vaduz"},"content":{"rendered":"<figure id=\"attachment_14514\" aria-describedby=\"caption-attachment-14514\" style=\"width: 680px\" class=\"wp-caption alignnone\"><img loading=\"lazy\" decoding=\"async\" class=\"size-full wp-image-14514\" src=\"https:\/\/www.organisator.ch\/wp-content\/uploads\/2022\/06\/Unternehmertag-mit-Joe-Kaeser-und-Monisha-Kaltenborn_Organisator.jpg\" alt=\"\" width=\"680\" height=\"501\" srcset=\"https:\/\/www.organisator.ch\/wp-content\/uploads\/2022\/06\/Unternehmertag-mit-Joe-Kaeser-und-Monisha-Kaltenborn_Organisator.jpg 680w, https:\/\/www.organisator.ch\/wp-content\/uploads\/2022\/06\/Unternehmertag-mit-Joe-Kaeser-und-Monisha-Kaltenborn_Organisator-16x12.jpg 16w, https:\/\/www.organisator.ch\/wp-content\/uploads\/2022\/06\/Unternehmertag-mit-Joe-Kaeser-und-Monisha-Kaltenborn_Organisator-238x175.jpg 238w, https:\/\/www.organisator.ch\/wp-content\/uploads\/2022\/06\/Unternehmertag-mit-Joe-Kaeser-und-Monisha-Kaltenborn_Organisator-475x350.jpg 475w, https:\/\/www.organisator.ch\/wp-content\/uploads\/2022\/06\/Unternehmertag-mit-Joe-Kaeser-und-Monisha-Kaltenborn_Organisator-300x221.jpg 300w\" sizes=\"auto, (max-width: 680px) 100vw, 680px\" \/><figcaption id=\"caption-attachment-14514\" class=\"wp-caption-text\">Sabine Monauni, Joe Kaeser, Peter Bofinger, Monisha Kaltenborn, Markus Kaiser und Monisha Kaltenborn treten am Unternehmertag in Vaduz auf. Als weiterer Referent (nicht im Bild) konnte Ex-Skirennfahrer Marco &#8222;B\u00fcxi&#8220; B\u00fcchel gewonnen werden. (Bild: zVg)<\/figcaption><\/figure>\n<p>Der <a href=\"https:\/\/www.organisator.ch\/de\/management\/2022-06-13\/unternehmertag-mit-joe-kaeser-und-monisha-kaltenborn\/\">Unternehmertag am 6. Juli<\/a> widmet sich dem aktuellen Thema \u00abF\u00fchren in der Instabilit\u00e4t\u00bb. An der gr\u00f6ssten Konferenz f\u00fcr Unternehmertum in der Region F\u00fcrstentum Liechtenstein treten unter anderem Joe Kaeser, einer der bekanntesten Manager Europas und heutiger Aufsichtsratschef Siemens Energy, Top-Managerin Monisha Kaltenborn (Racing Unleashed), \u00d6konom Peter Bofinger, Liechtensteins Wirtschaftsministerin Sabine Monauni, die beiden Unternehmerpers\u00f6nlichkeiten Katharina Lehmann und Markus Kaiser sowie Moderation Mona Vetsch auf.<\/p>\n<h3>Marco &#8222;B\u00fcxi&#8220; B\u00fcchel als Schlussreferent<\/h3>\n<p>Zum Thema \u00abF\u00fchren in der Instabilit\u00e4t\u00bb konnte nun ein besonderer Schluss-Referent engagiert werden. Ex-Skirennfahrer Marco B\u00fcchel tritt am 17. Unternehmertag auf und widmet seinen Vortrag dem Thema \u00abAufstehen, Krone richten, Weitermachen\u00bb. In seiner 20-j\u00e4hrigen Karriere erreichte \u00abB\u00fcxi\u00bb vier Weltcupsiege, 18 Weltcup-Podest-Platzierungen und gewann die WM-Silbermedaille im Riesenslalom in Vail 1999. Seit seinem R\u00fccktritt vom Spitzensport hat B\u00fcchel in der Kommunikations- und Medienwelt Fuss gefasst, u.a. als Skiexperte f\u00fcr das deutsche Fernsehen ZDF. Dazu betreut er Athleten auf ihrem Weg an die Weltspitze.<\/p>\n<p><em>Infos und Tickets unter <a href=\"http:\/\/www.unternehmertag.li\">www.unternehmertag.li<\/a><\/em><\/p>\n","protected":false},"excerpt":{"rendered":"<p>Der Unternehmertag am 6. Juli widmet sich dem aktuellen Thema \u00abF\u00fchren in der Instabilit\u00e4t\u00bb. An der gr\u00f6ssten Konferenz f\u00fcr Unternehmertum in der Region F\u00fcrstentum Liechtenstein treten unter anderem Joe Kaeser, einer der bekanntesten Manager Europas und heutiger Aufsichtsratschef Siemens Energy, Top-Managerin Monisha Kaltenborn (Racing Unleashed), \u00d6konom Peter Bofinger, Liechtensteins Wirtschaftsministerin Sabine Monauni, die beiden Unternehmerpers\u00f6nlichkeiten [&hellip;]<\/p>\n","protected":false},"author":4,"featured_media":14514,"comment_status":"closed","ping_status":"closed","sticky":false,"template":"","format":"standard","meta":{"_acf_changed":false,"_yoast_wpseo_focuskw":"B\u00fcxi","_yoast_wpseo_metadesc":"","articlekey":"","footnotes":""},"categories":[28],"tags":[193,335,492],"class_list":["post-15383","post","type-post","status-publish","format-standard","has-post-thumbnail","hentry","category-management","tag-fachkongressfachmesse","tag-management-und-unternehmensfuehrung","tag-unternehmen"],"acf":[],"yoast_head":"<!-- This site is optimized with the Yoast SEO plugin v27.4 - https:\/\/yoast.com\/product\/yoast-seo-wordpress\/ -->\n<title>Auch &quot;B\u00fcxi&quot; am Unternehmertag 2022 in Vaduz - Organisator<\/title>\n<meta name=\"robots\" content=\"index, follow, max-snippet:-1, max-image-preview:large, max-video-preview:-1\" \/>\n<link rel=\"canonical\" href=\"https:\/\/www.organisator.ch\/de\/management\/2022-06-21\/auch-buexi-am-unternehmertag-2022-in-vaduz\/\" \/>\n<meta property=\"og:locale\" content=\"de_DE\" \/>\n<meta property=\"og:type\" content=\"article\" \/>\n<meta property=\"og:title\" content=\"Auch &quot;B\u00fcxi&quot; am Unternehmertag 2022 in Vaduz - Organisator\" \/>\n<meta property=\"og:description\" content=\"Der Unternehmertag am 6. Juli widmet sich dem aktuellen Thema \u00abF\u00fchren in der Instabilit\u00e4t\u00bb. An der gr\u00f6ssten Konferenz f\u00fcr Unternehmertum in der Region F\u00fcrstentum Liechtenstein treten unter anderem Joe Kaeser, einer der bekanntesten Manager Europas und heutiger Aufsichtsratschef Siemens Energy, Top-Managerin Monisha Kaltenborn (Racing Unleashed), \u00d6konom Peter Bofinger, Liechtensteins Wirtschaftsministerin Sabine Monauni, die beiden Unternehmerpers\u00f6nlichkeiten [&hellip;]\" \/>\n<meta property=\"og:url\" content=\"https:\/\/www.organisator.ch\/de\/management\/2022-06-21\/auch-buexi-am-unternehmertag-2022-in-vaduz\/\" \/>\n<meta property=\"og:site_name\" content=\"Organisator\" \/>\n<meta property=\"article:publisher\" content=\"https:\/\/www.facebook.com\/OrganisatorFachmagazin\" \/>\n<meta property=\"article:published_time\" content=\"2022-06-20T23:02:39+00:00\" \/>\n<meta property=\"og:image\" content=\"https:\/\/www.organisator.ch\/wp-content\/uploads\/2022\/06\/Unternehmertag-mit-Joe-Kaeser-und-Monisha-Kaltenborn_Organisator.jpg\" \/>\n\t<meta property=\"og:image:width\" content=\"680\" \/>\n\t<meta property=\"og:image:height\" content=\"501\" \/>\n\t<meta property=\"og:image:type\" content=\"image\/jpeg\" \/>\n<meta name=\"author\" content=\"thomas.berner\" \/>\n<meta name=\"twitter:card\" content=\"summary_large_image\" \/>\n<script type=\"application\/ld+json\" class=\"yoast-schema-graph\">{\"@context\":\"https:\\\/\\\/schema.org\",\"@graph\":[{\"@type\":\"Article\",\"@id\":\"https:\\\/\\\/www.organisator.ch\\\/management\\\/2022-06-21\\\/auch-buexi-am-unternehmertag-2022-in-vaduz\\\/#article\",\"isPartOf\":{\"@id\":\"https:\\\/\\\/www.organisator.ch\\\/management\\\/2022-06-21\\\/auch-buexi-am-unternehmertag-2022-in-vaduz\\\/\"},\"author\":{\"name\":\"thomas.berner\",\"@id\":\"https:\\\/\\\/www.organisator.ch\\\/#\\\/schema\\\/person\\\/6f650f90b2842cd4c0cc334b4e36f67e\"},\"headline\":\"Auch &#8222;B\u00fcxi&#8220; am Unternehmertag 2022 in Vaduz\",\"datePublished\":\"2022-06-20T23:02:39+00:00\",\"mainEntityOfPage\":{\"@id\":\"https:\\\/\\\/www.organisator.ch\\\/management\\\/2022-06-21\\\/auch-buexi-am-unternehmertag-2022-in-vaduz\\\/\"},\"wordCount\":222,\"publisher\":{\"@id\":\"https:\\\/\\\/www.organisator.ch\\\/#organization\"},\"image\":{\"@id\":\"https:\\\/\\\/www.organisator.ch\\\/management\\\/2022-06-21\\\/auch-buexi-am-unternehmertag-2022-in-vaduz\\\/#primaryimage\"},\"thumbnailUrl\":\"https:\\\/\\\/www.organisator.ch\\\/wp-content\\\/uploads\\\/2022\\\/06\\\/Unternehmertag-mit-Joe-Kaeser-und-Monisha-Kaltenborn_Organisator.jpg\",\"keywords\":[\"Fachkongress\\\/Fachmesse\",\"Management und Unternehmensf\u00fchrung\",\"Unternehmen\"],\"articleSection\":[\"MANAGEMENT\"],\"inLanguage\":\"de\"},{\"@type\":\"WebPage\",\"@id\":\"https:\\\/\\\/www.organisator.ch\\\/management\\\/2022-06-21\\\/auch-buexi-am-unternehmertag-2022-in-vaduz\\\/\",\"url\":\"https:\\\/\\\/www.organisator.ch\\\/management\\\/2022-06-21\\\/auch-buexi-am-unternehmertag-2022-in-vaduz\\\/\",\"name\":\"Auch \\\"B\u00fcxi\\\" am Unternehmertag 2022 in Vaduz - Organisator\",\"isPartOf\":{\"@id\":\"https:\\\/\\\/www.organisator.ch\\\/#website\"},\"primaryImageOfPage\":{\"@id\":\"https:\\\/\\\/www.organisator.ch\\\/management\\\/2022-06-21\\\/auch-buexi-am-unternehmertag-2022-in-vaduz\\\/#primaryimage\"},\"image\":{\"@id\":\"https:\\\/\\\/www.organisator.ch\\\/management\\\/2022-06-21\\\/auch-buexi-am-unternehmertag-2022-in-vaduz\\\/#primaryimage\"},\"thumbnailUrl\":\"https:\\\/\\\/www.organisator.ch\\\/wp-content\\\/uploads\\\/2022\\\/06\\\/Unternehmertag-mit-Joe-Kaeser-und-Monisha-Kaltenborn_Organisator.jpg\",\"datePublished\":\"2022-06-20T23:02:39+00:00\",\"breadcrumb\":{\"@id\":\"https:\\\/\\\/www.organisator.ch\\\/management\\\/2022-06-21\\\/auch-buexi-am-unternehmertag-2022-in-vaduz\\\/#breadcrumb\"},\"inLanguage\":\"de\",\"potentialAction\":[{\"@type\":\"ReadAction\",\"target\":[\"https:\\\/\\\/www.organisator.ch\\\/management\\\/2022-06-21\\\/auch-buexi-am-unternehmertag-2022-in-vaduz\\\/\"]}]},{\"@type\":\"ImageObject\",\"inLanguage\":\"de\",\"@id\":\"https:\\\/\\\/www.organisator.ch\\\/management\\\/2022-06-21\\\/auch-buexi-am-unternehmertag-2022-in-vaduz\\\/#primaryimage\",\"url\":\"https:\\\/\\\/www.organisator.ch\\\/wp-content\\\/uploads\\\/2022\\\/06\\\/Unternehmertag-mit-Joe-Kaeser-und-Monisha-Kaltenborn_Organisator.jpg\",\"contentUrl\":\"https:\\\/\\\/www.organisator.ch\\\/wp-content\\\/uploads\\\/2022\\\/06\\\/Unternehmertag-mit-Joe-Kaeser-und-Monisha-Kaltenborn_Organisator.jpg\",\"width\":680,\"height\":501,\"caption\":\"Sabine Monauni, Joe Kaeser, Peter Bofinger, Monisha Kaltenborn, Markus Kaiser und Monisha Kaltenborn treten am Unternehmertag in Vaduz auf. (Bild: zVg)\"},{\"@type\":\"BreadcrumbList\",\"@id\":\"https:\\\/\\\/www.organisator.ch\\\/management\\\/2022-06-21\\\/auch-buexi-am-unternehmertag-2022-in-vaduz\\\/#breadcrumb\",\"itemListElement\":[{\"@type\":\"ListItem\",\"position\":1,\"name\":\"Home\",\"item\":\"https:\\\/\\\/www.organisator.ch\\\/\"},{\"@type\":\"ListItem\",\"position\":2,\"name\":\"Auch &#8222;B\u00fcxi&#8220; am Unternehmertag 2022 in Vaduz\"}]},{\"@type\":\"WebSite\",\"@id\":\"https:\\\/\\\/www.organisator.ch\\\/#website\",\"url\":\"https:\\\/\\\/www.organisator.ch\\\/\",\"name\":\"Organisator\",\"description\":\"Kompetent. Praxisnah. Der ORGANISATOR bereitet in 10 Ausgaben pro Jahr die wesentlichen Themen f\u00fcr F\u00fchrungskr\u00e4fte von KMU auf.\",\"publisher\":{\"@id\":\"https:\\\/\\\/www.organisator.ch\\\/#organization\"},\"potentialAction\":[{\"@type\":\"SearchAction\",\"target\":{\"@type\":\"EntryPoint\",\"urlTemplate\":\"https:\\\/\\\/www.organisator.ch\\\/?s={search_term_string}\"},\"query-input\":{\"@type\":\"PropertyValueSpecification\",\"valueRequired\":true,\"valueName\":\"search_term_string\"}}],\"inLanguage\":\"de\"},{\"@type\":\"Organization\",\"@id\":\"https:\\\/\\\/www.organisator.ch\\\/#organization\",\"name\":\"Organisator\",\"url\":\"https:\\\/\\\/www.organisator.ch\\\/\",\"logo\":{\"@type\":\"ImageObject\",\"inLanguage\":\"de\",\"@id\":\"https:\\\/\\\/www.organisator.ch\\\/#\\\/schema\\\/logo\\\/image\\\/\",\"url\":\"https:\\\/\\\/www.organisator.ch\\\/wp-content\\\/uploads\\\/2022\\\/01\\\/Logo_Organisator_Website.png\",\"contentUrl\":\"https:\\\/\\\/www.organisator.ch\\\/wp-content\\\/uploads\\\/2022\\\/01\\\/Logo_Organisator_Website.png\",\"width\":800,\"height\":77,\"caption\":\"Organisator\"},\"image\":{\"@id\":\"https:\\\/\\\/www.organisator.ch\\\/#\\\/schema\\\/logo\\\/image\\\/\"},\"sameAs\":[\"https:\\\/\\\/www.facebook.com\\\/OrganisatorFachmagazin\",\"https:\\\/\\\/www.linkedin.com\\\/showcase\\\/organisator-das-magazin-fr-kmu\",\"https:\\\/\\\/www.xing.com\\\/news\\\/pages\\\/organisator-ch-695\",\"https:\\\/\\\/www.youtube.com\\\/channel\\\/UCGP2Sq0iWaZwT3BdIAQFYpw\"]},{\"@type\":\"Person\",\"@id\":\"https:\\\/\\\/www.organisator.ch\\\/#\\\/schema\\\/person\\\/6f650f90b2842cd4c0cc334b4e36f67e\",\"name\":\"thomas.berner\",\"image\":{\"@type\":\"ImageObject\",\"inLanguage\":\"de\",\"@id\":\"https:\\\/\\\/secure.gravatar.com\\\/avatar\\\/ac5001d2a36cb6c6cd3e50789007ffca834b477b74a2144564522e944eabff61?s=96&d=mm&r=g\",\"url\":\"https:\\\/\\\/secure.gravatar.com\\\/avatar\\\/ac5001d2a36cb6c6cd3e50789007ffca834b477b74a2144564522e944eabff61?s=96&d=mm&r=g\",\"contentUrl\":\"https:\\\/\\\/secure.gravatar.com\\\/avatar\\\/ac5001d2a36cb6c6cd3e50789007ffca834b477b74a2144564522e944eabff61?s=96&d=mm&r=g\",\"caption\":\"thomas.berner\"},\"url\":\"https:\\\/\\\/www.organisator.ch\\\/de\\\/author\\\/thomas-berner\\\/\"}]}<\/script>\n<!-- \/ Yoast SEO plugin. -->","yoast_head_json":{"title":"Auch \"B\u00fcxi\" am Unternehmertag 2022 in Vaduz - Organisator","robots":{"index":"index","follow":"follow","max-snippet":"max-snippet:-1","max-image-preview":"max-image-preview:large","max-video-preview":"max-video-preview:-1"},"canonical":"https:\/\/www.organisator.ch\/de\/management\/2022-06-21\/auch-buexi-am-unternehmertag-2022-in-vaduz\/","og_locale":"de_DE","og_type":"article","og_title":"Auch \"B\u00fcxi\" am Unternehmertag 2022 in Vaduz - Organisator","og_description":"Der Unternehmertag am 6. Juli widmet sich dem aktuellen Thema \u00abF\u00fchren in der Instabilit\u00e4t\u00bb. An der gr\u00f6ssten Konferenz f\u00fcr Unternehmertum in der Region F\u00fcrstentum Liechtenstein treten unter anderem Joe Kaeser, einer der bekanntesten Manager Europas und heutiger Aufsichtsratschef Siemens Energy, Top-Managerin Monisha Kaltenborn (Racing Unleashed), \u00d6konom Peter Bofinger, Liechtensteins Wirtschaftsministerin Sabine Monauni, die beiden Unternehmerpers\u00f6nlichkeiten [&hellip;]","og_url":"https:\/\/www.organisator.ch\/de\/management\/2022-06-21\/auch-buexi-am-unternehmertag-2022-in-vaduz\/","og_site_name":"Organisator","article_publisher":"https:\/\/www.facebook.com\/OrganisatorFachmagazin","article_published_time":"2022-06-20T23:02:39+00:00","og_image":[{"width":680,"height":501,"url":"https:\/\/www.organisator.ch\/wp-content\/uploads\/2022\/06\/Unternehmertag-mit-Joe-Kaeser-und-Monisha-Kaltenborn_Organisator.jpg","type":"image\/jpeg"}],"author":"thomas.berner","twitter_card":"summary_large_image","schema":{"@context":"https:\/\/schema.org","@graph":[{"@type":"Article","@id":"https:\/\/www.organisator.ch\/management\/2022-06-21\/auch-buexi-am-unternehmertag-2022-in-vaduz\/#article","isPartOf":{"@id":"https:\/\/www.organisator.ch\/management\/2022-06-21\/auch-buexi-am-unternehmertag-2022-in-vaduz\/"},"author":{"name":"thomas.berner","@id":"https:\/\/www.organisator.ch\/#\/schema\/person\/6f650f90b2842cd4c0cc334b4e36f67e"},"headline":"Auch &#8222;B\u00fcxi&#8220; am Unternehmertag 2022 in Vaduz","datePublished":"2022-06-20T23:02:39+00:00","mainEntityOfPage":{"@id":"https:\/\/www.organisator.ch\/management\/2022-06-21\/auch-buexi-am-unternehmertag-2022-in-vaduz\/"},"wordCount":222,"publisher":{"@id":"https:\/\/www.organisator.ch\/#organization"},"image":{"@id":"https:\/\/www.organisator.ch\/management\/2022-06-21\/auch-buexi-am-unternehmertag-2022-in-vaduz\/#primaryimage"},"thumbnailUrl":"https:\/\/www.organisator.ch\/wp-content\/uploads\/2022\/06\/Unternehmertag-mit-Joe-Kaeser-und-Monisha-Kaltenborn_Organisator.jpg","keywords":["Fachkongress\/Fachmesse","Management und Unternehmensf\u00fchrung","Unternehmen"],"articleSection":["MANAGEMENT"],"inLanguage":"de"},{"@type":"WebPage","@id":"https:\/\/www.organisator.ch\/management\/2022-06-21\/auch-buexi-am-unternehmertag-2022-in-vaduz\/","url":"https:\/\/www.organisator.ch\/management\/2022-06-21\/auch-buexi-am-unternehmertag-2022-in-vaduz\/","name":"Auch \"B\u00fcxi\" am Unternehmertag 2022 in Vaduz - Organisator","isPartOf":{"@id":"https:\/\/www.organisator.ch\/#website"},"primaryImageOfPage":{"@id":"https:\/\/www.organisator.ch\/management\/2022-06-21\/auch-buexi-am-unternehmertag-2022-in-vaduz\/#primaryimage"},"image":{"@id":"https:\/\/www.organisator.ch\/management\/2022-06-21\/auch-buexi-am-unternehmertag-2022-in-vaduz\/#primaryimage"},"thumbnailUrl":"https:\/\/www.organisator.ch\/wp-content\/uploads\/2022\/06\/Unternehmertag-mit-Joe-Kaeser-und-Monisha-Kaltenborn_Organisator.jpg","datePublished":"2022-06-20T23:02:39+00:00","breadcrumb":{"@id":"https:\/\/www.organisator.ch\/management\/2022-06-21\/auch-buexi-am-unternehmertag-2022-in-vaduz\/#breadcrumb"},"inLanguage":"de","potentialAction":[{"@type":"ReadAction","target":["https:\/\/www.organisator.ch\/management\/2022-06-21\/auch-buexi-am-unternehmertag-2022-in-vaduz\/"]}]},{"@type":"ImageObject","inLanguage":"de","@id":"https:\/\/www.organisator.ch\/management\/2022-06-21\/auch-buexi-am-unternehmertag-2022-in-vaduz\/#primaryimage","url":"https:\/\/www.organisator.ch\/wp-content\/uploads\/2022\/06\/Unternehmertag-mit-Joe-Kaeser-und-Monisha-Kaltenborn_Organisator.jpg","contentUrl":"https:\/\/www.organisator.ch\/wp-content\/uploads\/2022\/06\/Unternehmertag-mit-Joe-Kaeser-und-Monisha-Kaltenborn_Organisator.jpg","width":680,"height":501,"caption":"Sabine Monauni, Joe Kaeser, Peter Bofinger, Monisha Kaltenborn, Markus Kaiser und Monisha Kaltenborn treten am Unternehmertag in Vaduz auf. (Bild: zVg)"},{"@type":"BreadcrumbList","@id":"https:\/\/www.organisator.ch\/management\/2022-06-21\/auch-buexi-am-unternehmertag-2022-in-vaduz\/#breadcrumb","itemListElement":[{"@type":"ListItem","position":1,"name":"Home","item":"https:\/\/www.organisator.ch\/"},{"@type":"ListItem","position":2,"name":"Auch &#8222;B\u00fcxi&#8220; am Unternehmertag 2022 in Vaduz"}]},{"@type":"WebSite","@id":"https:\/\/www.organisator.ch\/#website","url":"https:\/\/www.organisator.ch\/","name":"Organisator","description":"Kompetent. Praxisnah. Der ORGANISATOR bereitet in 10 Ausgaben pro Jahr die wesentlichen Themen f\u00fcr F\u00fchrungskr\u00e4fte von KMU auf.","publisher":{"@id":"https:\/\/www.organisator.ch\/#organization"},"potentialAction":[{"@type":"SearchAction","target":{"@type":"EntryPoint","urlTemplate":"https:\/\/www.organisator.ch\/?s={search_term_string}"},"query-input":{"@type":"PropertyValueSpecification","valueRequired":true,"valueName":"search_term_string"}}],"inLanguage":"de"},{"@type":"Organization","@id":"https:\/\/www.organisator.ch\/#organization","name":"Organisator","url":"https:\/\/www.organisator.ch\/","logo":{"@type":"ImageObject","inLanguage":"de","@id":"https:\/\/www.organisator.ch\/#\/schema\/logo\/image\/","url":"https:\/\/www.organisator.ch\/wp-content\/uploads\/2022\/01\/Logo_Organisator_Website.png","contentUrl":"https:\/\/www.organisator.ch\/wp-content\/uploads\/2022\/01\/Logo_Organisator_Website.png","width":800,"height":77,"caption":"Organisator"},"image":{"@id":"https:\/\/www.organisator.ch\/#\/schema\/logo\/image\/"},"sameAs":["https:\/\/www.facebook.com\/OrganisatorFachmagazin","https:\/\/www.linkedin.com\/showcase\/organisator-das-magazin-fr-kmu","https:\/\/www.xing.com\/news\/pages\/organisator-ch-695","https:\/\/www.youtube.com\/channel\/UCGP2Sq0iWaZwT3BdIAQFYpw"]},{"@type":"Person","@id":"https:\/\/www.organisator.ch\/#\/schema\/person\/6f650f90b2842cd4c0cc334b4e36f67e","name":"thomas.berner","image":{"@type":"ImageObject","inLanguage":"de","@id":"https:\/\/secure.gravatar.com\/avatar\/ac5001d2a36cb6c6cd3e50789007ffca834b477b74a2144564522e944eabff61?s=96&d=mm&r=g","url":"https:\/\/secure.gravatar.com\/avatar\/ac5001d2a36cb6c6cd3e50789007ffca834b477b74a2144564522e944eabff61?s=96&d=mm&r=g","contentUrl":"https:\/\/secure.gravatar.com\/avatar\/ac5001d2a36cb6c6cd3e50789007ffca834b477b74a2144564522e944eabff61?s=96&d=mm&r=g","caption":"thomas.berner"},"url":"https:\/\/www.organisator.ch\/de\/author\/thomas-berner\/"}]}},"_links":{"self":[{"href":"https:\/\/www.organisator.ch\/de\/wp-json\/wp\/v2\/posts\/15383","targetHints":{"allow":["GET"]}}],"collection":[{"href":"https:\/\/www.organisator.ch\/de\/wp-json\/wp\/v2\/posts"}],"about":[{"href":"https:\/\/www.organisator.ch\/de\/wp-json\/wp\/v2\/types\/post"}],"author":[{"embeddable":true,"href":"https:\/\/www.organisator.ch\/de\/wp-json\/wp\/v2\/users\/4"}],"replies":[{"embeddable":true,"href":"https:\/\/www.organisator.ch\/de\/wp-json\/wp\/v2\/comments?post=15383"}],"version-history":[{"count":1,"href":"https:\/\/www.organisator.ch\/de\/wp-json\/wp\/v2\/posts\/15383\/revisions"}],"predecessor-version":[{"id":15384,"href":"https:\/\/www.organisator.ch\/de\/wp-json\/wp\/v2\/posts\/15383\/revisions\/15384"}],"wp:featuredmedia":[{"embeddable":true,"href":"https:\/\/www.organisator.ch\/de\/wp-json\/wp\/v2\/media\/14514"}],"wp:attachment":[{"href":"https:\/\/www.organisator.ch\/de\/wp-json\/wp\/v2\/media?parent=15383"}],"wp:term":[{"taxonomy":"category","embeddable":true,"href":"https:\/\/www.organisator.ch\/de\/wp-json\/wp\/v2\/categories?post=15383"},{"taxonomy":"post_tag","embeddable":true,"href":"https:\/\/www.organisator.ch\/de\/wp-json\/wp\/v2\/tags?post=15383"}],"curies":[{"name":"wp","href":"https:\/\/api.w.org\/{rel}","templated":true}]}}