{"id":15415,"date":"2022-06-22T15:50:05","date_gmt":"2022-06-22T13:50:05","guid":{"rendered":"https:\/\/www.organisator.ch\/?p=15415"},"modified":"2022-06-22T15:50:05","modified_gmt":"2022-06-22T13:50:05","slug":"tag-des-handels-2022-schweizer-haendler-mit-vollen-auftragsbuechern","status":"publish","type":"post","link":"https:\/\/www.organisator.ch\/de\/allgemein\/2022-06-22\/tag-des-handels-2022-schweizer-haendler-mit-vollen-auftragsbuechern\/","title":{"rendered":"Tag des Handels 2022: Schweizer H\u00e4ndler mit vollen Auftragsb\u00fcchern"},"content":{"rendered":"<figure id=\"attachment_15416\" aria-describedby=\"caption-attachment-15416\" style=\"width: 680px\" class=\"wp-caption alignnone\"><img loading=\"lazy\" decoding=\"async\" class=\"size-full wp-image-15416\" src=\"https:\/\/www.organisator.ch\/wp-content\/uploads\/2022\/06\/Tag-des-Handels-2022-Schweizer-Haendler-mit-vollen-Auftragsbuechern_Organisator.jpg\" alt=\"\" width=\"680\" height=\"452\" srcset=\"https:\/\/www.organisator.ch\/wp-content\/uploads\/2022\/06\/Tag-des-Handels-2022-Schweizer-Haendler-mit-vollen-Auftragsbuechern_Organisator.jpg 680w, https:\/\/www.organisator.ch\/wp-content\/uploads\/2022\/06\/Tag-des-Handels-2022-Schweizer-Haendler-mit-vollen-Auftragsbuechern_Organisator-18x12.jpg 18w, https:\/\/www.organisator.ch\/wp-content\/uploads\/2022\/06\/Tag-des-Handels-2022-Schweizer-Haendler-mit-vollen-Auftragsbuechern_Organisator-263x175.jpg 263w, https:\/\/www.organisator.ch\/wp-content\/uploads\/2022\/06\/Tag-des-Handels-2022-Schweizer-Haendler-mit-vollen-Auftragsbuechern_Organisator-527x350.jpg 527w, https:\/\/www.organisator.ch\/wp-content\/uploads\/2022\/06\/Tag-des-Handels-2022-Schweizer-Haendler-mit-vollen-Auftragsbuechern_Organisator-300x199.jpg 300w\" sizes=\"auto, (max-width: 680px) 100vw, 680px\" \/><figcaption id=\"caption-attachment-15416\" class=\"wp-caption-text\">Jan-Egbert Sturm sprach am Tag des Handels 2022 \u00fcber die makro\u00f6konomische Situation der Schweiz. (Bild: Jan Hellman \/ Handel Schweiz)<\/figcaption><\/figure>\n<p>Die Weltkonjunktur hat sich nach der Pandemie rasch erholt. Das zeigt der Vergleich der Finanzkrise von 2008\/2009 mit den Pandemiejahren. W\u00e4hrend 2008 die Weltwirtschaft um vorher unerreichte 4% schrumpfte, verringerte sich das Weltwirtschaftsvolumen w\u00e4hrend der Pandemie um 10%. Doch in beiden Phasen erreichte die Konjunktur innerhalb von rund eineinhalb Jahren wieder das Vorkrisenniveau. Um die makro\u00f6konomische Weltlage sei es also besser bestellt als vermutet, erkl\u00e4rte Prof. Dr. Jan-Egbert Sturm von der KOF Konjunkturforschungsstelle der ETH Z\u00fcrich am diesj\u00e4hrigen Tag des Handels. Die Kurve schw\u00e4che sich zwar leicht ab, aber sie sei immer noch auf gutem Niveau. Etwas anders pr\u00e4sentiert sich die Lage, wenn die Ergebnisse der internationalen Umfragen unter Produzenten und Konsumenten betrachtet werden. Diese beurteilen die aktuelle Lage als leicht getr\u00fcbt; f\u00fcr die Zukunft erwarten sie eine weitere Verschlechterung. Prof. Dr. Jan-Egbert Sturm brachte es auf den Punkt: \u00abAus internationaler Sicht ist die Stimmung nicht gut. Das Glas ist halb leer. Diese Haltung dr\u00fcckt auf die Konjunktur.\u00bb<\/p>\n<h3><strong><span>Boomphase in der Schweiz<\/span><\/strong><\/h3>\n<p><span>Anders s\u00e4he es in der Schweiz aus. Gastgewerbe und Grosshandel berichten von einer leicht \u00fcberdurchschnittlichen Gesch\u00e4ftslage. In der Industrie und im verarbeitenden Gewerbe herrsche Hochkonjunktur. Die Schweiz bef\u00e4nde sich in einer Boomphase. W\u00e4hrend vor der Krise die Lager im Handel als zu gross beurteilt wurden, seien sie im Jahr 2022 zu klein. F\u00fcr den Handel sei es ein Problem, dass weltweit die Lager gef\u00fcllt w\u00fcrden. Das h\u00e4nge mit der gleichzeitig hohen Nachfrage seitens der Konsumenten und der Produzenten zusammen. Diese Entwicklung beg\u00fcnstige den Anstieg der Inflation. Die Nachfrage im Handel sei weitgehend intakt. Jedoch mangle es an Fachkr\u00e4ften, wie zum Beispiel 55% der Bauunternehmen in Umfragen des KOF angeben. Der Bau ist ein wichtiger Kunde des Handels. Gem\u00e4ss den Befragungen k\u00f6nnten die Baufirmen mit mehr Fachkr\u00e4ften ein gr\u00f6sseres Volumen an Auftr\u00e4gen annehmen.\u00a0<\/span><\/p>\n<h3><strong><span>Fehlende Vorprodukte stoppen den Export<\/span><\/strong><\/h3>\n<p><span>F\u00fcr Schweizer Unternehmen bergen k\u00fcnftige Entwicklungen \u00e4hnliche Unsicherheiten wie f\u00fcr Firmen in anderen Weltgegenden. Ein Problem ist der Mangel an Vorprodukten. Dies best\u00e4tigte Carl A. Ziegler, Pr\u00e4sident von swiss export. Auch die exportierenden Firmen freuen sich \u00fcber volle Auftragsb\u00fccher. Trotz Krieg, Inflation und Probleme auf den Lieferketten sei das Gros der Firmen optimistisch. Doch die nicht vorhandenen Vorprodukte wirken sich sehr negativ aus, wie er betonte: \u00abFehlen Einzelteile, k\u00f6nnen ganze Anlagen nicht exportiert werden. Die Unternehmen d\u00fcrfen sich daher nicht mehr auf nur einen Partner verlassen, sondern m\u00fcssen neue Lieferanten finden, zum Teil auch in anderen Regionen als bisher.\u00bb Eine weitere Herausforderung enthalte das Thema Nachhaltigkeit. Zwar seien die exportierenden Firmen vor allem KMU mit einem hohen Nachhaltigkeitsstandard. Trotzdem will sich die Branche weiter verbessern. Swiss export hat daher das Projekt Ecomove ins Leben gerufen, das die Firmen bei ihren Anstrengungen unterst\u00fctzt.\u00a0<\/span><\/p>\n<h3><strong><span>Konsumenten m\u00fcssen f\u00fcr Nachhaltigkeit mehr bezahlen<\/span><\/strong><\/h3>\n<p><span>Nachhaltigkeit ist auch ein zentrales Thema im Textilhandel, wie Carl Illi, Pr\u00e4sident Swiss Textiles, am Tag des Handels ausf\u00fchrte. Der Knackpunkt l\u00e4ge jedoch bei den Konsumenten. Denn mehr Nachhaltigkeit koste. Die Frage sei: Zahlen die Konsumenten die h\u00f6heren Preise? Nachhaltiger bedeute manchmal, in der N\u00e4he zu produzieren. Damit sei jedoch nicht Mitteleuropa gemeint. Denn allein die Genehmigung und der Bau von Fabriken dauerte hier l\u00e4nger als in anderen Teilen der Welt.\u00a0<\/span><\/p>\n<p><span>Nach wie vor gilt: Rund die H\u00e4lfte der weltweiten Textilien werden in China hergestellt. In der EU gibt es Bestrebungen, den Carbon Footprint einzuf\u00fchren und auf den Produktetiketten auszuweisen. Carl Illi machte jedoch klar: \u00abDie Textilindustrie w\u00e4re schon heute nachhaltiger, wenn die Konsumenten die h\u00f6heren Preise zahlen w\u00fcrden. Neue Produktionsmaschinen brauchen 30% weniger Wasser und weniger Strom. Doch jede neue Maschine muss zuerst verdient werden.\u00bb\u00a0<\/span><span>Dabei gibt es ein Hindernis. Zwar hat auch die Textilbranche weltweit volle Auftragsb\u00fccher. Die Konsumenten str\u00f6men in die L\u00e4den. Doch die Ware wird insgesamt teurer, und dies nicht wegen zunehmender Nachhaltigkeit. So ist die sehr energieabh\u00e4ngige Textilbranche auf niedrige Stromkosten angewiesen. Carl Illi erkl\u00e4rt: \u00abWeltweit sehe ich keinen Produzenten, der heute g\u00fcnstiger herstellt als vor zwei Jahren.\u00bb Der Pr\u00e4sident von Swiss Textiles geht zudem davon aus, dass die Containerpreise hoch bleiben. F\u00fcr die Hersteller von Textilien steigen mehrere Kosten. Die alten Lager sind aufgebraucht, und die neuen Lager werden teurer. Resultat: Die Textilanbieter geben die Teuerung an die Konsumenten weiter. Parallel dazu ist im Markt der Textilmaschinen eine Verschiebung zu beobachten. Die hohen chinesischen Stromkosten und der durch die Lockdowns bedingte Mangel an Arbeitskr\u00e4ften hat die Suche nach alternativen Produzenten beg\u00fcnstigt. L\u00e4nder wie Pakistan, Indien, Vietnam, die T\u00fcrkei, Kambodscha und S\u00fcdamerika investieren neu in den Textilmaschinenbau. Es bleibt abzuwarten, wie sich dies auf die Themen Nachhaltigkeit und Preise auswirken wird.\u00a0 Der Schweizer Verband macht jedenfalls die Branche mit dem neuen Swiss Textile Recycling Ecosystem fit f\u00fcr die Zukunft. Nun kommt es noch auf die Konsumenten an.<\/span><\/p>\n<p><em>Quelle und weitere Informationen: <a href=\"http:\/\/www.handel-schweiz.ch\">Handel Schweiz<\/a><\/em><\/p>\n","protected":false},"excerpt":{"rendered":"<p>Die Weltkonjunktur hat sich nach der Pandemie rasch erholt. Das zeigt der Vergleich der Finanzkrise von 2008\/2009 mit den Pandemiejahren. W\u00e4hrend 2008 die Weltwirtschaft um vorher unerreichte 4% schrumpfte, verringerte sich das Weltwirtschaftsvolumen w\u00e4hrend der Pandemie um 10%. Doch in beiden Phasen erreichte die Konjunktur innerhalb von rund eineinhalb Jahren wieder das Vorkrisenniveau. Um die [&hellip;]<\/p>\n","protected":false},"author":4,"featured_media":15416,"comment_status":"closed","ping_status":"closed","sticky":false,"template":"","format":"standard","meta":{"_acf_changed":false,"_yoast_wpseo_focuskw":"Tag des Handels","_yoast_wpseo_metadesc":"Gute Prognosen am Tag des Handels 2022: Aktuell entwickelt sich der Schweizer Handel noch besser als die Weltkonjunktur.","articlekey":"","footnotes":""},"categories":[1,580],"tags":[2994,1150,248],"class_list":["post-15415","post","type-post","status-publish","format-standard","has-post-thumbnail","hentry","category-allgemein","category-sustainability","tag-exportwirtschaft","tag-fachtagung","tag-handel"],"acf":[],"yoast_head":"<!-- This site is optimized with the Yoast SEO plugin v27.4 - https:\/\/yoast.com\/product\/yoast-seo-wordpress\/ -->\n<title>Tag des Handels 2022: Schweizer H\u00e4ndler mit vollen Auftragsb\u00fcchern - Organisator<\/title>\n<meta name=\"description\" content=\"Gute Prognosen am Tag des Handels 2022: Aktuell entwickelt sich der Schweizer Handel noch besser als die Weltkonjunktur.\" \/>\n<meta name=\"robots\" content=\"index, follow, max-snippet:-1, max-image-preview:large, max-video-preview:-1\" \/>\n<link rel=\"canonical\" href=\"https:\/\/www.organisator.ch\/de\/allgemein\/2022-06-22\/tag-des-handels-2022-schweizer-haendler-mit-vollen-auftragsbuechern\/\" \/>\n<meta property=\"og:locale\" content=\"de_DE\" \/>\n<meta property=\"og:type\" content=\"article\" \/>\n<meta property=\"og:title\" content=\"Tag des Handels 2022: Schweizer H\u00e4ndler mit vollen Auftragsb\u00fcchern\" \/>\n<meta property=\"og:description\" content=\"Gute Prognosen am Tag des Handels 2022: Aktuell entwickelt sich der Schweizer Handel noch besser als die Weltkonjunktur.\" \/>\n<meta property=\"og:url\" content=\"https:\/\/www.organisator.ch\/de\/allgemein\/2022-06-22\/tag-des-handels-2022-schweizer-haendler-mit-vollen-auftragsbuechern\/\" \/>\n<meta property=\"og:site_name\" content=\"Organisator\" \/>\n<meta property=\"article:publisher\" content=\"https:\/\/www.facebook.com\/OrganisatorFachmagazin\" \/>\n<meta property=\"article:published_time\" content=\"2022-06-22T13:50:05+00:00\" \/>\n<meta property=\"og:image\" content=\"https:\/\/www.organisator.ch\/wp-content\/uploads\/2022\/06\/Tag-des-Handels-2022-Schweizer-Haendler-mit-vollen-Auftragsbuechern_Organisator.jpg\" \/>\n\t<meta property=\"og:image:width\" content=\"680\" \/>\n\t<meta property=\"og:image:height\" content=\"452\" \/>\n\t<meta property=\"og:image:type\" content=\"image\/jpeg\" \/>\n<meta name=\"author\" content=\"thomas.berner\" \/>\n<meta name=\"twitter:card\" content=\"summary_large_image\" \/>\n<meta name=\"twitter:title\" content=\"Tag des #Handels 2022: Schweizer H\u00e4ndler mit vollen #Auftragsb\u00fcchern\" \/>\n<meta name=\"twitter:description\" content=\"Gute Prognosen am Tag des Handels 2022: Aktuell entwickelt sich der Schweizer Handel noch besser als die #Weltkonjunktur.\" \/>\n<meta name=\"twitter:image\" content=\"https:\/\/www.organisator.ch\/wp-content\/uploads\/2022\/06\/Tag-des-Handels-2022-Schweizer-Haendler-mit-vollen-Auftragsbuechern_Organisator.jpg\" \/>\n<script type=\"application\/ld+json\" class=\"yoast-schema-graph\">{\"@context\":\"https:\\\/\\\/schema.org\",\"@graph\":[{\"@type\":\"Article\",\"@id\":\"https:\\\/\\\/www.organisator.ch\\\/allgemein\\\/2022-06-22\\\/tag-des-handels-2022-schweizer-haendler-mit-vollen-auftragsbuechern\\\/#article\",\"isPartOf\":{\"@id\":\"https:\\\/\\\/www.organisator.ch\\\/allgemein\\\/2022-06-22\\\/tag-des-handels-2022-schweizer-haendler-mit-vollen-auftragsbuechern\\\/\"},\"author\":{\"name\":\"thomas.berner\",\"@id\":\"https:\\\/\\\/www.organisator.ch\\\/#\\\/schema\\\/person\\\/6f650f90b2842cd4c0cc334b4e36f67e\"},\"headline\":\"Tag des Handels 2022: Schweizer H\u00e4ndler mit vollen Auftragsb\u00fcchern\",\"datePublished\":\"2022-06-22T13:50:05+00:00\",\"mainEntityOfPage\":{\"@id\":\"https:\\\/\\\/www.organisator.ch\\\/allgemein\\\/2022-06-22\\\/tag-des-handels-2022-schweizer-haendler-mit-vollen-auftragsbuechern\\\/\"},\"wordCount\":867,\"publisher\":{\"@id\":\"https:\\\/\\\/www.organisator.ch\\\/#organization\"},\"image\":{\"@id\":\"https:\\\/\\\/www.organisator.ch\\\/allgemein\\\/2022-06-22\\\/tag-des-handels-2022-schweizer-haendler-mit-vollen-auftragsbuechern\\\/#primaryimage\"},\"thumbnailUrl\":\"https:\\\/\\\/www.organisator.ch\\\/wp-content\\\/uploads\\\/2022\\\/06\\\/Tag-des-Handels-2022-Schweizer-Haendler-mit-vollen-Auftragsbuechern_Organisator.jpg\",\"keywords\":[\"Exportwirtschaft\",\"Fachtagung\",\"Handel\"],\"articleSection\":{\"1\":\"SUSTAINABILITY\"},\"inLanguage\":\"de\"},{\"@type\":\"WebPage\",\"@id\":\"https:\\\/\\\/www.organisator.ch\\\/allgemein\\\/2022-06-22\\\/tag-des-handels-2022-schweizer-haendler-mit-vollen-auftragsbuechern\\\/\",\"url\":\"https:\\\/\\\/www.organisator.ch\\\/allgemein\\\/2022-06-22\\\/tag-des-handels-2022-schweizer-haendler-mit-vollen-auftragsbuechern\\\/\",\"name\":\"Tag des Handels 2022: Schweizer H\u00e4ndler mit vollen Auftragsb\u00fcchern - Organisator\",\"isPartOf\":{\"@id\":\"https:\\\/\\\/www.organisator.ch\\\/#website\"},\"primaryImageOfPage\":{\"@id\":\"https:\\\/\\\/www.organisator.ch\\\/allgemein\\\/2022-06-22\\\/tag-des-handels-2022-schweizer-haendler-mit-vollen-auftragsbuechern\\\/#primaryimage\"},\"image\":{\"@id\":\"https:\\\/\\\/www.organisator.ch\\\/allgemein\\\/2022-06-22\\\/tag-des-handels-2022-schweizer-haendler-mit-vollen-auftragsbuechern\\\/#primaryimage\"},\"thumbnailUrl\":\"https:\\\/\\\/www.organisator.ch\\\/wp-content\\\/uploads\\\/2022\\\/06\\\/Tag-des-Handels-2022-Schweizer-Haendler-mit-vollen-Auftragsbuechern_Organisator.jpg\",\"datePublished\":\"2022-06-22T13:50:05+00:00\",\"description\":\"Gute Prognosen am Tag des Handels 2022: Aktuell entwickelt sich der Schweizer Handel noch besser als die Weltkonjunktur.\",\"breadcrumb\":{\"@id\":\"https:\\\/\\\/www.organisator.ch\\\/allgemein\\\/2022-06-22\\\/tag-des-handels-2022-schweizer-haendler-mit-vollen-auftragsbuechern\\\/#breadcrumb\"},\"inLanguage\":\"de\",\"potentialAction\":[{\"@type\":\"ReadAction\",\"target\":[\"https:\\\/\\\/www.organisator.ch\\\/allgemein\\\/2022-06-22\\\/tag-des-handels-2022-schweizer-haendler-mit-vollen-auftragsbuechern\\\/\"]}]},{\"@type\":\"ImageObject\",\"inLanguage\":\"de\",\"@id\":\"https:\\\/\\\/www.organisator.ch\\\/allgemein\\\/2022-06-22\\\/tag-des-handels-2022-schweizer-haendler-mit-vollen-auftragsbuechern\\\/#primaryimage\",\"url\":\"https:\\\/\\\/www.organisator.ch\\\/wp-content\\\/uploads\\\/2022\\\/06\\\/Tag-des-Handels-2022-Schweizer-Haendler-mit-vollen-Auftragsbuechern_Organisator.jpg\",\"contentUrl\":\"https:\\\/\\\/www.organisator.ch\\\/wp-content\\\/uploads\\\/2022\\\/06\\\/Tag-des-Handels-2022-Schweizer-Haendler-mit-vollen-Auftragsbuechern_Organisator.jpg\",\"width\":680,\"height\":452,\"caption\":\"Jan-Egbert Sturm sprach am Tag des Handels 2022 \u00fcber die makro\u00f6konomische Situation der Schweiz. (Bild: Jan Hellman \\\/ Handel Schweiz)\"},{\"@type\":\"BreadcrumbList\",\"@id\":\"https:\\\/\\\/www.organisator.ch\\\/allgemein\\\/2022-06-22\\\/tag-des-handels-2022-schweizer-haendler-mit-vollen-auftragsbuechern\\\/#breadcrumb\",\"itemListElement\":[{\"@type\":\"ListItem\",\"position\":1,\"name\":\"Home\",\"item\":\"https:\\\/\\\/www.organisator.ch\\\/\"},{\"@type\":\"ListItem\",\"position\":2,\"name\":\"Tag des Handels 2022: Schweizer H\u00e4ndler mit vollen Auftragsb\u00fcchern\"}]},{\"@type\":\"WebSite\",\"@id\":\"https:\\\/\\\/www.organisator.ch\\\/#website\",\"url\":\"https:\\\/\\\/www.organisator.ch\\\/\",\"name\":\"Organisator\",\"description\":\"Kompetent. Praxisnah. Der ORGANISATOR bereitet in 10 Ausgaben pro Jahr die wesentlichen Themen f\u00fcr F\u00fchrungskr\u00e4fte von KMU auf.\",\"publisher\":{\"@id\":\"https:\\\/\\\/www.organisator.ch\\\/#organization\"},\"potentialAction\":[{\"@type\":\"SearchAction\",\"target\":{\"@type\":\"EntryPoint\",\"urlTemplate\":\"https:\\\/\\\/www.organisator.ch\\\/?s={search_term_string}\"},\"query-input\":{\"@type\":\"PropertyValueSpecification\",\"valueRequired\":true,\"valueName\":\"search_term_string\"}}],\"inLanguage\":\"de\"},{\"@type\":\"Organization\",\"@id\":\"https:\\\/\\\/www.organisator.ch\\\/#organization\",\"name\":\"Organisator\",\"url\":\"https:\\\/\\\/www.organisator.ch\\\/\",\"logo\":{\"@type\":\"ImageObject\",\"inLanguage\":\"de\",\"@id\":\"https:\\\/\\\/www.organisator.ch\\\/#\\\/schema\\\/logo\\\/image\\\/\",\"url\":\"https:\\\/\\\/www.organisator.ch\\\/wp-content\\\/uploads\\\/2022\\\/01\\\/Logo_Organisator_Website.png\",\"contentUrl\":\"https:\\\/\\\/www.organisator.ch\\\/wp-content\\\/uploads\\\/2022\\\/01\\\/Logo_Organisator_Website.png\",\"width\":800,\"height\":77,\"caption\":\"Organisator\"},\"image\":{\"@id\":\"https:\\\/\\\/www.organisator.ch\\\/#\\\/schema\\\/logo\\\/image\\\/\"},\"sameAs\":[\"https:\\\/\\\/www.facebook.com\\\/OrganisatorFachmagazin\",\"https:\\\/\\\/www.linkedin.com\\\/showcase\\\/organisator-das-magazin-fr-kmu\",\"https:\\\/\\\/www.xing.com\\\/news\\\/pages\\\/organisator-ch-695\",\"https:\\\/\\\/www.youtube.com\\\/channel\\\/UCGP2Sq0iWaZwT3BdIAQFYpw\"]},{\"@type\":\"Person\",\"@id\":\"https:\\\/\\\/www.organisator.ch\\\/#\\\/schema\\\/person\\\/6f650f90b2842cd4c0cc334b4e36f67e\",\"name\":\"thomas.berner\",\"image\":{\"@type\":\"ImageObject\",\"inLanguage\":\"de\",\"@id\":\"https:\\\/\\\/secure.gravatar.com\\\/avatar\\\/ac5001d2a36cb6c6cd3e50789007ffca834b477b74a2144564522e944eabff61?s=96&d=mm&r=g\",\"url\":\"https:\\\/\\\/secure.gravatar.com\\\/avatar\\\/ac5001d2a36cb6c6cd3e50789007ffca834b477b74a2144564522e944eabff61?s=96&d=mm&r=g\",\"contentUrl\":\"https:\\\/\\\/secure.gravatar.com\\\/avatar\\\/ac5001d2a36cb6c6cd3e50789007ffca834b477b74a2144564522e944eabff61?s=96&d=mm&r=g\",\"caption\":\"thomas.berner\"},\"url\":\"https:\\\/\\\/www.organisator.ch\\\/de\\\/author\\\/thomas-berner\\\/\"}]}<\/script>\n<!-- \/ Yoast SEO plugin. -->","yoast_head_json":{"title":"Tag des Handels 2022: Schweizer H\u00e4ndler mit vollen Auftragsb\u00fcchern - Organisator","description":"Gute Prognosen am Tag des Handels 2022: Aktuell entwickelt sich der Schweizer Handel noch besser als die Weltkonjunktur.","robots":{"index":"index","follow":"follow","max-snippet":"max-snippet:-1","max-image-preview":"max-image-preview:large","max-video-preview":"max-video-preview:-1"},"canonical":"https:\/\/www.organisator.ch\/de\/allgemein\/2022-06-22\/tag-des-handels-2022-schweizer-haendler-mit-vollen-auftragsbuechern\/","og_locale":"de_DE","og_type":"article","og_title":"Tag des Handels 2022: Schweizer H\u00e4ndler mit vollen Auftragsb\u00fcchern","og_description":"Gute Prognosen am Tag des Handels 2022: Aktuell entwickelt sich der Schweizer Handel noch besser als die Weltkonjunktur.","og_url":"https:\/\/www.organisator.ch\/de\/allgemein\/2022-06-22\/tag-des-handels-2022-schweizer-haendler-mit-vollen-auftragsbuechern\/","og_site_name":"Organisator","article_publisher":"https:\/\/www.facebook.com\/OrganisatorFachmagazin","article_published_time":"2022-06-22T13:50:05+00:00","og_image":[{"width":680,"height":452,"url":"https:\/\/www.organisator.ch\/wp-content\/uploads\/2022\/06\/Tag-des-Handels-2022-Schweizer-Haendler-mit-vollen-Auftragsbuechern_Organisator.jpg","type":"image\/jpeg"}],"author":"thomas.berner","twitter_card":"summary_large_image","twitter_title":"Tag des #Handels 2022: Schweizer H\u00e4ndler mit vollen #Auftragsb\u00fcchern","twitter_description":"Gute Prognosen am Tag des Handels 2022: Aktuell entwickelt sich der Schweizer Handel noch besser als die #Weltkonjunktur.","twitter_image":"https:\/\/www.organisator.ch\/wp-content\/uploads\/2022\/06\/Tag-des-Handels-2022-Schweizer-Haendler-mit-vollen-Auftragsbuechern_Organisator.jpg","schema":{"@context":"https:\/\/schema.org","@graph":[{"@type":"Article","@id":"https:\/\/www.organisator.ch\/allgemein\/2022-06-22\/tag-des-handels-2022-schweizer-haendler-mit-vollen-auftragsbuechern\/#article","isPartOf":{"@id":"https:\/\/www.organisator.ch\/allgemein\/2022-06-22\/tag-des-handels-2022-schweizer-haendler-mit-vollen-auftragsbuechern\/"},"author":{"name":"thomas.berner","@id":"https:\/\/www.organisator.ch\/#\/schema\/person\/6f650f90b2842cd4c0cc334b4e36f67e"},"headline":"Tag des Handels 2022: Schweizer H\u00e4ndler mit vollen Auftragsb\u00fcchern","datePublished":"2022-06-22T13:50:05+00:00","mainEntityOfPage":{"@id":"https:\/\/www.organisator.ch\/allgemein\/2022-06-22\/tag-des-handels-2022-schweizer-haendler-mit-vollen-auftragsbuechern\/"},"wordCount":867,"publisher":{"@id":"https:\/\/www.organisator.ch\/#organization"},"image":{"@id":"https:\/\/www.organisator.ch\/allgemein\/2022-06-22\/tag-des-handels-2022-schweizer-haendler-mit-vollen-auftragsbuechern\/#primaryimage"},"thumbnailUrl":"https:\/\/www.organisator.ch\/wp-content\/uploads\/2022\/06\/Tag-des-Handels-2022-Schweizer-Haendler-mit-vollen-Auftragsbuechern_Organisator.jpg","keywords":["Exportwirtschaft","Fachtagung","Handel"],"articleSection":{"1":"SUSTAINABILITY"},"inLanguage":"de"},{"@type":"WebPage","@id":"https:\/\/www.organisator.ch\/allgemein\/2022-06-22\/tag-des-handels-2022-schweizer-haendler-mit-vollen-auftragsbuechern\/","url":"https:\/\/www.organisator.ch\/allgemein\/2022-06-22\/tag-des-handels-2022-schweizer-haendler-mit-vollen-auftragsbuechern\/","name":"Tag des Handels 2022: Schweizer H\u00e4ndler mit vollen Auftragsb\u00fcchern - Organisator","isPartOf":{"@id":"https:\/\/www.organisator.ch\/#website"},"primaryImageOfPage":{"@id":"https:\/\/www.organisator.ch\/allgemein\/2022-06-22\/tag-des-handels-2022-schweizer-haendler-mit-vollen-auftragsbuechern\/#primaryimage"},"image":{"@id":"https:\/\/www.organisator.ch\/allgemein\/2022-06-22\/tag-des-handels-2022-schweizer-haendler-mit-vollen-auftragsbuechern\/#primaryimage"},"thumbnailUrl":"https:\/\/www.organisator.ch\/wp-content\/uploads\/2022\/06\/Tag-des-Handels-2022-Schweizer-Haendler-mit-vollen-Auftragsbuechern_Organisator.jpg","datePublished":"2022-06-22T13:50:05+00:00","description":"Gute Prognosen am Tag des Handels 2022: Aktuell entwickelt sich der Schweizer Handel noch besser als die Weltkonjunktur.","breadcrumb":{"@id":"https:\/\/www.organisator.ch\/allgemein\/2022-06-22\/tag-des-handels-2022-schweizer-haendler-mit-vollen-auftragsbuechern\/#breadcrumb"},"inLanguage":"de","potentialAction":[{"@type":"ReadAction","target":["https:\/\/www.organisator.ch\/allgemein\/2022-06-22\/tag-des-handels-2022-schweizer-haendler-mit-vollen-auftragsbuechern\/"]}]},{"@type":"ImageObject","inLanguage":"de","@id":"https:\/\/www.organisator.ch\/allgemein\/2022-06-22\/tag-des-handels-2022-schweizer-haendler-mit-vollen-auftragsbuechern\/#primaryimage","url":"https:\/\/www.organisator.ch\/wp-content\/uploads\/2022\/06\/Tag-des-Handels-2022-Schweizer-Haendler-mit-vollen-Auftragsbuechern_Organisator.jpg","contentUrl":"https:\/\/www.organisator.ch\/wp-content\/uploads\/2022\/06\/Tag-des-Handels-2022-Schweizer-Haendler-mit-vollen-Auftragsbuechern_Organisator.jpg","width":680,"height":452,"caption":"Jan-Egbert Sturm sprach am Tag des Handels 2022 \u00fcber die makro\u00f6konomische Situation der Schweiz. (Bild: Jan Hellman \/ Handel Schweiz)"},{"@type":"BreadcrumbList","@id":"https:\/\/www.organisator.ch\/allgemein\/2022-06-22\/tag-des-handels-2022-schweizer-haendler-mit-vollen-auftragsbuechern\/#breadcrumb","itemListElement":[{"@type":"ListItem","position":1,"name":"Home","item":"https:\/\/www.organisator.ch\/"},{"@type":"ListItem","position":2,"name":"Tag des Handels 2022: Schweizer H\u00e4ndler mit vollen Auftragsb\u00fcchern"}]},{"@type":"WebSite","@id":"https:\/\/www.organisator.ch\/#website","url":"https:\/\/www.organisator.ch\/","name":"Organisator","description":"Kompetent. Praxisnah. Der ORGANISATOR bereitet in 10 Ausgaben pro Jahr die wesentlichen Themen f\u00fcr F\u00fchrungskr\u00e4fte von KMU auf.","publisher":{"@id":"https:\/\/www.organisator.ch\/#organization"},"potentialAction":[{"@type":"SearchAction","target":{"@type":"EntryPoint","urlTemplate":"https:\/\/www.organisator.ch\/?s={search_term_string}"},"query-input":{"@type":"PropertyValueSpecification","valueRequired":true,"valueName":"search_term_string"}}],"inLanguage":"de"},{"@type":"Organization","@id":"https:\/\/www.organisator.ch\/#organization","name":"Organisator","url":"https:\/\/www.organisator.ch\/","logo":{"@type":"ImageObject","inLanguage":"de","@id":"https:\/\/www.organisator.ch\/#\/schema\/logo\/image\/","url":"https:\/\/www.organisator.ch\/wp-content\/uploads\/2022\/01\/Logo_Organisator_Website.png","contentUrl":"https:\/\/www.organisator.ch\/wp-content\/uploads\/2022\/01\/Logo_Organisator_Website.png","width":800,"height":77,"caption":"Organisator"},"image":{"@id":"https:\/\/www.organisator.ch\/#\/schema\/logo\/image\/"},"sameAs":["https:\/\/www.facebook.com\/OrganisatorFachmagazin","https:\/\/www.linkedin.com\/showcase\/organisator-das-magazin-fr-kmu","https:\/\/www.xing.com\/news\/pages\/organisator-ch-695","https:\/\/www.youtube.com\/channel\/UCGP2Sq0iWaZwT3BdIAQFYpw"]},{"@type":"Person","@id":"https:\/\/www.organisator.ch\/#\/schema\/person\/6f650f90b2842cd4c0cc334b4e36f67e","name":"thomas.berner","image":{"@type":"ImageObject","inLanguage":"de","@id":"https:\/\/secure.gravatar.com\/avatar\/ac5001d2a36cb6c6cd3e50789007ffca834b477b74a2144564522e944eabff61?s=96&d=mm&r=g","url":"https:\/\/secure.gravatar.com\/avatar\/ac5001d2a36cb6c6cd3e50789007ffca834b477b74a2144564522e944eabff61?s=96&d=mm&r=g","contentUrl":"https:\/\/secure.gravatar.com\/avatar\/ac5001d2a36cb6c6cd3e50789007ffca834b477b74a2144564522e944eabff61?s=96&d=mm&r=g","caption":"thomas.berner"},"url":"https:\/\/www.organisator.ch\/de\/author\/thomas-berner\/"}]}},"_links":{"self":[{"href":"https:\/\/www.organisator.ch\/de\/wp-json\/wp\/v2\/posts\/15415","targetHints":{"allow":["GET"]}}],"collection":[{"href":"https:\/\/www.organisator.ch\/de\/wp-json\/wp\/v2\/posts"}],"about":[{"href":"https:\/\/www.organisator.ch\/de\/wp-json\/wp\/v2\/types\/post"}],"author":[{"embeddable":true,"href":"https:\/\/www.organisator.ch\/de\/wp-json\/wp\/v2\/users\/4"}],"replies":[{"embeddable":true,"href":"https:\/\/www.organisator.ch\/de\/wp-json\/wp\/v2\/comments?post=15415"}],"version-history":[{"count":3,"href":"https:\/\/www.organisator.ch\/de\/wp-json\/wp\/v2\/posts\/15415\/revisions"}],"predecessor-version":[{"id":15443,"href":"https:\/\/www.organisator.ch\/de\/wp-json\/wp\/v2\/posts\/15415\/revisions\/15443"}],"wp:featuredmedia":[{"embeddable":true,"href":"https:\/\/www.organisator.ch\/de\/wp-json\/wp\/v2\/media\/15416"}],"wp:attachment":[{"href":"https:\/\/www.organisator.ch\/de\/wp-json\/wp\/v2\/media?parent=15415"}],"wp:term":[{"taxonomy":"category","embeddable":true,"href":"https:\/\/www.organisator.ch\/de\/wp-json\/wp\/v2\/categories?post=15415"},{"taxonomy":"post_tag","embeddable":true,"href":"https:\/\/www.organisator.ch\/de\/wp-json\/wp\/v2\/tags?post=15415"}],"curies":[{"name":"wp","href":"https:\/\/api.w.org\/{rel}","templated":true}]}}