{"id":15439,"date":"2022-06-24T10:35:47","date_gmt":"2022-06-24T08:35:47","guid":{"rendered":"https:\/\/www.organisator.ch\/?p=15439"},"modified":"2022-06-24T10:35:47","modified_gmt":"2022-06-24T08:35:47","slug":"angst-vor-der-gruenen-inflation","status":"publish","type":"post","link":"https:\/\/www.organisator.ch\/de\/sustainability\/2022-06-24\/angst-vor-der-gruenen-inflation\/","title":{"rendered":"Angst vor der gr\u00fcnen Inflation?"},"content":{"rendered":"<figure id=\"attachment_15440\" aria-describedby=\"caption-attachment-15440\" style=\"width: 680px\" class=\"wp-caption alignnone\"><img loading=\"lazy\" decoding=\"async\" class=\"size-full wp-image-15440\" src=\"https:\/\/www.organisator.ch\/wp-content\/uploads\/2022\/06\/Angst-vor-der-gruenen-Inflation_Organisator.jpg\" alt=\"\" width=\"680\" height=\"401\" srcset=\"https:\/\/www.organisator.ch\/wp-content\/uploads\/2022\/06\/Angst-vor-der-gruenen-Inflation_Organisator.jpg 680w, https:\/\/www.organisator.ch\/wp-content\/uploads\/2022\/06\/Angst-vor-der-gruenen-Inflation_Organisator-18x12.jpg 18w, https:\/\/www.organisator.ch\/wp-content\/uploads\/2022\/06\/Angst-vor-der-gruenen-Inflation_Organisator-297x175.jpg 297w, https:\/\/www.organisator.ch\/wp-content\/uploads\/2022\/06\/Angst-vor-der-gruenen-Inflation_Organisator-594x350.jpg 594w, https:\/\/www.organisator.ch\/wp-content\/uploads\/2022\/06\/Angst-vor-der-gruenen-Inflation_Organisator-300x177.jpg 300w\" sizes=\"auto, (max-width: 680px) 100vw, 680px\" \/><figcaption id=\"caption-attachment-15440\" class=\"wp-caption-text\">Dass der globale \u00dcbergang zu einer emissionsarmen Wirtschaft die Inflation befeuert, ist eine h\u00e4ufig geh\u00f6rte Bef\u00fcrchtung. Diese Angst ist aber gem\u00e4ss Experten unbegr\u00fcndet. (Bild: Pixabay.com)<\/figcaption><\/figure>\n<p>Manche Beobachter verweisen auf die Energiewende als naturgem\u00e4ss inflation\u00e4re Kraft, da sich Unternehmen trotz der weiterhin erh\u00f6hten Kosten f\u00fcr Strom aus erneuerbaren Energien gen\u00f6tigt sehen, weniger in fossile Energien zu investieren. Am Markt bezeichnet man dies als gr\u00fcne Inflation \u2013 der Einfluss der Umweltpolitik auf die Kosten der Versorgung mit G\u00fctern und Dienstleistungen, die sich \u00fcber die Lieferketten in den Verbraucherpreisen niederschlagen. Tats\u00e4chlich haben die verschiedensten Vorschriften und Richtlinien einen Einfluss auf die Inflation. Zu den preistreibenden Kr\u00e4ften z\u00e4hlt auch der internationale Widerstand gegen die Globalisierung, zum Beispiel durch das fortgesetzte Erheben von Handelsz\u00f6llen.<\/p>\n<h3>Gr\u00fcne Inflation wird Konsumpreise kaum beeinflussen<\/h3>\n<p>Die Pandemie hat gezeigt, wie anf\u00e4llig die globalen Lieferketten und Logistiknetze sind, und nun zieht Russlands Einmarsch in die Ukraine die Wirkung der inflation\u00e4ren Kr\u00e4fte in die L\u00e4nge. Der Erholungsprozess kommt dadurch nur langsam voran und der Druck auf die Rohstoffpreise steigt, denn der Krieg beschr\u00e4nkt den Zugang zu Energie, Metallen und Getreide. Ursache f\u00fcr das Inflationsproblem der USA ist jedoch nicht die Klimapolitik, sondern das \u00dcbermass an Konjunkturmassnahmen im Nachgang der Pandemie. Zu lange hat das Land an seiner entgegenkommenden Geld- und Haushaltspolitik festgehalten und jetzt herrscht auf dem US-Arbeitsmarkt Hochkonjunktur.<\/p>\n<p>Im Bereich der erneuerbaren Energien, die an bestimmte Rohstoffe wie etwa Metalle der seltenen Erden gebunden sind, k\u00f6nnten die hohe Nachfrage und das begrenzte Angebot einen mehrj\u00e4hrigen Rohstoffboom nach sich ziehen. Dennoch hat die gr\u00fcne Inflation unseres Erachtens auf lange Sicht keinen grossen Einfluss auf die Verbraucherpreisinflation. Klimapolitische Massnahmen sind in der Regel auf mehrere Jahrzehnte ausgelegt und z\u00e4hlen damit zu den strukturellen Treibern der relativen Preisentwicklung. Insgesamt erleben Verbraucher jedoch nur dann eine anhaltend hohe Inflation, wenn die grossen Notenbanken dies zulassen. Auch im Falle anhaltenden Aufw\u00e4rtsdrucks bei den Rohstoffpreisen w\u00fcrden wir nicht damit rechnen, dass die Gesamtinflation l\u00e4ngere Zeit \u00fcber den Notenbankzielen bleibt. Anlegern empfehlen wir, jenseits der kurzfristigen Entwicklungen die wahrscheinlich inflationsd\u00e4mpfende Wirkung der sich abzeichnenden ausgedehnten Straffung der Geldpolitik weltweit im Auge zu behalten.<\/p>\n<p>Die aktuelle Notenbankpolitik ist eine Reaktion auf die erh\u00f6hte Inflation und ihrer Bek\u00e4mpfung d\u00fcrfte auch k\u00fcnftig eine gr\u00f6ssere Bedeutung zukommen als dem Wirtschaftswachstum. In zwei Jahren wird die gr\u00fcne Inflation unseres Erachtens kein Thema mehr sein. Die Debatte wird sich wohl eher um die Folgen einer Rezession drehen, die in den USA fr\u00fcher eingesetzt hat als erwartet. Getrieben wird das Narrativ der gr\u00fcnen Inflation von den Entwicklungen im Westen. Insgesamt ist die Inflation in der Region Asien-Pazifik, wo die Umsetzung der Klimapolitik viel weniger weit fortgeschritten ist und der Sektor fossile Energie weniger stark beschr\u00e4nkt wird, erheblich niedriger. Dar\u00fcber hinaus herrscht aufgrund der verz\u00f6gerten Wiederer\u00f6ffnung der Wirtschaft in asiatischen L\u00e4ndern nach der Pandemie eine verhaltenere Wirtschaftsaktivit\u00e4t.<\/p>\n<h3>Die zunehmende Bedeutung Asiens<\/h3>\n<p>Ein zentrales, f\u00fcr Anleger interessantes Thema ist der Anteil der Region Asien-Pazifik an der technologischen Innovation, die eine globale Energiewende erfordert, und die Frage, ob dieser eine inflationsd\u00e4mpfende Wirkung zeigen wird. In gesamtwirtschaftlicher Hinsicht beweisen die Regierungen und Notenbanken der Region mehr Zur\u00fcckhaltung und weniger Bereitschaft, die Wirtschaft k\u00fcnstlich zu stabilisieren. Asien-Pazifik ist deutlich weniger stark verschuldet und die Regierungen in der Region sind weniger eingeschr\u00e4nkt und \u00e4usserst handlungsf\u00e4hig. Das Kapital, das Staat und Wirtschaft f\u00fcr die Energiewende zur Verf\u00fcgung steht, ist enorm.<\/p>\n<p>In den Anlageportfolios werden asiatische Unternehmen unseres Erachtens k\u00fcnftig eine zunehmend wichtige Rolle spielen. Ohne Asien, wo die industrielle Umweltverschmutzung die Regierungen zum Handeln gezwungen hat, wird es keine Energiewende geben. Infolge hoher Investitionen sind die Technologiekosten in den letzten zehn Jahren deutlich gesunken. Seit 2015 ist Solarenergie in Indien g\u00fcnstiger als Kohleenergie, sodass das Land kr\u00e4ftig in erneuerbare Energien investieren kann. Die technologischen Innovationen asiatischer Unternehmen, mit denen sich konkrete globale Probleme l\u00f6sen lassen, sollten unseres Erachtens in den Anlageportfolios st\u00e4rker ber\u00fccksichtigt werden. Einige dieser Unternehmen arbeiten intensiv daran, die Kosten f\u00fcr gr\u00fcnen Wasserstoff zu senken. Es gibt wenige Branchen, f\u00fcr die dies wichtiger w\u00e4re als f\u00fcr das stark umweltbelastende verarbeitende Gewerbe Chinas. Hier werden neue Energien gebraucht, um ganze Lieferketten sauberer zu machen. Bei gr\u00fcnem Wasserstoff will China dieselbe Rolle spielen wie zuvor in der Solar- und in bestimmten Windkrafttechnologien. Wir sind optimistisch, denn allein der Fortschritt in L\u00e4ndern wie Indien und China wird bereits einen grossen Beitrag zur L\u00f6sung einiger globaler Umweltprobleme leisten. Ziel ist es, die Macht von Kapitalismus und Innovation f\u00fcr die globale Energiewende einzusetzen. Die reicheren L\u00e4nder m\u00fcssen ihren Verpflichtungen jedoch nachkommen und den \u00e4rmeren unter die Arme greifen, damit diese nicht st\u00e4ndig \u00fcbergangen werden. Auch wenn China bei der Senkung der Technologiekosten auch k\u00fcnftig eine wichtige Rolle zukommt, wird dies einige Zeit dauern, und \u00e4rmere L\u00e4nder werden bis dahin Unterst\u00fctzung brauchen.<\/p>\n<h3>Nachhaltige Anlagen: Auf Langfristigkeit setzen<\/h3>\n<p>Nat\u00fcrlich m\u00fcssen Verm\u00f6gensverwalter innerhalb gewisser Parameter investieren. Arme L\u00e4nder haben h\u00e4ufig schlechte Kreditratings, Governance-Probleme oder nicht vollst\u00e4ndig ausgereifte Kapitalm\u00e4rkte. Wir m\u00fcssen einen Weg finden, Kapital zu mobilisieren, um diesen L\u00e4ndern zu helfen. Dies ist ein Teil des Problems, das gel\u00f6st werden muss. Auf kurze Sicht werden manche L\u00f6sungen einen inflation\u00e4ren Anschein erwecken. Elektroautos beispielsweise sind teurer als Fahrzeuge mit Verbrennungsmotoren. Dennoch sind es die Preise f\u00fcr Elektroautos, die relativ gesehen am st\u00e4rksten fallen. Gleiches gilt f\u00fcr eine breite Palette erneuerbarer Technologien, einschliesslich der Photovoltaik. Was heute inflationstreibend erscheint, kann morgen eine d\u00e4mpfende Wirkung entfalten. Zudem wird die Zeit kommen, da die Rohstoffpreise sinken und als grosser Rohstoffexporteur wird Asien davon kr\u00e4ftig profitieren.<\/p>\n<p>Aufgabe der Verm\u00f6gensverwalter ist es, bei der Empfehlung nachhaltiger Anlagen klarzustellen, dass es sich um langfristige Entscheidungen handelt. Unternehmen mit hohem Bedarf an Rohstoffen und fossilen Energietr\u00e4gern entwickeln sich gut, weil die Produktionskosten langsamer steigen als die Preise, was die Ertr\u00e4ge und Bewertungen beg\u00fcnstigt. Die Erneuerbaren dagegen waren im letzten Jahr zeitweise hoch bewertet, da es sich in vielen F\u00e4llen um Wachstumsunternehmen handelt. Das steigende Zinsniveau trieb auch den auf die Ertr\u00e4ge angesetzten Abschlag in die H\u00f6he und f\u00fchrte zu einer deutlichen Underperformance. Damit wird deutlich, dass Anleger in diesem Bereich mit starken Varianzen rechnen m\u00fcssen. Auch wenn davon auszugehen ist, dass die Notenbanken das Problem fr\u00fcher oder sp\u00e4ter in den Griff bekommen, sind Strategien, die Inflation und Volatilit\u00e4t aktiv angehen, auf kurze Sicht f\u00fcr das Anlageportfolio attraktiv.<\/p>\n<p><strong><em>Autoren:<\/em><\/strong><br \/>\n<em>Jeremy Lawson ist Chief Economist bei abrdn; Ken Akintewe ist Head of Asian Sovereign Debt ebenda. <a href=\"http:\/\/www.abrdn.com\/\">www.abrdn.com<\/a><\/em><\/p>\n","protected":false},"excerpt":{"rendered":"<p>Manche Beobachter verweisen auf die Energiewende als naturgem\u00e4ss inflation\u00e4re Kraft, da sich Unternehmen trotz der weiterhin erh\u00f6hten Kosten f\u00fcr Strom aus erneuerbaren Energien gen\u00f6tigt sehen, weniger in fossile Energien zu investieren. Am Markt bezeichnet man dies als gr\u00fcne Inflation \u2013 der Einfluss der Umweltpolitik auf die Kosten der Versorgung mit G\u00fctern und Dienstleistungen, die sich [&hellip;]<\/p>\n","protected":false},"author":4,"featured_media":15440,"comment_status":"closed","ping_status":"closed","sticky":false,"template":"","format":"standard","meta":{"_acf_changed":false,"_yoast_wpseo_focuskw":"Inflation","_yoast_wpseo_metadesc":"Die Angst, der weltweite \u00dcbergang zu einer emissionsarmen Wirtschaft werde die Inflation langfristig in die H\u00f6he treiben, ist \u00fcberzogen.","articlekey":"","footnotes":""},"categories":[580],"tags":[734,202,358],"class_list":["post-15439","post","type-post","status-publish","format-standard","has-post-thumbnail","hentry","category-sustainability","tag-asset-management","tag-finanzenrecht","tag-nachhaltige-wirtschaft"],"acf":[],"yoast_head":"<!-- This site is optimized with the Yoast SEO plugin v27.4 - https:\/\/yoast.com\/product\/yoast-seo-wordpress\/ -->\n<title>Angst vor der gr\u00fcnen Inflation? - Organisator<\/title>\n<meta name=\"description\" content=\"Die Angst, der weltweite \u00dcbergang zu einer emissionsarmen Wirtschaft werde die Inflation langfristig in die H\u00f6he treiben, ist \u00fcberzogen.\" \/>\n<meta name=\"robots\" content=\"index, follow, max-snippet:-1, max-image-preview:large, max-video-preview:-1\" \/>\n<link rel=\"canonical\" href=\"https:\/\/www.organisator.ch\/de\/sustainability\/2022-06-24\/angst-vor-der-gruenen-inflation\/\" \/>\n<meta property=\"og:locale\" content=\"de_DE\" \/>\n<meta property=\"og:type\" content=\"article\" \/>\n<meta property=\"og:title\" content=\"Angst vor der gr\u00fcnen Inflation?\" \/>\n<meta property=\"og:description\" content=\"Die Angst, der weltweite \u00dcbergang zu einer emissionsarmen Wirtschaft werde die Inflation langfristig in die H\u00f6he treiben, ist \u00fcberzogen.\" \/>\n<meta property=\"og:url\" content=\"https:\/\/www.organisator.ch\/de\/sustainability\/2022-06-24\/angst-vor-der-gruenen-inflation\/\" \/>\n<meta property=\"og:site_name\" content=\"Organisator\" \/>\n<meta property=\"article:publisher\" content=\"https:\/\/www.facebook.com\/OrganisatorFachmagazin\" \/>\n<meta property=\"article:published_time\" content=\"2022-06-24T08:35:47+00:00\" \/>\n<meta property=\"og:image\" content=\"https:\/\/www.organisator.ch\/wp-content\/uploads\/2022\/06\/Angst-vor-der-gruenen-Inflation_Organisator.jpg\" \/>\n\t<meta property=\"og:image:width\" content=\"680\" \/>\n\t<meta property=\"og:image:height\" content=\"401\" \/>\n\t<meta property=\"og:image:type\" content=\"image\/jpeg\" \/>\n<meta name=\"author\" content=\"thomas.berner\" \/>\n<meta name=\"twitter:card\" content=\"summary_large_image\" \/>\n<meta name=\"twitter:title\" content=\"#Angst vor der gr\u00fcnen #Inflation?\" \/>\n<meta name=\"twitter:description\" content=\"Die Angst, der weltweite \u00dcbergang zu einer emissionsarmen Wirtschaft werde die #Inflation langfristig in die H\u00f6he treiben, ist \u00fcberzogen.\" \/>\n<meta name=\"twitter:image\" content=\"https:\/\/www.organisator.ch\/wp-content\/uploads\/2022\/06\/Angst-vor-der-gruenen-Inflation_Organisator.jpg\" \/>\n<script type=\"application\/ld+json\" class=\"yoast-schema-graph\">{\"@context\":\"https:\\\/\\\/schema.org\",\"@graph\":[{\"@type\":\"Article\",\"@id\":\"https:\\\/\\\/www.organisator.ch\\\/sustainability\\\/2022-06-24\\\/angst-vor-der-gruenen-inflation\\\/#article\",\"isPartOf\":{\"@id\":\"https:\\\/\\\/www.organisator.ch\\\/sustainability\\\/2022-06-24\\\/angst-vor-der-gruenen-inflation\\\/\"},\"author\":{\"name\":\"thomas.berner\",\"@id\":\"https:\\\/\\\/www.organisator.ch\\\/#\\\/schema\\\/person\\\/6f650f90b2842cd4c0cc334b4e36f67e\"},\"headline\":\"Angst vor der gr\u00fcnen Inflation?\",\"datePublished\":\"2022-06-24T08:35:47+00:00\",\"mainEntityOfPage\":{\"@id\":\"https:\\\/\\\/www.organisator.ch\\\/sustainability\\\/2022-06-24\\\/angst-vor-der-gruenen-inflation\\\/\"},\"wordCount\":1157,\"publisher\":{\"@id\":\"https:\\\/\\\/www.organisator.ch\\\/#organization\"},\"image\":{\"@id\":\"https:\\\/\\\/www.organisator.ch\\\/sustainability\\\/2022-06-24\\\/angst-vor-der-gruenen-inflation\\\/#primaryimage\"},\"thumbnailUrl\":\"https:\\\/\\\/www.organisator.ch\\\/wp-content\\\/uploads\\\/2022\\\/06\\\/Angst-vor-der-gruenen-Inflation_Organisator.jpg\",\"keywords\":[\"Asset Management\",\"Finanzen\\\/Recht\",\"Nachhaltige Wirtschaft\"],\"articleSection\":[\"SUSTAINABILITY\"],\"inLanguage\":\"de\"},{\"@type\":\"WebPage\",\"@id\":\"https:\\\/\\\/www.organisator.ch\\\/sustainability\\\/2022-06-24\\\/angst-vor-der-gruenen-inflation\\\/\",\"url\":\"https:\\\/\\\/www.organisator.ch\\\/sustainability\\\/2022-06-24\\\/angst-vor-der-gruenen-inflation\\\/\",\"name\":\"Angst vor der gr\u00fcnen Inflation? - Organisator\",\"isPartOf\":{\"@id\":\"https:\\\/\\\/www.organisator.ch\\\/#website\"},\"primaryImageOfPage\":{\"@id\":\"https:\\\/\\\/www.organisator.ch\\\/sustainability\\\/2022-06-24\\\/angst-vor-der-gruenen-inflation\\\/#primaryimage\"},\"image\":{\"@id\":\"https:\\\/\\\/www.organisator.ch\\\/sustainability\\\/2022-06-24\\\/angst-vor-der-gruenen-inflation\\\/#primaryimage\"},\"thumbnailUrl\":\"https:\\\/\\\/www.organisator.ch\\\/wp-content\\\/uploads\\\/2022\\\/06\\\/Angst-vor-der-gruenen-Inflation_Organisator.jpg\",\"datePublished\":\"2022-06-24T08:35:47+00:00\",\"description\":\"Die Angst, der weltweite \u00dcbergang zu einer emissionsarmen Wirtschaft werde die Inflation langfristig in die H\u00f6he treiben, ist \u00fcberzogen.\",\"breadcrumb\":{\"@id\":\"https:\\\/\\\/www.organisator.ch\\\/sustainability\\\/2022-06-24\\\/angst-vor-der-gruenen-inflation\\\/#breadcrumb\"},\"inLanguage\":\"de\",\"potentialAction\":[{\"@type\":\"ReadAction\",\"target\":[\"https:\\\/\\\/www.organisator.ch\\\/sustainability\\\/2022-06-24\\\/angst-vor-der-gruenen-inflation\\\/\"]}]},{\"@type\":\"ImageObject\",\"inLanguage\":\"de\",\"@id\":\"https:\\\/\\\/www.organisator.ch\\\/sustainability\\\/2022-06-24\\\/angst-vor-der-gruenen-inflation\\\/#primaryimage\",\"url\":\"https:\\\/\\\/www.organisator.ch\\\/wp-content\\\/uploads\\\/2022\\\/06\\\/Angst-vor-der-gruenen-Inflation_Organisator.jpg\",\"contentUrl\":\"https:\\\/\\\/www.organisator.ch\\\/wp-content\\\/uploads\\\/2022\\\/06\\\/Angst-vor-der-gruenen-Inflation_Organisator.jpg\",\"width\":680,\"height\":401,\"caption\":\"Dass der globale \u00dcbergang zu einer emissionsarmen Wirtschaft die Inflation befeuert, wird vielerorts bef\u00fcrchtet. Diese Angst ist aber gem\u00e4ss Experten unbegr\u00fcndet. (Bild: Pixabay.com)\"},{\"@type\":\"BreadcrumbList\",\"@id\":\"https:\\\/\\\/www.organisator.ch\\\/sustainability\\\/2022-06-24\\\/angst-vor-der-gruenen-inflation\\\/#breadcrumb\",\"itemListElement\":[{\"@type\":\"ListItem\",\"position\":1,\"name\":\"Home\",\"item\":\"https:\\\/\\\/www.organisator.ch\\\/\"},{\"@type\":\"ListItem\",\"position\":2,\"name\":\"Angst vor der gr\u00fcnen Inflation?\"}]},{\"@type\":\"WebSite\",\"@id\":\"https:\\\/\\\/www.organisator.ch\\\/#website\",\"url\":\"https:\\\/\\\/www.organisator.ch\\\/\",\"name\":\"Organisator\",\"description\":\"Kompetent. Praxisnah. Der ORGANISATOR bereitet in 10 Ausgaben pro Jahr die wesentlichen Themen f\u00fcr F\u00fchrungskr\u00e4fte von KMU auf.\",\"publisher\":{\"@id\":\"https:\\\/\\\/www.organisator.ch\\\/#organization\"},\"potentialAction\":[{\"@type\":\"SearchAction\",\"target\":{\"@type\":\"EntryPoint\",\"urlTemplate\":\"https:\\\/\\\/www.organisator.ch\\\/?s={search_term_string}\"},\"query-input\":{\"@type\":\"PropertyValueSpecification\",\"valueRequired\":true,\"valueName\":\"search_term_string\"}}],\"inLanguage\":\"de\"},{\"@type\":\"Organization\",\"@id\":\"https:\\\/\\\/www.organisator.ch\\\/#organization\",\"name\":\"Organisator\",\"url\":\"https:\\\/\\\/www.organisator.ch\\\/\",\"logo\":{\"@type\":\"ImageObject\",\"inLanguage\":\"de\",\"@id\":\"https:\\\/\\\/www.organisator.ch\\\/#\\\/schema\\\/logo\\\/image\\\/\",\"url\":\"https:\\\/\\\/www.organisator.ch\\\/wp-content\\\/uploads\\\/2022\\\/01\\\/Logo_Organisator_Website.png\",\"contentUrl\":\"https:\\\/\\\/www.organisator.ch\\\/wp-content\\\/uploads\\\/2022\\\/01\\\/Logo_Organisator_Website.png\",\"width\":800,\"height\":77,\"caption\":\"Organisator\"},\"image\":{\"@id\":\"https:\\\/\\\/www.organisator.ch\\\/#\\\/schema\\\/logo\\\/image\\\/\"},\"sameAs\":[\"https:\\\/\\\/www.facebook.com\\\/OrganisatorFachmagazin\",\"https:\\\/\\\/www.linkedin.com\\\/showcase\\\/organisator-das-magazin-fr-kmu\",\"https:\\\/\\\/www.xing.com\\\/news\\\/pages\\\/organisator-ch-695\",\"https:\\\/\\\/www.youtube.com\\\/channel\\\/UCGP2Sq0iWaZwT3BdIAQFYpw\"]},{\"@type\":\"Person\",\"@id\":\"https:\\\/\\\/www.organisator.ch\\\/#\\\/schema\\\/person\\\/6f650f90b2842cd4c0cc334b4e36f67e\",\"name\":\"thomas.berner\",\"image\":{\"@type\":\"ImageObject\",\"inLanguage\":\"de\",\"@id\":\"https:\\\/\\\/secure.gravatar.com\\\/avatar\\\/ac5001d2a36cb6c6cd3e50789007ffca834b477b74a2144564522e944eabff61?s=96&d=mm&r=g\",\"url\":\"https:\\\/\\\/secure.gravatar.com\\\/avatar\\\/ac5001d2a36cb6c6cd3e50789007ffca834b477b74a2144564522e944eabff61?s=96&d=mm&r=g\",\"contentUrl\":\"https:\\\/\\\/secure.gravatar.com\\\/avatar\\\/ac5001d2a36cb6c6cd3e50789007ffca834b477b74a2144564522e944eabff61?s=96&d=mm&r=g\",\"caption\":\"thomas.berner\"},\"url\":\"https:\\\/\\\/www.organisator.ch\\\/de\\\/author\\\/thomas-berner\\\/\"}]}<\/script>\n<!-- \/ Yoast SEO plugin. -->","yoast_head_json":{"title":"Angst vor der gr\u00fcnen Inflation? - Organisator","description":"Die Angst, der weltweite \u00dcbergang zu einer emissionsarmen Wirtschaft werde die Inflation langfristig in die H\u00f6he treiben, ist \u00fcberzogen.","robots":{"index":"index","follow":"follow","max-snippet":"max-snippet:-1","max-image-preview":"max-image-preview:large","max-video-preview":"max-video-preview:-1"},"canonical":"https:\/\/www.organisator.ch\/de\/sustainability\/2022-06-24\/angst-vor-der-gruenen-inflation\/","og_locale":"de_DE","og_type":"article","og_title":"Angst vor der gr\u00fcnen Inflation?","og_description":"Die Angst, der weltweite \u00dcbergang zu einer emissionsarmen Wirtschaft werde die Inflation langfristig in die H\u00f6he treiben, ist \u00fcberzogen.","og_url":"https:\/\/www.organisator.ch\/de\/sustainability\/2022-06-24\/angst-vor-der-gruenen-inflation\/","og_site_name":"Organisator","article_publisher":"https:\/\/www.facebook.com\/OrganisatorFachmagazin","article_published_time":"2022-06-24T08:35:47+00:00","og_image":[{"width":680,"height":401,"url":"https:\/\/www.organisator.ch\/wp-content\/uploads\/2022\/06\/Angst-vor-der-gruenen-Inflation_Organisator.jpg","type":"image\/jpeg"}],"author":"thomas.berner","twitter_card":"summary_large_image","twitter_title":"#Angst vor der gr\u00fcnen #Inflation?","twitter_description":"Die Angst, der weltweite \u00dcbergang zu einer emissionsarmen Wirtschaft werde die #Inflation langfristig in die H\u00f6he treiben, ist \u00fcberzogen.","twitter_image":"https:\/\/www.organisator.ch\/wp-content\/uploads\/2022\/06\/Angst-vor-der-gruenen-Inflation_Organisator.jpg","schema":{"@context":"https:\/\/schema.org","@graph":[{"@type":"Article","@id":"https:\/\/www.organisator.ch\/sustainability\/2022-06-24\/angst-vor-der-gruenen-inflation\/#article","isPartOf":{"@id":"https:\/\/www.organisator.ch\/sustainability\/2022-06-24\/angst-vor-der-gruenen-inflation\/"},"author":{"name":"thomas.berner","@id":"https:\/\/www.organisator.ch\/#\/schema\/person\/6f650f90b2842cd4c0cc334b4e36f67e"},"headline":"Angst vor der gr\u00fcnen Inflation?","datePublished":"2022-06-24T08:35:47+00:00","mainEntityOfPage":{"@id":"https:\/\/www.organisator.ch\/sustainability\/2022-06-24\/angst-vor-der-gruenen-inflation\/"},"wordCount":1157,"publisher":{"@id":"https:\/\/www.organisator.ch\/#organization"},"image":{"@id":"https:\/\/www.organisator.ch\/sustainability\/2022-06-24\/angst-vor-der-gruenen-inflation\/#primaryimage"},"thumbnailUrl":"https:\/\/www.organisator.ch\/wp-content\/uploads\/2022\/06\/Angst-vor-der-gruenen-Inflation_Organisator.jpg","keywords":["Asset Management","Finanzen\/Recht","Nachhaltige Wirtschaft"],"articleSection":["SUSTAINABILITY"],"inLanguage":"de"},{"@type":"WebPage","@id":"https:\/\/www.organisator.ch\/sustainability\/2022-06-24\/angst-vor-der-gruenen-inflation\/","url":"https:\/\/www.organisator.ch\/sustainability\/2022-06-24\/angst-vor-der-gruenen-inflation\/","name":"Angst vor der gr\u00fcnen Inflation? - Organisator","isPartOf":{"@id":"https:\/\/www.organisator.ch\/#website"},"primaryImageOfPage":{"@id":"https:\/\/www.organisator.ch\/sustainability\/2022-06-24\/angst-vor-der-gruenen-inflation\/#primaryimage"},"image":{"@id":"https:\/\/www.organisator.ch\/sustainability\/2022-06-24\/angst-vor-der-gruenen-inflation\/#primaryimage"},"thumbnailUrl":"https:\/\/www.organisator.ch\/wp-content\/uploads\/2022\/06\/Angst-vor-der-gruenen-Inflation_Organisator.jpg","datePublished":"2022-06-24T08:35:47+00:00","description":"Die Angst, der weltweite \u00dcbergang zu einer emissionsarmen Wirtschaft werde die Inflation langfristig in die H\u00f6he treiben, ist \u00fcberzogen.","breadcrumb":{"@id":"https:\/\/www.organisator.ch\/sustainability\/2022-06-24\/angst-vor-der-gruenen-inflation\/#breadcrumb"},"inLanguage":"de","potentialAction":[{"@type":"ReadAction","target":["https:\/\/www.organisator.ch\/sustainability\/2022-06-24\/angst-vor-der-gruenen-inflation\/"]}]},{"@type":"ImageObject","inLanguage":"de","@id":"https:\/\/www.organisator.ch\/sustainability\/2022-06-24\/angst-vor-der-gruenen-inflation\/#primaryimage","url":"https:\/\/www.organisator.ch\/wp-content\/uploads\/2022\/06\/Angst-vor-der-gruenen-Inflation_Organisator.jpg","contentUrl":"https:\/\/www.organisator.ch\/wp-content\/uploads\/2022\/06\/Angst-vor-der-gruenen-Inflation_Organisator.jpg","width":680,"height":401,"caption":"Dass der globale \u00dcbergang zu einer emissionsarmen Wirtschaft die Inflation befeuert, wird vielerorts bef\u00fcrchtet. Diese Angst ist aber gem\u00e4ss Experten unbegr\u00fcndet. (Bild: Pixabay.com)"},{"@type":"BreadcrumbList","@id":"https:\/\/www.organisator.ch\/sustainability\/2022-06-24\/angst-vor-der-gruenen-inflation\/#breadcrumb","itemListElement":[{"@type":"ListItem","position":1,"name":"Home","item":"https:\/\/www.organisator.ch\/"},{"@type":"ListItem","position":2,"name":"Angst vor der gr\u00fcnen Inflation?"}]},{"@type":"WebSite","@id":"https:\/\/www.organisator.ch\/#website","url":"https:\/\/www.organisator.ch\/","name":"Organisator","description":"Kompetent. Praxisnah. Der ORGANISATOR bereitet in 10 Ausgaben pro Jahr die wesentlichen Themen f\u00fcr F\u00fchrungskr\u00e4fte von KMU auf.","publisher":{"@id":"https:\/\/www.organisator.ch\/#organization"},"potentialAction":[{"@type":"SearchAction","target":{"@type":"EntryPoint","urlTemplate":"https:\/\/www.organisator.ch\/?s={search_term_string}"},"query-input":{"@type":"PropertyValueSpecification","valueRequired":true,"valueName":"search_term_string"}}],"inLanguage":"de"},{"@type":"Organization","@id":"https:\/\/www.organisator.ch\/#organization","name":"Organisator","url":"https:\/\/www.organisator.ch\/","logo":{"@type":"ImageObject","inLanguage":"de","@id":"https:\/\/www.organisator.ch\/#\/schema\/logo\/image\/","url":"https:\/\/www.organisator.ch\/wp-content\/uploads\/2022\/01\/Logo_Organisator_Website.png","contentUrl":"https:\/\/www.organisator.ch\/wp-content\/uploads\/2022\/01\/Logo_Organisator_Website.png","width":800,"height":77,"caption":"Organisator"},"image":{"@id":"https:\/\/www.organisator.ch\/#\/schema\/logo\/image\/"},"sameAs":["https:\/\/www.facebook.com\/OrganisatorFachmagazin","https:\/\/www.linkedin.com\/showcase\/organisator-das-magazin-fr-kmu","https:\/\/www.xing.com\/news\/pages\/organisator-ch-695","https:\/\/www.youtube.com\/channel\/UCGP2Sq0iWaZwT3BdIAQFYpw"]},{"@type":"Person","@id":"https:\/\/www.organisator.ch\/#\/schema\/person\/6f650f90b2842cd4c0cc334b4e36f67e","name":"thomas.berner","image":{"@type":"ImageObject","inLanguage":"de","@id":"https:\/\/secure.gravatar.com\/avatar\/ac5001d2a36cb6c6cd3e50789007ffca834b477b74a2144564522e944eabff61?s=96&d=mm&r=g","url":"https:\/\/secure.gravatar.com\/avatar\/ac5001d2a36cb6c6cd3e50789007ffca834b477b74a2144564522e944eabff61?s=96&d=mm&r=g","contentUrl":"https:\/\/secure.gravatar.com\/avatar\/ac5001d2a36cb6c6cd3e50789007ffca834b477b74a2144564522e944eabff61?s=96&d=mm&r=g","caption":"thomas.berner"},"url":"https:\/\/www.organisator.ch\/de\/author\/thomas-berner\/"}]}},"_links":{"self":[{"href":"https:\/\/www.organisator.ch\/de\/wp-json\/wp\/v2\/posts\/15439","targetHints":{"allow":["GET"]}}],"collection":[{"href":"https:\/\/www.organisator.ch\/de\/wp-json\/wp\/v2\/posts"}],"about":[{"href":"https:\/\/www.organisator.ch\/de\/wp-json\/wp\/v2\/types\/post"}],"author":[{"embeddable":true,"href":"https:\/\/www.organisator.ch\/de\/wp-json\/wp\/v2\/users\/4"}],"replies":[{"embeddable":true,"href":"https:\/\/www.organisator.ch\/de\/wp-json\/wp\/v2\/comments?post=15439"}],"version-history":[{"count":3,"href":"https:\/\/www.organisator.ch\/de\/wp-json\/wp\/v2\/posts\/15439\/revisions"}],"predecessor-version":[{"id":15448,"href":"https:\/\/www.organisator.ch\/de\/wp-json\/wp\/v2\/posts\/15439\/revisions\/15448"}],"wp:featuredmedia":[{"embeddable":true,"href":"https:\/\/www.organisator.ch\/de\/wp-json\/wp\/v2\/media\/15440"}],"wp:attachment":[{"href":"https:\/\/www.organisator.ch\/de\/wp-json\/wp\/v2\/media?parent=15439"}],"wp:term":[{"taxonomy":"category","embeddable":true,"href":"https:\/\/www.organisator.ch\/de\/wp-json\/wp\/v2\/categories?post=15439"},{"taxonomy":"post_tag","embeddable":true,"href":"https:\/\/www.organisator.ch\/de\/wp-json\/wp\/v2\/tags?post=15439"}],"curies":[{"name":"wp","href":"https:\/\/api.w.org\/{rel}","templated":true}]}}