{"id":15444,"date":"2022-06-24T11:28:56","date_gmt":"2022-06-24T09:28:56","guid":{"rendered":"https:\/\/www.organisator.ch\/?p=15444"},"modified":"2022-06-24T11:28:56","modified_gmt":"2022-06-24T09:28:56","slug":"ifat-munich-2022-mit-starkem-neustart-fuer-den-klimaschutz","status":"publish","type":"post","link":"https:\/\/www.organisator.ch\/de\/sustainability\/2022-06-24\/ifat-munich-2022-mit-starkem-neustart-fuer-den-klimaschutz\/","title":{"rendered":"IFAT Munich 2022 mit starkem Neustart f\u00fcr den Klimaschutz"},"content":{"rendered":"<figure id=\"attachment_15445\" aria-describedby=\"caption-attachment-15445\" style=\"width: 680px\" class=\"wp-caption alignnone\"><img loading=\"lazy\" decoding=\"async\" class=\"size-full wp-image-15445\" src=\"https:\/\/www.organisator.ch\/wp-content\/uploads\/2022\/06\/IFAT-Munich-2022-mit-starkem-Neustart-fuer-den-Klimaschutz_Organisator.jpg\" alt=\"\" width=\"680\" height=\"451\" srcset=\"https:\/\/www.organisator.ch\/wp-content\/uploads\/2022\/06\/IFAT-Munich-2022-mit-starkem-Neustart-fuer-den-Klimaschutz_Organisator.jpg 680w, https:\/\/www.organisator.ch\/wp-content\/uploads\/2022\/06\/IFAT-Munich-2022-mit-starkem-Neustart-fuer-den-Klimaschutz_Organisator-18x12.jpg 18w, https:\/\/www.organisator.ch\/wp-content\/uploads\/2022\/06\/IFAT-Munich-2022-mit-starkem-Neustart-fuer-den-Klimaschutz_Organisator-264x175.jpg 264w, https:\/\/www.organisator.ch\/wp-content\/uploads\/2022\/06\/IFAT-Munich-2022-mit-starkem-Neustart-fuer-den-Klimaschutz_Organisator-528x350.jpg 528w, https:\/\/www.organisator.ch\/wp-content\/uploads\/2022\/06\/IFAT-Munich-2022-mit-starkem-Neustart-fuer-den-Klimaschutz_Organisator-300x199.jpg 300w\" sizes=\"auto, (max-width: 680px) 100vw, 680px\" \/><figcaption id=\"caption-attachment-15445\" class=\"wp-caption-text\">Die IFAT Munich 2022 verzeichnete gem\u00e4ss Angaben der Veranstalter einen starken Neustart f\u00fcr den Klimaschutz und eine hohe internationale Messebeteiligung. (Bild: Messe M\u00fcnchen)<\/figcaption><\/figure>\n<p>\u201eEine riesige Messe, geballter Wissenstransfer, Networking \u2013 die IFAT Munich 2022 war Inspiration pur und ist Treiber der nachhaltigen Transformation von Industrien und von klimaresilienten Kommunen\u201c, sagt Stefan Rummel, Gesch\u00e4ftsf\u00fchrer der Messe M\u00fcnchen. \u201eMit 2.984 Ausstellern aus 59 L\u00e4ndern und rund 119.000 Besuchern aus 155 L\u00e4ndern n\u00e4hert sich die Messe dem Vor-Corona-Niveau, spiegelt das grosse Potenzial von Umwelttechnologien und best\u00e4tigt ihre Position als weltweit f\u00fchrende Plattform der Wasser-, Abwasser-, Abfall- und Rohstoffwirtschaft.\u201c Der Vorsitzende des Fachbeirats der IFAT Munich, Dr. Johannes F. Kirchhoff, erg\u00e4nzt: \u201eDie hohe internationale Messebeteiligung in dieser herausfordernden Zeit ist beeindruckend. Es ist sch\u00f6n zu sehen, dass die IFAT so stark zur\u00fcck ist. Denn sie ist ein sehr wichtiger, nachhaltiger Motor f\u00fcr Kreislaufwirtschaft und die Umweltindustrie.&#8220;<\/p>\n<h2>Ob Plastik oder Wasser \u2013 geschlossene Kreisl\u00e4ufe im Fokus<\/h2>\n<p>Mehr Raum denn je nahm auf der Messe die Kreislaufwirtschaft ein. Deutschlands Bundesumweltministerin Steffi Lemke erkl\u00e4rte bei der Er\u00f6ffnung: \u201eEine funktionierende Kreislaufwirtschaft spart Prim\u00e4rressourcen, reduziert Abh\u00e4ngigkeiten und tr\u00e4gt ma\u00dfgeblich zum Klima- und Artenschutz bei. Ich will mit meiner Politik dazu beitragen, die Kreislaufwirtschaft in allen Phasen ihres Zyklus zu st\u00e4rken und den Umweltschutz zu einem interessanten Gesch\u00e4ftsmodell zu machen.\u201c<\/p>\n<p>Allein vier Sonderfl\u00e4chen widmeten sich der Kreislaufwirtschaft, beispielsweise bei Plastik und Baustoffen. Auch beim Wasser drehte sich alles um nachhaltige Nutzung und geschlossene Kreisl\u00e4ufe, zum Beispiel in der Industrieproduktion \u2013 und in St\u00e4dten, die sich mit intelligentem Wassermanagement f\u00fcr extreme Trockenheit sowie Starkregen wappnen m\u00fcssen. Die Messe zeigte die Technologien daf\u00fcr und im Vortragsprogramm teilten mehr als 300 Experten ihr Wissen und es gab zahlreiche Live-Demonstrationen und gef\u00fchrte L\u00f6sungstouren.<\/p>\n<h2>Die wichtigsten Kennzahlen zur Messe<\/h2>\n<p>Die IFAT Munich belegte alle 18 Hallen und einen Gro\u00dfteil des Freigel\u00e4ndes der Messe M\u00fcnchen, insgesamt 260.000 Quadratmeter. 2.984 Aussteller reisten aus 59 L\u00e4ndern und Regionen (2018: 3.305\/58) und rund 119.000 Besucher aus 155 L\u00e4ndern und Regionen (2018: 142.472\/162) an. Die H\u00e4lfte der Aussteller und Besucher kam aus dem Ausland. Im Vergleich zur Vorveranstaltung fehlte vor allem die starke Beteiligung aus China und Russland. Eine Start-up-Area versammelte 49 Start-ups aus 16 Nationen. 15 internationalen Gemeinschaftsst\u00e4nde aus Europa sowie Japan, Kanada, S\u00fcdkorea und den USA stellten aus. Es reisten hochrangige Vertreter aus der Politik an, unter anderem aus \u00c4gypten, Belgien und Malaysia, ebenso die Umweltminister von Brasilien und Singapur sowie zahlreiche internationale Delegationen.<\/p>\n<h2>Wertvolle Plattform f\u00fcr die Umweltindustrie<\/h2>\n<p>\u201eDie IFAT hat ihre Strahlkraft f\u00fcr die Kreislaufwirtschaftsbranche nicht verloren und wird auch in Zukunft ihre Bedeutung als Weltleitmesse behaupten&#8220;, erkl\u00e4rt Max K\u00f6ttgen, Vorstand von Remondis, einem f\u00fchrenden Unternehmen f\u00fcr Recycling, Wasserwirtschaft sowie kommunale und industrielle Dienstleistungen. \u201eIch bin sehr beeindruckt von der Gr\u00f6sse der Messe, der Besucheranzahl und der einzigartigen Expertenplattform und freue mich, dass wir zahlreiche relevante Gespr\u00e4che mit Kunden und Partnern f\u00fchren durften\u201c, f\u00fcgt Anja Eimer, Leiterin des globalen Wassergesch\u00e4ftes bei Siemens, hinzu. Die Messe sei eine &#8222;hervorragende Plattform, um der \u00d6ffentlichkeit unsere Produkte und L\u00f6sungen zu pr\u00e4sentieren\u201c (Georg Huber, Vorstandsvorsitzender, HUBER), sie sei die \u201ewichtigste internationale Fachmesse, um die Branchentrends anhand unserer nachhaltigen Produkt- und Serviceinnovationen widerzuspiegeln\u201c (Ottmar Steinebrunner, Managing Director Sales &amp; Service Europe and Americas, Bucher Municipal), sie biete als \u201eWeltleitmesse f\u00fcr die Kommunalwirtschaft eine ideale Plattform, um unsere vielseitigen Branchenl\u00f6sungen erlebbar zu machen\u201c (Dr. Ralf Forcher, Leiter Mercedes-Benz Special Trucks).<\/p>\n<p><em>Quelle und weitere Informationen: <a href=\"http:\/\/www.ifat.de\">www.ifat.de<\/a><\/em><\/p>\n","protected":false},"excerpt":{"rendered":"<p>\u201eEine riesige Messe, geballter Wissenstransfer, Networking \u2013 die IFAT Munich 2022 war Inspiration pur und ist Treiber der nachhaltigen Transformation von Industrien und von klimaresilienten Kommunen\u201c, sagt Stefan Rummel, Gesch\u00e4ftsf\u00fchrer der Messe M\u00fcnchen. \u201eMit 2.984 Ausstellern aus 59 L\u00e4ndern und rund 119.000 Besuchern aus 155 L\u00e4ndern n\u00e4hert sich die Messe dem Vor-Corona-Niveau, spiegelt das grosse [&hellip;]<\/p>\n","protected":false},"author":4,"featured_media":15445,"comment_status":"closed","ping_status":"closed","sticky":false,"template":"","format":"standard","meta":{"_acf_changed":false,"_yoast_wpseo_focuskw":"IFAT Munich","_yoast_wpseo_metadesc":"Vom 30. Mai bis 3. Juni 2022 fand die IFAT Munich, die Weltleitmesse der Wasser-, Abwasser-, Abfall- und Rohstoffwirtschaft statt.","articlekey":"","footnotes":""},"categories":[580],"tags":[1100,193,1392,358],"class_list":["post-15444","post","type-post","status-publish","format-standard","has-post-thumbnail","hentry","category-sustainability","tag-entsorgung","tag-fachkongressfachmesse","tag-ifat","tag-nachhaltige-wirtschaft"],"acf":[],"yoast_head":"<!-- This site is optimized with the Yoast SEO plugin v27.4 - https:\/\/yoast.com\/product\/yoast-seo-wordpress\/ -->\n<title>IFAT Munich 2022 mit starkem Neustart f\u00fcr den Klimaschutz - Organisator<\/title>\n<meta name=\"description\" content=\"Vom 30. Mai bis 3. Juni 2022 fand die IFAT Munich, die Weltleitmesse der Wasser-, Abwasser-, Abfall- und Rohstoffwirtschaft statt.\" \/>\n<meta name=\"robots\" content=\"index, follow, max-snippet:-1, max-image-preview:large, max-video-preview:-1\" \/>\n<link rel=\"canonical\" href=\"https:\/\/www.organisator.ch\/de\/sustainability\/2022-06-24\/ifat-munich-2022-mit-starkem-neustart-fuer-den-klimaschutz\/\" \/>\n<meta property=\"og:locale\" content=\"de_DE\" \/>\n<meta property=\"og:type\" content=\"article\" \/>\n<meta property=\"og:title\" content=\"IFAT Munich 2022 mit starkem Neustart f\u00fcr den Klimaschutz\" \/>\n<meta property=\"og:description\" content=\"Vom 30. Mai bis 3. Juni 2022 fand die IFAT Munich, die Weltleitmesse der Wasser-, Abwasser-, Abfall- und Rohstoffwirtschaft statt.\" \/>\n<meta property=\"og:url\" content=\"https:\/\/www.organisator.ch\/de\/sustainability\/2022-06-24\/ifat-munich-2022-mit-starkem-neustart-fuer-den-klimaschutz\/\" \/>\n<meta property=\"og:site_name\" content=\"Organisator\" \/>\n<meta property=\"article:publisher\" content=\"https:\/\/www.facebook.com\/OrganisatorFachmagazin\" \/>\n<meta property=\"article:published_time\" content=\"2022-06-24T09:28:56+00:00\" \/>\n<meta property=\"og:image\" content=\"https:\/\/www.organisator.ch\/wp-content\/uploads\/2022\/06\/IFAT-Munich-2022-mit-starkem-Neustart-fuer-den-Klimaschutz_Organisator.jpg\" \/>\n\t<meta property=\"og:image:width\" content=\"680\" \/>\n\t<meta property=\"og:image:height\" content=\"451\" \/>\n\t<meta property=\"og:image:type\" content=\"image\/jpeg\" \/>\n<meta name=\"author\" content=\"thomas.berner\" \/>\n<meta name=\"twitter:card\" content=\"summary_large_image\" \/>\n<meta name=\"twitter:title\" content=\"#IFAT Munich 2022 mit starkem Neustart f\u00fcr den #Klimaschutz\" \/>\n<meta name=\"twitter:description\" content=\"Vom 30. Mai bis 3. Juni 2022 fand die #IFAT Munich, die #Weltleitmesse der Wasser-, Abwasser-, Abfall- und #Rohstoffwirtschaft statt.\" \/>\n<meta name=\"twitter:image\" content=\"https:\/\/www.organisator.ch\/wp-content\/uploads\/2022\/06\/IFAT-Munich-2022-mit-starkem-Neustart-fuer-den-Klimaschutz_Organisator.jpg\" \/>\n<script type=\"application\/ld+json\" class=\"yoast-schema-graph\">{\"@context\":\"https:\\\/\\\/schema.org\",\"@graph\":[{\"@type\":\"Article\",\"@id\":\"https:\\\/\\\/www.organisator.ch\\\/sustainability\\\/2022-06-24\\\/ifat-munich-2022-mit-starkem-neustart-fuer-den-klimaschutz\\\/#article\",\"isPartOf\":{\"@id\":\"https:\\\/\\\/www.organisator.ch\\\/sustainability\\\/2022-06-24\\\/ifat-munich-2022-mit-starkem-neustart-fuer-den-klimaschutz\\\/\"},\"author\":{\"name\":\"thomas.berner\",\"@id\":\"https:\\\/\\\/www.organisator.ch\\\/#\\\/schema\\\/person\\\/6f650f90b2842cd4c0cc334b4e36f67e\"},\"headline\":\"IFAT Munich 2022 mit starkem Neustart f\u00fcr den Klimaschutz\",\"datePublished\":\"2022-06-24T09:28:56+00:00\",\"mainEntityOfPage\":{\"@id\":\"https:\\\/\\\/www.organisator.ch\\\/sustainability\\\/2022-06-24\\\/ifat-munich-2022-mit-starkem-neustart-fuer-den-klimaschutz\\\/\"},\"wordCount\":603,\"publisher\":{\"@id\":\"https:\\\/\\\/www.organisator.ch\\\/#organization\"},\"image\":{\"@id\":\"https:\\\/\\\/www.organisator.ch\\\/sustainability\\\/2022-06-24\\\/ifat-munich-2022-mit-starkem-neustart-fuer-den-klimaschutz\\\/#primaryimage\"},\"thumbnailUrl\":\"https:\\\/\\\/www.organisator.ch\\\/wp-content\\\/uploads\\\/2022\\\/06\\\/IFAT-Munich-2022-mit-starkem-Neustart-fuer-den-Klimaschutz_Organisator.jpg\",\"keywords\":[\"Entsorgung\",\"Fachkongress\\\/Fachmesse\",\"IFAT\",\"Nachhaltige Wirtschaft\"],\"articleSection\":[\"SUSTAINABILITY\"],\"inLanguage\":\"de\"},{\"@type\":\"WebPage\",\"@id\":\"https:\\\/\\\/www.organisator.ch\\\/sustainability\\\/2022-06-24\\\/ifat-munich-2022-mit-starkem-neustart-fuer-den-klimaschutz\\\/\",\"url\":\"https:\\\/\\\/www.organisator.ch\\\/sustainability\\\/2022-06-24\\\/ifat-munich-2022-mit-starkem-neustart-fuer-den-klimaschutz\\\/\",\"name\":\"IFAT Munich 2022 mit starkem Neustart f\u00fcr den Klimaschutz - Organisator\",\"isPartOf\":{\"@id\":\"https:\\\/\\\/www.organisator.ch\\\/#website\"},\"primaryImageOfPage\":{\"@id\":\"https:\\\/\\\/www.organisator.ch\\\/sustainability\\\/2022-06-24\\\/ifat-munich-2022-mit-starkem-neustart-fuer-den-klimaschutz\\\/#primaryimage\"},\"image\":{\"@id\":\"https:\\\/\\\/www.organisator.ch\\\/sustainability\\\/2022-06-24\\\/ifat-munich-2022-mit-starkem-neustart-fuer-den-klimaschutz\\\/#primaryimage\"},\"thumbnailUrl\":\"https:\\\/\\\/www.organisator.ch\\\/wp-content\\\/uploads\\\/2022\\\/06\\\/IFAT-Munich-2022-mit-starkem-Neustart-fuer-den-Klimaschutz_Organisator.jpg\",\"datePublished\":\"2022-06-24T09:28:56+00:00\",\"description\":\"Vom 30. Mai bis 3. Juni 2022 fand die IFAT Munich, die Weltleitmesse der Wasser-, Abwasser-, Abfall- und Rohstoffwirtschaft statt.\",\"breadcrumb\":{\"@id\":\"https:\\\/\\\/www.organisator.ch\\\/sustainability\\\/2022-06-24\\\/ifat-munich-2022-mit-starkem-neustart-fuer-den-klimaschutz\\\/#breadcrumb\"},\"inLanguage\":\"de\",\"potentialAction\":[{\"@type\":\"ReadAction\",\"target\":[\"https:\\\/\\\/www.organisator.ch\\\/sustainability\\\/2022-06-24\\\/ifat-munich-2022-mit-starkem-neustart-fuer-den-klimaschutz\\\/\"]}]},{\"@type\":\"ImageObject\",\"inLanguage\":\"de\",\"@id\":\"https:\\\/\\\/www.organisator.ch\\\/sustainability\\\/2022-06-24\\\/ifat-munich-2022-mit-starkem-neustart-fuer-den-klimaschutz\\\/#primaryimage\",\"url\":\"https:\\\/\\\/www.organisator.ch\\\/wp-content\\\/uploads\\\/2022\\\/06\\\/IFAT-Munich-2022-mit-starkem-Neustart-fuer-den-Klimaschutz_Organisator.jpg\",\"contentUrl\":\"https:\\\/\\\/www.organisator.ch\\\/wp-content\\\/uploads\\\/2022\\\/06\\\/IFAT-Munich-2022-mit-starkem-Neustart-fuer-den-Klimaschutz_Organisator.jpg\",\"width\":680,\"height\":451,\"caption\":\"Die IFAT Munich 2022 verzeichnete gem\u00e4ss Angaben der Veranstalter einen starken Neustart f\u00fcr den Klimaschutz und eine hohe internationale Messebeteiligung. (Bild: Messe M\u00fcnchen)\"},{\"@type\":\"BreadcrumbList\",\"@id\":\"https:\\\/\\\/www.organisator.ch\\\/sustainability\\\/2022-06-24\\\/ifat-munich-2022-mit-starkem-neustart-fuer-den-klimaschutz\\\/#breadcrumb\",\"itemListElement\":[{\"@type\":\"ListItem\",\"position\":1,\"name\":\"Home\",\"item\":\"https:\\\/\\\/www.organisator.ch\\\/\"},{\"@type\":\"ListItem\",\"position\":2,\"name\":\"IFAT Munich 2022 mit starkem Neustart f\u00fcr den Klimaschutz\"}]},{\"@type\":\"WebSite\",\"@id\":\"https:\\\/\\\/www.organisator.ch\\\/#website\",\"url\":\"https:\\\/\\\/www.organisator.ch\\\/\",\"name\":\"Organisator\",\"description\":\"Kompetent. Praxisnah. Der ORGANISATOR bereitet in 10 Ausgaben pro Jahr die wesentlichen Themen f\u00fcr F\u00fchrungskr\u00e4fte von KMU auf.\",\"publisher\":{\"@id\":\"https:\\\/\\\/www.organisator.ch\\\/#organization\"},\"potentialAction\":[{\"@type\":\"SearchAction\",\"target\":{\"@type\":\"EntryPoint\",\"urlTemplate\":\"https:\\\/\\\/www.organisator.ch\\\/?s={search_term_string}\"},\"query-input\":{\"@type\":\"PropertyValueSpecification\",\"valueRequired\":true,\"valueName\":\"search_term_string\"}}],\"inLanguage\":\"de\"},{\"@type\":\"Organization\",\"@id\":\"https:\\\/\\\/www.organisator.ch\\\/#organization\",\"name\":\"Organisator\",\"url\":\"https:\\\/\\\/www.organisator.ch\\\/\",\"logo\":{\"@type\":\"ImageObject\",\"inLanguage\":\"de\",\"@id\":\"https:\\\/\\\/www.organisator.ch\\\/#\\\/schema\\\/logo\\\/image\\\/\",\"url\":\"https:\\\/\\\/www.organisator.ch\\\/wp-content\\\/uploads\\\/2022\\\/01\\\/Logo_Organisator_Website.png\",\"contentUrl\":\"https:\\\/\\\/www.organisator.ch\\\/wp-content\\\/uploads\\\/2022\\\/01\\\/Logo_Organisator_Website.png\",\"width\":800,\"height\":77,\"caption\":\"Organisator\"},\"image\":{\"@id\":\"https:\\\/\\\/www.organisator.ch\\\/#\\\/schema\\\/logo\\\/image\\\/\"},\"sameAs\":[\"https:\\\/\\\/www.facebook.com\\\/OrganisatorFachmagazin\",\"https:\\\/\\\/www.linkedin.com\\\/showcase\\\/organisator-das-magazin-fr-kmu\",\"https:\\\/\\\/www.xing.com\\\/news\\\/pages\\\/organisator-ch-695\",\"https:\\\/\\\/www.youtube.com\\\/channel\\\/UCGP2Sq0iWaZwT3BdIAQFYpw\"]},{\"@type\":\"Person\",\"@id\":\"https:\\\/\\\/www.organisator.ch\\\/#\\\/schema\\\/person\\\/6f650f90b2842cd4c0cc334b4e36f67e\",\"name\":\"thomas.berner\",\"image\":{\"@type\":\"ImageObject\",\"inLanguage\":\"de\",\"@id\":\"https:\\\/\\\/secure.gravatar.com\\\/avatar\\\/ac5001d2a36cb6c6cd3e50789007ffca834b477b74a2144564522e944eabff61?s=96&d=mm&r=g\",\"url\":\"https:\\\/\\\/secure.gravatar.com\\\/avatar\\\/ac5001d2a36cb6c6cd3e50789007ffca834b477b74a2144564522e944eabff61?s=96&d=mm&r=g\",\"contentUrl\":\"https:\\\/\\\/secure.gravatar.com\\\/avatar\\\/ac5001d2a36cb6c6cd3e50789007ffca834b477b74a2144564522e944eabff61?s=96&d=mm&r=g\",\"caption\":\"thomas.berner\"},\"url\":\"https:\\\/\\\/www.organisator.ch\\\/de\\\/author\\\/thomas-berner\\\/\"}]}<\/script>\n<!-- \/ Yoast SEO plugin. -->","yoast_head_json":{"title":"IFAT Munich 2022 mit starkem Neustart f\u00fcr den Klimaschutz - Organisator","description":"Vom 30. Mai bis 3. Juni 2022 fand die IFAT Munich, die Weltleitmesse der Wasser-, Abwasser-, Abfall- und Rohstoffwirtschaft statt.","robots":{"index":"index","follow":"follow","max-snippet":"max-snippet:-1","max-image-preview":"max-image-preview:large","max-video-preview":"max-video-preview:-1"},"canonical":"https:\/\/www.organisator.ch\/de\/sustainability\/2022-06-24\/ifat-munich-2022-mit-starkem-neustart-fuer-den-klimaschutz\/","og_locale":"de_DE","og_type":"article","og_title":"IFAT Munich 2022 mit starkem Neustart f\u00fcr den Klimaschutz","og_description":"Vom 30. Mai bis 3. Juni 2022 fand die IFAT Munich, die Weltleitmesse der Wasser-, Abwasser-, Abfall- und Rohstoffwirtschaft statt.","og_url":"https:\/\/www.organisator.ch\/de\/sustainability\/2022-06-24\/ifat-munich-2022-mit-starkem-neustart-fuer-den-klimaschutz\/","og_site_name":"Organisator","article_publisher":"https:\/\/www.facebook.com\/OrganisatorFachmagazin","article_published_time":"2022-06-24T09:28:56+00:00","og_image":[{"width":680,"height":451,"url":"https:\/\/www.organisator.ch\/wp-content\/uploads\/2022\/06\/IFAT-Munich-2022-mit-starkem-Neustart-fuer-den-Klimaschutz_Organisator.jpg","type":"image\/jpeg"}],"author":"thomas.berner","twitter_card":"summary_large_image","twitter_title":"#IFAT Munich 2022 mit starkem Neustart f\u00fcr den #Klimaschutz","twitter_description":"Vom 30. Mai bis 3. Juni 2022 fand die #IFAT Munich, die #Weltleitmesse der Wasser-, Abwasser-, Abfall- und #Rohstoffwirtschaft statt.","twitter_image":"https:\/\/www.organisator.ch\/wp-content\/uploads\/2022\/06\/IFAT-Munich-2022-mit-starkem-Neustart-fuer-den-Klimaschutz_Organisator.jpg","schema":{"@context":"https:\/\/schema.org","@graph":[{"@type":"Article","@id":"https:\/\/www.organisator.ch\/sustainability\/2022-06-24\/ifat-munich-2022-mit-starkem-neustart-fuer-den-klimaschutz\/#article","isPartOf":{"@id":"https:\/\/www.organisator.ch\/sustainability\/2022-06-24\/ifat-munich-2022-mit-starkem-neustart-fuer-den-klimaschutz\/"},"author":{"name":"thomas.berner","@id":"https:\/\/www.organisator.ch\/#\/schema\/person\/6f650f90b2842cd4c0cc334b4e36f67e"},"headline":"IFAT Munich 2022 mit starkem Neustart f\u00fcr den Klimaschutz","datePublished":"2022-06-24T09:28:56+00:00","mainEntityOfPage":{"@id":"https:\/\/www.organisator.ch\/sustainability\/2022-06-24\/ifat-munich-2022-mit-starkem-neustart-fuer-den-klimaschutz\/"},"wordCount":603,"publisher":{"@id":"https:\/\/www.organisator.ch\/#organization"},"image":{"@id":"https:\/\/www.organisator.ch\/sustainability\/2022-06-24\/ifat-munich-2022-mit-starkem-neustart-fuer-den-klimaschutz\/#primaryimage"},"thumbnailUrl":"https:\/\/www.organisator.ch\/wp-content\/uploads\/2022\/06\/IFAT-Munich-2022-mit-starkem-Neustart-fuer-den-Klimaschutz_Organisator.jpg","keywords":["Entsorgung","Fachkongress\/Fachmesse","IFAT","Nachhaltige Wirtschaft"],"articleSection":["SUSTAINABILITY"],"inLanguage":"de"},{"@type":"WebPage","@id":"https:\/\/www.organisator.ch\/sustainability\/2022-06-24\/ifat-munich-2022-mit-starkem-neustart-fuer-den-klimaschutz\/","url":"https:\/\/www.organisator.ch\/sustainability\/2022-06-24\/ifat-munich-2022-mit-starkem-neustart-fuer-den-klimaschutz\/","name":"IFAT Munich 2022 mit starkem Neustart f\u00fcr den Klimaschutz - Organisator","isPartOf":{"@id":"https:\/\/www.organisator.ch\/#website"},"primaryImageOfPage":{"@id":"https:\/\/www.organisator.ch\/sustainability\/2022-06-24\/ifat-munich-2022-mit-starkem-neustart-fuer-den-klimaschutz\/#primaryimage"},"image":{"@id":"https:\/\/www.organisator.ch\/sustainability\/2022-06-24\/ifat-munich-2022-mit-starkem-neustart-fuer-den-klimaschutz\/#primaryimage"},"thumbnailUrl":"https:\/\/www.organisator.ch\/wp-content\/uploads\/2022\/06\/IFAT-Munich-2022-mit-starkem-Neustart-fuer-den-Klimaschutz_Organisator.jpg","datePublished":"2022-06-24T09:28:56+00:00","description":"Vom 30. Mai bis 3. Juni 2022 fand die IFAT Munich, die Weltleitmesse der Wasser-, Abwasser-, Abfall- und Rohstoffwirtschaft statt.","breadcrumb":{"@id":"https:\/\/www.organisator.ch\/sustainability\/2022-06-24\/ifat-munich-2022-mit-starkem-neustart-fuer-den-klimaschutz\/#breadcrumb"},"inLanguage":"de","potentialAction":[{"@type":"ReadAction","target":["https:\/\/www.organisator.ch\/sustainability\/2022-06-24\/ifat-munich-2022-mit-starkem-neustart-fuer-den-klimaschutz\/"]}]},{"@type":"ImageObject","inLanguage":"de","@id":"https:\/\/www.organisator.ch\/sustainability\/2022-06-24\/ifat-munich-2022-mit-starkem-neustart-fuer-den-klimaschutz\/#primaryimage","url":"https:\/\/www.organisator.ch\/wp-content\/uploads\/2022\/06\/IFAT-Munich-2022-mit-starkem-Neustart-fuer-den-Klimaschutz_Organisator.jpg","contentUrl":"https:\/\/www.organisator.ch\/wp-content\/uploads\/2022\/06\/IFAT-Munich-2022-mit-starkem-Neustart-fuer-den-Klimaschutz_Organisator.jpg","width":680,"height":451,"caption":"Die IFAT Munich 2022 verzeichnete gem\u00e4ss Angaben der Veranstalter einen starken Neustart f\u00fcr den Klimaschutz und eine hohe internationale Messebeteiligung. (Bild: Messe M\u00fcnchen)"},{"@type":"BreadcrumbList","@id":"https:\/\/www.organisator.ch\/sustainability\/2022-06-24\/ifat-munich-2022-mit-starkem-neustart-fuer-den-klimaschutz\/#breadcrumb","itemListElement":[{"@type":"ListItem","position":1,"name":"Home","item":"https:\/\/www.organisator.ch\/"},{"@type":"ListItem","position":2,"name":"IFAT Munich 2022 mit starkem Neustart f\u00fcr den Klimaschutz"}]},{"@type":"WebSite","@id":"https:\/\/www.organisator.ch\/#website","url":"https:\/\/www.organisator.ch\/","name":"Organisator","description":"Kompetent. Praxisnah. Der ORGANISATOR bereitet in 10 Ausgaben pro Jahr die wesentlichen Themen f\u00fcr F\u00fchrungskr\u00e4fte von KMU auf.","publisher":{"@id":"https:\/\/www.organisator.ch\/#organization"},"potentialAction":[{"@type":"SearchAction","target":{"@type":"EntryPoint","urlTemplate":"https:\/\/www.organisator.ch\/?s={search_term_string}"},"query-input":{"@type":"PropertyValueSpecification","valueRequired":true,"valueName":"search_term_string"}}],"inLanguage":"de"},{"@type":"Organization","@id":"https:\/\/www.organisator.ch\/#organization","name":"Organisator","url":"https:\/\/www.organisator.ch\/","logo":{"@type":"ImageObject","inLanguage":"de","@id":"https:\/\/www.organisator.ch\/#\/schema\/logo\/image\/","url":"https:\/\/www.organisator.ch\/wp-content\/uploads\/2022\/01\/Logo_Organisator_Website.png","contentUrl":"https:\/\/www.organisator.ch\/wp-content\/uploads\/2022\/01\/Logo_Organisator_Website.png","width":800,"height":77,"caption":"Organisator"},"image":{"@id":"https:\/\/www.organisator.ch\/#\/schema\/logo\/image\/"},"sameAs":["https:\/\/www.facebook.com\/OrganisatorFachmagazin","https:\/\/www.linkedin.com\/showcase\/organisator-das-magazin-fr-kmu","https:\/\/www.xing.com\/news\/pages\/organisator-ch-695","https:\/\/www.youtube.com\/channel\/UCGP2Sq0iWaZwT3BdIAQFYpw"]},{"@type":"Person","@id":"https:\/\/www.organisator.ch\/#\/schema\/person\/6f650f90b2842cd4c0cc334b4e36f67e","name":"thomas.berner","image":{"@type":"ImageObject","inLanguage":"de","@id":"https:\/\/secure.gravatar.com\/avatar\/ac5001d2a36cb6c6cd3e50789007ffca834b477b74a2144564522e944eabff61?s=96&d=mm&r=g","url":"https:\/\/secure.gravatar.com\/avatar\/ac5001d2a36cb6c6cd3e50789007ffca834b477b74a2144564522e944eabff61?s=96&d=mm&r=g","contentUrl":"https:\/\/secure.gravatar.com\/avatar\/ac5001d2a36cb6c6cd3e50789007ffca834b477b74a2144564522e944eabff61?s=96&d=mm&r=g","caption":"thomas.berner"},"url":"https:\/\/www.organisator.ch\/de\/author\/thomas-berner\/"}]}},"_links":{"self":[{"href":"https:\/\/www.organisator.ch\/de\/wp-json\/wp\/v2\/posts\/15444","targetHints":{"allow":["GET"]}}],"collection":[{"href":"https:\/\/www.organisator.ch\/de\/wp-json\/wp\/v2\/posts"}],"about":[{"href":"https:\/\/www.organisator.ch\/de\/wp-json\/wp\/v2\/types\/post"}],"author":[{"embeddable":true,"href":"https:\/\/www.organisator.ch\/de\/wp-json\/wp\/v2\/users\/4"}],"replies":[{"embeddable":true,"href":"https:\/\/www.organisator.ch\/de\/wp-json\/wp\/v2\/comments?post=15444"}],"version-history":[{"count":3,"href":"https:\/\/www.organisator.ch\/de\/wp-json\/wp\/v2\/posts\/15444\/revisions"}],"predecessor-version":[{"id":15512,"href":"https:\/\/www.organisator.ch\/de\/wp-json\/wp\/v2\/posts\/15444\/revisions\/15512"}],"wp:featuredmedia":[{"embeddable":true,"href":"https:\/\/www.organisator.ch\/de\/wp-json\/wp\/v2\/media\/15445"}],"wp:attachment":[{"href":"https:\/\/www.organisator.ch\/de\/wp-json\/wp\/v2\/media?parent=15444"}],"wp:term":[{"taxonomy":"category","embeddable":true,"href":"https:\/\/www.organisator.ch\/de\/wp-json\/wp\/v2\/categories?post=15444"},{"taxonomy":"post_tag","embeddable":true,"href":"https:\/\/www.organisator.ch\/de\/wp-json\/wp\/v2\/tags?post=15444"}],"curies":[{"name":"wp","href":"https:\/\/api.w.org\/{rel}","templated":true}]}}