{"id":15490,"date":"2022-06-28T12:02:11","date_gmt":"2022-06-28T10:02:11","guid":{"rendered":"https:\/\/www.organisator.ch\/?p=15490"},"modified":"2022-06-28T12:02:11","modified_gmt":"2022-06-28T10:02:11","slug":"schweizer-kmu-tag-2022-kmu-und-beziehungen-konstant-im-wandel","status":"publish","type":"post","link":"https:\/\/www.organisator.ch\/de\/management\/2022-06-28\/schweizer-kmu-tag-2022-kmu-und-beziehungen-konstant-im-wandel\/","title":{"rendered":"Schweizer KMU-Tag 2022: KMU und Beziehungen &#8211; konstant im Wandel"},"content":{"rendered":"<figure id=\"attachment_15491\" aria-describedby=\"caption-attachment-15491\" style=\"width: 680px\" class=\"wp-caption alignnone\"><img loading=\"lazy\" decoding=\"async\" class=\"size-full wp-image-15491\" src=\"https:\/\/www.organisator.ch\/wp-content\/uploads\/2022\/06\/Schweizer-KMU-Tag-2022-KMU-und-Beziehungen-konstant-im-Wandel_Organisator.jpg\" alt=\"\" width=\"680\" height=\"422\" srcset=\"https:\/\/www.organisator.ch\/wp-content\/uploads\/2022\/06\/Schweizer-KMU-Tag-2022-KMU-und-Beziehungen-konstant-im-Wandel_Organisator.jpg 680w, https:\/\/www.organisator.ch\/wp-content\/uploads\/2022\/06\/Schweizer-KMU-Tag-2022-KMU-und-Beziehungen-konstant-im-Wandel_Organisator-18x12.jpg 18w, https:\/\/www.organisator.ch\/wp-content\/uploads\/2022\/06\/Schweizer-KMU-Tag-2022-KMU-und-Beziehungen-konstant-im-Wandel_Organisator-282x175.jpg 282w, https:\/\/www.organisator.ch\/wp-content\/uploads\/2022\/06\/Schweizer-KMU-Tag-2022-KMU-und-Beziehungen-konstant-im-Wandel_Organisator-564x350.jpg 564w, https:\/\/www.organisator.ch\/wp-content\/uploads\/2022\/06\/Schweizer-KMU-Tag-2022-KMU-und-Beziehungen-konstant-im-Wandel_Organisator-300x186.jpg 300w\" sizes=\"auto, (max-width: 680px) 100vw, 680px\" \/><figcaption id=\"caption-attachment-15491\" class=\"wp-caption-text\">Treten am 28. Oktober am KMU-Tag 2022 in St.Gallen auf: Tobias Wolf (Gastgeber), Jacqueline Badran, Franz Fischlin (Moderator), Giada Ilardo, Reto F\u00f6llmi, Reto Schmid (im Uhrzeigersinn). Bildquelle: KMU-Tag<\/figcaption><\/figure>\n<p>St.Gallen wird einmal im Jahr zum Treffpunkt der Schweizer KMU \u2013 in diesem Jahr bereits zum 19. Mal. Der Schweizer KMU-Tag 2022 stellt auch dieses Mal die aktuellen Herausforderungen f\u00fcr Klein- und Mittelunternehmen (KMU) in den Fokus.<\/p>\n<h3><strong>Inflation, Unternehmensgr\u00fcndung mit 16 und Kleinheit als Gesch\u00e4ftsmodell<\/strong><\/h3>\n<p>Nach der Einf\u00fchrung in den diesj\u00e4hrigen KMU-Tag durch Gastgeber Tobias Wolf spricht HSG-Professor Reto F\u00f6llmi \u00fcber \u00abInflation und KMU\u00bb, und Tattoo- und Piercing-Unternehmerin Giada Ilardo erz\u00e4hlt den Teilnehmenden mehr \u00fcber \u00abUnternehmensgr\u00fcndung mit 16, dann ging es schnell\u00bb. In der mittlerweile bew\u00e4hrten \u00abInspiration Session\u00bb inspirieren Startups mit ihren Gesch\u00e4ftsmodellen die Teilnehmer und Teilnehmerinnen zu Ideen f\u00fcr ihr eigenes Gesch\u00e4ft. Anschliessend geht es mit Reto Schmid, der die kleinste B\u00fcndner Nusstorte b\u00e4ckt, um die \u00abKleinheit als Gesch\u00e4ftsmodell\u00bb und die Internet-Unternehmerin und Nationalr\u00e4tin Jacqueline Badran meint: \u00abIch weiss schon, was ich sagen m\u00f6chte\u00bb.<\/p>\n<h3><strong>Schweizer KMU tauschen sich am KMU-Tag 2022 aus<\/strong><\/h3>\n<p>Der Schweizer KMU-Tag ist eine gefragte Plattform zum Austausch von Unternehmerinnen, Unternehmer und F\u00fchrungskr\u00e4ften aus Schweizer KMU. Patronate f\u00fcr den Schweizer KMU-Tag 2022 haben wichtige Institutionen \u00fcbernommen: Der Schweizerische Gewerbeverband (SGV), economiesuisse, die Industrie- und Handelskammer St.Gallen-Appenzell sowie der Kantonale Gewerbeverband St.Gallen. Unterst\u00fctzt wird der Anlass durch eine Reihe von Co-Sponsoren und langj\u00e4hrige Hauptsponsoren, denen KMU-Anliegen sehr wichtig sind: Raiffeisen, Helvetia, ABACUS, OBT und Swisscom sowie zahlreiche KMU aus dem Industrie- und Dienstleistungssektor.<\/p>\n<p>Organisiert wird der Schweizer KMU-Tag vom Schweizerischen Institut f\u00fcr KMU und Unternehmertum an der Universit\u00e4t St.Gallen (KMU-HSG) und von der Agentur alea iacta ag. Die Anmeldung f\u00fcr die Tagung ist ab sofort \u00fcber <a href=\"http:\/\/www.kmu-tag.ch\/index_de.php?TPL=24000&amp;x24000_FID=6&amp;x25000_ID=41\">www.kmu-tag.ch<\/a>\/anmeldung m\u00f6glich. Eine fr\u00fche Anmeldung lohnt sich, in den Vorjahren war der KMU-Tag jeweils rasch ausverkauft.<\/p>\n<p>Einen R\u00fcckblick auf den <a href=\"https:\/\/www.organisator.ch\/de\/allgemein\/2021-10-23\/schweizer-kmu-tag-2021-wenn-ueberraschungen-die-neue-normalitaet-sind\/\">Anlass vom letzten Jahr finden Sie hier<\/a>.<\/p>\n","protected":false},"excerpt":{"rendered":"<p>St.Gallen wird einmal im Jahr zum Treffpunkt der Schweizer KMU \u2013 in diesem Jahr bereits zum 19. Mal. Der Schweizer KMU-Tag 2022 stellt auch dieses Mal die aktuellen Herausforderungen f\u00fcr Klein- und Mittelunternehmen (KMU) in den Fokus. Inflation, Unternehmensgr\u00fcndung mit 16 und Kleinheit als Gesch\u00e4ftsmodell Nach der Einf\u00fchrung in den diesj\u00e4hrigen KMU-Tag durch Gastgeber Tobias [&hellip;]<\/p>\n","protected":false},"author":4,"featured_media":15491,"comment_status":"closed","ping_status":"closed","sticky":false,"template":"","format":"standard","meta":{"_acf_changed":false,"_yoast_wpseo_focuskw":"KMU-Tag 2022","_yoast_wpseo_metadesc":"Am 28. Oktober geht es am Schweizer KMU-Tag 2022 um das Thema \u00abKMU und Beziehungen \u2013 konstant im Wandel\u00bb, mit spannenden Referent\/-innen.","articlekey":"","footnotes":""},"categories":[28],"tags":[193,305,335],"class_list":["post-15490","post","type-post","status-publish","format-standard","has-post-thumbnail","hentry","category-management","tag-fachkongressfachmesse","tag-kmu-tag","tag-management-und-unternehmensfuehrung"],"acf":[],"yoast_head":"<!-- This site is optimized with the Yoast SEO plugin v27.5 - https:\/\/yoast.com\/product\/yoast-seo-wordpress\/ -->\n<title>Schweizer KMU-Tag 2022: KMU und Beziehungen - konstant im Wandel - Organisator<\/title>\n<meta name=\"description\" content=\"Am 28. Oktober geht es am Schweizer KMU-Tag 2022 um das Thema \u00abKMU und Beziehungen \u2013 konstant im Wandel\u00bb, mit spannenden Referent\/-innen.\" \/>\n<meta name=\"robots\" content=\"index, follow, max-snippet:-1, max-image-preview:large, max-video-preview:-1\" \/>\n<link rel=\"canonical\" href=\"https:\/\/www.organisator.ch\/de\/management\/2022-06-28\/schweizer-kmu-tag-2022-kmu-und-beziehungen-konstant-im-wandel\/\" \/>\n<meta property=\"og:locale\" content=\"de_DE\" \/>\n<meta property=\"og:type\" content=\"article\" \/>\n<meta property=\"og:title\" content=\"Schweizer KMU-Tag 2022: KMU und Beziehungen - konstant im Wandel\" \/>\n<meta property=\"og:description\" content=\"Am 28. Oktober geht es am Schweizer KMU-Tag 2022 um das Thema \u00abKMU und Beziehungen \u2013 konstant im Wandel\u00bb, mit spannenden Referent\/-innen.\" \/>\n<meta property=\"og:url\" content=\"https:\/\/www.organisator.ch\/de\/management\/2022-06-28\/schweizer-kmu-tag-2022-kmu-und-beziehungen-konstant-im-wandel\/\" \/>\n<meta property=\"og:site_name\" content=\"Organisator\" \/>\n<meta property=\"article:publisher\" content=\"https:\/\/www.facebook.com\/OrganisatorFachmagazin\" \/>\n<meta property=\"article:published_time\" content=\"2022-06-28T10:02:11+00:00\" \/>\n<meta property=\"og:image\" content=\"https:\/\/www.organisator.ch\/wp-content\/uploads\/2022\/06\/Schweizer-KMU-Tag-2022-KMU-und-Beziehungen-konstant-im-Wandel_Organisator.jpg\" \/>\n\t<meta property=\"og:image:width\" content=\"680\" \/>\n\t<meta property=\"og:image:height\" content=\"422\" \/>\n\t<meta property=\"og:image:type\" content=\"image\/jpeg\" \/>\n<meta name=\"author\" content=\"thomas.berner\" \/>\n<meta name=\"twitter:card\" content=\"summary_large_image\" \/>\n<meta name=\"twitter:title\" content=\"Schweizer #KMU-Tag 2022: KMU und #Beziehungen - konstant im Wandel\" \/>\n<meta name=\"twitter:description\" content=\"Am 28. Oktober geht es am Schweizer #KMU-Tag 2022 um das Thema \u00abKMU und Beziehungen \u2013 konstant im Wandel\u00bb, mit spannenden Referent\/-innen.\" \/>\n<meta name=\"twitter:image\" content=\"https:\/\/www.organisator.ch\/wp-content\/uploads\/2022\/06\/Schweizer-KMU-Tag-2022-KMU-und-Beziehungen-konstant-im-Wandel_Organisator.jpg\" \/>\n<script type=\"application\/ld+json\" class=\"yoast-schema-graph\">{\"@context\":\"https:\\\/\\\/schema.org\",\"@graph\":[{\"@type\":\"Article\",\"@id\":\"https:\\\/\\\/www.organisator.ch\\\/management\\\/2022-06-28\\\/schweizer-kmu-tag-2022-kmu-und-beziehungen-konstant-im-wandel\\\/#article\",\"isPartOf\":{\"@id\":\"https:\\\/\\\/www.organisator.ch\\\/management\\\/2022-06-28\\\/schweizer-kmu-tag-2022-kmu-und-beziehungen-konstant-im-wandel\\\/\"},\"author\":{\"name\":\"thomas.berner\",\"@id\":\"https:\\\/\\\/www.organisator.ch\\\/#\\\/schema\\\/person\\\/6f650f90b2842cd4c0cc334b4e36f67e\"},\"headline\":\"Schweizer KMU-Tag 2022: KMU und Beziehungen &#8211; konstant im Wandel\",\"datePublished\":\"2022-06-28T10:02:11+00:00\",\"mainEntityOfPage\":{\"@id\":\"https:\\\/\\\/www.organisator.ch\\\/management\\\/2022-06-28\\\/schweizer-kmu-tag-2022-kmu-und-beziehungen-konstant-im-wandel\\\/\"},\"wordCount\":348,\"publisher\":{\"@id\":\"https:\\\/\\\/www.organisator.ch\\\/#organization\"},\"image\":{\"@id\":\"https:\\\/\\\/www.organisator.ch\\\/management\\\/2022-06-28\\\/schweizer-kmu-tag-2022-kmu-und-beziehungen-konstant-im-wandel\\\/#primaryimage\"},\"thumbnailUrl\":\"https:\\\/\\\/www.organisator.ch\\\/wp-content\\\/uploads\\\/2022\\\/06\\\/Schweizer-KMU-Tag-2022-KMU-und-Beziehungen-konstant-im-Wandel_Organisator.jpg\",\"keywords\":[\"Fachkongress\\\/Fachmesse\",\"KMU-Tag\",\"Management und Unternehmensf\u00fchrung\"],\"articleSection\":[\"MANAGEMENT\"],\"inLanguage\":\"de\"},{\"@type\":\"WebPage\",\"@id\":\"https:\\\/\\\/www.organisator.ch\\\/management\\\/2022-06-28\\\/schweizer-kmu-tag-2022-kmu-und-beziehungen-konstant-im-wandel\\\/\",\"url\":\"https:\\\/\\\/www.organisator.ch\\\/management\\\/2022-06-28\\\/schweizer-kmu-tag-2022-kmu-und-beziehungen-konstant-im-wandel\\\/\",\"name\":\"Schweizer KMU-Tag 2022: KMU und Beziehungen - konstant im Wandel - Organisator\",\"isPartOf\":{\"@id\":\"https:\\\/\\\/www.organisator.ch\\\/#website\"},\"primaryImageOfPage\":{\"@id\":\"https:\\\/\\\/www.organisator.ch\\\/management\\\/2022-06-28\\\/schweizer-kmu-tag-2022-kmu-und-beziehungen-konstant-im-wandel\\\/#primaryimage\"},\"image\":{\"@id\":\"https:\\\/\\\/www.organisator.ch\\\/management\\\/2022-06-28\\\/schweizer-kmu-tag-2022-kmu-und-beziehungen-konstant-im-wandel\\\/#primaryimage\"},\"thumbnailUrl\":\"https:\\\/\\\/www.organisator.ch\\\/wp-content\\\/uploads\\\/2022\\\/06\\\/Schweizer-KMU-Tag-2022-KMU-und-Beziehungen-konstant-im-Wandel_Organisator.jpg\",\"datePublished\":\"2022-06-28T10:02:11+00:00\",\"description\":\"Am 28. Oktober geht es am Schweizer KMU-Tag 2022 um das Thema \u00abKMU und Beziehungen \u2013 konstant im Wandel\u00bb, mit spannenden Referent\\\/-innen.\",\"breadcrumb\":{\"@id\":\"https:\\\/\\\/www.organisator.ch\\\/management\\\/2022-06-28\\\/schweizer-kmu-tag-2022-kmu-und-beziehungen-konstant-im-wandel\\\/#breadcrumb\"},\"inLanguage\":\"de\",\"potentialAction\":[{\"@type\":\"ReadAction\",\"target\":[\"https:\\\/\\\/www.organisator.ch\\\/management\\\/2022-06-28\\\/schweizer-kmu-tag-2022-kmu-und-beziehungen-konstant-im-wandel\\\/\"]}]},{\"@type\":\"ImageObject\",\"inLanguage\":\"de\",\"@id\":\"https:\\\/\\\/www.organisator.ch\\\/management\\\/2022-06-28\\\/schweizer-kmu-tag-2022-kmu-und-beziehungen-konstant-im-wandel\\\/#primaryimage\",\"url\":\"https:\\\/\\\/www.organisator.ch\\\/wp-content\\\/uploads\\\/2022\\\/06\\\/Schweizer-KMU-Tag-2022-KMU-und-Beziehungen-konstant-im-Wandel_Organisator.jpg\",\"contentUrl\":\"https:\\\/\\\/www.organisator.ch\\\/wp-content\\\/uploads\\\/2022\\\/06\\\/Schweizer-KMU-Tag-2022-KMU-und-Beziehungen-konstant-im-Wandel_Organisator.jpg\",\"width\":680,\"height\":422,\"caption\":\"Treten am 28. Oktober am KMU-Tag 2022 in St.Gallen auf: Tobias Wolf (Gastgeber), Jacqueline Badran, Franz Fischlin (Moderator), Giada Ilardo, Reto F\u00f6llmi, Reto Schmid (im Uhrzeigersinn). Bildquelle: KMU-Tag\"},{\"@type\":\"BreadcrumbList\",\"@id\":\"https:\\\/\\\/www.organisator.ch\\\/management\\\/2022-06-28\\\/schweizer-kmu-tag-2022-kmu-und-beziehungen-konstant-im-wandel\\\/#breadcrumb\",\"itemListElement\":[{\"@type\":\"ListItem\",\"position\":1,\"name\":\"Home\",\"item\":\"https:\\\/\\\/www.organisator.ch\\\/\"},{\"@type\":\"ListItem\",\"position\":2,\"name\":\"Schweizer KMU-Tag 2022: KMU und Beziehungen &#8211; konstant im Wandel\"}]},{\"@type\":\"WebSite\",\"@id\":\"https:\\\/\\\/www.organisator.ch\\\/#website\",\"url\":\"https:\\\/\\\/www.organisator.ch\\\/\",\"name\":\"Organisator\",\"description\":\"Kompetent. Praxisnah. Der ORGANISATOR bereitet in 10 Ausgaben pro Jahr die wesentlichen Themen f\u00fcr F\u00fchrungskr\u00e4fte von KMU auf.\",\"publisher\":{\"@id\":\"https:\\\/\\\/www.organisator.ch\\\/#organization\"},\"potentialAction\":[{\"@type\":\"SearchAction\",\"target\":{\"@type\":\"EntryPoint\",\"urlTemplate\":\"https:\\\/\\\/www.organisator.ch\\\/?s={search_term_string}\"},\"query-input\":{\"@type\":\"PropertyValueSpecification\",\"valueRequired\":true,\"valueName\":\"search_term_string\"}}],\"inLanguage\":\"de\"},{\"@type\":\"Organization\",\"@id\":\"https:\\\/\\\/www.organisator.ch\\\/#organization\",\"name\":\"Organisator\",\"url\":\"https:\\\/\\\/www.organisator.ch\\\/\",\"logo\":{\"@type\":\"ImageObject\",\"inLanguage\":\"de\",\"@id\":\"https:\\\/\\\/www.organisator.ch\\\/#\\\/schema\\\/logo\\\/image\\\/\",\"url\":\"https:\\\/\\\/www.organisator.ch\\\/wp-content\\\/uploads\\\/2022\\\/01\\\/Logo_Organisator_Website.png\",\"contentUrl\":\"https:\\\/\\\/www.organisator.ch\\\/wp-content\\\/uploads\\\/2022\\\/01\\\/Logo_Organisator_Website.png\",\"width\":800,\"height\":77,\"caption\":\"Organisator\"},\"image\":{\"@id\":\"https:\\\/\\\/www.organisator.ch\\\/#\\\/schema\\\/logo\\\/image\\\/\"},\"sameAs\":[\"https:\\\/\\\/www.facebook.com\\\/OrganisatorFachmagazin\",\"https:\\\/\\\/www.linkedin.com\\\/showcase\\\/organisator-das-magazin-fr-kmu\",\"https:\\\/\\\/www.xing.com\\\/news\\\/pages\\\/organisator-ch-695\",\"https:\\\/\\\/www.youtube.com\\\/channel\\\/UCGP2Sq0iWaZwT3BdIAQFYpw\"]},{\"@type\":\"Person\",\"@id\":\"https:\\\/\\\/www.organisator.ch\\\/#\\\/schema\\\/person\\\/6f650f90b2842cd4c0cc334b4e36f67e\",\"name\":\"thomas.berner\",\"image\":{\"@type\":\"ImageObject\",\"inLanguage\":\"de\",\"@id\":\"https:\\\/\\\/secure.gravatar.com\\\/avatar\\\/ac5001d2a36cb6c6cd3e50789007ffca834b477b74a2144564522e944eabff61?s=96&d=mm&r=g\",\"url\":\"https:\\\/\\\/secure.gravatar.com\\\/avatar\\\/ac5001d2a36cb6c6cd3e50789007ffca834b477b74a2144564522e944eabff61?s=96&d=mm&r=g\",\"contentUrl\":\"https:\\\/\\\/secure.gravatar.com\\\/avatar\\\/ac5001d2a36cb6c6cd3e50789007ffca834b477b74a2144564522e944eabff61?s=96&d=mm&r=g\",\"caption\":\"thomas.berner\"},\"url\":\"https:\\\/\\\/www.organisator.ch\\\/de\\\/author\\\/thomas-berner\\\/\"}]}<\/script>\n<!-- \/ Yoast SEO plugin. -->","yoast_head_json":{"title":"Schweizer KMU-Tag 2022: KMU und Beziehungen - konstant im Wandel - Organisator","description":"Am 28. Oktober geht es am Schweizer KMU-Tag 2022 um das Thema \u00abKMU und Beziehungen \u2013 konstant im Wandel\u00bb, mit spannenden Referent\/-innen.","robots":{"index":"index","follow":"follow","max-snippet":"max-snippet:-1","max-image-preview":"max-image-preview:large","max-video-preview":"max-video-preview:-1"},"canonical":"https:\/\/www.organisator.ch\/de\/management\/2022-06-28\/schweizer-kmu-tag-2022-kmu-und-beziehungen-konstant-im-wandel\/","og_locale":"de_DE","og_type":"article","og_title":"Schweizer KMU-Tag 2022: KMU und Beziehungen - konstant im Wandel","og_description":"Am 28. Oktober geht es am Schweizer KMU-Tag 2022 um das Thema \u00abKMU und Beziehungen \u2013 konstant im Wandel\u00bb, mit spannenden Referent\/-innen.","og_url":"https:\/\/www.organisator.ch\/de\/management\/2022-06-28\/schweizer-kmu-tag-2022-kmu-und-beziehungen-konstant-im-wandel\/","og_site_name":"Organisator","article_publisher":"https:\/\/www.facebook.com\/OrganisatorFachmagazin","article_published_time":"2022-06-28T10:02:11+00:00","og_image":[{"width":680,"height":422,"url":"https:\/\/www.organisator.ch\/wp-content\/uploads\/2022\/06\/Schweizer-KMU-Tag-2022-KMU-und-Beziehungen-konstant-im-Wandel_Organisator.jpg","type":"image\/jpeg"}],"author":"thomas.berner","twitter_card":"summary_large_image","twitter_title":"Schweizer #KMU-Tag 2022: KMU und #Beziehungen - konstant im Wandel","twitter_description":"Am 28. Oktober geht es am Schweizer #KMU-Tag 2022 um das Thema \u00abKMU und Beziehungen \u2013 konstant im Wandel\u00bb, mit spannenden Referent\/-innen.","twitter_image":"https:\/\/www.organisator.ch\/wp-content\/uploads\/2022\/06\/Schweizer-KMU-Tag-2022-KMU-und-Beziehungen-konstant-im-Wandel_Organisator.jpg","schema":{"@context":"https:\/\/schema.org","@graph":[{"@type":"Article","@id":"https:\/\/www.organisator.ch\/management\/2022-06-28\/schweizer-kmu-tag-2022-kmu-und-beziehungen-konstant-im-wandel\/#article","isPartOf":{"@id":"https:\/\/www.organisator.ch\/management\/2022-06-28\/schweizer-kmu-tag-2022-kmu-und-beziehungen-konstant-im-wandel\/"},"author":{"name":"thomas.berner","@id":"https:\/\/www.organisator.ch\/#\/schema\/person\/6f650f90b2842cd4c0cc334b4e36f67e"},"headline":"Schweizer KMU-Tag 2022: KMU und Beziehungen &#8211; konstant im Wandel","datePublished":"2022-06-28T10:02:11+00:00","mainEntityOfPage":{"@id":"https:\/\/www.organisator.ch\/management\/2022-06-28\/schweizer-kmu-tag-2022-kmu-und-beziehungen-konstant-im-wandel\/"},"wordCount":348,"publisher":{"@id":"https:\/\/www.organisator.ch\/#organization"},"image":{"@id":"https:\/\/www.organisator.ch\/management\/2022-06-28\/schweizer-kmu-tag-2022-kmu-und-beziehungen-konstant-im-wandel\/#primaryimage"},"thumbnailUrl":"https:\/\/www.organisator.ch\/wp-content\/uploads\/2022\/06\/Schweizer-KMU-Tag-2022-KMU-und-Beziehungen-konstant-im-Wandel_Organisator.jpg","keywords":["Fachkongress\/Fachmesse","KMU-Tag","Management und Unternehmensf\u00fchrung"],"articleSection":["MANAGEMENT"],"inLanguage":"de"},{"@type":"WebPage","@id":"https:\/\/www.organisator.ch\/management\/2022-06-28\/schweizer-kmu-tag-2022-kmu-und-beziehungen-konstant-im-wandel\/","url":"https:\/\/www.organisator.ch\/management\/2022-06-28\/schweizer-kmu-tag-2022-kmu-und-beziehungen-konstant-im-wandel\/","name":"Schweizer KMU-Tag 2022: KMU und Beziehungen - konstant im Wandel - Organisator","isPartOf":{"@id":"https:\/\/www.organisator.ch\/#website"},"primaryImageOfPage":{"@id":"https:\/\/www.organisator.ch\/management\/2022-06-28\/schweizer-kmu-tag-2022-kmu-und-beziehungen-konstant-im-wandel\/#primaryimage"},"image":{"@id":"https:\/\/www.organisator.ch\/management\/2022-06-28\/schweizer-kmu-tag-2022-kmu-und-beziehungen-konstant-im-wandel\/#primaryimage"},"thumbnailUrl":"https:\/\/www.organisator.ch\/wp-content\/uploads\/2022\/06\/Schweizer-KMU-Tag-2022-KMU-und-Beziehungen-konstant-im-Wandel_Organisator.jpg","datePublished":"2022-06-28T10:02:11+00:00","description":"Am 28. Oktober geht es am Schweizer KMU-Tag 2022 um das Thema \u00abKMU und Beziehungen \u2013 konstant im Wandel\u00bb, mit spannenden Referent\/-innen.","breadcrumb":{"@id":"https:\/\/www.organisator.ch\/management\/2022-06-28\/schweizer-kmu-tag-2022-kmu-und-beziehungen-konstant-im-wandel\/#breadcrumb"},"inLanguage":"de","potentialAction":[{"@type":"ReadAction","target":["https:\/\/www.organisator.ch\/management\/2022-06-28\/schweizer-kmu-tag-2022-kmu-und-beziehungen-konstant-im-wandel\/"]}]},{"@type":"ImageObject","inLanguage":"de","@id":"https:\/\/www.organisator.ch\/management\/2022-06-28\/schweizer-kmu-tag-2022-kmu-und-beziehungen-konstant-im-wandel\/#primaryimage","url":"https:\/\/www.organisator.ch\/wp-content\/uploads\/2022\/06\/Schweizer-KMU-Tag-2022-KMU-und-Beziehungen-konstant-im-Wandel_Organisator.jpg","contentUrl":"https:\/\/www.organisator.ch\/wp-content\/uploads\/2022\/06\/Schweizer-KMU-Tag-2022-KMU-und-Beziehungen-konstant-im-Wandel_Organisator.jpg","width":680,"height":422,"caption":"Treten am 28. Oktober am KMU-Tag 2022 in St.Gallen auf: Tobias Wolf (Gastgeber), Jacqueline Badran, Franz Fischlin (Moderator), Giada Ilardo, Reto F\u00f6llmi, Reto Schmid (im Uhrzeigersinn). Bildquelle: KMU-Tag"},{"@type":"BreadcrumbList","@id":"https:\/\/www.organisator.ch\/management\/2022-06-28\/schweizer-kmu-tag-2022-kmu-und-beziehungen-konstant-im-wandel\/#breadcrumb","itemListElement":[{"@type":"ListItem","position":1,"name":"Home","item":"https:\/\/www.organisator.ch\/"},{"@type":"ListItem","position":2,"name":"Schweizer KMU-Tag 2022: KMU und Beziehungen &#8211; konstant im Wandel"}]},{"@type":"WebSite","@id":"https:\/\/www.organisator.ch\/#website","url":"https:\/\/www.organisator.ch\/","name":"Organisator","description":"Kompetent. Praxisnah. Der ORGANISATOR bereitet in 10 Ausgaben pro Jahr die wesentlichen Themen f\u00fcr F\u00fchrungskr\u00e4fte von KMU auf.","publisher":{"@id":"https:\/\/www.organisator.ch\/#organization"},"potentialAction":[{"@type":"SearchAction","target":{"@type":"EntryPoint","urlTemplate":"https:\/\/www.organisator.ch\/?s={search_term_string}"},"query-input":{"@type":"PropertyValueSpecification","valueRequired":true,"valueName":"search_term_string"}}],"inLanguage":"de"},{"@type":"Organization","@id":"https:\/\/www.organisator.ch\/#organization","name":"Organisator","url":"https:\/\/www.organisator.ch\/","logo":{"@type":"ImageObject","inLanguage":"de","@id":"https:\/\/www.organisator.ch\/#\/schema\/logo\/image\/","url":"https:\/\/www.organisator.ch\/wp-content\/uploads\/2022\/01\/Logo_Organisator_Website.png","contentUrl":"https:\/\/www.organisator.ch\/wp-content\/uploads\/2022\/01\/Logo_Organisator_Website.png","width":800,"height":77,"caption":"Organisator"},"image":{"@id":"https:\/\/www.organisator.ch\/#\/schema\/logo\/image\/"},"sameAs":["https:\/\/www.facebook.com\/OrganisatorFachmagazin","https:\/\/www.linkedin.com\/showcase\/organisator-das-magazin-fr-kmu","https:\/\/www.xing.com\/news\/pages\/organisator-ch-695","https:\/\/www.youtube.com\/channel\/UCGP2Sq0iWaZwT3BdIAQFYpw"]},{"@type":"Person","@id":"https:\/\/www.organisator.ch\/#\/schema\/person\/6f650f90b2842cd4c0cc334b4e36f67e","name":"thomas.berner","image":{"@type":"ImageObject","inLanguage":"de","@id":"https:\/\/secure.gravatar.com\/avatar\/ac5001d2a36cb6c6cd3e50789007ffca834b477b74a2144564522e944eabff61?s=96&d=mm&r=g","url":"https:\/\/secure.gravatar.com\/avatar\/ac5001d2a36cb6c6cd3e50789007ffca834b477b74a2144564522e944eabff61?s=96&d=mm&r=g","contentUrl":"https:\/\/secure.gravatar.com\/avatar\/ac5001d2a36cb6c6cd3e50789007ffca834b477b74a2144564522e944eabff61?s=96&d=mm&r=g","caption":"thomas.berner"},"url":"https:\/\/www.organisator.ch\/de\/author\/thomas-berner\/"}]}},"_links":{"self":[{"href":"https:\/\/www.organisator.ch\/de\/wp-json\/wp\/v2\/posts\/15490","targetHints":{"allow":["GET"]}}],"collection":[{"href":"https:\/\/www.organisator.ch\/de\/wp-json\/wp\/v2\/posts"}],"about":[{"href":"https:\/\/www.organisator.ch\/de\/wp-json\/wp\/v2\/types\/post"}],"author":[{"embeddable":true,"href":"https:\/\/www.organisator.ch\/de\/wp-json\/wp\/v2\/users\/4"}],"replies":[{"embeddable":true,"href":"https:\/\/www.organisator.ch\/de\/wp-json\/wp\/v2\/comments?post=15490"}],"version-history":[{"count":1,"href":"https:\/\/www.organisator.ch\/de\/wp-json\/wp\/v2\/posts\/15490\/revisions"}],"predecessor-version":[{"id":15492,"href":"https:\/\/www.organisator.ch\/de\/wp-json\/wp\/v2\/posts\/15490\/revisions\/15492"}],"wp:featuredmedia":[{"embeddable":true,"href":"https:\/\/www.organisator.ch\/de\/wp-json\/wp\/v2\/media\/15491"}],"wp:attachment":[{"href":"https:\/\/www.organisator.ch\/de\/wp-json\/wp\/v2\/media?parent=15490"}],"wp:term":[{"taxonomy":"category","embeddable":true,"href":"https:\/\/www.organisator.ch\/de\/wp-json\/wp\/v2\/categories?post=15490"},{"taxonomy":"post_tag","embeddable":true,"href":"https:\/\/www.organisator.ch\/de\/wp-json\/wp\/v2\/tags?post=15490"}],"curies":[{"name":"wp","href":"https:\/\/api.w.org\/{rel}","templated":true}]}}