{"id":15501,"date":"2022-06-29T10:00:25","date_gmt":"2022-06-29T08:00:25","guid":{"rendered":"https:\/\/www.werbewoche.ch\/?p=180771"},"modified":"2022-07-23T16:05:09","modified_gmt":"2022-07-23T14:05:09","slug":"wir-sind-da-frischer-markenauftritt-fuer-swissgrid-von-crk-und-aroma","status":"publish","type":"post","link":"https:\/\/www.organisator.ch\/de\/marketing\/2022-06-29\/wir-sind-da-frischer-markenauftritt-fuer-swissgrid-von-crk-und-aroma\/","title":{"rendered":"\u00abWir sind da!\u00bb Frischer Markenauftritt f\u00fcr Swissgrid von CRK und Aroma"},"content":{"rendered":"<img class=\"aligncenter wp-image-180777 size-full\" src=\"https:\/\/www.werbewoche.ch\/wp-content\/uploads\/2022\/06\/Bild-5_rgb_final_PPT_titel.jpg\" alt=\"CRK\" width=\"1029\" height=\"521\" \/>Als nationale Netzgesellschaft, die das H\u00f6chstspannungsnetz der Schweiz betreibt, steht Swissgrid im Dialog mit zahlreichen Menschen in unterschiedlichen Situationen und Rollen: mit Politikvertreter:innen, mit Beh\u00f6rden, der Wirtschaft, mit Branchenpartnern, mit Medien und mit der interessierten \u00d6ffentlichkeit \u2013 darunter auch Anwohner:innen von Netzvorhaben.\r\n\r\nF\u00fcr diesen Dialog hat die als Lead-Agentur beauftragte Gemeinschaft von Aroma und CRK den neuen Markenauftritt von Swissgrid gem\u00e4ss einem klaren Versprechen gestaltet: \u00abWir sind da! F\u00fcr die Menschen und f\u00fcr die Unternehmen in der Schweiz. Und wir halten die Verbindung zu Europa.\u00bb Dieses Versprechen gibt Swissgrid mit vielen stimmungs- und emotionsgeladenen Alltagsszenen, in denen die zuverl\u00e4ssige Versorgung mit Strom mal eine kleine, mal eine grosse Rolle spielt. Auch zeigt der neue Auftritt die Menschen bei Swissgrid mit ihren verschiedenen Aufgaben, um dieses Versprechen einzul\u00f6sen.\r\n\r\n<a href=\"https:\/\/www.werbewoche.ch\/wp-content\/uploads\/2022\/06\/Bild-4-1_rgb_final_PPT_titel.jpg\"><img class=\"attachment-full alignnone\" src=\"https:\/\/www.werbewoche.ch\/wp-content\/uploads\/2022\/06\/Bild-4-1_rgb_final_PPT_titel.jpg\" alt=\"CRK\" width=\"1029\" height=\"521\" \/><\/a>\r\n<a href=\"https:\/\/www.werbewoche.ch\/wp-content\/uploads\/2022\/06\/Bild-4-2_rgb_final_PPT_titel.jpg\"><img class=\"attachment-full alignnone\" src=\"https:\/\/www.werbewoche.ch\/wp-content\/uploads\/2022\/06\/Bild-4-2_rgb_final_PPT_titel.jpg\" alt=\"CRK\" width=\"1029\" height=\"521\" \/><\/a>\r\n\r\nSichtbar wird dies in neuen Signature-Bildern und im neuen Unternehmensfilm, der diese Momente mit imposanten Landschaften und Infrastrukturen einrahmt. Diese kommen in verschiedenen Kan\u00e4len zum Einsatz: in Print- und Online-Medien, auf Publikumsmessen und Fachkonferenzen sowie in eigenen Veranstaltungen und Besucherzentren.\r\n\r\n\r\n\r\n<a href=\"https:\/\/www.werbewoche.ch\/wp-content\/uploads\/2022\/06\/Bild-8-2_rgb_final_PPT_titel.jpg\"><img class=\"attachment-full alignnone\" src=\"https:\/\/www.werbewoche.ch\/wp-content\/uploads\/2022\/06\/Bild-8-2_rgb_final_PPT_titel.jpg\" alt=\"CRK\" width=\"1029\" height=\"521\" \/><\/a>\r\n<a href=\"https:\/\/www.werbewoche.ch\/wp-content\/uploads\/2022\/06\/Bild-8-1_rgb_final_PPT_titel.jpg\"><img class=\"attachment-full alignnone\" src=\"https:\/\/www.werbewoche.ch\/wp-content\/uploads\/2022\/06\/Bild-8-1_rgb_final_PPT_titel.jpg\" alt=\"CRK\" width=\"1029\" height=\"521\" \/><\/a>\r\n<a href=\"https:\/\/www.werbewoche.ch\/wp-content\/uploads\/2022\/06\/Bild-7-2_rgb_final_PPT_titel.jpg\"><img class=\"attachment-full size-full\" src=\"https:\/\/www.werbewoche.ch\/wp-content\/uploads\/2022\/06\/Bild-7-2_rgb_final_PPT_titel.jpg\" alt=\"\" width=\"1029\" height=\"521\" \/><\/a>\r\n<a href=\"https:\/\/www.werbewoche.ch\/wp-content\/uploads\/2022\/06\/Bild-7-1_rgb_final_PPT_titel.jpg\"><img class=\"attachment-full alignnone\" src=\"https:\/\/www.werbewoche.ch\/wp-content\/uploads\/2022\/06\/Bild-7-1_rgb_final_PPT_titel.jpg\" alt=\"CRK\" width=\"1029\" height=\"521\" \/><\/a>\r\n<a href=\"https:\/\/www.werbewoche.ch\/wp-content\/uploads\/2022\/06\/Bild-6_rgb_final_PPT_titel.jpg\"><img class=\"attachment-full alignnone\" src=\"https:\/\/www.werbewoche.ch\/wp-content\/uploads\/2022\/06\/Bild-6_rgb_final_PPT_titel.jpg\" alt=\"CRK\" width=\"1029\" height=\"521\" \/><\/a>\r\n<a href=\"https:\/\/www.werbewoche.ch\/wp-content\/uploads\/2022\/06\/Bild-3_rgb_final_PPT_titel.jpg\"><img class=\"attachment-full alignnone\" src=\"https:\/\/www.werbewoche.ch\/wp-content\/uploads\/2022\/06\/Bild-3_rgb_final_PPT_titel.jpg\" alt=\"CRK\" width=\"1029\" height=\"521\" \/><\/a>\r\n<a href=\"https:\/\/www.werbewoche.ch\/wp-content\/uploads\/2022\/06\/Bild-2_rgb_final_PPT_titel.jpg\"><img class=\"attachment-full alignnone\" src=\"https:\/\/www.werbewoche.ch\/wp-content\/uploads\/2022\/06\/Bild-2_rgb_final_PPT_titel.jpg\" alt=\"CRK\" width=\"1029\" height=\"521\" \/><\/a>\r\n<a href=\"https:\/\/www.werbewoche.ch\/wp-content\/uploads\/2022\/06\/Bild-1_rgb_final_PPT_titel.jpg\"><img class=\"attachment-full alignnone\" src=\"https:\/\/www.werbewoche.ch\/wp-content\/uploads\/2022\/06\/Bild-1_rgb_final_PPT_titel.jpg\" alt=\"CRK\" width=\"1029\" height=\"521\" \/><\/a>\r\n\r\n<hr \/>\r\n\r\n<strong>Verantwortlich bei Swissgrid<\/strong>: Michelle Roth (Head of Communication &amp; Stakeholder Management), Kaspar Haffner (Head of Content &amp; Digital Communication), Silvia Zuber (Senior Communication Manager), Melanie Ciapponi (Digital Media Manager). <strong>Mandatsmanagement:<\/strong> Oliver Wimmer (CRK), Philipp H\u00e4nggli (Aroma). <strong>Film:<\/strong> Moritz St\u00e4helin (CD). <strong>Produktion:<\/strong> L\u2019Project Media Production. <strong>Signature-Bilder:<\/strong> Louise Riis Ruggaber (AD). <strong>Fotograf:<\/strong> Dean Jaggi (Luxwerk).","protected":false},"excerpt":{"rendered":"<p>Als nationale Netzgesellschaft, die das H\u00f6chstspannungsnetz der Schweiz betreibt, steht Swissgrid im Dialog mit zahlreichen Menschen in unterschiedlichen Situationen und Rollen: mit Politikvertreter:innen, mit Beh\u00f6rden, der Wirtschaft, mit Branchenpartnern, mit Medien und mit der interessierten \u00d6ffentlichkeit \u2013 darunter auch Anwohner:innen von Netzvorhaben. F\u00fcr diesen Dialog hat die als Lead-Agentur beauftragte Gemeinschaft von Aroma und CRK [\u2026]<\/p>\n","protected":false},"author":8,"featured_media":0,"comment_status":"closed","ping_status":"closed","sticky":false,"template":"","format":"standard","meta":{"_acf_changed":false,"_yoast_wpseo_focuskw":"CRK","_yoast_wpseo_metadesc":"Nicht l\u00e4nger sollen allein die f\u00fcr die Stromversorgung notwendigen Netzinfrastrukturen das Bild von Swissgrid pr\u00e4gen. CRK und Aroma","articlekey":"","footnotes":""},"categories":[29],"tags":[2663,3008,2268],"class_list":["post-15501","post","type-post","status-publish","format-standard","hentry","category-marketing","tag-aroma","tag-crk","tag-swissgrid"],"acf":[],"yoast_head":"<!-- This site is optimized with the Yoast SEO plugin v27.4 - https:\/\/yoast.com\/product\/yoast-seo-wordpress\/ -->\n<title>\u00abWir sind da!\u00bb Frischer Markenauftritt f\u00fcr Swissgrid von CRK und Aroma - Organisator<\/title>\n<meta name=\"description\" content=\"Nicht l\u00e4nger sollen allein die f\u00fcr die Stromversorgung notwendigen Netzinfrastrukturen das Bild von Swissgrid pr\u00e4gen. CRK und Aroma\" \/>\n<meta name=\"robots\" content=\"index, follow, max-snippet:-1, max-image-preview:large, max-video-preview:-1\" \/>\n<link rel=\"canonical\" href=\"https:\/\/www.werbewoche.ch\/de\/marketing\/marken\/2022-06-29\/wir-sind-da-frischer-markenauftritt-fuer-swissgrid-von-crk-und-aroma\/\" \/>\n<meta property=\"og:locale\" content=\"de_DE\" \/>\n<meta property=\"og:type\" content=\"article\" \/>\n<meta property=\"og:title\" content=\"\u00abWir sind da!\u00bb Frischer Markenauftritt f\u00fcr Swissgrid von CRK und Aroma - Organisator\" \/>\n<meta property=\"og:description\" content=\"Nicht l\u00e4nger sollen allein die f\u00fcr die Stromversorgung notwendigen Netzinfrastrukturen das Bild von Swissgrid pr\u00e4gen. CRK und Aroma\" \/>\n<meta property=\"og:url\" content=\"https:\/\/www.werbewoche.ch\/de\/marketing\/marken\/2022-06-29\/wir-sind-da-frischer-markenauftritt-fuer-swissgrid-von-crk-und-aroma\/\" \/>\n<meta property=\"og:site_name\" content=\"Organisator\" \/>\n<meta property=\"article:publisher\" content=\"https:\/\/www.facebook.com\/OrganisatorFachmagazin\" \/>\n<meta property=\"article:published_time\" content=\"2022-06-29T08:00:25+00:00\" \/>\n<meta property=\"article:modified_time\" content=\"2022-07-23T14:05:09+00:00\" \/>\n<meta property=\"og:image\" content=\"https:\/\/www.werbewoche.ch\/wp-content\/uploads\/2022\/06\/Bild-5_rgb_final_PPT_titel.jpg\" \/>\n<meta name=\"author\" content=\"galledia\" \/>\n<meta name=\"twitter:card\" content=\"summary_large_image\" \/>\n<meta name=\"twitter:creator\" content=\"@admin\" \/>\n<script type=\"application\/ld+json\" class=\"yoast-schema-graph\">{\"@context\":\"https:\\\/\\\/schema.org\",\"@graph\":[{\"@type\":\"Article\",\"@id\":\"https:\\\/\\\/www.werbewoche.ch\\\/de\\\/marketing\\\/marken\\\/2022-06-29\\\/wir-sind-da-frischer-markenauftritt-fuer-swissgrid-von-crk-und-aroma\\\/#article\",\"isPartOf\":{\"@id\":\"https:\\\/\\\/www.organisator.ch\\\/marketing\\\/2022-06-29\\\/wir-sind-da-frischer-markenauftritt-fuer-swissgrid-von-crk-und-aroma\\\/\"},\"author\":{\"name\":\"galledia\",\"@id\":\"https:\\\/\\\/www.organisator.ch\\\/#\\\/schema\\\/person\\\/4e51799071cd2dd1232ac003643ef5f0\"},\"headline\":\"\u00abWir sind da!\u00bb Frischer Markenauftritt f\u00fcr Swissgrid von CRK und Aroma\",\"datePublished\":\"2022-06-29T08:00:25+00:00\",\"dateModified\":\"2022-07-23T14:05:09+00:00\",\"mainEntityOfPage\":{\"@id\":\"https:\\\/\\\/www.organisator.ch\\\/marketing\\\/2022-06-29\\\/wir-sind-da-frischer-markenauftritt-fuer-swissgrid-von-crk-und-aroma\\\/\"},\"wordCount\":245,\"publisher\":{\"@id\":\"https:\\\/\\\/www.organisator.ch\\\/#organization\"},\"image\":{\"@id\":\"https:\\\/\\\/www.werbewoche.ch\\\/de\\\/marketing\\\/marken\\\/2022-06-29\\\/wir-sind-da-frischer-markenauftritt-fuer-swissgrid-von-crk-und-aroma\\\/#primaryimage\"},\"thumbnailUrl\":\"https:\\\/\\\/www.werbewoche.ch\\\/wp-content\\\/uploads\\\/2022\\\/06\\\/Bild-5_rgb_final_PPT_titel.jpg\",\"keywords\":[\"Aroma\",\"CRK\",\"Swissgrid\"],\"articleSection\":[\"MARKETING\"],\"inLanguage\":\"de\"},{\"@type\":\"WebPage\",\"@id\":\"https:\\\/\\\/www.organisator.ch\\\/marketing\\\/2022-06-29\\\/wir-sind-da-frischer-markenauftritt-fuer-swissgrid-von-crk-und-aroma\\\/\",\"url\":\"https:\\\/\\\/www.werbewoche.ch\\\/de\\\/marketing\\\/marken\\\/2022-06-29\\\/wir-sind-da-frischer-markenauftritt-fuer-swissgrid-von-crk-und-aroma\\\/\",\"name\":\"\u00abWir sind da!\u00bb Frischer Markenauftritt f\u00fcr Swissgrid von CRK und Aroma - Organisator\",\"isPartOf\":{\"@id\":\"https:\\\/\\\/www.organisator.ch\\\/#website\"},\"primaryImageOfPage\":{\"@id\":\"https:\\\/\\\/www.werbewoche.ch\\\/de\\\/marketing\\\/marken\\\/2022-06-29\\\/wir-sind-da-frischer-markenauftritt-fuer-swissgrid-von-crk-und-aroma\\\/#primaryimage\"},\"image\":{\"@id\":\"https:\\\/\\\/www.werbewoche.ch\\\/de\\\/marketing\\\/marken\\\/2022-06-29\\\/wir-sind-da-frischer-markenauftritt-fuer-swissgrid-von-crk-und-aroma\\\/#primaryimage\"},\"thumbnailUrl\":\"https:\\\/\\\/www.werbewoche.ch\\\/wp-content\\\/uploads\\\/2022\\\/06\\\/Bild-5_rgb_final_PPT_titel.jpg\",\"datePublished\":\"2022-06-29T08:00:25+00:00\",\"dateModified\":\"2022-07-23T14:05:09+00:00\",\"description\":\"Nicht l\u00e4nger sollen allein die f\u00fcr die Stromversorgung notwendigen Netzinfrastrukturen das Bild von Swissgrid pr\u00e4gen. CRK und Aroma\",\"breadcrumb\":{\"@id\":\"https:\\\/\\\/www.werbewoche.ch\\\/de\\\/marketing\\\/marken\\\/2022-06-29\\\/wir-sind-da-frischer-markenauftritt-fuer-swissgrid-von-crk-und-aroma\\\/#breadcrumb\"},\"inLanguage\":\"de\",\"potentialAction\":[{\"@type\":\"ReadAction\",\"target\":[\"https:\\\/\\\/www.werbewoche.ch\\\/de\\\/marketing\\\/marken\\\/2022-06-29\\\/wir-sind-da-frischer-markenauftritt-fuer-swissgrid-von-crk-und-aroma\\\/\"]}]},{\"@type\":\"ImageObject\",\"inLanguage\":\"de\",\"@id\":\"https:\\\/\\\/www.werbewoche.ch\\\/de\\\/marketing\\\/marken\\\/2022-06-29\\\/wir-sind-da-frischer-markenauftritt-fuer-swissgrid-von-crk-und-aroma\\\/#primaryimage\",\"url\":\"https:\\\/\\\/www.werbewoche.ch\\\/wp-content\\\/uploads\\\/2022\\\/06\\\/Bild-5_rgb_final_PPT_titel.jpg\",\"contentUrl\":\"https:\\\/\\\/www.werbewoche.ch\\\/wp-content\\\/uploads\\\/2022\\\/06\\\/Bild-5_rgb_final_PPT_titel.jpg\"},{\"@type\":\"BreadcrumbList\",\"@id\":\"https:\\\/\\\/www.werbewoche.ch\\\/de\\\/marketing\\\/marken\\\/2022-06-29\\\/wir-sind-da-frischer-markenauftritt-fuer-swissgrid-von-crk-und-aroma\\\/#breadcrumb\",\"itemListElement\":[{\"@type\":\"ListItem\",\"position\":1,\"name\":\"Home\",\"item\":\"https:\\\/\\\/www.organisator.ch\\\/\"},{\"@type\":\"ListItem\",\"position\":2,\"name\":\"\u00abWir sind da!\u00bb Frischer Markenauftritt f\u00fcr Swissgrid von CRK und Aroma\"}]},{\"@type\":\"WebSite\",\"@id\":\"https:\\\/\\\/www.organisator.ch\\\/#website\",\"url\":\"https:\\\/\\\/www.organisator.ch\\\/\",\"name\":\"Organisator\",\"description\":\"Kompetent. Praxisnah. Der ORGANISATOR bereitet in 10 Ausgaben pro Jahr die wesentlichen Themen f\u00fcr F\u00fchrungskr\u00e4fte von KMU auf.\",\"publisher\":{\"@id\":\"https:\\\/\\\/www.organisator.ch\\\/#organization\"},\"potentialAction\":[{\"@type\":\"SearchAction\",\"target\":{\"@type\":\"EntryPoint\",\"urlTemplate\":\"https:\\\/\\\/www.organisator.ch\\\/?s={search_term_string}\"},\"query-input\":{\"@type\":\"PropertyValueSpecification\",\"valueRequired\":true,\"valueName\":\"search_term_string\"}}],\"inLanguage\":\"de\"},{\"@type\":\"Organization\",\"@id\":\"https:\\\/\\\/www.organisator.ch\\\/#organization\",\"name\":\"Organisator\",\"url\":\"https:\\\/\\\/www.organisator.ch\\\/\",\"logo\":{\"@type\":\"ImageObject\",\"inLanguage\":\"de\",\"@id\":\"https:\\\/\\\/www.organisator.ch\\\/#\\\/schema\\\/logo\\\/image\\\/\",\"url\":\"https:\\\/\\\/www.organisator.ch\\\/wp-content\\\/uploads\\\/2022\\\/01\\\/Logo_Organisator_Website.png\",\"contentUrl\":\"https:\\\/\\\/www.organisator.ch\\\/wp-content\\\/uploads\\\/2022\\\/01\\\/Logo_Organisator_Website.png\",\"width\":800,\"height\":77,\"caption\":\"Organisator\"},\"image\":{\"@id\":\"https:\\\/\\\/www.organisator.ch\\\/#\\\/schema\\\/logo\\\/image\\\/\"},\"sameAs\":[\"https:\\\/\\\/www.facebook.com\\\/OrganisatorFachmagazin\",\"https:\\\/\\\/www.linkedin.com\\\/showcase\\\/organisator-das-magazin-fr-kmu\",\"https:\\\/\\\/www.xing.com\\\/news\\\/pages\\\/organisator-ch-695\",\"https:\\\/\\\/www.youtube.com\\\/channel\\\/UCGP2Sq0iWaZwT3BdIAQFYpw\"]},{\"@type\":\"Person\",\"@id\":\"https:\\\/\\\/www.organisator.ch\\\/#\\\/schema\\\/person\\\/4e51799071cd2dd1232ac003643ef5f0\",\"name\":\"galledia\",\"image\":{\"@type\":\"ImageObject\",\"inLanguage\":\"de\",\"@id\":\"https:\\\/\\\/secure.gravatar.com\\\/avatar\\\/78a7f90c01fc2bfc875782a0d4922b37cde2cf184ce347b91316d23cd7f69a36?s=96&d=mm&r=g\",\"url\":\"https:\\\/\\\/secure.gravatar.com\\\/avatar\\\/78a7f90c01fc2bfc875782a0d4922b37cde2cf184ce347b91316d23cd7f69a36?s=96&d=mm&r=g\",\"contentUrl\":\"https:\\\/\\\/secure.gravatar.com\\\/avatar\\\/78a7f90c01fc2bfc875782a0d4922b37cde2cf184ce347b91316d23cd7f69a36?s=96&d=mm&r=g\",\"caption\":\"galledia\"},\"sameAs\":[\"https:\\\/\\\/x.com\\\/admin\"],\"url\":\"https:\\\/\\\/www.organisator.ch\\\/de\\\/author\\\/galledia\\\/\"}]}<\/script>\n<!-- \/ Yoast SEO plugin. -->","yoast_head_json":{"title":"\u00abWir sind da!\u00bb Frischer Markenauftritt f\u00fcr Swissgrid von CRK und Aroma - Organisator","description":"Nicht l\u00e4nger sollen allein die f\u00fcr die Stromversorgung notwendigen Netzinfrastrukturen das Bild von Swissgrid pr\u00e4gen. CRK und Aroma","robots":{"index":"index","follow":"follow","max-snippet":"max-snippet:-1","max-image-preview":"max-image-preview:large","max-video-preview":"max-video-preview:-1"},"canonical":"https:\/\/www.werbewoche.ch\/de\/marketing\/marken\/2022-06-29\/wir-sind-da-frischer-markenauftritt-fuer-swissgrid-von-crk-und-aroma\/","og_locale":"de_DE","og_type":"article","og_title":"\u00abWir sind da!\u00bb Frischer Markenauftritt f\u00fcr Swissgrid von CRK und Aroma - Organisator","og_description":"Nicht l\u00e4nger sollen allein die f\u00fcr die Stromversorgung notwendigen Netzinfrastrukturen das Bild von Swissgrid pr\u00e4gen. CRK und Aroma","og_url":"https:\/\/www.werbewoche.ch\/de\/marketing\/marken\/2022-06-29\/wir-sind-da-frischer-markenauftritt-fuer-swissgrid-von-crk-und-aroma\/","og_site_name":"Organisator","article_publisher":"https:\/\/www.facebook.com\/OrganisatorFachmagazin","article_published_time":"2022-06-29T08:00:25+00:00","article_modified_time":"2022-07-23T14:05:09+00:00","og_image":[{"url":"https:\/\/www.werbewoche.ch\/wp-content\/uploads\/2022\/06\/Bild-5_rgb_final_PPT_titel.jpg","type":"","width":"","height":""}],"author":"galledia","twitter_card":"summary_large_image","twitter_creator":"@admin","schema":{"@context":"https:\/\/schema.org","@graph":[{"@type":"Article","@id":"https:\/\/www.werbewoche.ch\/de\/marketing\/marken\/2022-06-29\/wir-sind-da-frischer-markenauftritt-fuer-swissgrid-von-crk-und-aroma\/#article","isPartOf":{"@id":"https:\/\/www.organisator.ch\/marketing\/2022-06-29\/wir-sind-da-frischer-markenauftritt-fuer-swissgrid-von-crk-und-aroma\/"},"author":{"name":"galledia","@id":"https:\/\/www.organisator.ch\/#\/schema\/person\/4e51799071cd2dd1232ac003643ef5f0"},"headline":"\u00abWir sind da!\u00bb Frischer Markenauftritt f\u00fcr Swissgrid von CRK und Aroma","datePublished":"2022-06-29T08:00:25+00:00","dateModified":"2022-07-23T14:05:09+00:00","mainEntityOfPage":{"@id":"https:\/\/www.organisator.ch\/marketing\/2022-06-29\/wir-sind-da-frischer-markenauftritt-fuer-swissgrid-von-crk-und-aroma\/"},"wordCount":245,"publisher":{"@id":"https:\/\/www.organisator.ch\/#organization"},"image":{"@id":"https:\/\/www.werbewoche.ch\/de\/marketing\/marken\/2022-06-29\/wir-sind-da-frischer-markenauftritt-fuer-swissgrid-von-crk-und-aroma\/#primaryimage"},"thumbnailUrl":"https:\/\/www.werbewoche.ch\/wp-content\/uploads\/2022\/06\/Bild-5_rgb_final_PPT_titel.jpg","keywords":["Aroma","CRK","Swissgrid"],"articleSection":["MARKETING"],"inLanguage":"de"},{"@type":"WebPage","@id":"https:\/\/www.organisator.ch\/marketing\/2022-06-29\/wir-sind-da-frischer-markenauftritt-fuer-swissgrid-von-crk-und-aroma\/","url":"https:\/\/www.werbewoche.ch\/de\/marketing\/marken\/2022-06-29\/wir-sind-da-frischer-markenauftritt-fuer-swissgrid-von-crk-und-aroma\/","name":"\u00abWir sind da!\u00bb Frischer Markenauftritt f\u00fcr Swissgrid von CRK und Aroma - Organisator","isPartOf":{"@id":"https:\/\/www.organisator.ch\/#website"},"primaryImageOfPage":{"@id":"https:\/\/www.werbewoche.ch\/de\/marketing\/marken\/2022-06-29\/wir-sind-da-frischer-markenauftritt-fuer-swissgrid-von-crk-und-aroma\/#primaryimage"},"image":{"@id":"https:\/\/www.werbewoche.ch\/de\/marketing\/marken\/2022-06-29\/wir-sind-da-frischer-markenauftritt-fuer-swissgrid-von-crk-und-aroma\/#primaryimage"},"thumbnailUrl":"https:\/\/www.werbewoche.ch\/wp-content\/uploads\/2022\/06\/Bild-5_rgb_final_PPT_titel.jpg","datePublished":"2022-06-29T08:00:25+00:00","dateModified":"2022-07-23T14:05:09+00:00","description":"Nicht l\u00e4nger sollen allein die f\u00fcr die Stromversorgung notwendigen Netzinfrastrukturen das Bild von Swissgrid pr\u00e4gen. CRK und Aroma","breadcrumb":{"@id":"https:\/\/www.werbewoche.ch\/de\/marketing\/marken\/2022-06-29\/wir-sind-da-frischer-markenauftritt-fuer-swissgrid-von-crk-und-aroma\/#breadcrumb"},"inLanguage":"de","potentialAction":[{"@type":"ReadAction","target":["https:\/\/www.werbewoche.ch\/de\/marketing\/marken\/2022-06-29\/wir-sind-da-frischer-markenauftritt-fuer-swissgrid-von-crk-und-aroma\/"]}]},{"@type":"ImageObject","inLanguage":"de","@id":"https:\/\/www.werbewoche.ch\/de\/marketing\/marken\/2022-06-29\/wir-sind-da-frischer-markenauftritt-fuer-swissgrid-von-crk-und-aroma\/#primaryimage","url":"https:\/\/www.werbewoche.ch\/wp-content\/uploads\/2022\/06\/Bild-5_rgb_final_PPT_titel.jpg","contentUrl":"https:\/\/www.werbewoche.ch\/wp-content\/uploads\/2022\/06\/Bild-5_rgb_final_PPT_titel.jpg"},{"@type":"BreadcrumbList","@id":"https:\/\/www.werbewoche.ch\/de\/marketing\/marken\/2022-06-29\/wir-sind-da-frischer-markenauftritt-fuer-swissgrid-von-crk-und-aroma\/#breadcrumb","itemListElement":[{"@type":"ListItem","position":1,"name":"Home","item":"https:\/\/www.organisator.ch\/"},{"@type":"ListItem","position":2,"name":"\u00abWir sind da!\u00bb Frischer Markenauftritt f\u00fcr Swissgrid von CRK und Aroma"}]},{"@type":"WebSite","@id":"https:\/\/www.organisator.ch\/#website","url":"https:\/\/www.organisator.ch\/","name":"Organisator","description":"Kompetent. Praxisnah. Der ORGANISATOR bereitet in 10 Ausgaben pro Jahr die wesentlichen Themen f\u00fcr F\u00fchrungskr\u00e4fte von KMU auf.","publisher":{"@id":"https:\/\/www.organisator.ch\/#organization"},"potentialAction":[{"@type":"SearchAction","target":{"@type":"EntryPoint","urlTemplate":"https:\/\/www.organisator.ch\/?s={search_term_string}"},"query-input":{"@type":"PropertyValueSpecification","valueRequired":true,"valueName":"search_term_string"}}],"inLanguage":"de"},{"@type":"Organization","@id":"https:\/\/www.organisator.ch\/#organization","name":"Organisator","url":"https:\/\/www.organisator.ch\/","logo":{"@type":"ImageObject","inLanguage":"de","@id":"https:\/\/www.organisator.ch\/#\/schema\/logo\/image\/","url":"https:\/\/www.organisator.ch\/wp-content\/uploads\/2022\/01\/Logo_Organisator_Website.png","contentUrl":"https:\/\/www.organisator.ch\/wp-content\/uploads\/2022\/01\/Logo_Organisator_Website.png","width":800,"height":77,"caption":"Organisator"},"image":{"@id":"https:\/\/www.organisator.ch\/#\/schema\/logo\/image\/"},"sameAs":["https:\/\/www.facebook.com\/OrganisatorFachmagazin","https:\/\/www.linkedin.com\/showcase\/organisator-das-magazin-fr-kmu","https:\/\/www.xing.com\/news\/pages\/organisator-ch-695","https:\/\/www.youtube.com\/channel\/UCGP2Sq0iWaZwT3BdIAQFYpw"]},{"@type":"Person","@id":"https:\/\/www.organisator.ch\/#\/schema\/person\/4e51799071cd2dd1232ac003643ef5f0","name":"galledia","image":{"@type":"ImageObject","inLanguage":"de","@id":"https:\/\/secure.gravatar.com\/avatar\/78a7f90c01fc2bfc875782a0d4922b37cde2cf184ce347b91316d23cd7f69a36?s=96&d=mm&r=g","url":"https:\/\/secure.gravatar.com\/avatar\/78a7f90c01fc2bfc875782a0d4922b37cde2cf184ce347b91316d23cd7f69a36?s=96&d=mm&r=g","contentUrl":"https:\/\/secure.gravatar.com\/avatar\/78a7f90c01fc2bfc875782a0d4922b37cde2cf184ce347b91316d23cd7f69a36?s=96&d=mm&r=g","caption":"galledia"},"sameAs":["https:\/\/x.com\/admin"],"url":"https:\/\/www.organisator.ch\/de\/author\/galledia\/"}]}},"_links":{"self":[{"href":"https:\/\/www.organisator.ch\/de\/wp-json\/wp\/v2\/posts\/15501","targetHints":{"allow":["GET"]}}],"collection":[{"href":"https:\/\/www.organisator.ch\/de\/wp-json\/wp\/v2\/posts"}],"about":[{"href":"https:\/\/www.organisator.ch\/de\/wp-json\/wp\/v2\/types\/post"}],"author":[{"embeddable":true,"href":"https:\/\/www.organisator.ch\/de\/wp-json\/wp\/v2\/users\/8"}],"replies":[{"embeddable":true,"href":"https:\/\/www.organisator.ch\/de\/wp-json\/wp\/v2\/comments?post=15501"}],"version-history":[{"count":3,"href":"https:\/\/www.organisator.ch\/de\/wp-json\/wp\/v2\/posts\/15501\/revisions"}],"predecessor-version":[{"id":15759,"href":"https:\/\/www.organisator.ch\/de\/wp-json\/wp\/v2\/posts\/15501\/revisions\/15759"}],"wp:attachment":[{"href":"https:\/\/www.organisator.ch\/de\/wp-json\/wp\/v2\/media?parent=15501"}],"wp:term":[{"taxonomy":"category","embeddable":true,"href":"https:\/\/www.organisator.ch\/de\/wp-json\/wp\/v2\/categories?post=15501"},{"taxonomy":"post_tag","embeddable":true,"href":"https:\/\/www.organisator.ch\/de\/wp-json\/wp\/v2\/tags?post=15501"}],"curies":[{"name":"wp","href":"https:\/\/api.w.org\/{rel}","templated":true}]}}