{"id":15503,"date":"2022-06-30T03:09:02","date_gmt":"2022-06-30T01:09:02","guid":{"rendered":"https:\/\/www.organisator.ch\/?p=15503"},"modified":"2022-06-29T13:29:11","modified_gmt":"2022-06-29T11:29:11","slug":"neue-buerowelten-zwei-drittel-der-unternehmen-wollen-investieren","status":"publish","type":"post","link":"https:\/\/www.organisator.ch\/de\/management\/2022-06-30\/neue-buerowelten-zwei-drittel-der-unternehmen-wollen-investieren\/","title":{"rendered":"Neue B\u00fcrowelten: Zwei Drittel der Unternehmen wollen investieren"},"content":{"rendered":"<figure id=\"attachment_15504\" aria-describedby=\"caption-attachment-15504\" style=\"width: 680px\" class=\"wp-caption alignnone\"><img loading=\"lazy\" decoding=\"async\" class=\"size-full wp-image-15504\" src=\"https:\/\/www.organisator.ch\/wp-content\/uploads\/2022\/06\/Neue-Buerowelten-Zwei-Drittel-der-Unternehmen-wollen-investieren_Organisator.jpg\" alt=\"\" width=\"680\" height=\"453\" srcset=\"https:\/\/www.organisator.ch\/wp-content\/uploads\/2022\/06\/Neue-Buerowelten-Zwei-Drittel-der-Unternehmen-wollen-investieren_Organisator.jpg 680w, https:\/\/www.organisator.ch\/wp-content\/uploads\/2022\/06\/Neue-Buerowelten-Zwei-Drittel-der-Unternehmen-wollen-investieren_Organisator-18x12.jpg 18w, https:\/\/www.organisator.ch\/wp-content\/uploads\/2022\/06\/Neue-Buerowelten-Zwei-Drittel-der-Unternehmen-wollen-investieren_Organisator-263x175.jpg 263w, https:\/\/www.organisator.ch\/wp-content\/uploads\/2022\/06\/Neue-Buerowelten-Zwei-Drittel-der-Unternehmen-wollen-investieren_Organisator-525x350.jpg 525w, https:\/\/www.organisator.ch\/wp-content\/uploads\/2022\/06\/Neue-Buerowelten-Zwei-Drittel-der-Unternehmen-wollen-investieren_Organisator-300x200.jpg 300w\" sizes=\"auto, (max-width: 680px) 100vw, 680px\" \/><figcaption id=\"caption-attachment-15504\" class=\"wp-caption-text\">Trotz Homeoffice haben B\u00fcros nicht ausgedient. Ein Grossteil der Unternehmen will weiter in B\u00fcrowelten investieren. (Bild: Adobe Stock \/ ISS)<\/figcaption><\/figure>\n<p>Das internationale Unternehmen ISS, ein Dienstleister f\u00fcr Facility Management und Workplace Experience, hat die Ergebnisse der j\u00fcngsten \u00abISS Pulse Survey\u00bb, vorgestellt. Die Umfrage wurde in 20 L\u00e4ndern unter 100 internationalen Kunden von ISS durchgef\u00fchrt, die weltweit \u00fcber eine Million B\u00fcroangestellte aus verschiedenen Branchen repr\u00e4sentieren. Die Untersuchung ging von der These aus, wonach sich die\u00a0 Priorit\u00e4ten der Unternehmen in Bezug auf B\u00fcroarbeitspl\u00e4tze in den letzten Jahren markant ver\u00e4ndert haben. W\u00e4hrend bei der letzten ISS Umfrage vor der Covid-Pandemie die betriebliche Effizienz sowie Kosteneinsparungen zu den Hauptpriorit\u00e4ten in der Planung und im Betrieb von B\u00fcros z\u00e4hlten, stehen heute die Mitarbeitenden, deren Rekrutierung und Bindung ans Unternehmen an erster Stelle. Beinahe zwei Drittel der befragten Unternehmen investieren daf\u00fcr auch in ihre B\u00fcrowelten.<\/p>\n<h3>Sich entfalten im B\u00fcro<\/h3>\n<p>Jacob Aarup-Andersen, CEO der ISS World Services A\/S Group: \u00abDie Machtverh\u00e4ltnisse auf den globalen Arbeitsm\u00e4rkten haben sich von den Arbeitgebern zu den Arbeitnehmenden verschoben. Die Pandemie hat hybride Arbeitsmodelle zus\u00e4tzlich beschleunigt, ebenso die Erwartungen der Arbeitnehmenden hinsichtlich Flexibilit\u00e4t. Die neue Herausforderung f\u00fcr Arbeitgeber besteht darin, diese Erwartungen auf eine Weise zu erf\u00fcllen, die den Produktivit\u00e4tsanforderungen sowohl der Arbeitnehmenden wie auch des Unternehmens gerecht werden. Es geht nicht um die Frage, ob die Mitarbeitenden im B\u00fcro sind, sondern vielmehr darum, wie sie sich entfalten k\u00f6nnen, wie sie innovativ sein und zusammenarbeiten k\u00f6nnen. Wir sehen im Moment viele Unternehmen, die ihre Arbeitsbereiche neu definieren, um sich an die hybriden Arbeitsmodelle und auch an pers\u00f6nliche Vorlieben der Mitarbeitenden anzupassen. Sie fokussieren dabei sowohl auf den physischen Rahmen, in dem die Menschen arbeiten, als auch auf die Erfahrung, die sie machen, wenn sie ins B\u00fcro kommen.\u00bb<\/p>\n<h3>B\u00fcrofl\u00e4chen werden nicht verkleinert<\/h3>\n<p>Die Umfrage zeigt weiter, dass die Mehrheit der Firmen (69%) aktuell nicht plant, ihre B\u00fcrofl\u00e4chen zu verkleinern. Und jene Unternehmen, die sich im Zuge von Homeoffice zu einer Verkleinerung entschlossen haben, investieren gleichzeitig in ihre Unternehmenskultur und die Workplace Experience, um die Innovationskraft und die Zusammenarbeit zwischen ihren Angestellten zu verbessern. Jacob Aarup-Andersen: \u00abTrotz der unterschiedlichen Herangehensweisen an die Frage des \u00f6kologischen Fussabdrucks von Real Estate bleibt das Ziel der Mitarbeiterbindung. Es gibt kein einheitliches Modell, wenn es darum geht, den Arbeitsplatz der Zukunft zu gestalten, er muss zum Unternehmen und zu den Mitarbeitenden passen. Eines ist jedoch sicher: Die Prognosen, dass das B\u00fcro verschwinden wird, waren \u00fcbertrieben. Im Gegenteil, wir erleben heute weltweit, wie Arbeitsr\u00e4ume neu erdacht und gestaltet werden.\u00bb<\/p>\n<h3>B\u00fcrowelten ver\u00e4ndern sich weiter<\/h3>\n<p>F\u00fcr Andr\u00e9 Nauer, CEO von ISS Schweiz, ist unstrittig, dass sich \u00abgerade im Kontext mit dem \u2039New Normal\u203a die B\u00fcrowelten weiter ver\u00e4ndern. Sie werden farbiger, wohnlicher, kommunikativer und sie werden die Zusammenarbeit der Mitarbeitenden f\u00f6rdern.\u00bb Als einer der f\u00fchrenden Facility-Management-Anbieter in der Schweiz ist ISS auf die Bereiche Advisory, Workplace &amp; Workspace Design, Energiemanagement, Health &amp; Safety sowie Umweltmanagement spezialisiert. Andr\u00e9 Nauer: \u00abISS verf\u00fcgt unter der Leitung von Ulrike B\u00e4uerle und Dr. David Lunze \u00fcber ein Spezialistenteam f\u00fcr Workspace Design &amp; Construction, das die gesamte Leistungspalette von der Projektstudie bis zur Realisierung aus einer Hand anbietet.\u00bb<\/p>\n<p><em>Quelle: <a href=\"http:\/\/www.iss.ch\">ISS<\/a><\/em><\/p>\n","protected":false},"excerpt":{"rendered":"<p>Das internationale Unternehmen ISS, ein Dienstleister f\u00fcr Facility Management und Workplace Experience, hat die Ergebnisse der j\u00fcngsten \u00abISS Pulse Survey\u00bb, vorgestellt. Die Umfrage wurde in 20 L\u00e4ndern unter 100 internationalen Kunden von ISS durchgef\u00fchrt, die weltweit \u00fcber eine Million B\u00fcroangestellte aus verschiedenen Branchen repr\u00e4sentieren. Die Untersuchung ging von der These aus, wonach sich die\u00a0 Priorit\u00e4ten [&hellip;]<\/p>\n","protected":false},"author":4,"featured_media":15504,"comment_status":"closed","ping_status":"closed","sticky":false,"template":"","format":"standard","meta":{"_acf_changed":false,"_yoast_wpseo_focuskw":"B\u00fcrowelten","_yoast_wpseo_metadesc":"Unternehmen wollen trotz Homeoffice weiter in B\u00fcrowelten investieren. Das zeigt eine weltweit durchgef\u00fchrte Umfrage des FM-Spezialisten ISS.","articlekey":"","footnotes":""},"categories":[28],"tags":[51,195,335,459],"class_list":["post-15503","post","type-post","status-publish","format-standard","has-post-thumbnail","hentry","category-management","tag-arbeitsplatzgestaltung","tag-facility-management","tag-management-und-unternehmensfuehrung","tag-studie"],"acf":[],"yoast_head":"<!-- This site is optimized with the Yoast SEO plugin v27.4 - https:\/\/yoast.com\/product\/yoast-seo-wordpress\/ -->\n<title>Neue B\u00fcrowelten: Zwei Drittel der Unternehmen wollen investieren - Organisator<\/title>\n<meta name=\"description\" content=\"Unternehmen wollen trotz Homeoffice weiter in B\u00fcrowelten investieren. Das zeigt eine weltweit durchgef\u00fchrte Umfrage des FM-Spezialisten ISS.\" \/>\n<meta name=\"robots\" content=\"index, follow, max-snippet:-1, max-image-preview:large, max-video-preview:-1\" \/>\n<link rel=\"canonical\" href=\"https:\/\/www.organisator.ch\/de\/management\/2022-06-30\/neue-buerowelten-zwei-drittel-der-unternehmen-wollen-investieren\/\" \/>\n<meta property=\"og:locale\" content=\"de_DE\" \/>\n<meta property=\"og:type\" content=\"article\" \/>\n<meta property=\"og:title\" content=\"Neue B\u00fcrowelten: Zwei Drittel der Unternehmen wollen investieren\" \/>\n<meta property=\"og:description\" content=\"Unternehmen wollen trotz Homeoffice weiter in B\u00fcrowelten investieren. Das zeigt eine weltweit durchgef\u00fchrte Umfrage des FM-Spezialisten ISS.\" \/>\n<meta property=\"og:url\" content=\"https:\/\/www.organisator.ch\/de\/management\/2022-06-30\/neue-buerowelten-zwei-drittel-der-unternehmen-wollen-investieren\/\" \/>\n<meta property=\"og:site_name\" content=\"Organisator\" \/>\n<meta property=\"article:publisher\" content=\"https:\/\/www.facebook.com\/OrganisatorFachmagazin\" \/>\n<meta property=\"article:published_time\" content=\"2022-06-30T01:09:02+00:00\" \/>\n<meta property=\"og:image\" content=\"https:\/\/www.organisator.ch\/wp-content\/uploads\/2022\/06\/Neue-Buerowelten-Zwei-Drittel-der-Unternehmen-wollen-investieren_Organisator.jpg\" \/>\n\t<meta property=\"og:image:width\" content=\"680\" \/>\n\t<meta property=\"og:image:height\" content=\"453\" \/>\n\t<meta property=\"og:image:type\" content=\"image\/jpeg\" \/>\n<meta name=\"author\" content=\"thomas.berner\" \/>\n<meta name=\"twitter:card\" content=\"summary_large_image\" \/>\n<meta name=\"twitter:title\" content=\"Neue #B\u00fcrowelten: Zwei Drittel der Unternehmen wollen investieren\" \/>\n<meta name=\"twitter:description\" content=\"Unternehmen wollen trotz Homeoffice weiter in #B\u00fcrowelten investieren. Das zeigt eine weltweit durchgef\u00fchrte Umfrage des #FM-Spezialisten ISS.\" \/>\n<meta name=\"twitter:image\" content=\"https:\/\/www.organisator.ch\/wp-content\/uploads\/2022\/06\/Neue-Buerowelten-Zwei-Drittel-der-Unternehmen-wollen-investieren_Organisator.jpg\" \/>\n<script type=\"application\/ld+json\" class=\"yoast-schema-graph\">{\"@context\":\"https:\\\/\\\/schema.org\",\"@graph\":[{\"@type\":\"Article\",\"@id\":\"https:\\\/\\\/www.organisator.ch\\\/management\\\/2022-06-30\\\/neue-buerowelten-zwei-drittel-der-unternehmen-wollen-investieren\\\/#article\",\"isPartOf\":{\"@id\":\"https:\\\/\\\/www.organisator.ch\\\/management\\\/2022-06-30\\\/neue-buerowelten-zwei-drittel-der-unternehmen-wollen-investieren\\\/\"},\"author\":{\"name\":\"thomas.berner\",\"@id\":\"https:\\\/\\\/www.organisator.ch\\\/#\\\/schema\\\/person\\\/6f650f90b2842cd4c0cc334b4e36f67e\"},\"headline\":\"Neue B\u00fcrowelten: Zwei Drittel der Unternehmen wollen investieren\",\"datePublished\":\"2022-06-30T01:09:02+00:00\",\"mainEntityOfPage\":{\"@id\":\"https:\\\/\\\/www.organisator.ch\\\/management\\\/2022-06-30\\\/neue-buerowelten-zwei-drittel-der-unternehmen-wollen-investieren\\\/\"},\"wordCount\":572,\"publisher\":{\"@id\":\"https:\\\/\\\/www.organisator.ch\\\/#organization\"},\"image\":{\"@id\":\"https:\\\/\\\/www.organisator.ch\\\/management\\\/2022-06-30\\\/neue-buerowelten-zwei-drittel-der-unternehmen-wollen-investieren\\\/#primaryimage\"},\"thumbnailUrl\":\"https:\\\/\\\/www.organisator.ch\\\/wp-content\\\/uploads\\\/2022\\\/06\\\/Neue-Buerowelten-Zwei-Drittel-der-Unternehmen-wollen-investieren_Organisator.jpg\",\"keywords\":[\"Arbeitsplatzgestaltung\",\"Facility Management\",\"Management und Unternehmensf\u00fchrung\",\"Studie\"],\"articleSection\":[\"MANAGEMENT\"],\"inLanguage\":\"de\"},{\"@type\":\"WebPage\",\"@id\":\"https:\\\/\\\/www.organisator.ch\\\/management\\\/2022-06-30\\\/neue-buerowelten-zwei-drittel-der-unternehmen-wollen-investieren\\\/\",\"url\":\"https:\\\/\\\/www.organisator.ch\\\/management\\\/2022-06-30\\\/neue-buerowelten-zwei-drittel-der-unternehmen-wollen-investieren\\\/\",\"name\":\"Neue B\u00fcrowelten: Zwei Drittel der Unternehmen wollen investieren - Organisator\",\"isPartOf\":{\"@id\":\"https:\\\/\\\/www.organisator.ch\\\/#website\"},\"primaryImageOfPage\":{\"@id\":\"https:\\\/\\\/www.organisator.ch\\\/management\\\/2022-06-30\\\/neue-buerowelten-zwei-drittel-der-unternehmen-wollen-investieren\\\/#primaryimage\"},\"image\":{\"@id\":\"https:\\\/\\\/www.organisator.ch\\\/management\\\/2022-06-30\\\/neue-buerowelten-zwei-drittel-der-unternehmen-wollen-investieren\\\/#primaryimage\"},\"thumbnailUrl\":\"https:\\\/\\\/www.organisator.ch\\\/wp-content\\\/uploads\\\/2022\\\/06\\\/Neue-Buerowelten-Zwei-Drittel-der-Unternehmen-wollen-investieren_Organisator.jpg\",\"datePublished\":\"2022-06-30T01:09:02+00:00\",\"description\":\"Unternehmen wollen trotz Homeoffice weiter in B\u00fcrowelten investieren. Das zeigt eine weltweit durchgef\u00fchrte Umfrage des FM-Spezialisten ISS.\",\"breadcrumb\":{\"@id\":\"https:\\\/\\\/www.organisator.ch\\\/management\\\/2022-06-30\\\/neue-buerowelten-zwei-drittel-der-unternehmen-wollen-investieren\\\/#breadcrumb\"},\"inLanguage\":\"de\",\"potentialAction\":[{\"@type\":\"ReadAction\",\"target\":[\"https:\\\/\\\/www.organisator.ch\\\/management\\\/2022-06-30\\\/neue-buerowelten-zwei-drittel-der-unternehmen-wollen-investieren\\\/\"]}]},{\"@type\":\"ImageObject\",\"inLanguage\":\"de\",\"@id\":\"https:\\\/\\\/www.organisator.ch\\\/management\\\/2022-06-30\\\/neue-buerowelten-zwei-drittel-der-unternehmen-wollen-investieren\\\/#primaryimage\",\"url\":\"https:\\\/\\\/www.organisator.ch\\\/wp-content\\\/uploads\\\/2022\\\/06\\\/Neue-Buerowelten-Zwei-Drittel-der-Unternehmen-wollen-investieren_Organisator.jpg\",\"contentUrl\":\"https:\\\/\\\/www.organisator.ch\\\/wp-content\\\/uploads\\\/2022\\\/06\\\/Neue-Buerowelten-Zwei-Drittel-der-Unternehmen-wollen-investieren_Organisator.jpg\",\"width\":680,\"height\":453,\"caption\":\"Trotz Homeoffice haben B\u00fcros nicht ausgedient. Ein Grossteil der Unternehmen will weiter in B\u00fcrowelten investieren. (Bild: Adobe Stock \\\/ ISS)\"},{\"@type\":\"BreadcrumbList\",\"@id\":\"https:\\\/\\\/www.organisator.ch\\\/management\\\/2022-06-30\\\/neue-buerowelten-zwei-drittel-der-unternehmen-wollen-investieren\\\/#breadcrumb\",\"itemListElement\":[{\"@type\":\"ListItem\",\"position\":1,\"name\":\"Home\",\"item\":\"https:\\\/\\\/www.organisator.ch\\\/\"},{\"@type\":\"ListItem\",\"position\":2,\"name\":\"Neue B\u00fcrowelten: Zwei Drittel der Unternehmen wollen investieren\"}]},{\"@type\":\"WebSite\",\"@id\":\"https:\\\/\\\/www.organisator.ch\\\/#website\",\"url\":\"https:\\\/\\\/www.organisator.ch\\\/\",\"name\":\"Organisator\",\"description\":\"Kompetent. Praxisnah. Der ORGANISATOR bereitet in 10 Ausgaben pro Jahr die wesentlichen Themen f\u00fcr F\u00fchrungskr\u00e4fte von KMU auf.\",\"publisher\":{\"@id\":\"https:\\\/\\\/www.organisator.ch\\\/#organization\"},\"potentialAction\":[{\"@type\":\"SearchAction\",\"target\":{\"@type\":\"EntryPoint\",\"urlTemplate\":\"https:\\\/\\\/www.organisator.ch\\\/?s={search_term_string}\"},\"query-input\":{\"@type\":\"PropertyValueSpecification\",\"valueRequired\":true,\"valueName\":\"search_term_string\"}}],\"inLanguage\":\"de\"},{\"@type\":\"Organization\",\"@id\":\"https:\\\/\\\/www.organisator.ch\\\/#organization\",\"name\":\"Organisator\",\"url\":\"https:\\\/\\\/www.organisator.ch\\\/\",\"logo\":{\"@type\":\"ImageObject\",\"inLanguage\":\"de\",\"@id\":\"https:\\\/\\\/www.organisator.ch\\\/#\\\/schema\\\/logo\\\/image\\\/\",\"url\":\"https:\\\/\\\/www.organisator.ch\\\/wp-content\\\/uploads\\\/2022\\\/01\\\/Logo_Organisator_Website.png\",\"contentUrl\":\"https:\\\/\\\/www.organisator.ch\\\/wp-content\\\/uploads\\\/2022\\\/01\\\/Logo_Organisator_Website.png\",\"width\":800,\"height\":77,\"caption\":\"Organisator\"},\"image\":{\"@id\":\"https:\\\/\\\/www.organisator.ch\\\/#\\\/schema\\\/logo\\\/image\\\/\"},\"sameAs\":[\"https:\\\/\\\/www.facebook.com\\\/OrganisatorFachmagazin\",\"https:\\\/\\\/www.linkedin.com\\\/showcase\\\/organisator-das-magazin-fr-kmu\",\"https:\\\/\\\/www.xing.com\\\/news\\\/pages\\\/organisator-ch-695\",\"https:\\\/\\\/www.youtube.com\\\/channel\\\/UCGP2Sq0iWaZwT3BdIAQFYpw\"]},{\"@type\":\"Person\",\"@id\":\"https:\\\/\\\/www.organisator.ch\\\/#\\\/schema\\\/person\\\/6f650f90b2842cd4c0cc334b4e36f67e\",\"name\":\"thomas.berner\",\"image\":{\"@type\":\"ImageObject\",\"inLanguage\":\"de\",\"@id\":\"https:\\\/\\\/secure.gravatar.com\\\/avatar\\\/ac5001d2a36cb6c6cd3e50789007ffca834b477b74a2144564522e944eabff61?s=96&d=mm&r=g\",\"url\":\"https:\\\/\\\/secure.gravatar.com\\\/avatar\\\/ac5001d2a36cb6c6cd3e50789007ffca834b477b74a2144564522e944eabff61?s=96&d=mm&r=g\",\"contentUrl\":\"https:\\\/\\\/secure.gravatar.com\\\/avatar\\\/ac5001d2a36cb6c6cd3e50789007ffca834b477b74a2144564522e944eabff61?s=96&d=mm&r=g\",\"caption\":\"thomas.berner\"},\"url\":\"https:\\\/\\\/www.organisator.ch\\\/de\\\/author\\\/thomas-berner\\\/\"}]}<\/script>\n<!-- \/ Yoast SEO plugin. -->","yoast_head_json":{"title":"Neue B\u00fcrowelten: Zwei Drittel der Unternehmen wollen investieren - Organisator","description":"Unternehmen wollen trotz Homeoffice weiter in B\u00fcrowelten investieren. Das zeigt eine weltweit durchgef\u00fchrte Umfrage des FM-Spezialisten ISS.","robots":{"index":"index","follow":"follow","max-snippet":"max-snippet:-1","max-image-preview":"max-image-preview:large","max-video-preview":"max-video-preview:-1"},"canonical":"https:\/\/www.organisator.ch\/de\/management\/2022-06-30\/neue-buerowelten-zwei-drittel-der-unternehmen-wollen-investieren\/","og_locale":"de_DE","og_type":"article","og_title":"Neue B\u00fcrowelten: Zwei Drittel der Unternehmen wollen investieren","og_description":"Unternehmen wollen trotz Homeoffice weiter in B\u00fcrowelten investieren. Das zeigt eine weltweit durchgef\u00fchrte Umfrage des FM-Spezialisten ISS.","og_url":"https:\/\/www.organisator.ch\/de\/management\/2022-06-30\/neue-buerowelten-zwei-drittel-der-unternehmen-wollen-investieren\/","og_site_name":"Organisator","article_publisher":"https:\/\/www.facebook.com\/OrganisatorFachmagazin","article_published_time":"2022-06-30T01:09:02+00:00","og_image":[{"width":680,"height":453,"url":"https:\/\/www.organisator.ch\/wp-content\/uploads\/2022\/06\/Neue-Buerowelten-Zwei-Drittel-der-Unternehmen-wollen-investieren_Organisator.jpg","type":"image\/jpeg"}],"author":"thomas.berner","twitter_card":"summary_large_image","twitter_title":"Neue #B\u00fcrowelten: Zwei Drittel der Unternehmen wollen investieren","twitter_description":"Unternehmen wollen trotz Homeoffice weiter in #B\u00fcrowelten investieren. Das zeigt eine weltweit durchgef\u00fchrte Umfrage des #FM-Spezialisten ISS.","twitter_image":"https:\/\/www.organisator.ch\/wp-content\/uploads\/2022\/06\/Neue-Buerowelten-Zwei-Drittel-der-Unternehmen-wollen-investieren_Organisator.jpg","schema":{"@context":"https:\/\/schema.org","@graph":[{"@type":"Article","@id":"https:\/\/www.organisator.ch\/management\/2022-06-30\/neue-buerowelten-zwei-drittel-der-unternehmen-wollen-investieren\/#article","isPartOf":{"@id":"https:\/\/www.organisator.ch\/management\/2022-06-30\/neue-buerowelten-zwei-drittel-der-unternehmen-wollen-investieren\/"},"author":{"name":"thomas.berner","@id":"https:\/\/www.organisator.ch\/#\/schema\/person\/6f650f90b2842cd4c0cc334b4e36f67e"},"headline":"Neue B\u00fcrowelten: Zwei Drittel der Unternehmen wollen investieren","datePublished":"2022-06-30T01:09:02+00:00","mainEntityOfPage":{"@id":"https:\/\/www.organisator.ch\/management\/2022-06-30\/neue-buerowelten-zwei-drittel-der-unternehmen-wollen-investieren\/"},"wordCount":572,"publisher":{"@id":"https:\/\/www.organisator.ch\/#organization"},"image":{"@id":"https:\/\/www.organisator.ch\/management\/2022-06-30\/neue-buerowelten-zwei-drittel-der-unternehmen-wollen-investieren\/#primaryimage"},"thumbnailUrl":"https:\/\/www.organisator.ch\/wp-content\/uploads\/2022\/06\/Neue-Buerowelten-Zwei-Drittel-der-Unternehmen-wollen-investieren_Organisator.jpg","keywords":["Arbeitsplatzgestaltung","Facility Management","Management und Unternehmensf\u00fchrung","Studie"],"articleSection":["MANAGEMENT"],"inLanguage":"de"},{"@type":"WebPage","@id":"https:\/\/www.organisator.ch\/management\/2022-06-30\/neue-buerowelten-zwei-drittel-der-unternehmen-wollen-investieren\/","url":"https:\/\/www.organisator.ch\/management\/2022-06-30\/neue-buerowelten-zwei-drittel-der-unternehmen-wollen-investieren\/","name":"Neue B\u00fcrowelten: Zwei Drittel der Unternehmen wollen investieren - Organisator","isPartOf":{"@id":"https:\/\/www.organisator.ch\/#website"},"primaryImageOfPage":{"@id":"https:\/\/www.organisator.ch\/management\/2022-06-30\/neue-buerowelten-zwei-drittel-der-unternehmen-wollen-investieren\/#primaryimage"},"image":{"@id":"https:\/\/www.organisator.ch\/management\/2022-06-30\/neue-buerowelten-zwei-drittel-der-unternehmen-wollen-investieren\/#primaryimage"},"thumbnailUrl":"https:\/\/www.organisator.ch\/wp-content\/uploads\/2022\/06\/Neue-Buerowelten-Zwei-Drittel-der-Unternehmen-wollen-investieren_Organisator.jpg","datePublished":"2022-06-30T01:09:02+00:00","description":"Unternehmen wollen trotz Homeoffice weiter in B\u00fcrowelten investieren. Das zeigt eine weltweit durchgef\u00fchrte Umfrage des FM-Spezialisten ISS.","breadcrumb":{"@id":"https:\/\/www.organisator.ch\/management\/2022-06-30\/neue-buerowelten-zwei-drittel-der-unternehmen-wollen-investieren\/#breadcrumb"},"inLanguage":"de","potentialAction":[{"@type":"ReadAction","target":["https:\/\/www.organisator.ch\/management\/2022-06-30\/neue-buerowelten-zwei-drittel-der-unternehmen-wollen-investieren\/"]}]},{"@type":"ImageObject","inLanguage":"de","@id":"https:\/\/www.organisator.ch\/management\/2022-06-30\/neue-buerowelten-zwei-drittel-der-unternehmen-wollen-investieren\/#primaryimage","url":"https:\/\/www.organisator.ch\/wp-content\/uploads\/2022\/06\/Neue-Buerowelten-Zwei-Drittel-der-Unternehmen-wollen-investieren_Organisator.jpg","contentUrl":"https:\/\/www.organisator.ch\/wp-content\/uploads\/2022\/06\/Neue-Buerowelten-Zwei-Drittel-der-Unternehmen-wollen-investieren_Organisator.jpg","width":680,"height":453,"caption":"Trotz Homeoffice haben B\u00fcros nicht ausgedient. Ein Grossteil der Unternehmen will weiter in B\u00fcrowelten investieren. (Bild: Adobe Stock \/ ISS)"},{"@type":"BreadcrumbList","@id":"https:\/\/www.organisator.ch\/management\/2022-06-30\/neue-buerowelten-zwei-drittel-der-unternehmen-wollen-investieren\/#breadcrumb","itemListElement":[{"@type":"ListItem","position":1,"name":"Home","item":"https:\/\/www.organisator.ch\/"},{"@type":"ListItem","position":2,"name":"Neue B\u00fcrowelten: Zwei Drittel der Unternehmen wollen investieren"}]},{"@type":"WebSite","@id":"https:\/\/www.organisator.ch\/#website","url":"https:\/\/www.organisator.ch\/","name":"Organisator","description":"Kompetent. Praxisnah. Der ORGANISATOR bereitet in 10 Ausgaben pro Jahr die wesentlichen Themen f\u00fcr F\u00fchrungskr\u00e4fte von KMU auf.","publisher":{"@id":"https:\/\/www.organisator.ch\/#organization"},"potentialAction":[{"@type":"SearchAction","target":{"@type":"EntryPoint","urlTemplate":"https:\/\/www.organisator.ch\/?s={search_term_string}"},"query-input":{"@type":"PropertyValueSpecification","valueRequired":true,"valueName":"search_term_string"}}],"inLanguage":"de"},{"@type":"Organization","@id":"https:\/\/www.organisator.ch\/#organization","name":"Organisator","url":"https:\/\/www.organisator.ch\/","logo":{"@type":"ImageObject","inLanguage":"de","@id":"https:\/\/www.organisator.ch\/#\/schema\/logo\/image\/","url":"https:\/\/www.organisator.ch\/wp-content\/uploads\/2022\/01\/Logo_Organisator_Website.png","contentUrl":"https:\/\/www.organisator.ch\/wp-content\/uploads\/2022\/01\/Logo_Organisator_Website.png","width":800,"height":77,"caption":"Organisator"},"image":{"@id":"https:\/\/www.organisator.ch\/#\/schema\/logo\/image\/"},"sameAs":["https:\/\/www.facebook.com\/OrganisatorFachmagazin","https:\/\/www.linkedin.com\/showcase\/organisator-das-magazin-fr-kmu","https:\/\/www.xing.com\/news\/pages\/organisator-ch-695","https:\/\/www.youtube.com\/channel\/UCGP2Sq0iWaZwT3BdIAQFYpw"]},{"@type":"Person","@id":"https:\/\/www.organisator.ch\/#\/schema\/person\/6f650f90b2842cd4c0cc334b4e36f67e","name":"thomas.berner","image":{"@type":"ImageObject","inLanguage":"de","@id":"https:\/\/secure.gravatar.com\/avatar\/ac5001d2a36cb6c6cd3e50789007ffca834b477b74a2144564522e944eabff61?s=96&d=mm&r=g","url":"https:\/\/secure.gravatar.com\/avatar\/ac5001d2a36cb6c6cd3e50789007ffca834b477b74a2144564522e944eabff61?s=96&d=mm&r=g","contentUrl":"https:\/\/secure.gravatar.com\/avatar\/ac5001d2a36cb6c6cd3e50789007ffca834b477b74a2144564522e944eabff61?s=96&d=mm&r=g","caption":"thomas.berner"},"url":"https:\/\/www.organisator.ch\/de\/author\/thomas-berner\/"}]}},"_links":{"self":[{"href":"https:\/\/www.organisator.ch\/de\/wp-json\/wp\/v2\/posts\/15503","targetHints":{"allow":["GET"]}}],"collection":[{"href":"https:\/\/www.organisator.ch\/de\/wp-json\/wp\/v2\/posts"}],"about":[{"href":"https:\/\/www.organisator.ch\/de\/wp-json\/wp\/v2\/types\/post"}],"author":[{"embeddable":true,"href":"https:\/\/www.organisator.ch\/de\/wp-json\/wp\/v2\/users\/4"}],"replies":[{"embeddable":true,"href":"https:\/\/www.organisator.ch\/de\/wp-json\/wp\/v2\/comments?post=15503"}],"version-history":[{"count":1,"href":"https:\/\/www.organisator.ch\/de\/wp-json\/wp\/v2\/posts\/15503\/revisions"}],"predecessor-version":[{"id":15505,"href":"https:\/\/www.organisator.ch\/de\/wp-json\/wp\/v2\/posts\/15503\/revisions\/15505"}],"wp:featuredmedia":[{"embeddable":true,"href":"https:\/\/www.organisator.ch\/de\/wp-json\/wp\/v2\/media\/15504"}],"wp:attachment":[{"href":"https:\/\/www.organisator.ch\/de\/wp-json\/wp\/v2\/media?parent=15503"}],"wp:term":[{"taxonomy":"category","embeddable":true,"href":"https:\/\/www.organisator.ch\/de\/wp-json\/wp\/v2\/categories?post=15503"},{"taxonomy":"post_tag","embeddable":true,"href":"https:\/\/www.organisator.ch\/de\/wp-json\/wp\/v2\/tags?post=15503"}],"curies":[{"name":"wp","href":"https:\/\/api.w.org\/{rel}","templated":true}]}}