{"id":15520,"date":"2022-06-30T12:03:42","date_gmt":"2022-06-30T10:03:42","guid":{"rendered":"https:\/\/www.organisator.ch\/?p=15520"},"modified":"2022-06-30T12:03:42","modified_gmt":"2022-06-30T10:03:42","slug":"arbeitgebertag-fordert-mehr-engagement-gegen-den-fachkraeftemangel","status":"publish","type":"post","link":"https:\/\/www.organisator.ch\/de\/management\/2022-06-30\/arbeitgebertag-fordert-mehr-engagement-gegen-den-fachkraeftemangel\/","title":{"rendered":"Arbeitgebertag fordert mehr Engagement gegen den Fachkr\u00e4ftemangel"},"content":{"rendered":"<figure id=\"attachment_15521\" aria-describedby=\"caption-attachment-15521\" style=\"width: 680px\" class=\"wp-caption alignnone\"><img loading=\"lazy\" decoding=\"async\" class=\"size-full wp-image-15521\" src=\"https:\/\/www.organisator.ch\/wp-content\/uploads\/2022\/06\/Arbeitgebertag-fordert-mehr-Engagement-gegen-den-Fachkraeftemangel_Organisator.jpg\" alt=\"\" width=\"680\" height=\"457\" srcset=\"https:\/\/www.organisator.ch\/wp-content\/uploads\/2022\/06\/Arbeitgebertag-fordert-mehr-Engagement-gegen-den-Fachkraeftemangel_Organisator.jpg 680w, https:\/\/www.organisator.ch\/wp-content\/uploads\/2022\/06\/Arbeitgebertag-fordert-mehr-Engagement-gegen-den-Fachkraeftemangel_Organisator-18x12.jpg 18w, https:\/\/www.organisator.ch\/wp-content\/uploads\/2022\/06\/Arbeitgebertag-fordert-mehr-Engagement-gegen-den-Fachkraeftemangel_Organisator-260x175.jpg 260w, https:\/\/www.organisator.ch\/wp-content\/uploads\/2022\/06\/Arbeitgebertag-fordert-mehr-Engagement-gegen-den-Fachkraeftemangel_Organisator-521x350.jpg 521w, https:\/\/www.organisator.ch\/wp-content\/uploads\/2022\/06\/Arbeitgebertag-fordert-mehr-Engagement-gegen-den-Fachkraeftemangel_Organisator-300x202.jpg 300w\" sizes=\"auto, (max-width: 680px) 100vw, 680px\" \/><figcaption id=\"caption-attachment-15521\" class=\"wp-caption-text\">Forderte am Arbeitgebertag vom Bundesrat F\u00fchrungsst\u00e4rke und z\u00fcgiges Handeln: Arbeitgeber-Pr\u00e4sident Valentin Vogt. (Bild: Arbeitgeberverband)<\/figcaption><\/figure>\n<p>Der diesj\u00e4hrige Arbeitgebertag, abgehalten am 30. Juni 2022 in Bern, bot die Gelegenheit, nach einer Lageanalyse das dringliche Thema des Fachkr\u00e4ftemangels aus Sicht der Arbeitgeber der Schweiz und ihrem Nachbarn \u00d6sterreich sowie mit Vertretern der Branchen zu vertiefen. \u00abDie Corona-Krise hat den Arbeitgebern viele Verbesserungsbereiche aufgezeigt &#8211; diese Chance darf man nicht ungenutzt lassen\u00bb, betonte SAV-Pr\u00e4sident Valentin Vogt in seiner Standortbestimmung. Doch mit dem Ukraine-Krieg bremst eine neue, aus geopolitischer Sicht weit dramatischere Krise den wirtschaftlichen Aufschwung in der Schweiz. Und w\u00e4hrend der Bundesrat hier mit der EU zusammenspannt, stecken die Verhandlungen \u00fcber die Weiterentwicklung des bilateralen Modells in einer Sackgasse. Dabei sind gerade jetzt gefestigte, rechtlich abgesicherte Beziehungen mit Europa unabdingbar. Vogt betonte, dass die Wirtschaft vom Bundesrat F\u00fchrungsst\u00e4rke und z\u00fcgiges Handeln erwarte.<\/p>\n<h3>Bis 2050 fehlen 1,3 Millionen Arbeitskr\u00e4fte<\/h3>\n<p>Im Fokus der Veranstaltung war anschliessend der Fachkr\u00e4ftemangel, der sich durch die Corona-Pandemie noch zugespitzt hat. Wie wirkt er sich in den betroffenen Branchen aus? Welche L\u00f6sungsans\u00e4tze und Forderungen an die Politik haben die Arbeitgeber? Auf diese Punkte ging Arbeitgeber-Direktor Roland A. M\u00fcller in seinem Referat ein. Infolge der demografischen Alterung ist bis 2050 mit einer Fachkr\u00e4ftel\u00fccke von gegen 1,3 Millionen Personen zu rechnen. Angesichts dieses Engpasses wollen die Arbeitgeber klar das inl\u00e4ndische Arbeitskr\u00e4ftepotenzial f\u00f6rdern. Gerade bei den Frauen setzen sie auf eine Verbesserung der Vereinbarkeit von Beruf und Familie sowie den Abbau von Fehlanreizen bei den Steuern. \u00abF\u00fcr \u00e4ltere Arbeitnehmende ist es zentral, dass die Arbeitsmarktf\u00e4higkeit erhalten und gef\u00f6rdert wird\u00bb, betonte M\u00fcller. Zu diesem Zweck lancierte der Schweizerische Arbeitgeberverband (SAV) das Arbeitgebernetzwerk <a href=\"https:\/\/arbeitgeber.us9.list-manage.com\/track\/click?u=56a31f9dc26f472dc5cbdbe11&amp;id=6c13f429a8&amp;e=10cd0a79ea\">focus50plus<\/a>. Nichtsdestotrotz wird die Schweiz auch zuk\u00fcnftig auf Zuwanderung aus EU\/Efta- und aus Drittstaaten angewiesen sein \u2013 gute Rahmenbedingungen sowie die Sicherung der Personenfreiz\u00fcgigkeit sind daf\u00fcr massgebend.<\/p>\n<h3>\u00d6sterreich zu Gast am Arbeitgebertag<\/h3>\n<p>\u00c4hnlich t\u00f6nt es in Bezug auf den sich versch\u00e4rfenden Fachkr\u00e4ftemangel im Nachbarland \u00d6sterreich. Wie Gastreferent Georg Knill, Pr\u00e4sident der Industriellenvereinigung (IV), eindr\u00fccklich aufzeigte, rechnet \u00d6sterreich bis im Jahr 2050 mit einer Abnahme der Erwerbsbev\u00f6lkerung von aktuell rund 52 auf 47 Prozent. Um das Problem langfristig in den Griff zu bekommen, arbeitet die Regierung eine umfassende Fachkr\u00e4ftestrategie aus, die verschiedene Bereiche wie die Lehrausbildung, die Einbindung von Frauen und \u00c4lteren sowie die qualifizierte Zuwanderung umfasst.<\/p>\n<h3>Fachkr\u00e4ftemangel als Wachstumshemmer<\/h3>\n<p>Wie der Fachkr\u00e4ftemangel von den Branchen erlebt und angegangen wird, diskutierten Vertreter der jeweiligen Wirtschaftszweige im Podiumsgespr\u00e4ch. Woran liegt der akute Fachkr\u00e4ftemangel im Gesundheitssektor und wie kann man die Jungen f\u00fcr die Branche begeistern? Das nebst dem Lohn vor allem Betriebskultur und Arbeitsklima eine wichtige Rolle spielen, unterstrich Rolf Zehnder, ehemaliger Direktor des Kantonsspitals Winterthur und Vizepr\u00e4sident des Spitalverbands H Plus. \u00abF\u00fcr die Pharmabranche ist es ein Privileg, die fehlenden Fachkr\u00e4fte \u00fcber die Drittstaaten-Kontingente gewinnen zu k\u00f6nnen\u00bb &#8211; dessen ist sich Thomas B\u00f6sch, Personalleiter von Novartis Schweiz, bewusst. \u00abDer Fachkr\u00e4ftemangel ist ein echter Wachstumshemmer\u00bb, warnte Judith Bellaiche, Gesch\u00e4ftsf\u00fchrerin von Swico, dem Wirtschaftsverband der Schweizer ICT- und Online-Branche. Man m\u00fcsse schon in der Schule ansetzen.<\/p>\n<p><em>Quelle und weitere Informationen: <a href=\"https:\/\/www.arbeitgeber.ch\/\">Schweizerischer Arbeitgeberverband<\/a><\/em><\/p>\n","protected":false},"excerpt":{"rendered":"<p>Der diesj\u00e4hrige Arbeitgebertag, abgehalten am 30. Juni 2022 in Bern, bot die Gelegenheit, nach einer Lageanalyse das dringliche Thema des Fachkr\u00e4ftemangels aus Sicht der Arbeitgeber der Schweiz und ihrem Nachbarn \u00d6sterreich sowie mit Vertretern der Branchen zu vertiefen. \u00abDie Corona-Krise hat den Arbeitgebern viele Verbesserungsbereiche aufgezeigt &#8211; diese Chance darf man nicht ungenutzt lassen\u00bb, betonte [&hellip;]<\/p>\n","protected":false},"author":4,"featured_media":15521,"comment_status":"closed","ping_status":"closed","sticky":false,"template":"","format":"standard","meta":{"_acf_changed":false,"_yoast_wpseo_focuskw":"Arbeitgebertag","_yoast_wpseo_metadesc":"Am traditionellen Arbeitgebertag des Schweizerischen Arbeitgeberverbands stand der Fachkr\u00e4ftemangel in der Schweiz und in Europa im Fokus.","articlekey":"","footnotes":""},"categories":[28],"tags":[194,502,503,531],"class_list":["post-15520","post","type-post","status-publish","format-standard","has-post-thumbnail","hentry","category-management","tag-fachkraeftemangel","tag-veranstaltungen","tag-verbaende","tag-wirtschaftspolitik"],"acf":[],"yoast_head":"<!-- This site is optimized with the Yoast SEO plugin v27.5 - https:\/\/yoast.com\/product\/yoast-seo-wordpress\/ -->\n<title>Arbeitgebertag fordert mehr Engagement gegen den Fachkr\u00e4ftemangel - Organisator<\/title>\n<meta name=\"description\" content=\"Am traditionellen Arbeitgebertag des Schweizerischen Arbeitgeberverbands stand der Fachkr\u00e4ftemangel in der Schweiz und in Europa im Fokus.\" \/>\n<meta name=\"robots\" content=\"index, follow, max-snippet:-1, max-image-preview:large, max-video-preview:-1\" \/>\n<link rel=\"canonical\" href=\"https:\/\/www.organisator.ch\/de\/management\/2022-06-30\/arbeitgebertag-fordert-mehr-engagement-gegen-den-fachkraeftemangel\/\" \/>\n<meta property=\"og:locale\" content=\"de_DE\" \/>\n<meta property=\"og:type\" content=\"article\" \/>\n<meta property=\"og:title\" content=\"Arbeitgebertag fordert mehr Engagement gegen den Fachkr\u00e4ftemangel\" \/>\n<meta property=\"og:description\" content=\"Am traditionellen Arbeitgebertag des Schweizerischen Arbeitgeberverbands stand der Fachkr\u00e4ftemangel in der Schweiz und in Europa im Fokus.\" \/>\n<meta property=\"og:url\" content=\"https:\/\/www.organisator.ch\/de\/management\/2022-06-30\/arbeitgebertag-fordert-mehr-engagement-gegen-den-fachkraeftemangel\/\" \/>\n<meta property=\"og:site_name\" content=\"Organisator\" \/>\n<meta property=\"article:publisher\" content=\"https:\/\/www.facebook.com\/OrganisatorFachmagazin\" \/>\n<meta property=\"article:published_time\" content=\"2022-06-30T10:03:42+00:00\" \/>\n<meta property=\"og:image\" content=\"https:\/\/www.organisator.ch\/wp-content\/uploads\/2022\/06\/Arbeitgebertag-fordert-mehr-Engagement-gegen-den-Fachkraeftemangel_Organisator.jpg\" \/>\n\t<meta property=\"og:image:width\" content=\"680\" \/>\n\t<meta property=\"og:image:height\" content=\"457\" \/>\n\t<meta property=\"og:image:type\" content=\"image\/jpeg\" \/>\n<meta name=\"author\" content=\"thomas.berner\" \/>\n<meta name=\"twitter:card\" content=\"summary_large_image\" \/>\n<meta name=\"twitter:title\" content=\"#Arbeitgebertag fordert mehr Engagement gegen den #Fachkr\u00e4ftemangel\" \/>\n<meta name=\"twitter:description\" content=\"Am traditionellen #Arbeitgebertag des Schweizerischen #Arbeitgeberverbands stand der #Fachkr\u00e4ftemangel in der Schweiz und in Europa im Fokus.\" \/>\n<meta name=\"twitter:image\" content=\"https:\/\/www.organisator.ch\/wp-content\/uploads\/2022\/06\/Arbeitgebertag-fordert-mehr-Engagement-gegen-den-Fachkraeftemangel_Organisator.jpg\" \/>\n<script type=\"application\/ld+json\" class=\"yoast-schema-graph\">{\"@context\":\"https:\\\/\\\/schema.org\",\"@graph\":[{\"@type\":\"Article\",\"@id\":\"https:\\\/\\\/www.organisator.ch\\\/management\\\/2022-06-30\\\/arbeitgebertag-fordert-mehr-engagement-gegen-den-fachkraeftemangel\\\/#article\",\"isPartOf\":{\"@id\":\"https:\\\/\\\/www.organisator.ch\\\/management\\\/2022-06-30\\\/arbeitgebertag-fordert-mehr-engagement-gegen-den-fachkraeftemangel\\\/\"},\"author\":{\"name\":\"thomas.berner\",\"@id\":\"https:\\\/\\\/www.organisator.ch\\\/#\\\/schema\\\/person\\\/6f650f90b2842cd4c0cc334b4e36f67e\"},\"headline\":\"Arbeitgebertag fordert mehr Engagement gegen den Fachkr\u00e4ftemangel\",\"datePublished\":\"2022-06-30T10:03:42+00:00\",\"mainEntityOfPage\":{\"@id\":\"https:\\\/\\\/www.organisator.ch\\\/management\\\/2022-06-30\\\/arbeitgebertag-fordert-mehr-engagement-gegen-den-fachkraeftemangel\\\/\"},\"wordCount\":552,\"publisher\":{\"@id\":\"https:\\\/\\\/www.organisator.ch\\\/#organization\"},\"image\":{\"@id\":\"https:\\\/\\\/www.organisator.ch\\\/management\\\/2022-06-30\\\/arbeitgebertag-fordert-mehr-engagement-gegen-den-fachkraeftemangel\\\/#primaryimage\"},\"thumbnailUrl\":\"https:\\\/\\\/www.organisator.ch\\\/wp-content\\\/uploads\\\/2022\\\/06\\\/Arbeitgebertag-fordert-mehr-Engagement-gegen-den-Fachkraeftemangel_Organisator.jpg\",\"keywords\":[\"Fachkr\u00e4ftemangel\",\"Veranstaltungen\",\"Verb\u00e4nde\",\"Wirtschaftspolitik\"],\"articleSection\":[\"MANAGEMENT\"],\"inLanguage\":\"de\"},{\"@type\":\"WebPage\",\"@id\":\"https:\\\/\\\/www.organisator.ch\\\/management\\\/2022-06-30\\\/arbeitgebertag-fordert-mehr-engagement-gegen-den-fachkraeftemangel\\\/\",\"url\":\"https:\\\/\\\/www.organisator.ch\\\/management\\\/2022-06-30\\\/arbeitgebertag-fordert-mehr-engagement-gegen-den-fachkraeftemangel\\\/\",\"name\":\"Arbeitgebertag fordert mehr Engagement gegen den Fachkr\u00e4ftemangel - Organisator\",\"isPartOf\":{\"@id\":\"https:\\\/\\\/www.organisator.ch\\\/#website\"},\"primaryImageOfPage\":{\"@id\":\"https:\\\/\\\/www.organisator.ch\\\/management\\\/2022-06-30\\\/arbeitgebertag-fordert-mehr-engagement-gegen-den-fachkraeftemangel\\\/#primaryimage\"},\"image\":{\"@id\":\"https:\\\/\\\/www.organisator.ch\\\/management\\\/2022-06-30\\\/arbeitgebertag-fordert-mehr-engagement-gegen-den-fachkraeftemangel\\\/#primaryimage\"},\"thumbnailUrl\":\"https:\\\/\\\/www.organisator.ch\\\/wp-content\\\/uploads\\\/2022\\\/06\\\/Arbeitgebertag-fordert-mehr-Engagement-gegen-den-Fachkraeftemangel_Organisator.jpg\",\"datePublished\":\"2022-06-30T10:03:42+00:00\",\"description\":\"Am traditionellen Arbeitgebertag des Schweizerischen Arbeitgeberverbands stand der Fachkr\u00e4ftemangel in der Schweiz und in Europa im Fokus.\",\"breadcrumb\":{\"@id\":\"https:\\\/\\\/www.organisator.ch\\\/management\\\/2022-06-30\\\/arbeitgebertag-fordert-mehr-engagement-gegen-den-fachkraeftemangel\\\/#breadcrumb\"},\"inLanguage\":\"de\",\"potentialAction\":[{\"@type\":\"ReadAction\",\"target\":[\"https:\\\/\\\/www.organisator.ch\\\/management\\\/2022-06-30\\\/arbeitgebertag-fordert-mehr-engagement-gegen-den-fachkraeftemangel\\\/\"]}]},{\"@type\":\"ImageObject\",\"inLanguage\":\"de\",\"@id\":\"https:\\\/\\\/www.organisator.ch\\\/management\\\/2022-06-30\\\/arbeitgebertag-fordert-mehr-engagement-gegen-den-fachkraeftemangel\\\/#primaryimage\",\"url\":\"https:\\\/\\\/www.organisator.ch\\\/wp-content\\\/uploads\\\/2022\\\/06\\\/Arbeitgebertag-fordert-mehr-Engagement-gegen-den-Fachkraeftemangel_Organisator.jpg\",\"contentUrl\":\"https:\\\/\\\/www.organisator.ch\\\/wp-content\\\/uploads\\\/2022\\\/06\\\/Arbeitgebertag-fordert-mehr-Engagement-gegen-den-Fachkraeftemangel_Organisator.jpg\",\"width\":680,\"height\":457,\"caption\":\"Forderte am Arbeitgebertag vom Bundesrat F\u00fchrungsst\u00e4rke und z\u00fcgiges Handeln: Arbeitgeber-Pr\u00e4sident Valentin Vogt. (Bild: Arbeitgeberverband)\"},{\"@type\":\"BreadcrumbList\",\"@id\":\"https:\\\/\\\/www.organisator.ch\\\/management\\\/2022-06-30\\\/arbeitgebertag-fordert-mehr-engagement-gegen-den-fachkraeftemangel\\\/#breadcrumb\",\"itemListElement\":[{\"@type\":\"ListItem\",\"position\":1,\"name\":\"Home\",\"item\":\"https:\\\/\\\/www.organisator.ch\\\/\"},{\"@type\":\"ListItem\",\"position\":2,\"name\":\"Arbeitgebertag fordert mehr Engagement gegen den Fachkr\u00e4ftemangel\"}]},{\"@type\":\"WebSite\",\"@id\":\"https:\\\/\\\/www.organisator.ch\\\/#website\",\"url\":\"https:\\\/\\\/www.organisator.ch\\\/\",\"name\":\"Organisator\",\"description\":\"Kompetent. Praxisnah. Der ORGANISATOR bereitet in 10 Ausgaben pro Jahr die wesentlichen Themen f\u00fcr F\u00fchrungskr\u00e4fte von KMU auf.\",\"publisher\":{\"@id\":\"https:\\\/\\\/www.organisator.ch\\\/#organization\"},\"potentialAction\":[{\"@type\":\"SearchAction\",\"target\":{\"@type\":\"EntryPoint\",\"urlTemplate\":\"https:\\\/\\\/www.organisator.ch\\\/?s={search_term_string}\"},\"query-input\":{\"@type\":\"PropertyValueSpecification\",\"valueRequired\":true,\"valueName\":\"search_term_string\"}}],\"inLanguage\":\"de\"},{\"@type\":\"Organization\",\"@id\":\"https:\\\/\\\/www.organisator.ch\\\/#organization\",\"name\":\"Organisator\",\"url\":\"https:\\\/\\\/www.organisator.ch\\\/\",\"logo\":{\"@type\":\"ImageObject\",\"inLanguage\":\"de\",\"@id\":\"https:\\\/\\\/www.organisator.ch\\\/#\\\/schema\\\/logo\\\/image\\\/\",\"url\":\"https:\\\/\\\/www.organisator.ch\\\/wp-content\\\/uploads\\\/2022\\\/01\\\/Logo_Organisator_Website.png\",\"contentUrl\":\"https:\\\/\\\/www.organisator.ch\\\/wp-content\\\/uploads\\\/2022\\\/01\\\/Logo_Organisator_Website.png\",\"width\":800,\"height\":77,\"caption\":\"Organisator\"},\"image\":{\"@id\":\"https:\\\/\\\/www.organisator.ch\\\/#\\\/schema\\\/logo\\\/image\\\/\"},\"sameAs\":[\"https:\\\/\\\/www.facebook.com\\\/OrganisatorFachmagazin\",\"https:\\\/\\\/www.linkedin.com\\\/showcase\\\/organisator-das-magazin-fr-kmu\",\"https:\\\/\\\/www.xing.com\\\/news\\\/pages\\\/organisator-ch-695\",\"https:\\\/\\\/www.youtube.com\\\/channel\\\/UCGP2Sq0iWaZwT3BdIAQFYpw\"]},{\"@type\":\"Person\",\"@id\":\"https:\\\/\\\/www.organisator.ch\\\/#\\\/schema\\\/person\\\/6f650f90b2842cd4c0cc334b4e36f67e\",\"name\":\"thomas.berner\",\"image\":{\"@type\":\"ImageObject\",\"inLanguage\":\"de\",\"@id\":\"https:\\\/\\\/secure.gravatar.com\\\/avatar\\\/ac5001d2a36cb6c6cd3e50789007ffca834b477b74a2144564522e944eabff61?s=96&d=mm&r=g\",\"url\":\"https:\\\/\\\/secure.gravatar.com\\\/avatar\\\/ac5001d2a36cb6c6cd3e50789007ffca834b477b74a2144564522e944eabff61?s=96&d=mm&r=g\",\"contentUrl\":\"https:\\\/\\\/secure.gravatar.com\\\/avatar\\\/ac5001d2a36cb6c6cd3e50789007ffca834b477b74a2144564522e944eabff61?s=96&d=mm&r=g\",\"caption\":\"thomas.berner\"},\"url\":\"https:\\\/\\\/www.organisator.ch\\\/de\\\/author\\\/thomas-berner\\\/\"}]}<\/script>\n<!-- \/ Yoast SEO plugin. -->","yoast_head_json":{"title":"Arbeitgebertag fordert mehr Engagement gegen den Fachkr\u00e4ftemangel - Organisator","description":"Am traditionellen Arbeitgebertag des Schweizerischen Arbeitgeberverbands stand der Fachkr\u00e4ftemangel in der Schweiz und in Europa im Fokus.","robots":{"index":"index","follow":"follow","max-snippet":"max-snippet:-1","max-image-preview":"max-image-preview:large","max-video-preview":"max-video-preview:-1"},"canonical":"https:\/\/www.organisator.ch\/de\/management\/2022-06-30\/arbeitgebertag-fordert-mehr-engagement-gegen-den-fachkraeftemangel\/","og_locale":"de_DE","og_type":"article","og_title":"Arbeitgebertag fordert mehr Engagement gegen den Fachkr\u00e4ftemangel","og_description":"Am traditionellen Arbeitgebertag des Schweizerischen Arbeitgeberverbands stand der Fachkr\u00e4ftemangel in der Schweiz und in Europa im Fokus.","og_url":"https:\/\/www.organisator.ch\/de\/management\/2022-06-30\/arbeitgebertag-fordert-mehr-engagement-gegen-den-fachkraeftemangel\/","og_site_name":"Organisator","article_publisher":"https:\/\/www.facebook.com\/OrganisatorFachmagazin","article_published_time":"2022-06-30T10:03:42+00:00","og_image":[{"width":680,"height":457,"url":"https:\/\/www.organisator.ch\/wp-content\/uploads\/2022\/06\/Arbeitgebertag-fordert-mehr-Engagement-gegen-den-Fachkraeftemangel_Organisator.jpg","type":"image\/jpeg"}],"author":"thomas.berner","twitter_card":"summary_large_image","twitter_title":"#Arbeitgebertag fordert mehr Engagement gegen den #Fachkr\u00e4ftemangel","twitter_description":"Am traditionellen #Arbeitgebertag des Schweizerischen #Arbeitgeberverbands stand der #Fachkr\u00e4ftemangel in der Schweiz und in Europa im Fokus.","twitter_image":"https:\/\/www.organisator.ch\/wp-content\/uploads\/2022\/06\/Arbeitgebertag-fordert-mehr-Engagement-gegen-den-Fachkraeftemangel_Organisator.jpg","schema":{"@context":"https:\/\/schema.org","@graph":[{"@type":"Article","@id":"https:\/\/www.organisator.ch\/management\/2022-06-30\/arbeitgebertag-fordert-mehr-engagement-gegen-den-fachkraeftemangel\/#article","isPartOf":{"@id":"https:\/\/www.organisator.ch\/management\/2022-06-30\/arbeitgebertag-fordert-mehr-engagement-gegen-den-fachkraeftemangel\/"},"author":{"name":"thomas.berner","@id":"https:\/\/www.organisator.ch\/#\/schema\/person\/6f650f90b2842cd4c0cc334b4e36f67e"},"headline":"Arbeitgebertag fordert mehr Engagement gegen den Fachkr\u00e4ftemangel","datePublished":"2022-06-30T10:03:42+00:00","mainEntityOfPage":{"@id":"https:\/\/www.organisator.ch\/management\/2022-06-30\/arbeitgebertag-fordert-mehr-engagement-gegen-den-fachkraeftemangel\/"},"wordCount":552,"publisher":{"@id":"https:\/\/www.organisator.ch\/#organization"},"image":{"@id":"https:\/\/www.organisator.ch\/management\/2022-06-30\/arbeitgebertag-fordert-mehr-engagement-gegen-den-fachkraeftemangel\/#primaryimage"},"thumbnailUrl":"https:\/\/www.organisator.ch\/wp-content\/uploads\/2022\/06\/Arbeitgebertag-fordert-mehr-Engagement-gegen-den-Fachkraeftemangel_Organisator.jpg","keywords":["Fachkr\u00e4ftemangel","Veranstaltungen","Verb\u00e4nde","Wirtschaftspolitik"],"articleSection":["MANAGEMENT"],"inLanguage":"de"},{"@type":"WebPage","@id":"https:\/\/www.organisator.ch\/management\/2022-06-30\/arbeitgebertag-fordert-mehr-engagement-gegen-den-fachkraeftemangel\/","url":"https:\/\/www.organisator.ch\/management\/2022-06-30\/arbeitgebertag-fordert-mehr-engagement-gegen-den-fachkraeftemangel\/","name":"Arbeitgebertag fordert mehr Engagement gegen den Fachkr\u00e4ftemangel - Organisator","isPartOf":{"@id":"https:\/\/www.organisator.ch\/#website"},"primaryImageOfPage":{"@id":"https:\/\/www.organisator.ch\/management\/2022-06-30\/arbeitgebertag-fordert-mehr-engagement-gegen-den-fachkraeftemangel\/#primaryimage"},"image":{"@id":"https:\/\/www.organisator.ch\/management\/2022-06-30\/arbeitgebertag-fordert-mehr-engagement-gegen-den-fachkraeftemangel\/#primaryimage"},"thumbnailUrl":"https:\/\/www.organisator.ch\/wp-content\/uploads\/2022\/06\/Arbeitgebertag-fordert-mehr-Engagement-gegen-den-Fachkraeftemangel_Organisator.jpg","datePublished":"2022-06-30T10:03:42+00:00","description":"Am traditionellen Arbeitgebertag des Schweizerischen Arbeitgeberverbands stand der Fachkr\u00e4ftemangel in der Schweiz und in Europa im Fokus.","breadcrumb":{"@id":"https:\/\/www.organisator.ch\/management\/2022-06-30\/arbeitgebertag-fordert-mehr-engagement-gegen-den-fachkraeftemangel\/#breadcrumb"},"inLanguage":"de","potentialAction":[{"@type":"ReadAction","target":["https:\/\/www.organisator.ch\/management\/2022-06-30\/arbeitgebertag-fordert-mehr-engagement-gegen-den-fachkraeftemangel\/"]}]},{"@type":"ImageObject","inLanguage":"de","@id":"https:\/\/www.organisator.ch\/management\/2022-06-30\/arbeitgebertag-fordert-mehr-engagement-gegen-den-fachkraeftemangel\/#primaryimage","url":"https:\/\/www.organisator.ch\/wp-content\/uploads\/2022\/06\/Arbeitgebertag-fordert-mehr-Engagement-gegen-den-Fachkraeftemangel_Organisator.jpg","contentUrl":"https:\/\/www.organisator.ch\/wp-content\/uploads\/2022\/06\/Arbeitgebertag-fordert-mehr-Engagement-gegen-den-Fachkraeftemangel_Organisator.jpg","width":680,"height":457,"caption":"Forderte am Arbeitgebertag vom Bundesrat F\u00fchrungsst\u00e4rke und z\u00fcgiges Handeln: Arbeitgeber-Pr\u00e4sident Valentin Vogt. (Bild: Arbeitgeberverband)"},{"@type":"BreadcrumbList","@id":"https:\/\/www.organisator.ch\/management\/2022-06-30\/arbeitgebertag-fordert-mehr-engagement-gegen-den-fachkraeftemangel\/#breadcrumb","itemListElement":[{"@type":"ListItem","position":1,"name":"Home","item":"https:\/\/www.organisator.ch\/"},{"@type":"ListItem","position":2,"name":"Arbeitgebertag fordert mehr Engagement gegen den Fachkr\u00e4ftemangel"}]},{"@type":"WebSite","@id":"https:\/\/www.organisator.ch\/#website","url":"https:\/\/www.organisator.ch\/","name":"Organisator","description":"Kompetent. Praxisnah. Der ORGANISATOR bereitet in 10 Ausgaben pro Jahr die wesentlichen Themen f\u00fcr F\u00fchrungskr\u00e4fte von KMU auf.","publisher":{"@id":"https:\/\/www.organisator.ch\/#organization"},"potentialAction":[{"@type":"SearchAction","target":{"@type":"EntryPoint","urlTemplate":"https:\/\/www.organisator.ch\/?s={search_term_string}"},"query-input":{"@type":"PropertyValueSpecification","valueRequired":true,"valueName":"search_term_string"}}],"inLanguage":"de"},{"@type":"Organization","@id":"https:\/\/www.organisator.ch\/#organization","name":"Organisator","url":"https:\/\/www.organisator.ch\/","logo":{"@type":"ImageObject","inLanguage":"de","@id":"https:\/\/www.organisator.ch\/#\/schema\/logo\/image\/","url":"https:\/\/www.organisator.ch\/wp-content\/uploads\/2022\/01\/Logo_Organisator_Website.png","contentUrl":"https:\/\/www.organisator.ch\/wp-content\/uploads\/2022\/01\/Logo_Organisator_Website.png","width":800,"height":77,"caption":"Organisator"},"image":{"@id":"https:\/\/www.organisator.ch\/#\/schema\/logo\/image\/"},"sameAs":["https:\/\/www.facebook.com\/OrganisatorFachmagazin","https:\/\/www.linkedin.com\/showcase\/organisator-das-magazin-fr-kmu","https:\/\/www.xing.com\/news\/pages\/organisator-ch-695","https:\/\/www.youtube.com\/channel\/UCGP2Sq0iWaZwT3BdIAQFYpw"]},{"@type":"Person","@id":"https:\/\/www.organisator.ch\/#\/schema\/person\/6f650f90b2842cd4c0cc334b4e36f67e","name":"thomas.berner","image":{"@type":"ImageObject","inLanguage":"de","@id":"https:\/\/secure.gravatar.com\/avatar\/ac5001d2a36cb6c6cd3e50789007ffca834b477b74a2144564522e944eabff61?s=96&d=mm&r=g","url":"https:\/\/secure.gravatar.com\/avatar\/ac5001d2a36cb6c6cd3e50789007ffca834b477b74a2144564522e944eabff61?s=96&d=mm&r=g","contentUrl":"https:\/\/secure.gravatar.com\/avatar\/ac5001d2a36cb6c6cd3e50789007ffca834b477b74a2144564522e944eabff61?s=96&d=mm&r=g","caption":"thomas.berner"},"url":"https:\/\/www.organisator.ch\/de\/author\/thomas-berner\/"}]}},"_links":{"self":[{"href":"https:\/\/www.organisator.ch\/de\/wp-json\/wp\/v2\/posts\/15520","targetHints":{"allow":["GET"]}}],"collection":[{"href":"https:\/\/www.organisator.ch\/de\/wp-json\/wp\/v2\/posts"}],"about":[{"href":"https:\/\/www.organisator.ch\/de\/wp-json\/wp\/v2\/types\/post"}],"author":[{"embeddable":true,"href":"https:\/\/www.organisator.ch\/de\/wp-json\/wp\/v2\/users\/4"}],"replies":[{"embeddable":true,"href":"https:\/\/www.organisator.ch\/de\/wp-json\/wp\/v2\/comments?post=15520"}],"version-history":[{"count":1,"href":"https:\/\/www.organisator.ch\/de\/wp-json\/wp\/v2\/posts\/15520\/revisions"}],"predecessor-version":[{"id":15522,"href":"https:\/\/www.organisator.ch\/de\/wp-json\/wp\/v2\/posts\/15520\/revisions\/15522"}],"wp:featuredmedia":[{"embeddable":true,"href":"https:\/\/www.organisator.ch\/de\/wp-json\/wp\/v2\/media\/15521"}],"wp:attachment":[{"href":"https:\/\/www.organisator.ch\/de\/wp-json\/wp\/v2\/media?parent=15520"}],"wp:term":[{"taxonomy":"category","embeddable":true,"href":"https:\/\/www.organisator.ch\/de\/wp-json\/wp\/v2\/categories?post=15520"},{"taxonomy":"post_tag","embeddable":true,"href":"https:\/\/www.organisator.ch\/de\/wp-json\/wp\/v2\/tags?post=15520"}],"curies":[{"name":"wp","href":"https:\/\/api.w.org\/{rel}","templated":true}]}}