{"id":15540,"date":"2022-07-04T13:40:15","date_gmt":"2022-07-04T11:40:15","guid":{"rendered":"https:\/\/www.organisator.ch\/?p=15540"},"modified":"2022-07-04T13:40:15","modified_gmt":"2022-07-04T11:40:15","slug":"sap-schweiz-mit-neuen-koepfen-an-der-spitze","status":"publish","type":"post","link":"https:\/\/www.organisator.ch\/de\/management\/2022-07-04\/sap-schweiz-mit-neuen-koepfen-an-der-spitze\/","title":{"rendered":"SAP Schweiz mit neuen K\u00f6pfen an der Spitze"},"content":{"rendered":"<figure id=\"attachment_15541\" aria-describedby=\"caption-attachment-15541\" style=\"width: 680px\" class=\"wp-caption alignnone\"><img loading=\"lazy\" decoding=\"async\" class=\"size-full wp-image-15541\" src=\"https:\/\/www.organisator.ch\/wp-content\/uploads\/2022\/07\/SAP-Schweiz-mit-neuen-Koepfen-an-der-Spitze_Organisator.jpg\" alt=\"\" width=\"680\" height=\"251\" srcset=\"https:\/\/www.organisator.ch\/wp-content\/uploads\/2022\/07\/SAP-Schweiz-mit-neuen-Koepfen-an-der-Spitze_Organisator.jpg 680w, https:\/\/www.organisator.ch\/wp-content\/uploads\/2022\/07\/SAP-Schweiz-mit-neuen-Koepfen-an-der-Spitze_Organisator-18x7.jpg 18w, https:\/\/www.organisator.ch\/wp-content\/uploads\/2022\/07\/SAP-Schweiz-mit-neuen-Koepfen-an-der-Spitze_Organisator-375x138.jpg 375w, https:\/\/www.organisator.ch\/wp-content\/uploads\/2022\/07\/SAP-Schweiz-mit-neuen-Koepfen-an-der-Spitze_Organisator-300x111.jpg 300w\" sizes=\"auto, (max-width: 680px) 100vw, 680px\" \/><figcaption id=\"caption-attachment-15541\" class=\"wp-caption-text\">Bekleiden neu verschiedene F\u00fchrungsfunktionen bei SAP Schweiz: Sebastian Kaczynski, Alexander Finger und Alexander Kehrli (v.l.n.r.). Bild: zVg \/ Pressestelle SAP)<\/figcaption><\/figure>\n<p>In diesen Tagen werden bei SAP Schweiz diverse Leitungsfunktionen neu besetzt. \u00abMit den Neubesetzungen sind wir gut aufgestellt, um unsere Kunden und Partner mit Innovationen und ausgewiesenem Know-how auf dem Weg zu wettbewerbsstarken, nachhaltigen Unternehmen zu begleiten\u00bb, kommentiert Michael Locher-Tjoa, Managing Director SAP Schweiz, die personellen Ver\u00e4nderungen. \u00abMit der neuen Position des Chief Sustainability Officer lassen wir zudem der Strategie, uns auf breiter Basis f\u00fcr eine nachhaltige Wirtschaft zu engagieren, auch bei SAP in der Schweiz Taten folgen.\u00bb<\/p>\n<h3><strong>Neu geschaffene Funktion des Chief Sustainability Officer<\/strong><\/h3>\n<p>Die neu geschaffene Funktion des Chief Sustainability Officers geschieht im Zuge der Nachhaltigkeitsstrategie von SAP. Dahinter stehen diverse Massnahmen, um den CO2-Fussabdruck zu reduzieren,\u00a0die Liefer- und Wertsch\u00f6pfungsketten auf Kreislaufprozesse umzustellen, um Abf\u00e4lle zu vermeiden, den Planeten zu sch\u00fctzen und die Artenvielfalt auf der Erde zu erhalten sowie die ESG-Dimensionen (Environment, Social, Governance) in die Finanzberichterstattung einzubinden, so das Unternehmen. Der neue Chief Sustainability Officer (SCO) ist\u00a0Sebastian Kaczynski, laut SAP ein Fachmann, &#8222;der seiner Leidenschaft f\u00fcr Nachhaltigkeit gefolgt ist und seit seiner Studienzeit an Innovationen zur L\u00f6sung von Nachhaltigkeitsproblemen arbeitet&#8220;. Sowohl bei RWE als auch bei innogy war Kaczysnki f\u00fcr die Entwicklung datengest\u00fctzter Gesch\u00e4ftsmodelle f\u00fcr ein nachhaltigeres Energiesystem verantwortlich. W\u00e4hrend seiner mehr als sechsj\u00e4hrigen T\u00e4tigkeit bei SAP hatte er verschiedene Rollen in den Bereichen Innovation, Consulting und Presales inne.<\/p>\n<p>Als CSO von SAP Schweiz m\u00f6chte Sebastian Kaczynski das Know-how von SAP in Sachen Nachhaltigkeit, \u00d6kosysteme und Technologien nutzen, um Kunden auf der Reise zu intelligenten und nachhaltigen Unternehmen wirksam zu unterst\u00fctzen. \u00abWir bei SAP sind davon \u00fcberzeugt, dass Unternehmen das Thema Nachhaltigkeit in den Mittelpunkt ihrer Gesch\u00e4ftsstrategien stellen und Nachhaltigkeitsdaten in ihre End-to-End-Prozesse einbinden m\u00fcssen. Nur so k\u00f6nnen sie die notwendigen Erkenntnisse f\u00fcr den \u00dcbergang zu einer integrativeren, regenerativen und Netto-Null-Wirtschaft gewinnen und auch dahingehend agieren\u00bb, pr\u00e4zisiert Sebastian Kaczynski. Er lebt in der N\u00e4he von Z\u00fcrich, liebt sch\u00f6ne Wander- und Kletterausfl\u00fcge und engagiert sich als Mentor und Coach f\u00fcr benachteiligte Personen.<\/p>\n<h3><strong>Alexander Finger ist neuer Chief Technology Officer<\/strong><\/h3>\n<p>Die Rolle des Chief Technology Officer (CTO) von SAP Schweiz \u00fcbernimmt Alexander Finger. Er folgt auf Ren\u00e9 Fitterer, der neue Aufgaben innerhalb von SAP \u00fcbernimmt. Technologie, Innovation und unternehmerischen Geist begleiten den neuen CTO, seit er ins Arbeits- und Berufsleben eingestiegen ist. 1995, in einer fr\u00fchen Phase des Internet, gr\u00fcndete er einen der ersten Internet-Service-Provider in Deutschland. Auf die Phase als Firmengr\u00fcnder folgten Stationen bei der Deutschen Post und der Genfer CPGmarket.com, um dann viele Jahre bei Swisscom verschiedene Beratungs- und Managementfunktionen auszu\u00fcben. Vor gut zwei Jahren stiess er zu SAP Schweiz, wo er Kunden aus der Energiewirtschaft betreute und als Innovationsbotschafter zahlreiche zukunftsweisende Projekte anstiess.<\/p>\n<p>Alexander Finger versteht nach eigener Darstellung die digitale Transformation mit SAP als Werkzeug, um nachhaltigen Erfolg zu erzielen. \u00abDazu ist eine enge Interaktion mit denjenigen Menschen bei unseren Kunden notwendig, die auf den zwei Achsen der Innovation arbeiten: im Rahmen der kontinuierlichen Verbesserung einerseits und im Bereich der disruptiven Innovation andererseits\u00bb, f\u00fchrt er aus. \u00abBeide Gruppen haben ein Bed\u00fcrfnis nach technologischer Innovation. Wir sind richtig positioniert, wenn SAP der nat\u00fcrliche Partner f\u00fcr die Gesch\u00e4ftsentwicklung ist.\u00bb Um dies zu erreichen, ist es seine zentrale Aufgabe, Strategie und Vision von SAP zu vermitteln sowie aktiv den Dialog mit Kunden, Partnern und Kollegen zu suchen.<\/p>\n<p>Alexander Finger widmet sich seit 2015 berufsbegleitend dem Studium der Rechtswissenschaften, das er 2021 mit dem Master abgeschlossen hat. Seit November promoviert er an der Universit\u00e4t Fribourg zum Thema \u00abInterne Kontrollsysteme\u00bb. Nach vielen Jahren in Frankreich lebt Alexander Finger heute mit seiner Frau im zweisprachigen Murten. Die sp\u00e4rliche Freizeit verbringt er gerne beim Segeln und in S\u00fcdfrankreich.<\/p>\n<h3><strong>Robert Kehrli: Bei SAP Schweiz neu f\u00fcr KMU verantwortlich<\/strong><\/h3>\n<p>Die Gesch\u00e4ftseinheit, die sich um die KMU und das Partnermanagement k\u00fcmmert, erh\u00e4lt mit Robert Kehrli einen neuen Leiter. Er ersetzt Simon Hammer, der nach vier Jahren in dieser Position eine neue Herausforderung ausserhalb der SAP angenommen hat. Robert Kehrli bringt 20 Jahre Verkaufs- und Managementerfahrung mit. Seit 2016 hatte er verschiedene Leitungsfunktionen bei SAP Schweiz inne, zuletzt diejenige des Head of Business Technology Platform, wo er f\u00fcr ein betr\u00e4chtliches Wachstum sorgte. Zuvor war er in verschiedenen Verkaufs-, Support-, Beratungs- und Managementfunktion bei IBM, Hewlett-Packard und deren Nachfolgorganisation HPE t\u00e4tig. Nach einer Lehre als Elektromechaniker bildete er sich kontinuierlich weiter bis zum Masterabschluss in Wirtschaftsinformatik.<\/p>\n<p>In seiner neuen Rolle hat es sich Robert Kehrli zur Aufgabe gemacht, die digitale Transformation und die Entwicklung zum intelligenten, nachhaltigen Unternehmen mit Hilfe von SAP-Technologien zusammen mit den Partnern im KMU-Segment voranzutreiben. \u00abEin besonderes Anliegen ist mir, unsere Kunden im Mittelstand gemeinsam mit unseren Partnern in die Cloud zu f\u00fchren und zu begleiten\u00bb, betont Robert Kehrli. \u00abMit unserem schlagkr\u00e4ftigen Team k\u00f6nnen wir innovative Projekte mit echtem Mehrwert generieren und Kunden und Partner unb\u00fcrokratisch, rasch und effizient bedienen.\u00bb<\/p>\n<p>Neben seiner beruflichen T\u00e4tigkeit ist Robert Kehrli stark im lokalen Fussball-Club engagiert, wo er als Coach f\u00fcr das Frauenteam und f\u00fcr Juniorenmannschaften wirkt. Wenn ihm dann neben der Familie noch Zeit bleibt, ist er gerne als Skifahrer und Golfer unterwegs. Robert Kehrli ist verheiratet, Vater von drei Kindern im Erwachsenenalter und wohnt im Zugerland.<\/p>\n<p><a href=\"http:\/\/www.sap.ch\"><em>Quelle und weiter Informationen<\/em><\/a><\/p>\n","protected":false},"excerpt":{"rendered":"<p>In diesen Tagen werden bei SAP Schweiz diverse Leitungsfunktionen neu besetzt. \u00abMit den Neubesetzungen sind wir gut aufgestellt, um unsere Kunden und Partner mit Innovationen und ausgewiesenem Know-how auf dem Weg zu wettbewerbsstarken, nachhaltigen Unternehmen zu begleiten\u00bb, kommentiert Michael Locher-Tjoa, Managing Director SAP Schweiz, die personellen Ver\u00e4nderungen. \u00abMit der neuen Position des Chief Sustainability Officer [&hellip;]<\/p>\n","protected":false},"author":4,"featured_media":15541,"comment_status":"closed","ping_status":"closed","sticky":false,"template":"","format":"standard","meta":{"_acf_changed":false,"_yoast_wpseo_focuskw":"SAP Schweiz","_yoast_wpseo_metadesc":"SAP Schweiz besetzt mehrere F\u00fchrungspositionen neu, darunter auch die Leitung der f\u00fcr KMU und Partner zust\u00e4ndigen Gesch\u00e4ftseinheit.","articlekey":"","footnotes":""},"categories":[28],"tags":[287,334,381],"class_list":["post-15540","post","type-post","status-publish","format-standard","has-post-thumbnail","hentry","category-management","tag-itbusiness-software","tag-management","tag-personalia"],"acf":[],"yoast_head":"<!-- This site is optimized with the Yoast SEO plugin v27.5 - https:\/\/yoast.com\/product\/yoast-seo-wordpress\/ -->\n<title>SAP Schweiz mit neuen K\u00f6pfen an der Spitze - Organisator<\/title>\n<meta name=\"description\" content=\"SAP Schweiz besetzt mehrere F\u00fchrungspositionen neu, darunter auch die Leitung der f\u00fcr KMU und Partner zust\u00e4ndigen Gesch\u00e4ftseinheit.\" \/>\n<meta name=\"robots\" content=\"index, follow, max-snippet:-1, max-image-preview:large, max-video-preview:-1\" \/>\n<link rel=\"canonical\" href=\"https:\/\/www.organisator.ch\/de\/management\/2022-07-04\/sap-schweiz-mit-neuen-koepfen-an-der-spitze\/\" \/>\n<meta property=\"og:locale\" content=\"de_DE\" \/>\n<meta property=\"og:type\" content=\"article\" \/>\n<meta property=\"og:title\" content=\"SAP Schweiz mit neuen K\u00f6pfen an der Spitze\" \/>\n<meta property=\"og:description\" content=\"SAP Schweiz besetzt mehrere F\u00fchrungspositionen neu, darunter auch die Leitung der f\u00fcr KMU und Partner zust\u00e4ndigen Gesch\u00e4ftseinheit.\" \/>\n<meta property=\"og:url\" content=\"https:\/\/www.organisator.ch\/de\/management\/2022-07-04\/sap-schweiz-mit-neuen-koepfen-an-der-spitze\/\" \/>\n<meta property=\"og:site_name\" content=\"Organisator\" \/>\n<meta property=\"article:publisher\" content=\"https:\/\/www.facebook.com\/OrganisatorFachmagazin\" \/>\n<meta property=\"article:published_time\" content=\"2022-07-04T11:40:15+00:00\" \/>\n<meta property=\"og:image\" content=\"https:\/\/www.organisator.ch\/wp-content\/uploads\/2022\/07\/SAP-Schweiz-mit-neuen-Koepfen-an-der-Spitze_Organisator.jpg\" \/>\n\t<meta property=\"og:image:width\" content=\"680\" \/>\n\t<meta property=\"og:image:height\" content=\"251\" \/>\n\t<meta property=\"og:image:type\" content=\"image\/jpeg\" \/>\n<meta name=\"author\" content=\"thomas.berner\" \/>\n<meta name=\"twitter:card\" content=\"summary_large_image\" \/>\n<meta name=\"twitter:title\" content=\"#SAP Schweiz mit neuen K\u00f6pfen an der Spitze\" \/>\n<meta name=\"twitter:description\" content=\"#SAP Schweiz besetzt mehrere #F\u00fchrungspositionen neu, darunter auch die Leitung der f\u00fcr KMU und Partner zust\u00e4ndigen #Gesch\u00e4ftseinheit.\" \/>\n<meta name=\"twitter:image\" content=\"https:\/\/www.organisator.ch\/wp-content\/uploads\/2022\/07\/SAP-Schweiz-mit-neuen-Koepfen-an-der-Spitze_Organisator.jpg\" \/>\n<script type=\"application\/ld+json\" class=\"yoast-schema-graph\">{\"@context\":\"https:\\\/\\\/schema.org\",\"@graph\":[{\"@type\":\"Article\",\"@id\":\"https:\\\/\\\/www.organisator.ch\\\/management\\\/2022-07-04\\\/sap-schweiz-mit-neuen-koepfen-an-der-spitze\\\/#article\",\"isPartOf\":{\"@id\":\"https:\\\/\\\/www.organisator.ch\\\/management\\\/2022-07-04\\\/sap-schweiz-mit-neuen-koepfen-an-der-spitze\\\/\"},\"author\":{\"name\":\"thomas.berner\",\"@id\":\"https:\\\/\\\/www.organisator.ch\\\/#\\\/schema\\\/person\\\/6f650f90b2842cd4c0cc334b4e36f67e\"},\"headline\":\"SAP Schweiz mit neuen K\u00f6pfen an der Spitze\",\"datePublished\":\"2022-07-04T11:40:15+00:00\",\"mainEntityOfPage\":{\"@id\":\"https:\\\/\\\/www.organisator.ch\\\/management\\\/2022-07-04\\\/sap-schweiz-mit-neuen-koepfen-an-der-spitze\\\/\"},\"wordCount\":926,\"publisher\":{\"@id\":\"https:\\\/\\\/www.organisator.ch\\\/#organization\"},\"image\":{\"@id\":\"https:\\\/\\\/www.organisator.ch\\\/management\\\/2022-07-04\\\/sap-schweiz-mit-neuen-koepfen-an-der-spitze\\\/#primaryimage\"},\"thumbnailUrl\":\"https:\\\/\\\/www.organisator.ch\\\/wp-content\\\/uploads\\\/2022\\\/07\\\/SAP-Schweiz-mit-neuen-Koepfen-an-der-Spitze_Organisator.jpg\",\"keywords\":[\"IT\u2009&amp;\u2009Business Software\",\"Management\",\"Personalia\"],\"articleSection\":[\"MANAGEMENT\"],\"inLanguage\":\"de\"},{\"@type\":\"WebPage\",\"@id\":\"https:\\\/\\\/www.organisator.ch\\\/management\\\/2022-07-04\\\/sap-schweiz-mit-neuen-koepfen-an-der-spitze\\\/\",\"url\":\"https:\\\/\\\/www.organisator.ch\\\/management\\\/2022-07-04\\\/sap-schweiz-mit-neuen-koepfen-an-der-spitze\\\/\",\"name\":\"SAP Schweiz mit neuen K\u00f6pfen an der Spitze - Organisator\",\"isPartOf\":{\"@id\":\"https:\\\/\\\/www.organisator.ch\\\/#website\"},\"primaryImageOfPage\":{\"@id\":\"https:\\\/\\\/www.organisator.ch\\\/management\\\/2022-07-04\\\/sap-schweiz-mit-neuen-koepfen-an-der-spitze\\\/#primaryimage\"},\"image\":{\"@id\":\"https:\\\/\\\/www.organisator.ch\\\/management\\\/2022-07-04\\\/sap-schweiz-mit-neuen-koepfen-an-der-spitze\\\/#primaryimage\"},\"thumbnailUrl\":\"https:\\\/\\\/www.organisator.ch\\\/wp-content\\\/uploads\\\/2022\\\/07\\\/SAP-Schweiz-mit-neuen-Koepfen-an-der-Spitze_Organisator.jpg\",\"datePublished\":\"2022-07-04T11:40:15+00:00\",\"description\":\"SAP Schweiz besetzt mehrere F\u00fchrungspositionen neu, darunter auch die Leitung der f\u00fcr KMU und Partner zust\u00e4ndigen Gesch\u00e4ftseinheit.\",\"breadcrumb\":{\"@id\":\"https:\\\/\\\/www.organisator.ch\\\/management\\\/2022-07-04\\\/sap-schweiz-mit-neuen-koepfen-an-der-spitze\\\/#breadcrumb\"},\"inLanguage\":\"de\",\"potentialAction\":[{\"@type\":\"ReadAction\",\"target\":[\"https:\\\/\\\/www.organisator.ch\\\/management\\\/2022-07-04\\\/sap-schweiz-mit-neuen-koepfen-an-der-spitze\\\/\"]}]},{\"@type\":\"ImageObject\",\"inLanguage\":\"de\",\"@id\":\"https:\\\/\\\/www.organisator.ch\\\/management\\\/2022-07-04\\\/sap-schweiz-mit-neuen-koepfen-an-der-spitze\\\/#primaryimage\",\"url\":\"https:\\\/\\\/www.organisator.ch\\\/wp-content\\\/uploads\\\/2022\\\/07\\\/SAP-Schweiz-mit-neuen-Koepfen-an-der-Spitze_Organisator.jpg\",\"contentUrl\":\"https:\\\/\\\/www.organisator.ch\\\/wp-content\\\/uploads\\\/2022\\\/07\\\/SAP-Schweiz-mit-neuen-Koepfen-an-der-Spitze_Organisator.jpg\",\"width\":680,\"height\":251,\"caption\":\"Bekleiden neu verschiedene F\u00fchrungsfunktionen bei SAP Schweiz: Sebastian Kaczynski, Alexander Finger und Alexander Kehrli (v.l.n.r.). Bild: zVg \\\/ SAP)\"},{\"@type\":\"BreadcrumbList\",\"@id\":\"https:\\\/\\\/www.organisator.ch\\\/management\\\/2022-07-04\\\/sap-schweiz-mit-neuen-koepfen-an-der-spitze\\\/#breadcrumb\",\"itemListElement\":[{\"@type\":\"ListItem\",\"position\":1,\"name\":\"Home\",\"item\":\"https:\\\/\\\/www.organisator.ch\\\/\"},{\"@type\":\"ListItem\",\"position\":2,\"name\":\"SAP Schweiz mit neuen K\u00f6pfen an der Spitze\"}]},{\"@type\":\"WebSite\",\"@id\":\"https:\\\/\\\/www.organisator.ch\\\/#website\",\"url\":\"https:\\\/\\\/www.organisator.ch\\\/\",\"name\":\"Organisator\",\"description\":\"Kompetent. Praxisnah. Der ORGANISATOR bereitet in 10 Ausgaben pro Jahr die wesentlichen Themen f\u00fcr F\u00fchrungskr\u00e4fte von KMU auf.\",\"publisher\":{\"@id\":\"https:\\\/\\\/www.organisator.ch\\\/#organization\"},\"potentialAction\":[{\"@type\":\"SearchAction\",\"target\":{\"@type\":\"EntryPoint\",\"urlTemplate\":\"https:\\\/\\\/www.organisator.ch\\\/?s={search_term_string}\"},\"query-input\":{\"@type\":\"PropertyValueSpecification\",\"valueRequired\":true,\"valueName\":\"search_term_string\"}}],\"inLanguage\":\"de\"},{\"@type\":\"Organization\",\"@id\":\"https:\\\/\\\/www.organisator.ch\\\/#organization\",\"name\":\"Organisator\",\"url\":\"https:\\\/\\\/www.organisator.ch\\\/\",\"logo\":{\"@type\":\"ImageObject\",\"inLanguage\":\"de\",\"@id\":\"https:\\\/\\\/www.organisator.ch\\\/#\\\/schema\\\/logo\\\/image\\\/\",\"url\":\"https:\\\/\\\/www.organisator.ch\\\/wp-content\\\/uploads\\\/2022\\\/01\\\/Logo_Organisator_Website.png\",\"contentUrl\":\"https:\\\/\\\/www.organisator.ch\\\/wp-content\\\/uploads\\\/2022\\\/01\\\/Logo_Organisator_Website.png\",\"width\":800,\"height\":77,\"caption\":\"Organisator\"},\"image\":{\"@id\":\"https:\\\/\\\/www.organisator.ch\\\/#\\\/schema\\\/logo\\\/image\\\/\"},\"sameAs\":[\"https:\\\/\\\/www.facebook.com\\\/OrganisatorFachmagazin\",\"https:\\\/\\\/www.linkedin.com\\\/showcase\\\/organisator-das-magazin-fr-kmu\",\"https:\\\/\\\/www.xing.com\\\/news\\\/pages\\\/organisator-ch-695\",\"https:\\\/\\\/www.youtube.com\\\/channel\\\/UCGP2Sq0iWaZwT3BdIAQFYpw\"]},{\"@type\":\"Person\",\"@id\":\"https:\\\/\\\/www.organisator.ch\\\/#\\\/schema\\\/person\\\/6f650f90b2842cd4c0cc334b4e36f67e\",\"name\":\"thomas.berner\",\"image\":{\"@type\":\"ImageObject\",\"inLanguage\":\"de\",\"@id\":\"https:\\\/\\\/secure.gravatar.com\\\/avatar\\\/ac5001d2a36cb6c6cd3e50789007ffca834b477b74a2144564522e944eabff61?s=96&d=mm&r=g\",\"url\":\"https:\\\/\\\/secure.gravatar.com\\\/avatar\\\/ac5001d2a36cb6c6cd3e50789007ffca834b477b74a2144564522e944eabff61?s=96&d=mm&r=g\",\"contentUrl\":\"https:\\\/\\\/secure.gravatar.com\\\/avatar\\\/ac5001d2a36cb6c6cd3e50789007ffca834b477b74a2144564522e944eabff61?s=96&d=mm&r=g\",\"caption\":\"thomas.berner\"},\"url\":\"https:\\\/\\\/www.organisator.ch\\\/de\\\/author\\\/thomas-berner\\\/\"}]}<\/script>\n<!-- \/ Yoast SEO plugin. -->","yoast_head_json":{"title":"SAP Schweiz mit neuen K\u00f6pfen an der Spitze - Organisator","description":"SAP Schweiz besetzt mehrere F\u00fchrungspositionen neu, darunter auch die Leitung der f\u00fcr KMU und Partner zust\u00e4ndigen Gesch\u00e4ftseinheit.","robots":{"index":"index","follow":"follow","max-snippet":"max-snippet:-1","max-image-preview":"max-image-preview:large","max-video-preview":"max-video-preview:-1"},"canonical":"https:\/\/www.organisator.ch\/de\/management\/2022-07-04\/sap-schweiz-mit-neuen-koepfen-an-der-spitze\/","og_locale":"de_DE","og_type":"article","og_title":"SAP Schweiz mit neuen K\u00f6pfen an der Spitze","og_description":"SAP Schweiz besetzt mehrere F\u00fchrungspositionen neu, darunter auch die Leitung der f\u00fcr KMU und Partner zust\u00e4ndigen Gesch\u00e4ftseinheit.","og_url":"https:\/\/www.organisator.ch\/de\/management\/2022-07-04\/sap-schweiz-mit-neuen-koepfen-an-der-spitze\/","og_site_name":"Organisator","article_publisher":"https:\/\/www.facebook.com\/OrganisatorFachmagazin","article_published_time":"2022-07-04T11:40:15+00:00","og_image":[{"width":680,"height":251,"url":"https:\/\/www.organisator.ch\/wp-content\/uploads\/2022\/07\/SAP-Schweiz-mit-neuen-Koepfen-an-der-Spitze_Organisator.jpg","type":"image\/jpeg"}],"author":"thomas.berner","twitter_card":"summary_large_image","twitter_title":"#SAP Schweiz mit neuen K\u00f6pfen an der Spitze","twitter_description":"#SAP Schweiz besetzt mehrere #F\u00fchrungspositionen neu, darunter auch die Leitung der f\u00fcr KMU und Partner zust\u00e4ndigen #Gesch\u00e4ftseinheit.","twitter_image":"https:\/\/www.organisator.ch\/wp-content\/uploads\/2022\/07\/SAP-Schweiz-mit-neuen-Koepfen-an-der-Spitze_Organisator.jpg","schema":{"@context":"https:\/\/schema.org","@graph":[{"@type":"Article","@id":"https:\/\/www.organisator.ch\/management\/2022-07-04\/sap-schweiz-mit-neuen-koepfen-an-der-spitze\/#article","isPartOf":{"@id":"https:\/\/www.organisator.ch\/management\/2022-07-04\/sap-schweiz-mit-neuen-koepfen-an-der-spitze\/"},"author":{"name":"thomas.berner","@id":"https:\/\/www.organisator.ch\/#\/schema\/person\/6f650f90b2842cd4c0cc334b4e36f67e"},"headline":"SAP Schweiz mit neuen K\u00f6pfen an der Spitze","datePublished":"2022-07-04T11:40:15+00:00","mainEntityOfPage":{"@id":"https:\/\/www.organisator.ch\/management\/2022-07-04\/sap-schweiz-mit-neuen-koepfen-an-der-spitze\/"},"wordCount":926,"publisher":{"@id":"https:\/\/www.organisator.ch\/#organization"},"image":{"@id":"https:\/\/www.organisator.ch\/management\/2022-07-04\/sap-schweiz-mit-neuen-koepfen-an-der-spitze\/#primaryimage"},"thumbnailUrl":"https:\/\/www.organisator.ch\/wp-content\/uploads\/2022\/07\/SAP-Schweiz-mit-neuen-Koepfen-an-der-Spitze_Organisator.jpg","keywords":["IT\u2009&amp;\u2009Business Software","Management","Personalia"],"articleSection":["MANAGEMENT"],"inLanguage":"de"},{"@type":"WebPage","@id":"https:\/\/www.organisator.ch\/management\/2022-07-04\/sap-schweiz-mit-neuen-koepfen-an-der-spitze\/","url":"https:\/\/www.organisator.ch\/management\/2022-07-04\/sap-schweiz-mit-neuen-koepfen-an-der-spitze\/","name":"SAP Schweiz mit neuen K\u00f6pfen an der Spitze - Organisator","isPartOf":{"@id":"https:\/\/www.organisator.ch\/#website"},"primaryImageOfPage":{"@id":"https:\/\/www.organisator.ch\/management\/2022-07-04\/sap-schweiz-mit-neuen-koepfen-an-der-spitze\/#primaryimage"},"image":{"@id":"https:\/\/www.organisator.ch\/management\/2022-07-04\/sap-schweiz-mit-neuen-koepfen-an-der-spitze\/#primaryimage"},"thumbnailUrl":"https:\/\/www.organisator.ch\/wp-content\/uploads\/2022\/07\/SAP-Schweiz-mit-neuen-Koepfen-an-der-Spitze_Organisator.jpg","datePublished":"2022-07-04T11:40:15+00:00","description":"SAP Schweiz besetzt mehrere F\u00fchrungspositionen neu, darunter auch die Leitung der f\u00fcr KMU und Partner zust\u00e4ndigen Gesch\u00e4ftseinheit.","breadcrumb":{"@id":"https:\/\/www.organisator.ch\/management\/2022-07-04\/sap-schweiz-mit-neuen-koepfen-an-der-spitze\/#breadcrumb"},"inLanguage":"de","potentialAction":[{"@type":"ReadAction","target":["https:\/\/www.organisator.ch\/management\/2022-07-04\/sap-schweiz-mit-neuen-koepfen-an-der-spitze\/"]}]},{"@type":"ImageObject","inLanguage":"de","@id":"https:\/\/www.organisator.ch\/management\/2022-07-04\/sap-schweiz-mit-neuen-koepfen-an-der-spitze\/#primaryimage","url":"https:\/\/www.organisator.ch\/wp-content\/uploads\/2022\/07\/SAP-Schweiz-mit-neuen-Koepfen-an-der-Spitze_Organisator.jpg","contentUrl":"https:\/\/www.organisator.ch\/wp-content\/uploads\/2022\/07\/SAP-Schweiz-mit-neuen-Koepfen-an-der-Spitze_Organisator.jpg","width":680,"height":251,"caption":"Bekleiden neu verschiedene F\u00fchrungsfunktionen bei SAP Schweiz: Sebastian Kaczynski, Alexander Finger und Alexander Kehrli (v.l.n.r.). Bild: zVg \/ SAP)"},{"@type":"BreadcrumbList","@id":"https:\/\/www.organisator.ch\/management\/2022-07-04\/sap-schweiz-mit-neuen-koepfen-an-der-spitze\/#breadcrumb","itemListElement":[{"@type":"ListItem","position":1,"name":"Home","item":"https:\/\/www.organisator.ch\/"},{"@type":"ListItem","position":2,"name":"SAP Schweiz mit neuen K\u00f6pfen an der Spitze"}]},{"@type":"WebSite","@id":"https:\/\/www.organisator.ch\/#website","url":"https:\/\/www.organisator.ch\/","name":"Organisator","description":"Kompetent. Praxisnah. Der ORGANISATOR bereitet in 10 Ausgaben pro Jahr die wesentlichen Themen f\u00fcr F\u00fchrungskr\u00e4fte von KMU auf.","publisher":{"@id":"https:\/\/www.organisator.ch\/#organization"},"potentialAction":[{"@type":"SearchAction","target":{"@type":"EntryPoint","urlTemplate":"https:\/\/www.organisator.ch\/?s={search_term_string}"},"query-input":{"@type":"PropertyValueSpecification","valueRequired":true,"valueName":"search_term_string"}}],"inLanguage":"de"},{"@type":"Organization","@id":"https:\/\/www.organisator.ch\/#organization","name":"Organisator","url":"https:\/\/www.organisator.ch\/","logo":{"@type":"ImageObject","inLanguage":"de","@id":"https:\/\/www.organisator.ch\/#\/schema\/logo\/image\/","url":"https:\/\/www.organisator.ch\/wp-content\/uploads\/2022\/01\/Logo_Organisator_Website.png","contentUrl":"https:\/\/www.organisator.ch\/wp-content\/uploads\/2022\/01\/Logo_Organisator_Website.png","width":800,"height":77,"caption":"Organisator"},"image":{"@id":"https:\/\/www.organisator.ch\/#\/schema\/logo\/image\/"},"sameAs":["https:\/\/www.facebook.com\/OrganisatorFachmagazin","https:\/\/www.linkedin.com\/showcase\/organisator-das-magazin-fr-kmu","https:\/\/www.xing.com\/news\/pages\/organisator-ch-695","https:\/\/www.youtube.com\/channel\/UCGP2Sq0iWaZwT3BdIAQFYpw"]},{"@type":"Person","@id":"https:\/\/www.organisator.ch\/#\/schema\/person\/6f650f90b2842cd4c0cc334b4e36f67e","name":"thomas.berner","image":{"@type":"ImageObject","inLanguage":"de","@id":"https:\/\/secure.gravatar.com\/avatar\/ac5001d2a36cb6c6cd3e50789007ffca834b477b74a2144564522e944eabff61?s=96&d=mm&r=g","url":"https:\/\/secure.gravatar.com\/avatar\/ac5001d2a36cb6c6cd3e50789007ffca834b477b74a2144564522e944eabff61?s=96&d=mm&r=g","contentUrl":"https:\/\/secure.gravatar.com\/avatar\/ac5001d2a36cb6c6cd3e50789007ffca834b477b74a2144564522e944eabff61?s=96&d=mm&r=g","caption":"thomas.berner"},"url":"https:\/\/www.organisator.ch\/de\/author\/thomas-berner\/"}]}},"_links":{"self":[{"href":"https:\/\/www.organisator.ch\/de\/wp-json\/wp\/v2\/posts\/15540","targetHints":{"allow":["GET"]}}],"collection":[{"href":"https:\/\/www.organisator.ch\/de\/wp-json\/wp\/v2\/posts"}],"about":[{"href":"https:\/\/www.organisator.ch\/de\/wp-json\/wp\/v2\/types\/post"}],"author":[{"embeddable":true,"href":"https:\/\/www.organisator.ch\/de\/wp-json\/wp\/v2\/users\/4"}],"replies":[{"embeddable":true,"href":"https:\/\/www.organisator.ch\/de\/wp-json\/wp\/v2\/comments?post=15540"}],"version-history":[{"count":1,"href":"https:\/\/www.organisator.ch\/de\/wp-json\/wp\/v2\/posts\/15540\/revisions"}],"predecessor-version":[{"id":15542,"href":"https:\/\/www.organisator.ch\/de\/wp-json\/wp\/v2\/posts\/15540\/revisions\/15542"}],"wp:featuredmedia":[{"embeddable":true,"href":"https:\/\/www.organisator.ch\/de\/wp-json\/wp\/v2\/media\/15541"}],"wp:attachment":[{"href":"https:\/\/www.organisator.ch\/de\/wp-json\/wp\/v2\/media?parent=15540"}],"wp:term":[{"taxonomy":"category","embeddable":true,"href":"https:\/\/www.organisator.ch\/de\/wp-json\/wp\/v2\/categories?post=15540"},{"taxonomy":"post_tag","embeddable":true,"href":"https:\/\/www.organisator.ch\/de\/wp-json\/wp\/v2\/tags?post=15540"}],"curies":[{"name":"wp","href":"https:\/\/api.w.org\/{rel}","templated":true}]}}