{"id":15547,"date":"2022-07-05T08:52:16","date_gmt":"2022-07-05T06:52:16","guid":{"rendered":"https:\/\/www.organisator.ch\/?p=15547"},"modified":"2022-07-05T08:52:16","modified_gmt":"2022-07-05T06:52:16","slug":"rudolf-o-schmid-ist-neuer-praesident-von-handel-schweiz","status":"publish","type":"post","link":"https:\/\/www.organisator.ch\/de\/management\/2022-07-05\/rudolf-o-schmid-ist-neuer-praesident-von-handel-schweiz\/","title":{"rendered":"Rudolf O. Schmid ist neuer Pr\u00e4sident von Handel Schweiz"},"content":{"rendered":"<figure id=\"attachment_15548\" aria-describedby=\"caption-attachment-15548\" style=\"width: 680px\" class=\"wp-caption alignnone\"><img loading=\"lazy\" decoding=\"async\" class=\"size-full wp-image-15548\" src=\"https:\/\/www.organisator.ch\/wp-content\/uploads\/2022\/07\/Rudolf-O.-Schmid-ist-neuer-Praesident-von-Handel-Schweiz_Organisator.jpg\" alt=\"\" width=\"680\" height=\"470\" srcset=\"https:\/\/www.organisator.ch\/wp-content\/uploads\/2022\/07\/Rudolf-O.-Schmid-ist-neuer-Praesident-von-Handel-Schweiz_Organisator.jpg 680w, https:\/\/www.organisator.ch\/wp-content\/uploads\/2022\/07\/Rudolf-O.-Schmid-ist-neuer-Praesident-von-Handel-Schweiz_Organisator-18x12.jpg 18w, https:\/\/www.organisator.ch\/wp-content\/uploads\/2022\/07\/Rudolf-O.-Schmid-ist-neuer-Praesident-von-Handel-Schweiz_Organisator-253x175.jpg 253w, https:\/\/www.organisator.ch\/wp-content\/uploads\/2022\/07\/Rudolf-O.-Schmid-ist-neuer-Praesident-von-Handel-Schweiz_Organisator-506x350.jpg 506w, https:\/\/www.organisator.ch\/wp-content\/uploads\/2022\/07\/Rudolf-O.-Schmid-ist-neuer-Praesident-von-Handel-Schweiz_Organisator-300x207.jpg 300w\" sizes=\"auto, (max-width: 680px) 100vw, 680px\" \/><figcaption id=\"caption-attachment-15548\" class=\"wp-caption-text\">Rudolf O. Schmid, neuer Pr\u00e4sident von Handel Schweiz. (Bild: zVg \/ Handel Schweiz)<\/figcaption><\/figure>\n<p>Rudolf O. Schmid wurde von der Generalversammlung von Handel Schweiz zum neuen Pr\u00e4sidenten gew\u00e4hlt. Er tritt damit die Nachfolge von Jean-Marc Probst an, dessen grosses Engagement f\u00fcr die Anliegen des gr\u00f6ssten privaten Arbeitgebers der Schweiz, der rund 680&#8217;000 Mitarbeitende besch\u00e4ftigt und 38&#8217;000 Lernende ausbildet, vom Verband entsprechend gew\u00fcrdigt und verdankt wurde.<\/p>\n<h3>Drei Schwerpunkte<\/h3>\n<p>Rudolf O. Schmid bringt als langj\u00e4hriger Vizepr\u00e4sident von Handel Schweiz sowie als Unternehmer eine umfassende Erfahrung im Handel mit. Als junger H\u00e4ndler aus dem Agrarhandel stammend, wurde er fr\u00fch in den Vorstand bzw. in den leitenden Ausschuss von Handel Schweiz gew\u00e4hlt. In der weiteren Entwicklung des Dachverbandes sieht er drei klare Schwerpunkte, wie er betont: \u00abHandel Schweiz setzt sich f\u00fcr die Ausbildung der jungen H\u00e4ndler ein, f\u00fchrt Sekretariate f\u00fcr mehrere Handelsverb\u00e4nde und engagiert sich f\u00fcr die rund 4&#8217;000 Mitglieder. Handel Schweiz vertritt ihre vielf\u00e4ltigen Interessen, je nach Thema auch auf der politischen Ebene.\u00bb<\/p>\n<p>Die Handelsunternehmen seien heute einem noch st\u00e4rkeren Druck ausgesetzt als zu fr\u00fcheren Zeiten, wie Rudolf O. Schmid erkl\u00e4rt. Der Ukrainekrieg, wie auch die wirtschaftliche Situation hinterliessen deutliche Spuren im Handel. Die unterbrochenen Lieferketten f\u00fcr elektronische Komponenten oder Baustoffe sorgten bekanntlich f\u00fcr Stillstand in Unternehmen und Branchen. So wurden Kabelb\u00e4ume bis vor kurzem in der Ukraine hergestellt. Ihr Fehlen f\u00fchre zu Produktionsstopps in Autofabriken. Auch Winterpneus seien Mangelware. Wer heute noch keine gekauft habe, solle dies schnell nachholen. Sie werden mit russischem Kohlestaub hergestellt.<\/p>\n<h3>Handel mit neuen Ans\u00e4tzen in der Globalisierung<\/h3>\n<p>Um sich f\u00fcr zuk\u00fcnftige Entwicklungen besser zu wappnen, brauche es neue Ans\u00e4tze im globalen Handel. Rudolf O. Schmid pl\u00e4diert f\u00fcr diversifizierte Lieferketten: \u00abDie bisherigen Ans\u00e4tze in der Globalisierung haben zu \u00dcbertreibungen gef\u00fchrt. Produzenten und Handelsunternehmen haben die Lieferrisiken untersch\u00e4tzt. Inzwischen ist klar geworden, dass Single Sourcing \u2013 die Eink\u00e4ufe an einem Ort zu t\u00e4tigen \u2013 keine gute L\u00f6sung ist. Wir sagen klar Ja zur Globalisierung. Sie ist wichtig f\u00fcr unseren Wohlstand. Sie erh\u00f6ht auch den Lebensstandard in der dritten Welt. Im globalen Handel m\u00fcssen die Unternehmen jedoch die Lieferrisiken neu viel kritischer als bisher abw\u00e4gen. Das Sourcing darf nicht von einem Partner, einem Land oder einem Kontinent abh\u00e4ngig sein. Eine solche Diversifikation der Lieferketten wird den globalen Handel deutlich ver\u00e4ndern.\u00bb<\/p>\n<p><em>Quelle: <a href=\"http:\/\/www.handel-schweiz.com\">Handel Schweiz<\/a><\/em><\/p>\n","protected":false},"excerpt":{"rendered":"<p>Rudolf O. Schmid wurde von der Generalversammlung von Handel Schweiz zum neuen Pr\u00e4sidenten gew\u00e4hlt. Er tritt damit die Nachfolge von Jean-Marc Probst an, dessen grosses Engagement f\u00fcr die Anliegen des gr\u00f6ssten privaten Arbeitgebers der Schweiz, der rund 680&#8217;000 Mitarbeitende besch\u00e4ftigt und 38&#8217;000 Lernende ausbildet, vom Verband entsprechend gew\u00fcrdigt und verdankt wurde. Drei Schwerpunkte Rudolf O. [&hellip;]<\/p>\n","protected":false},"author":4,"featured_media":15548,"comment_status":"closed","ping_status":"closed","sticky":false,"template":"","format":"standard","meta":{"_acf_changed":false,"_yoast_wpseo_focuskw":"Rudolf O. Schmid","_yoast_wpseo_metadesc":"Die Generalversammlung von Handel Schweiz hat Rudolf O. Schmid ohne Gegenstimmen zum neuen Pr\u00e4sidenten des Dachverbands des Handels gew\u00e4hlt.","articlekey":"","footnotes":""},"categories":[28],"tags":[248,381,503],"class_list":["post-15547","post","type-post","status-publish","format-standard","has-post-thumbnail","hentry","category-management","tag-handel","tag-personalia","tag-verbaende"],"acf":[],"yoast_head":"<!-- This site is optimized with the Yoast SEO plugin v27.5 - https:\/\/yoast.com\/product\/yoast-seo-wordpress\/ -->\n<title>Rudolf O. Schmid ist neuer Pr\u00e4sident von Handel Schweiz - Organisator<\/title>\n<meta name=\"description\" content=\"Die Generalversammlung von Handel Schweiz hat Rudolf O. Schmid ohne Gegenstimmen zum neuen Pr\u00e4sidenten des Dachverbands des Handels gew\u00e4hlt.\" \/>\n<meta name=\"robots\" content=\"index, follow, max-snippet:-1, max-image-preview:large, max-video-preview:-1\" \/>\n<link rel=\"canonical\" href=\"https:\/\/www.organisator.ch\/de\/management\/2022-07-05\/rudolf-o-schmid-ist-neuer-praesident-von-handel-schweiz\/\" \/>\n<meta property=\"og:locale\" content=\"de_DE\" \/>\n<meta property=\"og:type\" content=\"article\" \/>\n<meta property=\"og:title\" content=\"Rudolf O. Schmid ist neuer Pr\u00e4sident von Handel Schweiz\" \/>\n<meta property=\"og:description\" content=\"Die Generalversammlung von Handel Schweiz hat Rudolf O. Schmid ohne Gegenstimmen zum neuen Pr\u00e4sidenten des Dachverbands des Handels gew\u00e4hlt.\" \/>\n<meta property=\"og:url\" content=\"https:\/\/www.organisator.ch\/de\/management\/2022-07-05\/rudolf-o-schmid-ist-neuer-praesident-von-handel-schweiz\/\" \/>\n<meta property=\"og:site_name\" content=\"Organisator\" \/>\n<meta property=\"article:publisher\" content=\"https:\/\/www.facebook.com\/OrganisatorFachmagazin\" \/>\n<meta property=\"article:published_time\" content=\"2022-07-05T06:52:16+00:00\" \/>\n<meta property=\"og:image\" content=\"https:\/\/www.organisator.ch\/wp-content\/uploads\/2022\/07\/Rudolf-O.-Schmid-ist-neuer-Praesident-von-Handel-Schweiz_Organisator.jpg\" \/>\n\t<meta property=\"og:image:width\" content=\"680\" \/>\n\t<meta property=\"og:image:height\" content=\"470\" \/>\n\t<meta property=\"og:image:type\" content=\"image\/jpeg\" \/>\n<meta name=\"author\" content=\"thomas.berner\" \/>\n<meta name=\"twitter:card\" content=\"summary_large_image\" \/>\n<meta name=\"twitter:title\" content=\"Rudolf O. Schmid ist neuer #Pr\u00e4sident von #HandelSchweiz\" \/>\n<meta name=\"twitter:description\" content=\"Die #Generalversammlung von #HandelSchweiz hat Rudolf O. Schmid ohne Gegenstimmen zum neuen Pr\u00e4sidenten des Dachverbands des Handels gew\u00e4hlt.\" \/>\n<meta name=\"twitter:image\" content=\"https:\/\/www.organisator.ch\/wp-content\/uploads\/2022\/07\/Rudolf-O.-Schmid-ist-neuer-Praesident-von-Handel-Schweiz_Organisator.jpg\" \/>\n<script type=\"application\/ld+json\" class=\"yoast-schema-graph\">{\"@context\":\"https:\\\/\\\/schema.org\",\"@graph\":[{\"@type\":\"Article\",\"@id\":\"https:\\\/\\\/www.organisator.ch\\\/management\\\/2022-07-05\\\/rudolf-o-schmid-ist-neuer-praesident-von-handel-schweiz\\\/#article\",\"isPartOf\":{\"@id\":\"https:\\\/\\\/www.organisator.ch\\\/management\\\/2022-07-05\\\/rudolf-o-schmid-ist-neuer-praesident-von-handel-schweiz\\\/\"},\"author\":{\"name\":\"thomas.berner\",\"@id\":\"https:\\\/\\\/www.organisator.ch\\\/#\\\/schema\\\/person\\\/6f650f90b2842cd4c0cc334b4e36f67e\"},\"headline\":\"Rudolf O. Schmid ist neuer Pr\u00e4sident von Handel Schweiz\",\"datePublished\":\"2022-07-05T06:52:16+00:00\",\"mainEntityOfPage\":{\"@id\":\"https:\\\/\\\/www.organisator.ch\\\/management\\\/2022-07-05\\\/rudolf-o-schmid-ist-neuer-praesident-von-handel-schweiz\\\/\"},\"wordCount\":427,\"publisher\":{\"@id\":\"https:\\\/\\\/www.organisator.ch\\\/#organization\"},\"image\":{\"@id\":\"https:\\\/\\\/www.organisator.ch\\\/management\\\/2022-07-05\\\/rudolf-o-schmid-ist-neuer-praesident-von-handel-schweiz\\\/#primaryimage\"},\"thumbnailUrl\":\"https:\\\/\\\/www.organisator.ch\\\/wp-content\\\/uploads\\\/2022\\\/07\\\/Rudolf-O.-Schmid-ist-neuer-Praesident-von-Handel-Schweiz_Organisator.jpg\",\"keywords\":[\"Handel\",\"Personalia\",\"Verb\u00e4nde\"],\"articleSection\":[\"MANAGEMENT\"],\"inLanguage\":\"de\"},{\"@type\":\"WebPage\",\"@id\":\"https:\\\/\\\/www.organisator.ch\\\/management\\\/2022-07-05\\\/rudolf-o-schmid-ist-neuer-praesident-von-handel-schweiz\\\/\",\"url\":\"https:\\\/\\\/www.organisator.ch\\\/management\\\/2022-07-05\\\/rudolf-o-schmid-ist-neuer-praesident-von-handel-schweiz\\\/\",\"name\":\"Rudolf O. Schmid ist neuer Pr\u00e4sident von Handel Schweiz - Organisator\",\"isPartOf\":{\"@id\":\"https:\\\/\\\/www.organisator.ch\\\/#website\"},\"primaryImageOfPage\":{\"@id\":\"https:\\\/\\\/www.organisator.ch\\\/management\\\/2022-07-05\\\/rudolf-o-schmid-ist-neuer-praesident-von-handel-schweiz\\\/#primaryimage\"},\"image\":{\"@id\":\"https:\\\/\\\/www.organisator.ch\\\/management\\\/2022-07-05\\\/rudolf-o-schmid-ist-neuer-praesident-von-handel-schweiz\\\/#primaryimage\"},\"thumbnailUrl\":\"https:\\\/\\\/www.organisator.ch\\\/wp-content\\\/uploads\\\/2022\\\/07\\\/Rudolf-O.-Schmid-ist-neuer-Praesident-von-Handel-Schweiz_Organisator.jpg\",\"datePublished\":\"2022-07-05T06:52:16+00:00\",\"description\":\"Die Generalversammlung von Handel Schweiz hat Rudolf O. Schmid ohne Gegenstimmen zum neuen Pr\u00e4sidenten des Dachverbands des Handels gew\u00e4hlt.\",\"breadcrumb\":{\"@id\":\"https:\\\/\\\/www.organisator.ch\\\/management\\\/2022-07-05\\\/rudolf-o-schmid-ist-neuer-praesident-von-handel-schweiz\\\/#breadcrumb\"},\"inLanguage\":\"de\",\"potentialAction\":[{\"@type\":\"ReadAction\",\"target\":[\"https:\\\/\\\/www.organisator.ch\\\/management\\\/2022-07-05\\\/rudolf-o-schmid-ist-neuer-praesident-von-handel-schweiz\\\/\"]}]},{\"@type\":\"ImageObject\",\"inLanguage\":\"de\",\"@id\":\"https:\\\/\\\/www.organisator.ch\\\/management\\\/2022-07-05\\\/rudolf-o-schmid-ist-neuer-praesident-von-handel-schweiz\\\/#primaryimage\",\"url\":\"https:\\\/\\\/www.organisator.ch\\\/wp-content\\\/uploads\\\/2022\\\/07\\\/Rudolf-O.-Schmid-ist-neuer-Praesident-von-Handel-Schweiz_Organisator.jpg\",\"contentUrl\":\"https:\\\/\\\/www.organisator.ch\\\/wp-content\\\/uploads\\\/2022\\\/07\\\/Rudolf-O.-Schmid-ist-neuer-Praesident-von-Handel-Schweiz_Organisator.jpg\",\"width\":680,\"height\":470,\"caption\":\"Rudolf O. Schmid, neuer Pr\u00e4sident von Handel Schweiz. (Bild: zVg \\\/ Handel Schweiz)\"},{\"@type\":\"BreadcrumbList\",\"@id\":\"https:\\\/\\\/www.organisator.ch\\\/management\\\/2022-07-05\\\/rudolf-o-schmid-ist-neuer-praesident-von-handel-schweiz\\\/#breadcrumb\",\"itemListElement\":[{\"@type\":\"ListItem\",\"position\":1,\"name\":\"Home\",\"item\":\"https:\\\/\\\/www.organisator.ch\\\/\"},{\"@type\":\"ListItem\",\"position\":2,\"name\":\"Rudolf O. Schmid ist neuer Pr\u00e4sident von Handel Schweiz\"}]},{\"@type\":\"WebSite\",\"@id\":\"https:\\\/\\\/www.organisator.ch\\\/#website\",\"url\":\"https:\\\/\\\/www.organisator.ch\\\/\",\"name\":\"Organisator\",\"description\":\"Kompetent. Praxisnah. Der ORGANISATOR bereitet in 10 Ausgaben pro Jahr die wesentlichen Themen f\u00fcr F\u00fchrungskr\u00e4fte von KMU auf.\",\"publisher\":{\"@id\":\"https:\\\/\\\/www.organisator.ch\\\/#organization\"},\"potentialAction\":[{\"@type\":\"SearchAction\",\"target\":{\"@type\":\"EntryPoint\",\"urlTemplate\":\"https:\\\/\\\/www.organisator.ch\\\/?s={search_term_string}\"},\"query-input\":{\"@type\":\"PropertyValueSpecification\",\"valueRequired\":true,\"valueName\":\"search_term_string\"}}],\"inLanguage\":\"de\"},{\"@type\":\"Organization\",\"@id\":\"https:\\\/\\\/www.organisator.ch\\\/#organization\",\"name\":\"Organisator\",\"url\":\"https:\\\/\\\/www.organisator.ch\\\/\",\"logo\":{\"@type\":\"ImageObject\",\"inLanguage\":\"de\",\"@id\":\"https:\\\/\\\/www.organisator.ch\\\/#\\\/schema\\\/logo\\\/image\\\/\",\"url\":\"https:\\\/\\\/www.organisator.ch\\\/wp-content\\\/uploads\\\/2022\\\/01\\\/Logo_Organisator_Website.png\",\"contentUrl\":\"https:\\\/\\\/www.organisator.ch\\\/wp-content\\\/uploads\\\/2022\\\/01\\\/Logo_Organisator_Website.png\",\"width\":800,\"height\":77,\"caption\":\"Organisator\"},\"image\":{\"@id\":\"https:\\\/\\\/www.organisator.ch\\\/#\\\/schema\\\/logo\\\/image\\\/\"},\"sameAs\":[\"https:\\\/\\\/www.facebook.com\\\/OrganisatorFachmagazin\",\"https:\\\/\\\/www.linkedin.com\\\/showcase\\\/organisator-das-magazin-fr-kmu\",\"https:\\\/\\\/www.xing.com\\\/news\\\/pages\\\/organisator-ch-695\",\"https:\\\/\\\/www.youtube.com\\\/channel\\\/UCGP2Sq0iWaZwT3BdIAQFYpw\"]},{\"@type\":\"Person\",\"@id\":\"https:\\\/\\\/www.organisator.ch\\\/#\\\/schema\\\/person\\\/6f650f90b2842cd4c0cc334b4e36f67e\",\"name\":\"thomas.berner\",\"image\":{\"@type\":\"ImageObject\",\"inLanguage\":\"de\",\"@id\":\"https:\\\/\\\/secure.gravatar.com\\\/avatar\\\/ac5001d2a36cb6c6cd3e50789007ffca834b477b74a2144564522e944eabff61?s=96&d=mm&r=g\",\"url\":\"https:\\\/\\\/secure.gravatar.com\\\/avatar\\\/ac5001d2a36cb6c6cd3e50789007ffca834b477b74a2144564522e944eabff61?s=96&d=mm&r=g\",\"contentUrl\":\"https:\\\/\\\/secure.gravatar.com\\\/avatar\\\/ac5001d2a36cb6c6cd3e50789007ffca834b477b74a2144564522e944eabff61?s=96&d=mm&r=g\",\"caption\":\"thomas.berner\"},\"url\":\"https:\\\/\\\/www.organisator.ch\\\/de\\\/author\\\/thomas-berner\\\/\"}]}<\/script>\n<!-- \/ Yoast SEO plugin. -->","yoast_head_json":{"title":"Rudolf O. Schmid ist neuer Pr\u00e4sident von Handel Schweiz - Organisator","description":"Die Generalversammlung von Handel Schweiz hat Rudolf O. Schmid ohne Gegenstimmen zum neuen Pr\u00e4sidenten des Dachverbands des Handels gew\u00e4hlt.","robots":{"index":"index","follow":"follow","max-snippet":"max-snippet:-1","max-image-preview":"max-image-preview:large","max-video-preview":"max-video-preview:-1"},"canonical":"https:\/\/www.organisator.ch\/de\/management\/2022-07-05\/rudolf-o-schmid-ist-neuer-praesident-von-handel-schweiz\/","og_locale":"de_DE","og_type":"article","og_title":"Rudolf O. Schmid ist neuer Pr\u00e4sident von Handel Schweiz","og_description":"Die Generalversammlung von Handel Schweiz hat Rudolf O. Schmid ohne Gegenstimmen zum neuen Pr\u00e4sidenten des Dachverbands des Handels gew\u00e4hlt.","og_url":"https:\/\/www.organisator.ch\/de\/management\/2022-07-05\/rudolf-o-schmid-ist-neuer-praesident-von-handel-schweiz\/","og_site_name":"Organisator","article_publisher":"https:\/\/www.facebook.com\/OrganisatorFachmagazin","article_published_time":"2022-07-05T06:52:16+00:00","og_image":[{"width":680,"height":470,"url":"https:\/\/www.organisator.ch\/wp-content\/uploads\/2022\/07\/Rudolf-O.-Schmid-ist-neuer-Praesident-von-Handel-Schweiz_Organisator.jpg","type":"image\/jpeg"}],"author":"thomas.berner","twitter_card":"summary_large_image","twitter_title":"Rudolf O. Schmid ist neuer #Pr\u00e4sident von #HandelSchweiz","twitter_description":"Die #Generalversammlung von #HandelSchweiz hat Rudolf O. Schmid ohne Gegenstimmen zum neuen Pr\u00e4sidenten des Dachverbands des Handels gew\u00e4hlt.","twitter_image":"https:\/\/www.organisator.ch\/wp-content\/uploads\/2022\/07\/Rudolf-O.-Schmid-ist-neuer-Praesident-von-Handel-Schweiz_Organisator.jpg","schema":{"@context":"https:\/\/schema.org","@graph":[{"@type":"Article","@id":"https:\/\/www.organisator.ch\/management\/2022-07-05\/rudolf-o-schmid-ist-neuer-praesident-von-handel-schweiz\/#article","isPartOf":{"@id":"https:\/\/www.organisator.ch\/management\/2022-07-05\/rudolf-o-schmid-ist-neuer-praesident-von-handel-schweiz\/"},"author":{"name":"thomas.berner","@id":"https:\/\/www.organisator.ch\/#\/schema\/person\/6f650f90b2842cd4c0cc334b4e36f67e"},"headline":"Rudolf O. Schmid ist neuer Pr\u00e4sident von Handel Schweiz","datePublished":"2022-07-05T06:52:16+00:00","mainEntityOfPage":{"@id":"https:\/\/www.organisator.ch\/management\/2022-07-05\/rudolf-o-schmid-ist-neuer-praesident-von-handel-schweiz\/"},"wordCount":427,"publisher":{"@id":"https:\/\/www.organisator.ch\/#organization"},"image":{"@id":"https:\/\/www.organisator.ch\/management\/2022-07-05\/rudolf-o-schmid-ist-neuer-praesident-von-handel-schweiz\/#primaryimage"},"thumbnailUrl":"https:\/\/www.organisator.ch\/wp-content\/uploads\/2022\/07\/Rudolf-O.-Schmid-ist-neuer-Praesident-von-Handel-Schweiz_Organisator.jpg","keywords":["Handel","Personalia","Verb\u00e4nde"],"articleSection":["MANAGEMENT"],"inLanguage":"de"},{"@type":"WebPage","@id":"https:\/\/www.organisator.ch\/management\/2022-07-05\/rudolf-o-schmid-ist-neuer-praesident-von-handel-schweiz\/","url":"https:\/\/www.organisator.ch\/management\/2022-07-05\/rudolf-o-schmid-ist-neuer-praesident-von-handel-schweiz\/","name":"Rudolf O. Schmid ist neuer Pr\u00e4sident von Handel Schweiz - Organisator","isPartOf":{"@id":"https:\/\/www.organisator.ch\/#website"},"primaryImageOfPage":{"@id":"https:\/\/www.organisator.ch\/management\/2022-07-05\/rudolf-o-schmid-ist-neuer-praesident-von-handel-schweiz\/#primaryimage"},"image":{"@id":"https:\/\/www.organisator.ch\/management\/2022-07-05\/rudolf-o-schmid-ist-neuer-praesident-von-handel-schweiz\/#primaryimage"},"thumbnailUrl":"https:\/\/www.organisator.ch\/wp-content\/uploads\/2022\/07\/Rudolf-O.-Schmid-ist-neuer-Praesident-von-Handel-Schweiz_Organisator.jpg","datePublished":"2022-07-05T06:52:16+00:00","description":"Die Generalversammlung von Handel Schweiz hat Rudolf O. Schmid ohne Gegenstimmen zum neuen Pr\u00e4sidenten des Dachverbands des Handels gew\u00e4hlt.","breadcrumb":{"@id":"https:\/\/www.organisator.ch\/management\/2022-07-05\/rudolf-o-schmid-ist-neuer-praesident-von-handel-schweiz\/#breadcrumb"},"inLanguage":"de","potentialAction":[{"@type":"ReadAction","target":["https:\/\/www.organisator.ch\/management\/2022-07-05\/rudolf-o-schmid-ist-neuer-praesident-von-handel-schweiz\/"]}]},{"@type":"ImageObject","inLanguage":"de","@id":"https:\/\/www.organisator.ch\/management\/2022-07-05\/rudolf-o-schmid-ist-neuer-praesident-von-handel-schweiz\/#primaryimage","url":"https:\/\/www.organisator.ch\/wp-content\/uploads\/2022\/07\/Rudolf-O.-Schmid-ist-neuer-Praesident-von-Handel-Schweiz_Organisator.jpg","contentUrl":"https:\/\/www.organisator.ch\/wp-content\/uploads\/2022\/07\/Rudolf-O.-Schmid-ist-neuer-Praesident-von-Handel-Schweiz_Organisator.jpg","width":680,"height":470,"caption":"Rudolf O. Schmid, neuer Pr\u00e4sident von Handel Schweiz. (Bild: zVg \/ Handel Schweiz)"},{"@type":"BreadcrumbList","@id":"https:\/\/www.organisator.ch\/management\/2022-07-05\/rudolf-o-schmid-ist-neuer-praesident-von-handel-schweiz\/#breadcrumb","itemListElement":[{"@type":"ListItem","position":1,"name":"Home","item":"https:\/\/www.organisator.ch\/"},{"@type":"ListItem","position":2,"name":"Rudolf O. Schmid ist neuer Pr\u00e4sident von Handel Schweiz"}]},{"@type":"WebSite","@id":"https:\/\/www.organisator.ch\/#website","url":"https:\/\/www.organisator.ch\/","name":"Organisator","description":"Kompetent. Praxisnah. Der ORGANISATOR bereitet in 10 Ausgaben pro Jahr die wesentlichen Themen f\u00fcr F\u00fchrungskr\u00e4fte von KMU auf.","publisher":{"@id":"https:\/\/www.organisator.ch\/#organization"},"potentialAction":[{"@type":"SearchAction","target":{"@type":"EntryPoint","urlTemplate":"https:\/\/www.organisator.ch\/?s={search_term_string}"},"query-input":{"@type":"PropertyValueSpecification","valueRequired":true,"valueName":"search_term_string"}}],"inLanguage":"de"},{"@type":"Organization","@id":"https:\/\/www.organisator.ch\/#organization","name":"Organisator","url":"https:\/\/www.organisator.ch\/","logo":{"@type":"ImageObject","inLanguage":"de","@id":"https:\/\/www.organisator.ch\/#\/schema\/logo\/image\/","url":"https:\/\/www.organisator.ch\/wp-content\/uploads\/2022\/01\/Logo_Organisator_Website.png","contentUrl":"https:\/\/www.organisator.ch\/wp-content\/uploads\/2022\/01\/Logo_Organisator_Website.png","width":800,"height":77,"caption":"Organisator"},"image":{"@id":"https:\/\/www.organisator.ch\/#\/schema\/logo\/image\/"},"sameAs":["https:\/\/www.facebook.com\/OrganisatorFachmagazin","https:\/\/www.linkedin.com\/showcase\/organisator-das-magazin-fr-kmu","https:\/\/www.xing.com\/news\/pages\/organisator-ch-695","https:\/\/www.youtube.com\/channel\/UCGP2Sq0iWaZwT3BdIAQFYpw"]},{"@type":"Person","@id":"https:\/\/www.organisator.ch\/#\/schema\/person\/6f650f90b2842cd4c0cc334b4e36f67e","name":"thomas.berner","image":{"@type":"ImageObject","inLanguage":"de","@id":"https:\/\/secure.gravatar.com\/avatar\/ac5001d2a36cb6c6cd3e50789007ffca834b477b74a2144564522e944eabff61?s=96&d=mm&r=g","url":"https:\/\/secure.gravatar.com\/avatar\/ac5001d2a36cb6c6cd3e50789007ffca834b477b74a2144564522e944eabff61?s=96&d=mm&r=g","contentUrl":"https:\/\/secure.gravatar.com\/avatar\/ac5001d2a36cb6c6cd3e50789007ffca834b477b74a2144564522e944eabff61?s=96&d=mm&r=g","caption":"thomas.berner"},"url":"https:\/\/www.organisator.ch\/de\/author\/thomas-berner\/"}]}},"_links":{"self":[{"href":"https:\/\/www.organisator.ch\/de\/wp-json\/wp\/v2\/posts\/15547","targetHints":{"allow":["GET"]}}],"collection":[{"href":"https:\/\/www.organisator.ch\/de\/wp-json\/wp\/v2\/posts"}],"about":[{"href":"https:\/\/www.organisator.ch\/de\/wp-json\/wp\/v2\/types\/post"}],"author":[{"embeddable":true,"href":"https:\/\/www.organisator.ch\/de\/wp-json\/wp\/v2\/users\/4"}],"replies":[{"embeddable":true,"href":"https:\/\/www.organisator.ch\/de\/wp-json\/wp\/v2\/comments?post=15547"}],"version-history":[{"count":1,"href":"https:\/\/www.organisator.ch\/de\/wp-json\/wp\/v2\/posts\/15547\/revisions"}],"predecessor-version":[{"id":15549,"href":"https:\/\/www.organisator.ch\/de\/wp-json\/wp\/v2\/posts\/15547\/revisions\/15549"}],"wp:featuredmedia":[{"embeddable":true,"href":"https:\/\/www.organisator.ch\/de\/wp-json\/wp\/v2\/media\/15548"}],"wp:attachment":[{"href":"https:\/\/www.organisator.ch\/de\/wp-json\/wp\/v2\/media?parent=15547"}],"wp:term":[{"taxonomy":"category","embeddable":true,"href":"https:\/\/www.organisator.ch\/de\/wp-json\/wp\/v2\/categories?post=15547"},{"taxonomy":"post_tag","embeddable":true,"href":"https:\/\/www.organisator.ch\/de\/wp-json\/wp\/v2\/tags?post=15547"}],"curies":[{"name":"wp","href":"https:\/\/api.w.org\/{rel}","templated":true}]}}