{"id":15572,"date":"2022-07-06T06:07:12","date_gmt":"2022-07-06T04:07:12","guid":{"rendered":"https:\/\/www.m-q.ch\/?p=16591"},"modified":"2022-07-21T12:11:20","modified_gmt":"2022-07-21T10:11:20","slug":"vision-2022-positive-vorzeichen-fuer-die-30-ausgabe","status":"publish","type":"post","link":"https:\/\/www.organisator.ch\/de\/operational-excellence\/2022-07-06\/vision-2022-positive-vorzeichen-fuer-die-30-ausgabe\/","title":{"rendered":"Vision 2022: Positive Vorzeichen f\u00fcr die 30. Ausgabe"},"content":{"rendered":"<figure id=\"attachment_16592\" class=\"wp-caption alignnone\" style=\"width: 680px\" aria-describedby=\"caption-attachment-16592\"><img class=\"size-full wp-image-16592\" src=\"https:\/\/www.m-q.ch\/wp-content\/uploads\/2022\/07\/Vision-2022-Positive-Vorzeichen-fuer-die-30-Ausgabe_MQ.jpg\" alt=\"\" width=\"680\" height=\"433\" \/><figcaption id=\"caption-attachment-16592\" class=\"wp-caption-text\">Positive Vorzeichen f\u00fcr die Vision 2022 vom 4. \u2013 6. Oktober 2022. (Bild: Landesmesse Stuttgart GmbH)<\/figcaption><\/figure>\r\nDie Vision 2022, Weltleitmesse f\u00fcr Bildverarbeitung, findet vom 4. bis 6. Oktober 2022 auf der Messe Stuttgart statt. Alle zwei Jahr bildet die Fachmesse das komplette Spektrum der Bildverarbeitungstechnologie ab. F\u00fcr dieses Jahr geben sich die Messeveranstalter optimistisch:\u00a0\u201eDie Bildverarbeitungsindustrie entwickelt sich dynamisch und gewinnt immer mehr an Bedeutung. Die Perspektiven f\u00fcr die Vision 2022 sind daher vielversprechend und die Erwartungen hoch\u201c, so Roland Bleinroth, Gesch\u00e4ftsf\u00fchrer der Messe Stuttgart. Anne Wendel vom deutschen Maschinenindustrie-Dachverband VDMA unterstreicht die Entwicklung der Bildverarbeitungsindustrie: \u201eDie Robotik- und Automationsbranche und ganz besonders die industrielle Bildverarbeitungsindustrie verzeichnet volle Auftragsb\u00fccher. 2021 wurde in der europ\u00e4ischen Machine Vision Industrie laut VDMA Marktbefragung ein Umsatzplus von 17 Prozent verzeichnet. Die Prognosen f\u00fcr 2022 fallen trotz geringerer Erwartungen durch gest\u00f6rte Zulieferketten positiv aus. Unsere Prognosen sagen ein Plus von 5 Prozent und einen Umsatz von 3,2 Milliarden Euro f\u00fcr die deutsche industrielle Bildverarbeitungsindustrie voraus. F\u00fcr die gesamte Robotik und Automation wird mit einem Wachstum von 6 Prozent gerechnet auf 14,4 Milliarden Euro. Dies l\u00e4sst uns positiv auf die bevorstehende Vision 2022 blicken.\u201c\r\n<h3><strong>Wachsende Ausstellendenzahlen<\/strong><\/h3>\r\nAn drei Tagen kommen auf der Fachmesse BesucherInnen aus aller Welt mit Start-ups und Keyplayern zusammen. Dabei steht vor allem der Austausch und Wissenstransfer im Fokus. Aktuell haben sich \u00fcber 300 Unternehmen \u2013 und damit bereits jetzt mehr als im vergangenen Jahr \u2013 f\u00fcr die Vision 2022 angemeldet. \u201eDer aktuelle Anmeldestand und die Reservierungen zeigen den gro\u00dfen Zuspruch der Branche. Insgesamt rechnen wir bis Oktober bei den Ausstellendenzahlen mit einem Wachstum von rund 25 Prozent im Vergleich zum Vorjahr\u201c, so Florian Niethammer, Leiter Messen &amp; Events bei der Messe Stuttgart.\r\n\r\nNeben nationalen und internationalen Keyplayern darf die Messe Stuttgart in diesem Jahr viele neue Akteure begr\u00fc\u00dfen. Rund 17 Prozent der angemeldeten Unternehmen sind erstmalig bei der Messe dabei.\u00a0Die steigenden Ausstellendenzahlen spiegeln sich auch in der bespielten Fl\u00e4che wider. Erneut findet die VISION in der Paul Horn Halle (Halle 10) sowie der Alfred K\u00e4rcher Halle (Halle 8) statt, die beiden Hallen sind im Vergleich zu 2021 allerdings rund ein Viertel mehr belegt: Auf 25.000 Quadratmetern dreht sich alles um das Thema Bildverarbeitung.\r\n<h3><strong>Hohe Internationalit\u00e4t der Ausstellenden<\/strong><\/h3>\r\nDie hohe internationale Bedeutung der Vision 2022 zeigt sich bereits am internationalen Anteil bei den Ausstellenden: Nachdem 2021 das Verh\u00e4ltnis von nationalen und internationalen AusstellerInnen fast ausgeglichen war, liegt der Auslandsanteil f\u00fcr 2022 aktuell bei 56 Prozent. Die Weltleitmesse entwickelt sich damit wieder in Richtung bekannter Strukturen. Besonders stark vertreten sind in diesem Jahr ausstellende Unternehmen aus den USA, gefolgt von Japan, China, den Niederlanden und der Schweiz. Die positive Stimmung der AusstellerInnen ist deutlich zu vernehmen. So auch bei dem Kamera-Anbieter Vieworks aus S\u00fcdkorea. Janice Lee, Sales Manager bei Vieworks: \u201eWir sind schon mehrere Jahre als Aussteller auf der Vision vertreten. Aufgrund von COVID-19 konnten wir 2021 nicht an der Messe teilnehmen. Umso mehr freuen wir uns, 2022 wieder dabei zu sein und unsere Kunden pers\u00f6nlich hier anzutreffen, unsere Produkte und Technologien zu pr\u00e4sentieren und die neuesten Markttrends kennenzulernen. Die Bildverarbeitungsmesse in Stuttgart hat eine un\u00fcbertroffene internationale Bedeutung.\u201c\r\n<h3><strong>Vision 2022: Trendthemen Bildverarbeitung<\/strong><\/h3>\r\nDie Bildverarbeitung ist auf dem Vormarsch. Neue Trendthemen \u00fcbernehmen das Feld und k\u00fcnstliche Intelligenz ist mittlerweile nicht mehr wegzudenken. So auch in Stuttgart. Angesichts der technischen Entwicklungen ist Florian Niethammer \u00fcberzeugt, dass die Vision f\u00fcr unz\u00e4hlige Anwenderbranchen die passenden L\u00f6sungen bietet: \u201eAuf der Vision 2022 wird es spannend sein, zu sehen, welche neuen M\u00f6glichkeiten das Thema Hyperspectral Imaging bietet, wo es bei den Trendthemen AI und Deep Learning hin geht und welche neuen Entwicklungen im Bereich Embedded Vision und 3D zu sehen sein werden.\u201c\r\n\r\nDie ausstellenden Unternehmen zeigen, welche Chancen Bildverarbeitung f\u00fcr unterschiedliche Branchen bietet \u2013 unter anderem f\u00fcr die Medizin- und Pharmaindustrie, die Nahrungsmittel- und Getr\u00e4nkeindustrie, die Verkehrstechnik und Infrastruktur, den Retail und Einzelhandel, die Automotive- und Zuliefererindustrie, den Maschinen- und Anlagenbau sowie die Logistik. Neben Komponenten werden leistungsstarke Bildverarbeitungssysteme vorgestellt. Unter den Systemanbietern 2022 ist auch das Schweizer Unternehmen <a href=\"https:\/\/www.compar.ch\/\">Compar<\/a> aus Pf\u00e4ffikon SZ vertreten. F\u00fcr Stefan Basig, Marketing &amp; Sales Manager bei Compar, hat die Weltleitmesse eine besondere Bedeutung: \u201eF\u00fcr unsere Branche steht die Bildverarbeitungsmesse f\u00fcr eine klare Vision. An drei Tagen dreht sich alles um Technologietrends, Produkthighlights und Wissenstransfer. Seit mehreren Jahren nutzen wir die Plattform, um unser Wissen im Bereich Machine Vision zu vertiefen. Als Systemintegrator ist es f\u00fcr uns besonders wichtig, potenziellen Kunden raffinierte und kosteneffiziente Systeme vorzustellen und sie bei der Auswahl effizienter L\u00f6sungen aus einem breiten Produktspektrum zu unterst\u00fctzen. Dabei sollen nicht Worte \u00fcberzeugen, sondern die Systeme selbst.\u201c\r\n\r\n<em>Weitere Informationen zur Vision in Stuttgart vom 4. \u2013 6.10.2022 unter: <a href=\"http:\/\/www.vision-messe.de\" data-cke-saved-href=\"http:\/\/www.vision-messe.de\/\">www.vision-messe.de<\/a><\/em>\n<p class=\"syndicated-attribution\">Dieser Beitrag erschien urspr\u00fcnglich auf m-q.ch - <a href=\"https:\/\/www.m-q.ch\/de\/vision-2022-positive-vorzeichen-fuer-die-30-ausgabe\/\" target=\"_blank\">https:\/\/www.m-q.ch\/de\/vision-2022-positive-vorzeichen-fuer-die-30-ausgabe\/<\/a><\/p>","protected":false},"excerpt":{"rendered":"<p>Die Vision 2022, Weltleitmesse f\u00fcr Bildverarbeitung, findet vom 4. bis 6. Oktober 2022 auf der Messe Stuttgart statt. Alle zwei Jahr bildet die Fachmesse das komplette Spektrum der Bildverarbeitungstechnologie ab. F\u00fcr dieses Jahr geben sich die Messeveranstalter optimistisch:\u00a0\u201eDie Bildverarbeitungsindustrie entwickelt sich dynamisch und gewinnt immer mehr an Bedeutung. Die Perspektiven f\u00fcr die Vision 2022 sind [\u2026]<\/p>\n","protected":false},"author":8,"featured_media":0,"comment_status":"closed","ping_status":"closed","sticky":false,"template":"","format":"standard","meta":{"_acf_changed":false,"_yoast_wpseo_focuskw":"Messe Stuttgart","_yoast_wpseo_metadesc":"Nach einer erfolgreichen Messe im vergangenen Jahr kn\u00fcpft das Team der Messe Stuttgart an die positive Stimmung an. Vom 4. bis 6. Oktober 2022 \u00f6ffnet die Vision, die Weltleitmesse f\u00fcr Bildverarbeitung, ihre Tore auf dem Stuttgarter Messegel\u00e4nde.","articlekey":"","footnotes":""},"categories":[582],"tags":[3016,3017,3060,3061],"class_list":["post-15572","post","type-post","status-publish","format-standard","hentry","category-operational-excellence","tag-bildverarbeitung","tag-maschinenindustrie","tag-messe-stuttgart","tag-stuttgarter-messegelaende"],"acf":[],"yoast_head":"<!-- This site is optimized with the Yoast SEO plugin v27.5 - https:\/\/yoast.com\/product\/yoast-seo-wordpress\/ -->\n<title>Vision 2022: Positive Vorzeichen f\u00fcr die 30. Ausgabe - Organisator<\/title>\n<meta name=\"description\" content=\"Nach einer erfolgreichen Messe im vergangenen Jahr kn\u00fcpft das Team der Messe Stuttgart an die positive Stimmung an. Vom 4. bis 6. Oktober 2022 \u00f6ffnet die Vision, die Weltleitmesse f\u00fcr Bildverarbeitung, ihre Tore auf dem Stuttgarter Messegel\u00e4nde.\" \/>\n<meta name=\"robots\" content=\"index, follow, max-snippet:-1, max-image-preview:large, max-video-preview:-1\" \/>\n<link rel=\"canonical\" href=\"https:\/\/www.m-q.ch\/de\/vision-2022-positive-vorzeichen-fuer-die-30-ausgabe\/\" \/>\n<meta property=\"og:locale\" content=\"de_DE\" \/>\n<meta property=\"og:type\" content=\"article\" \/>\n<meta property=\"og:title\" content=\"Vision 2022: Positive Vorzeichen f\u00fcr die 30. Ausgabe - Organisator\" \/>\n<meta property=\"og:description\" content=\"Nach einer erfolgreichen Messe im vergangenen Jahr kn\u00fcpft das Team der Messe Stuttgart an die positive Stimmung an. Vom 4. bis 6. Oktober 2022 \u00f6ffnet die Vision, die Weltleitmesse f\u00fcr Bildverarbeitung, ihre Tore auf dem Stuttgarter Messegel\u00e4nde.\" \/>\n<meta property=\"og:url\" content=\"https:\/\/www.m-q.ch\/de\/vision-2022-positive-vorzeichen-fuer-die-30-ausgabe\/\" \/>\n<meta property=\"og:site_name\" content=\"Organisator\" \/>\n<meta property=\"article:publisher\" content=\"https:\/\/www.facebook.com\/OrganisatorFachmagazin\" \/>\n<meta property=\"article:published_time\" content=\"2022-07-06T04:07:12+00:00\" \/>\n<meta property=\"article:modified_time\" content=\"2022-07-21T10:11:20+00:00\" \/>\n<meta property=\"og:image\" content=\"https:\/\/www.m-q.ch\/wp-content\/uploads\/2022\/07\/Vision-2022-Positive-Vorzeichen-fuer-die-30-Ausgabe_MQ.jpg\" \/>\n<meta name=\"author\" content=\"galledia\" \/>\n<meta name=\"twitter:card\" content=\"summary_large_image\" \/>\n<meta name=\"twitter:creator\" content=\"@admin\" \/>\n<script type=\"application\/ld+json\" class=\"yoast-schema-graph\">{\"@context\":\"https:\\\/\\\/schema.org\",\"@graph\":[{\"@type\":\"Article\",\"@id\":\"https:\\\/\\\/www.m-q.ch\\\/de\\\/vision-2022-positive-vorzeichen-fuer-die-30-ausgabe\\\/#article\",\"isPartOf\":{\"@id\":\"https:\\\/\\\/www.organisator.ch\\\/operational-excellence\\\/2022-07-06\\\/vision-2022-positive-vorzeichen-fuer-die-30-ausgabe\\\/\"},\"author\":{\"name\":\"galledia\",\"@id\":\"https:\\\/\\\/www.organisator.ch\\\/#\\\/schema\\\/person\\\/4e51799071cd2dd1232ac003643ef5f0\"},\"headline\":\"Vision 2022: Positive Vorzeichen f\u00fcr die 30. Ausgabe\",\"datePublished\":\"2022-07-06T04:07:12+00:00\",\"dateModified\":\"2022-07-21T10:11:20+00:00\",\"mainEntityOfPage\":{\"@id\":\"https:\\\/\\\/www.organisator.ch\\\/operational-excellence\\\/2022-07-06\\\/vision-2022-positive-vorzeichen-fuer-die-30-ausgabe\\\/\"},\"wordCount\":774,\"publisher\":{\"@id\":\"https:\\\/\\\/www.organisator.ch\\\/#organization\"},\"image\":{\"@id\":\"https:\\\/\\\/www.m-q.ch\\\/de\\\/vision-2022-positive-vorzeichen-fuer-die-30-ausgabe\\\/#primaryimage\"},\"thumbnailUrl\":\"https:\\\/\\\/www.m-q.ch\\\/wp-content\\\/uploads\\\/2022\\\/07\\\/Vision-2022-Positive-Vorzeichen-fuer-die-30-Ausgabe_MQ.jpg\",\"keywords\":[\"Bildverarbeitung\",\"Maschinenindustrie\",\"Messe Stuttgart\",\"Stuttgarter Messegel\u00e4nde\"],\"articleSection\":[\"OPERATIONAL EXCELLENCE\"],\"inLanguage\":\"de\"},{\"@type\":\"WebPage\",\"@id\":\"https:\\\/\\\/www.organisator.ch\\\/operational-excellence\\\/2022-07-06\\\/vision-2022-positive-vorzeichen-fuer-die-30-ausgabe\\\/\",\"url\":\"https:\\\/\\\/www.m-q.ch\\\/de\\\/vision-2022-positive-vorzeichen-fuer-die-30-ausgabe\\\/\",\"name\":\"Vision 2022: Positive Vorzeichen f\u00fcr die 30. Ausgabe - Organisator\",\"isPartOf\":{\"@id\":\"https:\\\/\\\/www.organisator.ch\\\/#website\"},\"primaryImageOfPage\":{\"@id\":\"https:\\\/\\\/www.m-q.ch\\\/de\\\/vision-2022-positive-vorzeichen-fuer-die-30-ausgabe\\\/#primaryimage\"},\"image\":{\"@id\":\"https:\\\/\\\/www.m-q.ch\\\/de\\\/vision-2022-positive-vorzeichen-fuer-die-30-ausgabe\\\/#primaryimage\"},\"thumbnailUrl\":\"https:\\\/\\\/www.m-q.ch\\\/wp-content\\\/uploads\\\/2022\\\/07\\\/Vision-2022-Positive-Vorzeichen-fuer-die-30-Ausgabe_MQ.jpg\",\"datePublished\":\"2022-07-06T04:07:12+00:00\",\"dateModified\":\"2022-07-21T10:11:20+00:00\",\"description\":\"Nach einer erfolgreichen Messe im vergangenen Jahr kn\u00fcpft das Team der Messe Stuttgart an die positive Stimmung an. Vom 4. bis 6. Oktober 2022 \u00f6ffnet die Vision, die Weltleitmesse f\u00fcr Bildverarbeitung, ihre Tore auf dem Stuttgarter Messegel\u00e4nde.\",\"breadcrumb\":{\"@id\":\"https:\\\/\\\/www.m-q.ch\\\/de\\\/vision-2022-positive-vorzeichen-fuer-die-30-ausgabe\\\/#breadcrumb\"},\"inLanguage\":\"de\",\"potentialAction\":[{\"@type\":\"ReadAction\",\"target\":[\"https:\\\/\\\/www.m-q.ch\\\/de\\\/vision-2022-positive-vorzeichen-fuer-die-30-ausgabe\\\/\"]}]},{\"@type\":\"ImageObject\",\"inLanguage\":\"de\",\"@id\":\"https:\\\/\\\/www.m-q.ch\\\/de\\\/vision-2022-positive-vorzeichen-fuer-die-30-ausgabe\\\/#primaryimage\",\"url\":\"https:\\\/\\\/www.m-q.ch\\\/wp-content\\\/uploads\\\/2022\\\/07\\\/Vision-2022-Positive-Vorzeichen-fuer-die-30-Ausgabe_MQ.jpg\",\"contentUrl\":\"https:\\\/\\\/www.m-q.ch\\\/wp-content\\\/uploads\\\/2022\\\/07\\\/Vision-2022-Positive-Vorzeichen-fuer-die-30-Ausgabe_MQ.jpg\"},{\"@type\":\"BreadcrumbList\",\"@id\":\"https:\\\/\\\/www.m-q.ch\\\/de\\\/vision-2022-positive-vorzeichen-fuer-die-30-ausgabe\\\/#breadcrumb\",\"itemListElement\":[{\"@type\":\"ListItem\",\"position\":1,\"name\":\"Home\",\"item\":\"https:\\\/\\\/www.organisator.ch\\\/\"},{\"@type\":\"ListItem\",\"position\":2,\"name\":\"Vision 2022: Positive Vorzeichen f\u00fcr die 30. Ausgabe\"}]},{\"@type\":\"WebSite\",\"@id\":\"https:\\\/\\\/www.organisator.ch\\\/#website\",\"url\":\"https:\\\/\\\/www.organisator.ch\\\/\",\"name\":\"Organisator\",\"description\":\"Kompetent. Praxisnah. Der ORGANISATOR bereitet in 10 Ausgaben pro Jahr die wesentlichen Themen f\u00fcr F\u00fchrungskr\u00e4fte von KMU auf.\",\"publisher\":{\"@id\":\"https:\\\/\\\/www.organisator.ch\\\/#organization\"},\"potentialAction\":[{\"@type\":\"SearchAction\",\"target\":{\"@type\":\"EntryPoint\",\"urlTemplate\":\"https:\\\/\\\/www.organisator.ch\\\/?s={search_term_string}\"},\"query-input\":{\"@type\":\"PropertyValueSpecification\",\"valueRequired\":true,\"valueName\":\"search_term_string\"}}],\"inLanguage\":\"de\"},{\"@type\":\"Organization\",\"@id\":\"https:\\\/\\\/www.organisator.ch\\\/#organization\",\"name\":\"Organisator\",\"url\":\"https:\\\/\\\/www.organisator.ch\\\/\",\"logo\":{\"@type\":\"ImageObject\",\"inLanguage\":\"de\",\"@id\":\"https:\\\/\\\/www.organisator.ch\\\/#\\\/schema\\\/logo\\\/image\\\/\",\"url\":\"https:\\\/\\\/www.organisator.ch\\\/wp-content\\\/uploads\\\/2022\\\/01\\\/Logo_Organisator_Website.png\",\"contentUrl\":\"https:\\\/\\\/www.organisator.ch\\\/wp-content\\\/uploads\\\/2022\\\/01\\\/Logo_Organisator_Website.png\",\"width\":800,\"height\":77,\"caption\":\"Organisator\"},\"image\":{\"@id\":\"https:\\\/\\\/www.organisator.ch\\\/#\\\/schema\\\/logo\\\/image\\\/\"},\"sameAs\":[\"https:\\\/\\\/www.facebook.com\\\/OrganisatorFachmagazin\",\"https:\\\/\\\/www.linkedin.com\\\/showcase\\\/organisator-das-magazin-fr-kmu\",\"https:\\\/\\\/www.xing.com\\\/news\\\/pages\\\/organisator-ch-695\",\"https:\\\/\\\/www.youtube.com\\\/channel\\\/UCGP2Sq0iWaZwT3BdIAQFYpw\"]},{\"@type\":\"Person\",\"@id\":\"https:\\\/\\\/www.organisator.ch\\\/#\\\/schema\\\/person\\\/4e51799071cd2dd1232ac003643ef5f0\",\"name\":\"galledia\",\"image\":{\"@type\":\"ImageObject\",\"inLanguage\":\"de\",\"@id\":\"https:\\\/\\\/secure.gravatar.com\\\/avatar\\\/78a7f90c01fc2bfc875782a0d4922b37cde2cf184ce347b91316d23cd7f69a36?s=96&d=mm&r=g\",\"url\":\"https:\\\/\\\/secure.gravatar.com\\\/avatar\\\/78a7f90c01fc2bfc875782a0d4922b37cde2cf184ce347b91316d23cd7f69a36?s=96&d=mm&r=g\",\"contentUrl\":\"https:\\\/\\\/secure.gravatar.com\\\/avatar\\\/78a7f90c01fc2bfc875782a0d4922b37cde2cf184ce347b91316d23cd7f69a36?s=96&d=mm&r=g\",\"caption\":\"galledia\"},\"sameAs\":[\"https:\\\/\\\/x.com\\\/admin\"],\"url\":\"https:\\\/\\\/www.organisator.ch\\\/de\\\/author\\\/galledia\\\/\"}]}<\/script>\n<!-- \/ Yoast SEO plugin. -->","yoast_head_json":{"title":"Vision 2022: Positive Vorzeichen f\u00fcr die 30. Ausgabe - Organisator","description":"Nach einer erfolgreichen Messe im vergangenen Jahr kn\u00fcpft das Team der Messe Stuttgart an die positive Stimmung an. Vom 4. bis 6. Oktober 2022 \u00f6ffnet die Vision, die Weltleitmesse f\u00fcr Bildverarbeitung, ihre Tore auf dem Stuttgarter Messegel\u00e4nde.","robots":{"index":"index","follow":"follow","max-snippet":"max-snippet:-1","max-image-preview":"max-image-preview:large","max-video-preview":"max-video-preview:-1"},"canonical":"https:\/\/www.m-q.ch\/de\/vision-2022-positive-vorzeichen-fuer-die-30-ausgabe\/","og_locale":"de_DE","og_type":"article","og_title":"Vision 2022: Positive Vorzeichen f\u00fcr die 30. Ausgabe - Organisator","og_description":"Nach einer erfolgreichen Messe im vergangenen Jahr kn\u00fcpft das Team der Messe Stuttgart an die positive Stimmung an. Vom 4. bis 6. Oktober 2022 \u00f6ffnet die Vision, die Weltleitmesse f\u00fcr Bildverarbeitung, ihre Tore auf dem Stuttgarter Messegel\u00e4nde.","og_url":"https:\/\/www.m-q.ch\/de\/vision-2022-positive-vorzeichen-fuer-die-30-ausgabe\/","og_site_name":"Organisator","article_publisher":"https:\/\/www.facebook.com\/OrganisatorFachmagazin","article_published_time":"2022-07-06T04:07:12+00:00","article_modified_time":"2022-07-21T10:11:20+00:00","og_image":[{"url":"https:\/\/www.m-q.ch\/wp-content\/uploads\/2022\/07\/Vision-2022-Positive-Vorzeichen-fuer-die-30-Ausgabe_MQ.jpg","type":"","width":"","height":""}],"author":"galledia","twitter_card":"summary_large_image","twitter_creator":"@admin","schema":{"@context":"https:\/\/schema.org","@graph":[{"@type":"Article","@id":"https:\/\/www.m-q.ch\/de\/vision-2022-positive-vorzeichen-fuer-die-30-ausgabe\/#article","isPartOf":{"@id":"https:\/\/www.organisator.ch\/operational-excellence\/2022-07-06\/vision-2022-positive-vorzeichen-fuer-die-30-ausgabe\/"},"author":{"name":"galledia","@id":"https:\/\/www.organisator.ch\/#\/schema\/person\/4e51799071cd2dd1232ac003643ef5f0"},"headline":"Vision 2022: Positive Vorzeichen f\u00fcr die 30. Ausgabe","datePublished":"2022-07-06T04:07:12+00:00","dateModified":"2022-07-21T10:11:20+00:00","mainEntityOfPage":{"@id":"https:\/\/www.organisator.ch\/operational-excellence\/2022-07-06\/vision-2022-positive-vorzeichen-fuer-die-30-ausgabe\/"},"wordCount":774,"publisher":{"@id":"https:\/\/www.organisator.ch\/#organization"},"image":{"@id":"https:\/\/www.m-q.ch\/de\/vision-2022-positive-vorzeichen-fuer-die-30-ausgabe\/#primaryimage"},"thumbnailUrl":"https:\/\/www.m-q.ch\/wp-content\/uploads\/2022\/07\/Vision-2022-Positive-Vorzeichen-fuer-die-30-Ausgabe_MQ.jpg","keywords":["Bildverarbeitung","Maschinenindustrie","Messe Stuttgart","Stuttgarter Messegel\u00e4nde"],"articleSection":["OPERATIONAL EXCELLENCE"],"inLanguage":"de"},{"@type":"WebPage","@id":"https:\/\/www.organisator.ch\/operational-excellence\/2022-07-06\/vision-2022-positive-vorzeichen-fuer-die-30-ausgabe\/","url":"https:\/\/www.m-q.ch\/de\/vision-2022-positive-vorzeichen-fuer-die-30-ausgabe\/","name":"Vision 2022: Positive Vorzeichen f\u00fcr die 30. Ausgabe - Organisator","isPartOf":{"@id":"https:\/\/www.organisator.ch\/#website"},"primaryImageOfPage":{"@id":"https:\/\/www.m-q.ch\/de\/vision-2022-positive-vorzeichen-fuer-die-30-ausgabe\/#primaryimage"},"image":{"@id":"https:\/\/www.m-q.ch\/de\/vision-2022-positive-vorzeichen-fuer-die-30-ausgabe\/#primaryimage"},"thumbnailUrl":"https:\/\/www.m-q.ch\/wp-content\/uploads\/2022\/07\/Vision-2022-Positive-Vorzeichen-fuer-die-30-Ausgabe_MQ.jpg","datePublished":"2022-07-06T04:07:12+00:00","dateModified":"2022-07-21T10:11:20+00:00","description":"Nach einer erfolgreichen Messe im vergangenen Jahr kn\u00fcpft das Team der Messe Stuttgart an die positive Stimmung an. Vom 4. bis 6. Oktober 2022 \u00f6ffnet die Vision, die Weltleitmesse f\u00fcr Bildverarbeitung, ihre Tore auf dem Stuttgarter Messegel\u00e4nde.","breadcrumb":{"@id":"https:\/\/www.m-q.ch\/de\/vision-2022-positive-vorzeichen-fuer-die-30-ausgabe\/#breadcrumb"},"inLanguage":"de","potentialAction":[{"@type":"ReadAction","target":["https:\/\/www.m-q.ch\/de\/vision-2022-positive-vorzeichen-fuer-die-30-ausgabe\/"]}]},{"@type":"ImageObject","inLanguage":"de","@id":"https:\/\/www.m-q.ch\/de\/vision-2022-positive-vorzeichen-fuer-die-30-ausgabe\/#primaryimage","url":"https:\/\/www.m-q.ch\/wp-content\/uploads\/2022\/07\/Vision-2022-Positive-Vorzeichen-fuer-die-30-Ausgabe_MQ.jpg","contentUrl":"https:\/\/www.m-q.ch\/wp-content\/uploads\/2022\/07\/Vision-2022-Positive-Vorzeichen-fuer-die-30-Ausgabe_MQ.jpg"},{"@type":"BreadcrumbList","@id":"https:\/\/www.m-q.ch\/de\/vision-2022-positive-vorzeichen-fuer-die-30-ausgabe\/#breadcrumb","itemListElement":[{"@type":"ListItem","position":1,"name":"Home","item":"https:\/\/www.organisator.ch\/"},{"@type":"ListItem","position":2,"name":"Vision 2022: Positive Vorzeichen f\u00fcr die 30. Ausgabe"}]},{"@type":"WebSite","@id":"https:\/\/www.organisator.ch\/#website","url":"https:\/\/www.organisator.ch\/","name":"Organisator","description":"Kompetent. Praxisnah. Der ORGANISATOR bereitet in 10 Ausgaben pro Jahr die wesentlichen Themen f\u00fcr F\u00fchrungskr\u00e4fte von KMU auf.","publisher":{"@id":"https:\/\/www.organisator.ch\/#organization"},"potentialAction":[{"@type":"SearchAction","target":{"@type":"EntryPoint","urlTemplate":"https:\/\/www.organisator.ch\/?s={search_term_string}"},"query-input":{"@type":"PropertyValueSpecification","valueRequired":true,"valueName":"search_term_string"}}],"inLanguage":"de"},{"@type":"Organization","@id":"https:\/\/www.organisator.ch\/#organization","name":"Organisator","url":"https:\/\/www.organisator.ch\/","logo":{"@type":"ImageObject","inLanguage":"de","@id":"https:\/\/www.organisator.ch\/#\/schema\/logo\/image\/","url":"https:\/\/www.organisator.ch\/wp-content\/uploads\/2022\/01\/Logo_Organisator_Website.png","contentUrl":"https:\/\/www.organisator.ch\/wp-content\/uploads\/2022\/01\/Logo_Organisator_Website.png","width":800,"height":77,"caption":"Organisator"},"image":{"@id":"https:\/\/www.organisator.ch\/#\/schema\/logo\/image\/"},"sameAs":["https:\/\/www.facebook.com\/OrganisatorFachmagazin","https:\/\/www.linkedin.com\/showcase\/organisator-das-magazin-fr-kmu","https:\/\/www.xing.com\/news\/pages\/organisator-ch-695","https:\/\/www.youtube.com\/channel\/UCGP2Sq0iWaZwT3BdIAQFYpw"]},{"@type":"Person","@id":"https:\/\/www.organisator.ch\/#\/schema\/person\/4e51799071cd2dd1232ac003643ef5f0","name":"galledia","image":{"@type":"ImageObject","inLanguage":"de","@id":"https:\/\/secure.gravatar.com\/avatar\/78a7f90c01fc2bfc875782a0d4922b37cde2cf184ce347b91316d23cd7f69a36?s=96&d=mm&r=g","url":"https:\/\/secure.gravatar.com\/avatar\/78a7f90c01fc2bfc875782a0d4922b37cde2cf184ce347b91316d23cd7f69a36?s=96&d=mm&r=g","contentUrl":"https:\/\/secure.gravatar.com\/avatar\/78a7f90c01fc2bfc875782a0d4922b37cde2cf184ce347b91316d23cd7f69a36?s=96&d=mm&r=g","caption":"galledia"},"sameAs":["https:\/\/x.com\/admin"],"url":"https:\/\/www.organisator.ch\/de\/author\/galledia\/"}]}},"_links":{"self":[{"href":"https:\/\/www.organisator.ch\/de\/wp-json\/wp\/v2\/posts\/15572","targetHints":{"allow":["GET"]}}],"collection":[{"href":"https:\/\/www.organisator.ch\/de\/wp-json\/wp\/v2\/posts"}],"about":[{"href":"https:\/\/www.organisator.ch\/de\/wp-json\/wp\/v2\/types\/post"}],"author":[{"embeddable":true,"href":"https:\/\/www.organisator.ch\/de\/wp-json\/wp\/v2\/users\/8"}],"replies":[{"embeddable":true,"href":"https:\/\/www.organisator.ch\/de\/wp-json\/wp\/v2\/comments?post=15572"}],"version-history":[{"count":3,"href":"https:\/\/www.organisator.ch\/de\/wp-json\/wp\/v2\/posts\/15572\/revisions"}],"predecessor-version":[{"id":15734,"href":"https:\/\/www.organisator.ch\/de\/wp-json\/wp\/v2\/posts\/15572\/revisions\/15734"}],"wp:attachment":[{"href":"https:\/\/www.organisator.ch\/de\/wp-json\/wp\/v2\/media?parent=15572"}],"wp:term":[{"taxonomy":"category","embeddable":true,"href":"https:\/\/www.organisator.ch\/de\/wp-json\/wp\/v2\/categories?post=15572"},{"taxonomy":"post_tag","embeddable":true,"href":"https:\/\/www.organisator.ch\/de\/wp-json\/wp\/v2\/tags?post=15572"}],"curies":[{"name":"wp","href":"https:\/\/api.w.org\/{rel}","templated":true}]}}