{"id":15584,"date":"2022-07-07T09:22:43","date_gmt":"2022-07-07T07:22:43","guid":{"rendered":"https:\/\/www.organisator.ch\/?p=15584"},"modified":"2022-07-28T08:11:19","modified_gmt":"2022-07-28T06:11:19","slug":"rekordjahr-fuer-bike-to-work-80000-fahren-22-mio-kilometer","status":"publish","type":"post","link":"https:\/\/www.organisator.ch\/de\/sustainability\/2022-07-07\/rekordjahr-fuer-bike-to-work-80000-fahren-22-mio-kilometer\/","title":{"rendered":"Rekordjahr f\u00fcr bike to work: 80&#8217;000 fahren 22 Mio. Kilometer!"},"content":{"rendered":"<figure id=\"attachment_15586\" aria-describedby=\"caption-attachment-15586\" style=\"width: 680px\" class=\"wp-caption alignnone\"><img loading=\"lazy\" decoding=\"async\" class=\"size-full wp-image-15586\" src=\"https:\/\/www.organisator.ch\/wp-content\/uploads\/2022\/07\/Rekordjahr-fuer-bike-to-work-80000-fahren-22-Mio-Kilometer_Organisator.jpg\" alt=\"\" width=\"680\" height=\"453\" srcset=\"https:\/\/www.organisator.ch\/wp-content\/uploads\/2022\/07\/Rekordjahr-fuer-bike-to-work-80000-fahren-22-Mio-Kilometer_Organisator.jpg 680w, https:\/\/www.organisator.ch\/wp-content\/uploads\/2022\/07\/Rekordjahr-fuer-bike-to-work-80000-fahren-22-Mio-Kilometer_Organisator-18x12.jpg 18w, https:\/\/www.organisator.ch\/wp-content\/uploads\/2022\/07\/Rekordjahr-fuer-bike-to-work-80000-fahren-22-Mio-Kilometer_Organisator-263x175.jpg 263w, https:\/\/www.organisator.ch\/wp-content\/uploads\/2022\/07\/Rekordjahr-fuer-bike-to-work-80000-fahren-22-Mio-Kilometer_Organisator-525x350.jpg 525w, https:\/\/www.organisator.ch\/wp-content\/uploads\/2022\/07\/Rekordjahr-fuer-bike-to-work-80000-fahren-22-Mio-Kilometer_Organisator-300x200.jpg 300w\" sizes=\"auto, (max-width: 680px) 100vw, 680px\" \/><figcaption id=\"caption-attachment-15586\" class=\"wp-caption-text\">Anhaltender Veloboom: \u00dcber 80&#8217;000 Arbeitnehmende legten 2022 \u00fcber 22 Millionen Kilometer per Velo zur\u00fcck. (Bild: Unsplash.com)<\/figcaption><\/figure>\n<p>Der Veloboom h\u00e4lt an: 21823 Teams aus insgesamt 2829 Firmen haben zusammen 22\u2018184\u2018698 Kilometer per Velo zur\u00fcckgelegt. Das entspricht einer CO<sub>2<\/sub>-\u00c4quivalenz von 3\u2018195 Tonnen\u00a0 bei einer Berechnungsgrundlage von 144g\/km CO<sub>2<\/sub>-Ausstoss. Diese Entwicklung erfreut nat\u00fcrlich Mai Poffet, Projektleiterin von bike to work: \u00abF\u00fcr viele Mitarbeitende ist die Teilnahme bei bike to work eine erfrischende Abwechslung im Arbeitsalltag und bringt Schwung ins Team. Der diesj\u00e4hrige Erfolg beruht auf vielen Faktoren, wobei der Wichtigste bestimmt das \u201eNach-Corona-Gef\u00fchl\u201c ist. Die Mitarbeitenden kehren in die B\u00fcros zur\u00fcck, die Betriebe wollen die Teams st\u00e4rken und ihren Mitarbeitenden etwas bieten. So nutzen viele Betriebe die Aktion, um den Teamspirit und die Aufbruchstimmung zu st\u00e4rken.\u00bb<\/p>\n<h3>Auch Google machte bei bike to work mit<\/h3>\n<p>Auch Unternehmen haben den Wert des Velos erkannt und f\u00f6rdern dies aktiv. Patrick Warnking, Country Director Google Schweiz: \u00abVelo und \u00d6V sind f\u00fcr Google Schweiz die Pr\u00e4ferenz bei den Verkehrsmitteln. Uns ist wichtig, dass sich unsere Mitarbeitenden schnell und sicher mit dem Velo zur Arbeit, aber auch zwischen unseren Standorten in Z\u00fcrich hin und her fahren k\u00f6nnen. Wir f\u00f6rdern das Velo aktiv und hier in Z\u00fcrich bieten wir unseren Mitarbeitenden \u00fcber 1500 moderne Veloabstellpl\u00e4tze. Zudem begr\u00fcssen wir den Ausbau des Velonetzes und der Infrastruktur, die essentiell f\u00fcr eine nachhaltige Mikromobilit\u00e4t sind. Und wir investieren in Innovation zu Velo Informationen und Routen in Google Maps.\u00bb<\/p>\n<h3>Aktion f\u00fcr Gesundheitsf\u00f6rderung in Unternehmen<\/h3>\n<p>Bei der 18. Durchf\u00fchrung von bike to work nahmen 28% der Teilnehmenden mit einem E-Bike teil. Im Jahr 2019 waren es noch 19%. Das E-Bike wird f\u00fcr Berufspendler*innen immer attraktiver und ersetzt ineffiziente und umweltsch\u00e4dliche Autofahrten.<\/p>\n<p>Die bike to work Challenge ist eine nationale Aktion von Pro Velo Schweiz zur Velo- und Gesundheitsf\u00f6rderung in Unternehmen. Sie findet jeweils im Mai und Juni statt und erh\u00e4lt Unterst\u00fctzung von Veloplus, SUVA und Panter. Nebst zahlreichen KMU nehmen bei bike to work auch Grosskonzerne teil. Zu gewinnen gibt es Preise im Gesamtwert von \u00fcber CHF 120\u2019000.\u2013.<\/p>\n<h3><strong>Top-3-Betriebe nach Anzahl Teilnehmenden<\/strong><\/h3>\n<ol>\n<li>Migros-Gruppe: 1447 Teilnehmende<\/li>\n<li>Insel Gruppe: 1059 Teilnehmende<\/li>\n<li>Die Schweizerische Post: 960 Teilnehmende<\/li>\n<\/ol>\n<p>Die \u00dcbersicht \u00fcber alle Top-10-Betriebe <a href=\"https:\/\/www.organisator.ch\/wp-content\/uploads\/2022\/07\/Top10_bike_to_work_2022.pdf\">gibt es hier<\/a>.<\/p>\n<p><em>Quelle und weitere Informationen: <a href=\"https:\/\/pro-velo.us12.list-manage.com\/track\/click?u=5e1ce0f2058c644a1250e58ca&amp;id=b19ec87d69&amp;e=0825f3e74f\">Pro Velo Schweiz<\/a><\/em><\/p>\n","protected":false},"excerpt":{"rendered":"<p>Der Veloboom h\u00e4lt an: 21823 Teams aus insgesamt 2829 Firmen haben zusammen 22\u2018184\u2018698 Kilometer per Velo zur\u00fcckgelegt. Das entspricht einer CO2-\u00c4quivalenz von 3\u2018195 Tonnen\u00a0 bei einer Berechnungsgrundlage von 144g\/km CO2-Ausstoss. Diese Entwicklung erfreut nat\u00fcrlich Mai Poffet, Projektleiterin von bike to work: \u00abF\u00fcr viele Mitarbeitende ist die Teilnahme bei bike to work eine erfrischende Abwechslung im [&hellip;]<\/p>\n","protected":false},"author":4,"featured_media":15586,"comment_status":"closed","ping_status":"closed","sticky":false,"template":"","format":"standard","meta":{"_acf_changed":false,"_yoast_wpseo_focuskw":"bike to work","_yoast_wpseo_metadesc":"Der Veloboom h\u00e4lt an: Die 18. Auflage der bike to work Challenge verzeichnet ein Wachstum von 30% gegen\u00fcber dem Vorjahr.","articlekey":"","footnotes":""},"categories":[580],"tags":[77,81,208,358],"class_list":["post-15584","post","type-post","status-publish","format-standard","has-post-thumbnail","hentry","category-sustainability","tag-betriebliches-gesundheitsmanagement","tag-bike-to-work","tag-fit-im-job","tag-nachhaltige-wirtschaft"],"acf":[],"yoast_head":"<!-- This site is optimized with the Yoast SEO plugin v27.4 - https:\/\/yoast.com\/product\/yoast-seo-wordpress\/ -->\n<title>Rekordjahr f\u00fcr bike to work: 80&#039;000 fahren 22 Mio. Kilometer! - Organisator<\/title>\n<meta name=\"description\" content=\"Der Veloboom h\u00e4lt an: Die 18. Auflage der bike to work Challenge verzeichnet ein Wachstum von 30% gegen\u00fcber dem Vorjahr.\" \/>\n<meta name=\"robots\" content=\"index, follow, max-snippet:-1, max-image-preview:large, max-video-preview:-1\" \/>\n<link rel=\"canonical\" href=\"https:\/\/www.organisator.ch\/de\/sustainability\/2022-07-07\/rekordjahr-fuer-bike-to-work-80000-fahren-22-mio-kilometer\/\" \/>\n<meta property=\"og:locale\" content=\"de_DE\" \/>\n<meta property=\"og:type\" content=\"article\" \/>\n<meta property=\"og:title\" content=\"Rekordjahr f\u00fcr bike to work: 80&#039;000 fahren 22 Mio. Kilometer!\" \/>\n<meta property=\"og:description\" content=\"Der Veloboom h\u00e4lt an: Die 18. Auflage der bike to work Challenge verzeichnet ein Wachstum von 30% gegen\u00fcber dem Vorjahr.\" \/>\n<meta property=\"og:url\" content=\"https:\/\/www.organisator.ch\/de\/sustainability\/2022-07-07\/rekordjahr-fuer-bike-to-work-80000-fahren-22-mio-kilometer\/\" \/>\n<meta property=\"og:site_name\" content=\"Organisator\" \/>\n<meta property=\"article:publisher\" content=\"https:\/\/www.facebook.com\/OrganisatorFachmagazin\" \/>\n<meta property=\"article:published_time\" content=\"2022-07-07T07:22:43+00:00\" \/>\n<meta property=\"article:modified_time\" content=\"2022-07-28T06:11:19+00:00\" \/>\n<meta property=\"og:image\" content=\"https:\/\/www.organisator.ch\/wp-content\/uploads\/2022\/07\/Rekordjahr-fuer-bike-to-work-80000-fahren-22-Mio-Kilometer_Organisator.jpg\" \/>\n\t<meta property=\"og:image:width\" content=\"680\" \/>\n\t<meta property=\"og:image:height\" content=\"453\" \/>\n\t<meta property=\"og:image:type\" content=\"image\/jpeg\" \/>\n<meta name=\"author\" content=\"thomas.berner\" \/>\n<meta name=\"twitter:card\" content=\"summary_large_image\" \/>\n<meta name=\"twitter:title\" content=\"#Rekordjahr f\u00fcr bike to work: 80&#039;000 fahren 22 Mio. Kilometer!\" \/>\n<meta name=\"twitter:description\" content=\"Der #Veloboom h\u00e4lt an: Die 18. Auflage der bike to work Challenge verzeichnet ein Wachstum von 30% gegen\u00fcber dem Vorjahr.\" \/>\n<meta name=\"twitter:image\" content=\"https:\/\/www.organisator.ch\/wp-content\/uploads\/2022\/07\/Rekordjahr-fuer-bike-to-work-80000-fahren-22-Mio-Kilometer_Organisator.jpg\" \/>\n<script type=\"application\/ld+json\" class=\"yoast-schema-graph\">{\"@context\":\"https:\\\/\\\/schema.org\",\"@graph\":[{\"@type\":\"Article\",\"@id\":\"https:\\\/\\\/www.organisator.ch\\\/sustainability\\\/2022-07-07\\\/rekordjahr-fuer-bike-to-work-80000-fahren-22-mio-kilometer\\\/#article\",\"isPartOf\":{\"@id\":\"https:\\\/\\\/www.organisator.ch\\\/sustainability\\\/2022-07-07\\\/rekordjahr-fuer-bike-to-work-80000-fahren-22-mio-kilometer\\\/\"},\"author\":{\"name\":\"thomas.berner\",\"@id\":\"https:\\\/\\\/www.organisator.ch\\\/#\\\/schema\\\/person\\\/6f650f90b2842cd4c0cc334b4e36f67e\"},\"headline\":\"Rekordjahr f\u00fcr bike to work: 80&#8217;000 fahren 22 Mio. Kilometer!\",\"datePublished\":\"2022-07-07T07:22:43+00:00\",\"dateModified\":\"2022-07-28T06:11:19+00:00\",\"mainEntityOfPage\":{\"@id\":\"https:\\\/\\\/www.organisator.ch\\\/sustainability\\\/2022-07-07\\\/rekordjahr-fuer-bike-to-work-80000-fahren-22-mio-kilometer\\\/\"},\"wordCount\":402,\"publisher\":{\"@id\":\"https:\\\/\\\/www.organisator.ch\\\/#organization\"},\"image\":{\"@id\":\"https:\\\/\\\/www.organisator.ch\\\/sustainability\\\/2022-07-07\\\/rekordjahr-fuer-bike-to-work-80000-fahren-22-mio-kilometer\\\/#primaryimage\"},\"thumbnailUrl\":\"https:\\\/\\\/www.organisator.ch\\\/wp-content\\\/uploads\\\/2022\\\/07\\\/Rekordjahr-fuer-bike-to-work-80000-fahren-22-Mio-Kilometer_Organisator.jpg\",\"keywords\":[\"Betriebliches Gesundheitsmanagement\",\"Bike to Work\",\"Fit im Job\",\"Nachhaltige Wirtschaft\"],\"articleSection\":[\"SUSTAINABILITY\"],\"inLanguage\":\"de\"},{\"@type\":\"WebPage\",\"@id\":\"https:\\\/\\\/www.organisator.ch\\\/sustainability\\\/2022-07-07\\\/rekordjahr-fuer-bike-to-work-80000-fahren-22-mio-kilometer\\\/\",\"url\":\"https:\\\/\\\/www.organisator.ch\\\/sustainability\\\/2022-07-07\\\/rekordjahr-fuer-bike-to-work-80000-fahren-22-mio-kilometer\\\/\",\"name\":\"Rekordjahr f\u00fcr bike to work: 80'000 fahren 22 Mio. Kilometer! - Organisator\",\"isPartOf\":{\"@id\":\"https:\\\/\\\/www.organisator.ch\\\/#website\"},\"primaryImageOfPage\":{\"@id\":\"https:\\\/\\\/www.organisator.ch\\\/sustainability\\\/2022-07-07\\\/rekordjahr-fuer-bike-to-work-80000-fahren-22-mio-kilometer\\\/#primaryimage\"},\"image\":{\"@id\":\"https:\\\/\\\/www.organisator.ch\\\/sustainability\\\/2022-07-07\\\/rekordjahr-fuer-bike-to-work-80000-fahren-22-mio-kilometer\\\/#primaryimage\"},\"thumbnailUrl\":\"https:\\\/\\\/www.organisator.ch\\\/wp-content\\\/uploads\\\/2022\\\/07\\\/Rekordjahr-fuer-bike-to-work-80000-fahren-22-Mio-Kilometer_Organisator.jpg\",\"datePublished\":\"2022-07-07T07:22:43+00:00\",\"dateModified\":\"2022-07-28T06:11:19+00:00\",\"description\":\"Der Veloboom h\u00e4lt an: Die 18. Auflage der bike to work Challenge verzeichnet ein Wachstum von 30% gegen\u00fcber dem Vorjahr.\",\"breadcrumb\":{\"@id\":\"https:\\\/\\\/www.organisator.ch\\\/sustainability\\\/2022-07-07\\\/rekordjahr-fuer-bike-to-work-80000-fahren-22-mio-kilometer\\\/#breadcrumb\"},\"inLanguage\":\"de\",\"potentialAction\":[{\"@type\":\"ReadAction\",\"target\":[\"https:\\\/\\\/www.organisator.ch\\\/sustainability\\\/2022-07-07\\\/rekordjahr-fuer-bike-to-work-80000-fahren-22-mio-kilometer\\\/\"]}]},{\"@type\":\"ImageObject\",\"inLanguage\":\"de\",\"@id\":\"https:\\\/\\\/www.organisator.ch\\\/sustainability\\\/2022-07-07\\\/rekordjahr-fuer-bike-to-work-80000-fahren-22-mio-kilometer\\\/#primaryimage\",\"url\":\"https:\\\/\\\/www.organisator.ch\\\/wp-content\\\/uploads\\\/2022\\\/07\\\/Rekordjahr-fuer-bike-to-work-80000-fahren-22-Mio-Kilometer_Organisator.jpg\",\"contentUrl\":\"https:\\\/\\\/www.organisator.ch\\\/wp-content\\\/uploads\\\/2022\\\/07\\\/Rekordjahr-fuer-bike-to-work-80000-fahren-22-Mio-Kilometer_Organisator.jpg\",\"width\":680,\"height\":453,\"caption\":\"Anhaltender Veloboom: Die Aktion bike to work verzeichnete ein Rekordjahr. (Bild: Unsplash.com)\"},{\"@type\":\"BreadcrumbList\",\"@id\":\"https:\\\/\\\/www.organisator.ch\\\/sustainability\\\/2022-07-07\\\/rekordjahr-fuer-bike-to-work-80000-fahren-22-mio-kilometer\\\/#breadcrumb\",\"itemListElement\":[{\"@type\":\"ListItem\",\"position\":1,\"name\":\"Home\",\"item\":\"https:\\\/\\\/www.organisator.ch\\\/\"},{\"@type\":\"ListItem\",\"position\":2,\"name\":\"Rekordjahr f\u00fcr bike to work: 80&#8217;000 fahren 22 Mio. Kilometer!\"}]},{\"@type\":\"WebSite\",\"@id\":\"https:\\\/\\\/www.organisator.ch\\\/#website\",\"url\":\"https:\\\/\\\/www.organisator.ch\\\/\",\"name\":\"Organisator\",\"description\":\"Kompetent. Praxisnah. Der ORGANISATOR bereitet in 10 Ausgaben pro Jahr die wesentlichen Themen f\u00fcr F\u00fchrungskr\u00e4fte von KMU auf.\",\"publisher\":{\"@id\":\"https:\\\/\\\/www.organisator.ch\\\/#organization\"},\"potentialAction\":[{\"@type\":\"SearchAction\",\"target\":{\"@type\":\"EntryPoint\",\"urlTemplate\":\"https:\\\/\\\/www.organisator.ch\\\/?s={search_term_string}\"},\"query-input\":{\"@type\":\"PropertyValueSpecification\",\"valueRequired\":true,\"valueName\":\"search_term_string\"}}],\"inLanguage\":\"de\"},{\"@type\":\"Organization\",\"@id\":\"https:\\\/\\\/www.organisator.ch\\\/#organization\",\"name\":\"Organisator\",\"url\":\"https:\\\/\\\/www.organisator.ch\\\/\",\"logo\":{\"@type\":\"ImageObject\",\"inLanguage\":\"de\",\"@id\":\"https:\\\/\\\/www.organisator.ch\\\/#\\\/schema\\\/logo\\\/image\\\/\",\"url\":\"https:\\\/\\\/www.organisator.ch\\\/wp-content\\\/uploads\\\/2022\\\/01\\\/Logo_Organisator_Website.png\",\"contentUrl\":\"https:\\\/\\\/www.organisator.ch\\\/wp-content\\\/uploads\\\/2022\\\/01\\\/Logo_Organisator_Website.png\",\"width\":800,\"height\":77,\"caption\":\"Organisator\"},\"image\":{\"@id\":\"https:\\\/\\\/www.organisator.ch\\\/#\\\/schema\\\/logo\\\/image\\\/\"},\"sameAs\":[\"https:\\\/\\\/www.facebook.com\\\/OrganisatorFachmagazin\",\"https:\\\/\\\/www.linkedin.com\\\/showcase\\\/organisator-das-magazin-fr-kmu\",\"https:\\\/\\\/www.xing.com\\\/news\\\/pages\\\/organisator-ch-695\",\"https:\\\/\\\/www.youtube.com\\\/channel\\\/UCGP2Sq0iWaZwT3BdIAQFYpw\"]},{\"@type\":\"Person\",\"@id\":\"https:\\\/\\\/www.organisator.ch\\\/#\\\/schema\\\/person\\\/6f650f90b2842cd4c0cc334b4e36f67e\",\"name\":\"thomas.berner\",\"image\":{\"@type\":\"ImageObject\",\"inLanguage\":\"de\",\"@id\":\"https:\\\/\\\/secure.gravatar.com\\\/avatar\\\/ac5001d2a36cb6c6cd3e50789007ffca834b477b74a2144564522e944eabff61?s=96&d=mm&r=g\",\"url\":\"https:\\\/\\\/secure.gravatar.com\\\/avatar\\\/ac5001d2a36cb6c6cd3e50789007ffca834b477b74a2144564522e944eabff61?s=96&d=mm&r=g\",\"contentUrl\":\"https:\\\/\\\/secure.gravatar.com\\\/avatar\\\/ac5001d2a36cb6c6cd3e50789007ffca834b477b74a2144564522e944eabff61?s=96&d=mm&r=g\",\"caption\":\"thomas.berner\"},\"url\":\"https:\\\/\\\/www.organisator.ch\\\/de\\\/author\\\/thomas-berner\\\/\"}]}<\/script>\n<!-- \/ Yoast SEO plugin. -->","yoast_head_json":{"title":"Rekordjahr f\u00fcr bike to work: 80'000 fahren 22 Mio. Kilometer! - Organisator","description":"Der Veloboom h\u00e4lt an: Die 18. Auflage der bike to work Challenge verzeichnet ein Wachstum von 30% gegen\u00fcber dem Vorjahr.","robots":{"index":"index","follow":"follow","max-snippet":"max-snippet:-1","max-image-preview":"max-image-preview:large","max-video-preview":"max-video-preview:-1"},"canonical":"https:\/\/www.organisator.ch\/de\/sustainability\/2022-07-07\/rekordjahr-fuer-bike-to-work-80000-fahren-22-mio-kilometer\/","og_locale":"de_DE","og_type":"article","og_title":"Rekordjahr f\u00fcr bike to work: 80'000 fahren 22 Mio. Kilometer!","og_description":"Der Veloboom h\u00e4lt an: Die 18. Auflage der bike to work Challenge verzeichnet ein Wachstum von 30% gegen\u00fcber dem Vorjahr.","og_url":"https:\/\/www.organisator.ch\/de\/sustainability\/2022-07-07\/rekordjahr-fuer-bike-to-work-80000-fahren-22-mio-kilometer\/","og_site_name":"Organisator","article_publisher":"https:\/\/www.facebook.com\/OrganisatorFachmagazin","article_published_time":"2022-07-07T07:22:43+00:00","article_modified_time":"2022-07-28T06:11:19+00:00","og_image":[{"width":680,"height":453,"url":"https:\/\/www.organisator.ch\/wp-content\/uploads\/2022\/07\/Rekordjahr-fuer-bike-to-work-80000-fahren-22-Mio-Kilometer_Organisator.jpg","type":"image\/jpeg"}],"author":"thomas.berner","twitter_card":"summary_large_image","twitter_title":"#Rekordjahr f\u00fcr bike to work: 80'000 fahren 22 Mio. Kilometer!","twitter_description":"Der #Veloboom h\u00e4lt an: Die 18. Auflage der bike to work Challenge verzeichnet ein Wachstum von 30% gegen\u00fcber dem Vorjahr.","twitter_image":"https:\/\/www.organisator.ch\/wp-content\/uploads\/2022\/07\/Rekordjahr-fuer-bike-to-work-80000-fahren-22-Mio-Kilometer_Organisator.jpg","schema":{"@context":"https:\/\/schema.org","@graph":[{"@type":"Article","@id":"https:\/\/www.organisator.ch\/sustainability\/2022-07-07\/rekordjahr-fuer-bike-to-work-80000-fahren-22-mio-kilometer\/#article","isPartOf":{"@id":"https:\/\/www.organisator.ch\/sustainability\/2022-07-07\/rekordjahr-fuer-bike-to-work-80000-fahren-22-mio-kilometer\/"},"author":{"name":"thomas.berner","@id":"https:\/\/www.organisator.ch\/#\/schema\/person\/6f650f90b2842cd4c0cc334b4e36f67e"},"headline":"Rekordjahr f\u00fcr bike to work: 80&#8217;000 fahren 22 Mio. Kilometer!","datePublished":"2022-07-07T07:22:43+00:00","dateModified":"2022-07-28T06:11:19+00:00","mainEntityOfPage":{"@id":"https:\/\/www.organisator.ch\/sustainability\/2022-07-07\/rekordjahr-fuer-bike-to-work-80000-fahren-22-mio-kilometer\/"},"wordCount":402,"publisher":{"@id":"https:\/\/www.organisator.ch\/#organization"},"image":{"@id":"https:\/\/www.organisator.ch\/sustainability\/2022-07-07\/rekordjahr-fuer-bike-to-work-80000-fahren-22-mio-kilometer\/#primaryimage"},"thumbnailUrl":"https:\/\/www.organisator.ch\/wp-content\/uploads\/2022\/07\/Rekordjahr-fuer-bike-to-work-80000-fahren-22-Mio-Kilometer_Organisator.jpg","keywords":["Betriebliches Gesundheitsmanagement","Bike to Work","Fit im Job","Nachhaltige Wirtschaft"],"articleSection":["SUSTAINABILITY"],"inLanguage":"de"},{"@type":"WebPage","@id":"https:\/\/www.organisator.ch\/sustainability\/2022-07-07\/rekordjahr-fuer-bike-to-work-80000-fahren-22-mio-kilometer\/","url":"https:\/\/www.organisator.ch\/sustainability\/2022-07-07\/rekordjahr-fuer-bike-to-work-80000-fahren-22-mio-kilometer\/","name":"Rekordjahr f\u00fcr bike to work: 80'000 fahren 22 Mio. Kilometer! - Organisator","isPartOf":{"@id":"https:\/\/www.organisator.ch\/#website"},"primaryImageOfPage":{"@id":"https:\/\/www.organisator.ch\/sustainability\/2022-07-07\/rekordjahr-fuer-bike-to-work-80000-fahren-22-mio-kilometer\/#primaryimage"},"image":{"@id":"https:\/\/www.organisator.ch\/sustainability\/2022-07-07\/rekordjahr-fuer-bike-to-work-80000-fahren-22-mio-kilometer\/#primaryimage"},"thumbnailUrl":"https:\/\/www.organisator.ch\/wp-content\/uploads\/2022\/07\/Rekordjahr-fuer-bike-to-work-80000-fahren-22-Mio-Kilometer_Organisator.jpg","datePublished":"2022-07-07T07:22:43+00:00","dateModified":"2022-07-28T06:11:19+00:00","description":"Der Veloboom h\u00e4lt an: Die 18. Auflage der bike to work Challenge verzeichnet ein Wachstum von 30% gegen\u00fcber dem Vorjahr.","breadcrumb":{"@id":"https:\/\/www.organisator.ch\/sustainability\/2022-07-07\/rekordjahr-fuer-bike-to-work-80000-fahren-22-mio-kilometer\/#breadcrumb"},"inLanguage":"de","potentialAction":[{"@type":"ReadAction","target":["https:\/\/www.organisator.ch\/sustainability\/2022-07-07\/rekordjahr-fuer-bike-to-work-80000-fahren-22-mio-kilometer\/"]}]},{"@type":"ImageObject","inLanguage":"de","@id":"https:\/\/www.organisator.ch\/sustainability\/2022-07-07\/rekordjahr-fuer-bike-to-work-80000-fahren-22-mio-kilometer\/#primaryimage","url":"https:\/\/www.organisator.ch\/wp-content\/uploads\/2022\/07\/Rekordjahr-fuer-bike-to-work-80000-fahren-22-Mio-Kilometer_Organisator.jpg","contentUrl":"https:\/\/www.organisator.ch\/wp-content\/uploads\/2022\/07\/Rekordjahr-fuer-bike-to-work-80000-fahren-22-Mio-Kilometer_Organisator.jpg","width":680,"height":453,"caption":"Anhaltender Veloboom: Die Aktion bike to work verzeichnete ein Rekordjahr. (Bild: Unsplash.com)"},{"@type":"BreadcrumbList","@id":"https:\/\/www.organisator.ch\/sustainability\/2022-07-07\/rekordjahr-fuer-bike-to-work-80000-fahren-22-mio-kilometer\/#breadcrumb","itemListElement":[{"@type":"ListItem","position":1,"name":"Home","item":"https:\/\/www.organisator.ch\/"},{"@type":"ListItem","position":2,"name":"Rekordjahr f\u00fcr bike to work: 80&#8217;000 fahren 22 Mio. Kilometer!"}]},{"@type":"WebSite","@id":"https:\/\/www.organisator.ch\/#website","url":"https:\/\/www.organisator.ch\/","name":"Organisator","description":"Kompetent. Praxisnah. Der ORGANISATOR bereitet in 10 Ausgaben pro Jahr die wesentlichen Themen f\u00fcr F\u00fchrungskr\u00e4fte von KMU auf.","publisher":{"@id":"https:\/\/www.organisator.ch\/#organization"},"potentialAction":[{"@type":"SearchAction","target":{"@type":"EntryPoint","urlTemplate":"https:\/\/www.organisator.ch\/?s={search_term_string}"},"query-input":{"@type":"PropertyValueSpecification","valueRequired":true,"valueName":"search_term_string"}}],"inLanguage":"de"},{"@type":"Organization","@id":"https:\/\/www.organisator.ch\/#organization","name":"Organisator","url":"https:\/\/www.organisator.ch\/","logo":{"@type":"ImageObject","inLanguage":"de","@id":"https:\/\/www.organisator.ch\/#\/schema\/logo\/image\/","url":"https:\/\/www.organisator.ch\/wp-content\/uploads\/2022\/01\/Logo_Organisator_Website.png","contentUrl":"https:\/\/www.organisator.ch\/wp-content\/uploads\/2022\/01\/Logo_Organisator_Website.png","width":800,"height":77,"caption":"Organisator"},"image":{"@id":"https:\/\/www.organisator.ch\/#\/schema\/logo\/image\/"},"sameAs":["https:\/\/www.facebook.com\/OrganisatorFachmagazin","https:\/\/www.linkedin.com\/showcase\/organisator-das-magazin-fr-kmu","https:\/\/www.xing.com\/news\/pages\/organisator-ch-695","https:\/\/www.youtube.com\/channel\/UCGP2Sq0iWaZwT3BdIAQFYpw"]},{"@type":"Person","@id":"https:\/\/www.organisator.ch\/#\/schema\/person\/6f650f90b2842cd4c0cc334b4e36f67e","name":"thomas.berner","image":{"@type":"ImageObject","inLanguage":"de","@id":"https:\/\/secure.gravatar.com\/avatar\/ac5001d2a36cb6c6cd3e50789007ffca834b477b74a2144564522e944eabff61?s=96&d=mm&r=g","url":"https:\/\/secure.gravatar.com\/avatar\/ac5001d2a36cb6c6cd3e50789007ffca834b477b74a2144564522e944eabff61?s=96&d=mm&r=g","contentUrl":"https:\/\/secure.gravatar.com\/avatar\/ac5001d2a36cb6c6cd3e50789007ffca834b477b74a2144564522e944eabff61?s=96&d=mm&r=g","caption":"thomas.berner"},"url":"https:\/\/www.organisator.ch\/de\/author\/thomas-berner\/"}]}},"_links":{"self":[{"href":"https:\/\/www.organisator.ch\/de\/wp-json\/wp\/v2\/posts\/15584","targetHints":{"allow":["GET"]}}],"collection":[{"href":"https:\/\/www.organisator.ch\/de\/wp-json\/wp\/v2\/posts"}],"about":[{"href":"https:\/\/www.organisator.ch\/de\/wp-json\/wp\/v2\/types\/post"}],"author":[{"embeddable":true,"href":"https:\/\/www.organisator.ch\/de\/wp-json\/wp\/v2\/users\/4"}],"replies":[{"embeddable":true,"href":"https:\/\/www.organisator.ch\/de\/wp-json\/wp\/v2\/comments?post=15584"}],"version-history":[{"count":6,"href":"https:\/\/www.organisator.ch\/de\/wp-json\/wp\/v2\/posts\/15584\/revisions"}],"predecessor-version":[{"id":15891,"href":"https:\/\/www.organisator.ch\/de\/wp-json\/wp\/v2\/posts\/15584\/revisions\/15891"}],"wp:featuredmedia":[{"embeddable":true,"href":"https:\/\/www.organisator.ch\/de\/wp-json\/wp\/v2\/media\/15586"}],"wp:attachment":[{"href":"https:\/\/www.organisator.ch\/de\/wp-json\/wp\/v2\/media?parent=15584"}],"wp:term":[{"taxonomy":"category","embeddable":true,"href":"https:\/\/www.organisator.ch\/de\/wp-json\/wp\/v2\/categories?post=15584"},{"taxonomy":"post_tag","embeddable":true,"href":"https:\/\/www.organisator.ch\/de\/wp-json\/wp\/v2\/tags?post=15584"}],"curies":[{"name":"wp","href":"https:\/\/api.w.org\/{rel}","templated":true}]}}