{"id":15593,"date":"2022-07-07T14:48:18","date_gmt":"2022-07-07T12:48:18","guid":{"rendered":"https:\/\/www.organisator.ch\/?p=15593"},"modified":"2022-07-07T09:58:59","modified_gmt":"2022-07-07T07:58:59","slug":"schweizer-geschaeftsreisen-nehmen-kontinuierlich-zu","status":"publish","type":"post","link":"https:\/\/www.organisator.ch\/de\/allgemein\/2022-07-07\/schweizer-geschaeftsreisen-nehmen-kontinuierlich-zu\/","title":{"rendered":"Schweizer Gesch\u00e4ftsreisen nehmen kontinuierlich zu"},"content":{"rendered":"<figure id=\"attachment_15594\" aria-describedby=\"caption-attachment-15594\" style=\"width: 680px\" class=\"wp-caption alignnone\"><img loading=\"lazy\" decoding=\"async\" class=\"size-full wp-image-15594\" src=\"https:\/\/www.organisator.ch\/wp-content\/uploads\/2022\/07\/Schweizer-Geschaeftsreisen-nehmen-kontinuierlich-zu_Organisator.jpg\" alt=\"\" width=\"680\" height=\"435\" srcset=\"https:\/\/www.organisator.ch\/wp-content\/uploads\/2022\/07\/Schweizer-Geschaeftsreisen-nehmen-kontinuierlich-zu_Organisator.jpg 680w, https:\/\/www.organisator.ch\/wp-content\/uploads\/2022\/07\/Schweizer-Geschaeftsreisen-nehmen-kontinuierlich-zu_Organisator-18x12.jpg 18w, https:\/\/www.organisator.ch\/wp-content\/uploads\/2022\/07\/Schweizer-Geschaeftsreisen-nehmen-kontinuierlich-zu_Organisator-274x175.jpg 274w, https:\/\/www.organisator.ch\/wp-content\/uploads\/2022\/07\/Schweizer-Geschaeftsreisen-nehmen-kontinuierlich-zu_Organisator-547x350.jpg 547w, https:\/\/www.organisator.ch\/wp-content\/uploads\/2022\/07\/Schweizer-Geschaeftsreisen-nehmen-kontinuierlich-zu_Organisator-300x192.jpg 300w\" sizes=\"auto, (max-width: 680px) 100vw, 680px\" \/><figcaption id=\"caption-attachment-15594\" class=\"wp-caption-text\">Schweizer Gesch\u00e4ftsreisen nehmen wieder zu, und nicht nur dies: Unternehmen lassen sich Fliegen etwas kosten. (Bild: Airplus International \/ Pixabay.com)<\/figcaption><\/figure>\n<p>Pers\u00f6nliche Treffen und berufliches Networking kamen zu Beginn der Corona-Pandemie quasi zum Stillstand. Doch gem\u00e4ss einer Umfrage des Corporate-Payment-Spezialisten AirPlus International unter 111 Topmanagern in Deutschland sind 84 Prozent der Befragten der Meinung, dass insbesondere diese pers\u00f6nlichen Treffen unerl\u00e4sslich sind, um Gesch\u00e4ftsbeziehungen und gegenseitiges Vertrauen aufzubauen. Dies gilt nicht nur in unserem n\u00f6rdlichen Nachbarland: \u00abDiese Haltung sehen wir ganz deutlich in der Schweiz\u00bb, best\u00e4tigt auch Andy Stehrenberger, Gesch\u00e4ftsf\u00fchrer von AirPlus International in der Schweiz. Auch bei Verhandlungen (von 76 Prozent genannt), Anl\u00e4ssen mit emotionalen Kommunikationsinhalten (73 Prozent), Besprechungen vertraulicher und sensibler Inhalte (71 Prozent), Kundenakquise und -bindung, Messebesuchen und Branchentreffen (jeweils 70 Prozent) sowie strategischen internen Meetings (56 Prozent) bevorzugt die Mehrheit der Befragten eine pers\u00f6nliche Begegnung. Anl\u00e4sse wie der Austausch von Wissen oder die Zusammenarbeit in Projektteams k\u00f6nnen aus Sicht der Befragten dagegen k\u00fcnftig weiter virtuell stattfinden.<\/p>\n<h3>Schweizer Gesch\u00e4ftsreisen nehmen seit Jahresbeginn deutlich zu<\/h3>\n<p>In der Schweiz nehmen die Zahlen der \u00fcber AirPlus abgewickelten Transaktionen f\u00fcr Flugtickets seit Jahresbeginn kontinuierlich zu, wie der AirPlus Business Travel Index aufzeigt. Nach einer kurzen Stagnation im April wurden im Mai 2022 knapp drei Mal so viele Fl\u00fcge \u00fcber AirPlus verbucht als im Januar. Mit dem anziehenden Reisegesch\u00e4ft schmilzt auch der Abstand zum Vorkrisenjahr 2019 von Monat zu Monat. Im Monat Mai 2022 lag das Abrechnungsvolumen in der Schweiz lediglich noch um 15.1 Prozent unter dem Niveau von Mai 2019.<\/p>\n<p>Auffallend ist, dass sich die Schweizer Unternehmen das Reisen im laufenden Jahr etwas kosten lassen und ihre Mitarbeitenden vermehrt in der Business Class reisen lassen. Auf Interkontinentalfl\u00fcgen erh\u00f6hte sich der Anteil der Business-Class-Fl\u00fcge von Januar bis Mai 2022 gegen\u00fcber dem Vor-Corona-Jahr 2019 um 2.3 Prozentpunkte auf 50.5 Prozent und auf Europa-Strecken um 1.9 Prozentpunkte auf 5.2 Prozent. Am auff\u00e4lligsten ist diese Entwicklung auf den Schweizer Inlandstrecken: Hier erh\u00f6hte sich der Business-Class-Anteil in den f\u00fcnf ersten Monaten 2022 um 18.8 Prozentpunkte auf 26.4 Prozent (Jan-Mai 2019: 7.6 Prozent).<\/p>\n<h3>Schweizerinnen und Schweizer l\u00e4nger auf Gesch\u00e4ftsreise<\/h3>\n<p>W\u00e4hrend der durchschnittliche Vorausbuchungszeitraum im Fr\u00fchjahr 2022 lediglich bei den Interkontinentalfl\u00fcgen abnahm \u2013 von 34.2 Tagen in 2019 auf 31 Tage in 2022 \u2013, zeigen sich zum Teil klare Verschiebungen bei der Dauer der Reisen. Von Januar bis Mai 2022 dauerten Interkontinentalreisen im Schnitt 12.5 Tage (2019: 10.3 Tage), Europareisen 4.6 Tage (2019: 3.7 Tage) und gesch\u00e4ftliche Reisen in der Schweiz erh\u00f6hten sich markant auf durchschnittlich 18.5 Tage (2019: 3.4 Tage). \u00abHier zeigen sich die heutigen M\u00f6glichkeiten und die Akzeptanz gegen\u00fcber \u2039remote work\u203a deutlich\u00bb, sagt Andy Stehrenberger. \u00abAnstelle mehrmals innerhalb der Schweiz von A nach B zu reisen, werden Reisen zusammengelegt oder der Arbeitsplatz gleich f\u00fcr einen l\u00e4ngeren Zeitraum verlegt. Diese Tatsache zeugt auch von einem \u00f6kologischen Umdenken\u00bb, sagt Stehrenberger.<\/p>\n<p>Dass das Thema nachhaltige Gesch\u00e4ftsreisen hohe Wichtigkeit in den Unternehmen geniesst, belegen auch die Resultate der AirPlus-Umfrage in Deutschland. Fast alle der befragten Unternehmen geben an, dass sie das Thema auf der Agenda haben. Zu den wichtigsten Massnahmen geh\u00f6rt u.a. die B\u00fcndelung der Gesch\u00e4ftstermine in weniger h\u00e4ufigen, daf\u00fcr l\u00e4ngeren Reisen (von 60 Prozent genannt) \u2013 einzig die Auswahl m\u00f6glichst umweltfreundlicher Reisemittel wurde noch h\u00e4ufiger (64 Prozent) genannt.<\/p>\n","protected":false},"excerpt":{"rendered":"<p>Pers\u00f6nliche Treffen und berufliches Networking kamen zu Beginn der Corona-Pandemie quasi zum Stillstand. Doch gem\u00e4ss einer Umfrage des Corporate-Payment-Spezialisten AirPlus International unter 111 Topmanagern in Deutschland sind 84 Prozent der Befragten der Meinung, dass insbesondere diese pers\u00f6nlichen Treffen unerl\u00e4sslich sind, um Gesch\u00e4ftsbeziehungen und gegenseitiges Vertrauen aufzubauen. Dies gilt nicht nur in unserem n\u00f6rdlichen Nachbarland: \u00abDiese [&hellip;]<\/p>\n","protected":false},"author":4,"featured_media":15594,"comment_status":"closed","ping_status":"closed","sticky":false,"template":"","format":"standard","meta":{"_acf_changed":false,"_yoast_wpseo_focuskw":"Schweizer Gesch\u00e4ftsreisen","_yoast_wpseo_metadesc":"Schweizer Gesch\u00e4ftsreisen nehmen zu. Es zeigt sich auch ein leichter Trend zu teureren Buchungsklassen sowie einer l\u00e4ngeren Reisedauer.","articlekey":"","footnotes":""},"categories":[1],"tags":[107,487],"class_list":["post-15593","post","type-post","status-publish","format-standard","has-post-thumbnail","hentry","category-allgemein","tag-business-travel","tag-umfrage"],"acf":[],"yoast_head":"<!-- This site is optimized with the Yoast SEO plugin v27.4 - https:\/\/yoast.com\/product\/yoast-seo-wordpress\/ -->\n<title>Schweizer Gesch\u00e4ftsreisen nehmen kontinuierlich zu - Organisator<\/title>\n<meta name=\"description\" content=\"Schweizer Gesch\u00e4ftsreisen nehmen zu. Es zeigt sich auch ein leichter Trend zu teureren Buchungsklassen sowie einer l\u00e4ngeren Reisedauer.\" \/>\n<meta name=\"robots\" content=\"index, follow, max-snippet:-1, max-image-preview:large, max-video-preview:-1\" \/>\n<link rel=\"canonical\" href=\"https:\/\/www.organisator.ch\/de\/allgemein\/2022-07-07\/schweizer-geschaeftsreisen-nehmen-kontinuierlich-zu\/\" \/>\n<meta property=\"og:locale\" content=\"de_DE\" \/>\n<meta property=\"og:type\" content=\"article\" \/>\n<meta property=\"og:title\" content=\"Schweizer Gesch\u00e4ftsreisen nehmen kontinuierlich zu\" \/>\n<meta property=\"og:description\" content=\"Schweizer Gesch\u00e4ftsreisen nehmen zu. Es zeigt sich auch ein leichter Trend zu teureren Buchungsklassen sowie einer l\u00e4ngeren Reisedauer.\" \/>\n<meta property=\"og:url\" content=\"https:\/\/www.organisator.ch\/de\/allgemein\/2022-07-07\/schweizer-geschaeftsreisen-nehmen-kontinuierlich-zu\/\" \/>\n<meta property=\"og:site_name\" content=\"Organisator\" \/>\n<meta property=\"article:publisher\" content=\"https:\/\/www.facebook.com\/OrganisatorFachmagazin\" \/>\n<meta property=\"article:published_time\" content=\"2022-07-07T12:48:18+00:00\" \/>\n<meta property=\"og:image\" content=\"https:\/\/www.organisator.ch\/wp-content\/uploads\/2022\/07\/Schweizer-Geschaeftsreisen-nehmen-kontinuierlich-zu_Organisator.jpg\" \/>\n\t<meta property=\"og:image:width\" content=\"680\" \/>\n\t<meta property=\"og:image:height\" content=\"435\" \/>\n\t<meta property=\"og:image:type\" content=\"image\/jpeg\" \/>\n<meta name=\"author\" content=\"thomas.berner\" \/>\n<meta name=\"twitter:card\" content=\"summary_large_image\" \/>\n<meta name=\"twitter:title\" content=\"Schweizer #Gesch\u00e4ftsreisen nehmen kontinuierlich zu\" \/>\n<meta name=\"twitter:description\" content=\"Schweizer #Gesch\u00e4ftsreisen nehmen zu. Es zeigt sich auch ein leichter Trend zu teureren #Buchungsklassen sowie einer l\u00e4ngeren #Reisedauer.\" \/>\n<meta name=\"twitter:image\" content=\"https:\/\/www.organisator.ch\/wp-content\/uploads\/2022\/07\/Schweizer-Geschaeftsreisen-nehmen-kontinuierlich-zu_Organisator.jpg\" \/>\n<script type=\"application\/ld+json\" class=\"yoast-schema-graph\">{\"@context\":\"https:\\\/\\\/schema.org\",\"@graph\":[{\"@type\":\"Article\",\"@id\":\"https:\\\/\\\/www.organisator.ch\\\/en\\\/general\\\/2022-07-07\\\/swiss-business-travel-take-continuously-to\\\/#article\",\"isPartOf\":{\"@id\":\"https:\\\/\\\/www.organisator.ch\\\/en\\\/general\\\/2022-07-07\\\/swiss-business-travel-take-continuously-to\\\/\"},\"author\":{\"name\":\"thomas.berner\",\"@id\":\"https:\\\/\\\/www.organisator.ch\\\/#\\\/schema\\\/person\\\/6f650f90b2842cd4c0cc334b4e36f67e\"},\"headline\":\"Schweizer Gesch\u00e4ftsreisen nehmen kontinuierlich zu\",\"datePublished\":\"2022-07-07T12:48:18+00:00\",\"mainEntityOfPage\":{\"@id\":\"https:\\\/\\\/www.organisator.ch\\\/en\\\/general\\\/2022-07-07\\\/swiss-business-travel-take-continuously-to\\\/\"},\"wordCount\":544,\"publisher\":{\"@id\":\"https:\\\/\\\/www.organisator.ch\\\/#organization\"},\"image\":{\"@id\":\"https:\\\/\\\/www.organisator.ch\\\/en\\\/general\\\/2022-07-07\\\/swiss-business-travel-take-continuously-to\\\/#primaryimage\"},\"thumbnailUrl\":\"https:\\\/\\\/www.organisator.ch\\\/wp-content\\\/uploads\\\/2022\\\/07\\\/Schweizer-Geschaeftsreisen-nehmen-kontinuierlich-zu_Organisator.jpg\",\"keywords\":[\"Business Travel\",\"Umfrage\"],\"inLanguage\":\"de\"},{\"@type\":\"WebPage\",\"@id\":\"https:\\\/\\\/www.organisator.ch\\\/en\\\/general\\\/2022-07-07\\\/swiss-business-travel-take-continuously-to\\\/\",\"url\":\"https:\\\/\\\/www.organisator.ch\\\/en\\\/general\\\/2022-07-07\\\/swiss-business-travel-take-continuously-to\\\/\",\"name\":\"Schweizer Gesch\u00e4ftsreisen nehmen kontinuierlich zu - Organisator\",\"isPartOf\":{\"@id\":\"https:\\\/\\\/www.organisator.ch\\\/#website\"},\"primaryImageOfPage\":{\"@id\":\"https:\\\/\\\/www.organisator.ch\\\/en\\\/general\\\/2022-07-07\\\/swiss-business-travel-take-continuously-to\\\/#primaryimage\"},\"image\":{\"@id\":\"https:\\\/\\\/www.organisator.ch\\\/en\\\/general\\\/2022-07-07\\\/swiss-business-travel-take-continuously-to\\\/#primaryimage\"},\"thumbnailUrl\":\"https:\\\/\\\/www.organisator.ch\\\/wp-content\\\/uploads\\\/2022\\\/07\\\/Schweizer-Geschaeftsreisen-nehmen-kontinuierlich-zu_Organisator.jpg\",\"datePublished\":\"2022-07-07T12:48:18+00:00\",\"description\":\"Schweizer Gesch\u00e4ftsreisen nehmen zu. Es zeigt sich auch ein leichter Trend zu teureren Buchungsklassen sowie einer l\u00e4ngeren Reisedauer.\",\"breadcrumb\":{\"@id\":\"https:\\\/\\\/www.organisator.ch\\\/en\\\/general\\\/2022-07-07\\\/swiss-business-travel-take-continuously-to\\\/#breadcrumb\"},\"inLanguage\":\"de\",\"potentialAction\":[{\"@type\":\"ReadAction\",\"target\":[\"https:\\\/\\\/www.organisator.ch\\\/en\\\/general\\\/2022-07-07\\\/swiss-business-travel-take-continuously-to\\\/\"]}]},{\"@type\":\"ImageObject\",\"inLanguage\":\"de\",\"@id\":\"https:\\\/\\\/www.organisator.ch\\\/en\\\/general\\\/2022-07-07\\\/swiss-business-travel-take-continuously-to\\\/#primaryimage\",\"url\":\"https:\\\/\\\/www.organisator.ch\\\/wp-content\\\/uploads\\\/2022\\\/07\\\/Schweizer-Geschaeftsreisen-nehmen-kontinuierlich-zu_Organisator.jpg\",\"contentUrl\":\"https:\\\/\\\/www.organisator.ch\\\/wp-content\\\/uploads\\\/2022\\\/07\\\/Schweizer-Geschaeftsreisen-nehmen-kontinuierlich-zu_Organisator.jpg\",\"width\":680,\"height\":435,\"caption\":\"Schweizer Gesch\u00e4ftsreisen nehmen wieder zu, und nicht nur dies: Unternehmen lassen sich Fliegen etwas kosten. (Bild: Airplus International \\\/ Pixabay.com)\"},{\"@type\":\"BreadcrumbList\",\"@id\":\"https:\\\/\\\/www.organisator.ch\\\/en\\\/general\\\/2022-07-07\\\/swiss-business-travel-take-continuously-to\\\/#breadcrumb\",\"itemListElement\":[{\"@type\":\"ListItem\",\"position\":1,\"name\":\"Home\",\"item\":\"https:\\\/\\\/www.organisator.ch\\\/\"},{\"@type\":\"ListItem\",\"position\":2,\"name\":\"Schweizer Gesch\u00e4ftsreisen nehmen kontinuierlich zu\"}]},{\"@type\":\"WebSite\",\"@id\":\"https:\\\/\\\/www.organisator.ch\\\/#website\",\"url\":\"https:\\\/\\\/www.organisator.ch\\\/\",\"name\":\"Organisator\",\"description\":\"Kompetent. Praxisnah. Der ORGANISATOR bereitet in 10 Ausgaben pro Jahr die wesentlichen Themen f\u00fcr F\u00fchrungskr\u00e4fte von KMU auf.\",\"publisher\":{\"@id\":\"https:\\\/\\\/www.organisator.ch\\\/#organization\"},\"potentialAction\":[{\"@type\":\"SearchAction\",\"target\":{\"@type\":\"EntryPoint\",\"urlTemplate\":\"https:\\\/\\\/www.organisator.ch\\\/?s={search_term_string}\"},\"query-input\":{\"@type\":\"PropertyValueSpecification\",\"valueRequired\":true,\"valueName\":\"search_term_string\"}}],\"inLanguage\":\"de\"},{\"@type\":\"Organization\",\"@id\":\"https:\\\/\\\/www.organisator.ch\\\/#organization\",\"name\":\"Organisator\",\"url\":\"https:\\\/\\\/www.organisator.ch\\\/\",\"logo\":{\"@type\":\"ImageObject\",\"inLanguage\":\"de\",\"@id\":\"https:\\\/\\\/www.organisator.ch\\\/#\\\/schema\\\/logo\\\/image\\\/\",\"url\":\"https:\\\/\\\/www.organisator.ch\\\/wp-content\\\/uploads\\\/2022\\\/01\\\/Logo_Organisator_Website.png\",\"contentUrl\":\"https:\\\/\\\/www.organisator.ch\\\/wp-content\\\/uploads\\\/2022\\\/01\\\/Logo_Organisator_Website.png\",\"width\":800,\"height\":77,\"caption\":\"Organisator\"},\"image\":{\"@id\":\"https:\\\/\\\/www.organisator.ch\\\/#\\\/schema\\\/logo\\\/image\\\/\"},\"sameAs\":[\"https:\\\/\\\/www.facebook.com\\\/OrganisatorFachmagazin\",\"https:\\\/\\\/www.linkedin.com\\\/showcase\\\/organisator-das-magazin-fr-kmu\",\"https:\\\/\\\/www.xing.com\\\/news\\\/pages\\\/organisator-ch-695\",\"https:\\\/\\\/www.youtube.com\\\/channel\\\/UCGP2Sq0iWaZwT3BdIAQFYpw\"]},{\"@type\":\"Person\",\"@id\":\"https:\\\/\\\/www.organisator.ch\\\/#\\\/schema\\\/person\\\/6f650f90b2842cd4c0cc334b4e36f67e\",\"name\":\"thomas.berner\",\"image\":{\"@type\":\"ImageObject\",\"inLanguage\":\"de\",\"@id\":\"https:\\\/\\\/secure.gravatar.com\\\/avatar\\\/ac5001d2a36cb6c6cd3e50789007ffca834b477b74a2144564522e944eabff61?s=96&d=mm&r=g\",\"url\":\"https:\\\/\\\/secure.gravatar.com\\\/avatar\\\/ac5001d2a36cb6c6cd3e50789007ffca834b477b74a2144564522e944eabff61?s=96&d=mm&r=g\",\"contentUrl\":\"https:\\\/\\\/secure.gravatar.com\\\/avatar\\\/ac5001d2a36cb6c6cd3e50789007ffca834b477b74a2144564522e944eabff61?s=96&d=mm&r=g\",\"caption\":\"thomas.berner\"},\"url\":\"https:\\\/\\\/www.organisator.ch\\\/de\\\/author\\\/thomas-berner\\\/\"}]}<\/script>\n<!-- \/ Yoast SEO plugin. -->","yoast_head_json":{"title":"Schweizer Gesch\u00e4ftsreisen nehmen kontinuierlich zu - Organisator","description":"Schweizer Gesch\u00e4ftsreisen nehmen zu. Es zeigt sich auch ein leichter Trend zu teureren Buchungsklassen sowie einer l\u00e4ngeren Reisedauer.","robots":{"index":"index","follow":"follow","max-snippet":"max-snippet:-1","max-image-preview":"max-image-preview:large","max-video-preview":"max-video-preview:-1"},"canonical":"https:\/\/www.organisator.ch\/de\/allgemein\/2022-07-07\/schweizer-geschaeftsreisen-nehmen-kontinuierlich-zu\/","og_locale":"de_DE","og_type":"article","og_title":"Schweizer Gesch\u00e4ftsreisen nehmen kontinuierlich zu","og_description":"Schweizer Gesch\u00e4ftsreisen nehmen zu. Es zeigt sich auch ein leichter Trend zu teureren Buchungsklassen sowie einer l\u00e4ngeren Reisedauer.","og_url":"https:\/\/www.organisator.ch\/de\/allgemein\/2022-07-07\/schweizer-geschaeftsreisen-nehmen-kontinuierlich-zu\/","og_site_name":"Organisator","article_publisher":"https:\/\/www.facebook.com\/OrganisatorFachmagazin","article_published_time":"2022-07-07T12:48:18+00:00","og_image":[{"width":680,"height":435,"url":"https:\/\/www.organisator.ch\/wp-content\/uploads\/2022\/07\/Schweizer-Geschaeftsreisen-nehmen-kontinuierlich-zu_Organisator.jpg","type":"image\/jpeg"}],"author":"thomas.berner","twitter_card":"summary_large_image","twitter_title":"Schweizer #Gesch\u00e4ftsreisen nehmen kontinuierlich zu","twitter_description":"Schweizer #Gesch\u00e4ftsreisen nehmen zu. Es zeigt sich auch ein leichter Trend zu teureren #Buchungsklassen sowie einer l\u00e4ngeren #Reisedauer.","twitter_image":"https:\/\/www.organisator.ch\/wp-content\/uploads\/2022\/07\/Schweizer-Geschaeftsreisen-nehmen-kontinuierlich-zu_Organisator.jpg","schema":{"@context":"https:\/\/schema.org","@graph":[{"@type":"Article","@id":"https:\/\/www.organisator.ch\/en\/general\/2022-07-07\/swiss-business-travel-take-continuously-to\/#article","isPartOf":{"@id":"https:\/\/www.organisator.ch\/en\/general\/2022-07-07\/swiss-business-travel-take-continuously-to\/"},"author":{"name":"thomas.berner","@id":"https:\/\/www.organisator.ch\/#\/schema\/person\/6f650f90b2842cd4c0cc334b4e36f67e"},"headline":"Schweizer Gesch\u00e4ftsreisen nehmen kontinuierlich zu","datePublished":"2022-07-07T12:48:18+00:00","mainEntityOfPage":{"@id":"https:\/\/www.organisator.ch\/en\/general\/2022-07-07\/swiss-business-travel-take-continuously-to\/"},"wordCount":544,"publisher":{"@id":"https:\/\/www.organisator.ch\/#organization"},"image":{"@id":"https:\/\/www.organisator.ch\/en\/general\/2022-07-07\/swiss-business-travel-take-continuously-to\/#primaryimage"},"thumbnailUrl":"https:\/\/www.organisator.ch\/wp-content\/uploads\/2022\/07\/Schweizer-Geschaeftsreisen-nehmen-kontinuierlich-zu_Organisator.jpg","keywords":["Business Travel","Umfrage"],"inLanguage":"de"},{"@type":"WebPage","@id":"https:\/\/www.organisator.ch\/en\/general\/2022-07-07\/swiss-business-travel-take-continuously-to\/","url":"https:\/\/www.organisator.ch\/en\/general\/2022-07-07\/swiss-business-travel-take-continuously-to\/","name":"Schweizer Gesch\u00e4ftsreisen nehmen kontinuierlich zu - Organisator","isPartOf":{"@id":"https:\/\/www.organisator.ch\/#website"},"primaryImageOfPage":{"@id":"https:\/\/www.organisator.ch\/en\/general\/2022-07-07\/swiss-business-travel-take-continuously-to\/#primaryimage"},"image":{"@id":"https:\/\/www.organisator.ch\/en\/general\/2022-07-07\/swiss-business-travel-take-continuously-to\/#primaryimage"},"thumbnailUrl":"https:\/\/www.organisator.ch\/wp-content\/uploads\/2022\/07\/Schweizer-Geschaeftsreisen-nehmen-kontinuierlich-zu_Organisator.jpg","datePublished":"2022-07-07T12:48:18+00:00","description":"Schweizer Gesch\u00e4ftsreisen nehmen zu. Es zeigt sich auch ein leichter Trend zu teureren Buchungsklassen sowie einer l\u00e4ngeren Reisedauer.","breadcrumb":{"@id":"https:\/\/www.organisator.ch\/en\/general\/2022-07-07\/swiss-business-travel-take-continuously-to\/#breadcrumb"},"inLanguage":"de","potentialAction":[{"@type":"ReadAction","target":["https:\/\/www.organisator.ch\/en\/general\/2022-07-07\/swiss-business-travel-take-continuously-to\/"]}]},{"@type":"ImageObject","inLanguage":"de","@id":"https:\/\/www.organisator.ch\/en\/general\/2022-07-07\/swiss-business-travel-take-continuously-to\/#primaryimage","url":"https:\/\/www.organisator.ch\/wp-content\/uploads\/2022\/07\/Schweizer-Geschaeftsreisen-nehmen-kontinuierlich-zu_Organisator.jpg","contentUrl":"https:\/\/www.organisator.ch\/wp-content\/uploads\/2022\/07\/Schweizer-Geschaeftsreisen-nehmen-kontinuierlich-zu_Organisator.jpg","width":680,"height":435,"caption":"Schweizer Gesch\u00e4ftsreisen nehmen wieder zu, und nicht nur dies: Unternehmen lassen sich Fliegen etwas kosten. (Bild: Airplus International \/ Pixabay.com)"},{"@type":"BreadcrumbList","@id":"https:\/\/www.organisator.ch\/en\/general\/2022-07-07\/swiss-business-travel-take-continuously-to\/#breadcrumb","itemListElement":[{"@type":"ListItem","position":1,"name":"Home","item":"https:\/\/www.organisator.ch\/"},{"@type":"ListItem","position":2,"name":"Schweizer Gesch\u00e4ftsreisen nehmen kontinuierlich zu"}]},{"@type":"WebSite","@id":"https:\/\/www.organisator.ch\/#website","url":"https:\/\/www.organisator.ch\/","name":"Organisator","description":"Kompetent. Praxisnah. Der ORGANISATOR bereitet in 10 Ausgaben pro Jahr die wesentlichen Themen f\u00fcr F\u00fchrungskr\u00e4fte von KMU auf.","publisher":{"@id":"https:\/\/www.organisator.ch\/#organization"},"potentialAction":[{"@type":"SearchAction","target":{"@type":"EntryPoint","urlTemplate":"https:\/\/www.organisator.ch\/?s={search_term_string}"},"query-input":{"@type":"PropertyValueSpecification","valueRequired":true,"valueName":"search_term_string"}}],"inLanguage":"de"},{"@type":"Organization","@id":"https:\/\/www.organisator.ch\/#organization","name":"Organisator","url":"https:\/\/www.organisator.ch\/","logo":{"@type":"ImageObject","inLanguage":"de","@id":"https:\/\/www.organisator.ch\/#\/schema\/logo\/image\/","url":"https:\/\/www.organisator.ch\/wp-content\/uploads\/2022\/01\/Logo_Organisator_Website.png","contentUrl":"https:\/\/www.organisator.ch\/wp-content\/uploads\/2022\/01\/Logo_Organisator_Website.png","width":800,"height":77,"caption":"Organisator"},"image":{"@id":"https:\/\/www.organisator.ch\/#\/schema\/logo\/image\/"},"sameAs":["https:\/\/www.facebook.com\/OrganisatorFachmagazin","https:\/\/www.linkedin.com\/showcase\/organisator-das-magazin-fr-kmu","https:\/\/www.xing.com\/news\/pages\/organisator-ch-695","https:\/\/www.youtube.com\/channel\/UCGP2Sq0iWaZwT3BdIAQFYpw"]},{"@type":"Person","@id":"https:\/\/www.organisator.ch\/#\/schema\/person\/6f650f90b2842cd4c0cc334b4e36f67e","name":"thomas.berner","image":{"@type":"ImageObject","inLanguage":"de","@id":"https:\/\/secure.gravatar.com\/avatar\/ac5001d2a36cb6c6cd3e50789007ffca834b477b74a2144564522e944eabff61?s=96&d=mm&r=g","url":"https:\/\/secure.gravatar.com\/avatar\/ac5001d2a36cb6c6cd3e50789007ffca834b477b74a2144564522e944eabff61?s=96&d=mm&r=g","contentUrl":"https:\/\/secure.gravatar.com\/avatar\/ac5001d2a36cb6c6cd3e50789007ffca834b477b74a2144564522e944eabff61?s=96&d=mm&r=g","caption":"thomas.berner"},"url":"https:\/\/www.organisator.ch\/de\/author\/thomas-berner\/"}]}},"_links":{"self":[{"href":"https:\/\/www.organisator.ch\/de\/wp-json\/wp\/v2\/posts\/15593","targetHints":{"allow":["GET"]}}],"collection":[{"href":"https:\/\/www.organisator.ch\/de\/wp-json\/wp\/v2\/posts"}],"about":[{"href":"https:\/\/www.organisator.ch\/de\/wp-json\/wp\/v2\/types\/post"}],"author":[{"embeddable":true,"href":"https:\/\/www.organisator.ch\/de\/wp-json\/wp\/v2\/users\/4"}],"replies":[{"embeddable":true,"href":"https:\/\/www.organisator.ch\/de\/wp-json\/wp\/v2\/comments?post=15593"}],"version-history":[{"count":1,"href":"https:\/\/www.organisator.ch\/de\/wp-json\/wp\/v2\/posts\/15593\/revisions"}],"predecessor-version":[{"id":15596,"href":"https:\/\/www.organisator.ch\/de\/wp-json\/wp\/v2\/posts\/15593\/revisions\/15596"}],"wp:featuredmedia":[{"embeddable":true,"href":"https:\/\/www.organisator.ch\/de\/wp-json\/wp\/v2\/media\/15594"}],"wp:attachment":[{"href":"https:\/\/www.organisator.ch\/de\/wp-json\/wp\/v2\/media?parent=15593"}],"wp:term":[{"taxonomy":"category","embeddable":true,"href":"https:\/\/www.organisator.ch\/de\/wp-json\/wp\/v2\/categories?post=15593"},{"taxonomy":"post_tag","embeddable":true,"href":"https:\/\/www.organisator.ch\/de\/wp-json\/wp\/v2\/tags?post=15593"}],"curies":[{"name":"wp","href":"https:\/\/api.w.org\/{rel}","templated":true}]}}