{"id":15599,"date":"2022-07-07T12:13:28","date_gmt":"2022-07-07T10:13:28","guid":{"rendered":"https:\/\/www.werbewoche.ch\/?p=183113"},"modified":"2022-07-21T12:36:02","modified_gmt":"2022-07-21T10:36:02","slug":"brinkertlueck-realisiert-biologisch-abbaubaren-showroom-fuer-muntagnard","status":"publish","type":"post","link":"https:\/\/www.organisator.ch\/de\/marketing\/2022-07-07\/brinkertlueck-realisiert-biologisch-abbaubaren-showroom-fuer-muntagnard\/","title":{"rendered":"Brinkertl\u00fcck realisiert biologisch abbaubaren Showroom f\u00fcr Muntagnard"},"content":{"rendered":"<img class=\"aligncenter wp-image-183117 size-full\" src=\"https:\/\/www.werbewoche.ch\/wp-content\/uploads\/2022\/07\/Muntagnard-Werbewoche.ch4_.jpg\" alt=\"Muntagnard\" width=\"1200\" height=\"800\" \/>Der Showroom von Muntagnard befindet sich in der Natur und pr\u00e4sentiert vollst\u00e4ndig biologisch abbaubare Kleidungsst\u00fccke. Die beiden Muntagnard-Gr\u00fcnder, Dario Gr\u00fcnenfelder und Dario Pirovino, wollen mit dieser Aktion unterstreichen, dass es auch in der Textilbranche m\u00f6glich ist, nachhaltig und im Sinne der Kreislaufwirtschaft zu agieren. \u00abWir sind sehr stolz darauf, dass wir ausschliesslich Produkte in unserem Sortiment haben, die wir ohne Bedenken in der freien Natur belassen k\u00f6nnen. Nat\u00fcrlich sollte Kleidung niemals in der Natur entsorgt werden. In unserem Fall k\u00f6nnen wir aber sicherstellen, dass die Umwelt mit unseren Produkten nicht unn\u00f6tig belastet w\u00fcrde\u00bb, so Head of Brand Dario Gr\u00fcnenfelder.<img class=\"aligncenter wp-image-183115 size-full\" src=\"https:\/\/www.werbewoche.ch\/wp-content\/uploads\/2022\/07\/Muntagnard-Werbewoche.ch2_.jpg\" alt=\"Muntagnard\" width=\"1200\" height=\"800\" \/>\r\n\r\nEntstanden ist die Idee des biologisch abbaubaren Showrooms in Zusammenarbeit mit BrinkertL\u00fcck Creatives. Die schweizerisch-deutsche Agentur ist darauf spezialisiert, f\u00fcr Marken zu kommunizieren, die im Sinne des Einklangs von \u00d6kologie, \u00d6konomie und gesellschaftlicher Verantwortung handeln.\r\n\r\nAusgestellt werden nebst den Linien Legna \u2013 romanisch f\u00fcr Holz \u2013 und Mangola \u2013 romanisch f\u00fcr Baumwolle \u2013 auch die Linie Lana \u2013 romanisch f\u00fcr Wolle.\r\n\r\n<img class=\"aligncenter wp-image-183114 size-full\" src=\"https:\/\/www.werbewoche.ch\/wp-content\/uploads\/2022\/07\/Muntagnard-Werbewoche.ch1_.jpg\" alt=\"Muntagnard\" width=\"1200\" height=\"800\" \/> <img class=\"aligncenter wp-image-183116 size-full\" src=\"https:\/\/www.werbewoche.ch\/wp-content\/uploads\/2022\/07\/Muntagnard-Werbewoche.ch3_.jpg\" alt=\"Muntagnard\" width=\"1200\" height=\"800\" \/>","protected":false},"excerpt":{"rendered":"<p>Der Showroom von Muntagnard befindet sich in der Natur und pr\u00e4sentiert vollst\u00e4ndig biologisch abbaubare Kleidungsst\u00fccke. Die beiden Muntagnard-Gr\u00fcnder, Dario Gr\u00fcnenfelder und Dario Pirovino, wollen mit dieser Aktion unterstreichen, dass es auch in der Textilbranche m\u00f6glich ist, nachhaltig und im Sinne der Kreislaufwirtschaft zu agieren. \u00abWir sind sehr stolz darauf, dass wir ausschliesslich Produkte in unserem [\u2026]<\/p>\n","protected":false},"author":8,"featured_media":0,"comment_status":"closed","ping_status":"closed","sticky":false,"template":"","format":"standard","meta":{"_acf_changed":false,"_yoast_wpseo_focuskw":"Muntagnard","_yoast_wpseo_metadesc":"Ein komplett biologisch abbaubarer Showroom steht in der Viamala-Schlucht in Graub\u00fcnden.","articlekey":"","footnotes":""},"categories":[29],"tags":[3052,3021,3022],"class_list":["post-15599","post","type-post","status-publish","format-standard","hentry","category-marketing","tag-biologisch-abbaubaren","tag-brinkertlueck-creatives","tag-muntagnard"],"acf":[],"yoast_head":"<!-- This site is optimized with the Yoast SEO plugin v27.4 - https:\/\/yoast.com\/product\/yoast-seo-wordpress\/ -->\n<title>Brinkertl\u00fcck realisiert biologisch abbaubaren Showroom f\u00fcr Muntagnard - Organisator<\/title>\n<meta name=\"description\" content=\"Ein komplett biologisch abbaubarer Showroom steht in der Viamala-Schlucht in Graub\u00fcnden.\" \/>\n<meta name=\"robots\" content=\"index, follow, max-snippet:-1, max-image-preview:large, max-video-preview:-1\" \/>\n<link rel=\"canonical\" href=\"https:\/\/www.werbewoche.ch\/de\/marketing\/marken\/2022-07-07\/brinkertlueck-realisiert-biologisch-abbaubaren-showroom-fuer-muntagnard\/\" \/>\n<meta property=\"og:locale\" content=\"de_DE\" \/>\n<meta property=\"og:type\" content=\"article\" \/>\n<meta property=\"og:title\" content=\"Brinkertl\u00fcck realisiert biologisch abbaubaren Showroom f\u00fcr Muntagnard - Organisator\" \/>\n<meta property=\"og:description\" content=\"Ein komplett biologisch abbaubarer Showroom steht in der Viamala-Schlucht in Graub\u00fcnden.\" \/>\n<meta property=\"og:url\" content=\"https:\/\/www.werbewoche.ch\/de\/marketing\/marken\/2022-07-07\/brinkertlueck-realisiert-biologisch-abbaubaren-showroom-fuer-muntagnard\/\" \/>\n<meta property=\"og:site_name\" content=\"Organisator\" \/>\n<meta property=\"article:publisher\" content=\"https:\/\/www.facebook.com\/OrganisatorFachmagazin\" \/>\n<meta property=\"article:published_time\" content=\"2022-07-07T10:13:28+00:00\" \/>\n<meta property=\"article:modified_time\" content=\"2022-07-21T10:36:02+00:00\" \/>\n<meta property=\"og:image\" content=\"https:\/\/www.werbewoche.ch\/wp-content\/uploads\/2022\/07\/Muntagnard-Werbewoche.ch4_.jpg\" \/>\n<meta name=\"author\" content=\"galledia\" \/>\n<meta name=\"twitter:card\" content=\"summary_large_image\" \/>\n<meta name=\"twitter:creator\" content=\"@admin\" \/>\n<script type=\"application\/ld+json\" class=\"yoast-schema-graph\">{\"@context\":\"https:\\\/\\\/schema.org\",\"@graph\":[{\"@type\":\"Article\",\"@id\":\"https:\\\/\\\/www.werbewoche.ch\\\/de\\\/marketing\\\/marken\\\/2022-07-07\\\/brinkertlueck-realisiert-biologisch-abbaubaren-showroom-fuer-muntagnard\\\/#article\",\"isPartOf\":{\"@id\":\"https:\\\/\\\/www.organisator.ch\\\/marketing\\\/2022-07-07\\\/brinkertlueck-realisiert-biologisch-abbaubaren-showroom-fuer-muntagnard\\\/\"},\"author\":{\"name\":\"galledia\",\"@id\":\"https:\\\/\\\/www.organisator.ch\\\/#\\\/schema\\\/person\\\/4e51799071cd2dd1232ac003643ef5f0\"},\"headline\":\"Brinkertl\u00fcck realisiert biologisch abbaubaren Showroom f\u00fcr Muntagnard\",\"datePublished\":\"2022-07-07T10:13:28+00:00\",\"dateModified\":\"2022-07-21T10:36:02+00:00\",\"mainEntityOfPage\":{\"@id\":\"https:\\\/\\\/www.organisator.ch\\\/marketing\\\/2022-07-07\\\/brinkertlueck-realisiert-biologisch-abbaubaren-showroom-fuer-muntagnard\\\/\"},\"wordCount\":181,\"publisher\":{\"@id\":\"https:\\\/\\\/www.organisator.ch\\\/#organization\"},\"image\":{\"@id\":\"https:\\\/\\\/www.werbewoche.ch\\\/de\\\/marketing\\\/marken\\\/2022-07-07\\\/brinkertlueck-realisiert-biologisch-abbaubaren-showroom-fuer-muntagnard\\\/#primaryimage\"},\"thumbnailUrl\":\"https:\\\/\\\/www.werbewoche.ch\\\/wp-content\\\/uploads\\\/2022\\\/07\\\/Muntagnard-Werbewoche.ch4_.jpg\",\"keywords\":[\"biologisch abbaubaren\",\"Brinkertl\u00fcck Creatives\",\"Muntagnard\"],\"articleSection\":[\"MARKETING\"],\"inLanguage\":\"de\"},{\"@type\":\"WebPage\",\"@id\":\"https:\\\/\\\/www.organisator.ch\\\/marketing\\\/2022-07-07\\\/brinkertlueck-realisiert-biologisch-abbaubaren-showroom-fuer-muntagnard\\\/\",\"url\":\"https:\\\/\\\/www.werbewoche.ch\\\/de\\\/marketing\\\/marken\\\/2022-07-07\\\/brinkertlueck-realisiert-biologisch-abbaubaren-showroom-fuer-muntagnard\\\/\",\"name\":\"Brinkertl\u00fcck realisiert biologisch abbaubaren Showroom f\u00fcr Muntagnard - Organisator\",\"isPartOf\":{\"@id\":\"https:\\\/\\\/www.organisator.ch\\\/#website\"},\"primaryImageOfPage\":{\"@id\":\"https:\\\/\\\/www.werbewoche.ch\\\/de\\\/marketing\\\/marken\\\/2022-07-07\\\/brinkertlueck-realisiert-biologisch-abbaubaren-showroom-fuer-muntagnard\\\/#primaryimage\"},\"image\":{\"@id\":\"https:\\\/\\\/www.werbewoche.ch\\\/de\\\/marketing\\\/marken\\\/2022-07-07\\\/brinkertlueck-realisiert-biologisch-abbaubaren-showroom-fuer-muntagnard\\\/#primaryimage\"},\"thumbnailUrl\":\"https:\\\/\\\/www.werbewoche.ch\\\/wp-content\\\/uploads\\\/2022\\\/07\\\/Muntagnard-Werbewoche.ch4_.jpg\",\"datePublished\":\"2022-07-07T10:13:28+00:00\",\"dateModified\":\"2022-07-21T10:36:02+00:00\",\"description\":\"Ein komplett biologisch abbaubarer Showroom steht in der Viamala-Schlucht in Graub\u00fcnden.\",\"breadcrumb\":{\"@id\":\"https:\\\/\\\/www.werbewoche.ch\\\/de\\\/marketing\\\/marken\\\/2022-07-07\\\/brinkertlueck-realisiert-biologisch-abbaubaren-showroom-fuer-muntagnard\\\/#breadcrumb\"},\"inLanguage\":\"de\",\"potentialAction\":[{\"@type\":\"ReadAction\",\"target\":[\"https:\\\/\\\/www.werbewoche.ch\\\/de\\\/marketing\\\/marken\\\/2022-07-07\\\/brinkertlueck-realisiert-biologisch-abbaubaren-showroom-fuer-muntagnard\\\/\"]}]},{\"@type\":\"ImageObject\",\"inLanguage\":\"de\",\"@id\":\"https:\\\/\\\/www.werbewoche.ch\\\/de\\\/marketing\\\/marken\\\/2022-07-07\\\/brinkertlueck-realisiert-biologisch-abbaubaren-showroom-fuer-muntagnard\\\/#primaryimage\",\"url\":\"https:\\\/\\\/www.werbewoche.ch\\\/wp-content\\\/uploads\\\/2022\\\/07\\\/Muntagnard-Werbewoche.ch4_.jpg\",\"contentUrl\":\"https:\\\/\\\/www.werbewoche.ch\\\/wp-content\\\/uploads\\\/2022\\\/07\\\/Muntagnard-Werbewoche.ch4_.jpg\"},{\"@type\":\"BreadcrumbList\",\"@id\":\"https:\\\/\\\/www.werbewoche.ch\\\/de\\\/marketing\\\/marken\\\/2022-07-07\\\/brinkertlueck-realisiert-biologisch-abbaubaren-showroom-fuer-muntagnard\\\/#breadcrumb\",\"itemListElement\":[{\"@type\":\"ListItem\",\"position\":1,\"name\":\"Home\",\"item\":\"https:\\\/\\\/www.organisator.ch\\\/\"},{\"@type\":\"ListItem\",\"position\":2,\"name\":\"Brinkertl\u00fcck realisiert biologisch abbaubaren Showroom f\u00fcr Muntagnard\"}]},{\"@type\":\"WebSite\",\"@id\":\"https:\\\/\\\/www.organisator.ch\\\/#website\",\"url\":\"https:\\\/\\\/www.organisator.ch\\\/\",\"name\":\"Organisator\",\"description\":\"Kompetent. Praxisnah. Der ORGANISATOR bereitet in 10 Ausgaben pro Jahr die wesentlichen Themen f\u00fcr F\u00fchrungskr\u00e4fte von KMU auf.\",\"publisher\":{\"@id\":\"https:\\\/\\\/www.organisator.ch\\\/#organization\"},\"potentialAction\":[{\"@type\":\"SearchAction\",\"target\":{\"@type\":\"EntryPoint\",\"urlTemplate\":\"https:\\\/\\\/www.organisator.ch\\\/?s={search_term_string}\"},\"query-input\":{\"@type\":\"PropertyValueSpecification\",\"valueRequired\":true,\"valueName\":\"search_term_string\"}}],\"inLanguage\":\"de\"},{\"@type\":\"Organization\",\"@id\":\"https:\\\/\\\/www.organisator.ch\\\/#organization\",\"name\":\"Organisator\",\"url\":\"https:\\\/\\\/www.organisator.ch\\\/\",\"logo\":{\"@type\":\"ImageObject\",\"inLanguage\":\"de\",\"@id\":\"https:\\\/\\\/www.organisator.ch\\\/#\\\/schema\\\/logo\\\/image\\\/\",\"url\":\"https:\\\/\\\/www.organisator.ch\\\/wp-content\\\/uploads\\\/2022\\\/01\\\/Logo_Organisator_Website.png\",\"contentUrl\":\"https:\\\/\\\/www.organisator.ch\\\/wp-content\\\/uploads\\\/2022\\\/01\\\/Logo_Organisator_Website.png\",\"width\":800,\"height\":77,\"caption\":\"Organisator\"},\"image\":{\"@id\":\"https:\\\/\\\/www.organisator.ch\\\/#\\\/schema\\\/logo\\\/image\\\/\"},\"sameAs\":[\"https:\\\/\\\/www.facebook.com\\\/OrganisatorFachmagazin\",\"https:\\\/\\\/www.linkedin.com\\\/showcase\\\/organisator-das-magazin-fr-kmu\",\"https:\\\/\\\/www.xing.com\\\/news\\\/pages\\\/organisator-ch-695\",\"https:\\\/\\\/www.youtube.com\\\/channel\\\/UCGP2Sq0iWaZwT3BdIAQFYpw\"]},{\"@type\":\"Person\",\"@id\":\"https:\\\/\\\/www.organisator.ch\\\/#\\\/schema\\\/person\\\/4e51799071cd2dd1232ac003643ef5f0\",\"name\":\"galledia\",\"image\":{\"@type\":\"ImageObject\",\"inLanguage\":\"de\",\"@id\":\"https:\\\/\\\/secure.gravatar.com\\\/avatar\\\/78a7f90c01fc2bfc875782a0d4922b37cde2cf184ce347b91316d23cd7f69a36?s=96&d=mm&r=g\",\"url\":\"https:\\\/\\\/secure.gravatar.com\\\/avatar\\\/78a7f90c01fc2bfc875782a0d4922b37cde2cf184ce347b91316d23cd7f69a36?s=96&d=mm&r=g\",\"contentUrl\":\"https:\\\/\\\/secure.gravatar.com\\\/avatar\\\/78a7f90c01fc2bfc875782a0d4922b37cde2cf184ce347b91316d23cd7f69a36?s=96&d=mm&r=g\",\"caption\":\"galledia\"},\"sameAs\":[\"https:\\\/\\\/x.com\\\/admin\"],\"url\":\"https:\\\/\\\/www.organisator.ch\\\/de\\\/author\\\/galledia\\\/\"}]}<\/script>\n<!-- \/ Yoast SEO plugin. -->","yoast_head_json":{"title":"Brinkertl\u00fcck realisiert biologisch abbaubaren Showroom f\u00fcr Muntagnard - Organisator","description":"Ein komplett biologisch abbaubarer Showroom steht in der Viamala-Schlucht in Graub\u00fcnden.","robots":{"index":"index","follow":"follow","max-snippet":"max-snippet:-1","max-image-preview":"max-image-preview:large","max-video-preview":"max-video-preview:-1"},"canonical":"https:\/\/www.werbewoche.ch\/de\/marketing\/marken\/2022-07-07\/brinkertlueck-realisiert-biologisch-abbaubaren-showroom-fuer-muntagnard\/","og_locale":"de_DE","og_type":"article","og_title":"Brinkertl\u00fcck realisiert biologisch abbaubaren Showroom f\u00fcr Muntagnard - Organisator","og_description":"Ein komplett biologisch abbaubarer Showroom steht in der Viamala-Schlucht in Graub\u00fcnden.","og_url":"https:\/\/www.werbewoche.ch\/de\/marketing\/marken\/2022-07-07\/brinkertlueck-realisiert-biologisch-abbaubaren-showroom-fuer-muntagnard\/","og_site_name":"Organisator","article_publisher":"https:\/\/www.facebook.com\/OrganisatorFachmagazin","article_published_time":"2022-07-07T10:13:28+00:00","article_modified_time":"2022-07-21T10:36:02+00:00","og_image":[{"url":"https:\/\/www.werbewoche.ch\/wp-content\/uploads\/2022\/07\/Muntagnard-Werbewoche.ch4_.jpg","type":"","width":"","height":""}],"author":"galledia","twitter_card":"summary_large_image","twitter_creator":"@admin","schema":{"@context":"https:\/\/schema.org","@graph":[{"@type":"Article","@id":"https:\/\/www.werbewoche.ch\/de\/marketing\/marken\/2022-07-07\/brinkertlueck-realisiert-biologisch-abbaubaren-showroom-fuer-muntagnard\/#article","isPartOf":{"@id":"https:\/\/www.organisator.ch\/marketing\/2022-07-07\/brinkertlueck-realisiert-biologisch-abbaubaren-showroom-fuer-muntagnard\/"},"author":{"name":"galledia","@id":"https:\/\/www.organisator.ch\/#\/schema\/person\/4e51799071cd2dd1232ac003643ef5f0"},"headline":"Brinkertl\u00fcck realisiert biologisch abbaubaren Showroom f\u00fcr Muntagnard","datePublished":"2022-07-07T10:13:28+00:00","dateModified":"2022-07-21T10:36:02+00:00","mainEntityOfPage":{"@id":"https:\/\/www.organisator.ch\/marketing\/2022-07-07\/brinkertlueck-realisiert-biologisch-abbaubaren-showroom-fuer-muntagnard\/"},"wordCount":181,"publisher":{"@id":"https:\/\/www.organisator.ch\/#organization"},"image":{"@id":"https:\/\/www.werbewoche.ch\/de\/marketing\/marken\/2022-07-07\/brinkertlueck-realisiert-biologisch-abbaubaren-showroom-fuer-muntagnard\/#primaryimage"},"thumbnailUrl":"https:\/\/www.werbewoche.ch\/wp-content\/uploads\/2022\/07\/Muntagnard-Werbewoche.ch4_.jpg","keywords":["biologisch abbaubaren","Brinkertl\u00fcck Creatives","Muntagnard"],"articleSection":["MARKETING"],"inLanguage":"de"},{"@type":"WebPage","@id":"https:\/\/www.organisator.ch\/marketing\/2022-07-07\/brinkertlueck-realisiert-biologisch-abbaubaren-showroom-fuer-muntagnard\/","url":"https:\/\/www.werbewoche.ch\/de\/marketing\/marken\/2022-07-07\/brinkertlueck-realisiert-biologisch-abbaubaren-showroom-fuer-muntagnard\/","name":"Brinkertl\u00fcck realisiert biologisch abbaubaren Showroom f\u00fcr Muntagnard - Organisator","isPartOf":{"@id":"https:\/\/www.organisator.ch\/#website"},"primaryImageOfPage":{"@id":"https:\/\/www.werbewoche.ch\/de\/marketing\/marken\/2022-07-07\/brinkertlueck-realisiert-biologisch-abbaubaren-showroom-fuer-muntagnard\/#primaryimage"},"image":{"@id":"https:\/\/www.werbewoche.ch\/de\/marketing\/marken\/2022-07-07\/brinkertlueck-realisiert-biologisch-abbaubaren-showroom-fuer-muntagnard\/#primaryimage"},"thumbnailUrl":"https:\/\/www.werbewoche.ch\/wp-content\/uploads\/2022\/07\/Muntagnard-Werbewoche.ch4_.jpg","datePublished":"2022-07-07T10:13:28+00:00","dateModified":"2022-07-21T10:36:02+00:00","description":"Ein komplett biologisch abbaubarer Showroom steht in der Viamala-Schlucht in Graub\u00fcnden.","breadcrumb":{"@id":"https:\/\/www.werbewoche.ch\/de\/marketing\/marken\/2022-07-07\/brinkertlueck-realisiert-biologisch-abbaubaren-showroom-fuer-muntagnard\/#breadcrumb"},"inLanguage":"de","potentialAction":[{"@type":"ReadAction","target":["https:\/\/www.werbewoche.ch\/de\/marketing\/marken\/2022-07-07\/brinkertlueck-realisiert-biologisch-abbaubaren-showroom-fuer-muntagnard\/"]}]},{"@type":"ImageObject","inLanguage":"de","@id":"https:\/\/www.werbewoche.ch\/de\/marketing\/marken\/2022-07-07\/brinkertlueck-realisiert-biologisch-abbaubaren-showroom-fuer-muntagnard\/#primaryimage","url":"https:\/\/www.werbewoche.ch\/wp-content\/uploads\/2022\/07\/Muntagnard-Werbewoche.ch4_.jpg","contentUrl":"https:\/\/www.werbewoche.ch\/wp-content\/uploads\/2022\/07\/Muntagnard-Werbewoche.ch4_.jpg"},{"@type":"BreadcrumbList","@id":"https:\/\/www.werbewoche.ch\/de\/marketing\/marken\/2022-07-07\/brinkertlueck-realisiert-biologisch-abbaubaren-showroom-fuer-muntagnard\/#breadcrumb","itemListElement":[{"@type":"ListItem","position":1,"name":"Home","item":"https:\/\/www.organisator.ch\/"},{"@type":"ListItem","position":2,"name":"Brinkertl\u00fcck realisiert biologisch abbaubaren Showroom f\u00fcr Muntagnard"}]},{"@type":"WebSite","@id":"https:\/\/www.organisator.ch\/#website","url":"https:\/\/www.organisator.ch\/","name":"Organisator","description":"Kompetent. Praxisnah. Der ORGANISATOR bereitet in 10 Ausgaben pro Jahr die wesentlichen Themen f\u00fcr F\u00fchrungskr\u00e4fte von KMU auf.","publisher":{"@id":"https:\/\/www.organisator.ch\/#organization"},"potentialAction":[{"@type":"SearchAction","target":{"@type":"EntryPoint","urlTemplate":"https:\/\/www.organisator.ch\/?s={search_term_string}"},"query-input":{"@type":"PropertyValueSpecification","valueRequired":true,"valueName":"search_term_string"}}],"inLanguage":"de"},{"@type":"Organization","@id":"https:\/\/www.organisator.ch\/#organization","name":"Organisator","url":"https:\/\/www.organisator.ch\/","logo":{"@type":"ImageObject","inLanguage":"de","@id":"https:\/\/www.organisator.ch\/#\/schema\/logo\/image\/","url":"https:\/\/www.organisator.ch\/wp-content\/uploads\/2022\/01\/Logo_Organisator_Website.png","contentUrl":"https:\/\/www.organisator.ch\/wp-content\/uploads\/2022\/01\/Logo_Organisator_Website.png","width":800,"height":77,"caption":"Organisator"},"image":{"@id":"https:\/\/www.organisator.ch\/#\/schema\/logo\/image\/"},"sameAs":["https:\/\/www.facebook.com\/OrganisatorFachmagazin","https:\/\/www.linkedin.com\/showcase\/organisator-das-magazin-fr-kmu","https:\/\/www.xing.com\/news\/pages\/organisator-ch-695","https:\/\/www.youtube.com\/channel\/UCGP2Sq0iWaZwT3BdIAQFYpw"]},{"@type":"Person","@id":"https:\/\/www.organisator.ch\/#\/schema\/person\/4e51799071cd2dd1232ac003643ef5f0","name":"galledia","image":{"@type":"ImageObject","inLanguage":"de","@id":"https:\/\/secure.gravatar.com\/avatar\/78a7f90c01fc2bfc875782a0d4922b37cde2cf184ce347b91316d23cd7f69a36?s=96&d=mm&r=g","url":"https:\/\/secure.gravatar.com\/avatar\/78a7f90c01fc2bfc875782a0d4922b37cde2cf184ce347b91316d23cd7f69a36?s=96&d=mm&r=g","contentUrl":"https:\/\/secure.gravatar.com\/avatar\/78a7f90c01fc2bfc875782a0d4922b37cde2cf184ce347b91316d23cd7f69a36?s=96&d=mm&r=g","caption":"galledia"},"sameAs":["https:\/\/x.com\/admin"],"url":"https:\/\/www.organisator.ch\/de\/author\/galledia\/"}]}},"_links":{"self":[{"href":"https:\/\/www.organisator.ch\/de\/wp-json\/wp\/v2\/posts\/15599","targetHints":{"allow":["GET"]}}],"collection":[{"href":"https:\/\/www.organisator.ch\/de\/wp-json\/wp\/v2\/posts"}],"about":[{"href":"https:\/\/www.organisator.ch\/de\/wp-json\/wp\/v2\/types\/post"}],"author":[{"embeddable":true,"href":"https:\/\/www.organisator.ch\/de\/wp-json\/wp\/v2\/users\/8"}],"replies":[{"embeddable":true,"href":"https:\/\/www.organisator.ch\/de\/wp-json\/wp\/v2\/comments?post=15599"}],"version-history":[{"count":3,"href":"https:\/\/www.organisator.ch\/de\/wp-json\/wp\/v2\/posts\/15599\/revisions"}],"predecessor-version":[{"id":15727,"href":"https:\/\/www.organisator.ch\/de\/wp-json\/wp\/v2\/posts\/15599\/revisions\/15727"}],"wp:attachment":[{"href":"https:\/\/www.organisator.ch\/de\/wp-json\/wp\/v2\/media?parent=15599"}],"wp:term":[{"taxonomy":"category","embeddable":true,"href":"https:\/\/www.organisator.ch\/de\/wp-json\/wp\/v2\/categories?post=15599"},{"taxonomy":"post_tag","embeddable":true,"href":"https:\/\/www.organisator.ch\/de\/wp-json\/wp\/v2\/tags?post=15599"}],"curies":[{"name":"wp","href":"https:\/\/api.w.org\/{rel}","templated":true}]}}