{"id":15601,"date":"2022-07-07T14:35:26","date_gmt":"2022-07-07T12:35:26","guid":{"rendered":"https:\/\/www.m-q.ch\/?p=16600"},"modified":"2022-07-21T12:35:53","modified_gmt":"2022-07-21T10:35:53","slug":"lindenhofgruppe-verringert-woechentliche-arbeitszeit-auf-weniger-als-40-stunden-in-der-pflege","status":"publish","type":"post","link":"https:\/\/www.organisator.ch\/de\/operational-excellence\/2022-07-07\/lindenhofgruppe-verringert-woechentliche-arbeitszeit-auf-weniger-als-40-stunden-in-der-pflege\/","title":{"rendered":"Lindenhofgruppe verringert w\u00f6chentliche Arbeitszeit auf weniger als 40 Stunden in der Pflege"},"content":{"rendered":"<figure id=\"attachment_16601\" class=\"wp-caption alignnone\" style=\"width: 680px\" aria-describedby=\"caption-attachment-16601\"><img class=\"alignnone wp-image-16601 size-full\" src=\"https:\/\/www.m-q.ch\/wp-content\/uploads\/2022\/07\/Lindenhofgruppe-verringert-woechentliche-Arbeitszeit-auf-weniger-als-40-Stunden-in-der-Pflege_MQ.jpg\" alt=\"Lindenhofgrupp\" width=\"680\" height=\"453\" \/><figcaption id=\"caption-attachment-16601\" class=\"wp-caption-text\">Standort Lindenhof, Lindenhofgruppe, Bern. (Bild: obs\/Lindenhofgruppe)<\/figcaption><\/figure>\r\nDie Lindenhofgruppe z\u00e4hlt landesweit zu den f\u00fchrenden Listenspit\u00e4lern mit privater Tr\u00e4gerschaft. In ihren drei Spit\u00e4lern werden j\u00e4hrlich \u00fcber 140\u2019000 Patientinnen und Patienten, davon rund 27\u2019000 station\u00e4r versorgt. Die Spitalgruppe bietet neben einer umfassenden interdisziplin\u00e4ren Grundversorgung ein Spektrum der spezialisierten und hochspezialisierten Medizin an. Schwerpunkte des Leistungsangebots bilden die Orthop\u00e4die, Innere Medizin, Viszeralchirurgie, Frauenmedizin, Urologie, Neurochirurgie, Kardiologie, Angiologie\/Gef\u00e4sschirurgie, Onkologie, HNO, Radiologie, Strahlentherapie, Nephrologie und Notfallmedizin. Die Gruppe besch\u00e4ftigt rund 2\u2019500 Mitarbeitende. \u201eIm Kanton Bern sind wir die Qualit\u00e4tsf\u00fchrerin in Medizin und Pflege\u201c, erkl\u00e4rt Guido Speck, CEO der Lindenhofgruppe. \u201eEine Position, die Verantwortung mit sich bringt \u2013 auch gegen\u00fcber den Mitarbeitenden.\u201c\r\n\r\nDie Belastung der Pflege-Mitarbeitenden ist auch in der Lindenhofgruppe gestiegen. \u201eTrotz der anspruchsvollen Gesamtsituation haben wir uns deshalb entschlossen, einen weiteren substanziellen Beitrag zur Verbesserung der Arbeitsbedingungen in der Pflege zu leisten\u201c, erkl\u00e4rt Guido Speck. Ein umfangreiches Massnahmenpaket soll nun den F\u00fchrungsanspruch der Lindenhofgruppe als fortschrittliche und attraktive Arbeitgeberin unterstreichen. Zudem soll es best\u00e4tigen, welchen Stellenwert die Gesundheit und das Wohlergehen der Mitarbeitenden in der Lindenhofgruppe einnehmen.\r\n\r\nKonkret bedeutet das: Zus\u00e4tzlich zur am 1. April 2022 allen Mitarbeitenden gew\u00e4hrten Lohnerh\u00f6hung erhalten die Mitarbeitenden in der Pflege Entsch\u00e4digungen, die in der Summe einer Verringerung der w\u00f6chentlichen Arbeitszeit auf weniger als 40 Stunden entsprechen \u2013 bei gleichem Lohn. Neben der Erh\u00f6hung der Zeitgutschrift bei Nachtdiensten von 20 % auf 30 % erhalten Pflegefachpersonen die im 24 Stunden 3-Schichtbetrieb arbeiten, zus\u00e4tzlich 7 Tage Ferien. Die Mitarbeitenden k\u00f6nnen dar\u00fcber hinaus selber bestimmen, ob sie freie Tage w\u00fcnschen, Ferien machen oder weniger Stunden pro Woche arbeiten m\u00f6chten. Eine enorme Verbesserung, die mehr Flexibilit\u00e4t und Lebensqualit\u00e4t mit sich bringt.\r\n\r\nZur weiteren Entlastung der bestehenden Mitarbeitenden startet die Lindenhofgruppe eine zielgerichtete Kampagne, um neue qualifizierte Fachpersonen zu gewinnen. Sie soll junge Menschen f\u00fcr den Pflegeberuf begeistern und die bestehenden Mitarbeitenden weiter entlasten. \u201eIhre Gesundheit ist unsere Berufung \u2013 Ihr Wohlergehen unsere Verpflichtung. So lautet das Motto unserer t\u00e4glichen Arbeit. Ein Leitsatz, der auch unsere Mitarbeitenden einschliesst\u201c, erg\u00e4nzt Raul Gutierrez, Leiter HRM. \u201eWir engagieren uns fortw\u00e4hrend, erste Wahl f\u00fcr unsere Mitarbeitenden zu sein und zu bleiben. Aus Dankbarkeit und als Zeichen der Wertsch\u00e4tzung ihrer Leistungen\u201c.\r\n\r\n<a href=\"http:\/\/www.lindenhofgruppe.ch\/\"><em>Quelle und weitere Informationen<\/em><\/a>\n<p class=\"syndicated-attribution\">Dieser Beitrag erschien urspr\u00fcnglich auf m-q.ch - <a href=\"https:\/\/www.m-q.ch\/de\/lindenhofgruppe-verringert-woechentliche-arbeitszeit-auf-weniger-als-40-stunden-in-der-pflege\/\" target=\"_blank\">https:\/\/www.m-q.ch\/de\/lindenhofgruppe-verringert-woechentliche-arbeitszeit-auf-weniger-als-40-stunden-in-der-pflege\/<\/a><\/p>","protected":false},"excerpt":{"rendered":"<p>Die Lindenhofgruppe z\u00e4hlt landesweit zu den f\u00fchrenden Listenspit\u00e4lern mit privater Tr\u00e4gerschaft. In ihren drei Spit\u00e4lern werden j\u00e4hrlich \u00fcber 140\u2019000 Patientinnen und Patienten, davon rund 27\u2019000 station\u00e4r versorgt. Die Spitalgruppe bietet neben einer umfassenden interdisziplin\u00e4ren Grundversorgung ein Spektrum der spezialisierten und hochspezialisierten Medizin an. Schwerpunkte des Leistungsangebots bilden die Orthop\u00e4die, Innere Medizin, Viszeralchirurgie, Frauenmedizin, Urologie, Neurochirurgie, [\u2026]<\/p>\n","protected":false},"author":8,"featured_media":0,"comment_status":"closed","ping_status":"closed","sticky":false,"template":"","format":"standard","meta":{"_acf_changed":false,"_yoast_wpseo_focuskw":"Lindenhofgrupp","_yoast_wpseo_metadesc":"Die Pandemie hat den herrschenden Mangel an Fachpersonen, insbesondere in der Pflege, weiter versch\u00e4rft.","articlekey":"","footnotes":""},"categories":[582],"tags":[3023,3051],"class_list":["post-15601","post","type-post","status-publish","format-standard","hentry","category-operational-excellence","tag-arbeitsbedingungen","tag-lindenhofgrupp"],"acf":[],"yoast_head":"<!-- This site is optimized with the Yoast SEO plugin v27.5 - https:\/\/yoast.com\/product\/yoast-seo-wordpress\/ -->\n<title>Lindenhofgruppe verringert w\u00f6chentliche Arbeitszeit auf weniger als 40 Stunden in der Pflege - Organisator<\/title>\n<meta name=\"description\" content=\"Die Pandemie hat den herrschenden Mangel an Fachpersonen, insbesondere in der Pflege, weiter versch\u00e4rft.\" \/>\n<meta name=\"robots\" content=\"index, follow, max-snippet:-1, max-image-preview:large, max-video-preview:-1\" \/>\n<link rel=\"canonical\" href=\"https:\/\/www.m-q.ch\/de\/lindenhofgruppe-verringert-woechentliche-arbeitszeit-auf-weniger-als-40-stunden-in-der-pflege\/\" \/>\n<meta property=\"og:locale\" content=\"de_DE\" \/>\n<meta property=\"og:type\" content=\"article\" \/>\n<meta property=\"og:title\" content=\"Lindenhofgruppe verringert w\u00f6chentliche Arbeitszeit auf weniger als 40 Stunden in der Pflege - Organisator\" \/>\n<meta property=\"og:description\" content=\"Die Pandemie hat den herrschenden Mangel an Fachpersonen, insbesondere in der Pflege, weiter versch\u00e4rft.\" \/>\n<meta property=\"og:url\" content=\"https:\/\/www.m-q.ch\/de\/lindenhofgruppe-verringert-woechentliche-arbeitszeit-auf-weniger-als-40-stunden-in-der-pflege\/\" \/>\n<meta property=\"og:site_name\" content=\"Organisator\" \/>\n<meta property=\"article:publisher\" content=\"https:\/\/www.facebook.com\/OrganisatorFachmagazin\" \/>\n<meta property=\"article:published_time\" content=\"2022-07-07T12:35:26+00:00\" \/>\n<meta property=\"article:modified_time\" content=\"2022-07-21T10:35:53+00:00\" \/>\n<meta property=\"og:image\" content=\"https:\/\/www.m-q.ch\/wp-content\/uploads\/2022\/07\/Lindenhofgruppe-verringert-woechentliche-Arbeitszeit-auf-weniger-als-40-Stunden-in-der-Pflege_MQ.jpg\" \/>\n<meta name=\"author\" content=\"galledia\" \/>\n<meta name=\"twitter:card\" content=\"summary_large_image\" \/>\n<meta name=\"twitter:creator\" content=\"@admin\" \/>\n<script type=\"application\/ld+json\" class=\"yoast-schema-graph\">{\"@context\":\"https:\\\/\\\/schema.org\",\"@graph\":[{\"@type\":\"Article\",\"@id\":\"https:\\\/\\\/www.m-q.ch\\\/de\\\/lindenhofgruppe-verringert-woechentliche-arbeitszeit-auf-weniger-als-40-stunden-in-der-pflege\\\/#article\",\"isPartOf\":{\"@id\":\"https:\\\/\\\/www.organisator.ch\\\/operational-excellence\\\/2022-07-07\\\/lindenhofgruppe-verringert-woechentliche-arbeitszeit-auf-weniger-als-40-stunden-in-der-pflege\\\/\"},\"author\":{\"name\":\"galledia\",\"@id\":\"https:\\\/\\\/www.organisator.ch\\\/#\\\/schema\\\/person\\\/4e51799071cd2dd1232ac003643ef5f0\"},\"headline\":\"Lindenhofgruppe verringert w\u00f6chentliche Arbeitszeit auf weniger als 40 Stunden in der Pflege\",\"datePublished\":\"2022-07-07T12:35:26+00:00\",\"dateModified\":\"2022-07-21T10:35:53+00:00\",\"mainEntityOfPage\":{\"@id\":\"https:\\\/\\\/www.organisator.ch\\\/operational-excellence\\\/2022-07-07\\\/lindenhofgruppe-verringert-woechentliche-arbeitszeit-auf-weniger-als-40-stunden-in-der-pflege\\\/\"},\"wordCount\":392,\"publisher\":{\"@id\":\"https:\\\/\\\/www.organisator.ch\\\/#organization\"},\"image\":{\"@id\":\"https:\\\/\\\/www.m-q.ch\\\/de\\\/lindenhofgruppe-verringert-woechentliche-arbeitszeit-auf-weniger-als-40-stunden-in-der-pflege\\\/#primaryimage\"},\"thumbnailUrl\":\"https:\\\/\\\/www.m-q.ch\\\/wp-content\\\/uploads\\\/2022\\\/07\\\/Lindenhofgruppe-verringert-woechentliche-Arbeitszeit-auf-weniger-als-40-Stunden-in-der-Pflege_MQ.jpg\",\"keywords\":[\"Arbeitsbedingungen\",\"Lindenhofgrupp\"],\"articleSection\":[\"OPERATIONAL EXCELLENCE\"],\"inLanguage\":\"de\"},{\"@type\":\"WebPage\",\"@id\":\"https:\\\/\\\/www.organisator.ch\\\/operational-excellence\\\/2022-07-07\\\/lindenhofgruppe-verringert-woechentliche-arbeitszeit-auf-weniger-als-40-stunden-in-der-pflege\\\/\",\"url\":\"https:\\\/\\\/www.m-q.ch\\\/de\\\/lindenhofgruppe-verringert-woechentliche-arbeitszeit-auf-weniger-als-40-stunden-in-der-pflege\\\/\",\"name\":\"Lindenhofgruppe verringert w\u00f6chentliche Arbeitszeit auf weniger als 40 Stunden in der Pflege - Organisator\",\"isPartOf\":{\"@id\":\"https:\\\/\\\/www.organisator.ch\\\/#website\"},\"primaryImageOfPage\":{\"@id\":\"https:\\\/\\\/www.m-q.ch\\\/de\\\/lindenhofgruppe-verringert-woechentliche-arbeitszeit-auf-weniger-als-40-stunden-in-der-pflege\\\/#primaryimage\"},\"image\":{\"@id\":\"https:\\\/\\\/www.m-q.ch\\\/de\\\/lindenhofgruppe-verringert-woechentliche-arbeitszeit-auf-weniger-als-40-stunden-in-der-pflege\\\/#primaryimage\"},\"thumbnailUrl\":\"https:\\\/\\\/www.m-q.ch\\\/wp-content\\\/uploads\\\/2022\\\/07\\\/Lindenhofgruppe-verringert-woechentliche-Arbeitszeit-auf-weniger-als-40-Stunden-in-der-Pflege_MQ.jpg\",\"datePublished\":\"2022-07-07T12:35:26+00:00\",\"dateModified\":\"2022-07-21T10:35:53+00:00\",\"description\":\"Die Pandemie hat den herrschenden Mangel an Fachpersonen, insbesondere in der Pflege, weiter versch\u00e4rft.\",\"breadcrumb\":{\"@id\":\"https:\\\/\\\/www.m-q.ch\\\/de\\\/lindenhofgruppe-verringert-woechentliche-arbeitszeit-auf-weniger-als-40-stunden-in-der-pflege\\\/#breadcrumb\"},\"inLanguage\":\"de\",\"potentialAction\":[{\"@type\":\"ReadAction\",\"target\":[\"https:\\\/\\\/www.m-q.ch\\\/de\\\/lindenhofgruppe-verringert-woechentliche-arbeitszeit-auf-weniger-als-40-stunden-in-der-pflege\\\/\"]}]},{\"@type\":\"ImageObject\",\"inLanguage\":\"de\",\"@id\":\"https:\\\/\\\/www.m-q.ch\\\/de\\\/lindenhofgruppe-verringert-woechentliche-arbeitszeit-auf-weniger-als-40-stunden-in-der-pflege\\\/#primaryimage\",\"url\":\"https:\\\/\\\/www.m-q.ch\\\/wp-content\\\/uploads\\\/2022\\\/07\\\/Lindenhofgruppe-verringert-woechentliche-Arbeitszeit-auf-weniger-als-40-Stunden-in-der-Pflege_MQ.jpg\",\"contentUrl\":\"https:\\\/\\\/www.m-q.ch\\\/wp-content\\\/uploads\\\/2022\\\/07\\\/Lindenhofgruppe-verringert-woechentliche-Arbeitszeit-auf-weniger-als-40-Stunden-in-der-Pflege_MQ.jpg\"},{\"@type\":\"BreadcrumbList\",\"@id\":\"https:\\\/\\\/www.m-q.ch\\\/de\\\/lindenhofgruppe-verringert-woechentliche-arbeitszeit-auf-weniger-als-40-stunden-in-der-pflege\\\/#breadcrumb\",\"itemListElement\":[{\"@type\":\"ListItem\",\"position\":1,\"name\":\"Home\",\"item\":\"https:\\\/\\\/www.organisator.ch\\\/\"},{\"@type\":\"ListItem\",\"position\":2,\"name\":\"Lindenhofgruppe verringert w\u00f6chentliche Arbeitszeit auf weniger als 40 Stunden in der Pflege\"}]},{\"@type\":\"WebSite\",\"@id\":\"https:\\\/\\\/www.organisator.ch\\\/#website\",\"url\":\"https:\\\/\\\/www.organisator.ch\\\/\",\"name\":\"Organisator\",\"description\":\"Kompetent. Praxisnah. Der ORGANISATOR bereitet in 10 Ausgaben pro Jahr die wesentlichen Themen f\u00fcr F\u00fchrungskr\u00e4fte von KMU auf.\",\"publisher\":{\"@id\":\"https:\\\/\\\/www.organisator.ch\\\/#organization\"},\"potentialAction\":[{\"@type\":\"SearchAction\",\"target\":{\"@type\":\"EntryPoint\",\"urlTemplate\":\"https:\\\/\\\/www.organisator.ch\\\/?s={search_term_string}\"},\"query-input\":{\"@type\":\"PropertyValueSpecification\",\"valueRequired\":true,\"valueName\":\"search_term_string\"}}],\"inLanguage\":\"de\"},{\"@type\":\"Organization\",\"@id\":\"https:\\\/\\\/www.organisator.ch\\\/#organization\",\"name\":\"Organisator\",\"url\":\"https:\\\/\\\/www.organisator.ch\\\/\",\"logo\":{\"@type\":\"ImageObject\",\"inLanguage\":\"de\",\"@id\":\"https:\\\/\\\/www.organisator.ch\\\/#\\\/schema\\\/logo\\\/image\\\/\",\"url\":\"https:\\\/\\\/www.organisator.ch\\\/wp-content\\\/uploads\\\/2022\\\/01\\\/Logo_Organisator_Website.png\",\"contentUrl\":\"https:\\\/\\\/www.organisator.ch\\\/wp-content\\\/uploads\\\/2022\\\/01\\\/Logo_Organisator_Website.png\",\"width\":800,\"height\":77,\"caption\":\"Organisator\"},\"image\":{\"@id\":\"https:\\\/\\\/www.organisator.ch\\\/#\\\/schema\\\/logo\\\/image\\\/\"},\"sameAs\":[\"https:\\\/\\\/www.facebook.com\\\/OrganisatorFachmagazin\",\"https:\\\/\\\/www.linkedin.com\\\/showcase\\\/organisator-das-magazin-fr-kmu\",\"https:\\\/\\\/www.xing.com\\\/news\\\/pages\\\/organisator-ch-695\",\"https:\\\/\\\/www.youtube.com\\\/channel\\\/UCGP2Sq0iWaZwT3BdIAQFYpw\"]},{\"@type\":\"Person\",\"@id\":\"https:\\\/\\\/www.organisator.ch\\\/#\\\/schema\\\/person\\\/4e51799071cd2dd1232ac003643ef5f0\",\"name\":\"galledia\",\"image\":{\"@type\":\"ImageObject\",\"inLanguage\":\"de\",\"@id\":\"https:\\\/\\\/secure.gravatar.com\\\/avatar\\\/78a7f90c01fc2bfc875782a0d4922b37cde2cf184ce347b91316d23cd7f69a36?s=96&d=mm&r=g\",\"url\":\"https:\\\/\\\/secure.gravatar.com\\\/avatar\\\/78a7f90c01fc2bfc875782a0d4922b37cde2cf184ce347b91316d23cd7f69a36?s=96&d=mm&r=g\",\"contentUrl\":\"https:\\\/\\\/secure.gravatar.com\\\/avatar\\\/78a7f90c01fc2bfc875782a0d4922b37cde2cf184ce347b91316d23cd7f69a36?s=96&d=mm&r=g\",\"caption\":\"galledia\"},\"sameAs\":[\"https:\\\/\\\/x.com\\\/admin\"],\"url\":\"https:\\\/\\\/www.organisator.ch\\\/de\\\/author\\\/galledia\\\/\"}]}<\/script>\n<!-- \/ Yoast SEO plugin. -->","yoast_head_json":{"title":"Lindenhofgruppe verringert w\u00f6chentliche Arbeitszeit auf weniger als 40 Stunden in der Pflege - Organisator","description":"Die Pandemie hat den herrschenden Mangel an Fachpersonen, insbesondere in der Pflege, weiter versch\u00e4rft.","robots":{"index":"index","follow":"follow","max-snippet":"max-snippet:-1","max-image-preview":"max-image-preview:large","max-video-preview":"max-video-preview:-1"},"canonical":"https:\/\/www.m-q.ch\/de\/lindenhofgruppe-verringert-woechentliche-arbeitszeit-auf-weniger-als-40-stunden-in-der-pflege\/","og_locale":"de_DE","og_type":"article","og_title":"Lindenhofgruppe verringert w\u00f6chentliche Arbeitszeit auf weniger als 40 Stunden in der Pflege - Organisator","og_description":"Die Pandemie hat den herrschenden Mangel an Fachpersonen, insbesondere in der Pflege, weiter versch\u00e4rft.","og_url":"https:\/\/www.m-q.ch\/de\/lindenhofgruppe-verringert-woechentliche-arbeitszeit-auf-weniger-als-40-stunden-in-der-pflege\/","og_site_name":"Organisator","article_publisher":"https:\/\/www.facebook.com\/OrganisatorFachmagazin","article_published_time":"2022-07-07T12:35:26+00:00","article_modified_time":"2022-07-21T10:35:53+00:00","og_image":[{"url":"https:\/\/www.m-q.ch\/wp-content\/uploads\/2022\/07\/Lindenhofgruppe-verringert-woechentliche-Arbeitszeit-auf-weniger-als-40-Stunden-in-der-Pflege_MQ.jpg","type":"","width":"","height":""}],"author":"galledia","twitter_card":"summary_large_image","twitter_creator":"@admin","schema":{"@context":"https:\/\/schema.org","@graph":[{"@type":"Article","@id":"https:\/\/www.m-q.ch\/de\/lindenhofgruppe-verringert-woechentliche-arbeitszeit-auf-weniger-als-40-stunden-in-der-pflege\/#article","isPartOf":{"@id":"https:\/\/www.organisator.ch\/operational-excellence\/2022-07-07\/lindenhofgruppe-verringert-woechentliche-arbeitszeit-auf-weniger-als-40-stunden-in-der-pflege\/"},"author":{"name":"galledia","@id":"https:\/\/www.organisator.ch\/#\/schema\/person\/4e51799071cd2dd1232ac003643ef5f0"},"headline":"Lindenhofgruppe verringert w\u00f6chentliche Arbeitszeit auf weniger als 40 Stunden in der Pflege","datePublished":"2022-07-07T12:35:26+00:00","dateModified":"2022-07-21T10:35:53+00:00","mainEntityOfPage":{"@id":"https:\/\/www.organisator.ch\/operational-excellence\/2022-07-07\/lindenhofgruppe-verringert-woechentliche-arbeitszeit-auf-weniger-als-40-stunden-in-der-pflege\/"},"wordCount":392,"publisher":{"@id":"https:\/\/www.organisator.ch\/#organization"},"image":{"@id":"https:\/\/www.m-q.ch\/de\/lindenhofgruppe-verringert-woechentliche-arbeitszeit-auf-weniger-als-40-stunden-in-der-pflege\/#primaryimage"},"thumbnailUrl":"https:\/\/www.m-q.ch\/wp-content\/uploads\/2022\/07\/Lindenhofgruppe-verringert-woechentliche-Arbeitszeit-auf-weniger-als-40-Stunden-in-der-Pflege_MQ.jpg","keywords":["Arbeitsbedingungen","Lindenhofgrupp"],"articleSection":["OPERATIONAL EXCELLENCE"],"inLanguage":"de"},{"@type":"WebPage","@id":"https:\/\/www.organisator.ch\/operational-excellence\/2022-07-07\/lindenhofgruppe-verringert-woechentliche-arbeitszeit-auf-weniger-als-40-stunden-in-der-pflege\/","url":"https:\/\/www.m-q.ch\/de\/lindenhofgruppe-verringert-woechentliche-arbeitszeit-auf-weniger-als-40-stunden-in-der-pflege\/","name":"Lindenhofgruppe verringert w\u00f6chentliche Arbeitszeit auf weniger als 40 Stunden in der Pflege - Organisator","isPartOf":{"@id":"https:\/\/www.organisator.ch\/#website"},"primaryImageOfPage":{"@id":"https:\/\/www.m-q.ch\/de\/lindenhofgruppe-verringert-woechentliche-arbeitszeit-auf-weniger-als-40-stunden-in-der-pflege\/#primaryimage"},"image":{"@id":"https:\/\/www.m-q.ch\/de\/lindenhofgruppe-verringert-woechentliche-arbeitszeit-auf-weniger-als-40-stunden-in-der-pflege\/#primaryimage"},"thumbnailUrl":"https:\/\/www.m-q.ch\/wp-content\/uploads\/2022\/07\/Lindenhofgruppe-verringert-woechentliche-Arbeitszeit-auf-weniger-als-40-Stunden-in-der-Pflege_MQ.jpg","datePublished":"2022-07-07T12:35:26+00:00","dateModified":"2022-07-21T10:35:53+00:00","description":"Die Pandemie hat den herrschenden Mangel an Fachpersonen, insbesondere in der Pflege, weiter versch\u00e4rft.","breadcrumb":{"@id":"https:\/\/www.m-q.ch\/de\/lindenhofgruppe-verringert-woechentliche-arbeitszeit-auf-weniger-als-40-stunden-in-der-pflege\/#breadcrumb"},"inLanguage":"de","potentialAction":[{"@type":"ReadAction","target":["https:\/\/www.m-q.ch\/de\/lindenhofgruppe-verringert-woechentliche-arbeitszeit-auf-weniger-als-40-stunden-in-der-pflege\/"]}]},{"@type":"ImageObject","inLanguage":"de","@id":"https:\/\/www.m-q.ch\/de\/lindenhofgruppe-verringert-woechentliche-arbeitszeit-auf-weniger-als-40-stunden-in-der-pflege\/#primaryimage","url":"https:\/\/www.m-q.ch\/wp-content\/uploads\/2022\/07\/Lindenhofgruppe-verringert-woechentliche-Arbeitszeit-auf-weniger-als-40-Stunden-in-der-Pflege_MQ.jpg","contentUrl":"https:\/\/www.m-q.ch\/wp-content\/uploads\/2022\/07\/Lindenhofgruppe-verringert-woechentliche-Arbeitszeit-auf-weniger-als-40-Stunden-in-der-Pflege_MQ.jpg"},{"@type":"BreadcrumbList","@id":"https:\/\/www.m-q.ch\/de\/lindenhofgruppe-verringert-woechentliche-arbeitszeit-auf-weniger-als-40-stunden-in-der-pflege\/#breadcrumb","itemListElement":[{"@type":"ListItem","position":1,"name":"Home","item":"https:\/\/www.organisator.ch\/"},{"@type":"ListItem","position":2,"name":"Lindenhofgruppe verringert w\u00f6chentliche Arbeitszeit auf weniger als 40 Stunden in der Pflege"}]},{"@type":"WebSite","@id":"https:\/\/www.organisator.ch\/#website","url":"https:\/\/www.organisator.ch\/","name":"Organisator","description":"Kompetent. Praxisnah. Der ORGANISATOR bereitet in 10 Ausgaben pro Jahr die wesentlichen Themen f\u00fcr F\u00fchrungskr\u00e4fte von KMU auf.","publisher":{"@id":"https:\/\/www.organisator.ch\/#organization"},"potentialAction":[{"@type":"SearchAction","target":{"@type":"EntryPoint","urlTemplate":"https:\/\/www.organisator.ch\/?s={search_term_string}"},"query-input":{"@type":"PropertyValueSpecification","valueRequired":true,"valueName":"search_term_string"}}],"inLanguage":"de"},{"@type":"Organization","@id":"https:\/\/www.organisator.ch\/#organization","name":"Organisator","url":"https:\/\/www.organisator.ch\/","logo":{"@type":"ImageObject","inLanguage":"de","@id":"https:\/\/www.organisator.ch\/#\/schema\/logo\/image\/","url":"https:\/\/www.organisator.ch\/wp-content\/uploads\/2022\/01\/Logo_Organisator_Website.png","contentUrl":"https:\/\/www.organisator.ch\/wp-content\/uploads\/2022\/01\/Logo_Organisator_Website.png","width":800,"height":77,"caption":"Organisator"},"image":{"@id":"https:\/\/www.organisator.ch\/#\/schema\/logo\/image\/"},"sameAs":["https:\/\/www.facebook.com\/OrganisatorFachmagazin","https:\/\/www.linkedin.com\/showcase\/organisator-das-magazin-fr-kmu","https:\/\/www.xing.com\/news\/pages\/organisator-ch-695","https:\/\/www.youtube.com\/channel\/UCGP2Sq0iWaZwT3BdIAQFYpw"]},{"@type":"Person","@id":"https:\/\/www.organisator.ch\/#\/schema\/person\/4e51799071cd2dd1232ac003643ef5f0","name":"galledia","image":{"@type":"ImageObject","inLanguage":"de","@id":"https:\/\/secure.gravatar.com\/avatar\/78a7f90c01fc2bfc875782a0d4922b37cde2cf184ce347b91316d23cd7f69a36?s=96&d=mm&r=g","url":"https:\/\/secure.gravatar.com\/avatar\/78a7f90c01fc2bfc875782a0d4922b37cde2cf184ce347b91316d23cd7f69a36?s=96&d=mm&r=g","contentUrl":"https:\/\/secure.gravatar.com\/avatar\/78a7f90c01fc2bfc875782a0d4922b37cde2cf184ce347b91316d23cd7f69a36?s=96&d=mm&r=g","caption":"galledia"},"sameAs":["https:\/\/x.com\/admin"],"url":"https:\/\/www.organisator.ch\/de\/author\/galledia\/"}]}},"_links":{"self":[{"href":"https:\/\/www.organisator.ch\/de\/wp-json\/wp\/v2\/posts\/15601","targetHints":{"allow":["GET"]}}],"collection":[{"href":"https:\/\/www.organisator.ch\/de\/wp-json\/wp\/v2\/posts"}],"about":[{"href":"https:\/\/www.organisator.ch\/de\/wp-json\/wp\/v2\/types\/post"}],"author":[{"embeddable":true,"href":"https:\/\/www.organisator.ch\/de\/wp-json\/wp\/v2\/users\/8"}],"replies":[{"embeddable":true,"href":"https:\/\/www.organisator.ch\/de\/wp-json\/wp\/v2\/comments?post=15601"}],"version-history":[{"count":3,"href":"https:\/\/www.organisator.ch\/de\/wp-json\/wp\/v2\/posts\/15601\/revisions"}],"predecessor-version":[{"id":15724,"href":"https:\/\/www.organisator.ch\/de\/wp-json\/wp\/v2\/posts\/15601\/revisions\/15724"}],"wp:attachment":[{"href":"https:\/\/www.organisator.ch\/de\/wp-json\/wp\/v2\/media?parent=15601"}],"wp:term":[{"taxonomy":"category","embeddable":true,"href":"https:\/\/www.organisator.ch\/de\/wp-json\/wp\/v2\/categories?post=15601"},{"taxonomy":"post_tag","embeddable":true,"href":"https:\/\/www.organisator.ch\/de\/wp-json\/wp\/v2\/tags?post=15601"}],"curies":[{"name":"wp","href":"https:\/\/api.w.org\/{rel}","templated":true}]}}