{"id":15655,"date":"2022-07-18T05:21:28","date_gmt":"2022-07-18T03:21:28","guid":{"rendered":"https:\/\/www.organisator.ch\/?p=15655"},"modified":"2022-07-14T11:39:08","modified_gmt":"2022-07-14T09:39:08","slug":"tatort-buero-es-liegt-nicht-immer-am-bildschirm","status":"publish","type":"post","link":"https:\/\/www.organisator.ch\/de\/management\/2022-07-18\/tatort-buero-es-liegt-nicht-immer-am-bildschirm\/","title":{"rendered":"Tatort B\u00fcro: Es liegt nicht immer am Bildschirm"},"content":{"rendered":"<figure id=\"attachment_15656\" aria-describedby=\"caption-attachment-15656\" style=\"width: 680px\" class=\"wp-caption alignnone\"><img loading=\"lazy\" decoding=\"async\" class=\"size-full wp-image-15656\" src=\"https:\/\/www.organisator.ch\/wp-content\/uploads\/2022\/07\/Tatort-Buero-Es-liegt-nicht-immer-am-Bildschirm_Organisator.jpg\" alt=\"\" width=\"680\" height=\"624\" srcset=\"https:\/\/www.organisator.ch\/wp-content\/uploads\/2022\/07\/Tatort-Buero-Es-liegt-nicht-immer-am-Bildschirm_Organisator.jpg 680w, https:\/\/www.organisator.ch\/wp-content\/uploads\/2022\/07\/Tatort-Buero-Es-liegt-nicht-immer-am-Bildschirm_Organisator-13x12.jpg 13w, https:\/\/www.organisator.ch\/wp-content\/uploads\/2022\/07\/Tatort-Buero-Es-liegt-nicht-immer-am-Bildschirm_Organisator-191x175.jpg 191w, https:\/\/www.organisator.ch\/wp-content\/uploads\/2022\/07\/Tatort-Buero-Es-liegt-nicht-immer-am-Bildschirm_Organisator-381x350.jpg 381w, https:\/\/www.organisator.ch\/wp-content\/uploads\/2022\/07\/Tatort-Buero-Es-liegt-nicht-immer-am-Bildschirm_Organisator-300x275.jpg 300w\" sizes=\"auto, (max-width: 680px) 100vw, 680px\" \/><figcaption id=\"caption-attachment-15656\" class=\"wp-caption-text\">Nicht nur der Bildschirm, sondern auch falsch ausgew\u00e4hltes Print-Equipment kann in B\u00fcros f\u00fcr gesundheitliche Probleme sorgen. (Bild: igreeen GmbH)<\/figcaption><\/figure>\n<p>Rote Augen, Kopfschmerzen, nachlassende Konzentration, das latente Gef\u00fchl von M\u00fcdigkeit, Husten und gereizte Schleimhaut \u2013 mittlerweile an der Tagesordnung in <a href=\"https:\/\/www.bfr.bund.de\/de\/gesundheitliche_beschwerden_durch_toner-8644.html\">vielen B\u00fcros<\/a>, und das nicht erst seit Corona. Nach Feststellung der Symptome beginnt die Ursachenforschung, die sich mehr auf Bauchgef\u00fchl und urbane Mythen denn auf Fakten und Wissenschaft st\u00fctzt. Die Liste an Tatverd\u00e4chtigen erstreckt sich von der Klimaanlage \u00fcber Elektrosmog bis zum Staatsfeind Nummer eins, dem Bildschirm. \u201eIntuitiv ergibt dies auch Sinn\u201c, so Tanja Schmidt, Gesch\u00e4ftsf\u00fchrerin des deutschen Unternehmens igreeen solution GmbH und Expertin f\u00fcr technische B\u00fcroausstattung, \u201eschlie\u00dflich starren B\u00fcroarbeiter jeden Tag stundenlang auf die Displays, die bekannterma\u00dfen die Augen \u00fcberfordern. Dass moderne Screens aber oft nicht der \u00dcbelt\u00e4ter sind, sondern die Druckger\u00e4te, wissen viele nicht.\u201c Doch warum ist das so und was hat die Raumluft damit zu tun?<\/p>\n<h3>Gesundheit als wichtigste W\u00e4hrung<\/h3>\n<p>Die Wahl der B\u00fcroausstattung unterliegt oft \u00f6konomischen Faktoren, sodass f\u00fcr viele anscheinend gilt: je kostensparender, desto besser. Oft folgen diesem Trugschluss ernsthafte Konsequenzen, denn das Material, das den Sachbearbeitern dann zur Verf\u00fcgung steht, hat dementsprechend nicht die erhoffte Qualit\u00e4t. Das gilt besonders f\u00fcr den Drucker, der zu den wichtigsten Anschaffungen z\u00e4hlt, da er sich st\u00e4ndig in Benutzung befindet. \u201eHier sparen Unternehmen gerne und kaufen sich Laserdrucker \u2013 in der vermeintlichen Annahme, mit gro\u00dfen Tonern und Lasertechnologie Kosten zu senken\u201c, wei\u00df die Expertin. Jedoch warnt Schmidt: \u201eWer immer nur an Sparpotenziale denkt, der wird \u00fcber kurz oder lang den K\u00fcrzeren ziehen. Denn Gesundheit ist die wichtigste W\u00e4hrung. Stellen Unternehmen Preise vor das Wohlergehen der Mitarbeiter, kommt sie das letztlich teuer zu stehen.\u201c<\/p>\n<h3>Der Teufel steckt im Detail<\/h3>\n<p>Laserdrucker galten lange als Allheilmittel der B\u00fcroarbeit. Jedoch zeigt sich in den Arbeitsprozessen, die die Technologie zwangsl\u00e4ufig ausf\u00fchren muss, dass sie potenziell gesundheitssch\u00e4dlich f\u00fcr Menschen operieren. So muss das Ger\u00e4t vor der Ausf\u00fchrung eines Druckauftrags Walzen im Inneren auf circa 180 Grad erhitzen, was einen L\u00fcfter im Ger\u00e4t zwangsl\u00e4ufig notwendig macht. Gerade durch diesen gelangen jedoch Farbteilchen in die Luft und \u00fcber Umwege in die Lunge, die im Verdacht stehen, Mutationen hervorzurufen. \u201eGleichzeitig produziert das Ger\u00e4t Hochspannung, die in Verbindung mit der Luft Ozon freisetzt, das Atemwegserkrankungen und Reizungen der Schleimh\u00e4ute hervorrufen kann\u201c, erkl\u00e4rt Schmidt. Zus\u00e4tzlich setzt der Vorgang Nanopartikel frei, f\u00fcr die die Forschung wiederholt sch\u00e4dliche Wirkungen auf den <a href=\"https:\/\/www.ncbi.nlm.nih.gov\/pmc\/articles\/PMC4671491\/\">Organismus nachweisen konnte<\/a>. Dar\u00fcber hinaus werden beim Druckprozess die Stoffe Benzol und Styrol abgesondert \u2013 auch sie stehen im Verdacht, <a href=\"https:\/\/www.lgl.bayern.de\/produkte\/technische_geraete\/hinweise\/et_drucker.htm\">krebserregend<\/a> zu sein.<\/p>\n<h3>Ger\u00e4te mit Bedacht ausw\u00e4hlen<\/h3>\n<p>Unternehmen m\u00fcssen sich bei der Anschaffung ihrer Utensilien mehr Gedanken \u00fcber gesundheitliche Belange ihrer Mitarbeiter machen \u2013 wenn nicht bereits aus humanit\u00e4ren, dann auch aus \u00f6konomischen Gr\u00fcnden, denn die Gesundheit beeinflusst die Produktivit\u00e4t der Mitarbeiter. Doch wie kann eine L\u00f6sung aussehen? \u201eEs gibt bereits gesundheitlich unbedenkliche und \u00f6kologisch nachhaltige Drucker, und das auch nicht seit gestern: Tintenstrahl hei\u00dft das Zauberwort. Bei diesen Ger\u00e4ten kommt es erst gar nicht zu den hohen Temperaturentwicklungen und somit bleibt auch die Feinstaubbildung aus\u201c, erl\u00e4utert Schmidt. Auch bei der Qualit\u00e4t gibt es keine Abstriche: Durch nicht wasserl\u00f6sliche Tinte sind diese Systeme heute bereits in der gleichen Leistungsklasse wie Lasersysteme. Die Expertin betont: \u201eIm Verh\u00e4ltnis zum Lasersystem gibt es also keinerlei qualitative Nachteile und daher auch keinen logischen Grund, nicht auf \u00f6kologische Drucksysteme zu setzen.\u201c \u00dcberall da, wo ein Drucker im Gebrauch ist, m\u00fcssen sich die Verantwortlichen Gedanken machen und Ger\u00e4te auch mal austauschen, denn es wird nicht nur am Bildschirm gearbeitet, sondern immer noch h\u00e4ufig ausgedruckt.<\/p>\n<p><em>Quelle und weitere Informationen: <a href=\"http:\/\/www.igreeen.de\">www.igreeen.de<\/a><\/em><\/p>\n","protected":false},"excerpt":{"rendered":"<p>Rote Augen, Kopfschmerzen, nachlassende Konzentration, das latente Gef\u00fchl von M\u00fcdigkeit, Husten und gereizte Schleimhaut \u2013 mittlerweile an der Tagesordnung in vielen B\u00fcros, und das nicht erst seit Corona. Nach Feststellung der Symptome beginnt die Ursachenforschung, die sich mehr auf Bauchgef\u00fchl und urbane Mythen denn auf Fakten und Wissenschaft st\u00fctzt. Die Liste an Tatverd\u00e4chtigen erstreckt sich [&hellip;]<\/p>\n","protected":false},"author":4,"featured_media":15656,"comment_status":"closed","ping_status":"closed","sticky":false,"template":"","format":"standard","meta":{"_acf_changed":false,"_yoast_wpseo_focuskw":"Bildschirm","_yoast_wpseo_metadesc":"Nicht nur der Bildschirm, sondern auch die Auswahl von Print-Equipment beeinflusst die Gesundheit. Worauf sollten Unternehmen setzen?","articlekey":"","footnotes":""},"categories":[28],"tags":[51,102,335],"class_list":["post-15655","post","type-post","status-publish","format-standard","has-post-thumbnail","hentry","category-management","tag-arbeitsplatzgestaltung","tag-buero","tag-management-und-unternehmensfuehrung"],"acf":[],"yoast_head":"<!-- This site is optimized with the Yoast SEO plugin v27.4 - https:\/\/yoast.com\/product\/yoast-seo-wordpress\/ -->\n<title>Tatort B\u00fcro: Es liegt nicht immer am Bildschirm - Organisator<\/title>\n<meta name=\"description\" content=\"Nicht nur der Bildschirm, sondern auch die Auswahl von Print-Equipment beeinflusst die Gesundheit. Worauf sollten Unternehmen setzen?\" \/>\n<meta name=\"robots\" content=\"index, follow, max-snippet:-1, max-image-preview:large, max-video-preview:-1\" \/>\n<link rel=\"canonical\" href=\"https:\/\/www.organisator.ch\/de\/management\/2022-07-18\/tatort-buero-es-liegt-nicht-immer-am-bildschirm\/\" \/>\n<meta property=\"og:locale\" content=\"de_DE\" \/>\n<meta property=\"og:type\" content=\"article\" \/>\n<meta property=\"og:title\" content=\"Tatort B\u00fcro: Es liegt nicht immer am Bildschirm\" \/>\n<meta property=\"og:description\" content=\"Nicht nur der Bildschirm, sondern auch die Auswahl von Print-Equipment beeinflusst die Gesundheit. Worauf sollten Unternehmen setzen?\" \/>\n<meta property=\"og:url\" content=\"https:\/\/www.organisator.ch\/de\/management\/2022-07-18\/tatort-buero-es-liegt-nicht-immer-am-bildschirm\/\" \/>\n<meta property=\"og:site_name\" content=\"Organisator\" \/>\n<meta property=\"article:publisher\" content=\"https:\/\/www.facebook.com\/OrganisatorFachmagazin\" \/>\n<meta property=\"article:published_time\" content=\"2022-07-18T03:21:28+00:00\" \/>\n<meta property=\"og:image\" content=\"https:\/\/www.organisator.ch\/wp-content\/uploads\/2022\/07\/Tatort-Buero-Es-liegt-nicht-immer-am-Bildschirm_Organisator.jpg\" \/>\n\t<meta property=\"og:image:width\" content=\"680\" \/>\n\t<meta property=\"og:image:height\" content=\"624\" \/>\n\t<meta property=\"og:image:type\" content=\"image\/jpeg\" \/>\n<meta name=\"author\" content=\"thomas.berner\" \/>\n<meta name=\"twitter:card\" content=\"summary_large_image\" \/>\n<meta name=\"twitter:title\" content=\"Tatort B\u00fcro: Es liegt nicht immer am #Bildschirm\" \/>\n<meta name=\"twitter:description\" content=\"Nicht nur der #Bildschirm, sondern auch die Auswahl von #Print-Equipment beeinflusst die Gesundheit. Worauf sollten Unternehmen setzen?\" \/>\n<meta name=\"twitter:image\" content=\"https:\/\/www.organisator.ch\/wp-content\/uploads\/2022\/07\/Tatort-Buero-Es-liegt-nicht-immer-am-Bildschirm_Organisator.jpg\" \/>\n<script type=\"application\/ld+json\" class=\"yoast-schema-graph\">{\"@context\":\"https:\\\/\\\/schema.org\",\"@graph\":[{\"@type\":\"Article\",\"@id\":\"https:\\\/\\\/www.organisator.ch\\\/management\\\/2022-07-18\\\/tatort-buero-es-liegt-nicht-immer-am-bildschirm\\\/#article\",\"isPartOf\":{\"@id\":\"https:\\\/\\\/www.organisator.ch\\\/management\\\/2022-07-18\\\/tatort-buero-es-liegt-nicht-immer-am-bildschirm\\\/\"},\"author\":{\"name\":\"thomas.berner\",\"@id\":\"https:\\\/\\\/www.organisator.ch\\\/#\\\/schema\\\/person\\\/6f650f90b2842cd4c0cc334b4e36f67e\"},\"headline\":\"Tatort B\u00fcro: Es liegt nicht immer am Bildschirm\",\"datePublished\":\"2022-07-18T03:21:28+00:00\",\"mainEntityOfPage\":{\"@id\":\"https:\\\/\\\/www.organisator.ch\\\/management\\\/2022-07-18\\\/tatort-buero-es-liegt-nicht-immer-am-bildschirm\\\/\"},\"wordCount\":656,\"publisher\":{\"@id\":\"https:\\\/\\\/www.organisator.ch\\\/#organization\"},\"image\":{\"@id\":\"https:\\\/\\\/www.organisator.ch\\\/management\\\/2022-07-18\\\/tatort-buero-es-liegt-nicht-immer-am-bildschirm\\\/#primaryimage\"},\"thumbnailUrl\":\"https:\\\/\\\/www.organisator.ch\\\/wp-content\\\/uploads\\\/2022\\\/07\\\/Tatort-Buero-Es-liegt-nicht-immer-am-Bildschirm_Organisator.jpg\",\"keywords\":[\"Arbeitsplatzgestaltung\",\"B\u00fcro\",\"Management und Unternehmensf\u00fchrung\"],\"articleSection\":[\"MANAGEMENT\"],\"inLanguage\":\"de\"},{\"@type\":\"WebPage\",\"@id\":\"https:\\\/\\\/www.organisator.ch\\\/management\\\/2022-07-18\\\/tatort-buero-es-liegt-nicht-immer-am-bildschirm\\\/\",\"url\":\"https:\\\/\\\/www.organisator.ch\\\/management\\\/2022-07-18\\\/tatort-buero-es-liegt-nicht-immer-am-bildschirm\\\/\",\"name\":\"Tatort B\u00fcro: Es liegt nicht immer am Bildschirm - Organisator\",\"isPartOf\":{\"@id\":\"https:\\\/\\\/www.organisator.ch\\\/#website\"},\"primaryImageOfPage\":{\"@id\":\"https:\\\/\\\/www.organisator.ch\\\/management\\\/2022-07-18\\\/tatort-buero-es-liegt-nicht-immer-am-bildschirm\\\/#primaryimage\"},\"image\":{\"@id\":\"https:\\\/\\\/www.organisator.ch\\\/management\\\/2022-07-18\\\/tatort-buero-es-liegt-nicht-immer-am-bildschirm\\\/#primaryimage\"},\"thumbnailUrl\":\"https:\\\/\\\/www.organisator.ch\\\/wp-content\\\/uploads\\\/2022\\\/07\\\/Tatort-Buero-Es-liegt-nicht-immer-am-Bildschirm_Organisator.jpg\",\"datePublished\":\"2022-07-18T03:21:28+00:00\",\"description\":\"Nicht nur der Bildschirm, sondern auch die Auswahl von Print-Equipment beeinflusst die Gesundheit. Worauf sollten Unternehmen setzen?\",\"breadcrumb\":{\"@id\":\"https:\\\/\\\/www.organisator.ch\\\/management\\\/2022-07-18\\\/tatort-buero-es-liegt-nicht-immer-am-bildschirm\\\/#breadcrumb\"},\"inLanguage\":\"de\",\"potentialAction\":[{\"@type\":\"ReadAction\",\"target\":[\"https:\\\/\\\/www.organisator.ch\\\/management\\\/2022-07-18\\\/tatort-buero-es-liegt-nicht-immer-am-bildschirm\\\/\"]}]},{\"@type\":\"ImageObject\",\"inLanguage\":\"de\",\"@id\":\"https:\\\/\\\/www.organisator.ch\\\/management\\\/2022-07-18\\\/tatort-buero-es-liegt-nicht-immer-am-bildschirm\\\/#primaryimage\",\"url\":\"https:\\\/\\\/www.organisator.ch\\\/wp-content\\\/uploads\\\/2022\\\/07\\\/Tatort-Buero-Es-liegt-nicht-immer-am-Bildschirm_Organisator.jpg\",\"contentUrl\":\"https:\\\/\\\/www.organisator.ch\\\/wp-content\\\/uploads\\\/2022\\\/07\\\/Tatort-Buero-Es-liegt-nicht-immer-am-Bildschirm_Organisator.jpg\",\"width\":680,\"height\":624,\"caption\":\"Nicht nur der Bildschirm, sondern auch falsch ausgew\u00e4hltes Print-Equipment kann in B\u00fcros f\u00fcr gesundheitliche Probleme sorgen. (Bild: igreeen GmbH)\"},{\"@type\":\"BreadcrumbList\",\"@id\":\"https:\\\/\\\/www.organisator.ch\\\/management\\\/2022-07-18\\\/tatort-buero-es-liegt-nicht-immer-am-bildschirm\\\/#breadcrumb\",\"itemListElement\":[{\"@type\":\"ListItem\",\"position\":1,\"name\":\"Home\",\"item\":\"https:\\\/\\\/www.organisator.ch\\\/\"},{\"@type\":\"ListItem\",\"position\":2,\"name\":\"Tatort B\u00fcro: Es liegt nicht immer am Bildschirm\"}]},{\"@type\":\"WebSite\",\"@id\":\"https:\\\/\\\/www.organisator.ch\\\/#website\",\"url\":\"https:\\\/\\\/www.organisator.ch\\\/\",\"name\":\"Organisator\",\"description\":\"Kompetent. Praxisnah. Der ORGANISATOR bereitet in 10 Ausgaben pro Jahr die wesentlichen Themen f\u00fcr F\u00fchrungskr\u00e4fte von KMU auf.\",\"publisher\":{\"@id\":\"https:\\\/\\\/www.organisator.ch\\\/#organization\"},\"potentialAction\":[{\"@type\":\"SearchAction\",\"target\":{\"@type\":\"EntryPoint\",\"urlTemplate\":\"https:\\\/\\\/www.organisator.ch\\\/?s={search_term_string}\"},\"query-input\":{\"@type\":\"PropertyValueSpecification\",\"valueRequired\":true,\"valueName\":\"search_term_string\"}}],\"inLanguage\":\"de\"},{\"@type\":\"Organization\",\"@id\":\"https:\\\/\\\/www.organisator.ch\\\/#organization\",\"name\":\"Organisator\",\"url\":\"https:\\\/\\\/www.organisator.ch\\\/\",\"logo\":{\"@type\":\"ImageObject\",\"inLanguage\":\"de\",\"@id\":\"https:\\\/\\\/www.organisator.ch\\\/#\\\/schema\\\/logo\\\/image\\\/\",\"url\":\"https:\\\/\\\/www.organisator.ch\\\/wp-content\\\/uploads\\\/2022\\\/01\\\/Logo_Organisator_Website.png\",\"contentUrl\":\"https:\\\/\\\/www.organisator.ch\\\/wp-content\\\/uploads\\\/2022\\\/01\\\/Logo_Organisator_Website.png\",\"width\":800,\"height\":77,\"caption\":\"Organisator\"},\"image\":{\"@id\":\"https:\\\/\\\/www.organisator.ch\\\/#\\\/schema\\\/logo\\\/image\\\/\"},\"sameAs\":[\"https:\\\/\\\/www.facebook.com\\\/OrganisatorFachmagazin\",\"https:\\\/\\\/www.linkedin.com\\\/showcase\\\/organisator-das-magazin-fr-kmu\",\"https:\\\/\\\/www.xing.com\\\/news\\\/pages\\\/organisator-ch-695\",\"https:\\\/\\\/www.youtube.com\\\/channel\\\/UCGP2Sq0iWaZwT3BdIAQFYpw\"]},{\"@type\":\"Person\",\"@id\":\"https:\\\/\\\/www.organisator.ch\\\/#\\\/schema\\\/person\\\/6f650f90b2842cd4c0cc334b4e36f67e\",\"name\":\"thomas.berner\",\"image\":{\"@type\":\"ImageObject\",\"inLanguage\":\"de\",\"@id\":\"https:\\\/\\\/secure.gravatar.com\\\/avatar\\\/ac5001d2a36cb6c6cd3e50789007ffca834b477b74a2144564522e944eabff61?s=96&d=mm&r=g\",\"url\":\"https:\\\/\\\/secure.gravatar.com\\\/avatar\\\/ac5001d2a36cb6c6cd3e50789007ffca834b477b74a2144564522e944eabff61?s=96&d=mm&r=g\",\"contentUrl\":\"https:\\\/\\\/secure.gravatar.com\\\/avatar\\\/ac5001d2a36cb6c6cd3e50789007ffca834b477b74a2144564522e944eabff61?s=96&d=mm&r=g\",\"caption\":\"thomas.berner\"},\"url\":\"https:\\\/\\\/www.organisator.ch\\\/de\\\/author\\\/thomas-berner\\\/\"}]}<\/script>\n<!-- \/ Yoast SEO plugin. -->","yoast_head_json":{"title":"Tatort B\u00fcro: Es liegt nicht immer am Bildschirm - Organisator","description":"Nicht nur der Bildschirm, sondern auch die Auswahl von Print-Equipment beeinflusst die Gesundheit. Worauf sollten Unternehmen setzen?","robots":{"index":"index","follow":"follow","max-snippet":"max-snippet:-1","max-image-preview":"max-image-preview:large","max-video-preview":"max-video-preview:-1"},"canonical":"https:\/\/www.organisator.ch\/de\/management\/2022-07-18\/tatort-buero-es-liegt-nicht-immer-am-bildschirm\/","og_locale":"de_DE","og_type":"article","og_title":"Tatort B\u00fcro: Es liegt nicht immer am Bildschirm","og_description":"Nicht nur der Bildschirm, sondern auch die Auswahl von Print-Equipment beeinflusst die Gesundheit. Worauf sollten Unternehmen setzen?","og_url":"https:\/\/www.organisator.ch\/de\/management\/2022-07-18\/tatort-buero-es-liegt-nicht-immer-am-bildschirm\/","og_site_name":"Organisator","article_publisher":"https:\/\/www.facebook.com\/OrganisatorFachmagazin","article_published_time":"2022-07-18T03:21:28+00:00","og_image":[{"width":680,"height":624,"url":"https:\/\/www.organisator.ch\/wp-content\/uploads\/2022\/07\/Tatort-Buero-Es-liegt-nicht-immer-am-Bildschirm_Organisator.jpg","type":"image\/jpeg"}],"author":"thomas.berner","twitter_card":"summary_large_image","twitter_title":"Tatort B\u00fcro: Es liegt nicht immer am #Bildschirm","twitter_description":"Nicht nur der #Bildschirm, sondern auch die Auswahl von #Print-Equipment beeinflusst die Gesundheit. Worauf sollten Unternehmen setzen?","twitter_image":"https:\/\/www.organisator.ch\/wp-content\/uploads\/2022\/07\/Tatort-Buero-Es-liegt-nicht-immer-am-Bildschirm_Organisator.jpg","schema":{"@context":"https:\/\/schema.org","@graph":[{"@type":"Article","@id":"https:\/\/www.organisator.ch\/management\/2022-07-18\/tatort-buero-es-liegt-nicht-immer-am-bildschirm\/#article","isPartOf":{"@id":"https:\/\/www.organisator.ch\/management\/2022-07-18\/tatort-buero-es-liegt-nicht-immer-am-bildschirm\/"},"author":{"name":"thomas.berner","@id":"https:\/\/www.organisator.ch\/#\/schema\/person\/6f650f90b2842cd4c0cc334b4e36f67e"},"headline":"Tatort B\u00fcro: Es liegt nicht immer am Bildschirm","datePublished":"2022-07-18T03:21:28+00:00","mainEntityOfPage":{"@id":"https:\/\/www.organisator.ch\/management\/2022-07-18\/tatort-buero-es-liegt-nicht-immer-am-bildschirm\/"},"wordCount":656,"publisher":{"@id":"https:\/\/www.organisator.ch\/#organization"},"image":{"@id":"https:\/\/www.organisator.ch\/management\/2022-07-18\/tatort-buero-es-liegt-nicht-immer-am-bildschirm\/#primaryimage"},"thumbnailUrl":"https:\/\/www.organisator.ch\/wp-content\/uploads\/2022\/07\/Tatort-Buero-Es-liegt-nicht-immer-am-Bildschirm_Organisator.jpg","keywords":["Arbeitsplatzgestaltung","B\u00fcro","Management und Unternehmensf\u00fchrung"],"articleSection":["MANAGEMENT"],"inLanguage":"de"},{"@type":"WebPage","@id":"https:\/\/www.organisator.ch\/management\/2022-07-18\/tatort-buero-es-liegt-nicht-immer-am-bildschirm\/","url":"https:\/\/www.organisator.ch\/management\/2022-07-18\/tatort-buero-es-liegt-nicht-immer-am-bildschirm\/","name":"Tatort B\u00fcro: Es liegt nicht immer am Bildschirm - Organisator","isPartOf":{"@id":"https:\/\/www.organisator.ch\/#website"},"primaryImageOfPage":{"@id":"https:\/\/www.organisator.ch\/management\/2022-07-18\/tatort-buero-es-liegt-nicht-immer-am-bildschirm\/#primaryimage"},"image":{"@id":"https:\/\/www.organisator.ch\/management\/2022-07-18\/tatort-buero-es-liegt-nicht-immer-am-bildschirm\/#primaryimage"},"thumbnailUrl":"https:\/\/www.organisator.ch\/wp-content\/uploads\/2022\/07\/Tatort-Buero-Es-liegt-nicht-immer-am-Bildschirm_Organisator.jpg","datePublished":"2022-07-18T03:21:28+00:00","description":"Nicht nur der Bildschirm, sondern auch die Auswahl von Print-Equipment beeinflusst die Gesundheit. Worauf sollten Unternehmen setzen?","breadcrumb":{"@id":"https:\/\/www.organisator.ch\/management\/2022-07-18\/tatort-buero-es-liegt-nicht-immer-am-bildschirm\/#breadcrumb"},"inLanguage":"de","potentialAction":[{"@type":"ReadAction","target":["https:\/\/www.organisator.ch\/management\/2022-07-18\/tatort-buero-es-liegt-nicht-immer-am-bildschirm\/"]}]},{"@type":"ImageObject","inLanguage":"de","@id":"https:\/\/www.organisator.ch\/management\/2022-07-18\/tatort-buero-es-liegt-nicht-immer-am-bildschirm\/#primaryimage","url":"https:\/\/www.organisator.ch\/wp-content\/uploads\/2022\/07\/Tatort-Buero-Es-liegt-nicht-immer-am-Bildschirm_Organisator.jpg","contentUrl":"https:\/\/www.organisator.ch\/wp-content\/uploads\/2022\/07\/Tatort-Buero-Es-liegt-nicht-immer-am-Bildschirm_Organisator.jpg","width":680,"height":624,"caption":"Nicht nur der Bildschirm, sondern auch falsch ausgew\u00e4hltes Print-Equipment kann in B\u00fcros f\u00fcr gesundheitliche Probleme sorgen. (Bild: igreeen GmbH)"},{"@type":"BreadcrumbList","@id":"https:\/\/www.organisator.ch\/management\/2022-07-18\/tatort-buero-es-liegt-nicht-immer-am-bildschirm\/#breadcrumb","itemListElement":[{"@type":"ListItem","position":1,"name":"Home","item":"https:\/\/www.organisator.ch\/"},{"@type":"ListItem","position":2,"name":"Tatort B\u00fcro: Es liegt nicht immer am Bildschirm"}]},{"@type":"WebSite","@id":"https:\/\/www.organisator.ch\/#website","url":"https:\/\/www.organisator.ch\/","name":"Organisator","description":"Kompetent. Praxisnah. Der ORGANISATOR bereitet in 10 Ausgaben pro Jahr die wesentlichen Themen f\u00fcr F\u00fchrungskr\u00e4fte von KMU auf.","publisher":{"@id":"https:\/\/www.organisator.ch\/#organization"},"potentialAction":[{"@type":"SearchAction","target":{"@type":"EntryPoint","urlTemplate":"https:\/\/www.organisator.ch\/?s={search_term_string}"},"query-input":{"@type":"PropertyValueSpecification","valueRequired":true,"valueName":"search_term_string"}}],"inLanguage":"de"},{"@type":"Organization","@id":"https:\/\/www.organisator.ch\/#organization","name":"Organisator","url":"https:\/\/www.organisator.ch\/","logo":{"@type":"ImageObject","inLanguage":"de","@id":"https:\/\/www.organisator.ch\/#\/schema\/logo\/image\/","url":"https:\/\/www.organisator.ch\/wp-content\/uploads\/2022\/01\/Logo_Organisator_Website.png","contentUrl":"https:\/\/www.organisator.ch\/wp-content\/uploads\/2022\/01\/Logo_Organisator_Website.png","width":800,"height":77,"caption":"Organisator"},"image":{"@id":"https:\/\/www.organisator.ch\/#\/schema\/logo\/image\/"},"sameAs":["https:\/\/www.facebook.com\/OrganisatorFachmagazin","https:\/\/www.linkedin.com\/showcase\/organisator-das-magazin-fr-kmu","https:\/\/www.xing.com\/news\/pages\/organisator-ch-695","https:\/\/www.youtube.com\/channel\/UCGP2Sq0iWaZwT3BdIAQFYpw"]},{"@type":"Person","@id":"https:\/\/www.organisator.ch\/#\/schema\/person\/6f650f90b2842cd4c0cc334b4e36f67e","name":"thomas.berner","image":{"@type":"ImageObject","inLanguage":"de","@id":"https:\/\/secure.gravatar.com\/avatar\/ac5001d2a36cb6c6cd3e50789007ffca834b477b74a2144564522e944eabff61?s=96&d=mm&r=g","url":"https:\/\/secure.gravatar.com\/avatar\/ac5001d2a36cb6c6cd3e50789007ffca834b477b74a2144564522e944eabff61?s=96&d=mm&r=g","contentUrl":"https:\/\/secure.gravatar.com\/avatar\/ac5001d2a36cb6c6cd3e50789007ffca834b477b74a2144564522e944eabff61?s=96&d=mm&r=g","caption":"thomas.berner"},"url":"https:\/\/www.organisator.ch\/de\/author\/thomas-berner\/"}]}},"_links":{"self":[{"href":"https:\/\/www.organisator.ch\/de\/wp-json\/wp\/v2\/posts\/15655","targetHints":{"allow":["GET"]}}],"collection":[{"href":"https:\/\/www.organisator.ch\/de\/wp-json\/wp\/v2\/posts"}],"about":[{"href":"https:\/\/www.organisator.ch\/de\/wp-json\/wp\/v2\/types\/post"}],"author":[{"embeddable":true,"href":"https:\/\/www.organisator.ch\/de\/wp-json\/wp\/v2\/users\/4"}],"replies":[{"embeddable":true,"href":"https:\/\/www.organisator.ch\/de\/wp-json\/wp\/v2\/comments?post=15655"}],"version-history":[{"count":1,"href":"https:\/\/www.organisator.ch\/de\/wp-json\/wp\/v2\/posts\/15655\/revisions"}],"predecessor-version":[{"id":15657,"href":"https:\/\/www.organisator.ch\/de\/wp-json\/wp\/v2\/posts\/15655\/revisions\/15657"}],"wp:featuredmedia":[{"embeddable":true,"href":"https:\/\/www.organisator.ch\/de\/wp-json\/wp\/v2\/media\/15656"}],"wp:attachment":[{"href":"https:\/\/www.organisator.ch\/de\/wp-json\/wp\/v2\/media?parent=15655"}],"wp:term":[{"taxonomy":"category","embeddable":true,"href":"https:\/\/www.organisator.ch\/de\/wp-json\/wp\/v2\/categories?post=15655"},{"taxonomy":"post_tag","embeddable":true,"href":"https:\/\/www.organisator.ch\/de\/wp-json\/wp\/v2\/tags?post=15655"}],"curies":[{"name":"wp","href":"https:\/\/api.w.org\/{rel}","templated":true}]}}