{"id":1574,"date":"2017-03-01T16:18:03","date_gmt":"2017-03-01T15:18:03","guid":{"rendered":"https:\/\/www.organisator.ch\/?p=1574"},"modified":"2017-03-01T16:18:03","modified_gmt":"2017-03-01T15:18:03","slug":"1574-2","status":"publish","type":"post","link":"https:\/\/www.organisator.ch\/de\/human-resources\/fit_im_job\/2017-03-01\/1574-2\/","title":{"rendered":"ADP Studie ortet die gl\u00fccklichsten Arbeitskr\u00e4fte in Mitteleuropa"},"content":{"rendered":"<figure id=\"attachment_1576\" aria-describedby=\"caption-attachment-1576\" style=\"width: 578px\" class=\"wp-caption alignnone\"><img loading=\"lazy\" decoding=\"async\" class=\"size-full wp-image-1576\" src=\"https:\/\/www.organisator.ch\/wp-content\/uploads\/2017\/03\/Europas-gluecklichste-Arbeitskraefte-wie-schneidet-die-Schweiz-ab-org-organisator.jpg\" alt=\"\" width=\"578\" height=\"480\" srcset=\"https:\/\/www.organisator.ch\/wp-content\/uploads\/2017\/03\/Europas-gluecklichste-Arbeitskraefte-wie-schneidet-die-Schweiz-ab-org-organisator.jpg 578w, https:\/\/www.organisator.ch\/wp-content\/uploads\/2017\/03\/Europas-gluecklichste-Arbeitskraefte-wie-schneidet-die-Schweiz-ab-org-organisator-14x12.jpg 14w, https:\/\/www.organisator.ch\/wp-content\/uploads\/2017\/03\/Europas-gluecklichste-Arbeitskraefte-wie-schneidet-die-Schweiz-ab-org-organisator-211x175.jpg 211w, https:\/\/www.organisator.ch\/wp-content\/uploads\/2017\/03\/Europas-gluecklichste-Arbeitskraefte-wie-schneidet-die-Schweiz-ab-org-organisator-421x350.jpg 421w, https:\/\/www.organisator.ch\/wp-content\/uploads\/2017\/03\/Europas-gluecklichste-Arbeitskraefte-wie-schneidet-die-Schweiz-ab-org-organisator-300x249.jpg 300w\" sizes=\"auto, (max-width: 578px) 100vw, 578px\" \/><figcaption id=\"caption-attachment-1576\" class=\"wp-caption-text\">Es heisst die gl\u00fccklichsten Arbeitsnehmer erbringen bessere, wenn nicht h\u00f6here Leistungen. (Bild: Depositphotos_minerva)<\/figcaption><\/figure>\n<p>Die ADP Studie zeit, wo die gl\u00fccklichsten Mitarbeiter arbeiten. Im Folgenden sind die Top f\u00fcnf der europ\u00e4ischen L\u00e4nder nach der Zufriedenheit der Arbeiter aufgelistet:<\/p>\n<ol>\n<li>Niederlande (76%)<\/li>\n<li>Polen (74%)<\/li>\n<li>Schweiz (73%)<\/li>\n<li>Spanien (71%)<\/li>\n<li>Grossbritannien, Frankreich und Deutschland (68%)<\/li>\n<\/ol>\n<p><strong>Unterschiedliche Kriterien <\/strong><\/p>\n<p>Trotz hoher Arbeitszufriedenheit w\u00fcrden 86% der polnischen Arbeitnehmer eine Karrierechance in einem anderen Land in Betracht ziehen \u2013 im Vergleich zu 54% der Befragten in Frankreich, die in der Regel geringere Zufriedenheit und Optimismus als die polnischen Besch\u00e4ftigten angeben. Diese Ergebnisse sind in Bezug auf die Besch\u00e4ftigunszahlen interessant. Zum Beispiel ist die Arbeitslosigkeit mit 18,9% in Spanien ersch\u00fctternd hoch. Hohe Zufriedenheit in der Arbeit d\u00fcrfte ein direktes Ergebnis der vergleichenden Sicherheit im Beruf sein.<\/p>\n<p>Deutsche Mitarbeiter sehen am zuversichtlichsten in die Arbeitszukunft. 83% von ihnen sind optimistisch. Grossbritannien verzeichnet den gr\u00f6ssten R\u00fcckgang im Vergleich zum letzten Jahr (76% vs. 81%). Da Grossbritannien eine der st\u00e4rksten Volkswirtschaften in Europa mit hohem Besch\u00e4ftigungslevel ist, ist wohl dem Ergebnis des EU-Referendums dieser Fall zuzuschreiben.<\/p>\n<p><strong>Demographischer Wandel<\/strong><\/p>\n<p>J\u00fcngere Arbeitnehmer neigen dazu, einen h\u00f6heren Optimismus zu zeigen, wobei 85% der 16- bis 24-J\u00e4hrigen \u00fcber die Zukunft der Arbeit optimistisch sind, im Vergleich zu einem Gesamtdurchschnitt von 78%. Dies f\u00e4llt auf 72% in der 55 + Altersgruppe \u2013 was darauf hindeutet, dass Optimismus mit dem Alter abnimmt.<\/p>\n<p><strong>Zufriedenste Bereiche <\/strong><\/p>\n<p>Mittlerweile entwickelt sich die Telekommunikation- und IT-Branche als die zufriedenste Industrie \u00fcberhaupt. 79% der Arbeitnehmer geben an zufrieden zu sein. Im Gegensatz dazu berichteten nur 65% der Besch\u00e4ftigten im Einzelhandel, in der Gastronomie und in der Freizeitindustrie, dass sie zufrieden w\u00e4ren.<\/p>\n<p>Sebastien Moyon, Service Delivery Director bei ADP Switzerland, kommentiert: \u201eEs ist seit langem anerkannt, dass sich die Zufriedenheit der Mitarbeiter sehr auf die Produktion auswirkt. Organisationen m\u00fcssen darauf achten, dass ihre Mitarbeiter gl\u00fccklich, engagiert und zufrieden in ihrer Rolle sind.\u201c<\/p>\n<p><em>F\u00fcr mehr Informationen, lesen Sie bitte die Studie \u201eDie Arbeitnehmersicht in Europa 2017\u201c unter diesem <a href=\"http:\/\/www.adp.ch\/the-workforce-view\/the-workforce-view\">Link<\/a><\/em><\/p>\n<p><a href=\"http:\/\/www.adp.ch\">www.adp.ch<\/a><\/p>\n<p>&nbsp;<\/p>\n","protected":false},"excerpt":{"rendered":"<p>Die ADP Studie zeit, wo die gl\u00fccklichsten Mitarbeiter arbeiten. Im Folgenden sind die Top f\u00fcnf der europ\u00e4ischen L\u00e4nder nach der Zufriedenheit der Arbeiter aufgelistet: Niederlande (76%) Polen (74%) Schweiz (73%) Spanien (71%) Grossbritannien, Frankreich und Deutschland (68%) Unterschiedliche Kriterien Trotz hoher Arbeitszufriedenheit w\u00fcrden 86% der polnischen Arbeitnehmer eine Karrierechance in einem anderen Land in Betracht [&hellip;]<\/p>\n","protected":false},"author":5,"featured_media":1576,"comment_status":"open","ping_status":"open","sticky":false,"template":"","format":"standard","meta":{"_acf_changed":false,"_yoast_wpseo_focuskw":"ADP Studie","_yoast_wpseo_metadesc":"Laut einer Studie von ADP berichten Arbeitnehmer, die in Spanien, den Niederlanden und Polen besch\u00e4ftigt sind, von der h\u00f6chsten Arbeitszufriedenheit.","articlekey":"","footnotes":""},"categories":[25],"tags":[51,58,208,254,459],"class_list":["post-1574","post","type-post","status-publish","format-standard","has-post-thumbnail","hentry","category-fit_im_job","tag-arbeitsplatzgestaltung","tag-arbeitszufriedenheit","tag-fit-im-job","tag-hrm","tag-studie"],"acf":[],"yoast_head":"<!-- This site is optimized with the Yoast SEO plugin v27.5 - https:\/\/yoast.com\/product\/yoast-seo-wordpress\/ -->\n<title>ADP Studie ortet die gl\u00fccklichsten Arbeitskr\u00e4fte in Mitteleuropa - Organisator<\/title>\n<meta name=\"description\" content=\"Laut einer Studie von ADP berichten Arbeitnehmer, die in Spanien, den Niederlanden und Polen besch\u00e4ftigt sind, von der h\u00f6chsten Arbeitszufriedenheit.\" \/>\n<meta name=\"robots\" content=\"index, follow, max-snippet:-1, max-image-preview:large, max-video-preview:-1\" \/>\n<link rel=\"canonical\" href=\"https:\/\/www.m-q.ch\/adp-studie-zeigt-die-gluecklichsten-arbeitskraefte-wie-schneidet-die-schweiz-ab\/\" \/>\n<meta property=\"og:locale\" content=\"de_DE\" \/>\n<meta property=\"og:type\" content=\"article\" \/>\n<meta property=\"og:title\" content=\"ADP Studie ortet die gl\u00fccklichsten Arbeitskr\u00e4fte in Mitteleuropa\" \/>\n<meta property=\"og:description\" content=\"Laut einer Studie von #ADP berichten Arbeitnehmer, die in Spanien, den Niederlanden und Polen besch\u00e4ftigt sind, von der h\u00f6chsten #Arbeitszufriedenheit. Bei der neuen Studie wurden fast 10&#039;000 europ\u00e4ische, erwachsene Arbeitskr\u00e4fte befragt, was sie von der Zukunft der Arbeit, internationalem Wettbewerb und #Talentmanagement halten.\" \/>\n<meta property=\"og:url\" content=\"https:\/\/www.m-q.ch\/adp-studie-zeigt-die-gluecklichsten-arbeitskraefte-wie-schneidet-die-schweiz-ab\/\" \/>\n<meta property=\"og:site_name\" content=\"Organisator\" \/>\n<meta property=\"article:publisher\" content=\"https:\/\/www.facebook.com\/OrganisatorFachmagazin\" \/>\n<meta property=\"article:published_time\" content=\"2017-03-01T15:18:03+00:00\" \/>\n<meta property=\"og:image\" content=\"https:\/\/www.organisator.ch\/wp-content\/uploads\/2017\/03\/Europas-gluecklichste-Arbeitskraefte-wie-schneidet-die-Schweiz-ab-org-organisator.jpg\" \/>\n\t<meta property=\"og:image:width\" content=\"578\" \/>\n\t<meta property=\"og:image:height\" content=\"480\" \/>\n\t<meta property=\"og:image:type\" content=\"image\/jpeg\" \/>\n<meta name=\"author\" content=\"michael.merz\" \/>\n<meta name=\"twitter:card\" content=\"summary_large_image\" \/>\n<meta name=\"twitter:title\" content=\"ADP Studie ortet die gl\u00fccklichsten Arbeitskr\u00e4fte in Mitteleuropa #gl\u00fccklicheArbeitskr\u00e4fte\" \/>\n<meta name=\"twitter:description\" content=\"Laut einer Studie von ADP berichten Arbeitnehmer, die in Spanien, den Niederlanden und Polen besch\u00e4ftigt sind, von der h\u00f6chsten Arbeitszufriedenheit. Bei der neuen Studie wurden fast 10&#039;000 europ\u00e4ische, erwachsene Arbeitskr\u00e4fte befragt, was sie von der Zukunft der Arbeit, internationalem Wettbewerb und Talentmanagement halten.\" \/>\n<meta name=\"twitter:image\" content=\"https:\/\/www.organisator.ch\/wp-content\/uploads\/2017\/03\/Europas-gl\u00fccklichste-Arbeitskr\u00e4fte-wie-schneidet-die-Schweiz-ab-org-organisator.jpg\" \/>\n<script type=\"application\/ld+json\" class=\"yoast-schema-graph\">{\"@context\":\"https:\\\/\\\/schema.org\",\"@graph\":[{\"@type\":\"Article\",\"@id\":\"https:\\\/\\\/www.m-q.ch\\\/adp-studie-zeigt-die-gluecklichsten-arbeitskraefte-wie-schneidet-die-schweiz-ab\\\/#article\",\"isPartOf\":{\"@id\":\"https:\\\/\\\/www.organisator.ch\\\/human-resources\\\/fit_im_job\\\/2017-03-01\\\/1574-2\\\/\"},\"author\":{\"name\":\"michael.merz\",\"@id\":\"https:\\\/\\\/www.organisator.ch\\\/#\\\/schema\\\/person\\\/134708ca9321c57b0362cceb7948ffbd\"},\"headline\":\"ADP Studie ortet die gl\u00fccklichsten Arbeitskr\u00e4fte in Mitteleuropa\",\"datePublished\":\"2017-03-01T15:18:03+00:00\",\"mainEntityOfPage\":{\"@id\":\"https:\\\/\\\/www.organisator.ch\\\/human-resources\\\/fit_im_job\\\/2017-03-01\\\/1574-2\\\/\"},\"wordCount\":347,\"commentCount\":0,\"publisher\":{\"@id\":\"https:\\\/\\\/www.organisator.ch\\\/#organization\"},\"image\":{\"@id\":\"https:\\\/\\\/www.m-q.ch\\\/adp-studie-zeigt-die-gluecklichsten-arbeitskraefte-wie-schneidet-die-schweiz-ab\\\/#primaryimage\"},\"thumbnailUrl\":\"https:\\\/\\\/www.organisator.ch\\\/wp-content\\\/uploads\\\/2017\\\/03\\\/Europas-gluecklichste-Arbeitskraefte-wie-schneidet-die-Schweiz-ab-org-organisator.jpg\",\"keywords\":[\"Arbeitsplatzgestaltung\",\"Arbeitszufriedenheit\",\"Fit im Job\",\"HRM\",\"Studie\"],\"articleSection\":[\"FIT IM JOB\"],\"inLanguage\":\"de\"},{\"@type\":\"WebPage\",\"@id\":\"https:\\\/\\\/www.organisator.ch\\\/human-resources\\\/fit_im_job\\\/2017-03-01\\\/1574-2\\\/\",\"url\":\"https:\\\/\\\/www.m-q.ch\\\/adp-studie-zeigt-die-gluecklichsten-arbeitskraefte-wie-schneidet-die-schweiz-ab\\\/\",\"name\":\"ADP Studie ortet die gl\u00fccklichsten Arbeitskr\u00e4fte in Mitteleuropa - Organisator\",\"isPartOf\":{\"@id\":\"https:\\\/\\\/www.organisator.ch\\\/#website\"},\"primaryImageOfPage\":{\"@id\":\"https:\\\/\\\/www.m-q.ch\\\/adp-studie-zeigt-die-gluecklichsten-arbeitskraefte-wie-schneidet-die-schweiz-ab\\\/#primaryimage\"},\"image\":{\"@id\":\"https:\\\/\\\/www.m-q.ch\\\/adp-studie-zeigt-die-gluecklichsten-arbeitskraefte-wie-schneidet-die-schweiz-ab\\\/#primaryimage\"},\"thumbnailUrl\":\"https:\\\/\\\/www.organisator.ch\\\/wp-content\\\/uploads\\\/2017\\\/03\\\/Europas-gluecklichste-Arbeitskraefte-wie-schneidet-die-Schweiz-ab-org-organisator.jpg\",\"datePublished\":\"2017-03-01T15:18:03+00:00\",\"description\":\"Laut einer Studie von ADP berichten Arbeitnehmer, die in Spanien, den Niederlanden und Polen besch\u00e4ftigt sind, von der h\u00f6chsten Arbeitszufriedenheit.\",\"breadcrumb\":{\"@id\":\"https:\\\/\\\/www.m-q.ch\\\/adp-studie-zeigt-die-gluecklichsten-arbeitskraefte-wie-schneidet-die-schweiz-ab\\\/#breadcrumb\"},\"inLanguage\":\"de\",\"potentialAction\":[{\"@type\":\"ReadAction\",\"target\":[\"https:\\\/\\\/www.m-q.ch\\\/adp-studie-zeigt-die-gluecklichsten-arbeitskraefte-wie-schneidet-die-schweiz-ab\\\/\"]}]},{\"@type\":\"ImageObject\",\"inLanguage\":\"de\",\"@id\":\"https:\\\/\\\/www.m-q.ch\\\/adp-studie-zeigt-die-gluecklichsten-arbeitskraefte-wie-schneidet-die-schweiz-ab\\\/#primaryimage\",\"url\":\"https:\\\/\\\/www.organisator.ch\\\/wp-content\\\/uploads\\\/2017\\\/03\\\/Europas-gluecklichste-Arbeitskraefte-wie-schneidet-die-Schweiz-ab-org-organisator.jpg\",\"contentUrl\":\"https:\\\/\\\/www.organisator.ch\\\/wp-content\\\/uploads\\\/2017\\\/03\\\/Europas-gluecklichste-Arbeitskraefte-wie-schneidet-die-Schweiz-ab-org-organisator.jpg\",\"width\":578,\"height\":480,\"caption\":\"Es heisst die gl\u00fccklichsten Arbeitsnehmer erbringen h\u00f6here Leistungen. (Bild: Depositphotos_minerva)\"},{\"@type\":\"BreadcrumbList\",\"@id\":\"https:\\\/\\\/www.m-q.ch\\\/adp-studie-zeigt-die-gluecklichsten-arbeitskraefte-wie-schneidet-die-schweiz-ab\\\/#breadcrumb\",\"itemListElement\":[{\"@type\":\"ListItem\",\"position\":1,\"name\":\"Home\",\"item\":\"https:\\\/\\\/www.organisator.ch\\\/\"},{\"@type\":\"ListItem\",\"position\":2,\"name\":\"ADP Studie ortet die gl\u00fccklichsten Arbeitskr\u00e4fte in Mitteleuropa\"}]},{\"@type\":\"WebSite\",\"@id\":\"https:\\\/\\\/www.organisator.ch\\\/#website\",\"url\":\"https:\\\/\\\/www.organisator.ch\\\/\",\"name\":\"Organisator\",\"description\":\"Kompetent. Praxisnah. Der ORGANISATOR bereitet in 10 Ausgaben pro Jahr die wesentlichen Themen f\u00fcr F\u00fchrungskr\u00e4fte von KMU auf.\",\"publisher\":{\"@id\":\"https:\\\/\\\/www.organisator.ch\\\/#organization\"},\"potentialAction\":[{\"@type\":\"SearchAction\",\"target\":{\"@type\":\"EntryPoint\",\"urlTemplate\":\"https:\\\/\\\/www.organisator.ch\\\/?s={search_term_string}\"},\"query-input\":{\"@type\":\"PropertyValueSpecification\",\"valueRequired\":true,\"valueName\":\"search_term_string\"}}],\"inLanguage\":\"de\"},{\"@type\":\"Organization\",\"@id\":\"https:\\\/\\\/www.organisator.ch\\\/#organization\",\"name\":\"Organisator\",\"url\":\"https:\\\/\\\/www.organisator.ch\\\/\",\"logo\":{\"@type\":\"ImageObject\",\"inLanguage\":\"de\",\"@id\":\"https:\\\/\\\/www.organisator.ch\\\/#\\\/schema\\\/logo\\\/image\\\/\",\"url\":\"https:\\\/\\\/www.organisator.ch\\\/wp-content\\\/uploads\\\/2022\\\/01\\\/Logo_Organisator_Website.png\",\"contentUrl\":\"https:\\\/\\\/www.organisator.ch\\\/wp-content\\\/uploads\\\/2022\\\/01\\\/Logo_Organisator_Website.png\",\"width\":800,\"height\":77,\"caption\":\"Organisator\"},\"image\":{\"@id\":\"https:\\\/\\\/www.organisator.ch\\\/#\\\/schema\\\/logo\\\/image\\\/\"},\"sameAs\":[\"https:\\\/\\\/www.facebook.com\\\/OrganisatorFachmagazin\",\"https:\\\/\\\/www.linkedin.com\\\/showcase\\\/organisator-das-magazin-fr-kmu\",\"https:\\\/\\\/www.xing.com\\\/news\\\/pages\\\/organisator-ch-695\",\"https:\\\/\\\/www.youtube.com\\\/channel\\\/UCGP2Sq0iWaZwT3BdIAQFYpw\"]},{\"@type\":\"Person\",\"@id\":\"https:\\\/\\\/www.organisator.ch\\\/#\\\/schema\\\/person\\\/134708ca9321c57b0362cceb7948ffbd\",\"name\":\"michael.merz\",\"image\":{\"@type\":\"ImageObject\",\"inLanguage\":\"de\",\"@id\":\"https:\\\/\\\/secure.gravatar.com\\\/avatar\\\/?s=96&d=mm&r=g\",\"url\":\"https:\\\/\\\/secure.gravatar.com\\\/avatar\\\/?s=96&d=mm&r=g\",\"contentUrl\":\"https:\\\/\\\/secure.gravatar.com\\\/avatar\\\/?s=96&d=mm&r=g\",\"caption\":\"michael.merz\"},\"url\":\"https:\\\/\\\/www.organisator.ch\\\/de\\\/author\\\/michael-merz\\\/\"}]}<\/script>\n<!-- \/ Yoast SEO plugin. -->","yoast_head_json":{"title":"ADP Studie ortet die gl\u00fccklichsten Arbeitskr\u00e4fte in Mitteleuropa - Organisator","description":"Laut einer Studie von ADP berichten Arbeitnehmer, die in Spanien, den Niederlanden und Polen besch\u00e4ftigt sind, von der h\u00f6chsten Arbeitszufriedenheit.","robots":{"index":"index","follow":"follow","max-snippet":"max-snippet:-1","max-image-preview":"max-image-preview:large","max-video-preview":"max-video-preview:-1"},"canonical":"https:\/\/www.m-q.ch\/adp-studie-zeigt-die-gluecklichsten-arbeitskraefte-wie-schneidet-die-schweiz-ab\/","og_locale":"de_DE","og_type":"article","og_title":"ADP Studie ortet die gl\u00fccklichsten Arbeitskr\u00e4fte in Mitteleuropa","og_description":"Laut einer Studie von #ADP berichten Arbeitnehmer, die in Spanien, den Niederlanden und Polen besch\u00e4ftigt sind, von der h\u00f6chsten #Arbeitszufriedenheit. Bei der neuen Studie wurden fast 10'000 europ\u00e4ische, erwachsene Arbeitskr\u00e4fte befragt, was sie von der Zukunft der Arbeit, internationalem Wettbewerb und #Talentmanagement halten.","og_url":"https:\/\/www.m-q.ch\/adp-studie-zeigt-die-gluecklichsten-arbeitskraefte-wie-schneidet-die-schweiz-ab\/","og_site_name":"Organisator","article_publisher":"https:\/\/www.facebook.com\/OrganisatorFachmagazin","article_published_time":"2017-03-01T15:18:03+00:00","og_image":[{"width":578,"height":480,"url":"https:\/\/www.organisator.ch\/wp-content\/uploads\/2017\/03\/Europas-gluecklichste-Arbeitskraefte-wie-schneidet-die-Schweiz-ab-org-organisator.jpg","type":"image\/jpeg"}],"author":"michael.merz","twitter_card":"summary_large_image","twitter_title":"ADP Studie ortet die gl\u00fccklichsten Arbeitskr\u00e4fte in Mitteleuropa #gl\u00fccklicheArbeitskr\u00e4fte","twitter_description":"Laut einer Studie von ADP berichten Arbeitnehmer, die in Spanien, den Niederlanden und Polen besch\u00e4ftigt sind, von der h\u00f6chsten Arbeitszufriedenheit. Bei der neuen Studie wurden fast 10'000 europ\u00e4ische, erwachsene Arbeitskr\u00e4fte befragt, was sie von der Zukunft der Arbeit, internationalem Wettbewerb und Talentmanagement halten.","twitter_image":"https:\/\/www.organisator.ch\/wp-content\/uploads\/2017\/03\/Europas-gl\u00fccklichste-Arbeitskr\u00e4fte-wie-schneidet-die-Schweiz-ab-org-organisator.jpg","schema":{"@context":"https:\/\/schema.org","@graph":[{"@type":"Article","@id":"https:\/\/www.m-q.ch\/adp-studie-zeigt-die-gluecklichsten-arbeitskraefte-wie-schneidet-die-schweiz-ab\/#article","isPartOf":{"@id":"https:\/\/www.organisator.ch\/human-resources\/fit_im_job\/2017-03-01\/1574-2\/"},"author":{"name":"michael.merz","@id":"https:\/\/www.organisator.ch\/#\/schema\/person\/134708ca9321c57b0362cceb7948ffbd"},"headline":"ADP Studie ortet die gl\u00fccklichsten Arbeitskr\u00e4fte in Mitteleuropa","datePublished":"2017-03-01T15:18:03+00:00","mainEntityOfPage":{"@id":"https:\/\/www.organisator.ch\/human-resources\/fit_im_job\/2017-03-01\/1574-2\/"},"wordCount":347,"commentCount":0,"publisher":{"@id":"https:\/\/www.organisator.ch\/#organization"},"image":{"@id":"https:\/\/www.m-q.ch\/adp-studie-zeigt-die-gluecklichsten-arbeitskraefte-wie-schneidet-die-schweiz-ab\/#primaryimage"},"thumbnailUrl":"https:\/\/www.organisator.ch\/wp-content\/uploads\/2017\/03\/Europas-gluecklichste-Arbeitskraefte-wie-schneidet-die-Schweiz-ab-org-organisator.jpg","keywords":["Arbeitsplatzgestaltung","Arbeitszufriedenheit","Fit im Job","HRM","Studie"],"articleSection":["FIT IM JOB"],"inLanguage":"de"},{"@type":"WebPage","@id":"https:\/\/www.organisator.ch\/human-resources\/fit_im_job\/2017-03-01\/1574-2\/","url":"https:\/\/www.m-q.ch\/adp-studie-zeigt-die-gluecklichsten-arbeitskraefte-wie-schneidet-die-schweiz-ab\/","name":"ADP Studie ortet die gl\u00fccklichsten Arbeitskr\u00e4fte in Mitteleuropa - Organisator","isPartOf":{"@id":"https:\/\/www.organisator.ch\/#website"},"primaryImageOfPage":{"@id":"https:\/\/www.m-q.ch\/adp-studie-zeigt-die-gluecklichsten-arbeitskraefte-wie-schneidet-die-schweiz-ab\/#primaryimage"},"image":{"@id":"https:\/\/www.m-q.ch\/adp-studie-zeigt-die-gluecklichsten-arbeitskraefte-wie-schneidet-die-schweiz-ab\/#primaryimage"},"thumbnailUrl":"https:\/\/www.organisator.ch\/wp-content\/uploads\/2017\/03\/Europas-gluecklichste-Arbeitskraefte-wie-schneidet-die-Schweiz-ab-org-organisator.jpg","datePublished":"2017-03-01T15:18:03+00:00","description":"Laut einer Studie von ADP berichten Arbeitnehmer, die in Spanien, den Niederlanden und Polen besch\u00e4ftigt sind, von der h\u00f6chsten Arbeitszufriedenheit.","breadcrumb":{"@id":"https:\/\/www.m-q.ch\/adp-studie-zeigt-die-gluecklichsten-arbeitskraefte-wie-schneidet-die-schweiz-ab\/#breadcrumb"},"inLanguage":"de","potentialAction":[{"@type":"ReadAction","target":["https:\/\/www.m-q.ch\/adp-studie-zeigt-die-gluecklichsten-arbeitskraefte-wie-schneidet-die-schweiz-ab\/"]}]},{"@type":"ImageObject","inLanguage":"de","@id":"https:\/\/www.m-q.ch\/adp-studie-zeigt-die-gluecklichsten-arbeitskraefte-wie-schneidet-die-schweiz-ab\/#primaryimage","url":"https:\/\/www.organisator.ch\/wp-content\/uploads\/2017\/03\/Europas-gluecklichste-Arbeitskraefte-wie-schneidet-die-Schweiz-ab-org-organisator.jpg","contentUrl":"https:\/\/www.organisator.ch\/wp-content\/uploads\/2017\/03\/Europas-gluecklichste-Arbeitskraefte-wie-schneidet-die-Schweiz-ab-org-organisator.jpg","width":578,"height":480,"caption":"Es heisst die gl\u00fccklichsten Arbeitsnehmer erbringen h\u00f6here Leistungen. (Bild: Depositphotos_minerva)"},{"@type":"BreadcrumbList","@id":"https:\/\/www.m-q.ch\/adp-studie-zeigt-die-gluecklichsten-arbeitskraefte-wie-schneidet-die-schweiz-ab\/#breadcrumb","itemListElement":[{"@type":"ListItem","position":1,"name":"Home","item":"https:\/\/www.organisator.ch\/"},{"@type":"ListItem","position":2,"name":"ADP Studie ortet die gl\u00fccklichsten Arbeitskr\u00e4fte in Mitteleuropa"}]},{"@type":"WebSite","@id":"https:\/\/www.organisator.ch\/#website","url":"https:\/\/www.organisator.ch\/","name":"Organisator","description":"Kompetent. Praxisnah. Der ORGANISATOR bereitet in 10 Ausgaben pro Jahr die wesentlichen Themen f\u00fcr F\u00fchrungskr\u00e4fte von KMU auf.","publisher":{"@id":"https:\/\/www.organisator.ch\/#organization"},"potentialAction":[{"@type":"SearchAction","target":{"@type":"EntryPoint","urlTemplate":"https:\/\/www.organisator.ch\/?s={search_term_string}"},"query-input":{"@type":"PropertyValueSpecification","valueRequired":true,"valueName":"search_term_string"}}],"inLanguage":"de"},{"@type":"Organization","@id":"https:\/\/www.organisator.ch\/#organization","name":"Organisator","url":"https:\/\/www.organisator.ch\/","logo":{"@type":"ImageObject","inLanguage":"de","@id":"https:\/\/www.organisator.ch\/#\/schema\/logo\/image\/","url":"https:\/\/www.organisator.ch\/wp-content\/uploads\/2022\/01\/Logo_Organisator_Website.png","contentUrl":"https:\/\/www.organisator.ch\/wp-content\/uploads\/2022\/01\/Logo_Organisator_Website.png","width":800,"height":77,"caption":"Organisator"},"image":{"@id":"https:\/\/www.organisator.ch\/#\/schema\/logo\/image\/"},"sameAs":["https:\/\/www.facebook.com\/OrganisatorFachmagazin","https:\/\/www.linkedin.com\/showcase\/organisator-das-magazin-fr-kmu","https:\/\/www.xing.com\/news\/pages\/organisator-ch-695","https:\/\/www.youtube.com\/channel\/UCGP2Sq0iWaZwT3BdIAQFYpw"]},{"@type":"Person","@id":"https:\/\/www.organisator.ch\/#\/schema\/person\/134708ca9321c57b0362cceb7948ffbd","name":"michael.merz","image":{"@type":"ImageObject","inLanguage":"de","@id":"https:\/\/secure.gravatar.com\/avatar\/?s=96&d=mm&r=g","url":"https:\/\/secure.gravatar.com\/avatar\/?s=96&d=mm&r=g","contentUrl":"https:\/\/secure.gravatar.com\/avatar\/?s=96&d=mm&r=g","caption":"michael.merz"},"url":"https:\/\/www.organisator.ch\/de\/author\/michael-merz\/"}]}},"_links":{"self":[{"href":"https:\/\/www.organisator.ch\/de\/wp-json\/wp\/v2\/posts\/1574","targetHints":{"allow":["GET"]}}],"collection":[{"href":"https:\/\/www.organisator.ch\/de\/wp-json\/wp\/v2\/posts"}],"about":[{"href":"https:\/\/www.organisator.ch\/de\/wp-json\/wp\/v2\/types\/post"}],"author":[{"embeddable":true,"href":"https:\/\/www.organisator.ch\/de\/wp-json\/wp\/v2\/users\/5"}],"replies":[{"embeddable":true,"href":"https:\/\/www.organisator.ch\/de\/wp-json\/wp\/v2\/comments?post=1574"}],"version-history":[{"count":0,"href":"https:\/\/www.organisator.ch\/de\/wp-json\/wp\/v2\/posts\/1574\/revisions"}],"wp:featuredmedia":[{"embeddable":true,"href":"https:\/\/www.organisator.ch\/de\/wp-json\/wp\/v2\/media\/1576"}],"wp:attachment":[{"href":"https:\/\/www.organisator.ch\/de\/wp-json\/wp\/v2\/media?parent=1574"}],"wp:term":[{"taxonomy":"category","embeddable":true,"href":"https:\/\/www.organisator.ch\/de\/wp-json\/wp\/v2\/categories?post=1574"},{"taxonomy":"post_tag","embeddable":true,"href":"https:\/\/www.organisator.ch\/de\/wp-json\/wp\/v2\/tags?post=1574"}],"curies":[{"name":"wp","href":"https:\/\/api.w.org\/{rel}","templated":true}]}}