{"id":15814,"date":"2022-07-25T13:29:20","date_gmt":"2022-07-25T11:29:20","guid":{"rendered":"https:\/\/www.m-q.ch\/?p=16688"},"modified":"2022-07-25T15:00:25","modified_gmt":"2022-07-25T13:00:25","slug":"forschungslandschaft-schweiz-was-bringt-die-zukunft","status":"publish","type":"post","link":"https:\/\/www.organisator.ch\/de\/operational-excellence\/2022-07-25\/forschungslandschaft-schweiz-was-bringt-die-zukunft\/","title":{"rendered":"Forschungslandschaft Schweiz: Was bringt die Zukunft?"},"content":{"rendered":"<figure id=\"attachment_16691\" class=\"wp-caption alignnone\" style=\"width: 680px\" aria-describedby=\"caption-attachment-16691\"><img class=\"alignnone wp-image-16691 size-full\" src=\"https:\/\/www.m-q.ch\/wp-content\/uploads\/2022\/07\/Forschungslandschaft-Schweiz-Was-bringt-die-Zukunft_MQ.jpg\" alt=\"Forschungslandschaft Schweiz\" width=\"680\" height=\"272\" \/><figcaption id=\"caption-attachment-16691\" class=\"wp-caption-text\">Schweizer Forschungslandschaft: Die 49 untersuchten Technologien sind in neun Technologiegruppen (s. Spalte ganz links) zusammengefasst. Um deren Einfluss auf die Zukunftsgestaltung abzubilden, wurde eine Verbindung mit 20 Schlagw\u00f6rtern bzw. Labels (s. zweite Zeile von oben) hergestellt. Die Labels geh\u00f6ren jeweils einem der f\u00fcnf Forschungsbereiche \u2013 Digitale Welt, Energie und Umwelt, Fertigungsverfahren und Materialien, Life Sciences oder Technik und Gesellschaft (s. oberste Zeile) an. Jeder Punkt markiert einen unmittelbaren Bezug, eine konkrete Anwendung oder eine zu erwartende Auswirkung. Die drei Gr\u00f6ssen der Punkte sind ein Mass daf\u00fcr, wie viele der Technologien aus der entsprechenden Technologiegruppe in Zusammenhang mit einem Label stehen. Mehr Details sind der Publikation zu entnehmen. (\u00a9 SATW)<\/figcaption><\/figure>\r\nForesight wird f\u00fcr die Schweizer Bildungs- und Innovationspolitik immer wichtiger. Die neue SATW-Studie \u00abForschungslandschaft Schweiz \u2013 Ein technologisches Panorama\u00bb untersucht 49 technologische Entwicklungen aus neun Forschungsbereichen und deckt damit ein sehr breites Spektrum ab. Jedes Kapitel widmet sich einer Technologie und beschreibt ihren Stand in der Entwicklung wie auch die damit verbundenen Chancen und Risiken. Ferner identifizieren die Autor\/-innen die wichtigsten Forschungshotspots in der Schweiz und im internationalen Kontext.\r\n<h3>Forschungslandschaft mit ausreichender F\u00f6rderung<\/h3>\r\nDie Studie st\u00fctzt sich auf m\u00fcndliche und schriftliche Interviews, die mit rund 60 Wissenschaftler\/-innen und Industrievertreter\/.innen in der ganzen Schweiz durchgef\u00fchrt wurden. Diese zeigen sich im Wesentlichen zufrieden mit der hiesigen Forschungsf\u00f6rderung im Bereich der technischen Wissenschaften. F\u00fcr die meisten ist der erschwerte Zugang zum Programm Horizon Europe hingegen hochproblematisch.\r\n\r\nMehrere Interviewpartner\/-innen schlugen vor, dass die F\u00f6rderung k\u00fcnftig auch Infrastruktur einschliessen sollte, die sowohl Unternehmen wie Hochschulen zur Verf\u00fcgung stehen w\u00fcrde. Der Grund daf\u00fcr ist, dass diese in manchen F\u00e4llen derart kostenintensiv in der Etablierung ist, dass sie die Budgets von kleinen Unternehmen und Start-ups sprengen.\r\n<h3>Mit Technologien die Zukunft gestalten<\/h3>\r\nDie untersuchten Technologien setzen ein interdisziplin\u00e4res Denken voraus, weil sie oftmals mehrere Lebensbereiche betreffen. Zudem ist der regelm\u00e4ssige Austausch zwischen dem Denk- und Werkplatz Schweiz fundamental f\u00fcr die Verbindung zwischen Forschung und Industrie. Dabei gilt, dass angewandte Forschungsthemen f\u00fcr den Erfolg neuer Technologien einen wichtigen Stellenwert haben. Auch der Staat hat etliche M\u00f6glichkeiten, neuen Technologien zum Durchbruch zu verhelfen: So k\u00f6nnten regulatorische Hemmnisse reduziert werden, daf\u00fcr die (internationale) Vernetzung von Forschenden und Wirtschaftsvertreter\/-innen gef\u00f6rdert werden. Grosses Potenzial f\u00fcr den Wirtschaftsstandort Schweiz bieten Hightech- und Nischenanwendungen, die sowohl durch etablierte Firmen wie auch Start-ups entwickelt werden k\u00f6nnen. Die dadurch generierten Arbeitspl\u00e4tze und die Wertsch\u00f6pfung w\u00fcrden einen volkswirtschaftlich reichhaltigen Beitrag an die Gesellschaft leisten.\r\n\r\n<em>Quelle und weitere Informationen: <a href=\"https:\/\/www.satw.ch\/de\/\">SATW<\/a><\/em>\n<p class=\"syndicated-attribution\">Dieser Beitrag erschien urspr\u00fcnglich auf m-q.ch - <a href=\"https:\/\/www.m-q.ch\/de\/forschungslandschaft-schweiz-was-bringt-die-zukunft\/\" target=\"_blank\">https:\/\/www.m-q.ch\/de\/forschungslandschaft-schweiz-was-bringt-die-zukunft\/<\/a><\/p>","protected":false},"excerpt":{"rendered":"<p>Foresight wird f\u00fcr die Schweizer Bildungs- und Innovationspolitik immer wichtiger. Die neue SATW-Studie \u00abForschungslandschaft Schweiz \u2013 Ein technologisches Panorama\u00bb untersucht 49 technologische Entwicklungen aus neun Forschungsbereichen und deckt damit ein sehr breites Spektrum ab. Jedes Kapitel widmet sich einer Technologie und beschreibt ihren Stand in der Entwicklung wie auch die damit verbundenen Chancen und Risiken. [\u2026]<\/p>\n","protected":false},"author":8,"featured_media":0,"comment_status":"closed","ping_status":"closed","sticky":false,"template":"","format":"standard","meta":{"_acf_changed":false,"_yoast_wpseo_focuskw":"Forschungslandschaft Schweiz","_yoast_wpseo_metadesc":"Das fr\u00fchzeitige Erkennen technologischer Ver\u00e4nderungen ist fundamental f\u00fcr Unternehmen und gilt als zentraler Wettbewerbsvorteil.","articlekey":"","footnotes":""},"categories":[582],"tags":[3102,3101],"class_list":["post-15814","post","type-post","status-publish","format-standard","hentry","category-operational-excellence","tag-forschungslandschaft-schweiz","tag-wissenschaft-und-forschung"],"acf":[],"yoast_head":"<!-- This site is optimized with the Yoast SEO plugin v27.5 - https:\/\/yoast.com\/product\/yoast-seo-wordpress\/ -->\n<title>Forschungslandschaft Schweiz: Was bringt die Zukunft? - Organisator<\/title>\n<meta name=\"description\" content=\"Das fr\u00fchzeitige Erkennen technologischer Ver\u00e4nderungen ist fundamental f\u00fcr Unternehmen und gilt als zentraler Wettbewerbsvorteil.\" \/>\n<meta name=\"robots\" content=\"index, follow, max-snippet:-1, max-image-preview:large, max-video-preview:-1\" \/>\n<link rel=\"canonical\" href=\"https:\/\/www.m-q.ch\/de\/forschungslandschaft-schweiz-was-bringt-die-zukunft\/\" \/>\n<meta property=\"og:locale\" content=\"de_DE\" \/>\n<meta property=\"og:type\" content=\"article\" \/>\n<meta property=\"og:title\" content=\"Forschungslandschaft Schweiz: Was bringt die Zukunft? - Organisator\" \/>\n<meta property=\"og:description\" content=\"Das fr\u00fchzeitige Erkennen technologischer Ver\u00e4nderungen ist fundamental f\u00fcr Unternehmen und gilt als zentraler Wettbewerbsvorteil.\" \/>\n<meta property=\"og:url\" content=\"https:\/\/www.m-q.ch\/de\/forschungslandschaft-schweiz-was-bringt-die-zukunft\/\" \/>\n<meta property=\"og:site_name\" content=\"Organisator\" \/>\n<meta property=\"article:publisher\" content=\"https:\/\/www.facebook.com\/OrganisatorFachmagazin\" \/>\n<meta property=\"article:published_time\" content=\"2022-07-25T11:29:20+00:00\" \/>\n<meta property=\"article:modified_time\" content=\"2022-07-25T13:00:25+00:00\" \/>\n<meta property=\"og:image\" content=\"https:\/\/www.m-q.ch\/wp-content\/uploads\/2022\/07\/Forschungslandschaft-Schweiz-Was-bringt-die-Zukunft_MQ.jpg\" \/>\n<meta name=\"author\" content=\"galledia\" \/>\n<meta name=\"twitter:card\" content=\"summary_large_image\" \/>\n<meta name=\"twitter:creator\" content=\"@admin\" \/>\n<script type=\"application\/ld+json\" class=\"yoast-schema-graph\">{\"@context\":\"https:\\\/\\\/schema.org\",\"@graph\":[{\"@type\":\"Article\",\"@id\":\"https:\\\/\\\/www.m-q.ch\\\/de\\\/forschungslandschaft-schweiz-was-bringt-die-zukunft\\\/#article\",\"isPartOf\":{\"@id\":\"https:\\\/\\\/www.organisator.ch\\\/operational-excellence\\\/2022-07-25\\\/forschungslandschaft-schweiz-was-bringt-die-zukunft\\\/\"},\"author\":{\"name\":\"galledia\",\"@id\":\"https:\\\/\\\/www.organisator.ch\\\/#\\\/schema\\\/person\\\/4e51799071cd2dd1232ac003643ef5f0\"},\"headline\":\"Forschungslandschaft Schweiz: Was bringt die Zukunft?\",\"datePublished\":\"2022-07-25T11:29:20+00:00\",\"dateModified\":\"2022-07-25T13:00:25+00:00\",\"mainEntityOfPage\":{\"@id\":\"https:\\\/\\\/www.organisator.ch\\\/operational-excellence\\\/2022-07-25\\\/forschungslandschaft-schweiz-was-bringt-die-zukunft\\\/\"},\"wordCount\":435,\"publisher\":{\"@id\":\"https:\\\/\\\/www.organisator.ch\\\/#organization\"},\"image\":{\"@id\":\"https:\\\/\\\/www.m-q.ch\\\/de\\\/forschungslandschaft-schweiz-was-bringt-die-zukunft\\\/#primaryimage\"},\"thumbnailUrl\":\"https:\\\/\\\/www.m-q.ch\\\/wp-content\\\/uploads\\\/2022\\\/07\\\/Forschungslandschaft-Schweiz-Was-bringt-die-Zukunft_MQ.jpg\",\"keywords\":[\"Forschungslandschaft Schweiz\",\"Wissenschaft und Forschung\"],\"articleSection\":[\"OPERATIONAL EXCELLENCE\"],\"inLanguage\":\"de\"},{\"@type\":\"WebPage\",\"@id\":\"https:\\\/\\\/www.organisator.ch\\\/operational-excellence\\\/2022-07-25\\\/forschungslandschaft-schweiz-was-bringt-die-zukunft\\\/\",\"url\":\"https:\\\/\\\/www.m-q.ch\\\/de\\\/forschungslandschaft-schweiz-was-bringt-die-zukunft\\\/\",\"name\":\"Forschungslandschaft Schweiz: Was bringt die Zukunft? - Organisator\",\"isPartOf\":{\"@id\":\"https:\\\/\\\/www.organisator.ch\\\/#website\"},\"primaryImageOfPage\":{\"@id\":\"https:\\\/\\\/www.m-q.ch\\\/de\\\/forschungslandschaft-schweiz-was-bringt-die-zukunft\\\/#primaryimage\"},\"image\":{\"@id\":\"https:\\\/\\\/www.m-q.ch\\\/de\\\/forschungslandschaft-schweiz-was-bringt-die-zukunft\\\/#primaryimage\"},\"thumbnailUrl\":\"https:\\\/\\\/www.m-q.ch\\\/wp-content\\\/uploads\\\/2022\\\/07\\\/Forschungslandschaft-Schweiz-Was-bringt-die-Zukunft_MQ.jpg\",\"datePublished\":\"2022-07-25T11:29:20+00:00\",\"dateModified\":\"2022-07-25T13:00:25+00:00\",\"description\":\"Das fr\u00fchzeitige Erkennen technologischer Ver\u00e4nderungen ist fundamental f\u00fcr Unternehmen und gilt als zentraler Wettbewerbsvorteil.\",\"breadcrumb\":{\"@id\":\"https:\\\/\\\/www.m-q.ch\\\/de\\\/forschungslandschaft-schweiz-was-bringt-die-zukunft\\\/#breadcrumb\"},\"inLanguage\":\"de\",\"potentialAction\":[{\"@type\":\"ReadAction\",\"target\":[\"https:\\\/\\\/www.m-q.ch\\\/de\\\/forschungslandschaft-schweiz-was-bringt-die-zukunft\\\/\"]}]},{\"@type\":\"ImageObject\",\"inLanguage\":\"de\",\"@id\":\"https:\\\/\\\/www.m-q.ch\\\/de\\\/forschungslandschaft-schweiz-was-bringt-die-zukunft\\\/#primaryimage\",\"url\":\"https:\\\/\\\/www.m-q.ch\\\/wp-content\\\/uploads\\\/2022\\\/07\\\/Forschungslandschaft-Schweiz-Was-bringt-die-Zukunft_MQ.jpg\",\"contentUrl\":\"https:\\\/\\\/www.m-q.ch\\\/wp-content\\\/uploads\\\/2022\\\/07\\\/Forschungslandschaft-Schweiz-Was-bringt-die-Zukunft_MQ.jpg\"},{\"@type\":\"BreadcrumbList\",\"@id\":\"https:\\\/\\\/www.m-q.ch\\\/de\\\/forschungslandschaft-schweiz-was-bringt-die-zukunft\\\/#breadcrumb\",\"itemListElement\":[{\"@type\":\"ListItem\",\"position\":1,\"name\":\"Home\",\"item\":\"https:\\\/\\\/www.organisator.ch\\\/\"},{\"@type\":\"ListItem\",\"position\":2,\"name\":\"Forschungslandschaft Schweiz: Was bringt die Zukunft?\"}]},{\"@type\":\"WebSite\",\"@id\":\"https:\\\/\\\/www.organisator.ch\\\/#website\",\"url\":\"https:\\\/\\\/www.organisator.ch\\\/\",\"name\":\"Organisator\",\"description\":\"Kompetent. Praxisnah. Der ORGANISATOR bereitet in 10 Ausgaben pro Jahr die wesentlichen Themen f\u00fcr F\u00fchrungskr\u00e4fte von KMU auf.\",\"publisher\":{\"@id\":\"https:\\\/\\\/www.organisator.ch\\\/#organization\"},\"potentialAction\":[{\"@type\":\"SearchAction\",\"target\":{\"@type\":\"EntryPoint\",\"urlTemplate\":\"https:\\\/\\\/www.organisator.ch\\\/?s={search_term_string}\"},\"query-input\":{\"@type\":\"PropertyValueSpecification\",\"valueRequired\":true,\"valueName\":\"search_term_string\"}}],\"inLanguage\":\"de\"},{\"@type\":\"Organization\",\"@id\":\"https:\\\/\\\/www.organisator.ch\\\/#organization\",\"name\":\"Organisator\",\"url\":\"https:\\\/\\\/www.organisator.ch\\\/\",\"logo\":{\"@type\":\"ImageObject\",\"inLanguage\":\"de\",\"@id\":\"https:\\\/\\\/www.organisator.ch\\\/#\\\/schema\\\/logo\\\/image\\\/\",\"url\":\"https:\\\/\\\/www.organisator.ch\\\/wp-content\\\/uploads\\\/2022\\\/01\\\/Logo_Organisator_Website.png\",\"contentUrl\":\"https:\\\/\\\/www.organisator.ch\\\/wp-content\\\/uploads\\\/2022\\\/01\\\/Logo_Organisator_Website.png\",\"width\":800,\"height\":77,\"caption\":\"Organisator\"},\"image\":{\"@id\":\"https:\\\/\\\/www.organisator.ch\\\/#\\\/schema\\\/logo\\\/image\\\/\"},\"sameAs\":[\"https:\\\/\\\/www.facebook.com\\\/OrganisatorFachmagazin\",\"https:\\\/\\\/www.linkedin.com\\\/showcase\\\/organisator-das-magazin-fr-kmu\",\"https:\\\/\\\/www.xing.com\\\/news\\\/pages\\\/organisator-ch-695\",\"https:\\\/\\\/www.youtube.com\\\/channel\\\/UCGP2Sq0iWaZwT3BdIAQFYpw\"]},{\"@type\":\"Person\",\"@id\":\"https:\\\/\\\/www.organisator.ch\\\/#\\\/schema\\\/person\\\/4e51799071cd2dd1232ac003643ef5f0\",\"name\":\"galledia\",\"image\":{\"@type\":\"ImageObject\",\"inLanguage\":\"de\",\"@id\":\"https:\\\/\\\/secure.gravatar.com\\\/avatar\\\/78a7f90c01fc2bfc875782a0d4922b37cde2cf184ce347b91316d23cd7f69a36?s=96&d=mm&r=g\",\"url\":\"https:\\\/\\\/secure.gravatar.com\\\/avatar\\\/78a7f90c01fc2bfc875782a0d4922b37cde2cf184ce347b91316d23cd7f69a36?s=96&d=mm&r=g\",\"contentUrl\":\"https:\\\/\\\/secure.gravatar.com\\\/avatar\\\/78a7f90c01fc2bfc875782a0d4922b37cde2cf184ce347b91316d23cd7f69a36?s=96&d=mm&r=g\",\"caption\":\"galledia\"},\"sameAs\":[\"https:\\\/\\\/x.com\\\/admin\"],\"url\":\"https:\\\/\\\/www.organisator.ch\\\/de\\\/author\\\/galledia\\\/\"}]}<\/script>\n<!-- \/ Yoast SEO plugin. -->","yoast_head_json":{"title":"Forschungslandschaft Schweiz: Was bringt die Zukunft? - Organisator","description":"Das fr\u00fchzeitige Erkennen technologischer Ver\u00e4nderungen ist fundamental f\u00fcr Unternehmen und gilt als zentraler Wettbewerbsvorteil.","robots":{"index":"index","follow":"follow","max-snippet":"max-snippet:-1","max-image-preview":"max-image-preview:large","max-video-preview":"max-video-preview:-1"},"canonical":"https:\/\/www.m-q.ch\/de\/forschungslandschaft-schweiz-was-bringt-die-zukunft\/","og_locale":"de_DE","og_type":"article","og_title":"Forschungslandschaft Schweiz: Was bringt die Zukunft? - Organisator","og_description":"Das fr\u00fchzeitige Erkennen technologischer Ver\u00e4nderungen ist fundamental f\u00fcr Unternehmen und gilt als zentraler Wettbewerbsvorteil.","og_url":"https:\/\/www.m-q.ch\/de\/forschungslandschaft-schweiz-was-bringt-die-zukunft\/","og_site_name":"Organisator","article_publisher":"https:\/\/www.facebook.com\/OrganisatorFachmagazin","article_published_time":"2022-07-25T11:29:20+00:00","article_modified_time":"2022-07-25T13:00:25+00:00","og_image":[{"url":"https:\/\/www.m-q.ch\/wp-content\/uploads\/2022\/07\/Forschungslandschaft-Schweiz-Was-bringt-die-Zukunft_MQ.jpg","type":"","width":"","height":""}],"author":"galledia","twitter_card":"summary_large_image","twitter_creator":"@admin","schema":{"@context":"https:\/\/schema.org","@graph":[{"@type":"Article","@id":"https:\/\/www.m-q.ch\/de\/forschungslandschaft-schweiz-was-bringt-die-zukunft\/#article","isPartOf":{"@id":"https:\/\/www.organisator.ch\/operational-excellence\/2022-07-25\/forschungslandschaft-schweiz-was-bringt-die-zukunft\/"},"author":{"name":"galledia","@id":"https:\/\/www.organisator.ch\/#\/schema\/person\/4e51799071cd2dd1232ac003643ef5f0"},"headline":"Forschungslandschaft Schweiz: Was bringt die Zukunft?","datePublished":"2022-07-25T11:29:20+00:00","dateModified":"2022-07-25T13:00:25+00:00","mainEntityOfPage":{"@id":"https:\/\/www.organisator.ch\/operational-excellence\/2022-07-25\/forschungslandschaft-schweiz-was-bringt-die-zukunft\/"},"wordCount":435,"publisher":{"@id":"https:\/\/www.organisator.ch\/#organization"},"image":{"@id":"https:\/\/www.m-q.ch\/de\/forschungslandschaft-schweiz-was-bringt-die-zukunft\/#primaryimage"},"thumbnailUrl":"https:\/\/www.m-q.ch\/wp-content\/uploads\/2022\/07\/Forschungslandschaft-Schweiz-Was-bringt-die-Zukunft_MQ.jpg","keywords":["Forschungslandschaft Schweiz","Wissenschaft und Forschung"],"articleSection":["OPERATIONAL EXCELLENCE"],"inLanguage":"de"},{"@type":"WebPage","@id":"https:\/\/www.organisator.ch\/operational-excellence\/2022-07-25\/forschungslandschaft-schweiz-was-bringt-die-zukunft\/","url":"https:\/\/www.m-q.ch\/de\/forschungslandschaft-schweiz-was-bringt-die-zukunft\/","name":"Forschungslandschaft Schweiz: Was bringt die Zukunft? - Organisator","isPartOf":{"@id":"https:\/\/www.organisator.ch\/#website"},"primaryImageOfPage":{"@id":"https:\/\/www.m-q.ch\/de\/forschungslandschaft-schweiz-was-bringt-die-zukunft\/#primaryimage"},"image":{"@id":"https:\/\/www.m-q.ch\/de\/forschungslandschaft-schweiz-was-bringt-die-zukunft\/#primaryimage"},"thumbnailUrl":"https:\/\/www.m-q.ch\/wp-content\/uploads\/2022\/07\/Forschungslandschaft-Schweiz-Was-bringt-die-Zukunft_MQ.jpg","datePublished":"2022-07-25T11:29:20+00:00","dateModified":"2022-07-25T13:00:25+00:00","description":"Das fr\u00fchzeitige Erkennen technologischer Ver\u00e4nderungen ist fundamental f\u00fcr Unternehmen und gilt als zentraler Wettbewerbsvorteil.","breadcrumb":{"@id":"https:\/\/www.m-q.ch\/de\/forschungslandschaft-schweiz-was-bringt-die-zukunft\/#breadcrumb"},"inLanguage":"de","potentialAction":[{"@type":"ReadAction","target":["https:\/\/www.m-q.ch\/de\/forschungslandschaft-schweiz-was-bringt-die-zukunft\/"]}]},{"@type":"ImageObject","inLanguage":"de","@id":"https:\/\/www.m-q.ch\/de\/forschungslandschaft-schweiz-was-bringt-die-zukunft\/#primaryimage","url":"https:\/\/www.m-q.ch\/wp-content\/uploads\/2022\/07\/Forschungslandschaft-Schweiz-Was-bringt-die-Zukunft_MQ.jpg","contentUrl":"https:\/\/www.m-q.ch\/wp-content\/uploads\/2022\/07\/Forschungslandschaft-Schweiz-Was-bringt-die-Zukunft_MQ.jpg"},{"@type":"BreadcrumbList","@id":"https:\/\/www.m-q.ch\/de\/forschungslandschaft-schweiz-was-bringt-die-zukunft\/#breadcrumb","itemListElement":[{"@type":"ListItem","position":1,"name":"Home","item":"https:\/\/www.organisator.ch\/"},{"@type":"ListItem","position":2,"name":"Forschungslandschaft Schweiz: Was bringt die Zukunft?"}]},{"@type":"WebSite","@id":"https:\/\/www.organisator.ch\/#website","url":"https:\/\/www.organisator.ch\/","name":"Organisator","description":"Kompetent. Praxisnah. Der ORGANISATOR bereitet in 10 Ausgaben pro Jahr die wesentlichen Themen f\u00fcr F\u00fchrungskr\u00e4fte von KMU auf.","publisher":{"@id":"https:\/\/www.organisator.ch\/#organization"},"potentialAction":[{"@type":"SearchAction","target":{"@type":"EntryPoint","urlTemplate":"https:\/\/www.organisator.ch\/?s={search_term_string}"},"query-input":{"@type":"PropertyValueSpecification","valueRequired":true,"valueName":"search_term_string"}}],"inLanguage":"de"},{"@type":"Organization","@id":"https:\/\/www.organisator.ch\/#organization","name":"Organisator","url":"https:\/\/www.organisator.ch\/","logo":{"@type":"ImageObject","inLanguage":"de","@id":"https:\/\/www.organisator.ch\/#\/schema\/logo\/image\/","url":"https:\/\/www.organisator.ch\/wp-content\/uploads\/2022\/01\/Logo_Organisator_Website.png","contentUrl":"https:\/\/www.organisator.ch\/wp-content\/uploads\/2022\/01\/Logo_Organisator_Website.png","width":800,"height":77,"caption":"Organisator"},"image":{"@id":"https:\/\/www.organisator.ch\/#\/schema\/logo\/image\/"},"sameAs":["https:\/\/www.facebook.com\/OrganisatorFachmagazin","https:\/\/www.linkedin.com\/showcase\/organisator-das-magazin-fr-kmu","https:\/\/www.xing.com\/news\/pages\/organisator-ch-695","https:\/\/www.youtube.com\/channel\/UCGP2Sq0iWaZwT3BdIAQFYpw"]},{"@type":"Person","@id":"https:\/\/www.organisator.ch\/#\/schema\/person\/4e51799071cd2dd1232ac003643ef5f0","name":"galledia","image":{"@type":"ImageObject","inLanguage":"de","@id":"https:\/\/secure.gravatar.com\/avatar\/78a7f90c01fc2bfc875782a0d4922b37cde2cf184ce347b91316d23cd7f69a36?s=96&d=mm&r=g","url":"https:\/\/secure.gravatar.com\/avatar\/78a7f90c01fc2bfc875782a0d4922b37cde2cf184ce347b91316d23cd7f69a36?s=96&d=mm&r=g","contentUrl":"https:\/\/secure.gravatar.com\/avatar\/78a7f90c01fc2bfc875782a0d4922b37cde2cf184ce347b91316d23cd7f69a36?s=96&d=mm&r=g","caption":"galledia"},"sameAs":["https:\/\/x.com\/admin"],"url":"https:\/\/www.organisator.ch\/de\/author\/galledia\/"}]}},"_links":{"self":[{"href":"https:\/\/www.organisator.ch\/de\/wp-json\/wp\/v2\/posts\/15814","targetHints":{"allow":["GET"]}}],"collection":[{"href":"https:\/\/www.organisator.ch\/de\/wp-json\/wp\/v2\/posts"}],"about":[{"href":"https:\/\/www.organisator.ch\/de\/wp-json\/wp\/v2\/types\/post"}],"author":[{"embeddable":true,"href":"https:\/\/www.organisator.ch\/de\/wp-json\/wp\/v2\/users\/8"}],"replies":[{"embeddable":true,"href":"https:\/\/www.organisator.ch\/de\/wp-json\/wp\/v2\/comments?post=15814"}],"version-history":[{"count":4,"href":"https:\/\/www.organisator.ch\/de\/wp-json\/wp\/v2\/posts\/15814\/revisions"}],"predecessor-version":[{"id":15818,"href":"https:\/\/www.organisator.ch\/de\/wp-json\/wp\/v2\/posts\/15814\/revisions\/15818"}],"wp:attachment":[{"href":"https:\/\/www.organisator.ch\/de\/wp-json\/wp\/v2\/media?parent=15814"}],"wp:term":[{"taxonomy":"category","embeddable":true,"href":"https:\/\/www.organisator.ch\/de\/wp-json\/wp\/v2\/categories?post=15814"},{"taxonomy":"post_tag","embeddable":true,"href":"https:\/\/www.organisator.ch\/de\/wp-json\/wp\/v2\/tags?post=15814"}],"curies":[{"name":"wp","href":"https:\/\/api.w.org\/{rel}","templated":true}]}}