{"id":15839,"date":"2022-07-26T09:22:34","date_gmt":"2022-07-26T07:22:34","guid":{"rendered":"https:\/\/www.m-q.ch\/?p=16623"},"modified":"2022-07-26T11:09:36","modified_gmt":"2022-07-26T09:09:36","slug":"gelungene-synprovis-erfa-tagung","status":"publish","type":"post","link":"https:\/\/www.organisator.ch\/de\/operational-excellence\/2022-07-26\/gelungene-synprovis-erfa-tagung\/","title":{"rendered":"Gelungene Synprovis-ERFA-Tagung"},"content":{"rendered":"<figure id=\"attachment_16624\" class=\"wp-caption alignnone\" style=\"width: 925px\" aria-describedby=\"caption-attachment-16624\"><img class=\"alignnone wp-image-16624 size-full\" src=\"https:\/\/www.m-q.ch\/wp-content\/uploads\/2022\/07\/MQ-Management-Qualitaet-Gelungene-Synprovis-ERFA-Tagung.jpg\" alt=\"Synprovis-ERFA-Tagung\" width=\"925\" height=\"625\" \/><figcaption id=\"caption-attachment-16624\" class=\"wp-caption-text\">Das Synprovis-Team mit dem gesponserten Ski-Athleten Joel L\u00fctolf (4. von links) und K\u00fcnstler Wetz (2. von rechts).\r\nBild: Christian Hartmann<\/figcaption><\/figure>\r\nDie Synprovis GmbH aus Eich (LU) geh\u00f6rt mit ihrer Software Improve zu den f\u00fchrenden Playern im Bereich des ganzheitlichen Qualit\u00e4tsmanagements. Der intensive Austausch mit den Kunden wird auch in j\u00e4hrlichen ERFA-Tagungen gepflegt. Die 10. Tagung ging am 19. Mai 2022 im KKLB (Kunst und Kultur im Landessender Berom\u00fcnster) \u00fcber die B\u00fchne. 70 teilnehmende Kundinnen und Kunden liessen sich vom vielfach pr\u00e4mierten gastgebenden K\u00fcnstler Wetz und seinen packenden Pr\u00e4sentationen begeistern. Die aktuelle Ausstellung \u00abBlumen f\u00fcr die Kunst\u00bb mit Beitr\u00e4gen vieler Kunstschaffender bot den Tagungsteilnehmern einen faszinierenden kulturellen Rahmen.\r\n\r\nAuch die Improve-Ausf\u00fchrungen von CEO Hubert Geisseler und den Synprovis-Softwareentwicklern ernteten positiven Widerhall. Die gelebte Philosophie der permanenten Software-Weiterentwicklung, des vorausschauenden Blickes in die mittelfristige Performance-Zukunft und des optimalen Investitionsschutzes f\u00fcr die Anwender wurde anhand verschiedener Themen \u00fcberzeugend dargestellt. \u00abDie Einf\u00fchrung von Improve hat unsere Qualit\u00e4tssensorik viel n\u00e4her zu den Menschen, zu den Prozessen und Produkten gebracht\u00bb \u2212 diese Kundenaussage beschreibt laut Geisseler treffend die Wirkung, welche Synprovis bei den Anwendern erreichen will.\r\n<h2>Synprovis GmbH \u2013 20 Jahre QM-Kompetenz<\/h2>\r\nSeit dem Gr\u00fcndungsjahr 2002 dreht sich bei Synprovis alles um ganzheitliches Qualit\u00e4tsmanagement f\u00fcr KMU. Mit der QMWebsoftware Improve ist Synprovis in ganz Europa erfolgreich. Den Erfolgsschl\u00fcssel sieht die Firma beim extrem einfach bedienbaren Frontend ihrer Software, was sich naturgem\u00e4ss auch im geringen Schulungsbedarf ausdr\u00fcckt. Die Grundidee besteht darin, Fehler als unverzichtbare Wissensquelle f\u00fcr die Verbesserung von Prozessen zu nutzen. \u00dcber jede einzelne Fehlermeldung soll eine messbare Optimierungsmassnahme bzw. die Beseitigung der Fehlerursache erzwungen werden. Ein weiterer Grund f\u00fcr den Markterfolg bei Produktions-, Dienstleistungsund Handelsunternehmen ist das hohe Tempo bei der SoftwareWeiterentwicklung. So setzt das Synprovis-Team neue oder revidierte Qualit\u00e4tsnormen jeweils rasch in Module oder Neu-Releases um. Der \u00fcberdurchschnittlich enge Kundenkontakt, u.a. auch via ERFA-Tagungen, erwirkt die permanente Sicherung h\u00f6chster Praxistauglichkeit des Tools. \u00abHeutzutage ist Improve ein integriertes Managementsystem zur umfassenden \u00dcberwachung und Steuerung s\u00e4mtlicher Prozesse\u00bb, sagt Hubert Geisseler.\r\n<h2>Modulare Software<\/h2>\r\nDas ereignisbasierte Tool arbeitet durchg\u00e4ngig nach der Struktur \u00aberfassen, entscheiden, erledigen, verbessern\u00bb und bildet das Qualit\u00e4tswesen mit folgenden Modulen komplett ab: 8D-Report, Arbeitssicherheit, Auditverwaltung, Massnahmen\/Kosten, Mitarbeiterbeurteilung, Pr\u00fcfmittelverwaltung, Risikomanagement, Umweltmanagement, Wissen und Kompetenzen.\r\n<h2>Familiengesellschaft<\/h2>\r\nHubert und Lisbeth Geisseler zeichnen als Gesellschafts-Inhabende, wobei Lisbeth Geisseler f\u00fcr Finanzen und Administration verantwortlich ist. Die vier qualifizierten Softwareentwickler Pirmin Stalder, Alex Bosshard, Philipp Gr\u00fcter und Kevin Leisibach sind gleichzeitig Projektleiter mit intensivem Kundenkontakt \u2013 eine spezielle L\u00f6sung mit klarem Beitrag zum Unternehmenserfolg.\r\n<h2>Autor<\/h2>\r\nUeli Eigenmann ist freischaffender Konzepter\/Texter mit Marketingund BWL-Rucksack\r\n&gt; <a href=\"http:\/\/www.werbung-texte.ch\/home.html\">werbung-texte.ch<\/a>\n<p class=\"syndicated-attribution\">Dieser Beitrag erschien urspr\u00fcnglich auf m-q.ch - <a href=\"https:\/\/www.m-q.ch\/de\/gelungene-synprovis-erfa-tagung\/\" target=\"_blank\">https:\/\/www.m-q.ch\/de\/gelungene-synprovis-erfa-tagung\/<\/a><\/p>","protected":false},"excerpt":{"rendered":"<p>Die Synprovis GmbH aus Eich (LU) geh\u00f6rt mit ihrer Software Improve zu den f\u00fchrenden Playern im Bereich des ganzheitlichen Qualit\u00e4tsmanagements. Der intensive Austausch mit den Kunden wird auch in j\u00e4hrlichen ERFA-Tagungen gepflegt. Die 10. Tagung ging am 19. Mai 2022 im KKLB (Kunst und Kultur im Landessender Berom\u00fcnster) \u00fcber die B\u00fchne. 70 teilnehmende Kundinnen und [\u2026]<\/p>\n","protected":false},"author":8,"featured_media":0,"comment_status":"closed","ping_status":"closed","sticky":false,"template":"","format":"standard","meta":{"_acf_changed":false,"_yoast_wpseo_focuskw":"Synprovis","_yoast_wpseo_metadesc":"Am 19. Mai 2022 f\u00fchrte Synprovis, Hersteller von Software f\u00fcr das Qualit\u00e4tsmanagement, zum zehnten Mal eine Kundentagung durch.","articlekey":"","footnotes":""},"categories":[582],"tags":[3105,3108,3109],"class_list":["post-15839","post","type-post","status-publish","format-standard","hentry","category-operational-excellence","tag-ausgabe-7-8-2022","tag-erfa","tag-synprovis"],"acf":[],"yoast_head":"<!-- This site is optimized with the Yoast SEO plugin v27.5 - https:\/\/yoast.com\/product\/yoast-seo-wordpress\/ -->\n<title>Gelungene Synprovis-ERFA-Tagung - Organisator<\/title>\n<meta name=\"description\" content=\"Am 19. Mai 2022 f\u00fchrte Synprovis, Hersteller von Software f\u00fcr das Qualit\u00e4tsmanagement, zum zehnten Mal eine Kundentagung durch.\" \/>\n<meta name=\"robots\" content=\"index, follow, max-snippet:-1, max-image-preview:large, max-video-preview:-1\" \/>\n<link rel=\"canonical\" href=\"https:\/\/www.m-q.ch\/de\/gelungene-synprovis-erfa-tagung\/\" \/>\n<meta property=\"og:locale\" content=\"de_DE\" \/>\n<meta property=\"og:type\" content=\"article\" \/>\n<meta property=\"og:title\" content=\"Gelungene Synprovis-ERFA-Tagung - Organisator\" \/>\n<meta property=\"og:description\" content=\"Am 19. Mai 2022 f\u00fchrte Synprovis, Hersteller von Software f\u00fcr das Qualit\u00e4tsmanagement, zum zehnten Mal eine Kundentagung durch.\" \/>\n<meta property=\"og:url\" content=\"https:\/\/www.m-q.ch\/de\/gelungene-synprovis-erfa-tagung\/\" \/>\n<meta property=\"og:site_name\" content=\"Organisator\" \/>\n<meta property=\"article:publisher\" content=\"https:\/\/www.facebook.com\/OrganisatorFachmagazin\" \/>\n<meta property=\"article:published_time\" content=\"2022-07-26T07:22:34+00:00\" \/>\n<meta property=\"article:modified_time\" content=\"2022-07-26T09:09:36+00:00\" \/>\n<meta property=\"og:image\" content=\"https:\/\/www.m-q.ch\/wp-content\/uploads\/2022\/07\/MQ-Management-Qualitaet-Gelungene-Synprovis-ERFA-Tagung.jpg\" \/>\n<meta name=\"author\" content=\"galledia\" \/>\n<meta name=\"twitter:card\" content=\"summary_large_image\" \/>\n<meta name=\"twitter:creator\" content=\"@admin\" \/>\n<script type=\"application\/ld+json\" class=\"yoast-schema-graph\">{\"@context\":\"https:\\\/\\\/schema.org\",\"@graph\":[{\"@type\":\"Article\",\"@id\":\"https:\\\/\\\/www.m-q.ch\\\/de\\\/gelungene-synprovis-erfa-tagung\\\/#article\",\"isPartOf\":{\"@id\":\"https:\\\/\\\/www.organisator.ch\\\/operational-excellence\\\/2022-07-26\\\/gelungene-synprovis-erfa-tagung\\\/\"},\"author\":{\"name\":\"galledia\",\"@id\":\"https:\\\/\\\/www.organisator.ch\\\/#\\\/schema\\\/person\\\/4e51799071cd2dd1232ac003643ef5f0\"},\"headline\":\"Gelungene Synprovis-ERFA-Tagung\",\"datePublished\":\"2022-07-26T07:22:34+00:00\",\"dateModified\":\"2022-07-26T09:09:36+00:00\",\"mainEntityOfPage\":{\"@id\":\"https:\\\/\\\/www.organisator.ch\\\/operational-excellence\\\/2022-07-26\\\/gelungene-synprovis-erfa-tagung\\\/\"},\"wordCount\":444,\"publisher\":{\"@id\":\"https:\\\/\\\/www.organisator.ch\\\/#organization\"},\"image\":{\"@id\":\"https:\\\/\\\/www.m-q.ch\\\/de\\\/gelungene-synprovis-erfa-tagung\\\/#primaryimage\"},\"thumbnailUrl\":\"https:\\\/\\\/www.m-q.ch\\\/wp-content\\\/uploads\\\/2022\\\/07\\\/MQ-Management-Qualitaet-Gelungene-Synprovis-ERFA-Tagung.jpg\",\"keywords\":[\"Ausgabe 7-8\\\/2022\",\"ERFA\",\"Synprovis\"],\"articleSection\":[\"OPERATIONAL EXCELLENCE\"],\"inLanguage\":\"de\"},{\"@type\":\"WebPage\",\"@id\":\"https:\\\/\\\/www.organisator.ch\\\/operational-excellence\\\/2022-07-26\\\/gelungene-synprovis-erfa-tagung\\\/\",\"url\":\"https:\\\/\\\/www.m-q.ch\\\/de\\\/gelungene-synprovis-erfa-tagung\\\/\",\"name\":\"Gelungene Synprovis-ERFA-Tagung - Organisator\",\"isPartOf\":{\"@id\":\"https:\\\/\\\/www.organisator.ch\\\/#website\"},\"primaryImageOfPage\":{\"@id\":\"https:\\\/\\\/www.m-q.ch\\\/de\\\/gelungene-synprovis-erfa-tagung\\\/#primaryimage\"},\"image\":{\"@id\":\"https:\\\/\\\/www.m-q.ch\\\/de\\\/gelungene-synprovis-erfa-tagung\\\/#primaryimage\"},\"thumbnailUrl\":\"https:\\\/\\\/www.m-q.ch\\\/wp-content\\\/uploads\\\/2022\\\/07\\\/MQ-Management-Qualitaet-Gelungene-Synprovis-ERFA-Tagung.jpg\",\"datePublished\":\"2022-07-26T07:22:34+00:00\",\"dateModified\":\"2022-07-26T09:09:36+00:00\",\"description\":\"Am 19. Mai 2022 f\u00fchrte Synprovis, Hersteller von Software f\u00fcr das Qualit\u00e4tsmanagement, zum zehnten Mal eine Kundentagung durch.\",\"breadcrumb\":{\"@id\":\"https:\\\/\\\/www.m-q.ch\\\/de\\\/gelungene-synprovis-erfa-tagung\\\/#breadcrumb\"},\"inLanguage\":\"de\",\"potentialAction\":[{\"@type\":\"ReadAction\",\"target\":[\"https:\\\/\\\/www.m-q.ch\\\/de\\\/gelungene-synprovis-erfa-tagung\\\/\"]}]},{\"@type\":\"ImageObject\",\"inLanguage\":\"de\",\"@id\":\"https:\\\/\\\/www.m-q.ch\\\/de\\\/gelungene-synprovis-erfa-tagung\\\/#primaryimage\",\"url\":\"https:\\\/\\\/www.m-q.ch\\\/wp-content\\\/uploads\\\/2022\\\/07\\\/MQ-Management-Qualitaet-Gelungene-Synprovis-ERFA-Tagung.jpg\",\"contentUrl\":\"https:\\\/\\\/www.m-q.ch\\\/wp-content\\\/uploads\\\/2022\\\/07\\\/MQ-Management-Qualitaet-Gelungene-Synprovis-ERFA-Tagung.jpg\"},{\"@type\":\"BreadcrumbList\",\"@id\":\"https:\\\/\\\/www.m-q.ch\\\/de\\\/gelungene-synprovis-erfa-tagung\\\/#breadcrumb\",\"itemListElement\":[{\"@type\":\"ListItem\",\"position\":1,\"name\":\"Home\",\"item\":\"https:\\\/\\\/www.organisator.ch\\\/\"},{\"@type\":\"ListItem\",\"position\":2,\"name\":\"Gelungene Synprovis-ERFA-Tagung\"}]},{\"@type\":\"WebSite\",\"@id\":\"https:\\\/\\\/www.organisator.ch\\\/#website\",\"url\":\"https:\\\/\\\/www.organisator.ch\\\/\",\"name\":\"Organisator\",\"description\":\"Kompetent. Praxisnah. Der ORGANISATOR bereitet in 10 Ausgaben pro Jahr die wesentlichen Themen f\u00fcr F\u00fchrungskr\u00e4fte von KMU auf.\",\"publisher\":{\"@id\":\"https:\\\/\\\/www.organisator.ch\\\/#organization\"},\"potentialAction\":[{\"@type\":\"SearchAction\",\"target\":{\"@type\":\"EntryPoint\",\"urlTemplate\":\"https:\\\/\\\/www.organisator.ch\\\/?s={search_term_string}\"},\"query-input\":{\"@type\":\"PropertyValueSpecification\",\"valueRequired\":true,\"valueName\":\"search_term_string\"}}],\"inLanguage\":\"de\"},{\"@type\":\"Organization\",\"@id\":\"https:\\\/\\\/www.organisator.ch\\\/#organization\",\"name\":\"Organisator\",\"url\":\"https:\\\/\\\/www.organisator.ch\\\/\",\"logo\":{\"@type\":\"ImageObject\",\"inLanguage\":\"de\",\"@id\":\"https:\\\/\\\/www.organisator.ch\\\/#\\\/schema\\\/logo\\\/image\\\/\",\"url\":\"https:\\\/\\\/www.organisator.ch\\\/wp-content\\\/uploads\\\/2022\\\/01\\\/Logo_Organisator_Website.png\",\"contentUrl\":\"https:\\\/\\\/www.organisator.ch\\\/wp-content\\\/uploads\\\/2022\\\/01\\\/Logo_Organisator_Website.png\",\"width\":800,\"height\":77,\"caption\":\"Organisator\"},\"image\":{\"@id\":\"https:\\\/\\\/www.organisator.ch\\\/#\\\/schema\\\/logo\\\/image\\\/\"},\"sameAs\":[\"https:\\\/\\\/www.facebook.com\\\/OrganisatorFachmagazin\",\"https:\\\/\\\/www.linkedin.com\\\/showcase\\\/organisator-das-magazin-fr-kmu\",\"https:\\\/\\\/www.xing.com\\\/news\\\/pages\\\/organisator-ch-695\",\"https:\\\/\\\/www.youtube.com\\\/channel\\\/UCGP2Sq0iWaZwT3BdIAQFYpw\"]},{\"@type\":\"Person\",\"@id\":\"https:\\\/\\\/www.organisator.ch\\\/#\\\/schema\\\/person\\\/4e51799071cd2dd1232ac003643ef5f0\",\"name\":\"galledia\",\"image\":{\"@type\":\"ImageObject\",\"inLanguage\":\"de\",\"@id\":\"https:\\\/\\\/secure.gravatar.com\\\/avatar\\\/78a7f90c01fc2bfc875782a0d4922b37cde2cf184ce347b91316d23cd7f69a36?s=96&d=mm&r=g\",\"url\":\"https:\\\/\\\/secure.gravatar.com\\\/avatar\\\/78a7f90c01fc2bfc875782a0d4922b37cde2cf184ce347b91316d23cd7f69a36?s=96&d=mm&r=g\",\"contentUrl\":\"https:\\\/\\\/secure.gravatar.com\\\/avatar\\\/78a7f90c01fc2bfc875782a0d4922b37cde2cf184ce347b91316d23cd7f69a36?s=96&d=mm&r=g\",\"caption\":\"galledia\"},\"sameAs\":[\"https:\\\/\\\/x.com\\\/admin\"],\"url\":\"https:\\\/\\\/www.organisator.ch\\\/de\\\/author\\\/galledia\\\/\"}]}<\/script>\n<!-- \/ Yoast SEO plugin. -->","yoast_head_json":{"title":"Gelungene Synprovis-ERFA-Tagung - Organisator","description":"Am 19. Mai 2022 f\u00fchrte Synprovis, Hersteller von Software f\u00fcr das Qualit\u00e4tsmanagement, zum zehnten Mal eine Kundentagung durch.","robots":{"index":"index","follow":"follow","max-snippet":"max-snippet:-1","max-image-preview":"max-image-preview:large","max-video-preview":"max-video-preview:-1"},"canonical":"https:\/\/www.m-q.ch\/de\/gelungene-synprovis-erfa-tagung\/","og_locale":"de_DE","og_type":"article","og_title":"Gelungene Synprovis-ERFA-Tagung - Organisator","og_description":"Am 19. Mai 2022 f\u00fchrte Synprovis, Hersteller von Software f\u00fcr das Qualit\u00e4tsmanagement, zum zehnten Mal eine Kundentagung durch.","og_url":"https:\/\/www.m-q.ch\/de\/gelungene-synprovis-erfa-tagung\/","og_site_name":"Organisator","article_publisher":"https:\/\/www.facebook.com\/OrganisatorFachmagazin","article_published_time":"2022-07-26T07:22:34+00:00","article_modified_time":"2022-07-26T09:09:36+00:00","og_image":[{"url":"https:\/\/www.m-q.ch\/wp-content\/uploads\/2022\/07\/MQ-Management-Qualitaet-Gelungene-Synprovis-ERFA-Tagung.jpg","type":"","width":"","height":""}],"author":"galledia","twitter_card":"summary_large_image","twitter_creator":"@admin","schema":{"@context":"https:\/\/schema.org","@graph":[{"@type":"Article","@id":"https:\/\/www.m-q.ch\/de\/gelungene-synprovis-erfa-tagung\/#article","isPartOf":{"@id":"https:\/\/www.organisator.ch\/operational-excellence\/2022-07-26\/gelungene-synprovis-erfa-tagung\/"},"author":{"name":"galledia","@id":"https:\/\/www.organisator.ch\/#\/schema\/person\/4e51799071cd2dd1232ac003643ef5f0"},"headline":"Gelungene Synprovis-ERFA-Tagung","datePublished":"2022-07-26T07:22:34+00:00","dateModified":"2022-07-26T09:09:36+00:00","mainEntityOfPage":{"@id":"https:\/\/www.organisator.ch\/operational-excellence\/2022-07-26\/gelungene-synprovis-erfa-tagung\/"},"wordCount":444,"publisher":{"@id":"https:\/\/www.organisator.ch\/#organization"},"image":{"@id":"https:\/\/www.m-q.ch\/de\/gelungene-synprovis-erfa-tagung\/#primaryimage"},"thumbnailUrl":"https:\/\/www.m-q.ch\/wp-content\/uploads\/2022\/07\/MQ-Management-Qualitaet-Gelungene-Synprovis-ERFA-Tagung.jpg","keywords":["Ausgabe 7-8\/2022","ERFA","Synprovis"],"articleSection":["OPERATIONAL EXCELLENCE"],"inLanguage":"de"},{"@type":"WebPage","@id":"https:\/\/www.organisator.ch\/operational-excellence\/2022-07-26\/gelungene-synprovis-erfa-tagung\/","url":"https:\/\/www.m-q.ch\/de\/gelungene-synprovis-erfa-tagung\/","name":"Gelungene Synprovis-ERFA-Tagung - Organisator","isPartOf":{"@id":"https:\/\/www.organisator.ch\/#website"},"primaryImageOfPage":{"@id":"https:\/\/www.m-q.ch\/de\/gelungene-synprovis-erfa-tagung\/#primaryimage"},"image":{"@id":"https:\/\/www.m-q.ch\/de\/gelungene-synprovis-erfa-tagung\/#primaryimage"},"thumbnailUrl":"https:\/\/www.m-q.ch\/wp-content\/uploads\/2022\/07\/MQ-Management-Qualitaet-Gelungene-Synprovis-ERFA-Tagung.jpg","datePublished":"2022-07-26T07:22:34+00:00","dateModified":"2022-07-26T09:09:36+00:00","description":"Am 19. Mai 2022 f\u00fchrte Synprovis, Hersteller von Software f\u00fcr das Qualit\u00e4tsmanagement, zum zehnten Mal eine Kundentagung durch.","breadcrumb":{"@id":"https:\/\/www.m-q.ch\/de\/gelungene-synprovis-erfa-tagung\/#breadcrumb"},"inLanguage":"de","potentialAction":[{"@type":"ReadAction","target":["https:\/\/www.m-q.ch\/de\/gelungene-synprovis-erfa-tagung\/"]}]},{"@type":"ImageObject","inLanguage":"de","@id":"https:\/\/www.m-q.ch\/de\/gelungene-synprovis-erfa-tagung\/#primaryimage","url":"https:\/\/www.m-q.ch\/wp-content\/uploads\/2022\/07\/MQ-Management-Qualitaet-Gelungene-Synprovis-ERFA-Tagung.jpg","contentUrl":"https:\/\/www.m-q.ch\/wp-content\/uploads\/2022\/07\/MQ-Management-Qualitaet-Gelungene-Synprovis-ERFA-Tagung.jpg"},{"@type":"BreadcrumbList","@id":"https:\/\/www.m-q.ch\/de\/gelungene-synprovis-erfa-tagung\/#breadcrumb","itemListElement":[{"@type":"ListItem","position":1,"name":"Home","item":"https:\/\/www.organisator.ch\/"},{"@type":"ListItem","position":2,"name":"Gelungene Synprovis-ERFA-Tagung"}]},{"@type":"WebSite","@id":"https:\/\/www.organisator.ch\/#website","url":"https:\/\/www.organisator.ch\/","name":"Organisator","description":"Kompetent. Praxisnah. Der ORGANISATOR bereitet in 10 Ausgaben pro Jahr die wesentlichen Themen f\u00fcr F\u00fchrungskr\u00e4fte von KMU auf.","publisher":{"@id":"https:\/\/www.organisator.ch\/#organization"},"potentialAction":[{"@type":"SearchAction","target":{"@type":"EntryPoint","urlTemplate":"https:\/\/www.organisator.ch\/?s={search_term_string}"},"query-input":{"@type":"PropertyValueSpecification","valueRequired":true,"valueName":"search_term_string"}}],"inLanguage":"de"},{"@type":"Organization","@id":"https:\/\/www.organisator.ch\/#organization","name":"Organisator","url":"https:\/\/www.organisator.ch\/","logo":{"@type":"ImageObject","inLanguage":"de","@id":"https:\/\/www.organisator.ch\/#\/schema\/logo\/image\/","url":"https:\/\/www.organisator.ch\/wp-content\/uploads\/2022\/01\/Logo_Organisator_Website.png","contentUrl":"https:\/\/www.organisator.ch\/wp-content\/uploads\/2022\/01\/Logo_Organisator_Website.png","width":800,"height":77,"caption":"Organisator"},"image":{"@id":"https:\/\/www.organisator.ch\/#\/schema\/logo\/image\/"},"sameAs":["https:\/\/www.facebook.com\/OrganisatorFachmagazin","https:\/\/www.linkedin.com\/showcase\/organisator-das-magazin-fr-kmu","https:\/\/www.xing.com\/news\/pages\/organisator-ch-695","https:\/\/www.youtube.com\/channel\/UCGP2Sq0iWaZwT3BdIAQFYpw"]},{"@type":"Person","@id":"https:\/\/www.organisator.ch\/#\/schema\/person\/4e51799071cd2dd1232ac003643ef5f0","name":"galledia","image":{"@type":"ImageObject","inLanguage":"de","@id":"https:\/\/secure.gravatar.com\/avatar\/78a7f90c01fc2bfc875782a0d4922b37cde2cf184ce347b91316d23cd7f69a36?s=96&d=mm&r=g","url":"https:\/\/secure.gravatar.com\/avatar\/78a7f90c01fc2bfc875782a0d4922b37cde2cf184ce347b91316d23cd7f69a36?s=96&d=mm&r=g","contentUrl":"https:\/\/secure.gravatar.com\/avatar\/78a7f90c01fc2bfc875782a0d4922b37cde2cf184ce347b91316d23cd7f69a36?s=96&d=mm&r=g","caption":"galledia"},"sameAs":["https:\/\/x.com\/admin"],"url":"https:\/\/www.organisator.ch\/de\/author\/galledia\/"}]}},"_links":{"self":[{"href":"https:\/\/www.organisator.ch\/de\/wp-json\/wp\/v2\/posts\/15839","targetHints":{"allow":["GET"]}}],"collection":[{"href":"https:\/\/www.organisator.ch\/de\/wp-json\/wp\/v2\/posts"}],"about":[{"href":"https:\/\/www.organisator.ch\/de\/wp-json\/wp\/v2\/types\/post"}],"author":[{"embeddable":true,"href":"https:\/\/www.organisator.ch\/de\/wp-json\/wp\/v2\/users\/8"}],"replies":[{"embeddable":true,"href":"https:\/\/www.organisator.ch\/de\/wp-json\/wp\/v2\/comments?post=15839"}],"version-history":[{"count":4,"href":"https:\/\/www.organisator.ch\/de\/wp-json\/wp\/v2\/posts\/15839\/revisions"}],"predecessor-version":[{"id":15844,"href":"https:\/\/www.organisator.ch\/de\/wp-json\/wp\/v2\/posts\/15839\/revisions\/15844"}],"wp:attachment":[{"href":"https:\/\/www.organisator.ch\/de\/wp-json\/wp\/v2\/media?parent=15839"}],"wp:term":[{"taxonomy":"category","embeddable":true,"href":"https:\/\/www.organisator.ch\/de\/wp-json\/wp\/v2\/categories?post=15839"},{"taxonomy":"post_tag","embeddable":true,"href":"https:\/\/www.organisator.ch\/de\/wp-json\/wp\/v2\/tags?post=15839"}],"curies":[{"name":"wp","href":"https:\/\/api.w.org\/{rel}","templated":true}]}}