{"id":1599,"date":"2017-03-08T09:19:49","date_gmt":"2017-03-08T08:19:49","guid":{"rendered":"https:\/\/www.organisator.ch\/?p=1599"},"modified":"2017-03-08T09:19:49","modified_gmt":"2017-03-08T08:19:49","slug":"deutschland-fachkraefte-wuenschen-sich-rueckkehrrecht-auf-vollzeit","status":"publish","type":"post","link":"https:\/\/www.organisator.ch\/de\/human-resources\/hrm\/2017-03-08\/deutschland-fachkraefte-wuenschen-sich-rueckkehrrecht-auf-vollzeit\/","title":{"rendered":"Deutschland: Fachkr\u00e4fte w\u00fcnschen sich R\u00fcckkehrrecht auf Vollzeit"},"content":{"rendered":"<figure id=\"attachment_1601\" aria-describedby=\"caption-attachment-1601\" style=\"width: 640px\" class=\"wp-caption alignnone\"><img loading=\"lazy\" decoding=\"async\" class=\"size-full wp-image-1601\" src=\"https:\/\/www.organisator.ch\/wp-content\/uploads\/2017\/03\/Deutschland-Fachkraefte-wuenschen-sich-Rueckkehrrecht-auf-Vollzeit_Organisator.jpg\" alt=\"\" width=\"640\" height=\"427\" srcset=\"https:\/\/www.organisator.ch\/wp-content\/uploads\/2017\/03\/Deutschland-Fachkraefte-wuenschen-sich-Rueckkehrrecht-auf-Vollzeit_Organisator.jpg 640w, https:\/\/www.organisator.ch\/wp-content\/uploads\/2017\/03\/Deutschland-Fachkraefte-wuenschen-sich-Rueckkehrrecht-auf-Vollzeit_Organisator-16x12.jpg 16w, https:\/\/www.organisator.ch\/wp-content\/uploads\/2017\/03\/Deutschland-Fachkraefte-wuenschen-sich-Rueckkehrrecht-auf-Vollzeit_Organisator-262x175.jpg 262w, https:\/\/www.organisator.ch\/wp-content\/uploads\/2017\/03\/Deutschland-Fachkraefte-wuenschen-sich-Rueckkehrrecht-auf-Vollzeit_Organisator-525x350.jpg 525w, https:\/\/www.organisator.ch\/wp-content\/uploads\/2017\/03\/Deutschland-Fachkraefte-wuenschen-sich-Rueckkehrrecht-auf-Vollzeit_Organisator-300x200.jpg 300w\" sizes=\"auto, (max-width: 640px) 100vw, 640px\" \/><figcaption id=\"caption-attachment-1601\" class=\"wp-caption-text\">In Deutschland wollen viele Frauen nach der Elternzeit wieder Vollzeit arbeiten. (Bild: Fotolia.com)<\/figcaption><\/figure>\n<p>Neun von zehn Besch\u00e4ftigten in Deutschland wollen die M\u00f6glichkeit haben, aus der Teilzeitarbeit in eine Vollzeitstelle zur\u00fcckzukehren. Damit ist ein solches Recht f\u00fcr Fachkr\u00e4fte in Deutschland die wichtigste Massnahme zur Vereinbarkeit von Familie und Beruf. Das hat die Online-Jobb\u00f6rse StepStone in einer Befragung von rund 5.000 Fach- und F\u00fchrungskr\u00e4ften herausgefunden. Die Studie zeigt auch: 28 Prozent der befragten Frauen haben fest vor, in Zukunft eine F\u00fchrungsrolle zu \u00fcbernehmen. Knapp 60 Prozent aller Teilzeitbesch\u00e4ftigten glauben, dass sie eine verantwortungsvolle F\u00fchrungsposition auch mit reduzierter Stundenzahl angemessen ausf\u00fcllen k\u00f6nnen.<\/p>\n<p><strong>Bis zu 1,5 Mio. Teilzeitkr\u00e4fte w\u00fcrden Vollzeit arbeiten<\/strong><\/p>\n<p>\u201eGerade hoch qualifizierte Frauen wollen im Job etwas bewegen \u2013 auch dann, wenn sie vor\u00fcbergehend in Teilzeit arbeiten wollen oder m\u00fcssen. Unsere Marktforschung hat ergeben, dass vier von zehn Frauen auf Vollzeit umsteigen w\u00fcrden, wenn sich die Kinderbetreuung optimal organisieren lie\u00dfe. Die Bereitschaft, mehr zu arbeiten, ist damit im Vergleich zu unserer Vorjahresbefragung noch einmal um zehn Prozentpunkte gestiegen\u201c, sagt Simone Reif, Gesch\u00e4ftsf\u00fchrerin bei StepStone.de. \u201eF\u00fcr die Wirtschaft sind das gute Nachrichten, denn in Zeiten knapper Fachkr\u00e4fte sind Unternehmen auf diese Frauen angewiesen.\u201c Sch\u00e4tzungen von StepStone zufolge bel\u00e4uft sich die Anzahl der Frauen, die unter den richtigen Voraussetzungen in Vollzeit arbeiten w\u00fcrden, allein unter Fach- und F\u00fchrungskr\u00e4ften auf bis zu 1,5 Millionen.<\/p>\n<p><strong>Wege aus der Teilzeit-Falle <\/strong><\/p>\n<p>Flexible Arbeitszeiten sind f\u00fcr 95 Prozent aller Befragten ein Muss. Frauen w\u00fcnschen sich als Unterst\u00fctzung vom Arbeitgeber Fortbildungen zur Vorbereitung auf eine F\u00fchrungsposition sowie Massnahmen zur gezielten F\u00f6rderung von Teilzeitkr\u00e4ften. Knapp zwei Drittel der weiblichen Fachkr\u00e4fte sahen sich nach der R\u00fcckkehr aus der Familienpause mit anderen Aufgaben konfrontiert \u2013 28 Prozent \u00fcben seitdem weniger anspruchsvolle T\u00e4tigkeiten aus. Dass die Unterbrechung der Berufst\u00e4tigkeit ihrer Karriere geschadet hat, meint mehr als die H\u00e4lfte der Frauen. Das hat auch finanzielle Folgen: 60 Prozent rechnen langfristig mit negativen Auswirkungen auf ihr Gehalt.<\/p>\n<p><strong>In der Schweiz: Mehr weibliche F\u00fchrungskr\u00e4fte<\/strong><\/p>\n<p>In der Schweiz gelingt es der\u00a0Wirtschaft hingegen, deutlich mehr Vakanzen in ihren Gesch\u00e4ftsleitungen mit Frauen zu besetzen. Der Frauenanteil in den Gesch\u00e4ftsleitungen der 100 gr\u00f6ssten Schweizer Arbeitgeber springt von 6 % auf 8 %, von allen Neuzug\u00e4ngen in den Gesch\u00e4ftsleitungen waren 21 % weiblich \u2013 im Vorjahr nur 4 %. In den Verwaltungsr\u00e4ten der Unternehmen wurden ebenfalls 21% der offenen Mandate mit einer Frau besetzt, damit stieg der Frauenanteil dort auf 17%. Dies zeigt der j\u00fcngste &#8222;schillingreport&#8220;\u00a0des Executive Search-Spezialisten\u00a0Guido Schilling AG.\u00a0Will die Schweizer Wirtschaft den Anschluss an die anderen L\u00e4nder Westeuropas jedoch nicht verlieren, muss sie den eingeschlagenen Weg konsequent weitergehen. Im \u00f6ffentlichen Sektor ist das Vergleichsgremium mit 24 % weiblichen Regierungsr\u00e4ten sowie 14 % weiblichen Topkadern deutlich weiter als die Privatwirtschaft.<\/p>\n<p><em>Quellen: <a href=\"http:\/\/www.stepstone.de\/\">www.stepstone.de,<\/a> <a href=\"http:\/\/guidoschilling.us14.list-manage.com\/track\/click?u=2625059316923baa9b801790a&amp;id=2a92927cdb&amp;e=6a9c33026a\">www.schillingreport.ch<\/a><\/em><\/p>\n","protected":false},"excerpt":{"rendered":"<p>Neun von zehn Besch\u00e4ftigten in Deutschland wollen die M\u00f6glichkeit haben, aus der Teilzeitarbeit in eine Vollzeitstelle zur\u00fcckzukehren. Damit ist ein solches Recht f\u00fcr Fachkr\u00e4fte in Deutschland die wichtigste Massnahme zur Vereinbarkeit von Familie und Beruf. Das hat die Online-Jobb\u00f6rse StepStone in einer Befragung von rund 5.000 Fach- und F\u00fchrungskr\u00e4ften herausgefunden. Die Studie zeigt auch: 28 [&hellip;]<\/p>\n","protected":false},"author":4,"featured_media":1601,"comment_status":"open","ping_status":"open","sticky":false,"template":"","format":"standard","meta":{"_acf_changed":false,"_yoast_wpseo_focuskw":"Vollzeit","_yoast_wpseo_metadesc":"In unserem n\u00f6rdlichen Nachbarland wollen viele Fachkr\u00e4fte, die Teilzeit arbeiten, wieder auf Vollzeit wechseln. In der Schweiz sieht es anders aus.","articlekey":"","footnotes":""},"categories":[26],"tags":[254,294,334,459],"class_list":["post-1599","post","type-post","status-publish","format-standard","has-post-thumbnail","hentry","category-hrm","tag-hrm","tag-karriere","tag-management","tag-studie"],"acf":[],"yoast_head":"<!-- This site is optimized with the Yoast SEO plugin v27.5 - https:\/\/yoast.com\/product\/yoast-seo-wordpress\/ -->\n<title>Deutschland: Fachkr\u00e4fte w\u00fcnschen sich R\u00fcckkehrrecht auf Vollzeit - Organisator<\/title>\n<meta name=\"description\" content=\"In unserem n\u00f6rdlichen Nachbarland wollen viele Fachkr\u00e4fte, die Teilzeit arbeiten, wieder auf Vollzeit wechseln. In der Schweiz sieht es anders aus.\" \/>\n<meta name=\"robots\" content=\"index, follow, max-snippet:-1, max-image-preview:large, max-video-preview:-1\" \/>\n<link rel=\"canonical\" href=\"https:\/\/www.organisator.ch\/de\/human-resources\/hrm\/2017-03-08\/deutschland-fachkraefte-wuenschen-sich-rueckkehrrecht-auf-vollzeit\/\" \/>\n<meta property=\"og:locale\" content=\"de_DE\" \/>\n<meta property=\"og:type\" content=\"article\" \/>\n<meta property=\"og:title\" content=\"Deutschland: Fachkr\u00e4fte w\u00fcnschen sich R\u00fcckkehrrecht auf Vollzeit\" \/>\n<meta property=\"og:description\" content=\"W\u00e4hrend in der Schweiz viel versucht wird, #Teilzeit-Arbeitsmodelle attraktiver zu machen, sieht es in unserem n\u00f6rdlichen Nachbarland anders aus: Da m\u00f6chten viele Fachkr\u00e4fte, die Teilzeit arbeiten, wieder auf #Vollzeit wechseln.\" \/>\n<meta property=\"og:url\" content=\"https:\/\/www.organisator.ch\/de\/human-resources\/hrm\/2017-03-08\/deutschland-fachkraefte-wuenschen-sich-rueckkehrrecht-auf-vollzeit\/\" \/>\n<meta property=\"og:site_name\" content=\"Organisator\" \/>\n<meta property=\"article:publisher\" content=\"https:\/\/www.facebook.com\/OrganisatorFachmagazin\" \/>\n<meta property=\"article:published_time\" content=\"2017-03-08T08:19:49+00:00\" \/>\n<meta property=\"og:image\" content=\"https:\/\/www.organisator.ch\/wp-content\/uploads\/2017\/03\/Deutschland-Fachkraefte-wuenschen-sich-Rueckkehrrecht-auf-Vollzeit_Organisator.jpg\" \/>\n\t<meta property=\"og:image:width\" content=\"640\" \/>\n\t<meta property=\"og:image:height\" content=\"427\" \/>\n\t<meta property=\"og:image:type\" content=\"image\/jpeg\" \/>\n<meta name=\"author\" content=\"thomas.berner\" \/>\n<meta name=\"twitter:card\" content=\"summary_large_image\" \/>\n<meta name=\"twitter:title\" content=\"Deutschland: Fachkr\u00e4fte w\u00fcnschen sich #R\u00fcckkehrrecht auf #Vollzeit #R\u00fcckkehrrechtaufVollzeit\" \/>\n<meta name=\"twitter:description\" content=\"W\u00e4hrend in der Schweiz viel versucht wird, #Teilzeit-Arbeitsmodelle attraktiver zu machen, sieht es in unserem n\u00f6rdlichen Nachbarland anders aus: Da m\u00f6chten viele Fachkr\u00e4fte, die Teilzeit arbeiten, wieder auf #Vollzeit wechseln.\" \/>\n<meta name=\"twitter:image\" content=\"https:\/\/www.organisator.ch\/wp-content\/uploads\/2017\/03\/Deutschland-Fachkr\u00e4fte-w\u00fcnschen-sich-R\u00fcckkehrrecht-auf-Vollzeit_Organisator.jpg\" \/>\n<script type=\"application\/ld+json\" class=\"yoast-schema-graph\">{\"@context\":\"https:\\\/\\\/schema.org\",\"@graph\":[{\"@type\":\"Article\",\"@id\":\"https:\\\/\\\/www.organisator.ch\\\/human-resources\\\/hrm\\\/2017-03-08\\\/deutschland-fachkraefte-wuenschen-sich-rueckkehrrecht-auf-vollzeit\\\/#article\",\"isPartOf\":{\"@id\":\"https:\\\/\\\/www.organisator.ch\\\/human-resources\\\/hrm\\\/2017-03-08\\\/deutschland-fachkraefte-wuenschen-sich-rueckkehrrecht-auf-vollzeit\\\/\"},\"author\":{\"name\":\"thomas.berner\",\"@id\":\"https:\\\/\\\/www.organisator.ch\\\/#\\\/schema\\\/person\\\/6f650f90b2842cd4c0cc334b4e36f67e\"},\"headline\":\"Deutschland: Fachkr\u00e4fte w\u00fcnschen sich R\u00fcckkehrrecht auf Vollzeit\",\"datePublished\":\"2017-03-08T08:19:49+00:00\",\"mainEntityOfPage\":{\"@id\":\"https:\\\/\\\/www.organisator.ch\\\/human-resources\\\/hrm\\\/2017-03-08\\\/deutschland-fachkraefte-wuenschen-sich-rueckkehrrecht-auf-vollzeit\\\/\"},\"wordCount\":493,\"commentCount\":0,\"publisher\":{\"@id\":\"https:\\\/\\\/www.organisator.ch\\\/#organization\"},\"image\":{\"@id\":\"https:\\\/\\\/www.organisator.ch\\\/human-resources\\\/hrm\\\/2017-03-08\\\/deutschland-fachkraefte-wuenschen-sich-rueckkehrrecht-auf-vollzeit\\\/#primaryimage\"},\"thumbnailUrl\":\"https:\\\/\\\/www.organisator.ch\\\/wp-content\\\/uploads\\\/2017\\\/03\\\/Deutschland-Fachkraefte-wuenschen-sich-Rueckkehrrecht-auf-Vollzeit_Organisator.jpg\",\"keywords\":[\"HRM\",\"Karriere\",\"Management\",\"Studie\"],\"articleSection\":[\"HRM\"],\"inLanguage\":\"de\"},{\"@type\":\"WebPage\",\"@id\":\"https:\\\/\\\/www.organisator.ch\\\/human-resources\\\/hrm\\\/2017-03-08\\\/deutschland-fachkraefte-wuenschen-sich-rueckkehrrecht-auf-vollzeit\\\/\",\"url\":\"https:\\\/\\\/www.organisator.ch\\\/human-resources\\\/hrm\\\/2017-03-08\\\/deutschland-fachkraefte-wuenschen-sich-rueckkehrrecht-auf-vollzeit\\\/\",\"name\":\"Deutschland: Fachkr\u00e4fte w\u00fcnschen sich R\u00fcckkehrrecht auf Vollzeit - Organisator\",\"isPartOf\":{\"@id\":\"https:\\\/\\\/www.organisator.ch\\\/#website\"},\"primaryImageOfPage\":{\"@id\":\"https:\\\/\\\/www.organisator.ch\\\/human-resources\\\/hrm\\\/2017-03-08\\\/deutschland-fachkraefte-wuenschen-sich-rueckkehrrecht-auf-vollzeit\\\/#primaryimage\"},\"image\":{\"@id\":\"https:\\\/\\\/www.organisator.ch\\\/human-resources\\\/hrm\\\/2017-03-08\\\/deutschland-fachkraefte-wuenschen-sich-rueckkehrrecht-auf-vollzeit\\\/#primaryimage\"},\"thumbnailUrl\":\"https:\\\/\\\/www.organisator.ch\\\/wp-content\\\/uploads\\\/2017\\\/03\\\/Deutschland-Fachkraefte-wuenschen-sich-Rueckkehrrecht-auf-Vollzeit_Organisator.jpg\",\"datePublished\":\"2017-03-08T08:19:49+00:00\",\"description\":\"In unserem n\u00f6rdlichen Nachbarland wollen viele Fachkr\u00e4fte, die Teilzeit arbeiten, wieder auf Vollzeit wechseln. In der Schweiz sieht es anders aus.\",\"breadcrumb\":{\"@id\":\"https:\\\/\\\/www.organisator.ch\\\/human-resources\\\/hrm\\\/2017-03-08\\\/deutschland-fachkraefte-wuenschen-sich-rueckkehrrecht-auf-vollzeit\\\/#breadcrumb\"},\"inLanguage\":\"de\",\"potentialAction\":[{\"@type\":\"ReadAction\",\"target\":[\"https:\\\/\\\/www.organisator.ch\\\/human-resources\\\/hrm\\\/2017-03-08\\\/deutschland-fachkraefte-wuenschen-sich-rueckkehrrecht-auf-vollzeit\\\/\"]}]},{\"@type\":\"ImageObject\",\"inLanguage\":\"de\",\"@id\":\"https:\\\/\\\/www.organisator.ch\\\/human-resources\\\/hrm\\\/2017-03-08\\\/deutschland-fachkraefte-wuenschen-sich-rueckkehrrecht-auf-vollzeit\\\/#primaryimage\",\"url\":\"https:\\\/\\\/www.organisator.ch\\\/wp-content\\\/uploads\\\/2017\\\/03\\\/Deutschland-Fachkraefte-wuenschen-sich-Rueckkehrrecht-auf-Vollzeit_Organisator.jpg\",\"contentUrl\":\"https:\\\/\\\/www.organisator.ch\\\/wp-content\\\/uploads\\\/2017\\\/03\\\/Deutschland-Fachkraefte-wuenschen-sich-Rueckkehrrecht-auf-Vollzeit_Organisator.jpg\",\"width\":640,\"height\":427,\"caption\":\"In Deutschland wollen viele Frauen nach der Elternzeit wieder Vollzeit arbeiten. (Bild: Fotolia.com)\"},{\"@type\":\"BreadcrumbList\",\"@id\":\"https:\\\/\\\/www.organisator.ch\\\/human-resources\\\/hrm\\\/2017-03-08\\\/deutschland-fachkraefte-wuenschen-sich-rueckkehrrecht-auf-vollzeit\\\/#breadcrumb\",\"itemListElement\":[{\"@type\":\"ListItem\",\"position\":1,\"name\":\"Home\",\"item\":\"https:\\\/\\\/www.organisator.ch\\\/\"},{\"@type\":\"ListItem\",\"position\":2,\"name\":\"Deutschland: Fachkr\u00e4fte w\u00fcnschen sich R\u00fcckkehrrecht auf Vollzeit\"}]},{\"@type\":\"WebSite\",\"@id\":\"https:\\\/\\\/www.organisator.ch\\\/#website\",\"url\":\"https:\\\/\\\/www.organisator.ch\\\/\",\"name\":\"Organisator\",\"description\":\"Kompetent. Praxisnah. Der ORGANISATOR bereitet in 10 Ausgaben pro Jahr die wesentlichen Themen f\u00fcr F\u00fchrungskr\u00e4fte von KMU auf.\",\"publisher\":{\"@id\":\"https:\\\/\\\/www.organisator.ch\\\/#organization\"},\"potentialAction\":[{\"@type\":\"SearchAction\",\"target\":{\"@type\":\"EntryPoint\",\"urlTemplate\":\"https:\\\/\\\/www.organisator.ch\\\/?s={search_term_string}\"},\"query-input\":{\"@type\":\"PropertyValueSpecification\",\"valueRequired\":true,\"valueName\":\"search_term_string\"}}],\"inLanguage\":\"de\"},{\"@type\":\"Organization\",\"@id\":\"https:\\\/\\\/www.organisator.ch\\\/#organization\",\"name\":\"Organisator\",\"url\":\"https:\\\/\\\/www.organisator.ch\\\/\",\"logo\":{\"@type\":\"ImageObject\",\"inLanguage\":\"de\",\"@id\":\"https:\\\/\\\/www.organisator.ch\\\/#\\\/schema\\\/logo\\\/image\\\/\",\"url\":\"https:\\\/\\\/www.organisator.ch\\\/wp-content\\\/uploads\\\/2022\\\/01\\\/Logo_Organisator_Website.png\",\"contentUrl\":\"https:\\\/\\\/www.organisator.ch\\\/wp-content\\\/uploads\\\/2022\\\/01\\\/Logo_Organisator_Website.png\",\"width\":800,\"height\":77,\"caption\":\"Organisator\"},\"image\":{\"@id\":\"https:\\\/\\\/www.organisator.ch\\\/#\\\/schema\\\/logo\\\/image\\\/\"},\"sameAs\":[\"https:\\\/\\\/www.facebook.com\\\/OrganisatorFachmagazin\",\"https:\\\/\\\/www.linkedin.com\\\/showcase\\\/organisator-das-magazin-fr-kmu\",\"https:\\\/\\\/www.xing.com\\\/news\\\/pages\\\/organisator-ch-695\",\"https:\\\/\\\/www.youtube.com\\\/channel\\\/UCGP2Sq0iWaZwT3BdIAQFYpw\"]},{\"@type\":\"Person\",\"@id\":\"https:\\\/\\\/www.organisator.ch\\\/#\\\/schema\\\/person\\\/6f650f90b2842cd4c0cc334b4e36f67e\",\"name\":\"thomas.berner\",\"image\":{\"@type\":\"ImageObject\",\"inLanguage\":\"de\",\"@id\":\"https:\\\/\\\/secure.gravatar.com\\\/avatar\\\/ac5001d2a36cb6c6cd3e50789007ffca834b477b74a2144564522e944eabff61?s=96&d=mm&r=g\",\"url\":\"https:\\\/\\\/secure.gravatar.com\\\/avatar\\\/ac5001d2a36cb6c6cd3e50789007ffca834b477b74a2144564522e944eabff61?s=96&d=mm&r=g\",\"contentUrl\":\"https:\\\/\\\/secure.gravatar.com\\\/avatar\\\/ac5001d2a36cb6c6cd3e50789007ffca834b477b74a2144564522e944eabff61?s=96&d=mm&r=g\",\"caption\":\"thomas.berner\"},\"url\":\"https:\\\/\\\/www.organisator.ch\\\/de\\\/author\\\/thomas-berner\\\/\"}]}<\/script>\n<!-- \/ Yoast SEO plugin. -->","yoast_head_json":{"title":"Deutschland: Fachkr\u00e4fte w\u00fcnschen sich R\u00fcckkehrrecht auf Vollzeit - Organisator","description":"In unserem n\u00f6rdlichen Nachbarland wollen viele Fachkr\u00e4fte, die Teilzeit arbeiten, wieder auf Vollzeit wechseln. In der Schweiz sieht es anders aus.","robots":{"index":"index","follow":"follow","max-snippet":"max-snippet:-1","max-image-preview":"max-image-preview:large","max-video-preview":"max-video-preview:-1"},"canonical":"https:\/\/www.organisator.ch\/de\/human-resources\/hrm\/2017-03-08\/deutschland-fachkraefte-wuenschen-sich-rueckkehrrecht-auf-vollzeit\/","og_locale":"de_DE","og_type":"article","og_title":"Deutschland: Fachkr\u00e4fte w\u00fcnschen sich R\u00fcckkehrrecht auf Vollzeit","og_description":"W\u00e4hrend in der Schweiz viel versucht wird, #Teilzeit-Arbeitsmodelle attraktiver zu machen, sieht es in unserem n\u00f6rdlichen Nachbarland anders aus: Da m\u00f6chten viele Fachkr\u00e4fte, die Teilzeit arbeiten, wieder auf #Vollzeit wechseln.","og_url":"https:\/\/www.organisator.ch\/de\/human-resources\/hrm\/2017-03-08\/deutschland-fachkraefte-wuenschen-sich-rueckkehrrecht-auf-vollzeit\/","og_site_name":"Organisator","article_publisher":"https:\/\/www.facebook.com\/OrganisatorFachmagazin","article_published_time":"2017-03-08T08:19:49+00:00","og_image":[{"width":640,"height":427,"url":"https:\/\/www.organisator.ch\/wp-content\/uploads\/2017\/03\/Deutschland-Fachkraefte-wuenschen-sich-Rueckkehrrecht-auf-Vollzeit_Organisator.jpg","type":"image\/jpeg"}],"author":"thomas.berner","twitter_card":"summary_large_image","twitter_title":"Deutschland: Fachkr\u00e4fte w\u00fcnschen sich #R\u00fcckkehrrecht auf #Vollzeit #R\u00fcckkehrrechtaufVollzeit","twitter_description":"W\u00e4hrend in der Schweiz viel versucht wird, #Teilzeit-Arbeitsmodelle attraktiver zu machen, sieht es in unserem n\u00f6rdlichen Nachbarland anders aus: Da m\u00f6chten viele Fachkr\u00e4fte, die Teilzeit arbeiten, wieder auf #Vollzeit wechseln.","twitter_image":"https:\/\/www.organisator.ch\/wp-content\/uploads\/2017\/03\/Deutschland-Fachkr\u00e4fte-w\u00fcnschen-sich-R\u00fcckkehrrecht-auf-Vollzeit_Organisator.jpg","schema":{"@context":"https:\/\/schema.org","@graph":[{"@type":"Article","@id":"https:\/\/www.organisator.ch\/human-resources\/hrm\/2017-03-08\/deutschland-fachkraefte-wuenschen-sich-rueckkehrrecht-auf-vollzeit\/#article","isPartOf":{"@id":"https:\/\/www.organisator.ch\/human-resources\/hrm\/2017-03-08\/deutschland-fachkraefte-wuenschen-sich-rueckkehrrecht-auf-vollzeit\/"},"author":{"name":"thomas.berner","@id":"https:\/\/www.organisator.ch\/#\/schema\/person\/6f650f90b2842cd4c0cc334b4e36f67e"},"headline":"Deutschland: Fachkr\u00e4fte w\u00fcnschen sich R\u00fcckkehrrecht auf Vollzeit","datePublished":"2017-03-08T08:19:49+00:00","mainEntityOfPage":{"@id":"https:\/\/www.organisator.ch\/human-resources\/hrm\/2017-03-08\/deutschland-fachkraefte-wuenschen-sich-rueckkehrrecht-auf-vollzeit\/"},"wordCount":493,"commentCount":0,"publisher":{"@id":"https:\/\/www.organisator.ch\/#organization"},"image":{"@id":"https:\/\/www.organisator.ch\/human-resources\/hrm\/2017-03-08\/deutschland-fachkraefte-wuenschen-sich-rueckkehrrecht-auf-vollzeit\/#primaryimage"},"thumbnailUrl":"https:\/\/www.organisator.ch\/wp-content\/uploads\/2017\/03\/Deutschland-Fachkraefte-wuenschen-sich-Rueckkehrrecht-auf-Vollzeit_Organisator.jpg","keywords":["HRM","Karriere","Management","Studie"],"articleSection":["HRM"],"inLanguage":"de"},{"@type":"WebPage","@id":"https:\/\/www.organisator.ch\/human-resources\/hrm\/2017-03-08\/deutschland-fachkraefte-wuenschen-sich-rueckkehrrecht-auf-vollzeit\/","url":"https:\/\/www.organisator.ch\/human-resources\/hrm\/2017-03-08\/deutschland-fachkraefte-wuenschen-sich-rueckkehrrecht-auf-vollzeit\/","name":"Deutschland: Fachkr\u00e4fte w\u00fcnschen sich R\u00fcckkehrrecht auf Vollzeit - Organisator","isPartOf":{"@id":"https:\/\/www.organisator.ch\/#website"},"primaryImageOfPage":{"@id":"https:\/\/www.organisator.ch\/human-resources\/hrm\/2017-03-08\/deutschland-fachkraefte-wuenschen-sich-rueckkehrrecht-auf-vollzeit\/#primaryimage"},"image":{"@id":"https:\/\/www.organisator.ch\/human-resources\/hrm\/2017-03-08\/deutschland-fachkraefte-wuenschen-sich-rueckkehrrecht-auf-vollzeit\/#primaryimage"},"thumbnailUrl":"https:\/\/www.organisator.ch\/wp-content\/uploads\/2017\/03\/Deutschland-Fachkraefte-wuenschen-sich-Rueckkehrrecht-auf-Vollzeit_Organisator.jpg","datePublished":"2017-03-08T08:19:49+00:00","description":"In unserem n\u00f6rdlichen Nachbarland wollen viele Fachkr\u00e4fte, die Teilzeit arbeiten, wieder auf Vollzeit wechseln. In der Schweiz sieht es anders aus.","breadcrumb":{"@id":"https:\/\/www.organisator.ch\/human-resources\/hrm\/2017-03-08\/deutschland-fachkraefte-wuenschen-sich-rueckkehrrecht-auf-vollzeit\/#breadcrumb"},"inLanguage":"de","potentialAction":[{"@type":"ReadAction","target":["https:\/\/www.organisator.ch\/human-resources\/hrm\/2017-03-08\/deutschland-fachkraefte-wuenschen-sich-rueckkehrrecht-auf-vollzeit\/"]}]},{"@type":"ImageObject","inLanguage":"de","@id":"https:\/\/www.organisator.ch\/human-resources\/hrm\/2017-03-08\/deutschland-fachkraefte-wuenschen-sich-rueckkehrrecht-auf-vollzeit\/#primaryimage","url":"https:\/\/www.organisator.ch\/wp-content\/uploads\/2017\/03\/Deutschland-Fachkraefte-wuenschen-sich-Rueckkehrrecht-auf-Vollzeit_Organisator.jpg","contentUrl":"https:\/\/www.organisator.ch\/wp-content\/uploads\/2017\/03\/Deutschland-Fachkraefte-wuenschen-sich-Rueckkehrrecht-auf-Vollzeit_Organisator.jpg","width":640,"height":427,"caption":"In Deutschland wollen viele Frauen nach der Elternzeit wieder Vollzeit arbeiten. (Bild: Fotolia.com)"},{"@type":"BreadcrumbList","@id":"https:\/\/www.organisator.ch\/human-resources\/hrm\/2017-03-08\/deutschland-fachkraefte-wuenschen-sich-rueckkehrrecht-auf-vollzeit\/#breadcrumb","itemListElement":[{"@type":"ListItem","position":1,"name":"Home","item":"https:\/\/www.organisator.ch\/"},{"@type":"ListItem","position":2,"name":"Deutschland: Fachkr\u00e4fte w\u00fcnschen sich R\u00fcckkehrrecht auf Vollzeit"}]},{"@type":"WebSite","@id":"https:\/\/www.organisator.ch\/#website","url":"https:\/\/www.organisator.ch\/","name":"Organisator","description":"Kompetent. Praxisnah. Der ORGANISATOR bereitet in 10 Ausgaben pro Jahr die wesentlichen Themen f\u00fcr F\u00fchrungskr\u00e4fte von KMU auf.","publisher":{"@id":"https:\/\/www.organisator.ch\/#organization"},"potentialAction":[{"@type":"SearchAction","target":{"@type":"EntryPoint","urlTemplate":"https:\/\/www.organisator.ch\/?s={search_term_string}"},"query-input":{"@type":"PropertyValueSpecification","valueRequired":true,"valueName":"search_term_string"}}],"inLanguage":"de"},{"@type":"Organization","@id":"https:\/\/www.organisator.ch\/#organization","name":"Organisator","url":"https:\/\/www.organisator.ch\/","logo":{"@type":"ImageObject","inLanguage":"de","@id":"https:\/\/www.organisator.ch\/#\/schema\/logo\/image\/","url":"https:\/\/www.organisator.ch\/wp-content\/uploads\/2022\/01\/Logo_Organisator_Website.png","contentUrl":"https:\/\/www.organisator.ch\/wp-content\/uploads\/2022\/01\/Logo_Organisator_Website.png","width":800,"height":77,"caption":"Organisator"},"image":{"@id":"https:\/\/www.organisator.ch\/#\/schema\/logo\/image\/"},"sameAs":["https:\/\/www.facebook.com\/OrganisatorFachmagazin","https:\/\/www.linkedin.com\/showcase\/organisator-das-magazin-fr-kmu","https:\/\/www.xing.com\/news\/pages\/organisator-ch-695","https:\/\/www.youtube.com\/channel\/UCGP2Sq0iWaZwT3BdIAQFYpw"]},{"@type":"Person","@id":"https:\/\/www.organisator.ch\/#\/schema\/person\/6f650f90b2842cd4c0cc334b4e36f67e","name":"thomas.berner","image":{"@type":"ImageObject","inLanguage":"de","@id":"https:\/\/secure.gravatar.com\/avatar\/ac5001d2a36cb6c6cd3e50789007ffca834b477b74a2144564522e944eabff61?s=96&d=mm&r=g","url":"https:\/\/secure.gravatar.com\/avatar\/ac5001d2a36cb6c6cd3e50789007ffca834b477b74a2144564522e944eabff61?s=96&d=mm&r=g","contentUrl":"https:\/\/secure.gravatar.com\/avatar\/ac5001d2a36cb6c6cd3e50789007ffca834b477b74a2144564522e944eabff61?s=96&d=mm&r=g","caption":"thomas.berner"},"url":"https:\/\/www.organisator.ch\/de\/author\/thomas-berner\/"}]}},"_links":{"self":[{"href":"https:\/\/www.organisator.ch\/de\/wp-json\/wp\/v2\/posts\/1599","targetHints":{"allow":["GET"]}}],"collection":[{"href":"https:\/\/www.organisator.ch\/de\/wp-json\/wp\/v2\/posts"}],"about":[{"href":"https:\/\/www.organisator.ch\/de\/wp-json\/wp\/v2\/types\/post"}],"author":[{"embeddable":true,"href":"https:\/\/www.organisator.ch\/de\/wp-json\/wp\/v2\/users\/4"}],"replies":[{"embeddable":true,"href":"https:\/\/www.organisator.ch\/de\/wp-json\/wp\/v2\/comments?post=1599"}],"version-history":[{"count":0,"href":"https:\/\/www.organisator.ch\/de\/wp-json\/wp\/v2\/posts\/1599\/revisions"}],"wp:featuredmedia":[{"embeddable":true,"href":"https:\/\/www.organisator.ch\/de\/wp-json\/wp\/v2\/media\/1601"}],"wp:attachment":[{"href":"https:\/\/www.organisator.ch\/de\/wp-json\/wp\/v2\/media?parent=1599"}],"wp:term":[{"taxonomy":"category","embeddable":true,"href":"https:\/\/www.organisator.ch\/de\/wp-json\/wp\/v2\/categories?post=1599"},{"taxonomy":"post_tag","embeddable":true,"href":"https:\/\/www.organisator.ch\/de\/wp-json\/wp\/v2\/tags?post=1599"}],"curies":[{"name":"wp","href":"https:\/\/api.w.org\/{rel}","templated":true}]}}