{"id":1616,"date":"2018-03-14T10:48:16","date_gmt":"2018-03-14T09:48:16","guid":{"rendered":"https:\/\/www.umweltperspektiven.ch\/?p=1616"},"modified":"2022-02-09T11:06:54","modified_gmt":"2022-02-09T10:06:54","slug":"aussergewoehnliche-schadenereignisse-bis-januar-2018","status":"publish","type":"post","link":"https:\/\/www.organisator.ch\/de\/sustainability\/2018-03-14\/aussergewoehnliche-schadenereignisse-bis-januar-2018\/","title":{"rendered":"Burglind: Aussergew\u00f6hnliche Schadenereignisse bis Januar 2018"},"content":{"rendered":"<figure id=\"attachment_1617\" aria-describedby=\"caption-attachment-1617\" style=\"width: 680px\" class=\"wp-caption alignnone\"><img loading=\"lazy\" decoding=\"async\" class=\"size-medium wp-image-1617\" src=\"\/\/www.umweltperspektiven.ch\/wp-content\/uploads\/2018\/03\/Sturmschaeden_Burglinde_Symbolbild_UP_Umweltperspektiven.jpg\" alt=\"\" width=\"680\" height=\"453\" \/><figcaption id=\"caption-attachment-1617\" class=\"wp-caption-text\">MeteoSchweiz sch\u00e4tzt die Wiederkehrperiode der im Mittelland erreichten Windspitzen vom Januar 2018 auf &#8222;etwa 20 Jahre oder h\u00e4ufiger&#8220;. (Symbolbild: depositphotos)<\/figcaption><\/figure>\n<p>Am 2. Januar 2018 verlagerte sich das Randtief Burglind von Schottland in die Nordsee in Richtung D\u00e4nemark. Dessen Windfeld f\u00fchrte am 3. Januar unter anderem in der Schweiz verbreitet zu Sturmwinden. Davon betroffen wurde das ganze Land mit Ausnahme der Alpens\u00fcdseite. Im Mittelland wurden selbst in Tieflagen B\u00f6enspitzen von 80 bis 100 km\/h verzeichnet, an exponierten Standorten 150 bis 170 km\/h (St. Chrischona BS, \u00dcetliberg ZH, Bantiger BE).<\/p>\n<p>Im Jura wurden Windgeschwindigkeiten von bis zu 184 km\/h gemessen (Chasseral BE). Die h\u00f6chsten B\u00f6enspitzen verzeichneten jedoch Stationen in den Voralpen und Alpen, so G\u00fctsch ob Andermatt UR mit 201 km\/h und der Pilatus (NW \/ OW) mit 195 km\/h, was einem neuen Stationsrekord entspricht. Die Sturmwinde verursachten vielerorts Sch\u00e4den: Geb\u00e4ude wurden teilweise oder ganz abgedeckt, Kamine besch\u00e4digt, Fassadenteile abgerissen, Ger\u00fcste, Z\u00e4une und Bahnschranken verdreht, Pl\u00e4tze und Einstellpl\u00e4tze durch herumfliegende Gegenst\u00e4nde zerst\u00f6rt, schliesslich st\u00fcrzten auch B\u00e4ume auf D\u00e4cher; zahlreiche Kleingeb\u00e4ude in Schweizer Gemeinden wurden ganz zerst\u00f6rt &#8211; wie <span class=\"st\">die VKG, die Dachorganisation Kantonalen Geb\u00e4udeversicherungen, informiert.<\/span><\/p>\n<p><strong>Hohe Sch\u00e4den<\/strong><\/p>\n<p>Am 4. Januar sorgte der erneute Durchzug eines Randtiefs (&#8222;Christine&#8220;) wiederum f\u00fcr Sturmb\u00f6en in der Schweiz, die allerdings mit maximal 150 km\/h (Titlis OW) schw\u00e4cher ausfielen. Darauf folgte eine Staulage mit reichlichen Niederschl\u00e4gen und oberhalb von 2000 m mit viel Neuschnee. In bisher 18 registrierten \u00a0Kantonen summierten sich die rund 39\u2018000 gemeldeten Sch\u00e4den an Geb\u00e4uden auf einen Betrag von circa CHF 107 Millionen. Damit liegt der Gesamtschaden jedoch noch weit unter jenem nach dem Sturm &#8222;Lothar&#8220; im Dezember 1999.<\/p>\n<p>(Quelle:<a href=\"\/\/www.vkg.ch\"> vkg.ch<\/a>\/MeteoSchweiz)<\/p>\n<p>&nbsp;<\/p>\n<p>&nbsp;<\/p>\n<p>&nbsp;<\/p>\n","protected":false},"excerpt":{"rendered":"<p>Am 2. Januar 2018 verlagerte sich das Randtief Burglind von Schottland in die Nordsee in Richtung D\u00e4nemark. Dessen Windfeld f\u00fchrte am 3. Januar unter anderem in der Schweiz verbreitet zu Sturmwinden. Davon betroffen wurde das ganze Land mit Ausnahme der Alpens\u00fcdseite. Im Mittelland wurden selbst in Tieflagen B\u00f6enspitzen von 80 bis 100 km\/h verzeichnet, an [&hellip;]<\/p>\n","protected":false},"author":5,"featured_media":9547,"comment_status":"open","ping_status":"open","sticky":false,"template":"","format":"standard","meta":{"_acf_changed":false,"_yoast_wpseo_focuskw":"Burglind","_yoast_wpseo_metadesc":"Der Sturm Burglind sorgte Anfangs Januar nicht nur f\u00fcr Gespr\u00e4chsstoff, er hielt die Schweiz in Atem. Jetzt sind die Schadensausmasse bekannt geworden.","articlekey":"","footnotes":""},"categories":[580],"tags":[1255,1521,424,2232],"class_list":["post-1616","post","type-post","status-publish","format-standard","has-post-thumbnail","hentry","category-sustainability","tag-gebaeudeversicherung","tag-klimaschaeden","tag-schweiz","tag-sturm"],"acf":[],"yoast_head":"<!-- This site is optimized with the Yoast SEO plugin v27.5 - https:\/\/yoast.com\/product\/yoast-seo-wordpress\/ -->\n<title>Burglind: Aussergew\u00f6hnliche Schadenereignisse bis Januar 2018 - Organisator<\/title>\n<meta name=\"description\" content=\"Der Sturm Burglind sorgte Anfangs Januar nicht nur f\u00fcr Gespr\u00e4chsstoff, er hielt die Schweiz in Atem. Jetzt sind die Schadensausmasse bekannt geworden.\" \/>\n<meta name=\"robots\" content=\"index, follow, max-snippet:-1, max-image-preview:large, max-video-preview:-1\" \/>\n<link rel=\"canonical\" href=\"https:\/\/www.organisator.ch\/de\/sustainability\/2018-03-14\/aussergewoehnliche-schadenereignisse-bis-januar-2018\/\" \/>\n<meta property=\"og:locale\" content=\"de_DE\" \/>\n<meta property=\"og:type\" content=\"article\" \/>\n<meta property=\"og:title\" content=\"Burglind: Aussergew\u00f6hnliche Schadenereignisse bis Januar 2018 - Organisator\" \/>\n<meta property=\"og:description\" content=\"Der Sturm Burglind sorgte Anfangs Januar nicht nur f\u00fcr Gespr\u00e4chsstoff, er hielt die Schweiz in Atem. Jetzt sind die Schadensausmasse bekannt geworden.\" \/>\n<meta property=\"og:url\" content=\"https:\/\/www.organisator.ch\/de\/sustainability\/2018-03-14\/aussergewoehnliche-schadenereignisse-bis-januar-2018\/\" \/>\n<meta property=\"og:site_name\" content=\"Organisator\" \/>\n<meta property=\"article:publisher\" content=\"https:\/\/www.facebook.com\/OrganisatorFachmagazin\" \/>\n<meta property=\"article:published_time\" content=\"2018-03-14T09:48:16+00:00\" \/>\n<meta property=\"article:modified_time\" content=\"2022-02-09T10:06:54+00:00\" \/>\n<meta property=\"og:image\" content=\"https:\/\/www.organisator.ch\/wp-content\/uploads\/2018\/03\/Sturmschaeden_Burglinde_Symbolbild_UP_Umweltperspektiven_neu.jpg\" \/>\n\t<meta property=\"og:image:width\" content=\"1333\" \/>\n\t<meta property=\"og:image:height\" content=\"893\" \/>\n\t<meta property=\"og:image:type\" content=\"image\/jpeg\" \/>\n<meta name=\"author\" content=\"michael.merz\" \/>\n<meta name=\"twitter:card\" content=\"summary_large_image\" \/>\n<script type=\"application\/ld+json\" class=\"yoast-schema-graph\">{\"@context\":\"https:\\\/\\\/schema.org\",\"@graph\":[{\"@type\":\"Article\",\"@id\":\"https:\\\/\\\/www.organisator.ch\\\/sustainability\\\/2018-03-14\\\/aussergewoehnliche-schadenereignisse-bis-januar-2018\\\/#article\",\"isPartOf\":{\"@id\":\"https:\\\/\\\/www.organisator.ch\\\/sustainability\\\/2018-03-14\\\/aussergewoehnliche-schadenereignisse-bis-januar-2018\\\/\"},\"author\":{\"name\":\"michael.merz\",\"@id\":\"https:\\\/\\\/www.organisator.ch\\\/#\\\/schema\\\/person\\\/134708ca9321c57b0362cceb7948ffbd\"},\"headline\":\"Burglind: Aussergew\u00f6hnliche Schadenereignisse bis Januar 2018\",\"datePublished\":\"2018-03-14T09:48:16+00:00\",\"dateModified\":\"2022-02-09T10:06:54+00:00\",\"mainEntityOfPage\":{\"@id\":\"https:\\\/\\\/www.organisator.ch\\\/sustainability\\\/2018-03-14\\\/aussergewoehnliche-schadenereignisse-bis-januar-2018\\\/\"},\"wordCount\":301,\"commentCount\":0,\"publisher\":{\"@id\":\"https:\\\/\\\/www.organisator.ch\\\/#organization\"},\"image\":{\"@id\":\"https:\\\/\\\/www.organisator.ch\\\/sustainability\\\/2018-03-14\\\/aussergewoehnliche-schadenereignisse-bis-januar-2018\\\/#primaryimage\"},\"thumbnailUrl\":\"https:\\\/\\\/www.organisator.ch\\\/wp-content\\\/uploads\\\/2018\\\/03\\\/Sturmschaeden_Burglinde_Symbolbild_UP_Umweltperspektiven_neu.jpg\",\"keywords\":[\"Geb\u00e4udeversicherung\",\"Klimasch\u00e4den\",\"Schweiz\",\"Sturm\"],\"articleSection\":[\"SUSTAINABILITY\"],\"inLanguage\":\"de\"},{\"@type\":\"WebPage\",\"@id\":\"https:\\\/\\\/www.organisator.ch\\\/sustainability\\\/2018-03-14\\\/aussergewoehnliche-schadenereignisse-bis-januar-2018\\\/\",\"url\":\"https:\\\/\\\/www.organisator.ch\\\/sustainability\\\/2018-03-14\\\/aussergewoehnliche-schadenereignisse-bis-januar-2018\\\/\",\"name\":\"Burglind: Aussergew\u00f6hnliche Schadenereignisse bis Januar 2018 - Organisator\",\"isPartOf\":{\"@id\":\"https:\\\/\\\/www.organisator.ch\\\/#website\"},\"primaryImageOfPage\":{\"@id\":\"https:\\\/\\\/www.organisator.ch\\\/sustainability\\\/2018-03-14\\\/aussergewoehnliche-schadenereignisse-bis-januar-2018\\\/#primaryimage\"},\"image\":{\"@id\":\"https:\\\/\\\/www.organisator.ch\\\/sustainability\\\/2018-03-14\\\/aussergewoehnliche-schadenereignisse-bis-januar-2018\\\/#primaryimage\"},\"thumbnailUrl\":\"https:\\\/\\\/www.organisator.ch\\\/wp-content\\\/uploads\\\/2018\\\/03\\\/Sturmschaeden_Burglinde_Symbolbild_UP_Umweltperspektiven_neu.jpg\",\"datePublished\":\"2018-03-14T09:48:16+00:00\",\"dateModified\":\"2022-02-09T10:06:54+00:00\",\"description\":\"Der Sturm Burglind sorgte Anfangs Januar nicht nur f\u00fcr Gespr\u00e4chsstoff, er hielt die Schweiz in Atem. Jetzt sind die Schadensausmasse bekannt geworden.\",\"breadcrumb\":{\"@id\":\"https:\\\/\\\/www.organisator.ch\\\/sustainability\\\/2018-03-14\\\/aussergewoehnliche-schadenereignisse-bis-januar-2018\\\/#breadcrumb\"},\"inLanguage\":\"de\",\"potentialAction\":[{\"@type\":\"ReadAction\",\"target\":[\"https:\\\/\\\/www.organisator.ch\\\/sustainability\\\/2018-03-14\\\/aussergewoehnliche-schadenereignisse-bis-januar-2018\\\/\"]}]},{\"@type\":\"ImageObject\",\"inLanguage\":\"de\",\"@id\":\"https:\\\/\\\/www.organisator.ch\\\/sustainability\\\/2018-03-14\\\/aussergewoehnliche-schadenereignisse-bis-januar-2018\\\/#primaryimage\",\"url\":\"https:\\\/\\\/www.organisator.ch\\\/wp-content\\\/uploads\\\/2018\\\/03\\\/Sturmschaeden_Burglinde_Symbolbild_UP_Umweltperspektiven_neu.jpg\",\"contentUrl\":\"https:\\\/\\\/www.organisator.ch\\\/wp-content\\\/uploads\\\/2018\\\/03\\\/Sturmschaeden_Burglinde_Symbolbild_UP_Umweltperspektiven_neu.jpg\",\"width\":1333,\"height\":893,\"caption\":\"Thick cracked branch of a tree after a hurricane, close-up\"},{\"@type\":\"BreadcrumbList\",\"@id\":\"https:\\\/\\\/www.organisator.ch\\\/sustainability\\\/2018-03-14\\\/aussergewoehnliche-schadenereignisse-bis-januar-2018\\\/#breadcrumb\",\"itemListElement\":[{\"@type\":\"ListItem\",\"position\":1,\"name\":\"Home\",\"item\":\"https:\\\/\\\/www.organisator.ch\\\/\"},{\"@type\":\"ListItem\",\"position\":2,\"name\":\"Burglind: Aussergew\u00f6hnliche Schadenereignisse bis Januar 2018\"}]},{\"@type\":\"WebSite\",\"@id\":\"https:\\\/\\\/www.organisator.ch\\\/#website\",\"url\":\"https:\\\/\\\/www.organisator.ch\\\/\",\"name\":\"Organisator\",\"description\":\"Kompetent. Praxisnah. Der ORGANISATOR bereitet in 10 Ausgaben pro Jahr die wesentlichen Themen f\u00fcr F\u00fchrungskr\u00e4fte von KMU auf.\",\"publisher\":{\"@id\":\"https:\\\/\\\/www.organisator.ch\\\/#organization\"},\"potentialAction\":[{\"@type\":\"SearchAction\",\"target\":{\"@type\":\"EntryPoint\",\"urlTemplate\":\"https:\\\/\\\/www.organisator.ch\\\/?s={search_term_string}\"},\"query-input\":{\"@type\":\"PropertyValueSpecification\",\"valueRequired\":true,\"valueName\":\"search_term_string\"}}],\"inLanguage\":\"de\"},{\"@type\":\"Organization\",\"@id\":\"https:\\\/\\\/www.organisator.ch\\\/#organization\",\"name\":\"Organisator\",\"url\":\"https:\\\/\\\/www.organisator.ch\\\/\",\"logo\":{\"@type\":\"ImageObject\",\"inLanguage\":\"de\",\"@id\":\"https:\\\/\\\/www.organisator.ch\\\/#\\\/schema\\\/logo\\\/image\\\/\",\"url\":\"https:\\\/\\\/www.organisator.ch\\\/wp-content\\\/uploads\\\/2022\\\/01\\\/Logo_Organisator_Website.png\",\"contentUrl\":\"https:\\\/\\\/www.organisator.ch\\\/wp-content\\\/uploads\\\/2022\\\/01\\\/Logo_Organisator_Website.png\",\"width\":800,\"height\":77,\"caption\":\"Organisator\"},\"image\":{\"@id\":\"https:\\\/\\\/www.organisator.ch\\\/#\\\/schema\\\/logo\\\/image\\\/\"},\"sameAs\":[\"https:\\\/\\\/www.facebook.com\\\/OrganisatorFachmagazin\",\"https:\\\/\\\/www.linkedin.com\\\/showcase\\\/organisator-das-magazin-fr-kmu\",\"https:\\\/\\\/www.xing.com\\\/news\\\/pages\\\/organisator-ch-695\",\"https:\\\/\\\/www.youtube.com\\\/channel\\\/UCGP2Sq0iWaZwT3BdIAQFYpw\"]},{\"@type\":\"Person\",\"@id\":\"https:\\\/\\\/www.organisator.ch\\\/#\\\/schema\\\/person\\\/134708ca9321c57b0362cceb7948ffbd\",\"name\":\"michael.merz\",\"image\":{\"@type\":\"ImageObject\",\"inLanguage\":\"de\",\"@id\":\"https:\\\/\\\/secure.gravatar.com\\\/avatar\\\/?s=96&d=mm&r=g\",\"url\":\"https:\\\/\\\/secure.gravatar.com\\\/avatar\\\/?s=96&d=mm&r=g\",\"contentUrl\":\"https:\\\/\\\/secure.gravatar.com\\\/avatar\\\/?s=96&d=mm&r=g\",\"caption\":\"michael.merz\"},\"url\":\"https:\\\/\\\/www.organisator.ch\\\/de\\\/author\\\/michael-merz\\\/\"}]}<\/script>\n<!-- \/ Yoast SEO plugin. -->","yoast_head_json":{"title":"Burglind: Aussergew\u00f6hnliche Schadenereignisse bis Januar 2018 - Organisator","description":"Der Sturm Burglind sorgte Anfangs Januar nicht nur f\u00fcr Gespr\u00e4chsstoff, er hielt die Schweiz in Atem. Jetzt sind die Schadensausmasse bekannt geworden.","robots":{"index":"index","follow":"follow","max-snippet":"max-snippet:-1","max-image-preview":"max-image-preview:large","max-video-preview":"max-video-preview:-1"},"canonical":"https:\/\/www.organisator.ch\/de\/sustainability\/2018-03-14\/aussergewoehnliche-schadenereignisse-bis-januar-2018\/","og_locale":"de_DE","og_type":"article","og_title":"Burglind: Aussergew\u00f6hnliche Schadenereignisse bis Januar 2018 - Organisator","og_description":"Der Sturm Burglind sorgte Anfangs Januar nicht nur f\u00fcr Gespr\u00e4chsstoff, er hielt die Schweiz in Atem. Jetzt sind die Schadensausmasse bekannt geworden.","og_url":"https:\/\/www.organisator.ch\/de\/sustainability\/2018-03-14\/aussergewoehnliche-schadenereignisse-bis-januar-2018\/","og_site_name":"Organisator","article_publisher":"https:\/\/www.facebook.com\/OrganisatorFachmagazin","article_published_time":"2018-03-14T09:48:16+00:00","article_modified_time":"2022-02-09T10:06:54+00:00","og_image":[{"width":1333,"height":893,"url":"https:\/\/www.organisator.ch\/wp-content\/uploads\/2018\/03\/Sturmschaeden_Burglinde_Symbolbild_UP_Umweltperspektiven_neu.jpg","type":"image\/jpeg"}],"author":"michael.merz","twitter_card":"summary_large_image","schema":{"@context":"https:\/\/schema.org","@graph":[{"@type":"Article","@id":"https:\/\/www.organisator.ch\/sustainability\/2018-03-14\/aussergewoehnliche-schadenereignisse-bis-januar-2018\/#article","isPartOf":{"@id":"https:\/\/www.organisator.ch\/sustainability\/2018-03-14\/aussergewoehnliche-schadenereignisse-bis-januar-2018\/"},"author":{"name":"michael.merz","@id":"https:\/\/www.organisator.ch\/#\/schema\/person\/134708ca9321c57b0362cceb7948ffbd"},"headline":"Burglind: Aussergew\u00f6hnliche Schadenereignisse bis Januar 2018","datePublished":"2018-03-14T09:48:16+00:00","dateModified":"2022-02-09T10:06:54+00:00","mainEntityOfPage":{"@id":"https:\/\/www.organisator.ch\/sustainability\/2018-03-14\/aussergewoehnliche-schadenereignisse-bis-januar-2018\/"},"wordCount":301,"commentCount":0,"publisher":{"@id":"https:\/\/www.organisator.ch\/#organization"},"image":{"@id":"https:\/\/www.organisator.ch\/sustainability\/2018-03-14\/aussergewoehnliche-schadenereignisse-bis-januar-2018\/#primaryimage"},"thumbnailUrl":"https:\/\/www.organisator.ch\/wp-content\/uploads\/2018\/03\/Sturmschaeden_Burglinde_Symbolbild_UP_Umweltperspektiven_neu.jpg","keywords":["Geb\u00e4udeversicherung","Klimasch\u00e4den","Schweiz","Sturm"],"articleSection":["SUSTAINABILITY"],"inLanguage":"de"},{"@type":"WebPage","@id":"https:\/\/www.organisator.ch\/sustainability\/2018-03-14\/aussergewoehnliche-schadenereignisse-bis-januar-2018\/","url":"https:\/\/www.organisator.ch\/sustainability\/2018-03-14\/aussergewoehnliche-schadenereignisse-bis-januar-2018\/","name":"Burglind: Aussergew\u00f6hnliche Schadenereignisse bis Januar 2018 - Organisator","isPartOf":{"@id":"https:\/\/www.organisator.ch\/#website"},"primaryImageOfPage":{"@id":"https:\/\/www.organisator.ch\/sustainability\/2018-03-14\/aussergewoehnliche-schadenereignisse-bis-januar-2018\/#primaryimage"},"image":{"@id":"https:\/\/www.organisator.ch\/sustainability\/2018-03-14\/aussergewoehnliche-schadenereignisse-bis-januar-2018\/#primaryimage"},"thumbnailUrl":"https:\/\/www.organisator.ch\/wp-content\/uploads\/2018\/03\/Sturmschaeden_Burglinde_Symbolbild_UP_Umweltperspektiven_neu.jpg","datePublished":"2018-03-14T09:48:16+00:00","dateModified":"2022-02-09T10:06:54+00:00","description":"Der Sturm Burglind sorgte Anfangs Januar nicht nur f\u00fcr Gespr\u00e4chsstoff, er hielt die Schweiz in Atem. Jetzt sind die Schadensausmasse bekannt geworden.","breadcrumb":{"@id":"https:\/\/www.organisator.ch\/sustainability\/2018-03-14\/aussergewoehnliche-schadenereignisse-bis-januar-2018\/#breadcrumb"},"inLanguage":"de","potentialAction":[{"@type":"ReadAction","target":["https:\/\/www.organisator.ch\/sustainability\/2018-03-14\/aussergewoehnliche-schadenereignisse-bis-januar-2018\/"]}]},{"@type":"ImageObject","inLanguage":"de","@id":"https:\/\/www.organisator.ch\/sustainability\/2018-03-14\/aussergewoehnliche-schadenereignisse-bis-januar-2018\/#primaryimage","url":"https:\/\/www.organisator.ch\/wp-content\/uploads\/2018\/03\/Sturmschaeden_Burglinde_Symbolbild_UP_Umweltperspektiven_neu.jpg","contentUrl":"https:\/\/www.organisator.ch\/wp-content\/uploads\/2018\/03\/Sturmschaeden_Burglinde_Symbolbild_UP_Umweltperspektiven_neu.jpg","width":1333,"height":893,"caption":"Thick cracked branch of a tree after a hurricane, close-up"},{"@type":"BreadcrumbList","@id":"https:\/\/www.organisator.ch\/sustainability\/2018-03-14\/aussergewoehnliche-schadenereignisse-bis-januar-2018\/#breadcrumb","itemListElement":[{"@type":"ListItem","position":1,"name":"Home","item":"https:\/\/www.organisator.ch\/"},{"@type":"ListItem","position":2,"name":"Burglind: Aussergew\u00f6hnliche Schadenereignisse bis Januar 2018"}]},{"@type":"WebSite","@id":"https:\/\/www.organisator.ch\/#website","url":"https:\/\/www.organisator.ch\/","name":"Organisator","description":"Kompetent. Praxisnah. Der ORGANISATOR bereitet in 10 Ausgaben pro Jahr die wesentlichen Themen f\u00fcr F\u00fchrungskr\u00e4fte von KMU auf.","publisher":{"@id":"https:\/\/www.organisator.ch\/#organization"},"potentialAction":[{"@type":"SearchAction","target":{"@type":"EntryPoint","urlTemplate":"https:\/\/www.organisator.ch\/?s={search_term_string}"},"query-input":{"@type":"PropertyValueSpecification","valueRequired":true,"valueName":"search_term_string"}}],"inLanguage":"de"},{"@type":"Organization","@id":"https:\/\/www.organisator.ch\/#organization","name":"Organisator","url":"https:\/\/www.organisator.ch\/","logo":{"@type":"ImageObject","inLanguage":"de","@id":"https:\/\/www.organisator.ch\/#\/schema\/logo\/image\/","url":"https:\/\/www.organisator.ch\/wp-content\/uploads\/2022\/01\/Logo_Organisator_Website.png","contentUrl":"https:\/\/www.organisator.ch\/wp-content\/uploads\/2022\/01\/Logo_Organisator_Website.png","width":800,"height":77,"caption":"Organisator"},"image":{"@id":"https:\/\/www.organisator.ch\/#\/schema\/logo\/image\/"},"sameAs":["https:\/\/www.facebook.com\/OrganisatorFachmagazin","https:\/\/www.linkedin.com\/showcase\/organisator-das-magazin-fr-kmu","https:\/\/www.xing.com\/news\/pages\/organisator-ch-695","https:\/\/www.youtube.com\/channel\/UCGP2Sq0iWaZwT3BdIAQFYpw"]},{"@type":"Person","@id":"https:\/\/www.organisator.ch\/#\/schema\/person\/134708ca9321c57b0362cceb7948ffbd","name":"michael.merz","image":{"@type":"ImageObject","inLanguage":"de","@id":"https:\/\/secure.gravatar.com\/avatar\/?s=96&d=mm&r=g","url":"https:\/\/secure.gravatar.com\/avatar\/?s=96&d=mm&r=g","contentUrl":"https:\/\/secure.gravatar.com\/avatar\/?s=96&d=mm&r=g","caption":"michael.merz"},"url":"https:\/\/www.organisator.ch\/de\/author\/michael-merz\/"}]}},"_links":{"self":[{"href":"https:\/\/www.organisator.ch\/de\/wp-json\/wp\/v2\/posts\/1616","targetHints":{"allow":["GET"]}}],"collection":[{"href":"https:\/\/www.organisator.ch\/de\/wp-json\/wp\/v2\/posts"}],"about":[{"href":"https:\/\/www.organisator.ch\/de\/wp-json\/wp\/v2\/types\/post"}],"author":[{"embeddable":true,"href":"https:\/\/www.organisator.ch\/de\/wp-json\/wp\/v2\/users\/5"}],"replies":[{"embeddable":true,"href":"https:\/\/www.organisator.ch\/de\/wp-json\/wp\/v2\/comments?post=1616"}],"version-history":[{"count":1,"href":"https:\/\/www.organisator.ch\/de\/wp-json\/wp\/v2\/posts\/1616\/revisions"}],"predecessor-version":[{"id":10715,"href":"https:\/\/www.organisator.ch\/de\/wp-json\/wp\/v2\/posts\/1616\/revisions\/10715"}],"wp:featuredmedia":[{"embeddable":true,"href":"https:\/\/www.organisator.ch\/de\/wp-json\/wp\/v2\/media\/9547"}],"wp:attachment":[{"href":"https:\/\/www.organisator.ch\/de\/wp-json\/wp\/v2\/media?parent=1616"}],"wp:term":[{"taxonomy":"category","embeddable":true,"href":"https:\/\/www.organisator.ch\/de\/wp-json\/wp\/v2\/categories?post=1616"},{"taxonomy":"post_tag","embeddable":true,"href":"https:\/\/www.organisator.ch\/de\/wp-json\/wp\/v2\/tags?post=1616"}],"curies":[{"name":"wp","href":"https:\/\/api.w.org\/{rel}","templated":true}]}}