{"id":16335,"date":"2022-08-03T16:38:05","date_gmt":"2022-08-03T14:38:05","guid":{"rendered":"https:\/\/www.werbewoche.ch\/?p=183887"},"modified":"2022-08-04T11:46:07","modified_gmt":"2022-08-04T09:46:07","slug":"brown-bag-series-webinar-zum-thema-marketing-in-bewegten-zeiten","status":"publish","type":"post","link":"https:\/\/www.organisator.ch\/de\/marketing\/2022-08-03\/brown-bag-series-webinar-zum-thema-marketing-in-bewegten-zeiten\/","title":{"rendered":"Brown Bag Series: Webinar zum Thema Marketing in bewegten Zeiten"},"content":{"rendered":"<img class=\"alignnone wp-image-183888 size-full\" src=\"https:\/\/www.werbewoche.ch\/wp-content\/uploads\/2022\/08\/HWZ-Academy-Brown-Bag-Series_180522.jpg\" alt=\"Brown Bag Series\" width=\"1200\" height=\"754\" \/>Das im Juni gestartete Format \u00abBrown Bag Series\u00bb von HWZ Hochschule f\u00fcr Wirtschaft Z\u00fcrich, Swiss Marketing Forum und AZ Konzept richtet sich an F\u00fchrungskr\u00e4fte in Marketing und Kommunikation und soll Fachwissen auf Hochschulniveau mit Praxisbezug vermitteln.\r\n\r\nIn den letzten Jahren mussten viele Unternehmen feststellen, dass ihre Marketingstrategien nur bedingt f\u00fcr Situationen geeignet sind, in denen sich die Rahmenbedingungen radikal \u00e4ndern: Pandemie, Krieg, Probleme in den Lieferketten \u2013 kaum ein Unternehmen war auf diese Herausforderungen wirklich vorbereitet.\r\n\r\nGleichzeitig erwarten Kundinnen und Kunden, dass Unternehmen ihre Leistungsversprechen einhalten, Haltung zeigen gegen\u00fcber den politischen und wirtschaftlichen Themen und auch noch mit Innovationen ihre Leistungen optimieren.\r\n\r\nIm Talk wird diskultiert, wie Marketingstrategien besser auf unsichere Zeiten ausgerichtet werden k\u00f6nnen und wie auch in diesem Umfeld nachhaltiges Wachstum und Innovation m\u00f6glich werden.\r\n\r\nModeratorin ist Esther-Mirjam de Boer, CEO und Owner von GetDiversity. Teilnehmende des Panels sind Tanja Herrmann, Gesch\u00e4ftsf\u00fchrerin der Influencer- und Social Media Marketing Beratungsagentur WebStages, C\u00e9cile Moser, Head of Marketing &amp; Communication bei Jelmoli und Tobias Thut, Leiter Marketing &amp; Verkauf, Mitglied der Gesch\u00e4ftsleitung der Pilatus-Bahnen.\r\n\r\n<hr \/>\r\n\r\n<em>Der Live-Stream findet am Dienstag, 23. August, von 11:00 bis 12:00 Uhr statt. Weiterf\u00fchrende Informationen zur gesamten Brown-Bag-Series gibt es auf der <\/em><a href=\"https:\/\/fh-hwz.ch\/brown-bag-series-2022\/\" rel=\"noopener noreferrer\"><em>Website von HWZ<\/em><\/a>, wo man sich auch kostenlos anmelden kann.","protected":false},"excerpt":{"rendered":"<p>Das im Juni gestartete Format \u00abBrown Bag Series\u00bb von HWZ Hochschule f\u00fcr Wirtschaft Z\u00fcrich, Swiss Marketing Forum und AZ Konzept richtet sich an F\u00fchrungskr\u00e4fte in Marketing und Kommunikation und soll Fachwissen auf Hochschulniveau mit Praxisbezug vermitteln. In den letzten Jahren mussten viele Unternehmen feststellen, dass ihre Marketingstrategien nur bedingt f\u00fcr Situationen geeignet sind, in denen [\u2026]<\/p>\n","protected":false},"author":8,"featured_media":0,"comment_status":"closed","ping_status":"closed","sticky":false,"template":"","format":"standard","meta":{"_acf_changed":false,"_yoast_wpseo_focuskw":"Brown Bag Series","_yoast_wpseo_metadesc":"\u00abMarketing-Strategie \u2013 Unter Druck im Wandel\u00bb ist das Thema des kommenden Webinars der \u00abBrown Bag Series\u00bb, das am 23. August stattfindet.","articlekey":"","footnotes":""},"categories":[29],"tags":[3313,3314,2705],"class_list":["post-16335","post","type-post","status-publish","format-standard","hentry","category-marketing","tag-brown-bag-series","tag-marketing-strategie","tag-webinar"],"acf":[],"yoast_head":"<!-- This site is optimized with the Yoast SEO plugin v27.5 - https:\/\/yoast.com\/product\/yoast-seo-wordpress\/ -->\n<title>Brown Bag Series: Webinar zum Thema Marketing in bewegten Zeiten - Organisator<\/title>\n<meta name=\"description\" content=\"\u00abMarketing-Strategie \u2013 Unter Druck im Wandel\u00bb ist das Thema des kommenden Webinars der \u00abBrown Bag Series\u00bb, das am 23. August stattfindet.\" \/>\n<meta name=\"robots\" content=\"index, follow, max-snippet:-1, max-image-preview:large, max-video-preview:-1\" \/>\n<link rel=\"canonical\" href=\"https:\/\/www.werbewoche.ch\/de\/marketing\/2022-08-03\/webinar-zum-thema-marketing-in-bewegten-zeiten\/\" \/>\n<meta property=\"og:locale\" content=\"de_DE\" \/>\n<meta property=\"og:type\" content=\"article\" \/>\n<meta property=\"og:title\" content=\"Brown Bag Series: Webinar zum Thema Marketing in bewegten Zeiten - Organisator\" \/>\n<meta property=\"og:description\" content=\"\u00abMarketing-Strategie \u2013 Unter Druck im Wandel\u00bb ist das Thema des kommenden Webinars der \u00abBrown Bag Series\u00bb, das am 23. August stattfindet.\" \/>\n<meta property=\"og:url\" content=\"https:\/\/www.werbewoche.ch\/de\/marketing\/2022-08-03\/webinar-zum-thema-marketing-in-bewegten-zeiten\/\" \/>\n<meta property=\"og:site_name\" content=\"Organisator\" \/>\n<meta property=\"article:publisher\" content=\"https:\/\/www.facebook.com\/OrganisatorFachmagazin\" \/>\n<meta property=\"article:published_time\" content=\"2022-08-03T14:38:05+00:00\" \/>\n<meta property=\"article:modified_time\" content=\"2022-08-04T09:46:07+00:00\" \/>\n<meta property=\"og:image\" content=\"https:\/\/www.werbewoche.ch\/wp-content\/uploads\/2022\/08\/HWZ-Academy-Brown-Bag-Series_180522.jpg\" \/>\n<meta name=\"author\" content=\"galledia\" \/>\n<meta name=\"twitter:card\" content=\"summary_large_image\" \/>\n<meta name=\"twitter:creator\" content=\"@admin\" \/>\n<script type=\"application\/ld+json\" class=\"yoast-schema-graph\">{\"@context\":\"https:\\\/\\\/schema.org\",\"@graph\":[{\"@type\":\"Article\",\"@id\":\"https:\\\/\\\/www.werbewoche.ch\\\/de\\\/marketing\\\/2022-08-03\\\/webinar-zum-thema-marketing-in-bewegten-zeiten\\\/#article\",\"isPartOf\":{\"@id\":\"https:\\\/\\\/www.organisator.ch\\\/marketing\\\/2022-08-03\\\/brown-bag-series-webinar-zum-thema-marketing-in-bewegten-zeiten\\\/\"},\"author\":{\"name\":\"galledia\",\"@id\":\"https:\\\/\\\/www.organisator.ch\\\/#\\\/schema\\\/person\\\/4e51799071cd2dd1232ac003643ef5f0\"},\"headline\":\"Brown Bag Series: Webinar zum Thema Marketing in bewegten Zeiten\",\"datePublished\":\"2022-08-03T14:38:05+00:00\",\"dateModified\":\"2022-08-04T09:46:07+00:00\",\"mainEntityOfPage\":{\"@id\":\"https:\\\/\\\/www.organisator.ch\\\/marketing\\\/2022-08-03\\\/brown-bag-series-webinar-zum-thema-marketing-in-bewegten-zeiten\\\/\"},\"wordCount\":224,\"publisher\":{\"@id\":\"https:\\\/\\\/www.organisator.ch\\\/#organization\"},\"image\":{\"@id\":\"https:\\\/\\\/www.werbewoche.ch\\\/de\\\/marketing\\\/2022-08-03\\\/webinar-zum-thema-marketing-in-bewegten-zeiten\\\/#primaryimage\"},\"thumbnailUrl\":\"https:\\\/\\\/www.werbewoche.ch\\\/wp-content\\\/uploads\\\/2022\\\/08\\\/HWZ-Academy-Brown-Bag-Series_180522.jpg\",\"keywords\":[\"Brown Bag Series\",\"Marketing-Strategie\",\"Webinar\"],\"articleSection\":[\"MARKETING\"],\"inLanguage\":\"de\"},{\"@type\":\"WebPage\",\"@id\":\"https:\\\/\\\/www.organisator.ch\\\/marketing\\\/2022-08-03\\\/brown-bag-series-webinar-zum-thema-marketing-in-bewegten-zeiten\\\/\",\"url\":\"https:\\\/\\\/www.werbewoche.ch\\\/de\\\/marketing\\\/2022-08-03\\\/webinar-zum-thema-marketing-in-bewegten-zeiten\\\/\",\"name\":\"Brown Bag Series: Webinar zum Thema Marketing in bewegten Zeiten - Organisator\",\"isPartOf\":{\"@id\":\"https:\\\/\\\/www.organisator.ch\\\/#website\"},\"primaryImageOfPage\":{\"@id\":\"https:\\\/\\\/www.werbewoche.ch\\\/de\\\/marketing\\\/2022-08-03\\\/webinar-zum-thema-marketing-in-bewegten-zeiten\\\/#primaryimage\"},\"image\":{\"@id\":\"https:\\\/\\\/www.werbewoche.ch\\\/de\\\/marketing\\\/2022-08-03\\\/webinar-zum-thema-marketing-in-bewegten-zeiten\\\/#primaryimage\"},\"thumbnailUrl\":\"https:\\\/\\\/www.werbewoche.ch\\\/wp-content\\\/uploads\\\/2022\\\/08\\\/HWZ-Academy-Brown-Bag-Series_180522.jpg\",\"datePublished\":\"2022-08-03T14:38:05+00:00\",\"dateModified\":\"2022-08-04T09:46:07+00:00\",\"description\":\"\u00abMarketing-Strategie \u2013 Unter Druck im Wandel\u00bb ist das Thema des kommenden Webinars der \u00abBrown Bag Series\u00bb, das am 23. August stattfindet.\",\"breadcrumb\":{\"@id\":\"https:\\\/\\\/www.werbewoche.ch\\\/de\\\/marketing\\\/2022-08-03\\\/webinar-zum-thema-marketing-in-bewegten-zeiten\\\/#breadcrumb\"},\"inLanguage\":\"de\",\"potentialAction\":[{\"@type\":\"ReadAction\",\"target\":[\"https:\\\/\\\/www.werbewoche.ch\\\/de\\\/marketing\\\/2022-08-03\\\/webinar-zum-thema-marketing-in-bewegten-zeiten\\\/\"]}]},{\"@type\":\"ImageObject\",\"inLanguage\":\"de\",\"@id\":\"https:\\\/\\\/www.werbewoche.ch\\\/de\\\/marketing\\\/2022-08-03\\\/webinar-zum-thema-marketing-in-bewegten-zeiten\\\/#primaryimage\",\"url\":\"https:\\\/\\\/www.werbewoche.ch\\\/wp-content\\\/uploads\\\/2022\\\/08\\\/HWZ-Academy-Brown-Bag-Series_180522.jpg\",\"contentUrl\":\"https:\\\/\\\/www.werbewoche.ch\\\/wp-content\\\/uploads\\\/2022\\\/08\\\/HWZ-Academy-Brown-Bag-Series_180522.jpg\"},{\"@type\":\"BreadcrumbList\",\"@id\":\"https:\\\/\\\/www.werbewoche.ch\\\/de\\\/marketing\\\/2022-08-03\\\/webinar-zum-thema-marketing-in-bewegten-zeiten\\\/#breadcrumb\",\"itemListElement\":[{\"@type\":\"ListItem\",\"position\":1,\"name\":\"Home\",\"item\":\"https:\\\/\\\/www.organisator.ch\\\/\"},{\"@type\":\"ListItem\",\"position\":2,\"name\":\"Brown Bag Series: Webinar zum Thema Marketing in bewegten Zeiten\"}]},{\"@type\":\"WebSite\",\"@id\":\"https:\\\/\\\/www.organisator.ch\\\/#website\",\"url\":\"https:\\\/\\\/www.organisator.ch\\\/\",\"name\":\"Organisator\",\"description\":\"Kompetent. Praxisnah. Der ORGANISATOR bereitet in 10 Ausgaben pro Jahr die wesentlichen Themen f\u00fcr F\u00fchrungskr\u00e4fte von KMU auf.\",\"publisher\":{\"@id\":\"https:\\\/\\\/www.organisator.ch\\\/#organization\"},\"potentialAction\":[{\"@type\":\"SearchAction\",\"target\":{\"@type\":\"EntryPoint\",\"urlTemplate\":\"https:\\\/\\\/www.organisator.ch\\\/?s={search_term_string}\"},\"query-input\":{\"@type\":\"PropertyValueSpecification\",\"valueRequired\":true,\"valueName\":\"search_term_string\"}}],\"inLanguage\":\"de\"},{\"@type\":\"Organization\",\"@id\":\"https:\\\/\\\/www.organisator.ch\\\/#organization\",\"name\":\"Organisator\",\"url\":\"https:\\\/\\\/www.organisator.ch\\\/\",\"logo\":{\"@type\":\"ImageObject\",\"inLanguage\":\"de\",\"@id\":\"https:\\\/\\\/www.organisator.ch\\\/#\\\/schema\\\/logo\\\/image\\\/\",\"url\":\"https:\\\/\\\/www.organisator.ch\\\/wp-content\\\/uploads\\\/2022\\\/01\\\/Logo_Organisator_Website.png\",\"contentUrl\":\"https:\\\/\\\/www.organisator.ch\\\/wp-content\\\/uploads\\\/2022\\\/01\\\/Logo_Organisator_Website.png\",\"width\":800,\"height\":77,\"caption\":\"Organisator\"},\"image\":{\"@id\":\"https:\\\/\\\/www.organisator.ch\\\/#\\\/schema\\\/logo\\\/image\\\/\"},\"sameAs\":[\"https:\\\/\\\/www.facebook.com\\\/OrganisatorFachmagazin\",\"https:\\\/\\\/www.linkedin.com\\\/showcase\\\/organisator-das-magazin-fr-kmu\",\"https:\\\/\\\/www.xing.com\\\/news\\\/pages\\\/organisator-ch-695\",\"https:\\\/\\\/www.youtube.com\\\/channel\\\/UCGP2Sq0iWaZwT3BdIAQFYpw\"]},{\"@type\":\"Person\",\"@id\":\"https:\\\/\\\/www.organisator.ch\\\/#\\\/schema\\\/person\\\/4e51799071cd2dd1232ac003643ef5f0\",\"name\":\"galledia\",\"image\":{\"@type\":\"ImageObject\",\"inLanguage\":\"de\",\"@id\":\"https:\\\/\\\/secure.gravatar.com\\\/avatar\\\/78a7f90c01fc2bfc875782a0d4922b37cde2cf184ce347b91316d23cd7f69a36?s=96&d=mm&r=g\",\"url\":\"https:\\\/\\\/secure.gravatar.com\\\/avatar\\\/78a7f90c01fc2bfc875782a0d4922b37cde2cf184ce347b91316d23cd7f69a36?s=96&d=mm&r=g\",\"contentUrl\":\"https:\\\/\\\/secure.gravatar.com\\\/avatar\\\/78a7f90c01fc2bfc875782a0d4922b37cde2cf184ce347b91316d23cd7f69a36?s=96&d=mm&r=g\",\"caption\":\"galledia\"},\"sameAs\":[\"https:\\\/\\\/x.com\\\/admin\"],\"url\":\"https:\\\/\\\/www.organisator.ch\\\/de\\\/author\\\/galledia\\\/\"}]}<\/script>\n<!-- \/ Yoast SEO plugin. -->","yoast_head_json":{"title":"Brown Bag Series: Webinar zum Thema Marketing in bewegten Zeiten - Organisator","description":"\u00abMarketing-Strategie \u2013 Unter Druck im Wandel\u00bb ist das Thema des kommenden Webinars der \u00abBrown Bag Series\u00bb, das am 23. August stattfindet.","robots":{"index":"index","follow":"follow","max-snippet":"max-snippet:-1","max-image-preview":"max-image-preview:large","max-video-preview":"max-video-preview:-1"},"canonical":"https:\/\/www.werbewoche.ch\/de\/marketing\/2022-08-03\/webinar-zum-thema-marketing-in-bewegten-zeiten\/","og_locale":"de_DE","og_type":"article","og_title":"Brown Bag Series: Webinar zum Thema Marketing in bewegten Zeiten - Organisator","og_description":"\u00abMarketing-Strategie \u2013 Unter Druck im Wandel\u00bb ist das Thema des kommenden Webinars der \u00abBrown Bag Series\u00bb, das am 23. August stattfindet.","og_url":"https:\/\/www.werbewoche.ch\/de\/marketing\/2022-08-03\/webinar-zum-thema-marketing-in-bewegten-zeiten\/","og_site_name":"Organisator","article_publisher":"https:\/\/www.facebook.com\/OrganisatorFachmagazin","article_published_time":"2022-08-03T14:38:05+00:00","article_modified_time":"2022-08-04T09:46:07+00:00","og_image":[{"url":"https:\/\/www.werbewoche.ch\/wp-content\/uploads\/2022\/08\/HWZ-Academy-Brown-Bag-Series_180522.jpg","type":"","width":"","height":""}],"author":"galledia","twitter_card":"summary_large_image","twitter_creator":"@admin","schema":{"@context":"https:\/\/schema.org","@graph":[{"@type":"Article","@id":"https:\/\/www.werbewoche.ch\/de\/marketing\/2022-08-03\/webinar-zum-thema-marketing-in-bewegten-zeiten\/#article","isPartOf":{"@id":"https:\/\/www.organisator.ch\/marketing\/2022-08-03\/brown-bag-series-webinar-zum-thema-marketing-in-bewegten-zeiten\/"},"author":{"name":"galledia","@id":"https:\/\/www.organisator.ch\/#\/schema\/person\/4e51799071cd2dd1232ac003643ef5f0"},"headline":"Brown Bag Series: Webinar zum Thema Marketing in bewegten Zeiten","datePublished":"2022-08-03T14:38:05+00:00","dateModified":"2022-08-04T09:46:07+00:00","mainEntityOfPage":{"@id":"https:\/\/www.organisator.ch\/marketing\/2022-08-03\/brown-bag-series-webinar-zum-thema-marketing-in-bewegten-zeiten\/"},"wordCount":224,"publisher":{"@id":"https:\/\/www.organisator.ch\/#organization"},"image":{"@id":"https:\/\/www.werbewoche.ch\/de\/marketing\/2022-08-03\/webinar-zum-thema-marketing-in-bewegten-zeiten\/#primaryimage"},"thumbnailUrl":"https:\/\/www.werbewoche.ch\/wp-content\/uploads\/2022\/08\/HWZ-Academy-Brown-Bag-Series_180522.jpg","keywords":["Brown Bag Series","Marketing-Strategie","Webinar"],"articleSection":["MARKETING"],"inLanguage":"de"},{"@type":"WebPage","@id":"https:\/\/www.organisator.ch\/marketing\/2022-08-03\/brown-bag-series-webinar-zum-thema-marketing-in-bewegten-zeiten\/","url":"https:\/\/www.werbewoche.ch\/de\/marketing\/2022-08-03\/webinar-zum-thema-marketing-in-bewegten-zeiten\/","name":"Brown Bag Series: Webinar zum Thema Marketing in bewegten Zeiten - Organisator","isPartOf":{"@id":"https:\/\/www.organisator.ch\/#website"},"primaryImageOfPage":{"@id":"https:\/\/www.werbewoche.ch\/de\/marketing\/2022-08-03\/webinar-zum-thema-marketing-in-bewegten-zeiten\/#primaryimage"},"image":{"@id":"https:\/\/www.werbewoche.ch\/de\/marketing\/2022-08-03\/webinar-zum-thema-marketing-in-bewegten-zeiten\/#primaryimage"},"thumbnailUrl":"https:\/\/www.werbewoche.ch\/wp-content\/uploads\/2022\/08\/HWZ-Academy-Brown-Bag-Series_180522.jpg","datePublished":"2022-08-03T14:38:05+00:00","dateModified":"2022-08-04T09:46:07+00:00","description":"\u00abMarketing-Strategie \u2013 Unter Druck im Wandel\u00bb ist das Thema des kommenden Webinars der \u00abBrown Bag Series\u00bb, das am 23. August stattfindet.","breadcrumb":{"@id":"https:\/\/www.werbewoche.ch\/de\/marketing\/2022-08-03\/webinar-zum-thema-marketing-in-bewegten-zeiten\/#breadcrumb"},"inLanguage":"de","potentialAction":[{"@type":"ReadAction","target":["https:\/\/www.werbewoche.ch\/de\/marketing\/2022-08-03\/webinar-zum-thema-marketing-in-bewegten-zeiten\/"]}]},{"@type":"ImageObject","inLanguage":"de","@id":"https:\/\/www.werbewoche.ch\/de\/marketing\/2022-08-03\/webinar-zum-thema-marketing-in-bewegten-zeiten\/#primaryimage","url":"https:\/\/www.werbewoche.ch\/wp-content\/uploads\/2022\/08\/HWZ-Academy-Brown-Bag-Series_180522.jpg","contentUrl":"https:\/\/www.werbewoche.ch\/wp-content\/uploads\/2022\/08\/HWZ-Academy-Brown-Bag-Series_180522.jpg"},{"@type":"BreadcrumbList","@id":"https:\/\/www.werbewoche.ch\/de\/marketing\/2022-08-03\/webinar-zum-thema-marketing-in-bewegten-zeiten\/#breadcrumb","itemListElement":[{"@type":"ListItem","position":1,"name":"Home","item":"https:\/\/www.organisator.ch\/"},{"@type":"ListItem","position":2,"name":"Brown Bag Series: Webinar zum Thema Marketing in bewegten Zeiten"}]},{"@type":"WebSite","@id":"https:\/\/www.organisator.ch\/#website","url":"https:\/\/www.organisator.ch\/","name":"Organisator","description":"Kompetent. Praxisnah. Der ORGANISATOR bereitet in 10 Ausgaben pro Jahr die wesentlichen Themen f\u00fcr F\u00fchrungskr\u00e4fte von KMU auf.","publisher":{"@id":"https:\/\/www.organisator.ch\/#organization"},"potentialAction":[{"@type":"SearchAction","target":{"@type":"EntryPoint","urlTemplate":"https:\/\/www.organisator.ch\/?s={search_term_string}"},"query-input":{"@type":"PropertyValueSpecification","valueRequired":true,"valueName":"search_term_string"}}],"inLanguage":"de"},{"@type":"Organization","@id":"https:\/\/www.organisator.ch\/#organization","name":"Organisator","url":"https:\/\/www.organisator.ch\/","logo":{"@type":"ImageObject","inLanguage":"de","@id":"https:\/\/www.organisator.ch\/#\/schema\/logo\/image\/","url":"https:\/\/www.organisator.ch\/wp-content\/uploads\/2022\/01\/Logo_Organisator_Website.png","contentUrl":"https:\/\/www.organisator.ch\/wp-content\/uploads\/2022\/01\/Logo_Organisator_Website.png","width":800,"height":77,"caption":"Organisator"},"image":{"@id":"https:\/\/www.organisator.ch\/#\/schema\/logo\/image\/"},"sameAs":["https:\/\/www.facebook.com\/OrganisatorFachmagazin","https:\/\/www.linkedin.com\/showcase\/organisator-das-magazin-fr-kmu","https:\/\/www.xing.com\/news\/pages\/organisator-ch-695","https:\/\/www.youtube.com\/channel\/UCGP2Sq0iWaZwT3BdIAQFYpw"]},{"@type":"Person","@id":"https:\/\/www.organisator.ch\/#\/schema\/person\/4e51799071cd2dd1232ac003643ef5f0","name":"galledia","image":{"@type":"ImageObject","inLanguage":"de","@id":"https:\/\/secure.gravatar.com\/avatar\/78a7f90c01fc2bfc875782a0d4922b37cde2cf184ce347b91316d23cd7f69a36?s=96&d=mm&r=g","url":"https:\/\/secure.gravatar.com\/avatar\/78a7f90c01fc2bfc875782a0d4922b37cde2cf184ce347b91316d23cd7f69a36?s=96&d=mm&r=g","contentUrl":"https:\/\/secure.gravatar.com\/avatar\/78a7f90c01fc2bfc875782a0d4922b37cde2cf184ce347b91316d23cd7f69a36?s=96&d=mm&r=g","caption":"galledia"},"sameAs":["https:\/\/x.com\/admin"],"url":"https:\/\/www.organisator.ch\/de\/author\/galledia\/"}]}},"_links":{"self":[{"href":"https:\/\/www.organisator.ch\/de\/wp-json\/wp\/v2\/posts\/16335","targetHints":{"allow":["GET"]}}],"collection":[{"href":"https:\/\/www.organisator.ch\/de\/wp-json\/wp\/v2\/posts"}],"about":[{"href":"https:\/\/www.organisator.ch\/de\/wp-json\/wp\/v2\/types\/post"}],"author":[{"embeddable":true,"href":"https:\/\/www.organisator.ch\/de\/wp-json\/wp\/v2\/users\/8"}],"replies":[{"embeddable":true,"href":"https:\/\/www.organisator.ch\/de\/wp-json\/wp\/v2\/comments?post=16335"}],"version-history":[{"count":3,"href":"https:\/\/www.organisator.ch\/de\/wp-json\/wp\/v2\/posts\/16335\/revisions"}],"predecessor-version":[{"id":16343,"href":"https:\/\/www.organisator.ch\/de\/wp-json\/wp\/v2\/posts\/16335\/revisions\/16343"}],"wp:attachment":[{"href":"https:\/\/www.organisator.ch\/de\/wp-json\/wp\/v2\/media?parent=16335"}],"wp:term":[{"taxonomy":"category","embeddable":true,"href":"https:\/\/www.organisator.ch\/de\/wp-json\/wp\/v2\/categories?post=16335"},{"taxonomy":"post_tag","embeddable":true,"href":"https:\/\/www.organisator.ch\/de\/wp-json\/wp\/v2\/tags?post=16335"}],"curies":[{"name":"wp","href":"https:\/\/api.w.org\/{rel}","templated":true}]}}