{"id":16350,"date":"2022-08-05T05:45:36","date_gmt":"2022-08-05T03:45:36","guid":{"rendered":"https:\/\/www.organisator.ch\/?p=16350"},"modified":"2022-08-04T16:04:17","modified_gmt":"2022-08-04T14:04:17","slug":"11-swiss-payment-forum-unsere-zukunft-im-metaverse","status":"publish","type":"post","link":"https:\/\/www.organisator.ch\/de\/management\/finanzen_recht\/2022-08-05\/11-swiss-payment-forum-unsere-zukunft-im-metaverse\/","title":{"rendered":"11. Swiss Payment Forum: Unsere Zukunft im Metaverse"},"content":{"rendered":"<figure id=\"attachment_16351\" aria-describedby=\"caption-attachment-16351\" style=\"width: 680px\" class=\"wp-caption alignnone\"><img loading=\"lazy\" decoding=\"async\" class=\"size-full wp-image-16351\" src=\"https:\/\/www.organisator.ch\/wp-content\/uploads\/2022\/08\/11-Swiss-Payment-Forum-Unsere-Zukunft-im-Metaverse_Organisator.jpg\" alt=\"\" width=\"680\" height=\"332\" srcset=\"https:\/\/www.organisator.ch\/wp-content\/uploads\/2022\/08\/11-Swiss-Payment-Forum-Unsere-Zukunft-im-Metaverse_Organisator.jpg 680w, https:\/\/www.organisator.ch\/wp-content\/uploads\/2022\/08\/11-Swiss-Payment-Forum-Unsere-Zukunft-im-Metaverse_Organisator-18x9.jpg 18w, https:\/\/www.organisator.ch\/wp-content\/uploads\/2022\/08\/11-Swiss-Payment-Forum-Unsere-Zukunft-im-Metaverse_Organisator-358x175.jpg 358w, https:\/\/www.organisator.ch\/wp-content\/uploads\/2022\/08\/11-Swiss-Payment-Forum-Unsere-Zukunft-im-Metaverse_Organisator-300x146.jpg 300w\" sizes=\"auto, (max-width: 680px) 100vw, 680px\" \/><figcaption id=\"caption-attachment-16351\" class=\"wp-caption-text\">Die Payment-Industrie befasst sich mit vielf\u00e4ltigen Themen. Um Metaverse geht es am n\u00e4chsten Swiss Payment Forum, das am 21. und 22. November 2022 in Z\u00fcrich stattfindet. (Bild: swisspaymentforum.ch)<\/figcaption><\/figure>\n<p>Dem Metaverse wird eine grosse Zukunft vorausgesagt: So prognostiziert Gartner, dass bereits im Jahr 2026 25% aller Menschen pro Tag mindestens eine Stunde im Metaverse verbringen werden. Der Finanzdienst Bloomberg sch\u00e4tzt das Metaverse auf eine Marktgr\u00f6sse von 800 Mrd. US-Dollar in 2024, wovon die H\u00e4lfte in den Gaming Markt fliessen wird. Ob die Entwicklung so positiv verlaufen wird, ist auch davon abh\u00e4ngig, ob Bezahlprozesse dort reibungslos ablaufen, Zugang zu Bezahll\u00f6sungen im Metaverse nahtlos m\u00f6glich sind und vielleicht sogar traditionelle Zahlungsmittel akzeptiert werden k\u00f6nnen.<\/p>\n<p>Das ist f\u00fcr die Payment-Industrie ein spannendes Thema, mit dem sich auch das Swiss Payment Forum in Z\u00fcrich am 21. und 22. November befassen wird. Hier werden aktuelle Paymentthemen wie Instant Payment, DeFi, SWIFT und Krypto-Transaktionen, Secure Swiss Finance Network und die Entwicklung des Metaverse diskutiert. Ein ganz besonderes Highlight ist die Keynote des Zukunftsforschers Lars Thomsen. In seinem Vortrag wird er \u00fcber die sieben wichtigsten Megatrends der kommenden Dekade und \u00fcber inkrementelle und disruptive Innovationen sprechen.<br \/>\nSeit \u00fcber 10 Jahren hat sich das Swiss Payment Forum als Branchentreff etabliert. Als zentrale Informations- und Diskussionsveranstaltung f\u00fcr die Financial Services Industry in der Schweiz bietet es hervorragende M\u00f6glichkeiten, sich in den hochkar\u00e4tigen Vortr\u00e4gen zu informieren und wertvolle Kontakte zu kn\u00fcpfen.<\/p>\n<p>Veranstalterin ist die Vereon AG mit Sitz in Kreuzlingen. Das Unternehmen f\u00fchrt neben dem Swiss Payment Forum weitere hochkar\u00e4tige Tagungen, Konferenzen und Workshops zu aktuellen Themen aus Wirtschaft und Wissenschaft durch. Ausgewiesene Experten aus Forschung, Wissenschaft, Praxis und Politik pr\u00e4sentieren dabei jeweils pragmatische L\u00f6sungsans\u00e4tze und wegweisende Trends.<\/p>\n<p><em><a href=\"https:\/\/www.swisspaymentforum.ch\/de\">Weitere Informationen<\/a><\/em><\/p>\n","protected":false},"excerpt":{"rendered":"<p>Dem Metaverse wird eine grosse Zukunft vorausgesagt: So prognostiziert Gartner, dass bereits im Jahr 2026 25% aller Menschen pro Tag mindestens eine Stunde im Metaverse verbringen werden. Der Finanzdienst Bloomberg sch\u00e4tzt das Metaverse auf eine Marktgr\u00f6sse von 800 Mrd. US-Dollar in 2024, wovon die H\u00e4lfte in den Gaming Markt fliessen wird. Ob die Entwicklung so [&hellip;]<\/p>\n","protected":false},"author":4,"featured_media":16351,"comment_status":"closed","ping_status":"closed","sticky":false,"template":"","format":"standard","meta":{"_acf_changed":false,"_yoast_wpseo_focuskw":"Swiss Payment Forum","_yoast_wpseo_metadesc":"Dem Metaverse wird eine grosse Zukunft vorhergesagt. Ein Thema, mit dem sich auch das Swiss Payment Forum am 21.\/22. November befassen wird.","articlekey":"","footnotes":""},"categories":[24],"tags":[156,2677,193,2796],"class_list":["post-16350","post","type-post","status-publish","format-standard","has-post-thumbnail","hentry","category-finanzen_recht","tag-digitalisierung","tag-e-payment","tag-fachkongressfachmesse","tag-metaverse"],"acf":[],"yoast_head":"<!-- This site is optimized with the Yoast SEO plugin v27.4 - https:\/\/yoast.com\/product\/yoast-seo-wordpress\/ -->\n<title>11. Swiss Payment Forum: Unsere Zukunft im Metaverse - Organisator<\/title>\n<meta name=\"description\" content=\"Dem Metaverse wird eine grosse Zukunft vorhergesagt. Ein Thema, mit dem sich auch das Swiss Payment Forum am 21.\/22. November befassen wird.\" \/>\n<meta name=\"robots\" content=\"index, follow, max-snippet:-1, max-image-preview:large, max-video-preview:-1\" \/>\n<link rel=\"canonical\" href=\"https:\/\/www.organisator.ch\/de\/management\/finanzen_recht\/2022-08-05\/11-swiss-payment-forum-unsere-zukunft-im-metaverse\/\" \/>\n<meta property=\"og:locale\" content=\"de_DE\" \/>\n<meta property=\"og:type\" content=\"article\" \/>\n<meta property=\"og:title\" content=\"11. Swiss Payment Forum: Unsere Zukunft im Metaverse\" \/>\n<meta property=\"og:description\" content=\"Dem Metaverse wird eine grosse Zukunft vorhergesagt. Ein Thema, mit dem sich auch das Swiss Payment Forum am 21.\/22. November befassen wird.\" \/>\n<meta property=\"og:url\" content=\"https:\/\/www.organisator.ch\/de\/management\/finanzen_recht\/2022-08-05\/11-swiss-payment-forum-unsere-zukunft-im-metaverse\/\" \/>\n<meta property=\"og:site_name\" content=\"Organisator\" \/>\n<meta property=\"article:publisher\" content=\"https:\/\/www.facebook.com\/OrganisatorFachmagazin\" \/>\n<meta property=\"article:published_time\" content=\"2022-08-05T03:45:36+00:00\" \/>\n<meta property=\"og:image\" content=\"https:\/\/www.organisator.ch\/wp-content\/uploads\/2022\/08\/11-Swiss-Payment-Forum-Unsere-Zukunft-im-Metaverse_Organisator.jpg\" \/>\n\t<meta property=\"og:image:width\" content=\"680\" \/>\n\t<meta property=\"og:image:height\" content=\"332\" \/>\n\t<meta property=\"og:image:type\" content=\"image\/jpeg\" \/>\n<meta name=\"author\" content=\"thomas.berner\" \/>\n<meta name=\"twitter:card\" content=\"summary_large_image\" \/>\n<meta name=\"twitter:title\" content=\"11. Swiss Payment Forum: Unsere Zukunft im #Metaverse\" \/>\n<meta name=\"twitter:description\" content=\"Dem #Metaverse wird eine grosse Zukunft vorhergesagt. Ein Thema, mit dem sich auch das Swiss #Payment Forum am 21.\/22. November befassen wird.\" \/>\n<meta name=\"twitter:image\" content=\"https:\/\/www.organisator.ch\/wp-content\/uploads\/2022\/08\/11-Swiss-Payment-Forum-Unsere-Zukunft-im-Metaverse_Organisator.jpg\" \/>\n<script type=\"application\/ld+json\" class=\"yoast-schema-graph\">{\"@context\":\"https:\\\/\\\/schema.org\",\"@graph\":[{\"@type\":\"Article\",\"@id\":\"https:\\\/\\\/www.organisator.ch\\\/management\\\/finanzen_recht\\\/2022-08-05\\\/11-swiss-payment-forum-unsere-zukunft-im-metaverse\\\/#article\",\"isPartOf\":{\"@id\":\"https:\\\/\\\/www.organisator.ch\\\/management\\\/finanzen_recht\\\/2022-08-05\\\/11-swiss-payment-forum-unsere-zukunft-im-metaverse\\\/\"},\"author\":{\"name\":\"thomas.berner\",\"@id\":\"https:\\\/\\\/www.organisator.ch\\\/#\\\/schema\\\/person\\\/6f650f90b2842cd4c0cc334b4e36f67e\"},\"headline\":\"11. Swiss Payment Forum: Unsere Zukunft im Metaverse\",\"datePublished\":\"2022-08-05T03:45:36+00:00\",\"mainEntityOfPage\":{\"@id\":\"https:\\\/\\\/www.organisator.ch\\\/management\\\/finanzen_recht\\\/2022-08-05\\\/11-swiss-payment-forum-unsere-zukunft-im-metaverse\\\/\"},\"wordCount\":306,\"publisher\":{\"@id\":\"https:\\\/\\\/www.organisator.ch\\\/#organization\"},\"image\":{\"@id\":\"https:\\\/\\\/www.organisator.ch\\\/management\\\/finanzen_recht\\\/2022-08-05\\\/11-swiss-payment-forum-unsere-zukunft-im-metaverse\\\/#primaryimage\"},\"thumbnailUrl\":\"https:\\\/\\\/www.organisator.ch\\\/wp-content\\\/uploads\\\/2022\\\/08\\\/11-Swiss-Payment-Forum-Unsere-Zukunft-im-Metaverse_Organisator.jpg\",\"keywords\":[\"Digitalisierung\",\"E-Payment\",\"Fachkongress\\\/Fachmesse\",\"Metaverse\"],\"articleSection\":[\"FINANZEN\\\/RECHT\"],\"inLanguage\":\"de\"},{\"@type\":\"WebPage\",\"@id\":\"https:\\\/\\\/www.organisator.ch\\\/management\\\/finanzen_recht\\\/2022-08-05\\\/11-swiss-payment-forum-unsere-zukunft-im-metaverse\\\/\",\"url\":\"https:\\\/\\\/www.organisator.ch\\\/management\\\/finanzen_recht\\\/2022-08-05\\\/11-swiss-payment-forum-unsere-zukunft-im-metaverse\\\/\",\"name\":\"11. Swiss Payment Forum: Unsere Zukunft im Metaverse - Organisator\",\"isPartOf\":{\"@id\":\"https:\\\/\\\/www.organisator.ch\\\/#website\"},\"primaryImageOfPage\":{\"@id\":\"https:\\\/\\\/www.organisator.ch\\\/management\\\/finanzen_recht\\\/2022-08-05\\\/11-swiss-payment-forum-unsere-zukunft-im-metaverse\\\/#primaryimage\"},\"image\":{\"@id\":\"https:\\\/\\\/www.organisator.ch\\\/management\\\/finanzen_recht\\\/2022-08-05\\\/11-swiss-payment-forum-unsere-zukunft-im-metaverse\\\/#primaryimage\"},\"thumbnailUrl\":\"https:\\\/\\\/www.organisator.ch\\\/wp-content\\\/uploads\\\/2022\\\/08\\\/11-Swiss-Payment-Forum-Unsere-Zukunft-im-Metaverse_Organisator.jpg\",\"datePublished\":\"2022-08-05T03:45:36+00:00\",\"description\":\"Dem Metaverse wird eine grosse Zukunft vorhergesagt. Ein Thema, mit dem sich auch das Swiss Payment Forum am 21.\\\/22. November befassen wird.\",\"breadcrumb\":{\"@id\":\"https:\\\/\\\/www.organisator.ch\\\/management\\\/finanzen_recht\\\/2022-08-05\\\/11-swiss-payment-forum-unsere-zukunft-im-metaverse\\\/#breadcrumb\"},\"inLanguage\":\"de\",\"potentialAction\":[{\"@type\":\"ReadAction\",\"target\":[\"https:\\\/\\\/www.organisator.ch\\\/management\\\/finanzen_recht\\\/2022-08-05\\\/11-swiss-payment-forum-unsere-zukunft-im-metaverse\\\/\"]}]},{\"@type\":\"ImageObject\",\"inLanguage\":\"de\",\"@id\":\"https:\\\/\\\/www.organisator.ch\\\/management\\\/finanzen_recht\\\/2022-08-05\\\/11-swiss-payment-forum-unsere-zukunft-im-metaverse\\\/#primaryimage\",\"url\":\"https:\\\/\\\/www.organisator.ch\\\/wp-content\\\/uploads\\\/2022\\\/08\\\/11-Swiss-Payment-Forum-Unsere-Zukunft-im-Metaverse_Organisator.jpg\",\"contentUrl\":\"https:\\\/\\\/www.organisator.ch\\\/wp-content\\\/uploads\\\/2022\\\/08\\\/11-Swiss-Payment-Forum-Unsere-Zukunft-im-Metaverse_Organisator.jpg\",\"width\":680,\"height\":332,\"caption\":\"Die Payment-Industrie befasst sich mit vielf\u00e4ltigen Themen. Um Metaverse geht es am n\u00e4chsten Swiss Payment Forum, das am 21. und 22. November 2022 in Z\u00fcrich stattfindet. (Bild: swisspaymentforum.ch)\"},{\"@type\":\"BreadcrumbList\",\"@id\":\"https:\\\/\\\/www.organisator.ch\\\/management\\\/finanzen_recht\\\/2022-08-05\\\/11-swiss-payment-forum-unsere-zukunft-im-metaverse\\\/#breadcrumb\",\"itemListElement\":[{\"@type\":\"ListItem\",\"position\":1,\"name\":\"Home\",\"item\":\"https:\\\/\\\/www.organisator.ch\\\/\"},{\"@type\":\"ListItem\",\"position\":2,\"name\":\"11. Swiss Payment Forum: Unsere Zukunft im Metaverse\"}]},{\"@type\":\"WebSite\",\"@id\":\"https:\\\/\\\/www.organisator.ch\\\/#website\",\"url\":\"https:\\\/\\\/www.organisator.ch\\\/\",\"name\":\"Organisator\",\"description\":\"Kompetent. Praxisnah. Der ORGANISATOR bereitet in 10 Ausgaben pro Jahr die wesentlichen Themen f\u00fcr F\u00fchrungskr\u00e4fte von KMU auf.\",\"publisher\":{\"@id\":\"https:\\\/\\\/www.organisator.ch\\\/#organization\"},\"potentialAction\":[{\"@type\":\"SearchAction\",\"target\":{\"@type\":\"EntryPoint\",\"urlTemplate\":\"https:\\\/\\\/www.organisator.ch\\\/?s={search_term_string}\"},\"query-input\":{\"@type\":\"PropertyValueSpecification\",\"valueRequired\":true,\"valueName\":\"search_term_string\"}}],\"inLanguage\":\"de\"},{\"@type\":\"Organization\",\"@id\":\"https:\\\/\\\/www.organisator.ch\\\/#organization\",\"name\":\"Organisator\",\"url\":\"https:\\\/\\\/www.organisator.ch\\\/\",\"logo\":{\"@type\":\"ImageObject\",\"inLanguage\":\"de\",\"@id\":\"https:\\\/\\\/www.organisator.ch\\\/#\\\/schema\\\/logo\\\/image\\\/\",\"url\":\"https:\\\/\\\/www.organisator.ch\\\/wp-content\\\/uploads\\\/2022\\\/01\\\/Logo_Organisator_Website.png\",\"contentUrl\":\"https:\\\/\\\/www.organisator.ch\\\/wp-content\\\/uploads\\\/2022\\\/01\\\/Logo_Organisator_Website.png\",\"width\":800,\"height\":77,\"caption\":\"Organisator\"},\"image\":{\"@id\":\"https:\\\/\\\/www.organisator.ch\\\/#\\\/schema\\\/logo\\\/image\\\/\"},\"sameAs\":[\"https:\\\/\\\/www.facebook.com\\\/OrganisatorFachmagazin\",\"https:\\\/\\\/www.linkedin.com\\\/showcase\\\/organisator-das-magazin-fr-kmu\",\"https:\\\/\\\/www.xing.com\\\/news\\\/pages\\\/organisator-ch-695\",\"https:\\\/\\\/www.youtube.com\\\/channel\\\/UCGP2Sq0iWaZwT3BdIAQFYpw\"]},{\"@type\":\"Person\",\"@id\":\"https:\\\/\\\/www.organisator.ch\\\/#\\\/schema\\\/person\\\/6f650f90b2842cd4c0cc334b4e36f67e\",\"name\":\"thomas.berner\",\"image\":{\"@type\":\"ImageObject\",\"inLanguage\":\"de\",\"@id\":\"https:\\\/\\\/secure.gravatar.com\\\/avatar\\\/ac5001d2a36cb6c6cd3e50789007ffca834b477b74a2144564522e944eabff61?s=96&d=mm&r=g\",\"url\":\"https:\\\/\\\/secure.gravatar.com\\\/avatar\\\/ac5001d2a36cb6c6cd3e50789007ffca834b477b74a2144564522e944eabff61?s=96&d=mm&r=g\",\"contentUrl\":\"https:\\\/\\\/secure.gravatar.com\\\/avatar\\\/ac5001d2a36cb6c6cd3e50789007ffca834b477b74a2144564522e944eabff61?s=96&d=mm&r=g\",\"caption\":\"thomas.berner\"},\"url\":\"https:\\\/\\\/www.organisator.ch\\\/de\\\/author\\\/thomas-berner\\\/\"}]}<\/script>\n<!-- \/ Yoast SEO plugin. -->","yoast_head_json":{"title":"11. Swiss Payment Forum: Unsere Zukunft im Metaverse - Organisator","description":"Dem Metaverse wird eine grosse Zukunft vorhergesagt. Ein Thema, mit dem sich auch das Swiss Payment Forum am 21.\/22. November befassen wird.","robots":{"index":"index","follow":"follow","max-snippet":"max-snippet:-1","max-image-preview":"max-image-preview:large","max-video-preview":"max-video-preview:-1"},"canonical":"https:\/\/www.organisator.ch\/de\/management\/finanzen_recht\/2022-08-05\/11-swiss-payment-forum-unsere-zukunft-im-metaverse\/","og_locale":"de_DE","og_type":"article","og_title":"11. Swiss Payment Forum: Unsere Zukunft im Metaverse","og_description":"Dem Metaverse wird eine grosse Zukunft vorhergesagt. Ein Thema, mit dem sich auch das Swiss Payment Forum am 21.\/22. November befassen wird.","og_url":"https:\/\/www.organisator.ch\/de\/management\/finanzen_recht\/2022-08-05\/11-swiss-payment-forum-unsere-zukunft-im-metaverse\/","og_site_name":"Organisator","article_publisher":"https:\/\/www.facebook.com\/OrganisatorFachmagazin","article_published_time":"2022-08-05T03:45:36+00:00","og_image":[{"width":680,"height":332,"url":"https:\/\/www.organisator.ch\/wp-content\/uploads\/2022\/08\/11-Swiss-Payment-Forum-Unsere-Zukunft-im-Metaverse_Organisator.jpg","type":"image\/jpeg"}],"author":"thomas.berner","twitter_card":"summary_large_image","twitter_title":"11. Swiss Payment Forum: Unsere Zukunft im #Metaverse","twitter_description":"Dem #Metaverse wird eine grosse Zukunft vorhergesagt. Ein Thema, mit dem sich auch das Swiss #Payment Forum am 21.\/22. November befassen wird.","twitter_image":"https:\/\/www.organisator.ch\/wp-content\/uploads\/2022\/08\/11-Swiss-Payment-Forum-Unsere-Zukunft-im-Metaverse_Organisator.jpg","schema":{"@context":"https:\/\/schema.org","@graph":[{"@type":"Article","@id":"https:\/\/www.organisator.ch\/management\/finanzen_recht\/2022-08-05\/11-swiss-payment-forum-unsere-zukunft-im-metaverse\/#article","isPartOf":{"@id":"https:\/\/www.organisator.ch\/management\/finanzen_recht\/2022-08-05\/11-swiss-payment-forum-unsere-zukunft-im-metaverse\/"},"author":{"name":"thomas.berner","@id":"https:\/\/www.organisator.ch\/#\/schema\/person\/6f650f90b2842cd4c0cc334b4e36f67e"},"headline":"11. Swiss Payment Forum: Unsere Zukunft im Metaverse","datePublished":"2022-08-05T03:45:36+00:00","mainEntityOfPage":{"@id":"https:\/\/www.organisator.ch\/management\/finanzen_recht\/2022-08-05\/11-swiss-payment-forum-unsere-zukunft-im-metaverse\/"},"wordCount":306,"publisher":{"@id":"https:\/\/www.organisator.ch\/#organization"},"image":{"@id":"https:\/\/www.organisator.ch\/management\/finanzen_recht\/2022-08-05\/11-swiss-payment-forum-unsere-zukunft-im-metaverse\/#primaryimage"},"thumbnailUrl":"https:\/\/www.organisator.ch\/wp-content\/uploads\/2022\/08\/11-Swiss-Payment-Forum-Unsere-Zukunft-im-Metaverse_Organisator.jpg","keywords":["Digitalisierung","E-Payment","Fachkongress\/Fachmesse","Metaverse"],"articleSection":["FINANZEN\/RECHT"],"inLanguage":"de"},{"@type":"WebPage","@id":"https:\/\/www.organisator.ch\/management\/finanzen_recht\/2022-08-05\/11-swiss-payment-forum-unsere-zukunft-im-metaverse\/","url":"https:\/\/www.organisator.ch\/management\/finanzen_recht\/2022-08-05\/11-swiss-payment-forum-unsere-zukunft-im-metaverse\/","name":"11. Swiss Payment Forum: Unsere Zukunft im Metaverse - Organisator","isPartOf":{"@id":"https:\/\/www.organisator.ch\/#website"},"primaryImageOfPage":{"@id":"https:\/\/www.organisator.ch\/management\/finanzen_recht\/2022-08-05\/11-swiss-payment-forum-unsere-zukunft-im-metaverse\/#primaryimage"},"image":{"@id":"https:\/\/www.organisator.ch\/management\/finanzen_recht\/2022-08-05\/11-swiss-payment-forum-unsere-zukunft-im-metaverse\/#primaryimage"},"thumbnailUrl":"https:\/\/www.organisator.ch\/wp-content\/uploads\/2022\/08\/11-Swiss-Payment-Forum-Unsere-Zukunft-im-Metaverse_Organisator.jpg","datePublished":"2022-08-05T03:45:36+00:00","description":"Dem Metaverse wird eine grosse Zukunft vorhergesagt. Ein Thema, mit dem sich auch das Swiss Payment Forum am 21.\/22. November befassen wird.","breadcrumb":{"@id":"https:\/\/www.organisator.ch\/management\/finanzen_recht\/2022-08-05\/11-swiss-payment-forum-unsere-zukunft-im-metaverse\/#breadcrumb"},"inLanguage":"de","potentialAction":[{"@type":"ReadAction","target":["https:\/\/www.organisator.ch\/management\/finanzen_recht\/2022-08-05\/11-swiss-payment-forum-unsere-zukunft-im-metaverse\/"]}]},{"@type":"ImageObject","inLanguage":"de","@id":"https:\/\/www.organisator.ch\/management\/finanzen_recht\/2022-08-05\/11-swiss-payment-forum-unsere-zukunft-im-metaverse\/#primaryimage","url":"https:\/\/www.organisator.ch\/wp-content\/uploads\/2022\/08\/11-Swiss-Payment-Forum-Unsere-Zukunft-im-Metaverse_Organisator.jpg","contentUrl":"https:\/\/www.organisator.ch\/wp-content\/uploads\/2022\/08\/11-Swiss-Payment-Forum-Unsere-Zukunft-im-Metaverse_Organisator.jpg","width":680,"height":332,"caption":"Die Payment-Industrie befasst sich mit vielf\u00e4ltigen Themen. Um Metaverse geht es am n\u00e4chsten Swiss Payment Forum, das am 21. und 22. November 2022 in Z\u00fcrich stattfindet. (Bild: swisspaymentforum.ch)"},{"@type":"BreadcrumbList","@id":"https:\/\/www.organisator.ch\/management\/finanzen_recht\/2022-08-05\/11-swiss-payment-forum-unsere-zukunft-im-metaverse\/#breadcrumb","itemListElement":[{"@type":"ListItem","position":1,"name":"Home","item":"https:\/\/www.organisator.ch\/"},{"@type":"ListItem","position":2,"name":"11. Swiss Payment Forum: Unsere Zukunft im Metaverse"}]},{"@type":"WebSite","@id":"https:\/\/www.organisator.ch\/#website","url":"https:\/\/www.organisator.ch\/","name":"Organisator","description":"Kompetent. Praxisnah. Der ORGANISATOR bereitet in 10 Ausgaben pro Jahr die wesentlichen Themen f\u00fcr F\u00fchrungskr\u00e4fte von KMU auf.","publisher":{"@id":"https:\/\/www.organisator.ch\/#organization"},"potentialAction":[{"@type":"SearchAction","target":{"@type":"EntryPoint","urlTemplate":"https:\/\/www.organisator.ch\/?s={search_term_string}"},"query-input":{"@type":"PropertyValueSpecification","valueRequired":true,"valueName":"search_term_string"}}],"inLanguage":"de"},{"@type":"Organization","@id":"https:\/\/www.organisator.ch\/#organization","name":"Organisator","url":"https:\/\/www.organisator.ch\/","logo":{"@type":"ImageObject","inLanguage":"de","@id":"https:\/\/www.organisator.ch\/#\/schema\/logo\/image\/","url":"https:\/\/www.organisator.ch\/wp-content\/uploads\/2022\/01\/Logo_Organisator_Website.png","contentUrl":"https:\/\/www.organisator.ch\/wp-content\/uploads\/2022\/01\/Logo_Organisator_Website.png","width":800,"height":77,"caption":"Organisator"},"image":{"@id":"https:\/\/www.organisator.ch\/#\/schema\/logo\/image\/"},"sameAs":["https:\/\/www.facebook.com\/OrganisatorFachmagazin","https:\/\/www.linkedin.com\/showcase\/organisator-das-magazin-fr-kmu","https:\/\/www.xing.com\/news\/pages\/organisator-ch-695","https:\/\/www.youtube.com\/channel\/UCGP2Sq0iWaZwT3BdIAQFYpw"]},{"@type":"Person","@id":"https:\/\/www.organisator.ch\/#\/schema\/person\/6f650f90b2842cd4c0cc334b4e36f67e","name":"thomas.berner","image":{"@type":"ImageObject","inLanguage":"de","@id":"https:\/\/secure.gravatar.com\/avatar\/ac5001d2a36cb6c6cd3e50789007ffca834b477b74a2144564522e944eabff61?s=96&d=mm&r=g","url":"https:\/\/secure.gravatar.com\/avatar\/ac5001d2a36cb6c6cd3e50789007ffca834b477b74a2144564522e944eabff61?s=96&d=mm&r=g","contentUrl":"https:\/\/secure.gravatar.com\/avatar\/ac5001d2a36cb6c6cd3e50789007ffca834b477b74a2144564522e944eabff61?s=96&d=mm&r=g","caption":"thomas.berner"},"url":"https:\/\/www.organisator.ch\/de\/author\/thomas-berner\/"}]}},"_links":{"self":[{"href":"https:\/\/www.organisator.ch\/de\/wp-json\/wp\/v2\/posts\/16350","targetHints":{"allow":["GET"]}}],"collection":[{"href":"https:\/\/www.organisator.ch\/de\/wp-json\/wp\/v2\/posts"}],"about":[{"href":"https:\/\/www.organisator.ch\/de\/wp-json\/wp\/v2\/types\/post"}],"author":[{"embeddable":true,"href":"https:\/\/www.organisator.ch\/de\/wp-json\/wp\/v2\/users\/4"}],"replies":[{"embeddable":true,"href":"https:\/\/www.organisator.ch\/de\/wp-json\/wp\/v2\/comments?post=16350"}],"version-history":[{"count":1,"href":"https:\/\/www.organisator.ch\/de\/wp-json\/wp\/v2\/posts\/16350\/revisions"}],"predecessor-version":[{"id":16352,"href":"https:\/\/www.organisator.ch\/de\/wp-json\/wp\/v2\/posts\/16350\/revisions\/16352"}],"wp:featuredmedia":[{"embeddable":true,"href":"https:\/\/www.organisator.ch\/de\/wp-json\/wp\/v2\/media\/16351"}],"wp:attachment":[{"href":"https:\/\/www.organisator.ch\/de\/wp-json\/wp\/v2\/media?parent=16350"}],"wp:term":[{"taxonomy":"category","embeddable":true,"href":"https:\/\/www.organisator.ch\/de\/wp-json\/wp\/v2\/categories?post=16350"},{"taxonomy":"post_tag","embeddable":true,"href":"https:\/\/www.organisator.ch\/de\/wp-json\/wp\/v2\/tags?post=16350"}],"curies":[{"name":"wp","href":"https:\/\/api.w.org\/{rel}","templated":true}]}}