{"id":16359,"date":"2022-08-05T08:00:22","date_gmt":"2022-08-05T06:00:22","guid":{"rendered":"https:\/\/www.organisator.ch\/?p=16359"},"modified":"2022-08-16T16:53:09","modified_gmt":"2022-08-16T14:53:09","slug":"fuehren-ohne-weisungsbefugnis-lernen","status":"publish","type":"post","link":"https:\/\/www.organisator.ch\/de\/management\/2022-08-05\/fuehren-ohne-weisungsbefugnis-lernen\/","title":{"rendered":"F\u00fchren ohne Weisungsbefugnis lernen"},"content":{"rendered":"<figure id=\"attachment_16360\" aria-describedby=\"caption-attachment-16360\" style=\"width: 680px\" class=\"wp-caption alignnone\"><img loading=\"lazy\" decoding=\"async\" class=\"size-full wp-image-16360\" src=\"https:\/\/www.organisator.ch\/wp-content\/uploads\/2022\/08\/Fuhren-ohne-Weisungsbefugnis-lernen_Organisator.jpg\" alt=\"\" width=\"680\" height=\"395\" srcset=\"https:\/\/www.organisator.ch\/wp-content\/uploads\/2022\/08\/Fuhren-ohne-Weisungsbefugnis-lernen_Organisator.jpg 680w, https:\/\/www.organisator.ch\/wp-content\/uploads\/2022\/08\/Fuhren-ohne-Weisungsbefugnis-lernen_Organisator-18x10.jpg 18w, https:\/\/www.organisator.ch\/wp-content\/uploads\/2022\/08\/Fuhren-ohne-Weisungsbefugnis-lernen_Organisator-301x175.jpg 301w, https:\/\/www.organisator.ch\/wp-content\/uploads\/2022\/08\/Fuhren-ohne-Weisungsbefugnis-lernen_Organisator-603x350.jpg 603w, https:\/\/www.organisator.ch\/wp-content\/uploads\/2022\/08\/Fuhren-ohne-Weisungsbefugnis-lernen_Organisator-300x174.jpg 300w\" sizes=\"auto, (max-width: 680px) 100vw, 680px\" \/><figcaption id=\"caption-attachment-16360\" class=\"wp-caption-text\">F\u00fchren ohne Weisungsbefugnis: Wie funktioniert das? (Bild: Unsplash.com)<\/figcaption><\/figure>\n<p>In den tayloristisch organisierten Betrieben der Vergangenheit standen deren Bereiche weitgehend unverkn\u00fcpft nebeneinander \u2013 gleich S\u00e4ulen. Und jeder Bereich hatte sein klar definiertes Aufgabenfeld. Auch die Mitarbeiter hatten klar umrissene Aufgaben, die entweder in ihren Stellenbeschreibungen definiert oder ihnen von ihren Vorgesetzten \u00fcbertragen worden waren. Heute ist dies anders \u2013 \u201ezumindest in den Unternehmen, die f\u00fcr ihre Kunden komplexe Leistungen erbringen\u201c, betont <a href=\"https:\/\/www.kraus-und-partner.de\/\">Prof. Dr. Georg Kraus aus Bruchsal<\/a>. Sie sind in der Regel netzwerkartig strukturiert. Und die Bereichsgrenzen und Hierarchiestufen? \u201eSie spielen in der Alltagsarbeit eine immer geringere Rolle \u2013 vor allem, weil die Leistungen zunehmend in bereichs- und oft sogar unternehmens\u00fcbergreifender Teamarbeit erbracht werden\u201c.<\/p>\n<h3><strong>Komplexe Strukturen erfordern anderen F\u00fchrungsstil<\/strong><\/h3>\n<p>In einem solchen Umfeld \u00a0st\u00f6sst das klassische F\u00fchren, das weitgehend auf der qua Position verliehenen disziplinarischen Macht beruht, oft an seine Grenzen, erkl\u00e4rt der Managementberater <a href=\"https:\/\/www.mticonsultancy.com\/\">Hans-Peter Machw\u00fcrth<\/a>, Visselh\u00f6vede. Stattdessen gewinnt das sogenannte laterale F\u00fchren an Bedeutung, \u201edas auf Vertrauen und Verst\u00e4ndigung beruht und danach strebt, durch das Schaffen eines gemeinsamen Denkrahmens die Interessen der Beteiligten soweit m\u00f6glich zu verbinden\u201c. Diese Art der F\u00fchrung muss sich, weil die disziplinarische Weisungsbefugnis entf\u00e4llt, auf andere Machtquellen st\u00fctzen \u2013 zum Beispiel<\/p>\n<ul>\n<li>eine hohe pers\u00f6nliche Autorit\u00e4t und Integrit\u00e4t oder<\/li>\n<li>ein ausgewiesenes Expertentum oder<\/li>\n<li>ein gezieltes Networking, das die eigene informelle Machtbasis st\u00e4rkt.<\/li>\n<\/ul>\n<p>Dem klassischen F\u00fchrungsverst\u00e4ndnis zufolge ist der Begriff \u201eLaterale F\u00fchrung\u201c ein Widerspruch in sich. Denn ihm zufolge ist F\u00fchrung untrennbar mit einer hierarchischen Weisungsbefugnis verbunden. Trotzdem gewinnt das Thema laterale F\u00fchrung in den Unternehmen massiv an Bedeutung. Das zeigt unter anderem die Studie \u201e<a href=\"https:\/\/www.organisator.ch\/de\/management\/2022-03-28\/alpha-collaboration-fuehrung-und-zusammenarbeit-im-umbruch\/\">Alpha Collaboration \u2013 F\u00fchrung im Umbruch; Perspektiven f\u00fcr die Zusammenarbeit der Zukunft<\/a>\u201c des <a href=\"https:\/\/ifidz.de\/\">Instituts f\u00fcr F\u00fchrungskultur im digitalen Zeitalter (IFIDZ)<\/a>, Frankfurt.<\/p>\n<h3><strong>Herausforderung: Um Zustimmung werben<\/strong><\/h3>\n<p>Lateral f\u00fchren bedeutet mehr als koordinieren, betont die IFIDZ-Leiterin Barbara Liebermeister. Denn Koordination zielt prim\u00e4r auf \u201eein Aufeinander-abstimmen zum Beispiel der Interessen, Aufgaben und T\u00e4tigkeiten ab\u201c; F\u00fchrung hingegen beinhaltet auch \u201eein Einwirken auf Personen und Organisationen bzw. Organisationseinheiten, damit sie in eine gew\u00fcnschte Richtung denken und handeln\u201c.<\/p>\n<p>Das zentrale Ziel von lateraler F\u00fchrung ist das Erreichen der eigenen oder \u00fcbergeordneten Ziele (zum Beispiel des Unternehmens oder Projekts). Das Schliessen eines Kompromisses kann ein Weg hierzu sein, erkl\u00e4rt Hans-Peter Machw\u00fcrth. Nicht selten ist hierf\u00fcr jedoch genau das Gegenteil n\u00f6tig \u2013 so zum Beispiel, wenn das Erreichen der angestrebten Top-Ergebnisse eine klare Entscheidung zwischen mehreren m\u00f6glichen L\u00f6sungswegen erfordert.<\/p>\n<p>In der Praxis erweist sich das F\u00fchren ohne Weisungsbefugnis, oft als schwierig \u2013 vor allem, weil die an diesem Prozess beteiligten Personen zum Beispiel aufgrund ihrer unterschiedlichen Funktion und Position in der Organisation meist (teils) divergierende Auffassungen und Interessen haben. Zudem fehlt Georg Kraus zufolge, wenn weitreichende und folgenschwere Entscheidungen anstehen, eine Person, die irgendwann sagen kann: \u201eSo machen wir das jetzt \u2013 basta; ich \u00fcbernehme hierf\u00fcr die Verantwortung.\u201c Entsprechend langwierig sind beim lateralen F\u00fchren oft die Meinungsbildungs- und Entscheidungsprozesse, \u201eda um die Zustimmung oder zumindest Akzeptanz aller Beteiligten geworben werden muss\u201c.<\/p>\n<h3><strong>Laterale F\u00fchrung kann man lernen<\/strong><\/h3>\n<p>Trotzdem gewinnt das Thema laterale F\u00fchrung in den Unternehmen massiv an Bedeutung. Ursachen hierf\u00fcr sind neben der zunehmend netzwerkartigen Struktur der Unternehmen und der fortschreitenden Digitalisierung, dass die in bereichs- und funktions\u00fcbergreifender Teamarbeit entworfenen Probleml\u00f6sungen immer komplexer werden.<\/p>\n<p>Die Kompetenz, lateral zu f\u00fchren, f\u00e4llt jedoch nicht vom Himmel, sie muss laut Hans-Peter Machw\u00fcrth entwickelt werden \u2013 sowohl<\/p>\n<ul>\n<li>bei Experten und Spezialisten, die in ihrem Arbeitsalltag aufgrund ihres Spezialwissens immer wieder vor der Herausforderung stehen, andere Menschen von den Vorz\u00fcgen oder Risiken einer m\u00f6glichen L\u00f6sung zu \u00fcberzeugen, als auch<\/li>\n<li>bei F\u00fchrungskr\u00e4ften, die wichtige Entscheidungen im Team treffen m\u00f6chten oder m\u00fcssen, weil sie bei deren Realisierung auf die aktive Unterst\u00fctzung ihrer Mitarbeiter, anderer Bereiche oder externer Kooperationspartner\/Dienstleister angewiesen sind.<\/li>\n<\/ul>\n<p>Dabei gilt es jedoch zu beachten: \u201eLaterale F\u00fchrung erfordert gewisse Pers\u00f6nlichkeitsmerkmale\u201c, betont Barbara Liebermeister. So zum Beispiel<\/p>\n<ul>\n<li>eine wertsch\u00e4tzende Haltung gegen\u00fcber anderen Menschen und<\/li>\n<li>die Bereitschaft, das eigene Denken und Verhalten zu hinterfragen.<\/li>\n<\/ul>\n<p>Denn ohne diese Grundhaltungen gelingt es weder die Denkmodelle anderer Menschen zu \u00f6ffnen, noch eine von Vertrauen gepr\u00e4gte Beziehung zu ihnen aufbauen, um die gew\u00fcnschten Wirkungen zu erzielen.<\/p>\n<p><em><strong>Zum Autor: <\/strong>Ramon Lacher, Darmstadt, ist freiberuflicher Journalist. Er ist auf Berufs- und Karrierethemen spezialisiert.<\/em><\/p>\n<p>&nbsp;<\/p>\n","protected":false},"excerpt":{"rendered":"<p>In den tayloristisch organisierten Betrieben der Vergangenheit standen deren Bereiche weitgehend unverkn\u00fcpft nebeneinander \u2013 gleich S\u00e4ulen. Und jeder Bereich hatte sein klar definiertes Aufgabenfeld. Auch die Mitarbeiter hatten klar umrissene Aufgaben, die entweder in ihren Stellenbeschreibungen definiert oder ihnen von ihren Vorgesetzten \u00fcbertragen worden waren. Heute ist dies anders \u2013 \u201ezumindest in den Unternehmen, die [&hellip;]<\/p>\n","protected":false},"author":4,"featured_media":0,"comment_status":"closed","ping_status":"closed","sticky":false,"template":"","format":"standard","meta":{"_acf_changed":false,"_yoast_wpseo_focuskw":"Weisungsbefugnis","_yoast_wpseo_metadesc":"In komplexen Arbeitsstrukturen und -beziehungen in den Unternehmen wird auch F\u00fchrung ohne Weisungsbefugnis immer wichtiger.","articlekey":"","footnotes":""},"categories":[28],"tags":[115,320,335],"class_list":["post-16359","post","type-post","status-publish","format-standard","hentry","category-management","tag-checklisten","tag-leadership","tag-management-und-unternehmensfuehrung"],"acf":[],"yoast_head":"<!-- This site is optimized with the Yoast SEO plugin v27.5 - https:\/\/yoast.com\/product\/yoast-seo-wordpress\/ -->\n<title>F\u00fchren ohne Weisungsbefugnis lernen - Organisator<\/title>\n<meta name=\"description\" content=\"In komplexen Arbeitsstrukturen und -beziehungen in den Unternehmen wird auch F\u00fchrung ohne Weisungsbefugnis immer wichtiger.\" \/>\n<meta name=\"robots\" content=\"index, follow, max-snippet:-1, max-image-preview:large, max-video-preview:-1\" \/>\n<link rel=\"canonical\" href=\"https:\/\/www.organisator.ch\/de\/management\/2022-08-05\/fuehren-ohne-weisungsbefugnis-lernen\/\" \/>\n<meta property=\"og:locale\" content=\"de_DE\" \/>\n<meta property=\"og:type\" content=\"article\" \/>\n<meta property=\"og:title\" content=\"F\u00fchren ohne Weisungsbefugnis lernen\" \/>\n<meta property=\"og:description\" content=\"In komplexen Arbeitsstrukturen und -beziehungen in den Unternehmen wird auch F\u00fchrung ohne Weisungsbefugnis immer wichtiger.\" \/>\n<meta property=\"og:url\" content=\"https:\/\/www.organisator.ch\/de\/management\/2022-08-05\/fuehren-ohne-weisungsbefugnis-lernen\/\" \/>\n<meta property=\"og:site_name\" content=\"Organisator\" \/>\n<meta property=\"article:publisher\" content=\"https:\/\/www.facebook.com\/OrganisatorFachmagazin\" \/>\n<meta property=\"article:published_time\" content=\"2022-08-05T06:00:22+00:00\" \/>\n<meta property=\"article:modified_time\" content=\"2022-08-16T14:53:09+00:00\" \/>\n<meta property=\"og:image\" content=\"https:\/\/www.organisator.ch\/wp-content\/uploads\/2022\/08\/Fuhren-ohne-Weisungsbefugnis-lernen_Organisator.jpg\" \/>\n\t<meta property=\"og:image:width\" content=\"680\" \/>\n\t<meta property=\"og:image:height\" content=\"395\" \/>\n\t<meta property=\"og:image:type\" content=\"image\/jpeg\" \/>\n<meta name=\"author\" content=\"thomas.berner\" \/>\n<meta name=\"twitter:card\" content=\"summary_large_image\" \/>\n<meta name=\"twitter:title\" content=\"F\u00fchren ohne #Weisungsbefugnis lernen\" \/>\n<meta name=\"twitter:description\" content=\"In komplexen #Arbeitsstrukturen und -beziehungen in den Unternehmen wird auch #F\u00fchrung ohne #Weisungsbefugnis immer wichtiger.\" \/>\n<meta name=\"twitter:image\" content=\"https:\/\/www.organisator.ch\/wp-content\/uploads\/2022\/08\/Fuhren-ohne-Weisungsbefugnis-lernen_Organisator.jpg\" \/>\n<script type=\"application\/ld+json\" class=\"yoast-schema-graph\">{\"@context\":\"https:\\\/\\\/schema.org\",\"@graph\":[{\"@type\":\"Article\",\"@id\":\"https:\\\/\\\/www.organisator.ch\\\/management\\\/2022-08-05\\\/fuehren-ohne-weisungsbefugnis-lernen\\\/#article\",\"isPartOf\":{\"@id\":\"https:\\\/\\\/www.organisator.ch\\\/management\\\/2022-08-05\\\/fuehren-ohne-weisungsbefugnis-lernen\\\/\"},\"author\":{\"name\":\"thomas.berner\",\"@id\":\"https:\\\/\\\/www.organisator.ch\\\/#\\\/schema\\\/person\\\/6f650f90b2842cd4c0cc334b4e36f67e\"},\"headline\":\"F\u00fchren ohne Weisungsbefugnis lernen\",\"datePublished\":\"2022-08-05T06:00:22+00:00\",\"dateModified\":\"2022-08-16T14:53:09+00:00\",\"mainEntityOfPage\":{\"@id\":\"https:\\\/\\\/www.organisator.ch\\\/management\\\/2022-08-05\\\/fuehren-ohne-weisungsbefugnis-lernen\\\/\"},\"wordCount\":751,\"publisher\":{\"@id\":\"https:\\\/\\\/www.organisator.ch\\\/#organization\"},\"image\":{\"@id\":\"https:\\\/\\\/www.organisator.ch\\\/management\\\/2022-08-05\\\/fuehren-ohne-weisungsbefugnis-lernen\\\/#primaryimage\"},\"thumbnailUrl\":\"https:\\\/\\\/www.organisator.ch\\\/wp-content\\\/uploads\\\/2022\\\/08\\\/Fuhren-ohne-Weisungsbefugnis-lernen_Organisator.jpg\",\"keywords\":[\"Checklisten\",\"Leadership\",\"Management und Unternehmensf\u00fchrung\"],\"articleSection\":[\"MANAGEMENT\"],\"inLanguage\":\"de\"},{\"@type\":\"WebPage\",\"@id\":\"https:\\\/\\\/www.organisator.ch\\\/management\\\/2022-08-05\\\/fuehren-ohne-weisungsbefugnis-lernen\\\/\",\"url\":\"https:\\\/\\\/www.organisator.ch\\\/management\\\/2022-08-05\\\/fuehren-ohne-weisungsbefugnis-lernen\\\/\",\"name\":\"F\u00fchren ohne Weisungsbefugnis lernen - Organisator\",\"isPartOf\":{\"@id\":\"https:\\\/\\\/www.organisator.ch\\\/#website\"},\"primaryImageOfPage\":{\"@id\":\"https:\\\/\\\/www.organisator.ch\\\/management\\\/2022-08-05\\\/fuehren-ohne-weisungsbefugnis-lernen\\\/#primaryimage\"},\"image\":{\"@id\":\"https:\\\/\\\/www.organisator.ch\\\/management\\\/2022-08-05\\\/fuehren-ohne-weisungsbefugnis-lernen\\\/#primaryimage\"},\"thumbnailUrl\":\"https:\\\/\\\/www.organisator.ch\\\/wp-content\\\/uploads\\\/2022\\\/08\\\/Fuhren-ohne-Weisungsbefugnis-lernen_Organisator.jpg\",\"datePublished\":\"2022-08-05T06:00:22+00:00\",\"dateModified\":\"2022-08-16T14:53:09+00:00\",\"description\":\"In komplexen Arbeitsstrukturen und -beziehungen in den Unternehmen wird auch F\u00fchrung ohne Weisungsbefugnis immer wichtiger.\",\"breadcrumb\":{\"@id\":\"https:\\\/\\\/www.organisator.ch\\\/management\\\/2022-08-05\\\/fuehren-ohne-weisungsbefugnis-lernen\\\/#breadcrumb\"},\"inLanguage\":\"de\",\"potentialAction\":[{\"@type\":\"ReadAction\",\"target\":[\"https:\\\/\\\/www.organisator.ch\\\/management\\\/2022-08-05\\\/fuehren-ohne-weisungsbefugnis-lernen\\\/\"]}]},{\"@type\":\"ImageObject\",\"inLanguage\":\"de\",\"@id\":\"https:\\\/\\\/www.organisator.ch\\\/management\\\/2022-08-05\\\/fuehren-ohne-weisungsbefugnis-lernen\\\/#primaryimage\",\"url\":\"https:\\\/\\\/www.organisator.ch\\\/wp-content\\\/uploads\\\/2022\\\/08\\\/Fuhren-ohne-Weisungsbefugnis-lernen_Organisator.jpg\",\"contentUrl\":\"https:\\\/\\\/www.organisator.ch\\\/wp-content\\\/uploads\\\/2022\\\/08\\\/Fuhren-ohne-Weisungsbefugnis-lernen_Organisator.jpg\"},{\"@type\":\"BreadcrumbList\",\"@id\":\"https:\\\/\\\/www.organisator.ch\\\/management\\\/2022-08-05\\\/fuehren-ohne-weisungsbefugnis-lernen\\\/#breadcrumb\",\"itemListElement\":[{\"@type\":\"ListItem\",\"position\":1,\"name\":\"Home\",\"item\":\"https:\\\/\\\/www.organisator.ch\\\/\"},{\"@type\":\"ListItem\",\"position\":2,\"name\":\"F\u00fchren ohne Weisungsbefugnis lernen\"}]},{\"@type\":\"WebSite\",\"@id\":\"https:\\\/\\\/www.organisator.ch\\\/#website\",\"url\":\"https:\\\/\\\/www.organisator.ch\\\/\",\"name\":\"Organisator\",\"description\":\"Kompetent. Praxisnah. Der ORGANISATOR bereitet in 10 Ausgaben pro Jahr die wesentlichen Themen f\u00fcr F\u00fchrungskr\u00e4fte von KMU auf.\",\"publisher\":{\"@id\":\"https:\\\/\\\/www.organisator.ch\\\/#organization\"},\"potentialAction\":[{\"@type\":\"SearchAction\",\"target\":{\"@type\":\"EntryPoint\",\"urlTemplate\":\"https:\\\/\\\/www.organisator.ch\\\/?s={search_term_string}\"},\"query-input\":{\"@type\":\"PropertyValueSpecification\",\"valueRequired\":true,\"valueName\":\"search_term_string\"}}],\"inLanguage\":\"de\"},{\"@type\":\"Organization\",\"@id\":\"https:\\\/\\\/www.organisator.ch\\\/#organization\",\"name\":\"Organisator\",\"url\":\"https:\\\/\\\/www.organisator.ch\\\/\",\"logo\":{\"@type\":\"ImageObject\",\"inLanguage\":\"de\",\"@id\":\"https:\\\/\\\/www.organisator.ch\\\/#\\\/schema\\\/logo\\\/image\\\/\",\"url\":\"https:\\\/\\\/www.organisator.ch\\\/wp-content\\\/uploads\\\/2022\\\/01\\\/Logo_Organisator_Website.png\",\"contentUrl\":\"https:\\\/\\\/www.organisator.ch\\\/wp-content\\\/uploads\\\/2022\\\/01\\\/Logo_Organisator_Website.png\",\"width\":800,\"height\":77,\"caption\":\"Organisator\"},\"image\":{\"@id\":\"https:\\\/\\\/www.organisator.ch\\\/#\\\/schema\\\/logo\\\/image\\\/\"},\"sameAs\":[\"https:\\\/\\\/www.facebook.com\\\/OrganisatorFachmagazin\",\"https:\\\/\\\/www.linkedin.com\\\/showcase\\\/organisator-das-magazin-fr-kmu\",\"https:\\\/\\\/www.xing.com\\\/news\\\/pages\\\/organisator-ch-695\",\"https:\\\/\\\/www.youtube.com\\\/channel\\\/UCGP2Sq0iWaZwT3BdIAQFYpw\"]},{\"@type\":\"Person\",\"@id\":\"https:\\\/\\\/www.organisator.ch\\\/#\\\/schema\\\/person\\\/6f650f90b2842cd4c0cc334b4e36f67e\",\"name\":\"thomas.berner\",\"image\":{\"@type\":\"ImageObject\",\"inLanguage\":\"de\",\"@id\":\"https:\\\/\\\/secure.gravatar.com\\\/avatar\\\/ac5001d2a36cb6c6cd3e50789007ffca834b477b74a2144564522e944eabff61?s=96&d=mm&r=g\",\"url\":\"https:\\\/\\\/secure.gravatar.com\\\/avatar\\\/ac5001d2a36cb6c6cd3e50789007ffca834b477b74a2144564522e944eabff61?s=96&d=mm&r=g\",\"contentUrl\":\"https:\\\/\\\/secure.gravatar.com\\\/avatar\\\/ac5001d2a36cb6c6cd3e50789007ffca834b477b74a2144564522e944eabff61?s=96&d=mm&r=g\",\"caption\":\"thomas.berner\"},\"url\":\"https:\\\/\\\/www.organisator.ch\\\/de\\\/author\\\/thomas-berner\\\/\"}]}<\/script>\n<!-- \/ Yoast SEO plugin. -->","yoast_head_json":{"title":"F\u00fchren ohne Weisungsbefugnis lernen - Organisator","description":"In komplexen Arbeitsstrukturen und -beziehungen in den Unternehmen wird auch F\u00fchrung ohne Weisungsbefugnis immer wichtiger.","robots":{"index":"index","follow":"follow","max-snippet":"max-snippet:-1","max-image-preview":"max-image-preview:large","max-video-preview":"max-video-preview:-1"},"canonical":"https:\/\/www.organisator.ch\/de\/management\/2022-08-05\/fuehren-ohne-weisungsbefugnis-lernen\/","og_locale":"de_DE","og_type":"article","og_title":"F\u00fchren ohne Weisungsbefugnis lernen","og_description":"In komplexen Arbeitsstrukturen und -beziehungen in den Unternehmen wird auch F\u00fchrung ohne Weisungsbefugnis immer wichtiger.","og_url":"https:\/\/www.organisator.ch\/de\/management\/2022-08-05\/fuehren-ohne-weisungsbefugnis-lernen\/","og_site_name":"Organisator","article_publisher":"https:\/\/www.facebook.com\/OrganisatorFachmagazin","article_published_time":"2022-08-05T06:00:22+00:00","article_modified_time":"2022-08-16T14:53:09+00:00","og_image":[{"width":680,"height":395,"url":"https:\/\/www.organisator.ch\/wp-content\/uploads\/2022\/08\/Fuhren-ohne-Weisungsbefugnis-lernen_Organisator.jpg","type":"image\/jpeg"}],"author":"thomas.berner","twitter_card":"summary_large_image","twitter_title":"F\u00fchren ohne #Weisungsbefugnis lernen","twitter_description":"In komplexen #Arbeitsstrukturen und -beziehungen in den Unternehmen wird auch #F\u00fchrung ohne #Weisungsbefugnis immer wichtiger.","twitter_image":"https:\/\/www.organisator.ch\/wp-content\/uploads\/2022\/08\/Fuhren-ohne-Weisungsbefugnis-lernen_Organisator.jpg","schema":{"@context":"https:\/\/schema.org","@graph":[{"@type":"Article","@id":"https:\/\/www.organisator.ch\/management\/2022-08-05\/fuehren-ohne-weisungsbefugnis-lernen\/#article","isPartOf":{"@id":"https:\/\/www.organisator.ch\/management\/2022-08-05\/fuehren-ohne-weisungsbefugnis-lernen\/"},"author":{"name":"thomas.berner","@id":"https:\/\/www.organisator.ch\/#\/schema\/person\/6f650f90b2842cd4c0cc334b4e36f67e"},"headline":"F\u00fchren ohne Weisungsbefugnis lernen","datePublished":"2022-08-05T06:00:22+00:00","dateModified":"2022-08-16T14:53:09+00:00","mainEntityOfPage":{"@id":"https:\/\/www.organisator.ch\/management\/2022-08-05\/fuehren-ohne-weisungsbefugnis-lernen\/"},"wordCount":751,"publisher":{"@id":"https:\/\/www.organisator.ch\/#organization"},"image":{"@id":"https:\/\/www.organisator.ch\/management\/2022-08-05\/fuehren-ohne-weisungsbefugnis-lernen\/#primaryimage"},"thumbnailUrl":"https:\/\/www.organisator.ch\/wp-content\/uploads\/2022\/08\/Fuhren-ohne-Weisungsbefugnis-lernen_Organisator.jpg","keywords":["Checklisten","Leadership","Management und Unternehmensf\u00fchrung"],"articleSection":["MANAGEMENT"],"inLanguage":"de"},{"@type":"WebPage","@id":"https:\/\/www.organisator.ch\/management\/2022-08-05\/fuehren-ohne-weisungsbefugnis-lernen\/","url":"https:\/\/www.organisator.ch\/management\/2022-08-05\/fuehren-ohne-weisungsbefugnis-lernen\/","name":"F\u00fchren ohne Weisungsbefugnis lernen - Organisator","isPartOf":{"@id":"https:\/\/www.organisator.ch\/#website"},"primaryImageOfPage":{"@id":"https:\/\/www.organisator.ch\/management\/2022-08-05\/fuehren-ohne-weisungsbefugnis-lernen\/#primaryimage"},"image":{"@id":"https:\/\/www.organisator.ch\/management\/2022-08-05\/fuehren-ohne-weisungsbefugnis-lernen\/#primaryimage"},"thumbnailUrl":"https:\/\/www.organisator.ch\/wp-content\/uploads\/2022\/08\/Fuhren-ohne-Weisungsbefugnis-lernen_Organisator.jpg","datePublished":"2022-08-05T06:00:22+00:00","dateModified":"2022-08-16T14:53:09+00:00","description":"In komplexen Arbeitsstrukturen und -beziehungen in den Unternehmen wird auch F\u00fchrung ohne Weisungsbefugnis immer wichtiger.","breadcrumb":{"@id":"https:\/\/www.organisator.ch\/management\/2022-08-05\/fuehren-ohne-weisungsbefugnis-lernen\/#breadcrumb"},"inLanguage":"de","potentialAction":[{"@type":"ReadAction","target":["https:\/\/www.organisator.ch\/management\/2022-08-05\/fuehren-ohne-weisungsbefugnis-lernen\/"]}]},{"@type":"ImageObject","inLanguage":"de","@id":"https:\/\/www.organisator.ch\/management\/2022-08-05\/fuehren-ohne-weisungsbefugnis-lernen\/#primaryimage","url":"https:\/\/www.organisator.ch\/wp-content\/uploads\/2022\/08\/Fuhren-ohne-Weisungsbefugnis-lernen_Organisator.jpg","contentUrl":"https:\/\/www.organisator.ch\/wp-content\/uploads\/2022\/08\/Fuhren-ohne-Weisungsbefugnis-lernen_Organisator.jpg"},{"@type":"BreadcrumbList","@id":"https:\/\/www.organisator.ch\/management\/2022-08-05\/fuehren-ohne-weisungsbefugnis-lernen\/#breadcrumb","itemListElement":[{"@type":"ListItem","position":1,"name":"Home","item":"https:\/\/www.organisator.ch\/"},{"@type":"ListItem","position":2,"name":"F\u00fchren ohne Weisungsbefugnis lernen"}]},{"@type":"WebSite","@id":"https:\/\/www.organisator.ch\/#website","url":"https:\/\/www.organisator.ch\/","name":"Organisator","description":"Kompetent. Praxisnah. Der ORGANISATOR bereitet in 10 Ausgaben pro Jahr die wesentlichen Themen f\u00fcr F\u00fchrungskr\u00e4fte von KMU auf.","publisher":{"@id":"https:\/\/www.organisator.ch\/#organization"},"potentialAction":[{"@type":"SearchAction","target":{"@type":"EntryPoint","urlTemplate":"https:\/\/www.organisator.ch\/?s={search_term_string}"},"query-input":{"@type":"PropertyValueSpecification","valueRequired":true,"valueName":"search_term_string"}}],"inLanguage":"de"},{"@type":"Organization","@id":"https:\/\/www.organisator.ch\/#organization","name":"Organisator","url":"https:\/\/www.organisator.ch\/","logo":{"@type":"ImageObject","inLanguage":"de","@id":"https:\/\/www.organisator.ch\/#\/schema\/logo\/image\/","url":"https:\/\/www.organisator.ch\/wp-content\/uploads\/2022\/01\/Logo_Organisator_Website.png","contentUrl":"https:\/\/www.organisator.ch\/wp-content\/uploads\/2022\/01\/Logo_Organisator_Website.png","width":800,"height":77,"caption":"Organisator"},"image":{"@id":"https:\/\/www.organisator.ch\/#\/schema\/logo\/image\/"},"sameAs":["https:\/\/www.facebook.com\/OrganisatorFachmagazin","https:\/\/www.linkedin.com\/showcase\/organisator-das-magazin-fr-kmu","https:\/\/www.xing.com\/news\/pages\/organisator-ch-695","https:\/\/www.youtube.com\/channel\/UCGP2Sq0iWaZwT3BdIAQFYpw"]},{"@type":"Person","@id":"https:\/\/www.organisator.ch\/#\/schema\/person\/6f650f90b2842cd4c0cc334b4e36f67e","name":"thomas.berner","image":{"@type":"ImageObject","inLanguage":"de","@id":"https:\/\/secure.gravatar.com\/avatar\/ac5001d2a36cb6c6cd3e50789007ffca834b477b74a2144564522e944eabff61?s=96&d=mm&r=g","url":"https:\/\/secure.gravatar.com\/avatar\/ac5001d2a36cb6c6cd3e50789007ffca834b477b74a2144564522e944eabff61?s=96&d=mm&r=g","contentUrl":"https:\/\/secure.gravatar.com\/avatar\/ac5001d2a36cb6c6cd3e50789007ffca834b477b74a2144564522e944eabff61?s=96&d=mm&r=g","caption":"thomas.berner"},"url":"https:\/\/www.organisator.ch\/de\/author\/thomas-berner\/"}]}},"_links":{"self":[{"href":"https:\/\/www.organisator.ch\/de\/wp-json\/wp\/v2\/posts\/16359","targetHints":{"allow":["GET"]}}],"collection":[{"href":"https:\/\/www.organisator.ch\/de\/wp-json\/wp\/v2\/posts"}],"about":[{"href":"https:\/\/www.organisator.ch\/de\/wp-json\/wp\/v2\/types\/post"}],"author":[{"embeddable":true,"href":"https:\/\/www.organisator.ch\/de\/wp-json\/wp\/v2\/users\/4"}],"replies":[{"embeddable":true,"href":"https:\/\/www.organisator.ch\/de\/wp-json\/wp\/v2\/comments?post=16359"}],"version-history":[{"count":1,"href":"https:\/\/www.organisator.ch\/de\/wp-json\/wp\/v2\/posts\/16359\/revisions"}],"predecessor-version":[{"id":16361,"href":"https:\/\/www.organisator.ch\/de\/wp-json\/wp\/v2\/posts\/16359\/revisions\/16361"}],"wp:attachment":[{"href":"https:\/\/www.organisator.ch\/de\/wp-json\/wp\/v2\/media?parent=16359"}],"wp:term":[{"taxonomy":"category","embeddable":true,"href":"https:\/\/www.organisator.ch\/de\/wp-json\/wp\/v2\/categories?post=16359"},{"taxonomy":"post_tag","embeddable":true,"href":"https:\/\/www.organisator.ch\/de\/wp-json\/wp\/v2\/tags?post=16359"}],"curies":[{"name":"wp","href":"https:\/\/api.w.org\/{rel}","templated":true}]}}