{"id":16362,"date":"2022-08-08T05:12:53","date_gmt":"2022-08-08T03:12:53","guid":{"rendered":"https:\/\/www.organisator.ch\/?p=16362"},"modified":"2022-08-05T15:25:51","modified_gmt":"2022-08-05T13:25:51","slug":"oliver-lyoth-wird-neuer-ceo-der-five-informatik-ag","status":"publish","type":"post","link":"https:\/\/www.organisator.ch\/de\/management\/2022-08-08\/oliver-lyoth-wird-neuer-ceo-der-five-informatik-ag\/","title":{"rendered":"Oliver Lyoth wird neuer CEO der FIVE Informatik AG"},"content":{"rendered":"<figure id=\"attachment_16363\" aria-describedby=\"caption-attachment-16363\" style=\"width: 680px\" class=\"wp-caption alignnone\"><img loading=\"lazy\" decoding=\"async\" class=\"size-full wp-image-16363\" src=\"https:\/\/www.organisator.ch\/wp-content\/uploads\/2022\/08\/Oliver-Lyoth-wird-neuer-CEO-der-FIVE-Informatik-AG_Organisator.jpg\" alt=\"\" width=\"680\" height=\"350\" srcset=\"https:\/\/www.organisator.ch\/wp-content\/uploads\/2022\/08\/Oliver-Lyoth-wird-neuer-CEO-der-FIVE-Informatik-AG_Organisator.jpg 680w, https:\/\/www.organisator.ch\/wp-content\/uploads\/2022\/08\/Oliver-Lyoth-wird-neuer-CEO-der-FIVE-Informatik-AG_Organisator-18x9.jpg 18w, https:\/\/www.organisator.ch\/wp-content\/uploads\/2022\/08\/Oliver-Lyoth-wird-neuer-CEO-der-FIVE-Informatik-AG_Organisator-340x175.jpg 340w, https:\/\/www.organisator.ch\/wp-content\/uploads\/2022\/08\/Oliver-Lyoth-wird-neuer-CEO-der-FIVE-Informatik-AG_Organisator-300x154.jpg 300w\" sizes=\"auto, (max-width: 680px) 100vw, 680px\" \/><figcaption id=\"caption-attachment-16363\" class=\"wp-caption-text\">Oliver Lyoth (links) tritt bei FIVE Informatik AG die Nachfolge von Ulrich Tschanz an. (Bild: zVg)<\/figcaption><\/figure>\n<p>Die FIVE Informatik AG ist zusammen mit der TaxWare AG und der ALAN Software AG Teil der in Sch\u00f6nb\u00fchl BE domizilierten FIVE Gruppe. Das Portfolio der Unternehmensgruppe erstreckt sich von Digitalisierungs-L\u00f6sungen, der Optimierung und Automatisierung von Gesch\u00e4ftsprozessen, \u00fcber Infrastruktur und IT-Services bis hin zu branchenspezifischen Softwarel\u00f6sungen wie TaxWare f\u00fcr die Steuer- und Vorsorgeberatung oder ALAN, einem ERP f\u00fcr Advokaturen und Notariate.<\/p>\n<p>\u00abVor 35 Jahren wurden die Grundsteine f\u00fcr die FIVE gelegt, welche sich seitdem unter meiner F\u00fchrung erfolgreich in der IT-Branche behauptet.\u00bb, betont Ulrich Tschanz, heutiger CEO und Verwaltungsratsmitglied der FIVE Gruppe. \u00abNun r\u00fcckt die Zeit n\u00e4her, die Geschicke der Firma in neue H\u00e4nde zu \u00fcbergeben. Es freut mich, mit Oliver Lyoth einen \u00e4usserst kompetenten und empathischen Nachfolger engagieren zu k\u00f6nnen. Der Verwaltungsrat, das Management und die ganze FIVE-Belegschaft freuen sich auf die Zusammenarbeit mit ihm.\u00bb<\/p>\n<p>Oliver Lyoth tritt nach \u00fcber 20 Jahren Management-Funktionen in der T-Systems Schweiz AG per 1. September 2022 in das Unternehmen ein und \u00fcbernimmt per 1. Januar 2023 die operative und strategische Gesch\u00e4ftsf\u00fchrung von Ulrich Tschanz. \u00abIch bedanke mich f\u00fcr das in mich gesetzte Vertrauen und freue mich auf die neue Herausforderung.\u00bb, erkl\u00e4rt der designierte CEO. \u00abGerne werde ich mein Wissen und Engagement einbringen und zusammen mit dem Team die FIVE Gruppe in die Zukunft f\u00fchren.\u00bb Ulrich Tschanz wird dem Unternehmen ab 2023 weiterhin f\u00fcr dedizierte Projekte sowie als Verwaltungsratsmitglied zur Verf\u00fcgung stehen.<\/p>\n<p><em>Quelle: <a href=\"https:\/\/www.fiveinfo.ch\/\">FIVE Informatik<\/a><\/em><\/p>\n","protected":false},"excerpt":{"rendered":"<p>Die FIVE Informatik AG ist zusammen mit der TaxWare AG und der ALAN Software AG Teil der in Sch\u00f6nb\u00fchl BE domizilierten FIVE Gruppe. Das Portfolio der Unternehmensgruppe erstreckt sich von Digitalisierungs-L\u00f6sungen, der Optimierung und Automatisierung von Gesch\u00e4ftsprozessen, \u00fcber Infrastruktur und IT-Services bis hin zu branchenspezifischen Softwarel\u00f6sungen wie TaxWare f\u00fcr die Steuer- und Vorsorgeberatung oder ALAN, [&hellip;]<\/p>\n","protected":false},"author":4,"featured_media":16363,"comment_status":"closed","ping_status":"closed","sticky":false,"template":"","format":"standard","meta":{"_acf_changed":false,"_yoast_wpseo_focuskw":"Oliver Lyoth","_yoast_wpseo_metadesc":"Oliver Lyoth tritt am 1. September 2022 in die FIVE Informatik AG ein und \u00fcbernimmt ab 1. Januar 2023 die gesamte Gesch\u00e4ftsf\u00fchrung.","articlekey":"","footnotes":""},"categories":[28],"tags":[286,357,381,492],"class_list":["post-16362","post","type-post","status-publish","format-standard","has-post-thumbnail","hentry","category-management","tag-it","tag-nachfolgeregelung","tag-personalia","tag-unternehmen"],"acf":[],"yoast_head":"<!-- This site is optimized with the Yoast SEO plugin v27.5 - https:\/\/yoast.com\/product\/yoast-seo-wordpress\/ -->\n<title>Oliver Lyoth wird neuer CEO der FIVE Informatik AG - Organisator<\/title>\n<meta name=\"description\" content=\"Oliver Lyoth tritt am 1. September 2022 in die FIVE Informatik AG ein und \u00fcbernimmt ab 1. Januar 2023 die gesamte Gesch\u00e4ftsf\u00fchrung.\" \/>\n<meta name=\"robots\" content=\"index, follow, max-snippet:-1, max-image-preview:large, max-video-preview:-1\" \/>\n<link rel=\"canonical\" href=\"https:\/\/www.organisator.ch\/de\/management\/2022-08-08\/oliver-lyoth-wird-neuer-ceo-der-five-informatik-ag\/\" \/>\n<meta property=\"og:locale\" content=\"de_DE\" \/>\n<meta property=\"og:type\" content=\"article\" \/>\n<meta property=\"og:title\" content=\"Oliver Lyoth wird neuer CEO der FIVE Informatik AG\" \/>\n<meta property=\"og:description\" content=\"Oliver Lyoth tritt am 1. September 2022 in die FIVE Informatik AG ein und \u00fcbernimmt ab 1. Januar 2023 die gesamte Gesch\u00e4ftsf\u00fchrung.\" \/>\n<meta property=\"og:url\" content=\"https:\/\/www.organisator.ch\/de\/management\/2022-08-08\/oliver-lyoth-wird-neuer-ceo-der-five-informatik-ag\/\" \/>\n<meta property=\"og:site_name\" content=\"Organisator\" \/>\n<meta property=\"article:publisher\" content=\"https:\/\/www.facebook.com\/OrganisatorFachmagazin\" \/>\n<meta property=\"article:published_time\" content=\"2022-08-08T03:12:53+00:00\" \/>\n<meta property=\"og:image\" content=\"https:\/\/www.organisator.ch\/wp-content\/uploads\/2022\/08\/Oliver-Lyoth-wird-neuer-CEO-der-FIVE-Informatik-AG_Organisator.jpg\" \/>\n\t<meta property=\"og:image:width\" content=\"680\" \/>\n\t<meta property=\"og:image:height\" content=\"350\" \/>\n\t<meta property=\"og:image:type\" content=\"image\/jpeg\" \/>\n<meta name=\"author\" content=\"thomas.berner\" \/>\n<meta name=\"twitter:card\" content=\"summary_large_image\" \/>\n<meta name=\"twitter:title\" content=\"Oliver #Lyoth wird neuer CEO der #FIVE Informatik AG\" \/>\n<meta name=\"twitter:description\" content=\"Oliver #Lyoth tritt am 1. September 2022 in die #FIVE Informatik AG ein und \u00fcbernimmt ab 1. Januar 2023 die gesamte #Gesch\u00e4ftsf\u00fchrung.\" \/>\n<meta name=\"twitter:image\" content=\"https:\/\/www.organisator.ch\/wp-content\/uploads\/2022\/08\/Oliver-Lyoth-wird-neuer-CEO-der-FIVE-Informatik-AG_Organisator.jpg\" \/>\n<script type=\"application\/ld+json\" class=\"yoast-schema-graph\">{\"@context\":\"https:\\\/\\\/schema.org\",\"@graph\":[{\"@type\":\"Article\",\"@id\":\"https:\\\/\\\/www.organisator.ch\\\/management\\\/2022-08-08\\\/oliver-lyoth-wird-neuer-ceo-der-five-informatik-ag\\\/#article\",\"isPartOf\":{\"@id\":\"https:\\\/\\\/www.organisator.ch\\\/management\\\/2022-08-08\\\/oliver-lyoth-wird-neuer-ceo-der-five-informatik-ag\\\/\"},\"author\":{\"name\":\"thomas.berner\",\"@id\":\"https:\\\/\\\/www.organisator.ch\\\/#\\\/schema\\\/person\\\/6f650f90b2842cd4c0cc334b4e36f67e\"},\"headline\":\"Oliver Lyoth wird neuer CEO der FIVE Informatik AG\",\"datePublished\":\"2022-08-08T03:12:53+00:00\",\"mainEntityOfPage\":{\"@id\":\"https:\\\/\\\/www.organisator.ch\\\/management\\\/2022-08-08\\\/oliver-lyoth-wird-neuer-ceo-der-five-informatik-ag\\\/\"},\"wordCount\":276,\"publisher\":{\"@id\":\"https:\\\/\\\/www.organisator.ch\\\/#organization\"},\"image\":{\"@id\":\"https:\\\/\\\/www.organisator.ch\\\/management\\\/2022-08-08\\\/oliver-lyoth-wird-neuer-ceo-der-five-informatik-ag\\\/#primaryimage\"},\"thumbnailUrl\":\"https:\\\/\\\/www.organisator.ch\\\/wp-content\\\/uploads\\\/2022\\\/08\\\/Oliver-Lyoth-wird-neuer-CEO-der-FIVE-Informatik-AG_Organisator.jpg\",\"keywords\":[\"IT\",\"Nachfolgeregelung\",\"Personalia\",\"Unternehmen\"],\"articleSection\":[\"MANAGEMENT\"],\"inLanguage\":\"de\"},{\"@type\":\"WebPage\",\"@id\":\"https:\\\/\\\/www.organisator.ch\\\/management\\\/2022-08-08\\\/oliver-lyoth-wird-neuer-ceo-der-five-informatik-ag\\\/\",\"url\":\"https:\\\/\\\/www.organisator.ch\\\/management\\\/2022-08-08\\\/oliver-lyoth-wird-neuer-ceo-der-five-informatik-ag\\\/\",\"name\":\"Oliver Lyoth wird neuer CEO der FIVE Informatik AG - Organisator\",\"isPartOf\":{\"@id\":\"https:\\\/\\\/www.organisator.ch\\\/#website\"},\"primaryImageOfPage\":{\"@id\":\"https:\\\/\\\/www.organisator.ch\\\/management\\\/2022-08-08\\\/oliver-lyoth-wird-neuer-ceo-der-five-informatik-ag\\\/#primaryimage\"},\"image\":{\"@id\":\"https:\\\/\\\/www.organisator.ch\\\/management\\\/2022-08-08\\\/oliver-lyoth-wird-neuer-ceo-der-five-informatik-ag\\\/#primaryimage\"},\"thumbnailUrl\":\"https:\\\/\\\/www.organisator.ch\\\/wp-content\\\/uploads\\\/2022\\\/08\\\/Oliver-Lyoth-wird-neuer-CEO-der-FIVE-Informatik-AG_Organisator.jpg\",\"datePublished\":\"2022-08-08T03:12:53+00:00\",\"description\":\"Oliver Lyoth tritt am 1. September 2022 in die FIVE Informatik AG ein und \u00fcbernimmt ab 1. Januar 2023 die gesamte Gesch\u00e4ftsf\u00fchrung.\",\"breadcrumb\":{\"@id\":\"https:\\\/\\\/www.organisator.ch\\\/management\\\/2022-08-08\\\/oliver-lyoth-wird-neuer-ceo-der-five-informatik-ag\\\/#breadcrumb\"},\"inLanguage\":\"de\",\"potentialAction\":[{\"@type\":\"ReadAction\",\"target\":[\"https:\\\/\\\/www.organisator.ch\\\/management\\\/2022-08-08\\\/oliver-lyoth-wird-neuer-ceo-der-five-informatik-ag\\\/\"]}]},{\"@type\":\"ImageObject\",\"inLanguage\":\"de\",\"@id\":\"https:\\\/\\\/www.organisator.ch\\\/management\\\/2022-08-08\\\/oliver-lyoth-wird-neuer-ceo-der-five-informatik-ag\\\/#primaryimage\",\"url\":\"https:\\\/\\\/www.organisator.ch\\\/wp-content\\\/uploads\\\/2022\\\/08\\\/Oliver-Lyoth-wird-neuer-CEO-der-FIVE-Informatik-AG_Organisator.jpg\",\"contentUrl\":\"https:\\\/\\\/www.organisator.ch\\\/wp-content\\\/uploads\\\/2022\\\/08\\\/Oliver-Lyoth-wird-neuer-CEO-der-FIVE-Informatik-AG_Organisator.jpg\",\"width\":680,\"height\":350,\"caption\":\"Oliver Lyoth (links) tritt bei FIVE Informatik AG die Nachfolge von Ulrich Tschanz an. (Bild: zVg)\"},{\"@type\":\"BreadcrumbList\",\"@id\":\"https:\\\/\\\/www.organisator.ch\\\/management\\\/2022-08-08\\\/oliver-lyoth-wird-neuer-ceo-der-five-informatik-ag\\\/#breadcrumb\",\"itemListElement\":[{\"@type\":\"ListItem\",\"position\":1,\"name\":\"Home\",\"item\":\"https:\\\/\\\/www.organisator.ch\\\/\"},{\"@type\":\"ListItem\",\"position\":2,\"name\":\"Oliver Lyoth wird neuer CEO der FIVE Informatik AG\"}]},{\"@type\":\"WebSite\",\"@id\":\"https:\\\/\\\/www.organisator.ch\\\/#website\",\"url\":\"https:\\\/\\\/www.organisator.ch\\\/\",\"name\":\"Organisator\",\"description\":\"Kompetent. Praxisnah. Der ORGANISATOR bereitet in 10 Ausgaben pro Jahr die wesentlichen Themen f\u00fcr F\u00fchrungskr\u00e4fte von KMU auf.\",\"publisher\":{\"@id\":\"https:\\\/\\\/www.organisator.ch\\\/#organization\"},\"potentialAction\":[{\"@type\":\"SearchAction\",\"target\":{\"@type\":\"EntryPoint\",\"urlTemplate\":\"https:\\\/\\\/www.organisator.ch\\\/?s={search_term_string}\"},\"query-input\":{\"@type\":\"PropertyValueSpecification\",\"valueRequired\":true,\"valueName\":\"search_term_string\"}}],\"inLanguage\":\"de\"},{\"@type\":\"Organization\",\"@id\":\"https:\\\/\\\/www.organisator.ch\\\/#organization\",\"name\":\"Organisator\",\"url\":\"https:\\\/\\\/www.organisator.ch\\\/\",\"logo\":{\"@type\":\"ImageObject\",\"inLanguage\":\"de\",\"@id\":\"https:\\\/\\\/www.organisator.ch\\\/#\\\/schema\\\/logo\\\/image\\\/\",\"url\":\"https:\\\/\\\/www.organisator.ch\\\/wp-content\\\/uploads\\\/2022\\\/01\\\/Logo_Organisator_Website.png\",\"contentUrl\":\"https:\\\/\\\/www.organisator.ch\\\/wp-content\\\/uploads\\\/2022\\\/01\\\/Logo_Organisator_Website.png\",\"width\":800,\"height\":77,\"caption\":\"Organisator\"},\"image\":{\"@id\":\"https:\\\/\\\/www.organisator.ch\\\/#\\\/schema\\\/logo\\\/image\\\/\"},\"sameAs\":[\"https:\\\/\\\/www.facebook.com\\\/OrganisatorFachmagazin\",\"https:\\\/\\\/www.linkedin.com\\\/showcase\\\/organisator-das-magazin-fr-kmu\",\"https:\\\/\\\/www.xing.com\\\/news\\\/pages\\\/organisator-ch-695\",\"https:\\\/\\\/www.youtube.com\\\/channel\\\/UCGP2Sq0iWaZwT3BdIAQFYpw\"]},{\"@type\":\"Person\",\"@id\":\"https:\\\/\\\/www.organisator.ch\\\/#\\\/schema\\\/person\\\/6f650f90b2842cd4c0cc334b4e36f67e\",\"name\":\"thomas.berner\",\"image\":{\"@type\":\"ImageObject\",\"inLanguage\":\"de\",\"@id\":\"https:\\\/\\\/secure.gravatar.com\\\/avatar\\\/ac5001d2a36cb6c6cd3e50789007ffca834b477b74a2144564522e944eabff61?s=96&d=mm&r=g\",\"url\":\"https:\\\/\\\/secure.gravatar.com\\\/avatar\\\/ac5001d2a36cb6c6cd3e50789007ffca834b477b74a2144564522e944eabff61?s=96&d=mm&r=g\",\"contentUrl\":\"https:\\\/\\\/secure.gravatar.com\\\/avatar\\\/ac5001d2a36cb6c6cd3e50789007ffca834b477b74a2144564522e944eabff61?s=96&d=mm&r=g\",\"caption\":\"thomas.berner\"},\"url\":\"https:\\\/\\\/www.organisator.ch\\\/de\\\/author\\\/thomas-berner\\\/\"}]}<\/script>\n<!-- \/ Yoast SEO plugin. -->","yoast_head_json":{"title":"Oliver Lyoth wird neuer CEO der FIVE Informatik AG - Organisator","description":"Oliver Lyoth tritt am 1. September 2022 in die FIVE Informatik AG ein und \u00fcbernimmt ab 1. Januar 2023 die gesamte Gesch\u00e4ftsf\u00fchrung.","robots":{"index":"index","follow":"follow","max-snippet":"max-snippet:-1","max-image-preview":"max-image-preview:large","max-video-preview":"max-video-preview:-1"},"canonical":"https:\/\/www.organisator.ch\/de\/management\/2022-08-08\/oliver-lyoth-wird-neuer-ceo-der-five-informatik-ag\/","og_locale":"de_DE","og_type":"article","og_title":"Oliver Lyoth wird neuer CEO der FIVE Informatik AG","og_description":"Oliver Lyoth tritt am 1. September 2022 in die FIVE Informatik AG ein und \u00fcbernimmt ab 1. Januar 2023 die gesamte Gesch\u00e4ftsf\u00fchrung.","og_url":"https:\/\/www.organisator.ch\/de\/management\/2022-08-08\/oliver-lyoth-wird-neuer-ceo-der-five-informatik-ag\/","og_site_name":"Organisator","article_publisher":"https:\/\/www.facebook.com\/OrganisatorFachmagazin","article_published_time":"2022-08-08T03:12:53+00:00","og_image":[{"width":680,"height":350,"url":"https:\/\/www.organisator.ch\/wp-content\/uploads\/2022\/08\/Oliver-Lyoth-wird-neuer-CEO-der-FIVE-Informatik-AG_Organisator.jpg","type":"image\/jpeg"}],"author":"thomas.berner","twitter_card":"summary_large_image","twitter_title":"Oliver #Lyoth wird neuer CEO der #FIVE Informatik AG","twitter_description":"Oliver #Lyoth tritt am 1. September 2022 in die #FIVE Informatik AG ein und \u00fcbernimmt ab 1. Januar 2023 die gesamte #Gesch\u00e4ftsf\u00fchrung.","twitter_image":"https:\/\/www.organisator.ch\/wp-content\/uploads\/2022\/08\/Oliver-Lyoth-wird-neuer-CEO-der-FIVE-Informatik-AG_Organisator.jpg","schema":{"@context":"https:\/\/schema.org","@graph":[{"@type":"Article","@id":"https:\/\/www.organisator.ch\/management\/2022-08-08\/oliver-lyoth-wird-neuer-ceo-der-five-informatik-ag\/#article","isPartOf":{"@id":"https:\/\/www.organisator.ch\/management\/2022-08-08\/oliver-lyoth-wird-neuer-ceo-der-five-informatik-ag\/"},"author":{"name":"thomas.berner","@id":"https:\/\/www.organisator.ch\/#\/schema\/person\/6f650f90b2842cd4c0cc334b4e36f67e"},"headline":"Oliver Lyoth wird neuer CEO der FIVE Informatik AG","datePublished":"2022-08-08T03:12:53+00:00","mainEntityOfPage":{"@id":"https:\/\/www.organisator.ch\/management\/2022-08-08\/oliver-lyoth-wird-neuer-ceo-der-five-informatik-ag\/"},"wordCount":276,"publisher":{"@id":"https:\/\/www.organisator.ch\/#organization"},"image":{"@id":"https:\/\/www.organisator.ch\/management\/2022-08-08\/oliver-lyoth-wird-neuer-ceo-der-five-informatik-ag\/#primaryimage"},"thumbnailUrl":"https:\/\/www.organisator.ch\/wp-content\/uploads\/2022\/08\/Oliver-Lyoth-wird-neuer-CEO-der-FIVE-Informatik-AG_Organisator.jpg","keywords":["IT","Nachfolgeregelung","Personalia","Unternehmen"],"articleSection":["MANAGEMENT"],"inLanguage":"de"},{"@type":"WebPage","@id":"https:\/\/www.organisator.ch\/management\/2022-08-08\/oliver-lyoth-wird-neuer-ceo-der-five-informatik-ag\/","url":"https:\/\/www.organisator.ch\/management\/2022-08-08\/oliver-lyoth-wird-neuer-ceo-der-five-informatik-ag\/","name":"Oliver Lyoth wird neuer CEO der FIVE Informatik AG - Organisator","isPartOf":{"@id":"https:\/\/www.organisator.ch\/#website"},"primaryImageOfPage":{"@id":"https:\/\/www.organisator.ch\/management\/2022-08-08\/oliver-lyoth-wird-neuer-ceo-der-five-informatik-ag\/#primaryimage"},"image":{"@id":"https:\/\/www.organisator.ch\/management\/2022-08-08\/oliver-lyoth-wird-neuer-ceo-der-five-informatik-ag\/#primaryimage"},"thumbnailUrl":"https:\/\/www.organisator.ch\/wp-content\/uploads\/2022\/08\/Oliver-Lyoth-wird-neuer-CEO-der-FIVE-Informatik-AG_Organisator.jpg","datePublished":"2022-08-08T03:12:53+00:00","description":"Oliver Lyoth tritt am 1. September 2022 in die FIVE Informatik AG ein und \u00fcbernimmt ab 1. Januar 2023 die gesamte Gesch\u00e4ftsf\u00fchrung.","breadcrumb":{"@id":"https:\/\/www.organisator.ch\/management\/2022-08-08\/oliver-lyoth-wird-neuer-ceo-der-five-informatik-ag\/#breadcrumb"},"inLanguage":"de","potentialAction":[{"@type":"ReadAction","target":["https:\/\/www.organisator.ch\/management\/2022-08-08\/oliver-lyoth-wird-neuer-ceo-der-five-informatik-ag\/"]}]},{"@type":"ImageObject","inLanguage":"de","@id":"https:\/\/www.organisator.ch\/management\/2022-08-08\/oliver-lyoth-wird-neuer-ceo-der-five-informatik-ag\/#primaryimage","url":"https:\/\/www.organisator.ch\/wp-content\/uploads\/2022\/08\/Oliver-Lyoth-wird-neuer-CEO-der-FIVE-Informatik-AG_Organisator.jpg","contentUrl":"https:\/\/www.organisator.ch\/wp-content\/uploads\/2022\/08\/Oliver-Lyoth-wird-neuer-CEO-der-FIVE-Informatik-AG_Organisator.jpg","width":680,"height":350,"caption":"Oliver Lyoth (links) tritt bei FIVE Informatik AG die Nachfolge von Ulrich Tschanz an. (Bild: zVg)"},{"@type":"BreadcrumbList","@id":"https:\/\/www.organisator.ch\/management\/2022-08-08\/oliver-lyoth-wird-neuer-ceo-der-five-informatik-ag\/#breadcrumb","itemListElement":[{"@type":"ListItem","position":1,"name":"Home","item":"https:\/\/www.organisator.ch\/"},{"@type":"ListItem","position":2,"name":"Oliver Lyoth wird neuer CEO der FIVE Informatik AG"}]},{"@type":"WebSite","@id":"https:\/\/www.organisator.ch\/#website","url":"https:\/\/www.organisator.ch\/","name":"Organisator","description":"Kompetent. Praxisnah. Der ORGANISATOR bereitet in 10 Ausgaben pro Jahr die wesentlichen Themen f\u00fcr F\u00fchrungskr\u00e4fte von KMU auf.","publisher":{"@id":"https:\/\/www.organisator.ch\/#organization"},"potentialAction":[{"@type":"SearchAction","target":{"@type":"EntryPoint","urlTemplate":"https:\/\/www.organisator.ch\/?s={search_term_string}"},"query-input":{"@type":"PropertyValueSpecification","valueRequired":true,"valueName":"search_term_string"}}],"inLanguage":"de"},{"@type":"Organization","@id":"https:\/\/www.organisator.ch\/#organization","name":"Organisator","url":"https:\/\/www.organisator.ch\/","logo":{"@type":"ImageObject","inLanguage":"de","@id":"https:\/\/www.organisator.ch\/#\/schema\/logo\/image\/","url":"https:\/\/www.organisator.ch\/wp-content\/uploads\/2022\/01\/Logo_Organisator_Website.png","contentUrl":"https:\/\/www.organisator.ch\/wp-content\/uploads\/2022\/01\/Logo_Organisator_Website.png","width":800,"height":77,"caption":"Organisator"},"image":{"@id":"https:\/\/www.organisator.ch\/#\/schema\/logo\/image\/"},"sameAs":["https:\/\/www.facebook.com\/OrganisatorFachmagazin","https:\/\/www.linkedin.com\/showcase\/organisator-das-magazin-fr-kmu","https:\/\/www.xing.com\/news\/pages\/organisator-ch-695","https:\/\/www.youtube.com\/channel\/UCGP2Sq0iWaZwT3BdIAQFYpw"]},{"@type":"Person","@id":"https:\/\/www.organisator.ch\/#\/schema\/person\/6f650f90b2842cd4c0cc334b4e36f67e","name":"thomas.berner","image":{"@type":"ImageObject","inLanguage":"de","@id":"https:\/\/secure.gravatar.com\/avatar\/ac5001d2a36cb6c6cd3e50789007ffca834b477b74a2144564522e944eabff61?s=96&d=mm&r=g","url":"https:\/\/secure.gravatar.com\/avatar\/ac5001d2a36cb6c6cd3e50789007ffca834b477b74a2144564522e944eabff61?s=96&d=mm&r=g","contentUrl":"https:\/\/secure.gravatar.com\/avatar\/ac5001d2a36cb6c6cd3e50789007ffca834b477b74a2144564522e944eabff61?s=96&d=mm&r=g","caption":"thomas.berner"},"url":"https:\/\/www.organisator.ch\/de\/author\/thomas-berner\/"}]}},"_links":{"self":[{"href":"https:\/\/www.organisator.ch\/de\/wp-json\/wp\/v2\/posts\/16362","targetHints":{"allow":["GET"]}}],"collection":[{"href":"https:\/\/www.organisator.ch\/de\/wp-json\/wp\/v2\/posts"}],"about":[{"href":"https:\/\/www.organisator.ch\/de\/wp-json\/wp\/v2\/types\/post"}],"author":[{"embeddable":true,"href":"https:\/\/www.organisator.ch\/de\/wp-json\/wp\/v2\/users\/4"}],"replies":[{"embeddable":true,"href":"https:\/\/www.organisator.ch\/de\/wp-json\/wp\/v2\/comments?post=16362"}],"version-history":[{"count":1,"href":"https:\/\/www.organisator.ch\/de\/wp-json\/wp\/v2\/posts\/16362\/revisions"}],"predecessor-version":[{"id":16364,"href":"https:\/\/www.organisator.ch\/de\/wp-json\/wp\/v2\/posts\/16362\/revisions\/16364"}],"wp:featuredmedia":[{"embeddable":true,"href":"https:\/\/www.organisator.ch\/de\/wp-json\/wp\/v2\/media\/16363"}],"wp:attachment":[{"href":"https:\/\/www.organisator.ch\/de\/wp-json\/wp\/v2\/media?parent=16362"}],"wp:term":[{"taxonomy":"category","embeddable":true,"href":"https:\/\/www.organisator.ch\/de\/wp-json\/wp\/v2\/categories?post=16362"},{"taxonomy":"post_tag","embeddable":true,"href":"https:\/\/www.organisator.ch\/de\/wp-json\/wp\/v2\/tags?post=16362"}],"curies":[{"name":"wp","href":"https:\/\/api.w.org\/{rel}","templated":true}]}}