{"id":16384,"date":"2022-08-09T11:38:19","date_gmt":"2022-08-09T09:38:19","guid":{"rendered":"https:\/\/www.organisator.ch\/?p=16384"},"modified":"2022-08-09T11:38:19","modified_gmt":"2022-08-09T09:38:19","slug":"schweizerischer-baumeisterverband-zwei-neue-geschaeftsleitungsmitglieder","status":"publish","type":"post","link":"https:\/\/www.organisator.ch\/de\/management\/2022-08-09\/schweizerischer-baumeisterverband-zwei-neue-geschaeftsleitungsmitglieder\/","title":{"rendered":"Schweizerischer Baumeisterverband: Zwei neue Gesch\u00e4ftsleitungsmitglieder"},"content":{"rendered":"<figure id=\"attachment_16385\" aria-describedby=\"caption-attachment-16385\" style=\"width: 680px\" class=\"wp-caption alignnone\"><img loading=\"lazy\" decoding=\"async\" class=\"size-full wp-image-16385\" src=\"https:\/\/www.organisator.ch\/wp-content\/uploads\/2022\/08\/Schweizerischer-Baumeisterverband-Zwei-neue-Geschaftsleitungsmitglieder_Organisator.jpg\" alt=\"\" width=\"680\" height=\"408\" srcset=\"https:\/\/www.organisator.ch\/wp-content\/uploads\/2022\/08\/Schweizerischer-Baumeisterverband-Zwei-neue-Geschaftsleitungsmitglieder_Organisator.jpg 680w, https:\/\/www.organisator.ch\/wp-content\/uploads\/2022\/08\/Schweizerischer-Baumeisterverband-Zwei-neue-Geschaftsleitungsmitglieder_Organisator-18x12.jpg 18w, https:\/\/www.organisator.ch\/wp-content\/uploads\/2022\/08\/Schweizerischer-Baumeisterverband-Zwei-neue-Geschaftsleitungsmitglieder_Organisator-292x175.jpg 292w, https:\/\/www.organisator.ch\/wp-content\/uploads\/2022\/08\/Schweizerischer-Baumeisterverband-Zwei-neue-Geschaftsleitungsmitglieder_Organisator-583x350.jpg 583w, https:\/\/www.organisator.ch\/wp-content\/uploads\/2022\/08\/Schweizerischer-Baumeisterverband-Zwei-neue-Geschaftsleitungsmitglieder_Organisator-300x180.jpg 300w\" sizes=\"auto, (max-width: 680px) 100vw, 680px\" \/><figcaption id=\"caption-attachment-16385\" class=\"wp-caption-text\">Marcel Sennhauser, Leiter Politik und Kommunikation des Schweizerischen Baumeisterverbands, und Marisa Lienberger, Leiterin Finanzen und IT. (Bilder: obs\/SBV Schweiz. Baumeisterverband)<\/figcaption><\/figure>\n<p>Marcel Sennhauser \u00fcbernimmt im Schweizerischen Baumeisterverband die Leitung des Bereichs Politik und Kommunikation. Der 53-j\u00e4hrige Ingenieur HTL mit Weiterbildungen an der HSG in St.Gallen und der Columbia University in New York trat die Stelle in der Funktion eines Gesch\u00e4ftsleitungsmitglieds am 1. August 2022 in vollem Umfang an, wobei die intensive Einarbeitungsphase bereits ab Ende Juni erfolgte. Zuletzt war Marcel Sennhauser zw\u00f6lf Jahre lang als Bereichsleiter Kommunikation und Public Affairs sowie als stellvertretender Direktor beim Chemie- und Pharmaverband scienceindustries t\u00e4tig, ab 2018 \u00fcbte er zus\u00e4tzlich die Funktion als Bereichsleiter Bildung, Forschung und Innovation aus. Zu seinen fr\u00fcheren beruflichen Stationen z\u00e4hlen das Medienunternehmen Tamedia AG, bei der er den Online-Journalismus in dessen Pionierphase massgeblich mitpr\u00e4gte und auch bei der Einf\u00fchrung der Onlinewerbung in der Schweiz entscheidende Impulse gab, sowie das Internet-Auktionshaus Ricardo, bei dem er f\u00fcr die Kommunikation und Marketingaktivit\u00e4ten verantwortlich war.<\/p>\n<p>Bereits am 1. Juli 2022 hat Marisa Lienberger die Leitung des Bereichs Finanzen und IT \u00fcbernommen. Lienberger ist eidgen\u00f6ssisch diplomierte Expertin Rechnungslegung und Controlling mit Weiterbildungen in Corporate Finance (MAS) und Real Estate Management (CAS). Sie bringt langj\u00e4hrige Erfahrung als Chief Financial Officer (CFO) sowie in leitenden Funktionen im Finanzbereich von Unternehmen mit. In den letzten neun Jahren war Marisa Lienberger als Leiterin Finanzen + Controlling und Gesch\u00e4ftsleitungsmitglied beim Baumaterialienh\u00e4ndler Sto AG in Niederglatt t\u00e4tig, einer Tochtergesellschaft des deutschen Sto-Konzerns. Weitere fr\u00fchere Stationen von Marisa Lienberger sind die Position als Chief Finance &amp; Administration bei einer Division des Autozulieferers Autoneum in Winterthur sowie F\u00fchrungsfunktionen in Controlling, Planung und Unternehmensentwicklung bei der Belimo-Gruppe in Hinwil.<\/p>\n<p>Der Schweizerische Baumeisterverband hat seinen Sitz an der Weinbergstrasse in Z\u00fcrich. Seine Gesch\u00e4ftsleitung setzt sich zusammen aus Bernhard Salzmann, Direktor, Martin Graf, Vizedirektor und Leiter Unternehmensf\u00fchrung, Marc Aurel Hunziker, Vizedirektor und Leiter Berufsbildung, Michael Kehrli, Vizedirektor und Leiter Rechtsdienst, Marcel Sennhauser, Vizedirektor und Leiter Politik und Kommunikation, sowie Marisa Lienberger, Leiterin Finanzen und IT.<\/p>\n<p><em><a href=\"http:\/\/www.baumeister.ch\">Quelle und weitere Informationen<\/a><\/em><\/p>\n","protected":false},"excerpt":{"rendered":"<p>Marcel Sennhauser \u00fcbernimmt im Schweizerischen Baumeisterverband die Leitung des Bereichs Politik und Kommunikation. Der 53-j\u00e4hrige Ingenieur HTL mit Weiterbildungen an der HSG in St.Gallen und der Columbia University in New York trat die Stelle in der Funktion eines Gesch\u00e4ftsleitungsmitglieds am 1. August 2022 in vollem Umfang an, wobei die intensive Einarbeitungsphase bereits ab Ende Juni [&hellip;]<\/p>\n","protected":false},"author":4,"featured_media":16385,"comment_status":"closed","ping_status":"closed","sticky":false,"template":"","format":"standard","meta":{"_acf_changed":false,"_yoast_wpseo_focuskw":"Baumeisterverband","_yoast_wpseo_metadesc":"Der Schweizerische Baumeisterverband SBV hat zwei neue Mitglieder in der Gesch\u00e4ftsleitung: Marcel Sennhauser und Marisa Lienberger.","articlekey":"","footnotes":""},"categories":[28],"tags":[334,381,503],"class_list":["post-16384","post","type-post","status-publish","format-standard","has-post-thumbnail","hentry","category-management","tag-management","tag-personalia","tag-verbaende"],"acf":[],"yoast_head":"<!-- This site is optimized with the Yoast SEO plugin v27.5 - https:\/\/yoast.com\/product\/yoast-seo-wordpress\/ -->\n<title>Schweizerischer Baumeisterverband: Zwei neue Gesch\u00e4ftsleitungsmitglieder - Organisator<\/title>\n<meta name=\"description\" content=\"Der Schweizerische Baumeisterverband SBV hat zwei neue Mitglieder in der Gesch\u00e4ftsleitung: Marcel Sennhauser und Marisa Lienberger.\" \/>\n<meta name=\"robots\" content=\"index, follow, max-snippet:-1, max-image-preview:large, max-video-preview:-1\" \/>\n<link rel=\"canonical\" href=\"https:\/\/www.organisator.ch\/de\/management\/2022-08-09\/schweizerischer-baumeisterverband-zwei-neue-geschaeftsleitungsmitglieder\/\" \/>\n<meta property=\"og:locale\" content=\"de_DE\" \/>\n<meta property=\"og:type\" content=\"article\" \/>\n<meta property=\"og:title\" content=\"Schweizerischer Baumeisterverband: Zwei neue Gesch\u00e4ftsleitungsmitglieder\" \/>\n<meta property=\"og:description\" content=\"Der Schweizerische Baumeisterverband SBV hat zwei neue Mitglieder in der Gesch\u00e4ftsleitung: Marcel Sennhauser und Marisa Lienberger.\" \/>\n<meta property=\"og:url\" content=\"https:\/\/www.organisator.ch\/de\/management\/2022-08-09\/schweizerischer-baumeisterverband-zwei-neue-geschaeftsleitungsmitglieder\/\" \/>\n<meta property=\"og:site_name\" content=\"Organisator\" \/>\n<meta property=\"article:publisher\" content=\"https:\/\/www.facebook.com\/OrganisatorFachmagazin\" \/>\n<meta property=\"article:published_time\" content=\"2022-08-09T09:38:19+00:00\" \/>\n<meta property=\"og:image\" content=\"https:\/\/www.organisator.ch\/wp-content\/uploads\/2022\/08\/Schweizerischer-Baumeisterverband-Zwei-neue-Geschaftsleitungsmitglieder_Organisator.jpg\" \/>\n\t<meta property=\"og:image:width\" content=\"680\" \/>\n\t<meta property=\"og:image:height\" content=\"408\" \/>\n\t<meta property=\"og:image:type\" content=\"image\/jpeg\" \/>\n<meta name=\"author\" content=\"thomas.berner\" \/>\n<meta name=\"twitter:card\" content=\"summary_large_image\" \/>\n<meta name=\"twitter:title\" content=\"Schweizerischer #Baumeisterverband: Zwei neue #Gesch\u00e4ftsleitungsmitglieder\" \/>\n<meta name=\"twitter:description\" content=\"Der Schweizerische #Baumeisterverband #SBV hat zwei neue Mitglieder in der Gesch\u00e4ftsleitung: Marcel #Sennhauser und Marisa #Lienberger.\" \/>\n<meta name=\"twitter:image\" content=\"https:\/\/www.organisator.ch\/wp-content\/uploads\/2022\/08\/Schweizerischer-Baumeisterverband-Zwei-neue-Geschaftsleitungsmitglieder_Organisator.jpg\" \/>\n<script type=\"application\/ld+json\" class=\"yoast-schema-graph\">{\"@context\":\"https:\\\/\\\/schema.org\",\"@graph\":[{\"@type\":\"Article\",\"@id\":\"https:\\\/\\\/www.organisator.ch\\\/management\\\/2022-08-09\\\/schweizerischer-baumeisterverband-zwei-neue-geschaeftsleitungsmitglieder\\\/#article\",\"isPartOf\":{\"@id\":\"https:\\\/\\\/www.organisator.ch\\\/management\\\/2022-08-09\\\/schweizerischer-baumeisterverband-zwei-neue-geschaeftsleitungsmitglieder\\\/\"},\"author\":{\"name\":\"thomas.berner\",\"@id\":\"https:\\\/\\\/www.organisator.ch\\\/#\\\/schema\\\/person\\\/6f650f90b2842cd4c0cc334b4e36f67e\"},\"headline\":\"Schweizerischer Baumeisterverband: Zwei neue Gesch\u00e4ftsleitungsmitglieder\",\"datePublished\":\"2022-08-09T09:38:19+00:00\",\"mainEntityOfPage\":{\"@id\":\"https:\\\/\\\/www.organisator.ch\\\/management\\\/2022-08-09\\\/schweizerischer-baumeisterverband-zwei-neue-geschaeftsleitungsmitglieder\\\/\"},\"wordCount\":362,\"publisher\":{\"@id\":\"https:\\\/\\\/www.organisator.ch\\\/#organization\"},\"image\":{\"@id\":\"https:\\\/\\\/www.organisator.ch\\\/management\\\/2022-08-09\\\/schweizerischer-baumeisterverband-zwei-neue-geschaeftsleitungsmitglieder\\\/#primaryimage\"},\"thumbnailUrl\":\"https:\\\/\\\/www.organisator.ch\\\/wp-content\\\/uploads\\\/2022\\\/08\\\/Schweizerischer-Baumeisterverband-Zwei-neue-Geschaftsleitungsmitglieder_Organisator.jpg\",\"keywords\":[\"Management\",\"Personalia\",\"Verb\u00e4nde\"],\"articleSection\":[\"MANAGEMENT\"],\"inLanguage\":\"de\"},{\"@type\":\"WebPage\",\"@id\":\"https:\\\/\\\/www.organisator.ch\\\/management\\\/2022-08-09\\\/schweizerischer-baumeisterverband-zwei-neue-geschaeftsleitungsmitglieder\\\/\",\"url\":\"https:\\\/\\\/www.organisator.ch\\\/management\\\/2022-08-09\\\/schweizerischer-baumeisterverband-zwei-neue-geschaeftsleitungsmitglieder\\\/\",\"name\":\"Schweizerischer Baumeisterverband: Zwei neue Gesch\u00e4ftsleitungsmitglieder - Organisator\",\"isPartOf\":{\"@id\":\"https:\\\/\\\/www.organisator.ch\\\/#website\"},\"primaryImageOfPage\":{\"@id\":\"https:\\\/\\\/www.organisator.ch\\\/management\\\/2022-08-09\\\/schweizerischer-baumeisterverband-zwei-neue-geschaeftsleitungsmitglieder\\\/#primaryimage\"},\"image\":{\"@id\":\"https:\\\/\\\/www.organisator.ch\\\/management\\\/2022-08-09\\\/schweizerischer-baumeisterverband-zwei-neue-geschaeftsleitungsmitglieder\\\/#primaryimage\"},\"thumbnailUrl\":\"https:\\\/\\\/www.organisator.ch\\\/wp-content\\\/uploads\\\/2022\\\/08\\\/Schweizerischer-Baumeisterverband-Zwei-neue-Geschaftsleitungsmitglieder_Organisator.jpg\",\"datePublished\":\"2022-08-09T09:38:19+00:00\",\"description\":\"Der Schweizerische Baumeisterverband SBV hat zwei neue Mitglieder in der Gesch\u00e4ftsleitung: Marcel Sennhauser und Marisa Lienberger.\",\"breadcrumb\":{\"@id\":\"https:\\\/\\\/www.organisator.ch\\\/management\\\/2022-08-09\\\/schweizerischer-baumeisterverband-zwei-neue-geschaeftsleitungsmitglieder\\\/#breadcrumb\"},\"inLanguage\":\"de\",\"potentialAction\":[{\"@type\":\"ReadAction\",\"target\":[\"https:\\\/\\\/www.organisator.ch\\\/management\\\/2022-08-09\\\/schweizerischer-baumeisterverband-zwei-neue-geschaeftsleitungsmitglieder\\\/\"]}]},{\"@type\":\"ImageObject\",\"inLanguage\":\"de\",\"@id\":\"https:\\\/\\\/www.organisator.ch\\\/management\\\/2022-08-09\\\/schweizerischer-baumeisterverband-zwei-neue-geschaeftsleitungsmitglieder\\\/#primaryimage\",\"url\":\"https:\\\/\\\/www.organisator.ch\\\/wp-content\\\/uploads\\\/2022\\\/08\\\/Schweizerischer-Baumeisterverband-Zwei-neue-Geschaftsleitungsmitglieder_Organisator.jpg\",\"contentUrl\":\"https:\\\/\\\/www.organisator.ch\\\/wp-content\\\/uploads\\\/2022\\\/08\\\/Schweizerischer-Baumeisterverband-Zwei-neue-Geschaftsleitungsmitglieder_Organisator.jpg\",\"width\":680,\"height\":408,\"caption\":\"Marcel Sennhauser, Leiter Politik und Kommunikation des Schweizerischen Baumeisterverbands, und Marisa Lienberger, Leiterin Finanzen und IT. (Bilder: obs\\\/SBV Schweiz. Baumeisterverband)\"},{\"@type\":\"BreadcrumbList\",\"@id\":\"https:\\\/\\\/www.organisator.ch\\\/management\\\/2022-08-09\\\/schweizerischer-baumeisterverband-zwei-neue-geschaeftsleitungsmitglieder\\\/#breadcrumb\",\"itemListElement\":[{\"@type\":\"ListItem\",\"position\":1,\"name\":\"Home\",\"item\":\"https:\\\/\\\/www.organisator.ch\\\/\"},{\"@type\":\"ListItem\",\"position\":2,\"name\":\"Schweizerischer Baumeisterverband: Zwei neue Gesch\u00e4ftsleitungsmitglieder\"}]},{\"@type\":\"WebSite\",\"@id\":\"https:\\\/\\\/www.organisator.ch\\\/#website\",\"url\":\"https:\\\/\\\/www.organisator.ch\\\/\",\"name\":\"Organisator\",\"description\":\"Kompetent. Praxisnah. Der ORGANISATOR bereitet in 10 Ausgaben pro Jahr die wesentlichen Themen f\u00fcr F\u00fchrungskr\u00e4fte von KMU auf.\",\"publisher\":{\"@id\":\"https:\\\/\\\/www.organisator.ch\\\/#organization\"},\"potentialAction\":[{\"@type\":\"SearchAction\",\"target\":{\"@type\":\"EntryPoint\",\"urlTemplate\":\"https:\\\/\\\/www.organisator.ch\\\/?s={search_term_string}\"},\"query-input\":{\"@type\":\"PropertyValueSpecification\",\"valueRequired\":true,\"valueName\":\"search_term_string\"}}],\"inLanguage\":\"de\"},{\"@type\":\"Organization\",\"@id\":\"https:\\\/\\\/www.organisator.ch\\\/#organization\",\"name\":\"Organisator\",\"url\":\"https:\\\/\\\/www.organisator.ch\\\/\",\"logo\":{\"@type\":\"ImageObject\",\"inLanguage\":\"de\",\"@id\":\"https:\\\/\\\/www.organisator.ch\\\/#\\\/schema\\\/logo\\\/image\\\/\",\"url\":\"https:\\\/\\\/www.organisator.ch\\\/wp-content\\\/uploads\\\/2022\\\/01\\\/Logo_Organisator_Website.png\",\"contentUrl\":\"https:\\\/\\\/www.organisator.ch\\\/wp-content\\\/uploads\\\/2022\\\/01\\\/Logo_Organisator_Website.png\",\"width\":800,\"height\":77,\"caption\":\"Organisator\"},\"image\":{\"@id\":\"https:\\\/\\\/www.organisator.ch\\\/#\\\/schema\\\/logo\\\/image\\\/\"},\"sameAs\":[\"https:\\\/\\\/www.facebook.com\\\/OrganisatorFachmagazin\",\"https:\\\/\\\/www.linkedin.com\\\/showcase\\\/organisator-das-magazin-fr-kmu\",\"https:\\\/\\\/www.xing.com\\\/news\\\/pages\\\/organisator-ch-695\",\"https:\\\/\\\/www.youtube.com\\\/channel\\\/UCGP2Sq0iWaZwT3BdIAQFYpw\"]},{\"@type\":\"Person\",\"@id\":\"https:\\\/\\\/www.organisator.ch\\\/#\\\/schema\\\/person\\\/6f650f90b2842cd4c0cc334b4e36f67e\",\"name\":\"thomas.berner\",\"image\":{\"@type\":\"ImageObject\",\"inLanguage\":\"de\",\"@id\":\"https:\\\/\\\/secure.gravatar.com\\\/avatar\\\/ac5001d2a36cb6c6cd3e50789007ffca834b477b74a2144564522e944eabff61?s=96&d=mm&r=g\",\"url\":\"https:\\\/\\\/secure.gravatar.com\\\/avatar\\\/ac5001d2a36cb6c6cd3e50789007ffca834b477b74a2144564522e944eabff61?s=96&d=mm&r=g\",\"contentUrl\":\"https:\\\/\\\/secure.gravatar.com\\\/avatar\\\/ac5001d2a36cb6c6cd3e50789007ffca834b477b74a2144564522e944eabff61?s=96&d=mm&r=g\",\"caption\":\"thomas.berner\"},\"url\":\"https:\\\/\\\/www.organisator.ch\\\/de\\\/author\\\/thomas-berner\\\/\"}]}<\/script>\n<!-- \/ Yoast SEO plugin. -->","yoast_head_json":{"title":"Schweizerischer Baumeisterverband: Zwei neue Gesch\u00e4ftsleitungsmitglieder - Organisator","description":"Der Schweizerische Baumeisterverband SBV hat zwei neue Mitglieder in der Gesch\u00e4ftsleitung: Marcel Sennhauser und Marisa Lienberger.","robots":{"index":"index","follow":"follow","max-snippet":"max-snippet:-1","max-image-preview":"max-image-preview:large","max-video-preview":"max-video-preview:-1"},"canonical":"https:\/\/www.organisator.ch\/de\/management\/2022-08-09\/schweizerischer-baumeisterverband-zwei-neue-geschaeftsleitungsmitglieder\/","og_locale":"de_DE","og_type":"article","og_title":"Schweizerischer Baumeisterverband: Zwei neue Gesch\u00e4ftsleitungsmitglieder","og_description":"Der Schweizerische Baumeisterverband SBV hat zwei neue Mitglieder in der Gesch\u00e4ftsleitung: Marcel Sennhauser und Marisa Lienberger.","og_url":"https:\/\/www.organisator.ch\/de\/management\/2022-08-09\/schweizerischer-baumeisterverband-zwei-neue-geschaeftsleitungsmitglieder\/","og_site_name":"Organisator","article_publisher":"https:\/\/www.facebook.com\/OrganisatorFachmagazin","article_published_time":"2022-08-09T09:38:19+00:00","og_image":[{"width":680,"height":408,"url":"https:\/\/www.organisator.ch\/wp-content\/uploads\/2022\/08\/Schweizerischer-Baumeisterverband-Zwei-neue-Geschaftsleitungsmitglieder_Organisator.jpg","type":"image\/jpeg"}],"author":"thomas.berner","twitter_card":"summary_large_image","twitter_title":"Schweizerischer #Baumeisterverband: Zwei neue #Gesch\u00e4ftsleitungsmitglieder","twitter_description":"Der Schweizerische #Baumeisterverband #SBV hat zwei neue Mitglieder in der Gesch\u00e4ftsleitung: Marcel #Sennhauser und Marisa #Lienberger.","twitter_image":"https:\/\/www.organisator.ch\/wp-content\/uploads\/2022\/08\/Schweizerischer-Baumeisterverband-Zwei-neue-Geschaftsleitungsmitglieder_Organisator.jpg","schema":{"@context":"https:\/\/schema.org","@graph":[{"@type":"Article","@id":"https:\/\/www.organisator.ch\/management\/2022-08-09\/schweizerischer-baumeisterverband-zwei-neue-geschaeftsleitungsmitglieder\/#article","isPartOf":{"@id":"https:\/\/www.organisator.ch\/management\/2022-08-09\/schweizerischer-baumeisterverband-zwei-neue-geschaeftsleitungsmitglieder\/"},"author":{"name":"thomas.berner","@id":"https:\/\/www.organisator.ch\/#\/schema\/person\/6f650f90b2842cd4c0cc334b4e36f67e"},"headline":"Schweizerischer Baumeisterverband: Zwei neue Gesch\u00e4ftsleitungsmitglieder","datePublished":"2022-08-09T09:38:19+00:00","mainEntityOfPage":{"@id":"https:\/\/www.organisator.ch\/management\/2022-08-09\/schweizerischer-baumeisterverband-zwei-neue-geschaeftsleitungsmitglieder\/"},"wordCount":362,"publisher":{"@id":"https:\/\/www.organisator.ch\/#organization"},"image":{"@id":"https:\/\/www.organisator.ch\/management\/2022-08-09\/schweizerischer-baumeisterverband-zwei-neue-geschaeftsleitungsmitglieder\/#primaryimage"},"thumbnailUrl":"https:\/\/www.organisator.ch\/wp-content\/uploads\/2022\/08\/Schweizerischer-Baumeisterverband-Zwei-neue-Geschaftsleitungsmitglieder_Organisator.jpg","keywords":["Management","Personalia","Verb\u00e4nde"],"articleSection":["MANAGEMENT"],"inLanguage":"de"},{"@type":"WebPage","@id":"https:\/\/www.organisator.ch\/management\/2022-08-09\/schweizerischer-baumeisterverband-zwei-neue-geschaeftsleitungsmitglieder\/","url":"https:\/\/www.organisator.ch\/management\/2022-08-09\/schweizerischer-baumeisterverband-zwei-neue-geschaeftsleitungsmitglieder\/","name":"Schweizerischer Baumeisterverband: Zwei neue Gesch\u00e4ftsleitungsmitglieder - Organisator","isPartOf":{"@id":"https:\/\/www.organisator.ch\/#website"},"primaryImageOfPage":{"@id":"https:\/\/www.organisator.ch\/management\/2022-08-09\/schweizerischer-baumeisterverband-zwei-neue-geschaeftsleitungsmitglieder\/#primaryimage"},"image":{"@id":"https:\/\/www.organisator.ch\/management\/2022-08-09\/schweizerischer-baumeisterverband-zwei-neue-geschaeftsleitungsmitglieder\/#primaryimage"},"thumbnailUrl":"https:\/\/www.organisator.ch\/wp-content\/uploads\/2022\/08\/Schweizerischer-Baumeisterverband-Zwei-neue-Geschaftsleitungsmitglieder_Organisator.jpg","datePublished":"2022-08-09T09:38:19+00:00","description":"Der Schweizerische Baumeisterverband SBV hat zwei neue Mitglieder in der Gesch\u00e4ftsleitung: Marcel Sennhauser und Marisa Lienberger.","breadcrumb":{"@id":"https:\/\/www.organisator.ch\/management\/2022-08-09\/schweizerischer-baumeisterverband-zwei-neue-geschaeftsleitungsmitglieder\/#breadcrumb"},"inLanguage":"de","potentialAction":[{"@type":"ReadAction","target":["https:\/\/www.organisator.ch\/management\/2022-08-09\/schweizerischer-baumeisterverband-zwei-neue-geschaeftsleitungsmitglieder\/"]}]},{"@type":"ImageObject","inLanguage":"de","@id":"https:\/\/www.organisator.ch\/management\/2022-08-09\/schweizerischer-baumeisterverband-zwei-neue-geschaeftsleitungsmitglieder\/#primaryimage","url":"https:\/\/www.organisator.ch\/wp-content\/uploads\/2022\/08\/Schweizerischer-Baumeisterverband-Zwei-neue-Geschaftsleitungsmitglieder_Organisator.jpg","contentUrl":"https:\/\/www.organisator.ch\/wp-content\/uploads\/2022\/08\/Schweizerischer-Baumeisterverband-Zwei-neue-Geschaftsleitungsmitglieder_Organisator.jpg","width":680,"height":408,"caption":"Marcel Sennhauser, Leiter Politik und Kommunikation des Schweizerischen Baumeisterverbands, und Marisa Lienberger, Leiterin Finanzen und IT. (Bilder: obs\/SBV Schweiz. Baumeisterverband)"},{"@type":"BreadcrumbList","@id":"https:\/\/www.organisator.ch\/management\/2022-08-09\/schweizerischer-baumeisterverband-zwei-neue-geschaeftsleitungsmitglieder\/#breadcrumb","itemListElement":[{"@type":"ListItem","position":1,"name":"Home","item":"https:\/\/www.organisator.ch\/"},{"@type":"ListItem","position":2,"name":"Schweizerischer Baumeisterverband: Zwei neue Gesch\u00e4ftsleitungsmitglieder"}]},{"@type":"WebSite","@id":"https:\/\/www.organisator.ch\/#website","url":"https:\/\/www.organisator.ch\/","name":"Organisator","description":"Kompetent. Praxisnah. Der ORGANISATOR bereitet in 10 Ausgaben pro Jahr die wesentlichen Themen f\u00fcr F\u00fchrungskr\u00e4fte von KMU auf.","publisher":{"@id":"https:\/\/www.organisator.ch\/#organization"},"potentialAction":[{"@type":"SearchAction","target":{"@type":"EntryPoint","urlTemplate":"https:\/\/www.organisator.ch\/?s={search_term_string}"},"query-input":{"@type":"PropertyValueSpecification","valueRequired":true,"valueName":"search_term_string"}}],"inLanguage":"de"},{"@type":"Organization","@id":"https:\/\/www.organisator.ch\/#organization","name":"Organisator","url":"https:\/\/www.organisator.ch\/","logo":{"@type":"ImageObject","inLanguage":"de","@id":"https:\/\/www.organisator.ch\/#\/schema\/logo\/image\/","url":"https:\/\/www.organisator.ch\/wp-content\/uploads\/2022\/01\/Logo_Organisator_Website.png","contentUrl":"https:\/\/www.organisator.ch\/wp-content\/uploads\/2022\/01\/Logo_Organisator_Website.png","width":800,"height":77,"caption":"Organisator"},"image":{"@id":"https:\/\/www.organisator.ch\/#\/schema\/logo\/image\/"},"sameAs":["https:\/\/www.facebook.com\/OrganisatorFachmagazin","https:\/\/www.linkedin.com\/showcase\/organisator-das-magazin-fr-kmu","https:\/\/www.xing.com\/news\/pages\/organisator-ch-695","https:\/\/www.youtube.com\/channel\/UCGP2Sq0iWaZwT3BdIAQFYpw"]},{"@type":"Person","@id":"https:\/\/www.organisator.ch\/#\/schema\/person\/6f650f90b2842cd4c0cc334b4e36f67e","name":"thomas.berner","image":{"@type":"ImageObject","inLanguage":"de","@id":"https:\/\/secure.gravatar.com\/avatar\/ac5001d2a36cb6c6cd3e50789007ffca834b477b74a2144564522e944eabff61?s=96&d=mm&r=g","url":"https:\/\/secure.gravatar.com\/avatar\/ac5001d2a36cb6c6cd3e50789007ffca834b477b74a2144564522e944eabff61?s=96&d=mm&r=g","contentUrl":"https:\/\/secure.gravatar.com\/avatar\/ac5001d2a36cb6c6cd3e50789007ffca834b477b74a2144564522e944eabff61?s=96&d=mm&r=g","caption":"thomas.berner"},"url":"https:\/\/www.organisator.ch\/de\/author\/thomas-berner\/"}]}},"_links":{"self":[{"href":"https:\/\/www.organisator.ch\/de\/wp-json\/wp\/v2\/posts\/16384","targetHints":{"allow":["GET"]}}],"collection":[{"href":"https:\/\/www.organisator.ch\/de\/wp-json\/wp\/v2\/posts"}],"about":[{"href":"https:\/\/www.organisator.ch\/de\/wp-json\/wp\/v2\/types\/post"}],"author":[{"embeddable":true,"href":"https:\/\/www.organisator.ch\/de\/wp-json\/wp\/v2\/users\/4"}],"replies":[{"embeddable":true,"href":"https:\/\/www.organisator.ch\/de\/wp-json\/wp\/v2\/comments?post=16384"}],"version-history":[{"count":1,"href":"https:\/\/www.organisator.ch\/de\/wp-json\/wp\/v2\/posts\/16384\/revisions"}],"predecessor-version":[{"id":16386,"href":"https:\/\/www.organisator.ch\/de\/wp-json\/wp\/v2\/posts\/16384\/revisions\/16386"}],"wp:featuredmedia":[{"embeddable":true,"href":"https:\/\/www.organisator.ch\/de\/wp-json\/wp\/v2\/media\/16385"}],"wp:attachment":[{"href":"https:\/\/www.organisator.ch\/de\/wp-json\/wp\/v2\/media?parent=16384"}],"wp:term":[{"taxonomy":"category","embeddable":true,"href":"https:\/\/www.organisator.ch\/de\/wp-json\/wp\/v2\/categories?post=16384"},{"taxonomy":"post_tag","embeddable":true,"href":"https:\/\/www.organisator.ch\/de\/wp-json\/wp\/v2\/tags?post=16384"}],"curies":[{"name":"wp","href":"https:\/\/api.w.org\/{rel}","templated":true}]}}