{"id":16399,"date":"2022-08-10T09:08:24","date_gmt":"2022-08-10T07:08:24","guid":{"rendered":"https:\/\/www.organisator.ch\/?p=16399"},"modified":"2022-08-10T09:08:24","modified_gmt":"2022-08-10T07:08:24","slug":"dienstreisen-werden-2023-deutlich-teurer","status":"publish","type":"post","link":"https:\/\/www.organisator.ch\/de\/allgemein\/2022-08-10\/dienstreisen-werden-2023-deutlich-teurer\/","title":{"rendered":"Dienstreisen werden 2023 deutlich teurer"},"content":{"rendered":"<figure id=\"attachment_16400\" aria-describedby=\"caption-attachment-16400\" style=\"width: 680px\" class=\"wp-caption alignnone\"><img loading=\"lazy\" decoding=\"async\" class=\"size-full wp-image-16400\" src=\"https:\/\/www.organisator.ch\/wp-content\/uploads\/2022\/08\/Dienstreisen-werden-2023-deutlich-teurer-1_Organisator.jpg\" alt=\"\" width=\"680\" height=\"374\" srcset=\"https:\/\/www.organisator.ch\/wp-content\/uploads\/2022\/08\/Dienstreisen-werden-2023-deutlich-teurer-1_Organisator.jpg 680w, https:\/\/www.organisator.ch\/wp-content\/uploads\/2022\/08\/Dienstreisen-werden-2023-deutlich-teurer-1_Organisator-18x10.jpg 18w, https:\/\/www.organisator.ch\/wp-content\/uploads\/2022\/08\/Dienstreisen-werden-2023-deutlich-teurer-1_Organisator-318x175.jpg 318w, https:\/\/www.organisator.ch\/wp-content\/uploads\/2022\/08\/Dienstreisen-werden-2023-deutlich-teurer-1_Organisator-636x350.jpg 636w, https:\/\/www.organisator.ch\/wp-content\/uploads\/2022\/08\/Dienstreisen-werden-2023-deutlich-teurer-1_Organisator-300x165.jpg 300w\" sizes=\"auto, (max-width: 680px) 100vw, 680px\" \/><figcaption id=\"caption-attachment-16400\" class=\"wp-caption-text\">Nicht nur die Flieger heben wieder ab: Auch die Auslagen f\u00fcr Dienstreisen werden weiter steigen. (Bild: Unsplash.com)<\/figcaption><\/figure>\n<p>Die weltweiten Reisepreise werden in den verbleibenden Monaten des Jahres 2022 und im gesamten Jahr 2023 voraussichtlich weiter steigen. Dies geht aus dem Global Business Travel Forecast 2023 hervor, der vom Gesch\u00e4ftsreisen-Dienstleister CWT gemeinsam mit der Global Business Travel Association (<a href=\"https:\/\/www.gbta.org\/\">GBTA<\/a>), dem Sprachrohr der weltweiten Gesch\u00e4ftsreisebranche, ver\u00f6ffentlicht wurde. Steigende Treibstoffpreise, Arbeitskr\u00e4ftemangel und Inflationsdruck bei den Rohstoffkosten sind laut dem Bericht, der anonymisierte Daten von CWT und GBTA mit \u00f6ffentlich zug\u00e4nglichen Brancheninformationen sowie \u00f6konometrische und statistische Modellierungen des Avrio-Instituts verwendet, die wichtigsten Faktoren f\u00fcr den erwarteten Preisanstieg bei Dienstreisen.<\/p>\n<p>&#8222;Die Nachfrage nach Dienstreisen und Meetings ist wieder da, daran gibt es keinen Zweifel&#8220;, stellt Patrick Andersen, Chief Executive Officer von CWT, fest. &#8222;Arbeitskr\u00e4ftemangel in der gesamten Reise- und Hotelbranche, steigende Rohstoffpreise und ein gr\u00f6sseres Bewusstsein f\u00fcr verantwortungsbewusstes Reisen wirken sich auf die Dienstleistungen aus, aber die prognostizierten Preise sind im Grossen und Ganzen auf dem Niveau von 2019.&#8220; Und Suzanne Neufang, CEO der GBTA erg\u00e4nzt: &#8222;Was wir jetzt sehen, sind mehrere Faktoren, die ins Spiel kommen, wenn Eink\u00e4ufer von Gesch\u00e4ftsreisen und Beschaffungsbeauftragte ihre Reiseprogramme modellieren. Diese achte gemeinsame Jahresprognose verbindet statistische Reisedaten und Trendanalysen mit makro\u00f6konomischen Einfl\u00fcssen, um einen wichtigen Bezugspunkt f\u00fcr die Planung von Gesch\u00e4ftsreisen zu bieten.&#8220;<\/p>\n<h3>Makro\u00f6konomische Einfl\u00fcsse<\/h3>\n<p>Die Weltwirtschaft schrumpfte im Jahr 2020 um 3,4 % und erlebte damit einen der st\u00e4rksten R\u00fcckg\u00e4nge seit dem Zweiten Weltkrieg. Die Dienstleistungssektoren, einschliesslich des Reise- und Gastgewerbes, wurden besonders hart getroffen, aber die Weltwirtschaft erholte sich schnell von den Tiefstst\u00e4nden des Jahres 2020 und wuchs im Jahr 2021 um 5,8 %. Das Wirtschaftswachstum schw\u00e4cht sich mit zunehmender Dauer der Erholung ab, obwohl die Sorge vor einer weiteren Rezession w\u00e4chst. Das derzeitige Basisszenario f\u00fcr 2022 geht von einem Wachstum von 3 % aus, gefolgt von einem Wachstum von 2,8 % im Jahr 2023. In der globalen Gesch\u00e4ftsreiseprognose 2023 wird auch auf die drei Hauptkr\u00e4fte hingewiesen, die Druck auf die Wirtschaft und die Gesch\u00e4ftsreisebranche aus\u00fcben. Dazu geh\u00f6ren der Einmarsch Russlands in der Ukraine in Verbindung mit anderen geopolitischen Unsicherheiten, der Inflationsdruck, der die Kosten in die H\u00f6he treibt, und das Risiko weiterer COVID-Ausbr\u00fcche, die Gesch\u00e4fts- resp. Dienstreisen einschr\u00e4nken k\u00f6nnten.<\/p>\n<p>Umgekehrt wird in dem Bericht hervorgehoben, dass die Unternehmen Nachhaltigkeit zu ihren obersten Priorit\u00e4ten z\u00e4hlen und die Bek\u00e4mpfung des Klimawandels immer wichtiger wird. Der Bericht hebt hervor, dass eine gr\u00f6ssere Sichtbarkeit umweltfreundlicherer Reiseoptionen am Verkaufsort sowie die Erstellung von CO2-Fu\u00dfabdr\u00fccken und Umweltvertr\u00e4glichkeitspr\u00fcfungen eine M\u00f6glichkeit f\u00fcr die Reisebranche darstellen, aktiv zu einer verantwortungsvollen Entscheidungsfindung beizutragen.<\/p>\n<h3>Tagungen und Veranstaltungen<\/h3>\n<p>Die Preise sind in allen Regionen in den meisten Ausgabenkategorien gestiegen, angeheizt durch den Nachholbedarf, den Wunsch, die Unternehmenskultur zu st\u00e4rken, und die unsicheren wirtschaftlichen Aussichten. Es wird erwartet, dass die Kosten pro Teilnehmer f\u00fcr Meetings und Events im Jahr 2022 um etwa 25 % h\u00f6her sein werden als 2019, und f\u00fcr 2023 wird ein weiterer Anstieg um 7 % prognostiziert. Neben dem Nachholbedarf konkurrieren Unternehmensveranstaltungen nun mit vielen anderen Veranstaltungsarten, die 2020 abgesagt wurden. Und da viele Unternehmen w\u00e4hrend der Pandemie ihre B\u00fcror\u00e4ume zugunsten von Remote-Arbeit aufgegeben haben, buchen sie jetzt Tagungsr\u00e4ume, damit sich die Mitarbeiter pers\u00f6nlich treffen k\u00f6nnen, was die Nachfrage weiter anheizt.<\/p>\n<p>K\u00fcrzere Vorlaufzeiten f\u00fcr Veranstaltungen, die von sechs bis 12 Monaten auf ein bis drei Monate variieren, tragen ebenfalls zu diesem &#8222;perfekten Sturm&#8220; bei, der vielleicht durch die Sorge der Unternehmen unterstrichen wird, dass sich die aktuelle Situation sehr schnell \u00e4ndern k\u00f6nnte. Dies macht sich besonders im asiatisch-pazifischen Raum bemerkbar, wo die Wiederer\u00f6ffnung nach der Pandemie langsamer als in anderen Regionen vonstatten ging, wobei die anhaltenden Beschr\u00e4nkungen in China die Kunden dazu veranlassen, sicherzustellen, dass ihre Veranstaltungen stattfinden k\u00f6nnen, und zwar so schnell wie m\u00f6glich.<\/p>\n<h3>Fl\u00fcge f\u00fcr Dienstreisen<\/h3>\n<p>Die Flugpreise f\u00fcr Dienstreisen sanken im Jahr 2020 um \u00fcber 12 % gegen\u00fcber 2019, gefolgt von einem weiteren R\u00fcckgang um 26 % im Jahr 2021. Die Preise f\u00fcr Economy-Tickets fielen von 2019 bis 2021 um \u00fcber 24 %, w\u00e4hrend die Preise f\u00fcr Premium-Tickets um 33 % sanken. F\u00fcr 2022 wird ein Preisanstieg von 48,5 % erwartet, aber selbst bei diesem starken Preisanstieg werden die Preise bis 2023 voraussichtlich unter dem Niveau vor der Pandemie bleiben. Nach einem Anstieg von 48,5 % im Jahr 2022 werden die Preise im Jahr 2023 voraussichtlich um 8,4 % steigen.<br \/>\nDie steigende Nachfrage und die anhaltenden Preissteigerungen bei Kerosin, die laut S&amp;P Global in einigen M\u00e4rkten zu einer Verdoppelung der Preise auf \u00fcber 160 $\/Barrel gef\u00fchrt haben, setzen die Ticketpreise unter Steigerungsdruck. Erstklass-Tickets machten 2019 \u00fcber 7 % aller gekauften Tickets aus. Der Anteil dieser Premium-Tickets fiel auf 6,5 % im Jahr 2020 und auf 4,5 % im Jahr 2021, steigt aber seit 2022 wieder an. In der ersten Jahresh\u00e4lfte machten Premium-Tickets 6,2 % aller gekauften Tickets aus. Ein steigender Anteil von Premium-Tickets wird zu h\u00f6heren Durchschnittspreisen f\u00fchren, da sich der durchschnittliche Ticketpreis aus Economy und Premium zusammensetzt.<\/p>\n<figure id=\"attachment_16401\" aria-describedby=\"caption-attachment-16401\" style=\"width: 680px\" class=\"wp-caption alignnone\"><img loading=\"lazy\" decoding=\"async\" class=\"size-full wp-image-16401\" src=\"https:\/\/www.organisator.ch\/wp-content\/uploads\/2022\/08\/Dienstreisen-werden-2023-deutlich-teurer-2_Organisator.jpg\" alt=\"\" width=\"680\" height=\"334\" srcset=\"https:\/\/www.organisator.ch\/wp-content\/uploads\/2022\/08\/Dienstreisen-werden-2023-deutlich-teurer-2_Organisator.jpg 680w, https:\/\/www.organisator.ch\/wp-content\/uploads\/2022\/08\/Dienstreisen-werden-2023-deutlich-teurer-2_Organisator-18x9.jpg 18w, https:\/\/www.organisator.ch\/wp-content\/uploads\/2022\/08\/Dienstreisen-werden-2023-deutlich-teurer-2_Organisator-356x175.jpg 356w, https:\/\/www.organisator.ch\/wp-content\/uploads\/2022\/08\/Dienstreisen-werden-2023-deutlich-teurer-2_Organisator-300x147.jpg 300w\" sizes=\"auto, (max-width: 680px) 100vw, 680px\" \/><figcaption id=\"caption-attachment-16401\" class=\"wp-caption-text\">Preisentwicklungen f\u00fcr Fl\u00fcge. (Quelle: CWT \/ GBTA)<\/figcaption><\/figure>\n<p>Internationale und grenz\u00fcberschreitende Buchungen erholen sich in den meisten Regionen, was trotz der durch den Krieg in der Ukraine verursachten Unsicherheiten zu einem h\u00f6heren Anteil an internationalen Ticketbuchungen und einem entsprechend h\u00f6heren durchschnittlichen Ticketpreis f\u00fchren wird. Nach zwei Jahren mit minimalen oder gar keinen Ausgaben werden Gesch\u00e4ftsreisende wahrscheinlich bereit sein, mehr f\u00fcr Tickets auszugeben, zumal die Verf\u00fcgbarkeit aufgrund des Arbeitskr\u00e4ftemangels abnimmt. Dieser Aufw\u00e4rtstrend ist weitgehend auf die Einf\u00fchrung von Impfstoffen und die Wiederer\u00f6ffnung der Grenzen zur\u00fcckzuf\u00fchren.<\/p>\n<h3>Hotels und Mietwagen<\/h3>\n<p>Die Hotelpreise sanken im Jahr 2020 um 13,3 % gegen\u00fcber 2019 und um weitere 9,5 % im Jahr 2021, aber der Bericht erwartet, dass sie im Jahr 2022 um 18,5 % steigen werden, gefolgt von einem Anstieg um 8,2 % im Jahr 2023. In einigen Regionen wie Europa, dem Nahen Osten und Afrika sowie Nordamerika haben die Hotelpreise das Niveau von 2019 bereits \u00fcbertroffen, und es wird erwartet, dass dies bis 2023 weltweit der Fall sein wird. Die Hotelpreise sind in einigen Teilen der Welt bereits jetzt stark gestiegen, darunter um 22 % in Nordamerika und voraussichtlich um 31,8 % in Europa, dem Nahen Osten und Afrika, was auf eine beschleunigte Erholung in Verbindung mit anhaltenden Kapazit\u00e4tsengp\u00e4ssen zur\u00fcckzuf\u00fchren ist. Der Anstieg der Hotelpreise wurde zun\u00e4chst durch den starken Freizeitverkehr im Jahr 2021 angetrieben, aber der Gruppenreiseverkehr f\u00fcr Firmentagungen und -veranstaltungen nimmt zu, und auch der vor\u00fcbergehende Gesch\u00e4ftsreiseverkehr gewinnt deutlich an Fahrt, was den Druck auf die durchschnittlichen Hotelpreise pro Tag weiter erh\u00f6ht.<\/p>\n<figure id=\"attachment_16402\" aria-describedby=\"caption-attachment-16402\" style=\"width: 680px\" class=\"wp-caption alignnone\"><img loading=\"lazy\" decoding=\"async\" class=\"size-full wp-image-16402\" src=\"https:\/\/www.organisator.ch\/wp-content\/uploads\/2022\/08\/Dienstreisen-werden-2023-deutlich-teurer-4_Organisator.jpg\" alt=\"\" width=\"680\" height=\"329\" srcset=\"https:\/\/www.organisator.ch\/wp-content\/uploads\/2022\/08\/Dienstreisen-werden-2023-deutlich-teurer-4_Organisator.jpg 680w, https:\/\/www.organisator.ch\/wp-content\/uploads\/2022\/08\/Dienstreisen-werden-2023-deutlich-teurer-4_Organisator-18x9.jpg 18w, https:\/\/www.organisator.ch\/wp-content\/uploads\/2022\/08\/Dienstreisen-werden-2023-deutlich-teurer-4_Organisator-362x175.jpg 362w, https:\/\/www.organisator.ch\/wp-content\/uploads\/2022\/08\/Dienstreisen-werden-2023-deutlich-teurer-4_Organisator-300x145.jpg 300w\" sizes=\"auto, (max-width: 680px) 100vw, 680px\" \/><figcaption id=\"caption-attachment-16402\" class=\"wp-caption-text\">So haben sich die Hotelpreise entwickelt. (Quelle: CWT\/GBTA)<\/figcaption><\/figure>\n<p>Die globalen Autovermietungspreise sanken im Jahr 2020 um 2,5 % gegen\u00fcber 2019, bevor sie 2021 um 5,1 % stiegen. Es wird erwartet, dass die Preise im Jahr 2022 um 7,3 % steigen und damit einen neuen H\u00f6chststand erreichen und 2023 um weitere 6,8 % ansteigen werden. Die Gr\u00fcnde daf\u00fcr sind vielf\u00e4ltig: Die Fahrzeugindustrie hat nach wie vor Kapazit\u00e4tsengp\u00e4sse, und die Autovermieter, die ihre Flotten nach der Pandemie verkleinert haben, haben sich noch nicht vollst\u00e4ndig erholt. Die Autovermieter sind dazu \u00fcbergegangen, gebrauchte Fahrzeuge zu kaufen, um die Flottengr\u00f6sse zu erh\u00f6hen, und behalten ihre Fahrzeuge l\u00e4nger. Einige Vermieter kaufen auch Fahrzeuge von Herstellern, die nicht zu den von ihnen traditionell unterst\u00fctzten Marken geh\u00f6ren.<\/p>\n<figure id=\"attachment_16403\" aria-describedby=\"caption-attachment-16403\" style=\"width: 680px\" class=\"wp-caption alignnone\"><img loading=\"lazy\" decoding=\"async\" class=\"size-full wp-image-16403\" src=\"https:\/\/www.organisator.ch\/wp-content\/uploads\/2022\/08\/Dienstreisen-werden-2023-deutlich-teurer-3_Organisator.jpg\" alt=\"\" width=\"680\" height=\"302\" srcset=\"https:\/\/www.organisator.ch\/wp-content\/uploads\/2022\/08\/Dienstreisen-werden-2023-deutlich-teurer-3_Organisator.jpg 680w, https:\/\/www.organisator.ch\/wp-content\/uploads\/2022\/08\/Dienstreisen-werden-2023-deutlich-teurer-3_Organisator-18x8.jpg 18w, https:\/\/www.organisator.ch\/wp-content\/uploads\/2022\/08\/Dienstreisen-werden-2023-deutlich-teurer-3_Organisator-375x167.jpg 375w, https:\/\/www.organisator.ch\/wp-content\/uploads\/2022\/08\/Dienstreisen-werden-2023-deutlich-teurer-3_Organisator-300x133.jpg 300w\" sizes=\"auto, (max-width: 680px) 100vw, 680px\" \/><figcaption id=\"caption-attachment-16403\" class=\"wp-caption-text\">Auch f\u00fcr Bahn- oder Busfahrten muss man auf Dienstreisen mehr Geld ausgeben als zuletzt. (Quelle: CWT\/GBTA)<\/figcaption><\/figure>\n<p>Hochschnellende Preise, Fahrzeugknappheit und die Notwendigkeit, die Kohlendioxidemissionen von T\u00fcr zu T\u00fcr zu \u00fcberwachen, veranlassen die Verantwortlichen f\u00fcr Gesch\u00e4ftsreisen, den Bodentransport von Anfang an in die gesamte Reiseplanung einzubeziehen. Dies gilt insbesondere, wenn man die Einbeziehung von Elektrofahrzeugen in Betracht zieht. Auch wenn die breite Akzeptanz noch einige Jahre auf sich warten l\u00e4sst, sollte die pers\u00f6nliche Vorliebe nicht untersch\u00e4tzt werden.<\/p>\n<p><em>Quelle: <a href=\"https:\/\/www.mycwt.com\/\">CWT<\/a><\/em><\/p>\n","protected":false},"excerpt":{"rendered":"<p>Die weltweiten Reisepreise werden in den verbleibenden Monaten des Jahres 2022 und im gesamten Jahr 2023 voraussichtlich weiter steigen. Dies geht aus dem Global Business Travel Forecast 2023 hervor, der vom Gesch\u00e4ftsreisen-Dienstleister CWT gemeinsam mit der Global Business Travel Association (GBTA), dem Sprachrohr der weltweiten Gesch\u00e4ftsreisebranche, ver\u00f6ffentlicht wurde. Steigende Treibstoffpreise, Arbeitskr\u00e4ftemangel und Inflationsdruck bei den [&hellip;]<\/p>\n","protected":false},"author":4,"featured_media":16400,"comment_status":"closed","ping_status":"closed","sticky":false,"template":"","format":"standard","meta":{"_acf_changed":false,"_yoast_wpseo_focuskw":"Dienstreisen","_yoast_wpseo_metadesc":"Gem\u00e4ss dem Gesch\u00e4ftsreise-Dienstleister CWT wird man f\u00fcr Dienstreisen im Jahr 2023 mehr Geld f\u00fcr Flug, Hotel und Mietwagen brauchen.","articlekey":"","footnotes":""},"categories":[1],"tags":[202,239,310],"class_list":["post-16399","post","type-post","status-publish","format-standard","has-post-thumbnail","hentry","category-allgemein","tag-finanzenrecht","tag-geschaeftsreisen","tag-konjunktur"],"acf":[],"yoast_head":"<!-- This site is optimized with the Yoast SEO plugin v27.5 - https:\/\/yoast.com\/product\/yoast-seo-wordpress\/ -->\n<title>Dienstreisen werden 2023 deutlich teurer - Organisator<\/title>\n<meta name=\"description\" content=\"Gem\u00e4ss dem Gesch\u00e4ftsreise-Dienstleister CWT wird man f\u00fcr Dienstreisen im Jahr 2023 mehr Geld f\u00fcr Flug, Hotel und Mietwagen brauchen.\" \/>\n<meta name=\"robots\" content=\"index, follow, max-snippet:-1, max-image-preview:large, max-video-preview:-1\" \/>\n<link rel=\"canonical\" href=\"https:\/\/www.organisator.ch\/de\/allgemein\/2022-08-10\/dienstreisen-werden-2023-deutlich-teurer\/\" \/>\n<meta property=\"og:locale\" content=\"de_DE\" \/>\n<meta property=\"og:type\" content=\"article\" \/>\n<meta property=\"og:title\" content=\"Dienstreisen werden 2023 deutlich teurer\" \/>\n<meta property=\"og:description\" content=\"Gem\u00e4ss dem Gesch\u00e4ftsreise-Dienstleister CWT wird man f\u00fcr Dienstreisen im Jahr 2023 mehr Geld f\u00fcr Flug, Hotel und Mietwagen brauchen.\" \/>\n<meta property=\"og:url\" content=\"https:\/\/www.organisator.ch\/de\/allgemein\/2022-08-10\/dienstreisen-werden-2023-deutlich-teurer\/\" \/>\n<meta property=\"og:site_name\" content=\"Organisator\" \/>\n<meta property=\"article:publisher\" content=\"https:\/\/www.facebook.com\/OrganisatorFachmagazin\" \/>\n<meta property=\"article:published_time\" content=\"2022-08-10T07:08:24+00:00\" \/>\n<meta property=\"og:image\" content=\"https:\/\/www.organisator.ch\/wp-content\/uploads\/2022\/08\/Dienstreisen-werden-2023-deutlich-teurer-1_Organisator.jpg\" \/>\n\t<meta property=\"og:image:width\" content=\"680\" \/>\n\t<meta property=\"og:image:height\" content=\"374\" \/>\n\t<meta property=\"og:image:type\" content=\"image\/jpeg\" \/>\n<meta name=\"author\" content=\"thomas.berner\" \/>\n<meta name=\"twitter:card\" content=\"summary_large_image\" \/>\n<meta name=\"twitter:title\" content=\"#Dienstreisen werden 2023 deutlich teurer\" \/>\n<meta name=\"twitter:description\" content=\"Gem\u00e4ss dem #Gesch\u00e4ftsreise-Dienstleister #CWT wird man f\u00fcr #Dienstreisen im Jahr 2023 mehr Geld f\u00fcr Flug, Hotel und Mietwagen brauchen.\" \/>\n<meta name=\"twitter:image\" content=\"https:\/\/www.organisator.ch\/wp-content\/uploads\/2022\/08\/Dienstreisen-werden-2023-deutlich-teurer-1_Organisator.jpg\" \/>\n<script type=\"application\/ld+json\" class=\"yoast-schema-graph\">{\"@context\":\"https:\\\/\\\/schema.org\",\"@graph\":[{\"@type\":\"Article\",\"@id\":\"https:\\\/\\\/www.organisator.ch\\\/it\\\/generale\\\/2022-08-10\\\/i-viaggi-daffari-diventano-2023-significativamente-piu-costosi\\\/#article\",\"isPartOf\":{\"@id\":\"https:\\\/\\\/www.organisator.ch\\\/it\\\/generale\\\/2022-08-10\\\/i-viaggi-daffari-diventano-2023-significativamente-piu-costosi\\\/\"},\"author\":{\"name\":\"thomas.berner\",\"@id\":\"https:\\\/\\\/www.organisator.ch\\\/#\\\/schema\\\/person\\\/6f650f90b2842cd4c0cc334b4e36f67e\"},\"headline\":\"Dienstreisen werden 2023 deutlich teurer\",\"datePublished\":\"2022-08-10T07:08:24+00:00\",\"mainEntityOfPage\":{\"@id\":\"https:\\\/\\\/www.organisator.ch\\\/it\\\/generale\\\/2022-08-10\\\/i-viaggi-daffari-diventano-2023-significativamente-piu-costosi\\\/\"},\"wordCount\":1314,\"publisher\":{\"@id\":\"https:\\\/\\\/www.organisator.ch\\\/#organization\"},\"image\":{\"@id\":\"https:\\\/\\\/www.organisator.ch\\\/it\\\/generale\\\/2022-08-10\\\/i-viaggi-daffari-diventano-2023-significativamente-piu-costosi\\\/#primaryimage\"},\"thumbnailUrl\":\"https:\\\/\\\/www.organisator.ch\\\/wp-content\\\/uploads\\\/2022\\\/08\\\/Dienstreisen-werden-2023-deutlich-teurer-1_Organisator.jpg\",\"keywords\":[\"Finanzen\\\/Recht\",\"Gesch\u00e4ftsreisen\",\"Konjunktur\"],\"inLanguage\":\"de\"},{\"@type\":\"WebPage\",\"@id\":\"https:\\\/\\\/www.organisator.ch\\\/it\\\/generale\\\/2022-08-10\\\/i-viaggi-daffari-diventano-2023-significativamente-piu-costosi\\\/\",\"url\":\"https:\\\/\\\/www.organisator.ch\\\/it\\\/generale\\\/2022-08-10\\\/i-viaggi-daffari-diventano-2023-significativamente-piu-costosi\\\/\",\"name\":\"Dienstreisen werden 2023 deutlich teurer - Organisator\",\"isPartOf\":{\"@id\":\"https:\\\/\\\/www.organisator.ch\\\/#website\"},\"primaryImageOfPage\":{\"@id\":\"https:\\\/\\\/www.organisator.ch\\\/it\\\/generale\\\/2022-08-10\\\/i-viaggi-daffari-diventano-2023-significativamente-piu-costosi\\\/#primaryimage\"},\"image\":{\"@id\":\"https:\\\/\\\/www.organisator.ch\\\/it\\\/generale\\\/2022-08-10\\\/i-viaggi-daffari-diventano-2023-significativamente-piu-costosi\\\/#primaryimage\"},\"thumbnailUrl\":\"https:\\\/\\\/www.organisator.ch\\\/wp-content\\\/uploads\\\/2022\\\/08\\\/Dienstreisen-werden-2023-deutlich-teurer-1_Organisator.jpg\",\"datePublished\":\"2022-08-10T07:08:24+00:00\",\"description\":\"Gem\u00e4ss dem Gesch\u00e4ftsreise-Dienstleister CWT wird man f\u00fcr Dienstreisen im Jahr 2023 mehr Geld f\u00fcr Flug, Hotel und Mietwagen brauchen.\",\"breadcrumb\":{\"@id\":\"https:\\\/\\\/www.organisator.ch\\\/it\\\/generale\\\/2022-08-10\\\/i-viaggi-daffari-diventano-2023-significativamente-piu-costosi\\\/#breadcrumb\"},\"inLanguage\":\"de\",\"potentialAction\":[{\"@type\":\"ReadAction\",\"target\":[\"https:\\\/\\\/www.organisator.ch\\\/it\\\/generale\\\/2022-08-10\\\/i-viaggi-daffari-diventano-2023-significativamente-piu-costosi\\\/\"]}]},{\"@type\":\"ImageObject\",\"inLanguage\":\"de\",\"@id\":\"https:\\\/\\\/www.organisator.ch\\\/it\\\/generale\\\/2022-08-10\\\/i-viaggi-daffari-diventano-2023-significativamente-piu-costosi\\\/#primaryimage\",\"url\":\"https:\\\/\\\/www.organisator.ch\\\/wp-content\\\/uploads\\\/2022\\\/08\\\/Dienstreisen-werden-2023-deutlich-teurer-1_Organisator.jpg\",\"contentUrl\":\"https:\\\/\\\/www.organisator.ch\\\/wp-content\\\/uploads\\\/2022\\\/08\\\/Dienstreisen-werden-2023-deutlich-teurer-1_Organisator.jpg\",\"width\":680,\"height\":374,\"caption\":\"Nicht nur die Flieger heben wieder ab: Auch die Preise f\u00fcr Dienstreisen werden weiter steigen. (Bild: Unsplash.com)\"},{\"@type\":\"BreadcrumbList\",\"@id\":\"https:\\\/\\\/www.organisator.ch\\\/it\\\/generale\\\/2022-08-10\\\/i-viaggi-daffari-diventano-2023-significativamente-piu-costosi\\\/#breadcrumb\",\"itemListElement\":[{\"@type\":\"ListItem\",\"position\":1,\"name\":\"Home\",\"item\":\"https:\\\/\\\/www.organisator.ch\\\/\"},{\"@type\":\"ListItem\",\"position\":2,\"name\":\"Dienstreisen werden 2023 deutlich teurer\"}]},{\"@type\":\"WebSite\",\"@id\":\"https:\\\/\\\/www.organisator.ch\\\/#website\",\"url\":\"https:\\\/\\\/www.organisator.ch\\\/\",\"name\":\"Organisator\",\"description\":\"Kompetent. Praxisnah. Der ORGANISATOR bereitet in 10 Ausgaben pro Jahr die wesentlichen Themen f\u00fcr F\u00fchrungskr\u00e4fte von KMU auf.\",\"publisher\":{\"@id\":\"https:\\\/\\\/www.organisator.ch\\\/#organization\"},\"potentialAction\":[{\"@type\":\"SearchAction\",\"target\":{\"@type\":\"EntryPoint\",\"urlTemplate\":\"https:\\\/\\\/www.organisator.ch\\\/?s={search_term_string}\"},\"query-input\":{\"@type\":\"PropertyValueSpecification\",\"valueRequired\":true,\"valueName\":\"search_term_string\"}}],\"inLanguage\":\"de\"},{\"@type\":\"Organization\",\"@id\":\"https:\\\/\\\/www.organisator.ch\\\/#organization\",\"name\":\"Organisator\",\"url\":\"https:\\\/\\\/www.organisator.ch\\\/\",\"logo\":{\"@type\":\"ImageObject\",\"inLanguage\":\"de\",\"@id\":\"https:\\\/\\\/www.organisator.ch\\\/#\\\/schema\\\/logo\\\/image\\\/\",\"url\":\"https:\\\/\\\/www.organisator.ch\\\/wp-content\\\/uploads\\\/2022\\\/01\\\/Logo_Organisator_Website.png\",\"contentUrl\":\"https:\\\/\\\/www.organisator.ch\\\/wp-content\\\/uploads\\\/2022\\\/01\\\/Logo_Organisator_Website.png\",\"width\":800,\"height\":77,\"caption\":\"Organisator\"},\"image\":{\"@id\":\"https:\\\/\\\/www.organisator.ch\\\/#\\\/schema\\\/logo\\\/image\\\/\"},\"sameAs\":[\"https:\\\/\\\/www.facebook.com\\\/OrganisatorFachmagazin\",\"https:\\\/\\\/www.linkedin.com\\\/showcase\\\/organisator-das-magazin-fr-kmu\",\"https:\\\/\\\/www.xing.com\\\/news\\\/pages\\\/organisator-ch-695\",\"https:\\\/\\\/www.youtube.com\\\/channel\\\/UCGP2Sq0iWaZwT3BdIAQFYpw\"]},{\"@type\":\"Person\",\"@id\":\"https:\\\/\\\/www.organisator.ch\\\/#\\\/schema\\\/person\\\/6f650f90b2842cd4c0cc334b4e36f67e\",\"name\":\"thomas.berner\",\"image\":{\"@type\":\"ImageObject\",\"inLanguage\":\"de\",\"@id\":\"https:\\\/\\\/secure.gravatar.com\\\/avatar\\\/ac5001d2a36cb6c6cd3e50789007ffca834b477b74a2144564522e944eabff61?s=96&d=mm&r=g\",\"url\":\"https:\\\/\\\/secure.gravatar.com\\\/avatar\\\/ac5001d2a36cb6c6cd3e50789007ffca834b477b74a2144564522e944eabff61?s=96&d=mm&r=g\",\"contentUrl\":\"https:\\\/\\\/secure.gravatar.com\\\/avatar\\\/ac5001d2a36cb6c6cd3e50789007ffca834b477b74a2144564522e944eabff61?s=96&d=mm&r=g\",\"caption\":\"thomas.berner\"},\"url\":\"https:\\\/\\\/www.organisator.ch\\\/de\\\/author\\\/thomas-berner\\\/\"}]}<\/script>\n<!-- \/ Yoast SEO plugin. -->","yoast_head_json":{"title":"Dienstreisen werden 2023 deutlich teurer - Organisator","description":"Gem\u00e4ss dem Gesch\u00e4ftsreise-Dienstleister CWT wird man f\u00fcr Dienstreisen im Jahr 2023 mehr Geld f\u00fcr Flug, Hotel und Mietwagen brauchen.","robots":{"index":"index","follow":"follow","max-snippet":"max-snippet:-1","max-image-preview":"max-image-preview:large","max-video-preview":"max-video-preview:-1"},"canonical":"https:\/\/www.organisator.ch\/de\/allgemein\/2022-08-10\/dienstreisen-werden-2023-deutlich-teurer\/","og_locale":"de_DE","og_type":"article","og_title":"Dienstreisen werden 2023 deutlich teurer","og_description":"Gem\u00e4ss dem Gesch\u00e4ftsreise-Dienstleister CWT wird man f\u00fcr Dienstreisen im Jahr 2023 mehr Geld f\u00fcr Flug, Hotel und Mietwagen brauchen.","og_url":"https:\/\/www.organisator.ch\/de\/allgemein\/2022-08-10\/dienstreisen-werden-2023-deutlich-teurer\/","og_site_name":"Organisator","article_publisher":"https:\/\/www.facebook.com\/OrganisatorFachmagazin","article_published_time":"2022-08-10T07:08:24+00:00","og_image":[{"width":680,"height":374,"url":"https:\/\/www.organisator.ch\/wp-content\/uploads\/2022\/08\/Dienstreisen-werden-2023-deutlich-teurer-1_Organisator.jpg","type":"image\/jpeg"}],"author":"thomas.berner","twitter_card":"summary_large_image","twitter_title":"#Dienstreisen werden 2023 deutlich teurer","twitter_description":"Gem\u00e4ss dem #Gesch\u00e4ftsreise-Dienstleister #CWT wird man f\u00fcr #Dienstreisen im Jahr 2023 mehr Geld f\u00fcr Flug, Hotel und Mietwagen brauchen.","twitter_image":"https:\/\/www.organisator.ch\/wp-content\/uploads\/2022\/08\/Dienstreisen-werden-2023-deutlich-teurer-1_Organisator.jpg","schema":{"@context":"https:\/\/schema.org","@graph":[{"@type":"Article","@id":"https:\/\/www.organisator.ch\/it\/generale\/2022-08-10\/i-viaggi-daffari-diventano-2023-significativamente-piu-costosi\/#article","isPartOf":{"@id":"https:\/\/www.organisator.ch\/it\/generale\/2022-08-10\/i-viaggi-daffari-diventano-2023-significativamente-piu-costosi\/"},"author":{"name":"thomas.berner","@id":"https:\/\/www.organisator.ch\/#\/schema\/person\/6f650f90b2842cd4c0cc334b4e36f67e"},"headline":"Dienstreisen werden 2023 deutlich teurer","datePublished":"2022-08-10T07:08:24+00:00","mainEntityOfPage":{"@id":"https:\/\/www.organisator.ch\/it\/generale\/2022-08-10\/i-viaggi-daffari-diventano-2023-significativamente-piu-costosi\/"},"wordCount":1314,"publisher":{"@id":"https:\/\/www.organisator.ch\/#organization"},"image":{"@id":"https:\/\/www.organisator.ch\/it\/generale\/2022-08-10\/i-viaggi-daffari-diventano-2023-significativamente-piu-costosi\/#primaryimage"},"thumbnailUrl":"https:\/\/www.organisator.ch\/wp-content\/uploads\/2022\/08\/Dienstreisen-werden-2023-deutlich-teurer-1_Organisator.jpg","keywords":["Finanzen\/Recht","Gesch\u00e4ftsreisen","Konjunktur"],"inLanguage":"de"},{"@type":"WebPage","@id":"https:\/\/www.organisator.ch\/it\/generale\/2022-08-10\/i-viaggi-daffari-diventano-2023-significativamente-piu-costosi\/","url":"https:\/\/www.organisator.ch\/it\/generale\/2022-08-10\/i-viaggi-daffari-diventano-2023-significativamente-piu-costosi\/","name":"Dienstreisen werden 2023 deutlich teurer - Organisator","isPartOf":{"@id":"https:\/\/www.organisator.ch\/#website"},"primaryImageOfPage":{"@id":"https:\/\/www.organisator.ch\/it\/generale\/2022-08-10\/i-viaggi-daffari-diventano-2023-significativamente-piu-costosi\/#primaryimage"},"image":{"@id":"https:\/\/www.organisator.ch\/it\/generale\/2022-08-10\/i-viaggi-daffari-diventano-2023-significativamente-piu-costosi\/#primaryimage"},"thumbnailUrl":"https:\/\/www.organisator.ch\/wp-content\/uploads\/2022\/08\/Dienstreisen-werden-2023-deutlich-teurer-1_Organisator.jpg","datePublished":"2022-08-10T07:08:24+00:00","description":"Gem\u00e4ss dem Gesch\u00e4ftsreise-Dienstleister CWT wird man f\u00fcr Dienstreisen im Jahr 2023 mehr Geld f\u00fcr Flug, Hotel und Mietwagen brauchen.","breadcrumb":{"@id":"https:\/\/www.organisator.ch\/it\/generale\/2022-08-10\/i-viaggi-daffari-diventano-2023-significativamente-piu-costosi\/#breadcrumb"},"inLanguage":"de","potentialAction":[{"@type":"ReadAction","target":["https:\/\/www.organisator.ch\/it\/generale\/2022-08-10\/i-viaggi-daffari-diventano-2023-significativamente-piu-costosi\/"]}]},{"@type":"ImageObject","inLanguage":"de","@id":"https:\/\/www.organisator.ch\/it\/generale\/2022-08-10\/i-viaggi-daffari-diventano-2023-significativamente-piu-costosi\/#primaryimage","url":"https:\/\/www.organisator.ch\/wp-content\/uploads\/2022\/08\/Dienstreisen-werden-2023-deutlich-teurer-1_Organisator.jpg","contentUrl":"https:\/\/www.organisator.ch\/wp-content\/uploads\/2022\/08\/Dienstreisen-werden-2023-deutlich-teurer-1_Organisator.jpg","width":680,"height":374,"caption":"Nicht nur die Flieger heben wieder ab: Auch die Preise f\u00fcr Dienstreisen werden weiter steigen. (Bild: Unsplash.com)"},{"@type":"BreadcrumbList","@id":"https:\/\/www.organisator.ch\/it\/generale\/2022-08-10\/i-viaggi-daffari-diventano-2023-significativamente-piu-costosi\/#breadcrumb","itemListElement":[{"@type":"ListItem","position":1,"name":"Home","item":"https:\/\/www.organisator.ch\/"},{"@type":"ListItem","position":2,"name":"Dienstreisen werden 2023 deutlich teurer"}]},{"@type":"WebSite","@id":"https:\/\/www.organisator.ch\/#website","url":"https:\/\/www.organisator.ch\/","name":"Organisator","description":"Kompetent. Praxisnah. Der ORGANISATOR bereitet in 10 Ausgaben pro Jahr die wesentlichen Themen f\u00fcr F\u00fchrungskr\u00e4fte von KMU auf.","publisher":{"@id":"https:\/\/www.organisator.ch\/#organization"},"potentialAction":[{"@type":"SearchAction","target":{"@type":"EntryPoint","urlTemplate":"https:\/\/www.organisator.ch\/?s={search_term_string}"},"query-input":{"@type":"PropertyValueSpecification","valueRequired":true,"valueName":"search_term_string"}}],"inLanguage":"de"},{"@type":"Organization","@id":"https:\/\/www.organisator.ch\/#organization","name":"Organisator","url":"https:\/\/www.organisator.ch\/","logo":{"@type":"ImageObject","inLanguage":"de","@id":"https:\/\/www.organisator.ch\/#\/schema\/logo\/image\/","url":"https:\/\/www.organisator.ch\/wp-content\/uploads\/2022\/01\/Logo_Organisator_Website.png","contentUrl":"https:\/\/www.organisator.ch\/wp-content\/uploads\/2022\/01\/Logo_Organisator_Website.png","width":800,"height":77,"caption":"Organisator"},"image":{"@id":"https:\/\/www.organisator.ch\/#\/schema\/logo\/image\/"},"sameAs":["https:\/\/www.facebook.com\/OrganisatorFachmagazin","https:\/\/www.linkedin.com\/showcase\/organisator-das-magazin-fr-kmu","https:\/\/www.xing.com\/news\/pages\/organisator-ch-695","https:\/\/www.youtube.com\/channel\/UCGP2Sq0iWaZwT3BdIAQFYpw"]},{"@type":"Person","@id":"https:\/\/www.organisator.ch\/#\/schema\/person\/6f650f90b2842cd4c0cc334b4e36f67e","name":"thomas.berner","image":{"@type":"ImageObject","inLanguage":"de","@id":"https:\/\/secure.gravatar.com\/avatar\/ac5001d2a36cb6c6cd3e50789007ffca834b477b74a2144564522e944eabff61?s=96&d=mm&r=g","url":"https:\/\/secure.gravatar.com\/avatar\/ac5001d2a36cb6c6cd3e50789007ffca834b477b74a2144564522e944eabff61?s=96&d=mm&r=g","contentUrl":"https:\/\/secure.gravatar.com\/avatar\/ac5001d2a36cb6c6cd3e50789007ffca834b477b74a2144564522e944eabff61?s=96&d=mm&r=g","caption":"thomas.berner"},"url":"https:\/\/www.organisator.ch\/de\/author\/thomas-berner\/"}]}},"_links":{"self":[{"href":"https:\/\/www.organisator.ch\/de\/wp-json\/wp\/v2\/posts\/16399","targetHints":{"allow":["GET"]}}],"collection":[{"href":"https:\/\/www.organisator.ch\/de\/wp-json\/wp\/v2\/posts"}],"about":[{"href":"https:\/\/www.organisator.ch\/de\/wp-json\/wp\/v2\/types\/post"}],"author":[{"embeddable":true,"href":"https:\/\/www.organisator.ch\/de\/wp-json\/wp\/v2\/users\/4"}],"replies":[{"embeddable":true,"href":"https:\/\/www.organisator.ch\/de\/wp-json\/wp\/v2\/comments?post=16399"}],"version-history":[{"count":2,"href":"https:\/\/www.organisator.ch\/de\/wp-json\/wp\/v2\/posts\/16399\/revisions"}],"predecessor-version":[{"id":16405,"href":"https:\/\/www.organisator.ch\/de\/wp-json\/wp\/v2\/posts\/16399\/revisions\/16405"}],"wp:featuredmedia":[{"embeddable":true,"href":"https:\/\/www.organisator.ch\/de\/wp-json\/wp\/v2\/media\/16400"}],"wp:attachment":[{"href":"https:\/\/www.organisator.ch\/de\/wp-json\/wp\/v2\/media?parent=16399"}],"wp:term":[{"taxonomy":"category","embeddable":true,"href":"https:\/\/www.organisator.ch\/de\/wp-json\/wp\/v2\/categories?post=16399"},{"taxonomy":"post_tag","embeddable":true,"href":"https:\/\/www.organisator.ch\/de\/wp-json\/wp\/v2\/tags?post=16399"}],"curies":[{"name":"wp","href":"https:\/\/api.w.org\/{rel}","templated":true}]}}