{"id":1643,"date":"2017-03-14T11:31:00","date_gmt":"2017-03-14T10:31:00","guid":{"rendered":"https:\/\/www.organisator.ch\/?p=1643"},"modified":"2017-03-14T11:31:00","modified_gmt":"2017-03-14T10:31:00","slug":"ebay-foerdert-weibliches-unternehmertum-in-der-schweiz","status":"publish","type":"post","link":"https:\/\/www.organisator.ch\/de\/management\/2017-03-14\/ebay-foerdert-weibliches-unternehmertum-in-der-schweiz\/","title":{"rendered":"eBay f\u00f6rdert weibliches Unternehmertum in der Schweiz"},"content":{"rendered":"<figure id=\"attachment_1644\" aria-describedby=\"caption-attachment-1644\" style=\"width: 680px\" class=\"wp-caption alignnone\"><img loading=\"lazy\" decoding=\"async\" class=\"size-medium wp-image-1644\" src=\"https:\/\/www.organisator.ch\/wp-content\/uploads\/2017\/03\/eBay-foerdert-weibliches-Unternehmertum-in-der-Schweiz-org-organisator.jpg\" alt=\"\" width=\"680\" height=\"424\" srcset=\"https:\/\/www.organisator.ch\/wp-content\/uploads\/2017\/03\/eBay-foerdert-weibliches-Unternehmertum-in-der-Schweiz-org-organisator.jpg 877w, https:\/\/www.organisator.ch\/wp-content\/uploads\/2017\/03\/eBay-foerdert-weibliches-Unternehmertum-in-der-Schweiz-org-organisator-680x424.jpg 680w, https:\/\/www.organisator.ch\/wp-content\/uploads\/2017\/03\/eBay-foerdert-weibliches-Unternehmertum-in-der-Schweiz-org-organisator-768x479.jpg 768w, https:\/\/www.organisator.ch\/wp-content\/uploads\/2017\/03\/eBay-foerdert-weibliches-Unternehmertum-in-der-Schweiz-org-organisator-16x10.jpg 16w, https:\/\/www.organisator.ch\/wp-content\/uploads\/2017\/03\/eBay-foerdert-weibliches-Unternehmertum-in-der-Schweiz-org-organisator-281x175.jpg 281w, https:\/\/www.organisator.ch\/wp-content\/uploads\/2017\/03\/eBay-foerdert-weibliches-Unternehmertum-in-der-Schweiz-org-organisator-561x350.jpg 561w, https:\/\/www.organisator.ch\/wp-content\/uploads\/2017\/03\/eBay-foerdert-weibliches-Unternehmertum-in-der-Schweiz-org-organisator-300x187.jpg 300w\" sizes=\"auto, (max-width: 680px) 100vw, 680px\" \/><figcaption id=\"caption-attachment-1644\" class=\"wp-caption-text\">Seit langem engagiert sich eBay f\u00fcr die F\u00f6rderung von Frauen, insbesondere \u00fcber das Women\u2019s Initiative Network (WIN). (Bild: Fotalia).<\/figcaption><\/figure>\n<p>Isa M\u00fcller-Wegner, Chief Operating Officer European Emerging Countries bei eBay erl\u00e4utert: \u201cDer Schweizer Online-Markt ist mit 5.9 Millionen K\u00e4ufern und K\u00e4uferinnen, einem Bev\u00f6lkerungsanteil von 82 Prozent, sehr gross. Seit \u00fcber 21 Jahren hat sich eBays Mission nicht ver\u00e4ndert: wir verbinden K\u00e4ufer und Verk\u00e4ufer auf der ganzen Welt. Wir m\u00f6chten Schweizer Unternehmerinnen ermutigen, diese aussergew\u00f6hnliche Chance f\u00fcr sich zu nutzen.\u201d<\/p>\n<p><strong>Zeitgem\u00e4sse Workshops<\/strong><\/p>\n<p>Der erste Workshop findet am 17. M\u00e4rz in Z\u00fcrich statt und wird mehr als 40 Unternehmerinnen aus der ganzen Schweiz zusammenbringen, um sich \u00fcber ihre Erfolge und Erfahrungen auszutauschen. In praxisbezogenen \u00dcbungen widmen sich die Teilnehmerinnen Themen\u00a0 wie Marketing, Finanzwesen und Design. Als Hauptredner der Veranstaltung wird Stefan Widmer, CEO von Beliani, eines der am schnellsten wachsenden Schweizer Online Unternehmen, zu den Teilnehmerinnen sprechen.<\/p>\n<p><strong>Women&#8217;s Expo Switzerland <\/strong><\/p>\n<p>Im Rahmen\u00a0 dieser umfassenden Initiative hat eBay jetzt ausserdem die langfristige Partnerschaft mit der Women\u2019s Expo Switzerland bekanntgegeben. Die Messe findet am 26. M\u00e4rz in Z\u00fcrich statt, bei der acht von eBay unterst\u00fctzte Unternehmerinnen ihre Start-ups der \u00d6ffentlichkeit pr\u00e4sentieren werden.<\/p>\n<p>Seit langem engagiert sich eBay f\u00fcr die F\u00f6rderung von Frauen am Arbeitsplatz, insbesondere \u00fcber das Women\u2019s Initiative Network (WIN), das Frauen hilft, langfristige und erfolgreiche Berufskarrieren in Unternehmen zu verfolgen. eBay sieht sich in der Pflicht, Voraussetzungen f\u00fcr Frauen auf allen Ebenen zu schaffen, mit ihren Aufgaben zu wachsen, zu lernen, und sich beruflich weiterzuentwickeln.<\/p>\n<p>Weiterf\u00fchrende Links: <a href=\"http:\/\/www. ebay.com\">www. ebay.com<\/a> und <a href=\"http:\/\/www.womenexpo.ch\">www.womenex<\/a><a href=\"http:\/\/www.womenexpo.ch\">po.ch<\/a><\/p>\n","protected":false},"excerpt":{"rendered":"<p>Isa M\u00fcller-Wegner, Chief Operating Officer European Emerging Countries bei eBay erl\u00e4utert: \u201cDer Schweizer Online-Markt ist mit 5.9 Millionen K\u00e4ufern und K\u00e4uferinnen, einem Bev\u00f6lkerungsanteil von 82 Prozent, sehr gross. Seit \u00fcber 21 Jahren hat sich eBays Mission nicht ver\u00e4ndert: wir verbinden K\u00e4ufer und Verk\u00e4ufer auf der ganzen Welt. Wir m\u00f6chten Schweizer Unternehmerinnen ermutigen, diese aussergew\u00f6hnliche Chance [&hellip;]<\/p>\n","protected":false},"author":5,"featured_media":1644,"comment_status":"open","ping_status":"open","sticky":false,"template":"","format":"standard","meta":{"_acf_changed":false,"_yoast_wpseo_focuskw":"eBay","_yoast_wpseo_metadesc":"","articlekey":"","footnotes":""},"categories":[28],"tags":[167,335,500,536],"class_list":["post-1643","post","type-post","status-publish","format-standard","has-post-thumbnail","hentry","category-management","tag-ebay","tag-management-und-unternehmensfuehrung","tag-unternehmerin","tag-womans-expo-switzerland"],"acf":[],"yoast_head":"<!-- This site is optimized with the Yoast SEO plugin v27.5 - https:\/\/yoast.com\/product\/yoast-seo-wordpress\/ -->\n<title>eBay f\u00f6rdert weibliches Unternehmertum in der Schweiz - Organisator<\/title>\n<meta name=\"robots\" content=\"index, follow, max-snippet:-1, max-image-preview:large, max-video-preview:-1\" \/>\n<link rel=\"canonical\" href=\"https:\/\/www.organisator.ch\/de\/management\/2017-03-14\/ebay-foerdert-weibliches-unternehmertum-in-der-schweiz\/\" \/>\n<meta property=\"og:locale\" content=\"de_DE\" \/>\n<meta property=\"og:type\" content=\"article\" \/>\n<meta property=\"og:title\" content=\"eBay f\u00f6rdert weibliches Unternehmertum in der Schweiz\" \/>\n<meta property=\"og:description\" content=\"#eBay verpflichtet sich #weiblichesUnternehmertum in der Schweiz zu f\u00f6rdern. In einer Reihe praxisbezogener Workshops und Veranstaltungen sollen im Laufe des Jahres Wissen und F\u00e4higkeiten vermittelt werden.\" \/>\n<meta property=\"og:url\" content=\"https:\/\/www.organisator.ch\/de\/management\/2017-03-14\/ebay-foerdert-weibliches-unternehmertum-in-der-schweiz\/\" \/>\n<meta property=\"og:site_name\" content=\"Organisator\" \/>\n<meta property=\"article:publisher\" content=\"https:\/\/www.facebook.com\/OrganisatorFachmagazin\" \/>\n<meta property=\"article:published_time\" content=\"2017-03-14T10:31:00+00:00\" \/>\n<meta property=\"og:image\" content=\"https:\/\/www.organisator.ch\/wp-content\/uploads\/2017\/03\/eBay-foerdert-weibliches-Unternehmertum-in-der-Schweiz-org-organisator.jpg\" \/>\n\t<meta property=\"og:image:width\" content=\"877\" \/>\n\t<meta property=\"og:image:height\" content=\"547\" \/>\n\t<meta property=\"og:image:type\" content=\"image\/jpeg\" \/>\n<meta name=\"author\" content=\"michael.merz\" \/>\n<meta name=\"twitter:card\" content=\"summary_large_image\" \/>\n<meta name=\"twitter:title\" content=\"#eBay f\u00f6rdert #weiblichesUnternehmertum in der Schweiz\" \/>\n<meta name=\"twitter:description\" content=\"#eBay verpflichtet sich #weiblichesUnternehmertum in der Schweiz zu f\u00f6rdern. In einer Reihe praxisbezogener Workshops und Veranstaltungen sollen im Laufe des Jahres Wissen und F\u00e4higkeiten vermittelt werden.\" \/>\n<meta name=\"twitter:image\" content=\"https:\/\/www.organisator.ch\/wp-content\/uploads\/2017\/03\/eBay-f\u00f6rdert-weibliches-Unternehmertum-in-der-Schweiz-org-organisator.jpg\" \/>\n<script type=\"application\/ld+json\" class=\"yoast-schema-graph\">{\"@context\":\"https:\\\/\\\/schema.org\",\"@graph\":[{\"@type\":\"Article\",\"@id\":\"https:\\\/\\\/www.organisator.ch\\\/management\\\/2017-03-14\\\/ebay-foerdert-weibliches-unternehmertum-in-der-schweiz\\\/#article\",\"isPartOf\":{\"@id\":\"https:\\\/\\\/www.organisator.ch\\\/management\\\/2017-03-14\\\/ebay-foerdert-weibliches-unternehmertum-in-der-schweiz\\\/\"},\"author\":{\"name\":\"michael.merz\",\"@id\":\"https:\\\/\\\/www.organisator.ch\\\/#\\\/schema\\\/person\\\/134708ca9321c57b0362cceb7948ffbd\"},\"headline\":\"eBay f\u00f6rdert weibliches Unternehmertum in der Schweiz\",\"datePublished\":\"2017-03-14T10:31:00+00:00\",\"mainEntityOfPage\":{\"@id\":\"https:\\\/\\\/www.organisator.ch\\\/management\\\/2017-03-14\\\/ebay-foerdert-weibliches-unternehmertum-in-der-schweiz\\\/\"},\"wordCount\":289,\"commentCount\":0,\"publisher\":{\"@id\":\"https:\\\/\\\/www.organisator.ch\\\/#organization\"},\"image\":{\"@id\":\"https:\\\/\\\/www.organisator.ch\\\/management\\\/2017-03-14\\\/ebay-foerdert-weibliches-unternehmertum-in-der-schweiz\\\/#primaryimage\"},\"thumbnailUrl\":\"https:\\\/\\\/www.organisator.ch\\\/wp-content\\\/uploads\\\/2017\\\/03\\\/eBay-foerdert-weibliches-Unternehmertum-in-der-Schweiz-org-organisator.jpg\",\"keywords\":[\"eBay\",\"Management und Unternehmensf\u00fchrung\",\"Unternehmerin\",\"Woman's Expo Switzerland\"],\"articleSection\":[\"MANAGEMENT\"],\"inLanguage\":\"de\"},{\"@type\":\"WebPage\",\"@id\":\"https:\\\/\\\/www.organisator.ch\\\/management\\\/2017-03-14\\\/ebay-foerdert-weibliches-unternehmertum-in-der-schweiz\\\/\",\"url\":\"https:\\\/\\\/www.organisator.ch\\\/management\\\/2017-03-14\\\/ebay-foerdert-weibliches-unternehmertum-in-der-schweiz\\\/\",\"name\":\"eBay f\u00f6rdert weibliches Unternehmertum in der Schweiz - Organisator\",\"isPartOf\":{\"@id\":\"https:\\\/\\\/www.organisator.ch\\\/#website\"},\"primaryImageOfPage\":{\"@id\":\"https:\\\/\\\/www.organisator.ch\\\/management\\\/2017-03-14\\\/ebay-foerdert-weibliches-unternehmertum-in-der-schweiz\\\/#primaryimage\"},\"image\":{\"@id\":\"https:\\\/\\\/www.organisator.ch\\\/management\\\/2017-03-14\\\/ebay-foerdert-weibliches-unternehmertum-in-der-schweiz\\\/#primaryimage\"},\"thumbnailUrl\":\"https:\\\/\\\/www.organisator.ch\\\/wp-content\\\/uploads\\\/2017\\\/03\\\/eBay-foerdert-weibliches-Unternehmertum-in-der-Schweiz-org-organisator.jpg\",\"datePublished\":\"2017-03-14T10:31:00+00:00\",\"breadcrumb\":{\"@id\":\"https:\\\/\\\/www.organisator.ch\\\/management\\\/2017-03-14\\\/ebay-foerdert-weibliches-unternehmertum-in-der-schweiz\\\/#breadcrumb\"},\"inLanguage\":\"de\",\"potentialAction\":[{\"@type\":\"ReadAction\",\"target\":[\"https:\\\/\\\/www.organisator.ch\\\/management\\\/2017-03-14\\\/ebay-foerdert-weibliches-unternehmertum-in-der-schweiz\\\/\"]}]},{\"@type\":\"ImageObject\",\"inLanguage\":\"de\",\"@id\":\"https:\\\/\\\/www.organisator.ch\\\/management\\\/2017-03-14\\\/ebay-foerdert-weibliches-unternehmertum-in-der-schweiz\\\/#primaryimage\",\"url\":\"https:\\\/\\\/www.organisator.ch\\\/wp-content\\\/uploads\\\/2017\\\/03\\\/eBay-foerdert-weibliches-Unternehmertum-in-der-Schweiz-org-organisator.jpg\",\"contentUrl\":\"https:\\\/\\\/www.organisator.ch\\\/wp-content\\\/uploads\\\/2017\\\/03\\\/eBay-foerdert-weibliches-Unternehmertum-in-der-Schweiz-org-organisator.jpg\",\"width\":877,\"height\":547,\"caption\":\"Seit langem engagiert sich eBay f\u00fcr die F\u00f6rderung von Frauen, insbesondere \u00fcber das Women\u2019s Initiative Network (WIN). (Bild: Fotalia).\"},{\"@type\":\"BreadcrumbList\",\"@id\":\"https:\\\/\\\/www.organisator.ch\\\/management\\\/2017-03-14\\\/ebay-foerdert-weibliches-unternehmertum-in-der-schweiz\\\/#breadcrumb\",\"itemListElement\":[{\"@type\":\"ListItem\",\"position\":1,\"name\":\"Home\",\"item\":\"https:\\\/\\\/www.organisator.ch\\\/\"},{\"@type\":\"ListItem\",\"position\":2,\"name\":\"eBay f\u00f6rdert weibliches Unternehmertum in der Schweiz\"}]},{\"@type\":\"WebSite\",\"@id\":\"https:\\\/\\\/www.organisator.ch\\\/#website\",\"url\":\"https:\\\/\\\/www.organisator.ch\\\/\",\"name\":\"Organisator\",\"description\":\"Kompetent. Praxisnah. Der ORGANISATOR bereitet in 10 Ausgaben pro Jahr die wesentlichen Themen f\u00fcr F\u00fchrungskr\u00e4fte von KMU auf.\",\"publisher\":{\"@id\":\"https:\\\/\\\/www.organisator.ch\\\/#organization\"},\"potentialAction\":[{\"@type\":\"SearchAction\",\"target\":{\"@type\":\"EntryPoint\",\"urlTemplate\":\"https:\\\/\\\/www.organisator.ch\\\/?s={search_term_string}\"},\"query-input\":{\"@type\":\"PropertyValueSpecification\",\"valueRequired\":true,\"valueName\":\"search_term_string\"}}],\"inLanguage\":\"de\"},{\"@type\":\"Organization\",\"@id\":\"https:\\\/\\\/www.organisator.ch\\\/#organization\",\"name\":\"Organisator\",\"url\":\"https:\\\/\\\/www.organisator.ch\\\/\",\"logo\":{\"@type\":\"ImageObject\",\"inLanguage\":\"de\",\"@id\":\"https:\\\/\\\/www.organisator.ch\\\/#\\\/schema\\\/logo\\\/image\\\/\",\"url\":\"https:\\\/\\\/www.organisator.ch\\\/wp-content\\\/uploads\\\/2022\\\/01\\\/Logo_Organisator_Website.png\",\"contentUrl\":\"https:\\\/\\\/www.organisator.ch\\\/wp-content\\\/uploads\\\/2022\\\/01\\\/Logo_Organisator_Website.png\",\"width\":800,\"height\":77,\"caption\":\"Organisator\"},\"image\":{\"@id\":\"https:\\\/\\\/www.organisator.ch\\\/#\\\/schema\\\/logo\\\/image\\\/\"},\"sameAs\":[\"https:\\\/\\\/www.facebook.com\\\/OrganisatorFachmagazin\",\"https:\\\/\\\/www.linkedin.com\\\/showcase\\\/organisator-das-magazin-fr-kmu\",\"https:\\\/\\\/www.xing.com\\\/news\\\/pages\\\/organisator-ch-695\",\"https:\\\/\\\/www.youtube.com\\\/channel\\\/UCGP2Sq0iWaZwT3BdIAQFYpw\"]},{\"@type\":\"Person\",\"@id\":\"https:\\\/\\\/www.organisator.ch\\\/#\\\/schema\\\/person\\\/134708ca9321c57b0362cceb7948ffbd\",\"name\":\"michael.merz\",\"image\":{\"@type\":\"ImageObject\",\"inLanguage\":\"de\",\"@id\":\"https:\\\/\\\/secure.gravatar.com\\\/avatar\\\/?s=96&d=mm&r=g\",\"url\":\"https:\\\/\\\/secure.gravatar.com\\\/avatar\\\/?s=96&d=mm&r=g\",\"contentUrl\":\"https:\\\/\\\/secure.gravatar.com\\\/avatar\\\/?s=96&d=mm&r=g\",\"caption\":\"michael.merz\"},\"url\":\"https:\\\/\\\/www.organisator.ch\\\/de\\\/author\\\/michael-merz\\\/\"}]}<\/script>\n<!-- \/ Yoast SEO plugin. -->","yoast_head_json":{"title":"eBay f\u00f6rdert weibliches Unternehmertum in der Schweiz - Organisator","robots":{"index":"index","follow":"follow","max-snippet":"max-snippet:-1","max-image-preview":"max-image-preview:large","max-video-preview":"max-video-preview:-1"},"canonical":"https:\/\/www.organisator.ch\/de\/management\/2017-03-14\/ebay-foerdert-weibliches-unternehmertum-in-der-schweiz\/","og_locale":"de_DE","og_type":"article","og_title":"eBay f\u00f6rdert weibliches Unternehmertum in der Schweiz","og_description":"#eBay verpflichtet sich #weiblichesUnternehmertum in der Schweiz zu f\u00f6rdern. In einer Reihe praxisbezogener Workshops und Veranstaltungen sollen im Laufe des Jahres Wissen und F\u00e4higkeiten vermittelt werden.","og_url":"https:\/\/www.organisator.ch\/de\/management\/2017-03-14\/ebay-foerdert-weibliches-unternehmertum-in-der-schweiz\/","og_site_name":"Organisator","article_publisher":"https:\/\/www.facebook.com\/OrganisatorFachmagazin","article_published_time":"2017-03-14T10:31:00+00:00","og_image":[{"width":877,"height":547,"url":"https:\/\/www.organisator.ch\/wp-content\/uploads\/2017\/03\/eBay-foerdert-weibliches-Unternehmertum-in-der-Schweiz-org-organisator.jpg","type":"image\/jpeg"}],"author":"michael.merz","twitter_card":"summary_large_image","twitter_title":"#eBay f\u00f6rdert #weiblichesUnternehmertum in der Schweiz","twitter_description":"#eBay verpflichtet sich #weiblichesUnternehmertum in der Schweiz zu f\u00f6rdern. In einer Reihe praxisbezogener Workshops und Veranstaltungen sollen im Laufe des Jahres Wissen und F\u00e4higkeiten vermittelt werden.","twitter_image":"https:\/\/www.organisator.ch\/wp-content\/uploads\/2017\/03\/eBay-f\u00f6rdert-weibliches-Unternehmertum-in-der-Schweiz-org-organisator.jpg","schema":{"@context":"https:\/\/schema.org","@graph":[{"@type":"Article","@id":"https:\/\/www.organisator.ch\/management\/2017-03-14\/ebay-foerdert-weibliches-unternehmertum-in-der-schweiz\/#article","isPartOf":{"@id":"https:\/\/www.organisator.ch\/management\/2017-03-14\/ebay-foerdert-weibliches-unternehmertum-in-der-schweiz\/"},"author":{"name":"michael.merz","@id":"https:\/\/www.organisator.ch\/#\/schema\/person\/134708ca9321c57b0362cceb7948ffbd"},"headline":"eBay f\u00f6rdert weibliches Unternehmertum in der Schweiz","datePublished":"2017-03-14T10:31:00+00:00","mainEntityOfPage":{"@id":"https:\/\/www.organisator.ch\/management\/2017-03-14\/ebay-foerdert-weibliches-unternehmertum-in-der-schweiz\/"},"wordCount":289,"commentCount":0,"publisher":{"@id":"https:\/\/www.organisator.ch\/#organization"},"image":{"@id":"https:\/\/www.organisator.ch\/management\/2017-03-14\/ebay-foerdert-weibliches-unternehmertum-in-der-schweiz\/#primaryimage"},"thumbnailUrl":"https:\/\/www.organisator.ch\/wp-content\/uploads\/2017\/03\/eBay-foerdert-weibliches-Unternehmertum-in-der-Schweiz-org-organisator.jpg","keywords":["eBay","Management und Unternehmensf\u00fchrung","Unternehmerin","Woman's Expo Switzerland"],"articleSection":["MANAGEMENT"],"inLanguage":"de"},{"@type":"WebPage","@id":"https:\/\/www.organisator.ch\/management\/2017-03-14\/ebay-foerdert-weibliches-unternehmertum-in-der-schweiz\/","url":"https:\/\/www.organisator.ch\/management\/2017-03-14\/ebay-foerdert-weibliches-unternehmertum-in-der-schweiz\/","name":"eBay f\u00f6rdert weibliches Unternehmertum in der Schweiz - Organisator","isPartOf":{"@id":"https:\/\/www.organisator.ch\/#website"},"primaryImageOfPage":{"@id":"https:\/\/www.organisator.ch\/management\/2017-03-14\/ebay-foerdert-weibliches-unternehmertum-in-der-schweiz\/#primaryimage"},"image":{"@id":"https:\/\/www.organisator.ch\/management\/2017-03-14\/ebay-foerdert-weibliches-unternehmertum-in-der-schweiz\/#primaryimage"},"thumbnailUrl":"https:\/\/www.organisator.ch\/wp-content\/uploads\/2017\/03\/eBay-foerdert-weibliches-Unternehmertum-in-der-Schweiz-org-organisator.jpg","datePublished":"2017-03-14T10:31:00+00:00","breadcrumb":{"@id":"https:\/\/www.organisator.ch\/management\/2017-03-14\/ebay-foerdert-weibliches-unternehmertum-in-der-schweiz\/#breadcrumb"},"inLanguage":"de","potentialAction":[{"@type":"ReadAction","target":["https:\/\/www.organisator.ch\/management\/2017-03-14\/ebay-foerdert-weibliches-unternehmertum-in-der-schweiz\/"]}]},{"@type":"ImageObject","inLanguage":"de","@id":"https:\/\/www.organisator.ch\/management\/2017-03-14\/ebay-foerdert-weibliches-unternehmertum-in-der-schweiz\/#primaryimage","url":"https:\/\/www.organisator.ch\/wp-content\/uploads\/2017\/03\/eBay-foerdert-weibliches-Unternehmertum-in-der-Schweiz-org-organisator.jpg","contentUrl":"https:\/\/www.organisator.ch\/wp-content\/uploads\/2017\/03\/eBay-foerdert-weibliches-Unternehmertum-in-der-Schweiz-org-organisator.jpg","width":877,"height":547,"caption":"Seit langem engagiert sich eBay f\u00fcr die F\u00f6rderung von Frauen, insbesondere \u00fcber das Women\u2019s Initiative Network (WIN). (Bild: Fotalia)."},{"@type":"BreadcrumbList","@id":"https:\/\/www.organisator.ch\/management\/2017-03-14\/ebay-foerdert-weibliches-unternehmertum-in-der-schweiz\/#breadcrumb","itemListElement":[{"@type":"ListItem","position":1,"name":"Home","item":"https:\/\/www.organisator.ch\/"},{"@type":"ListItem","position":2,"name":"eBay f\u00f6rdert weibliches Unternehmertum in der Schweiz"}]},{"@type":"WebSite","@id":"https:\/\/www.organisator.ch\/#website","url":"https:\/\/www.organisator.ch\/","name":"Organisator","description":"Kompetent. Praxisnah. Der ORGANISATOR bereitet in 10 Ausgaben pro Jahr die wesentlichen Themen f\u00fcr F\u00fchrungskr\u00e4fte von KMU auf.","publisher":{"@id":"https:\/\/www.organisator.ch\/#organization"},"potentialAction":[{"@type":"SearchAction","target":{"@type":"EntryPoint","urlTemplate":"https:\/\/www.organisator.ch\/?s={search_term_string}"},"query-input":{"@type":"PropertyValueSpecification","valueRequired":true,"valueName":"search_term_string"}}],"inLanguage":"de"},{"@type":"Organization","@id":"https:\/\/www.organisator.ch\/#organization","name":"Organisator","url":"https:\/\/www.organisator.ch\/","logo":{"@type":"ImageObject","inLanguage":"de","@id":"https:\/\/www.organisator.ch\/#\/schema\/logo\/image\/","url":"https:\/\/www.organisator.ch\/wp-content\/uploads\/2022\/01\/Logo_Organisator_Website.png","contentUrl":"https:\/\/www.organisator.ch\/wp-content\/uploads\/2022\/01\/Logo_Organisator_Website.png","width":800,"height":77,"caption":"Organisator"},"image":{"@id":"https:\/\/www.organisator.ch\/#\/schema\/logo\/image\/"},"sameAs":["https:\/\/www.facebook.com\/OrganisatorFachmagazin","https:\/\/www.linkedin.com\/showcase\/organisator-das-magazin-fr-kmu","https:\/\/www.xing.com\/news\/pages\/organisator-ch-695","https:\/\/www.youtube.com\/channel\/UCGP2Sq0iWaZwT3BdIAQFYpw"]},{"@type":"Person","@id":"https:\/\/www.organisator.ch\/#\/schema\/person\/134708ca9321c57b0362cceb7948ffbd","name":"michael.merz","image":{"@type":"ImageObject","inLanguage":"de","@id":"https:\/\/secure.gravatar.com\/avatar\/?s=96&d=mm&r=g","url":"https:\/\/secure.gravatar.com\/avatar\/?s=96&d=mm&r=g","contentUrl":"https:\/\/secure.gravatar.com\/avatar\/?s=96&d=mm&r=g","caption":"michael.merz"},"url":"https:\/\/www.organisator.ch\/de\/author\/michael-merz\/"}]}},"_links":{"self":[{"href":"https:\/\/www.organisator.ch\/de\/wp-json\/wp\/v2\/posts\/1643","targetHints":{"allow":["GET"]}}],"collection":[{"href":"https:\/\/www.organisator.ch\/de\/wp-json\/wp\/v2\/posts"}],"about":[{"href":"https:\/\/www.organisator.ch\/de\/wp-json\/wp\/v2\/types\/post"}],"author":[{"embeddable":true,"href":"https:\/\/www.organisator.ch\/de\/wp-json\/wp\/v2\/users\/5"}],"replies":[{"embeddable":true,"href":"https:\/\/www.organisator.ch\/de\/wp-json\/wp\/v2\/comments?post=1643"}],"version-history":[{"count":0,"href":"https:\/\/www.organisator.ch\/de\/wp-json\/wp\/v2\/posts\/1643\/revisions"}],"wp:featuredmedia":[{"embeddable":true,"href":"https:\/\/www.organisator.ch\/de\/wp-json\/wp\/v2\/media\/1644"}],"wp:attachment":[{"href":"https:\/\/www.organisator.ch\/de\/wp-json\/wp\/v2\/media?parent=1643"}],"wp:term":[{"taxonomy":"category","embeddable":true,"href":"https:\/\/www.organisator.ch\/de\/wp-json\/wp\/v2\/categories?post=1643"},{"taxonomy":"post_tag","embeddable":true,"href":"https:\/\/www.organisator.ch\/de\/wp-json\/wp\/v2\/tags?post=1643"}],"curies":[{"name":"wp","href":"https:\/\/api.w.org\/{rel}","templated":true}]}}