{"id":16431,"date":"2022-08-12T08:08:51","date_gmt":"2022-08-12T06:08:51","guid":{"rendered":"https:\/\/www.organisator.ch\/?p=16431"},"modified":"2022-08-12T08:08:51","modified_gmt":"2022-08-12T06:08:51","slug":"weltweiter-ma-markt-unveraendert-aktiv","status":"publish","type":"post","link":"https:\/\/www.organisator.ch\/de\/management\/2022-08-12\/weltweiter-ma-markt-unveraendert-aktiv\/","title":{"rendered":"Weltweiter M&#038;A-Markt unver\u00e4ndert aktiv"},"content":{"rendered":"<figure id=\"attachment_16432\" aria-describedby=\"caption-attachment-16432\" style=\"width: 680px\" class=\"wp-caption alignnone\"><img loading=\"lazy\" decoding=\"async\" class=\"size-full wp-image-16432\" src=\"https:\/\/www.organisator.ch\/wp-content\/uploads\/2022\/08\/Weltweiter-MA-Markt-unverandert-aktiv_Organisator.jpg\" alt=\"\" width=\"680\" height=\"453\" srcset=\"https:\/\/www.organisator.ch\/wp-content\/uploads\/2022\/08\/Weltweiter-MA-Markt-unverandert-aktiv_Organisator.jpg 680w, https:\/\/www.organisator.ch\/wp-content\/uploads\/2022\/08\/Weltweiter-MA-Markt-unverandert-aktiv_Organisator-18x12.jpg 18w, https:\/\/www.organisator.ch\/wp-content\/uploads\/2022\/08\/Weltweiter-MA-Markt-unverandert-aktiv_Organisator-263x175.jpg 263w, https:\/\/www.organisator.ch\/wp-content\/uploads\/2022\/08\/Weltweiter-MA-Markt-unverandert-aktiv_Organisator-525x350.jpg 525w, https:\/\/www.organisator.ch\/wp-content\/uploads\/2022\/08\/Weltweiter-MA-Markt-unverandert-aktiv_Organisator-300x200.jpg 300w\" sizes=\"auto, (max-width: 680px) 100vw, 680px\" \/><figcaption id=\"caption-attachment-16432\" class=\"wp-caption-text\">Der globale M&amp;A-Markt k\u00f6nnte 2022 k\u00f6nnte neue H\u00f6chstst\u00e4nde erreichen. Doch am Rekordjahr 2021 mit einem Volumen von 5,9 Billionen US-Dollar wird wahrscheinlich nicht gekratzt. (Bild: Unsplash.com)<\/figcaption><\/figure>\n<p>Die weltweite M&amp;A-Rekordjagd h\u00e4lt trotz hoher Inflation und drohender Rezession an, wie der Halbjahresreport des Beratungsunternehmens Bain &amp; Company zum globalen M&amp;A-Markt zeigt. Es zeichne sich ab, dass das Transaktionsvolumen in diesem Jahr mit 4,7 Billionen US-Dollar den zweith\u00f6chsten Wert seit der Jahrhundertwende erreichen k\u00f6nnte, so der Report. Lediglich im Ausnahmejahr 2021 war es mit 5,9 Billionen US-Dollar h\u00f6her. Im Bericht werden nicht nur die j\u00fcngsten Entwicklungen im M&amp;A-Markt analysiert. Auch wird aufgezeigt, wie sich Firmenk\u00e4ufer mithilfe von \u00dcbernahmen selbst in turbulenten Zeiten einen Wettbewerbsvorsprung verschaffen k\u00f6nnen.<\/p>\n<h3>M&amp;A-Markt: Solide Bilanzen und hohe Cashflow-Zufl\u00fcsse f\u00f6rdern Kaufbereitschaft<\/h3>\n<p>&#8222;In den vergangenen Jahren haben die niedrigen Zinsen den M&amp;A-Boom zus\u00e4tzlich angeheizt&#8220;, erkl\u00e4rt Bain-Partner Dr. Tobias Umbeck. &#8222;Mit der Zinswende der Zentralbanken erst in den USA und nun auch in Europa geht die Zeit des billigen Geldes dem Ende entgegen.&#8220; Das tr\u00e4fe aktuell Finanzinvestoren mehr als strategische K\u00e4ufer, da bei Letzteren in vielen F\u00e4llen die Bilanzen solide und die Cashflow-Zufl\u00fcsse hoch w\u00e4ren. Daher h\u00e4tten sie weiterhin Zugang zu Fremdkapital. &#8222;F\u00fchrende Unternehmen werden auch k\u00fcnftig \u00dcbernahmen t\u00e4tigen, denn dies beschert ihnen dringend ben\u00f6tigte Kompetenzen&#8220;, so Umbeck.<\/p>\n<p>Im Fokus stehen dabei Technologieunternehmen. Ihr Anteil am gesamten Transaktionsvolumen der strategischen K\u00e4ufer ist zuletzt signifikant gestiegen. Bain-Partner und Marktbeobachter Tobias H\u00fcrlimann stellt fest: &#8222;Die Corona-Pandemie hat in vielen Branchen die Digitalisierung noch einmal beschleunigt. Da Unternehmen die erforderlichen Kapazit\u00e4ten oft nicht schnell genug aufbauen k\u00f6nnen, kaufen sie passende Spezialisten hinzu.&#8220;<\/p>\n<h3>EBITDA-Multiple steigt deutlich<\/h3>\n<p>Der Angriff Russlands auf die Ukraine mit seinen Folgen f\u00fcr Konjunktur und Inflation hat daran kaum etwas ge\u00e4ndert. Zwar ist das Transaktionsvolumen der strategischen K\u00e4ufer von 970 Milliarden US-Dollar im vierten Quartal 2021 auf 599 Milliarden US-Dollar in den ersten drei Monaten 2022 gesunken. Doch schon im zweiten Quartal d\u00fcrfte das vergleichbare Vorjahresniveau \u00fcbertroffen worden sein -zumal die Bewertungen deutlich anziehen. Lag das durchschnittliche EBITDA-Multiple im ersten Quartal 2022 weltweit noch bei 11,0, stieg es im Fr\u00fchjahr auf 16,7. Im Jahr 2021 hatte sich diese Kennzahl \u00fcber alle vier Quartale hinweg auf 15,4 belaufen.<\/p>\n<p>&#8222;Angesichts solcher Schwankungen und der generellen wirtschaftlichen Unsicherheit erscheint es nachvollziehbar, wenn sich Unternehmen erst einmal zur\u00fcckhielten&#8220;, sagt H\u00fcrlimann. &#8222;Allerdings w\u00e4re es unklug, denn gerade in volatilen Zeiten werden M\u00e4rkte neu verteilt.&#8220; Wer in dieser Phase weiter investiere, habe die Chance, der eigenen Branche \u00fcber Jahre hinweg seinen Stempel aufzudr\u00fccken und \u00fcberdurchschnittliche Renditen zu erwirtschaften. Laut einer Bain-Analyse, die bei weltweit rund 3.900 Unternehmen aus allen Branchen durchgef\u00fchrt wurde, steigern die Gewinner einer Rezession in den 13 Jahren danach ihr EBIT im Durchschnitt um 14 Prozent. Dagegen haben Verlierer diesbez\u00fcglich mit Stagnation zu k\u00e4mpfen. &#8222;Zuk\u00e4ufe erleichtern es, auf die Gewinnerseite zu kommen&#8220;, so H\u00fcrlimann.<\/p>\n<h3>Akribische Vorbereitung ist unerl\u00e4sslich<\/h3>\n<p>Allerdings bed\u00fcrfen gelungene M&amp;A-Transaktionen in einem herausfordernden Umfeld einer besonders gr\u00fcndlichen Vorbereitung. Nach Erfahrungen von Bain hilft ein Stresstest, die Risiken nachhaltig zu reduzieren. Dabei sollten derzeit f\u00fcnf Themen im Mittelpunkt stehen:<\/p>\n<ul>\n<li>Kapitalwert. Die k\u00fcnftigen Cashflow-Zufl\u00fcsse haben entscheidenden Einfluss auf den Kaufpreis. Je l\u00e4nger die drohende Rezession dauert, desto niedriger k\u00f6nnten sie ausfallen.<\/li>\n<li>Verf\u00fcgbarkeit von Kapital. Einschr\u00e4nkungen im internationalen Kapitalverkehr, nationale Regulierungen und der demografische Wandel k\u00f6nnten k\u00fcnftig die Aufnahme von Fremdkapital erschweren.<\/li>\n<li>Inflation. K\u00f6nnen Unternehmen ihre Kosten nicht an ihre Kundschaft weitergeben, sinkt die Marge &#8211; ein entscheidender Faktor f\u00fcr die Bewertung.<\/li>\n<li>Scope versus Scale. In der Krise k\u00f6nnte sich die Konsolidierung einzelner Branchen beschleunigen. Auf Sicht sollte der Fokus jedoch weiterhin auf dem Erwerb zus\u00e4tzlicher Kompetenzen liegen, um den disruptiven Wandel zu bew\u00e4ltigen.<\/li>\n<li>Deglobalisierung. Angesichts geopolitischer Spannungen gewinnen Zuk\u00e4ufe in der eigenen Region an Bedeutung.<\/li>\n<\/ul>\n<p>Bain-Partner Umbeck empfiehlt Firmenk\u00e4ufern, ihre Bewertungs- und Integrationsmodelle im Hinblick auf diese f\u00fcnf Themen zu \u00fcberpr\u00fcfen und entsprechende Massnahmen einzuleiten. Die M&amp;A-Strategie m\u00fcsse ebenso angepasst werden wie die Liste potenzieller Zielunternehmen. Auch gelte es mit Banken \u00fcber k\u00fcnftige Finanzierungskonditionen zu sprechen. &#8222;In turbulenten Zeiten bieten sich oft die besten M\u00f6glichkeiten f\u00fcr Zuk\u00e4ufe&#8220;, betont Umbeck. &#8222;Je schneller sich Unternehmen auf die neuen Rahmenbedingungen einstellen, desto gr\u00f6sser sind ihre Chancen auf einen dauerhaften Wettbewerbsvorsprung.&#8220;<\/p>\n<p><em>Quelle und weitere Informationen: <a href=\"http:\/\/www.bain-company.ch\">Bain &amp; Company<\/a><\/em><\/p>\n","protected":false},"excerpt":{"rendered":"<p>Die weltweite M&amp;A-Rekordjagd h\u00e4lt trotz hoher Inflation und drohender Rezession an, wie der Halbjahresreport des Beratungsunternehmens Bain &amp; Company zum globalen M&amp;A-Markt zeigt. Es zeichne sich ab, dass das Transaktionsvolumen in diesem Jahr mit 4,7 Billionen US-Dollar den zweith\u00f6chsten Wert seit der Jahrhundertwende erreichen k\u00f6nnte, so der Report. Lediglich im Ausnahmejahr 2021 war es mit [&hellip;]<\/p>\n","protected":false},"author":4,"featured_media":16432,"comment_status":"closed","ping_status":"closed","sticky":false,"template":"","format":"standard","meta":{"_acf_changed":false,"_yoast_wpseo_focuskw":"M&A-Markt","_yoast_wpseo_metadesc":"Unternehmen setzen auch in turbulenten Zeiten auf \u00dcbernahmen. Dies zeigt der Bain-Halbjahresreport zum weltweiten M&A-Markt.","articlekey":"","footnotes":""},"categories":[28],"tags":[3323,310,335],"class_list":["post-16431","post","type-post","status-publish","format-standard","has-post-thumbnail","hentry","category-management","tag-firmenuebernahmen","tag-konjunktur","tag-management-und-unternehmensfuehrung"],"acf":[],"yoast_head":"<!-- This site is optimized with the Yoast SEO plugin v27.5 - https:\/\/yoast.com\/product\/yoast-seo-wordpress\/ -->\n<title>Weltweiter M&amp;A-Markt unver\u00e4ndert aktiv - Organisator<\/title>\n<meta name=\"description\" content=\"Unternehmen setzen auch in turbulenten Zeiten auf \u00dcbernahmen. Dies zeigt der Bain-Halbjahresreport zum weltweiten M&amp;A-Markt.\" \/>\n<meta name=\"robots\" content=\"index, follow, max-snippet:-1, max-image-preview:large, max-video-preview:-1\" \/>\n<link rel=\"canonical\" href=\"https:\/\/www.organisator.ch\/de\/management\/2022-08-12\/weltweiter-ma-markt-unveraendert-aktiv\/\" \/>\n<meta property=\"og:locale\" content=\"de_DE\" \/>\n<meta property=\"og:type\" content=\"article\" \/>\n<meta property=\"og:title\" content=\"Weltweiter M&amp;A-Markt unver\u00e4ndert aktiv\" \/>\n<meta property=\"og:description\" content=\"Unternehmen setzen auch in turbulenten Zeiten auf \u00dcbernahmen. Dies zeigt der Bain-Halbjahresreport zum weltweiten M&amp;A-Markt.\" \/>\n<meta property=\"og:url\" content=\"https:\/\/www.organisator.ch\/de\/management\/2022-08-12\/weltweiter-ma-markt-unveraendert-aktiv\/\" \/>\n<meta property=\"og:site_name\" content=\"Organisator\" \/>\n<meta property=\"article:publisher\" content=\"https:\/\/www.facebook.com\/OrganisatorFachmagazin\" \/>\n<meta property=\"article:published_time\" content=\"2022-08-12T06:08:51+00:00\" \/>\n<meta property=\"og:image\" content=\"https:\/\/www.organisator.ch\/wp-content\/uploads\/2022\/08\/Weltweiter-MA-Markt-unverandert-aktiv_Organisator.jpg\" \/>\n\t<meta property=\"og:image:width\" content=\"680\" \/>\n\t<meta property=\"og:image:height\" content=\"453\" \/>\n\t<meta property=\"og:image:type\" content=\"image\/jpeg\" \/>\n<meta name=\"author\" content=\"thomas.berner\" \/>\n<meta name=\"twitter:card\" content=\"summary_large_image\" \/>\n<meta name=\"twitter:title\" content=\"Weltweiter #M&amp;A-Markt unver\u00e4ndert aktiv\" \/>\n<meta name=\"twitter:description\" content=\"Unternehmen setzen auch in turbulenten Zeiten auf #\u00dcbernahmen. Dies zeigt der #Bain-Halbjahresreport zum weltweiten #M&amp;A-Markt.\" \/>\n<meta name=\"twitter:image\" content=\"https:\/\/www.organisator.ch\/wp-content\/uploads\/2022\/08\/Weltweiter-MA-Markt-unverandert-aktiv_Organisator.jpg\" \/>\n<script type=\"application\/ld+json\" class=\"yoast-schema-graph\">{\"@context\":\"https:\\\/\\\/schema.org\",\"@graph\":[{\"@type\":\"Article\",\"@id\":\"https:\\\/\\\/www.organisator.ch\\\/management\\\/2022-08-12\\\/weltweiter-ma-markt-unveraendert-aktiv\\\/#article\",\"isPartOf\":{\"@id\":\"https:\\\/\\\/www.organisator.ch\\\/management\\\/2022-08-12\\\/weltweiter-ma-markt-unveraendert-aktiv\\\/\"},\"author\":{\"name\":\"thomas.berner\",\"@id\":\"https:\\\/\\\/www.organisator.ch\\\/#\\\/schema\\\/person\\\/6f650f90b2842cd4c0cc334b4e36f67e\"},\"headline\":\"Weltweiter M&#038;A-Markt unver\u00e4ndert aktiv\",\"datePublished\":\"2022-08-12T06:08:51+00:00\",\"mainEntityOfPage\":{\"@id\":\"https:\\\/\\\/www.organisator.ch\\\/management\\\/2022-08-12\\\/weltweiter-ma-markt-unveraendert-aktiv\\\/\"},\"wordCount\":761,\"publisher\":{\"@id\":\"https:\\\/\\\/www.organisator.ch\\\/#organization\"},\"image\":{\"@id\":\"https:\\\/\\\/www.organisator.ch\\\/management\\\/2022-08-12\\\/weltweiter-ma-markt-unveraendert-aktiv\\\/#primaryimage\"},\"thumbnailUrl\":\"https:\\\/\\\/www.organisator.ch\\\/wp-content\\\/uploads\\\/2022\\\/08\\\/Weltweiter-MA-Markt-unverandert-aktiv_Organisator.jpg\",\"keywords\":[\"Firmen\u00fcbernahmen\",\"Konjunktur\",\"Management und Unternehmensf\u00fchrung\"],\"articleSection\":[\"MANAGEMENT\"],\"inLanguage\":\"de\"},{\"@type\":\"WebPage\",\"@id\":\"https:\\\/\\\/www.organisator.ch\\\/management\\\/2022-08-12\\\/weltweiter-ma-markt-unveraendert-aktiv\\\/\",\"url\":\"https:\\\/\\\/www.organisator.ch\\\/management\\\/2022-08-12\\\/weltweiter-ma-markt-unveraendert-aktiv\\\/\",\"name\":\"Weltweiter M&A-Markt unver\u00e4ndert aktiv - Organisator\",\"isPartOf\":{\"@id\":\"https:\\\/\\\/www.organisator.ch\\\/#website\"},\"primaryImageOfPage\":{\"@id\":\"https:\\\/\\\/www.organisator.ch\\\/management\\\/2022-08-12\\\/weltweiter-ma-markt-unveraendert-aktiv\\\/#primaryimage\"},\"image\":{\"@id\":\"https:\\\/\\\/www.organisator.ch\\\/management\\\/2022-08-12\\\/weltweiter-ma-markt-unveraendert-aktiv\\\/#primaryimage\"},\"thumbnailUrl\":\"https:\\\/\\\/www.organisator.ch\\\/wp-content\\\/uploads\\\/2022\\\/08\\\/Weltweiter-MA-Markt-unverandert-aktiv_Organisator.jpg\",\"datePublished\":\"2022-08-12T06:08:51+00:00\",\"description\":\"Unternehmen setzen auch in turbulenten Zeiten auf \u00dcbernahmen. Dies zeigt der Bain-Halbjahresreport zum weltweiten M&A-Markt.\",\"breadcrumb\":{\"@id\":\"https:\\\/\\\/www.organisator.ch\\\/management\\\/2022-08-12\\\/weltweiter-ma-markt-unveraendert-aktiv\\\/#breadcrumb\"},\"inLanguage\":\"de\",\"potentialAction\":[{\"@type\":\"ReadAction\",\"target\":[\"https:\\\/\\\/www.organisator.ch\\\/management\\\/2022-08-12\\\/weltweiter-ma-markt-unveraendert-aktiv\\\/\"]}]},{\"@type\":\"ImageObject\",\"inLanguage\":\"de\",\"@id\":\"https:\\\/\\\/www.organisator.ch\\\/management\\\/2022-08-12\\\/weltweiter-ma-markt-unveraendert-aktiv\\\/#primaryimage\",\"url\":\"https:\\\/\\\/www.organisator.ch\\\/wp-content\\\/uploads\\\/2022\\\/08\\\/Weltweiter-MA-Markt-unverandert-aktiv_Organisator.jpg\",\"contentUrl\":\"https:\\\/\\\/www.organisator.ch\\\/wp-content\\\/uploads\\\/2022\\\/08\\\/Weltweiter-MA-Markt-unverandert-aktiv_Organisator.jpg\",\"width\":680,\"height\":453,\"caption\":\"Der globale M&A-Markt k\u00f6nnte 2022 k\u00f6nnte neue H\u00f6chstst\u00e4nde erreichen. Doch am Rekordjahr 2021 mit einem Volumen von 5,9 Billionen US-Dollar wird wahrscheinlich nicht gekratzt. (Bild: Unsplash.com)\"},{\"@type\":\"BreadcrumbList\",\"@id\":\"https:\\\/\\\/www.organisator.ch\\\/management\\\/2022-08-12\\\/weltweiter-ma-markt-unveraendert-aktiv\\\/#breadcrumb\",\"itemListElement\":[{\"@type\":\"ListItem\",\"position\":1,\"name\":\"Home\",\"item\":\"https:\\\/\\\/www.organisator.ch\\\/\"},{\"@type\":\"ListItem\",\"position\":2,\"name\":\"Weltweiter M&#038;A-Markt unver\u00e4ndert aktiv\"}]},{\"@type\":\"WebSite\",\"@id\":\"https:\\\/\\\/www.organisator.ch\\\/#website\",\"url\":\"https:\\\/\\\/www.organisator.ch\\\/\",\"name\":\"Organisator\",\"description\":\"Kompetent. Praxisnah. Der ORGANISATOR bereitet in 10 Ausgaben pro Jahr die wesentlichen Themen f\u00fcr F\u00fchrungskr\u00e4fte von KMU auf.\",\"publisher\":{\"@id\":\"https:\\\/\\\/www.organisator.ch\\\/#organization\"},\"potentialAction\":[{\"@type\":\"SearchAction\",\"target\":{\"@type\":\"EntryPoint\",\"urlTemplate\":\"https:\\\/\\\/www.organisator.ch\\\/?s={search_term_string}\"},\"query-input\":{\"@type\":\"PropertyValueSpecification\",\"valueRequired\":true,\"valueName\":\"search_term_string\"}}],\"inLanguage\":\"de\"},{\"@type\":\"Organization\",\"@id\":\"https:\\\/\\\/www.organisator.ch\\\/#organization\",\"name\":\"Organisator\",\"url\":\"https:\\\/\\\/www.organisator.ch\\\/\",\"logo\":{\"@type\":\"ImageObject\",\"inLanguage\":\"de\",\"@id\":\"https:\\\/\\\/www.organisator.ch\\\/#\\\/schema\\\/logo\\\/image\\\/\",\"url\":\"https:\\\/\\\/www.organisator.ch\\\/wp-content\\\/uploads\\\/2022\\\/01\\\/Logo_Organisator_Website.png\",\"contentUrl\":\"https:\\\/\\\/www.organisator.ch\\\/wp-content\\\/uploads\\\/2022\\\/01\\\/Logo_Organisator_Website.png\",\"width\":800,\"height\":77,\"caption\":\"Organisator\"},\"image\":{\"@id\":\"https:\\\/\\\/www.organisator.ch\\\/#\\\/schema\\\/logo\\\/image\\\/\"},\"sameAs\":[\"https:\\\/\\\/www.facebook.com\\\/OrganisatorFachmagazin\",\"https:\\\/\\\/www.linkedin.com\\\/showcase\\\/organisator-das-magazin-fr-kmu\",\"https:\\\/\\\/www.xing.com\\\/news\\\/pages\\\/organisator-ch-695\",\"https:\\\/\\\/www.youtube.com\\\/channel\\\/UCGP2Sq0iWaZwT3BdIAQFYpw\"]},{\"@type\":\"Person\",\"@id\":\"https:\\\/\\\/www.organisator.ch\\\/#\\\/schema\\\/person\\\/6f650f90b2842cd4c0cc334b4e36f67e\",\"name\":\"thomas.berner\",\"image\":{\"@type\":\"ImageObject\",\"inLanguage\":\"de\",\"@id\":\"https:\\\/\\\/secure.gravatar.com\\\/avatar\\\/ac5001d2a36cb6c6cd3e50789007ffca834b477b74a2144564522e944eabff61?s=96&d=mm&r=g\",\"url\":\"https:\\\/\\\/secure.gravatar.com\\\/avatar\\\/ac5001d2a36cb6c6cd3e50789007ffca834b477b74a2144564522e944eabff61?s=96&d=mm&r=g\",\"contentUrl\":\"https:\\\/\\\/secure.gravatar.com\\\/avatar\\\/ac5001d2a36cb6c6cd3e50789007ffca834b477b74a2144564522e944eabff61?s=96&d=mm&r=g\",\"caption\":\"thomas.berner\"},\"url\":\"https:\\\/\\\/www.organisator.ch\\\/de\\\/author\\\/thomas-berner\\\/\"}]}<\/script>\n<!-- \/ Yoast SEO plugin. -->","yoast_head_json":{"title":"Weltweiter M&A-Markt unver\u00e4ndert aktiv - Organisator","description":"Unternehmen setzen auch in turbulenten Zeiten auf \u00dcbernahmen. Dies zeigt der Bain-Halbjahresreport zum weltweiten M&A-Markt.","robots":{"index":"index","follow":"follow","max-snippet":"max-snippet:-1","max-image-preview":"max-image-preview:large","max-video-preview":"max-video-preview:-1"},"canonical":"https:\/\/www.organisator.ch\/de\/management\/2022-08-12\/weltweiter-ma-markt-unveraendert-aktiv\/","og_locale":"de_DE","og_type":"article","og_title":"Weltweiter M&A-Markt unver\u00e4ndert aktiv","og_description":"Unternehmen setzen auch in turbulenten Zeiten auf \u00dcbernahmen. Dies zeigt der Bain-Halbjahresreport zum weltweiten M&A-Markt.","og_url":"https:\/\/www.organisator.ch\/de\/management\/2022-08-12\/weltweiter-ma-markt-unveraendert-aktiv\/","og_site_name":"Organisator","article_publisher":"https:\/\/www.facebook.com\/OrganisatorFachmagazin","article_published_time":"2022-08-12T06:08:51+00:00","og_image":[{"width":680,"height":453,"url":"https:\/\/www.organisator.ch\/wp-content\/uploads\/2022\/08\/Weltweiter-MA-Markt-unverandert-aktiv_Organisator.jpg","type":"image\/jpeg"}],"author":"thomas.berner","twitter_card":"summary_large_image","twitter_title":"Weltweiter #M&A-Markt unver\u00e4ndert aktiv","twitter_description":"Unternehmen setzen auch in turbulenten Zeiten auf #\u00dcbernahmen. Dies zeigt der #Bain-Halbjahresreport zum weltweiten #M&A-Markt.","twitter_image":"https:\/\/www.organisator.ch\/wp-content\/uploads\/2022\/08\/Weltweiter-MA-Markt-unverandert-aktiv_Organisator.jpg","schema":{"@context":"https:\/\/schema.org","@graph":[{"@type":"Article","@id":"https:\/\/www.organisator.ch\/management\/2022-08-12\/weltweiter-ma-markt-unveraendert-aktiv\/#article","isPartOf":{"@id":"https:\/\/www.organisator.ch\/management\/2022-08-12\/weltweiter-ma-markt-unveraendert-aktiv\/"},"author":{"name":"thomas.berner","@id":"https:\/\/www.organisator.ch\/#\/schema\/person\/6f650f90b2842cd4c0cc334b4e36f67e"},"headline":"Weltweiter M&#038;A-Markt unver\u00e4ndert aktiv","datePublished":"2022-08-12T06:08:51+00:00","mainEntityOfPage":{"@id":"https:\/\/www.organisator.ch\/management\/2022-08-12\/weltweiter-ma-markt-unveraendert-aktiv\/"},"wordCount":761,"publisher":{"@id":"https:\/\/www.organisator.ch\/#organization"},"image":{"@id":"https:\/\/www.organisator.ch\/management\/2022-08-12\/weltweiter-ma-markt-unveraendert-aktiv\/#primaryimage"},"thumbnailUrl":"https:\/\/www.organisator.ch\/wp-content\/uploads\/2022\/08\/Weltweiter-MA-Markt-unverandert-aktiv_Organisator.jpg","keywords":["Firmen\u00fcbernahmen","Konjunktur","Management und Unternehmensf\u00fchrung"],"articleSection":["MANAGEMENT"],"inLanguage":"de"},{"@type":"WebPage","@id":"https:\/\/www.organisator.ch\/management\/2022-08-12\/weltweiter-ma-markt-unveraendert-aktiv\/","url":"https:\/\/www.organisator.ch\/management\/2022-08-12\/weltweiter-ma-markt-unveraendert-aktiv\/","name":"Weltweiter M&A-Markt unver\u00e4ndert aktiv - Organisator","isPartOf":{"@id":"https:\/\/www.organisator.ch\/#website"},"primaryImageOfPage":{"@id":"https:\/\/www.organisator.ch\/management\/2022-08-12\/weltweiter-ma-markt-unveraendert-aktiv\/#primaryimage"},"image":{"@id":"https:\/\/www.organisator.ch\/management\/2022-08-12\/weltweiter-ma-markt-unveraendert-aktiv\/#primaryimage"},"thumbnailUrl":"https:\/\/www.organisator.ch\/wp-content\/uploads\/2022\/08\/Weltweiter-MA-Markt-unverandert-aktiv_Organisator.jpg","datePublished":"2022-08-12T06:08:51+00:00","description":"Unternehmen setzen auch in turbulenten Zeiten auf \u00dcbernahmen. Dies zeigt der Bain-Halbjahresreport zum weltweiten M&A-Markt.","breadcrumb":{"@id":"https:\/\/www.organisator.ch\/management\/2022-08-12\/weltweiter-ma-markt-unveraendert-aktiv\/#breadcrumb"},"inLanguage":"de","potentialAction":[{"@type":"ReadAction","target":["https:\/\/www.organisator.ch\/management\/2022-08-12\/weltweiter-ma-markt-unveraendert-aktiv\/"]}]},{"@type":"ImageObject","inLanguage":"de","@id":"https:\/\/www.organisator.ch\/management\/2022-08-12\/weltweiter-ma-markt-unveraendert-aktiv\/#primaryimage","url":"https:\/\/www.organisator.ch\/wp-content\/uploads\/2022\/08\/Weltweiter-MA-Markt-unverandert-aktiv_Organisator.jpg","contentUrl":"https:\/\/www.organisator.ch\/wp-content\/uploads\/2022\/08\/Weltweiter-MA-Markt-unverandert-aktiv_Organisator.jpg","width":680,"height":453,"caption":"Der globale M&A-Markt k\u00f6nnte 2022 k\u00f6nnte neue H\u00f6chstst\u00e4nde erreichen. Doch am Rekordjahr 2021 mit einem Volumen von 5,9 Billionen US-Dollar wird wahrscheinlich nicht gekratzt. (Bild: Unsplash.com)"},{"@type":"BreadcrumbList","@id":"https:\/\/www.organisator.ch\/management\/2022-08-12\/weltweiter-ma-markt-unveraendert-aktiv\/#breadcrumb","itemListElement":[{"@type":"ListItem","position":1,"name":"Home","item":"https:\/\/www.organisator.ch\/"},{"@type":"ListItem","position":2,"name":"Weltweiter M&#038;A-Markt unver\u00e4ndert aktiv"}]},{"@type":"WebSite","@id":"https:\/\/www.organisator.ch\/#website","url":"https:\/\/www.organisator.ch\/","name":"Organisator","description":"Kompetent. Praxisnah. Der ORGANISATOR bereitet in 10 Ausgaben pro Jahr die wesentlichen Themen f\u00fcr F\u00fchrungskr\u00e4fte von KMU auf.","publisher":{"@id":"https:\/\/www.organisator.ch\/#organization"},"potentialAction":[{"@type":"SearchAction","target":{"@type":"EntryPoint","urlTemplate":"https:\/\/www.organisator.ch\/?s={search_term_string}"},"query-input":{"@type":"PropertyValueSpecification","valueRequired":true,"valueName":"search_term_string"}}],"inLanguage":"de"},{"@type":"Organization","@id":"https:\/\/www.organisator.ch\/#organization","name":"Organisator","url":"https:\/\/www.organisator.ch\/","logo":{"@type":"ImageObject","inLanguage":"de","@id":"https:\/\/www.organisator.ch\/#\/schema\/logo\/image\/","url":"https:\/\/www.organisator.ch\/wp-content\/uploads\/2022\/01\/Logo_Organisator_Website.png","contentUrl":"https:\/\/www.organisator.ch\/wp-content\/uploads\/2022\/01\/Logo_Organisator_Website.png","width":800,"height":77,"caption":"Organisator"},"image":{"@id":"https:\/\/www.organisator.ch\/#\/schema\/logo\/image\/"},"sameAs":["https:\/\/www.facebook.com\/OrganisatorFachmagazin","https:\/\/www.linkedin.com\/showcase\/organisator-das-magazin-fr-kmu","https:\/\/www.xing.com\/news\/pages\/organisator-ch-695","https:\/\/www.youtube.com\/channel\/UCGP2Sq0iWaZwT3BdIAQFYpw"]},{"@type":"Person","@id":"https:\/\/www.organisator.ch\/#\/schema\/person\/6f650f90b2842cd4c0cc334b4e36f67e","name":"thomas.berner","image":{"@type":"ImageObject","inLanguage":"de","@id":"https:\/\/secure.gravatar.com\/avatar\/ac5001d2a36cb6c6cd3e50789007ffca834b477b74a2144564522e944eabff61?s=96&d=mm&r=g","url":"https:\/\/secure.gravatar.com\/avatar\/ac5001d2a36cb6c6cd3e50789007ffca834b477b74a2144564522e944eabff61?s=96&d=mm&r=g","contentUrl":"https:\/\/secure.gravatar.com\/avatar\/ac5001d2a36cb6c6cd3e50789007ffca834b477b74a2144564522e944eabff61?s=96&d=mm&r=g","caption":"thomas.berner"},"url":"https:\/\/www.organisator.ch\/de\/author\/thomas-berner\/"}]}},"_links":{"self":[{"href":"https:\/\/www.organisator.ch\/de\/wp-json\/wp\/v2\/posts\/16431","targetHints":{"allow":["GET"]}}],"collection":[{"href":"https:\/\/www.organisator.ch\/de\/wp-json\/wp\/v2\/posts"}],"about":[{"href":"https:\/\/www.organisator.ch\/de\/wp-json\/wp\/v2\/types\/post"}],"author":[{"embeddable":true,"href":"https:\/\/www.organisator.ch\/de\/wp-json\/wp\/v2\/users\/4"}],"replies":[{"embeddable":true,"href":"https:\/\/www.organisator.ch\/de\/wp-json\/wp\/v2\/comments?post=16431"}],"version-history":[{"count":1,"href":"https:\/\/www.organisator.ch\/de\/wp-json\/wp\/v2\/posts\/16431\/revisions"}],"predecessor-version":[{"id":16433,"href":"https:\/\/www.organisator.ch\/de\/wp-json\/wp\/v2\/posts\/16431\/revisions\/16433"}],"wp:featuredmedia":[{"embeddable":true,"href":"https:\/\/www.organisator.ch\/de\/wp-json\/wp\/v2\/media\/16432"}],"wp:attachment":[{"href":"https:\/\/www.organisator.ch\/de\/wp-json\/wp\/v2\/media?parent=16431"}],"wp:term":[{"taxonomy":"category","embeddable":true,"href":"https:\/\/www.organisator.ch\/de\/wp-json\/wp\/v2\/categories?post=16431"},{"taxonomy":"post_tag","embeddable":true,"href":"https:\/\/www.organisator.ch\/de\/wp-json\/wp\/v2\/tags?post=16431"}],"curies":[{"name":"wp","href":"https:\/\/api.w.org\/{rel}","templated":true}]}}