{"id":1651,"date":"2017-03-15T11:43:12","date_gmt":"2017-03-15T10:43:12","guid":{"rendered":"https:\/\/www.organisator.ch\/?p=1651"},"modified":"2017-03-15T11:43:12","modified_gmt":"2017-03-15T10:43:12","slug":"randstad-arbeitsbarometer-laesst-wahrnehmung-der-digitalisierung-zutage-treten","status":"publish","type":"post","link":"https:\/\/www.organisator.ch\/de\/human-resources\/hrm\/2017-03-15\/randstad-arbeitsbarometer-laesst-wahrnehmung-der-digitalisierung-zutage-treten\/","title":{"rendered":"Randstad Arbeitsbarometer l\u00e4sst Wahrnehmung der Digitalisierung zutage treten"},"content":{"rendered":"<figure id=\"attachment_1652\" aria-describedby=\"caption-attachment-1652\" style=\"width: 640px\" class=\"wp-caption alignnone\"><img loading=\"lazy\" decoding=\"async\" class=\"wp-image-1652 size-full\" src=\"https:\/\/www.organisator.ch\/wp-content\/uploads\/2017\/03\/Randstand-Arbeitsbarometer-2017-org-organisator.jpg\" alt=\"\" width=\"640\" height=\"399\" srcset=\"https:\/\/www.organisator.ch\/wp-content\/uploads\/2017\/03\/Randstand-Arbeitsbarometer-2017-org-organisator.jpg 640w, https:\/\/www.organisator.ch\/wp-content\/uploads\/2017\/03\/Randstand-Arbeitsbarometer-2017-org-organisator-16x10.jpg 16w, https:\/\/www.organisator.ch\/wp-content\/uploads\/2017\/03\/Randstand-Arbeitsbarometer-2017-org-organisator-281x175.jpg 281w, https:\/\/www.organisator.ch\/wp-content\/uploads\/2017\/03\/Randstand-Arbeitsbarometer-2017-org-organisator-561x350.jpg 561w, https:\/\/www.organisator.ch\/wp-content\/uploads\/2017\/03\/Randstand-Arbeitsbarometer-2017-org-organisator-300x187.jpg 300w\" sizes=\"auto, (max-width: 640px) 100vw, 640px\" \/><figcaption id=\"caption-attachment-1652\" class=\"wp-caption-text\">Wohin f\u00fchrt uns die Digitalit\u00e4t? Der Randstand Arbeitsbarometer zeigt aktuelle Indices. (Bild: Apple Smart Watch)<\/figcaption><\/figure>\n<p>Der Randstad Arbeitsbarometer zeigt Erstaunliches: Die Schweiz liegt in Sachen Digitalisierungslevel unter dem globalen Durchschnitt. In vielen anderen L\u00e4ndern hat die Digitalisierung bereits eine gr\u00f6ssere Gewichtung. Global sind n\u00e4mlich 84 % der Teilnehmenden \u00fcberzeugt, dass jedes Unternehmen eine digitale Strategie haben sollte und 59 % best\u00e4tigen, dass ihr Arbeitgeber auch eine hat.<\/p>\n<p>F\u00fcr die Schweizer Arbeitgeber besteht also deutlich Handlungsbedarf &#8211; entweder eine Digital-Strategie zu erarbeiten oder ihre Mitarbeitenden \u00fcber die bestehende Strategie zu informieren.<\/p>\n<p><strong>Ungenutzte Chancen<\/strong><\/p>\n<p>Jonathan Isenring, Co-Founder des Digital Festivals in der Schweiz, sieht verschiedene m\u00f6gliche Einflussfaktoren f\u00fcr die Studienresultate der Schweiz: &#8222;In der Schweiz gibt es tendenziell immer noch einige Branchen und Firmen, welche sich bez\u00fcglich Digitalisierung in einer Komfortzone befinden. Vielleicht haben sie zu wenig Druck, eine digitale Strategie zu entwickeln. Ein weiterer Faktor ist vermutlich auch die eher zur\u00fcckhaltende, Understatement-Haltung der Schweizer, die sich selbst tiefer und weniger optimistisch einsch\u00e4tzen als andere L\u00e4nder und Kulturen dies tun.&#8220;<\/p>\n<p><strong>Schweizer Arbeitnehmer <\/strong><\/p>\n<p>Die digitale Arbeitswelt erfordert andere F\u00e4higkeiten als momentan vorhanden sind &#8211; dieser Aussage stimmen 63 % aller Schweizer Umfrage-Teilnehmenden zu. Hingegen meint nur die H\u00e4lfte aller Schweizer Befragten, sich mehr digitale F\u00e4higkeiten aneignen zu m\u00fcssen, um ihre zuk\u00fcnftige Arbeitsmarktf\u00e4higkeit zu sichern.<\/p>\n<p>Liegt diese Einsch\u00e4tzung an der fortschrittlichen Bildungslandschaft Schweiz? Toni Schmid, Betriebs\u00f6konom FH und Gesch\u00e4ftsf\u00fchrer der FH SCHWEIZ, dem nationalen Dachverband f\u00fcr Absolventinnen und Absolventen von Schweizer Fachhochschulen sch\u00e4tzt die Studienresultate folgendermassen ein: &#8222;Gerade an Fachhochschulen, wo die praktische Anwendung sehr wichtig ist, waren die Themen der Digitalisierung schon immer pr\u00e4sent und sie werden laufend vertieft. Dies geschieht innerhalb der Fachbereiche oder aber zwischenzeitlich mit spezialisierten Departementen oder Kooperationen. Die Absolventinnen und Absolventen sind also gut auf den Arbeitsmarkt vorbereitet. Das best\u00e4tigen auch die sehr tiefen Arbeitslosenquoten beim \u00dcbertritt der Studierenden in den Beruf. Insofern ist dieses Abschneiden in den hinteren R\u00e4ngen als h\u00f6chste Auszeichnung zu verstehen.&#8220;<\/p>\n<p><strong>M\u00e4nnliche Digital Natives <\/strong><\/p>\n<p>Schweizer M\u00e4nner haben tendenziell eher das Gef\u00fchl, sich digitale F\u00e4higkeiten aneignen zu m\u00fcssen als die Schweizer Frauen. Im Alter von 18 &#8211; 24 Jahren ist die Differenz extrem stark. M\u00e4nnliche Digital Natives sind mit 77 % \u00fcberzeugt davon, dass sie mehr digitale F\u00e4higkeiten ben\u00f6tigen, um in Zukunft noch eine Stelle zu finden. Bei den weiblichen Digital Natives liegt diese Zahl nur bei 47 %.<\/p>\n<p><em>Weitere Neuigkeiten \u00fcber den Randstad Studien (wie den Mobility Index) finden Sie unter <a href=\"http:\/\/www.randstad.com\">www.randstad.com<\/a><\/em><\/p>\n<p>&nbsp;<\/p>\n","protected":false},"excerpt":{"rendered":"<p>Der Randstad Arbeitsbarometer zeigt Erstaunliches: Die Schweiz liegt in Sachen Digitalisierungslevel unter dem globalen Durchschnitt. In vielen anderen L\u00e4ndern hat die Digitalisierung bereits eine gr\u00f6ssere Gewichtung. Global sind n\u00e4mlich 84 % der Teilnehmenden \u00fcberzeugt, dass jedes Unternehmen eine digitale Strategie haben sollte und 59 % best\u00e4tigen, dass ihr Arbeitgeber auch eine hat. F\u00fcr die Schweizer [&hellip;]<\/p>\n","protected":false},"author":5,"featured_media":1652,"comment_status":"open","ping_status":"open","sticky":false,"template":"","format":"standard","meta":{"_acf_changed":false,"_yoast_wpseo_focuskw":"Randstad Arbeitsbarometer","_yoast_wpseo_metadesc":"Der Randstad Arbeitsbarometer zeigt, dass die Schweizer Unternehmen bez\u00fcglich der Digital-Strategie gegen\u00fcber anderen L\u00e4ndern Aufholbedarf haben.","articlekey":"","footnotes":""},"categories":[26,27],"tags":[44,48,154,156],"class_list":["post-1651","post","type-post","status-publish","format-standard","has-post-thumbnail","hentry","category-hrm","category-it","tag-arbeitsbarometer","tag-arbeitsnehmende","tag-digital-natives","tag-digitalisierung"],"acf":[],"yoast_head":"<!-- This site is optimized with the Yoast SEO plugin v27.5 - https:\/\/yoast.com\/product\/yoast-seo-wordpress\/ -->\n<title>Randstad Arbeitsbarometer l\u00e4sst Wahrnehmung der Digitalisierung zutage treten - Organisator<\/title>\n<meta name=\"description\" content=\"Der Randstad Arbeitsbarometer zeigt, dass die Schweizer Unternehmen bez\u00fcglich der Digital-Strategie gegen\u00fcber anderen L\u00e4ndern Aufholbedarf haben.\" \/>\n<meta name=\"robots\" content=\"index, follow, max-snippet:-1, max-image-preview:large, max-video-preview:-1\" \/>\n<link rel=\"canonical\" href=\"https:\/\/www.organisator.ch\/de\/human-resources\/hrm\/2017-03-15\/randstad-arbeitsbarometer-laesst-wahrnehmung-der-digitalisierung-zutage-treten\/\" \/>\n<meta property=\"og:locale\" content=\"de_DE\" \/>\n<meta property=\"og:type\" content=\"article\" \/>\n<meta property=\"og:title\" content=\"Randstad Arbeitsbarometer l\u00e4sst Wahrnehmung der Digitalisierung zutage treten\" \/>\n<meta property=\"og:description\" content=\"Der #Randstad Arbeitsbarometer zeigt, dass die Schweizer Unternehmen bez\u00fcglich der #Digital-Strategie gegen\u00fcber anderen L\u00e4ndern Nachholbedarf haben.\" \/>\n<meta property=\"og:url\" content=\"https:\/\/www.organisator.ch\/de\/human-resources\/hrm\/2017-03-15\/randstad-arbeitsbarometer-laesst-wahrnehmung-der-digitalisierung-zutage-treten\/\" \/>\n<meta property=\"og:site_name\" content=\"Organisator\" \/>\n<meta property=\"article:publisher\" content=\"https:\/\/www.facebook.com\/OrganisatorFachmagazin\" \/>\n<meta property=\"article:published_time\" content=\"2017-03-15T10:43:12+00:00\" \/>\n<meta property=\"og:image\" content=\"https:\/\/www.organisator.ch\/wp-content\/uploads\/2017\/03\/Randstand-Arbeitsbarometer-2017-org-organisator.jpg\" \/>\n\t<meta property=\"og:image:width\" content=\"640\" \/>\n\t<meta property=\"og:image:height\" content=\"399\" \/>\n\t<meta property=\"og:image:type\" content=\"image\/jpeg\" \/>\n<meta name=\"author\" content=\"michael.merz\" \/>\n<meta name=\"twitter:card\" content=\"summary_large_image\" \/>\n<script type=\"application\/ld+json\" class=\"yoast-schema-graph\">{\"@context\":\"https:\\\/\\\/schema.org\",\"@graph\":[{\"@type\":\"Article\",\"@id\":\"https:\\\/\\\/www.organisator.ch\\\/human-resources\\\/hrm\\\/2017-03-15\\\/randstad-arbeitsbarometer-laesst-wahrnehmung-der-digitalisierung-zutage-treten\\\/#article\",\"isPartOf\":{\"@id\":\"https:\\\/\\\/www.organisator.ch\\\/human-resources\\\/hrm\\\/2017-03-15\\\/randstad-arbeitsbarometer-laesst-wahrnehmung-der-digitalisierung-zutage-treten\\\/\"},\"author\":{\"name\":\"michael.merz\",\"@id\":\"https:\\\/\\\/www.organisator.ch\\\/#\\\/schema\\\/person\\\/134708ca9321c57b0362cceb7948ffbd\"},\"headline\":\"Randstad Arbeitsbarometer l\u00e4sst Wahrnehmung der Digitalisierung zutage treten\",\"datePublished\":\"2017-03-15T10:43:12+00:00\",\"mainEntityOfPage\":{\"@id\":\"https:\\\/\\\/www.organisator.ch\\\/human-resources\\\/hrm\\\/2017-03-15\\\/randstad-arbeitsbarometer-laesst-wahrnehmung-der-digitalisierung-zutage-treten\\\/\"},\"wordCount\":442,\"commentCount\":0,\"publisher\":{\"@id\":\"https:\\\/\\\/www.organisator.ch\\\/#organization\"},\"image\":{\"@id\":\"https:\\\/\\\/www.organisator.ch\\\/human-resources\\\/hrm\\\/2017-03-15\\\/randstad-arbeitsbarometer-laesst-wahrnehmung-der-digitalisierung-zutage-treten\\\/#primaryimage\"},\"thumbnailUrl\":\"https:\\\/\\\/www.organisator.ch\\\/wp-content\\\/uploads\\\/2017\\\/03\\\/Randstand-Arbeitsbarometer-2017-org-organisator.jpg\",\"keywords\":[\"Arbeitsbarometer\",\"Arbeitsnehmende\",\"Digital Natives\",\"Digitalisierung\"],\"articleSection\":[\"HRM\",\"IT\"],\"inLanguage\":\"de\"},{\"@type\":\"WebPage\",\"@id\":\"https:\\\/\\\/www.organisator.ch\\\/human-resources\\\/hrm\\\/2017-03-15\\\/randstad-arbeitsbarometer-laesst-wahrnehmung-der-digitalisierung-zutage-treten\\\/\",\"url\":\"https:\\\/\\\/www.organisator.ch\\\/human-resources\\\/hrm\\\/2017-03-15\\\/randstad-arbeitsbarometer-laesst-wahrnehmung-der-digitalisierung-zutage-treten\\\/\",\"name\":\"Randstad Arbeitsbarometer l\u00e4sst Wahrnehmung der Digitalisierung zutage treten - Organisator\",\"isPartOf\":{\"@id\":\"https:\\\/\\\/www.organisator.ch\\\/#website\"},\"primaryImageOfPage\":{\"@id\":\"https:\\\/\\\/www.organisator.ch\\\/human-resources\\\/hrm\\\/2017-03-15\\\/randstad-arbeitsbarometer-laesst-wahrnehmung-der-digitalisierung-zutage-treten\\\/#primaryimage\"},\"image\":{\"@id\":\"https:\\\/\\\/www.organisator.ch\\\/human-resources\\\/hrm\\\/2017-03-15\\\/randstad-arbeitsbarometer-laesst-wahrnehmung-der-digitalisierung-zutage-treten\\\/#primaryimage\"},\"thumbnailUrl\":\"https:\\\/\\\/www.organisator.ch\\\/wp-content\\\/uploads\\\/2017\\\/03\\\/Randstand-Arbeitsbarometer-2017-org-organisator.jpg\",\"datePublished\":\"2017-03-15T10:43:12+00:00\",\"description\":\"Der Randstad Arbeitsbarometer zeigt, dass die Schweizer Unternehmen bez\u00fcglich der Digital-Strategie gegen\u00fcber anderen L\u00e4ndern Aufholbedarf haben.\",\"breadcrumb\":{\"@id\":\"https:\\\/\\\/www.organisator.ch\\\/human-resources\\\/hrm\\\/2017-03-15\\\/randstad-arbeitsbarometer-laesst-wahrnehmung-der-digitalisierung-zutage-treten\\\/#breadcrumb\"},\"inLanguage\":\"de\",\"potentialAction\":[{\"@type\":\"ReadAction\",\"target\":[\"https:\\\/\\\/www.organisator.ch\\\/human-resources\\\/hrm\\\/2017-03-15\\\/randstad-arbeitsbarometer-laesst-wahrnehmung-der-digitalisierung-zutage-treten\\\/\"]}]},{\"@type\":\"ImageObject\",\"inLanguage\":\"de\",\"@id\":\"https:\\\/\\\/www.organisator.ch\\\/human-resources\\\/hrm\\\/2017-03-15\\\/randstad-arbeitsbarometer-laesst-wahrnehmung-der-digitalisierung-zutage-treten\\\/#primaryimage\",\"url\":\"https:\\\/\\\/www.organisator.ch\\\/wp-content\\\/uploads\\\/2017\\\/03\\\/Randstand-Arbeitsbarometer-2017-org-organisator.jpg\",\"contentUrl\":\"https:\\\/\\\/www.organisator.ch\\\/wp-content\\\/uploads\\\/2017\\\/03\\\/Randstand-Arbeitsbarometer-2017-org-organisator.jpg\",\"width\":640,\"height\":399,\"caption\":\"Wohin f\u00fchrt uns die Digitalit\u00e4t? Der Randstand Arbeitsbarometer zeigt aktuelle Indices. (Bild: Apple Smart Watch)\"},{\"@type\":\"BreadcrumbList\",\"@id\":\"https:\\\/\\\/www.organisator.ch\\\/human-resources\\\/hrm\\\/2017-03-15\\\/randstad-arbeitsbarometer-laesst-wahrnehmung-der-digitalisierung-zutage-treten\\\/#breadcrumb\",\"itemListElement\":[{\"@type\":\"ListItem\",\"position\":1,\"name\":\"Home\",\"item\":\"https:\\\/\\\/www.organisator.ch\\\/\"},{\"@type\":\"ListItem\",\"position\":2,\"name\":\"Randstad Arbeitsbarometer l\u00e4sst Wahrnehmung der Digitalisierung zutage treten\"}]},{\"@type\":\"WebSite\",\"@id\":\"https:\\\/\\\/www.organisator.ch\\\/#website\",\"url\":\"https:\\\/\\\/www.organisator.ch\\\/\",\"name\":\"Organisator\",\"description\":\"Kompetent. Praxisnah. Der ORGANISATOR bereitet in 10 Ausgaben pro Jahr die wesentlichen Themen f\u00fcr F\u00fchrungskr\u00e4fte von KMU auf.\",\"publisher\":{\"@id\":\"https:\\\/\\\/www.organisator.ch\\\/#organization\"},\"potentialAction\":[{\"@type\":\"SearchAction\",\"target\":{\"@type\":\"EntryPoint\",\"urlTemplate\":\"https:\\\/\\\/www.organisator.ch\\\/?s={search_term_string}\"},\"query-input\":{\"@type\":\"PropertyValueSpecification\",\"valueRequired\":true,\"valueName\":\"search_term_string\"}}],\"inLanguage\":\"de\"},{\"@type\":\"Organization\",\"@id\":\"https:\\\/\\\/www.organisator.ch\\\/#organization\",\"name\":\"Organisator\",\"url\":\"https:\\\/\\\/www.organisator.ch\\\/\",\"logo\":{\"@type\":\"ImageObject\",\"inLanguage\":\"de\",\"@id\":\"https:\\\/\\\/www.organisator.ch\\\/#\\\/schema\\\/logo\\\/image\\\/\",\"url\":\"https:\\\/\\\/www.organisator.ch\\\/wp-content\\\/uploads\\\/2022\\\/01\\\/Logo_Organisator_Website.png\",\"contentUrl\":\"https:\\\/\\\/www.organisator.ch\\\/wp-content\\\/uploads\\\/2022\\\/01\\\/Logo_Organisator_Website.png\",\"width\":800,\"height\":77,\"caption\":\"Organisator\"},\"image\":{\"@id\":\"https:\\\/\\\/www.organisator.ch\\\/#\\\/schema\\\/logo\\\/image\\\/\"},\"sameAs\":[\"https:\\\/\\\/www.facebook.com\\\/OrganisatorFachmagazin\",\"https:\\\/\\\/www.linkedin.com\\\/showcase\\\/organisator-das-magazin-fr-kmu\",\"https:\\\/\\\/www.xing.com\\\/news\\\/pages\\\/organisator-ch-695\",\"https:\\\/\\\/www.youtube.com\\\/channel\\\/UCGP2Sq0iWaZwT3BdIAQFYpw\"]},{\"@type\":\"Person\",\"@id\":\"https:\\\/\\\/www.organisator.ch\\\/#\\\/schema\\\/person\\\/134708ca9321c57b0362cceb7948ffbd\",\"name\":\"michael.merz\",\"image\":{\"@type\":\"ImageObject\",\"inLanguage\":\"de\",\"@id\":\"https:\\\/\\\/secure.gravatar.com\\\/avatar\\\/?s=96&d=mm&r=g\",\"url\":\"https:\\\/\\\/secure.gravatar.com\\\/avatar\\\/?s=96&d=mm&r=g\",\"contentUrl\":\"https:\\\/\\\/secure.gravatar.com\\\/avatar\\\/?s=96&d=mm&r=g\",\"caption\":\"michael.merz\"},\"url\":\"https:\\\/\\\/www.organisator.ch\\\/de\\\/author\\\/michael-merz\\\/\"}]}<\/script>\n<!-- \/ Yoast SEO plugin. -->","yoast_head_json":{"title":"Randstad Arbeitsbarometer l\u00e4sst Wahrnehmung der Digitalisierung zutage treten - Organisator","description":"Der Randstad Arbeitsbarometer zeigt, dass die Schweizer Unternehmen bez\u00fcglich der Digital-Strategie gegen\u00fcber anderen L\u00e4ndern Aufholbedarf haben.","robots":{"index":"index","follow":"follow","max-snippet":"max-snippet:-1","max-image-preview":"max-image-preview:large","max-video-preview":"max-video-preview:-1"},"canonical":"https:\/\/www.organisator.ch\/de\/human-resources\/hrm\/2017-03-15\/randstad-arbeitsbarometer-laesst-wahrnehmung-der-digitalisierung-zutage-treten\/","og_locale":"de_DE","og_type":"article","og_title":"Randstad Arbeitsbarometer l\u00e4sst Wahrnehmung der Digitalisierung zutage treten","og_description":"Der #Randstad Arbeitsbarometer zeigt, dass die Schweizer Unternehmen bez\u00fcglich der #Digital-Strategie gegen\u00fcber anderen L\u00e4ndern Nachholbedarf haben.","og_url":"https:\/\/www.organisator.ch\/de\/human-resources\/hrm\/2017-03-15\/randstad-arbeitsbarometer-laesst-wahrnehmung-der-digitalisierung-zutage-treten\/","og_site_name":"Organisator","article_publisher":"https:\/\/www.facebook.com\/OrganisatorFachmagazin","article_published_time":"2017-03-15T10:43:12+00:00","og_image":[{"width":640,"height":399,"url":"https:\/\/www.organisator.ch\/wp-content\/uploads\/2017\/03\/Randstand-Arbeitsbarometer-2017-org-organisator.jpg","type":"image\/jpeg"}],"author":"michael.merz","twitter_card":"summary_large_image","schema":{"@context":"https:\/\/schema.org","@graph":[{"@type":"Article","@id":"https:\/\/www.organisator.ch\/human-resources\/hrm\/2017-03-15\/randstad-arbeitsbarometer-laesst-wahrnehmung-der-digitalisierung-zutage-treten\/#article","isPartOf":{"@id":"https:\/\/www.organisator.ch\/human-resources\/hrm\/2017-03-15\/randstad-arbeitsbarometer-laesst-wahrnehmung-der-digitalisierung-zutage-treten\/"},"author":{"name":"michael.merz","@id":"https:\/\/www.organisator.ch\/#\/schema\/person\/134708ca9321c57b0362cceb7948ffbd"},"headline":"Randstad Arbeitsbarometer l\u00e4sst Wahrnehmung der Digitalisierung zutage treten","datePublished":"2017-03-15T10:43:12+00:00","mainEntityOfPage":{"@id":"https:\/\/www.organisator.ch\/human-resources\/hrm\/2017-03-15\/randstad-arbeitsbarometer-laesst-wahrnehmung-der-digitalisierung-zutage-treten\/"},"wordCount":442,"commentCount":0,"publisher":{"@id":"https:\/\/www.organisator.ch\/#organization"},"image":{"@id":"https:\/\/www.organisator.ch\/human-resources\/hrm\/2017-03-15\/randstad-arbeitsbarometer-laesst-wahrnehmung-der-digitalisierung-zutage-treten\/#primaryimage"},"thumbnailUrl":"https:\/\/www.organisator.ch\/wp-content\/uploads\/2017\/03\/Randstand-Arbeitsbarometer-2017-org-organisator.jpg","keywords":["Arbeitsbarometer","Arbeitsnehmende","Digital Natives","Digitalisierung"],"articleSection":["HRM","IT"],"inLanguage":"de"},{"@type":"WebPage","@id":"https:\/\/www.organisator.ch\/human-resources\/hrm\/2017-03-15\/randstad-arbeitsbarometer-laesst-wahrnehmung-der-digitalisierung-zutage-treten\/","url":"https:\/\/www.organisator.ch\/human-resources\/hrm\/2017-03-15\/randstad-arbeitsbarometer-laesst-wahrnehmung-der-digitalisierung-zutage-treten\/","name":"Randstad Arbeitsbarometer l\u00e4sst Wahrnehmung der Digitalisierung zutage treten - Organisator","isPartOf":{"@id":"https:\/\/www.organisator.ch\/#website"},"primaryImageOfPage":{"@id":"https:\/\/www.organisator.ch\/human-resources\/hrm\/2017-03-15\/randstad-arbeitsbarometer-laesst-wahrnehmung-der-digitalisierung-zutage-treten\/#primaryimage"},"image":{"@id":"https:\/\/www.organisator.ch\/human-resources\/hrm\/2017-03-15\/randstad-arbeitsbarometer-laesst-wahrnehmung-der-digitalisierung-zutage-treten\/#primaryimage"},"thumbnailUrl":"https:\/\/www.organisator.ch\/wp-content\/uploads\/2017\/03\/Randstand-Arbeitsbarometer-2017-org-organisator.jpg","datePublished":"2017-03-15T10:43:12+00:00","description":"Der Randstad Arbeitsbarometer zeigt, dass die Schweizer Unternehmen bez\u00fcglich der Digital-Strategie gegen\u00fcber anderen L\u00e4ndern Aufholbedarf haben.","breadcrumb":{"@id":"https:\/\/www.organisator.ch\/human-resources\/hrm\/2017-03-15\/randstad-arbeitsbarometer-laesst-wahrnehmung-der-digitalisierung-zutage-treten\/#breadcrumb"},"inLanguage":"de","potentialAction":[{"@type":"ReadAction","target":["https:\/\/www.organisator.ch\/human-resources\/hrm\/2017-03-15\/randstad-arbeitsbarometer-laesst-wahrnehmung-der-digitalisierung-zutage-treten\/"]}]},{"@type":"ImageObject","inLanguage":"de","@id":"https:\/\/www.organisator.ch\/human-resources\/hrm\/2017-03-15\/randstad-arbeitsbarometer-laesst-wahrnehmung-der-digitalisierung-zutage-treten\/#primaryimage","url":"https:\/\/www.organisator.ch\/wp-content\/uploads\/2017\/03\/Randstand-Arbeitsbarometer-2017-org-organisator.jpg","contentUrl":"https:\/\/www.organisator.ch\/wp-content\/uploads\/2017\/03\/Randstand-Arbeitsbarometer-2017-org-organisator.jpg","width":640,"height":399,"caption":"Wohin f\u00fchrt uns die Digitalit\u00e4t? Der Randstand Arbeitsbarometer zeigt aktuelle Indices. (Bild: Apple Smart Watch)"},{"@type":"BreadcrumbList","@id":"https:\/\/www.organisator.ch\/human-resources\/hrm\/2017-03-15\/randstad-arbeitsbarometer-laesst-wahrnehmung-der-digitalisierung-zutage-treten\/#breadcrumb","itemListElement":[{"@type":"ListItem","position":1,"name":"Home","item":"https:\/\/www.organisator.ch\/"},{"@type":"ListItem","position":2,"name":"Randstad Arbeitsbarometer l\u00e4sst Wahrnehmung der Digitalisierung zutage treten"}]},{"@type":"WebSite","@id":"https:\/\/www.organisator.ch\/#website","url":"https:\/\/www.organisator.ch\/","name":"Organisator","description":"Kompetent. Praxisnah. Der ORGANISATOR bereitet in 10 Ausgaben pro Jahr die wesentlichen Themen f\u00fcr F\u00fchrungskr\u00e4fte von KMU auf.","publisher":{"@id":"https:\/\/www.organisator.ch\/#organization"},"potentialAction":[{"@type":"SearchAction","target":{"@type":"EntryPoint","urlTemplate":"https:\/\/www.organisator.ch\/?s={search_term_string}"},"query-input":{"@type":"PropertyValueSpecification","valueRequired":true,"valueName":"search_term_string"}}],"inLanguage":"de"},{"@type":"Organization","@id":"https:\/\/www.organisator.ch\/#organization","name":"Organisator","url":"https:\/\/www.organisator.ch\/","logo":{"@type":"ImageObject","inLanguage":"de","@id":"https:\/\/www.organisator.ch\/#\/schema\/logo\/image\/","url":"https:\/\/www.organisator.ch\/wp-content\/uploads\/2022\/01\/Logo_Organisator_Website.png","contentUrl":"https:\/\/www.organisator.ch\/wp-content\/uploads\/2022\/01\/Logo_Organisator_Website.png","width":800,"height":77,"caption":"Organisator"},"image":{"@id":"https:\/\/www.organisator.ch\/#\/schema\/logo\/image\/"},"sameAs":["https:\/\/www.facebook.com\/OrganisatorFachmagazin","https:\/\/www.linkedin.com\/showcase\/organisator-das-magazin-fr-kmu","https:\/\/www.xing.com\/news\/pages\/organisator-ch-695","https:\/\/www.youtube.com\/channel\/UCGP2Sq0iWaZwT3BdIAQFYpw"]},{"@type":"Person","@id":"https:\/\/www.organisator.ch\/#\/schema\/person\/134708ca9321c57b0362cceb7948ffbd","name":"michael.merz","image":{"@type":"ImageObject","inLanguage":"de","@id":"https:\/\/secure.gravatar.com\/avatar\/?s=96&d=mm&r=g","url":"https:\/\/secure.gravatar.com\/avatar\/?s=96&d=mm&r=g","contentUrl":"https:\/\/secure.gravatar.com\/avatar\/?s=96&d=mm&r=g","caption":"michael.merz"},"url":"https:\/\/www.organisator.ch\/de\/author\/michael-merz\/"}]}},"_links":{"self":[{"href":"https:\/\/www.organisator.ch\/de\/wp-json\/wp\/v2\/posts\/1651","targetHints":{"allow":["GET"]}}],"collection":[{"href":"https:\/\/www.organisator.ch\/de\/wp-json\/wp\/v2\/posts"}],"about":[{"href":"https:\/\/www.organisator.ch\/de\/wp-json\/wp\/v2\/types\/post"}],"author":[{"embeddable":true,"href":"https:\/\/www.organisator.ch\/de\/wp-json\/wp\/v2\/users\/5"}],"replies":[{"embeddable":true,"href":"https:\/\/www.organisator.ch\/de\/wp-json\/wp\/v2\/comments?post=1651"}],"version-history":[{"count":0,"href":"https:\/\/www.organisator.ch\/de\/wp-json\/wp\/v2\/posts\/1651\/revisions"}],"wp:featuredmedia":[{"embeddable":true,"href":"https:\/\/www.organisator.ch\/de\/wp-json\/wp\/v2\/media\/1652"}],"wp:attachment":[{"href":"https:\/\/www.organisator.ch\/de\/wp-json\/wp\/v2\/media?parent=1651"}],"wp:term":[{"taxonomy":"category","embeddable":true,"href":"https:\/\/www.organisator.ch\/de\/wp-json\/wp\/v2\/categories?post=1651"},{"taxonomy":"post_tag","embeddable":true,"href":"https:\/\/www.organisator.ch\/de\/wp-json\/wp\/v2\/tags?post=1651"}],"curies":[{"name":"wp","href":"https:\/\/api.w.org\/{rel}","templated":true}]}}