{"id":16514,"date":"2022-08-22T23:53:13","date_gmt":"2022-08-22T21:53:13","guid":{"rendered":"https:\/\/www.organisator.ch\/?p=16514"},"modified":"2022-08-16T09:03:29","modified_gmt":"2022-08-16T07:03:29","slug":"fachkraeftemangel","status":"publish","type":"post","link":"https:\/\/www.organisator.ch\/de\/human-resources\/2022-08-22\/fachkraeftemangel\/","title":{"rendered":"Fachkr\u00e4ftemangel &#8230;"},"content":{"rendered":"<figure id=\"attachment_16515\" aria-describedby=\"caption-attachment-16515\" style=\"width: 1100px\" class=\"wp-caption alignnone\"><img loading=\"lazy\" decoding=\"async\" class=\"size-full wp-image-16515\" src=\"https:\/\/www.organisator.ch\/wp-content\/uploads\/2022\/08\/Organisator-Fachkraftemangel.jpg\" alt=\"\" width=\"1100\" height=\"630\" srcset=\"https:\/\/www.organisator.ch\/wp-content\/uploads\/2022\/08\/Organisator-Fachkraftemangel.jpg 1100w, https:\/\/www.organisator.ch\/wp-content\/uploads\/2022\/08\/Organisator-Fachkraftemangel-680x389.jpg 680w, https:\/\/www.organisator.ch\/wp-content\/uploads\/2022\/08\/Organisator-Fachkraftemangel-1024x586.jpg 1024w, https:\/\/www.organisator.ch\/wp-content\/uploads\/2022\/08\/Organisator-Fachkraftemangel-768x440.jpg 768w, https:\/\/www.organisator.ch\/wp-content\/uploads\/2022\/08\/Organisator-Fachkraftemangel-18x10.jpg 18w, https:\/\/www.organisator.ch\/wp-content\/uploads\/2022\/08\/Organisator-Fachkraftemangel-306x175.jpg 306w, https:\/\/www.organisator.ch\/wp-content\/uploads\/2022\/08\/Organisator-Fachkraftemangel-611x350.jpg 611w, https:\/\/www.organisator.ch\/wp-content\/uploads\/2022\/08\/Organisator-Fachkraftemangel-920x527.jpg 920w, https:\/\/www.organisator.ch\/wp-content\/uploads\/2022\/08\/Organisator-Fachkraftemangel-300x172.jpg 300w\" sizes=\"auto, (max-width: 1100px) 100vw, 1100px\" \/><figcaption id=\"caption-attachment-16515\" class=\"wp-caption-text\">Michelle R\u00fctti-Kummli ist CEO des KUMMLI-Netzwerks<br \/>Bild: Thomas Berner<\/figcaption><\/figure>\n<p>Wer ist Schuld am Fachkr\u00e4ftemangel: der Stress im gesamten Wirtschaftssystem? An jedem Anlass, jedem Gespr\u00e4ch \u00fcber die gr\u00f6ssten Herausforderungen als Unternehmer und Entscheidungstr\u00e4ger auf dem Werkplatz Schweiz h\u00f6ren wir die gleichen Aussagen. Die Situation spitzt sich zu. Und das Problem ist nicht branchenspezifisch: Im Gastrobereich fehlen vor allem K\u00f6che, im Holzbau gut ausgebildete Zimmerleute, und in der Logistik herrscht Mangel an Chauffeuren. Zudem leidet das Personal im Gesundheitswesen an \u00dcberarbeitung. Oft wird in den Medien und Fachzeitschriften \u00fcber Start-ups aus der digitalen Szene berichtet. Doch die Bedeutung und Wichtigkeit eines handwerklichen Berufes w\u00e4re ebenfalls mehr als nur einen Bericht oder eine Schlagzeile wert. F\u00fcr die Wertsch\u00e4tzung und Attraktivit\u00e4t der T\u00e4tigkeit und nicht zuletzt f\u00fcr die Motivation. F\u00e4ngt es damit an, dass eine Lehre nicht mehr attraktiv genug ist? Doch wo sind die Verb\u00e4nde, um die Berufe schon an den Schulen nahezubringen? Muss einem Schulabg\u00e4nger bereits ein Work-Life-Balance-Paket angeboten werden? Haben zuk\u00fcnftige Fachkr\u00e4fte zu grosse Erwartungen oder werden sie von den Medien immer wieder darauf aufmerksam gemacht, welche M\u00f6glichkeiten auf dem Arbeitsmarkt bestehen, die gar nicht dem Arbeitsalltag bei einem KMU entsprechen? Nach der Lehre oder dem Studium wollen oder sollen sie nur Teilzeit arbeiten, weil sonst zu wenig Qualit\u00e4tszeit bleibt?<\/p>\n<p>Abw\u00e4gen der Belastbarkeit und Attraktivit\u00e4t als Arbeitgeber und sich den Forderungen des Arbeitnehmers stellen sind t\u00e4gliche Aufgaben, die immer mehr Zeit und Energie in Anspruch nehmen, welche f\u00fcr Aufgaben und zum Erreichen der Umsatzziele fehlen. Zunehmend h\u00e4ufen sich die Diskussionen bei Unternehmern, CEOs und Verwaltungsr\u00e4ten in unserem Netzwerk, dass der Staat als Arbeitgeber zu einem bedeutenden Mitbewerber wird. Es werden L\u00f6hne bezahlt, Fringe Benefits angeboten, \u00fcber Modelle wie die 4-Tage-Woche diskutiert, die sich ein KMU gar nicht leisten kann. Der grosse und relevante Hauptunterschied zwischen Staat und Privatwirtschaft ist jedoch, dass die Unternehmen einem Markt mit Angebot und Nachfrage ausgeliefert sind \u2013 der Staat nicht. Dazu kommt, dass die Regulierungen immer mehr zunehmen. Ein Logistikunternehmer im internationalen Markt erz\u00e4hlte, dass f\u00fcr Chauffeure die \u00dcberwachung und Kontrolle auf jeden Meter und Minute nicht zur Attraktivit\u00e4t dieser T\u00e4tigkeit beitr\u00e4gt. Oder: Ein Schweizer Unternehmer, der Schutzund Rettungswagen ausr\u00fcstet, nimmt an einer \u00f6ffentlichen Ausschreibung von 16 Rettungswagen teil. Kurz nach der termingerechten Eingabe kommt die Absage mit der Begr\u00fcndung: \u00abnicht gendergerecht\u00bb &#8230; Sollten wir nicht gerade jetzt, in diesen Zeiten, wo es an gutem Personal mangelt, die Preise steigen und sich Lieferungen verz\u00f6gern, die Unternehmen entlasten? Dass dies m\u00f6glich ist mit weniger Formalit\u00e4ten, schnelleren und unkomplizierten Entscheidungen, wissen wir aus Zeiten der Pandemie.<\/p>\n<p>\u00dcber die 20 Jahre als Netzwerkerin durfte ich schon in viele tolle Perlen von Unternehmen blicken, unz\u00e4hlige Gespr\u00e4che f\u00fchren und Know-how teilen und daraus zielf\u00fchrende Kontakte f\u00fcr unsere Kunden vermitteln. Das ist genau das, was wir anl\u00e4sslich des KNOW HOW PLACE am 9. November 2022 zum 32. Mal und den KUMMLI-TALKs machen: \u00abLearn from the best \u2013 and share.\u00bb Themenbezogen findet am Donnerstagabend, 25. August 2022, ein KUMMLI-TALK mit dem Titel \u00abHandwerk hat goldenen Boden \u2013 trotz Digitalisierung. Doch wo sind die Fachkr\u00e4fte?\u00bb statt. Unsere Talk-G\u00e4ste sind Daniela Spuhler-Hoffmann, Verwaltungsratspr\u00e4sidentin der Esslinger AG, und Nils Planzer, Verwaltungsratspr\u00e4sident der Planzer Logistik AG. Member und G\u00e4ste aus dem KUMMLI-Netzwerk bringen an diesem Anlass eigene Erfahrungen und Herausforderungen ein. Es entstehen Ideen, wie man dem Fachkr\u00e4ftemangel entgegenwirkt, voneinander lernt \u2013 und nat\u00fcrlich entstehen neue Gesch\u00e4ftskontakte.<\/p>\n<p><em><strong>Michelle R\u00fctti-Kummli<\/strong> ist CEO des KUMMLI-Netzwerks, eines inhabergef\u00fchrten Familienunternehmens, das Unternehmer, Verwaltungsr\u00e4te und CEOs, Pers\u00f6nlichkeiten aus Wirtschaft und Politik miteinander vernetzt \u2013 pers\u00f6nlich, handverlesen und mit hoher Diskretion. <a href=\"https:\/\/www.kummli.com\/\">www.kummli.com<\/a><\/em><\/p>\n","protected":false},"excerpt":{"rendered":"<p>Wer ist Schuld am Fachkr\u00e4ftemangel: der Stress im gesamten Wirtschaftssystem? An jedem Anlass, jedem Gespr\u00e4ch \u00fcber die gr\u00f6ssten Herausforderungen als Unternehmer und Entscheidungstr\u00e4ger auf dem Werkplatz Schweiz h\u00f6ren wir die gleichen Aussagen. Die Situation spitzt sich zu. Und das Problem ist nicht branchenspezifisch: Im Gastrobereich fehlen vor allem K\u00f6che, im Holzbau gut ausgebildete Zimmerleute, und [&hellip;]<\/p>\n","protected":false},"author":1,"featured_media":16515,"comment_status":"closed","ping_status":"closed","sticky":false,"template":"","format":"standard","meta":{"_acf_changed":false,"_yoast_wpseo_focuskw":"Fachkr\u00e4ftemangel","_yoast_wpseo_metadesc":"Auch wenn mittlerweile wieder viele Stellen besetzt wurden, besteht weiterhin grosser Fachkr\u00e4ftemangel. Ein Gastkommentar.","articlekey":"","footnotes":""},"categories":[578,579],"tags":[3105,194,254,334],"class_list":["post-16514","post","type-post","status-publish","format-standard","has-post-thumbnail","hentry","category-abo","category-human-resources","tag-ausgabe-7-8-2022","tag-fachkraeftemangel","tag-hrm","tag-management"],"acf":[],"yoast_head":"<!-- This site is optimized with the Yoast SEO plugin v27.5 - https:\/\/yoast.com\/product\/yoast-seo-wordpress\/ -->\n<title>Fachkr\u00e4ftemangel ... - Organisator<\/title>\n<meta name=\"description\" content=\"Auch wenn mittlerweile wieder viele Stellen besetzt wurden, besteht weiterhin grosser Fachkr\u00e4ftemangel. Ein Gastkommentar.\" \/>\n<meta name=\"robots\" content=\"index, follow, max-snippet:-1, max-image-preview:large, max-video-preview:-1\" \/>\n<link rel=\"canonical\" href=\"https:\/\/www.organisator.ch\/de\/abo\/2022-08-22\/fachkraeftemangel\/\" \/>\n<meta property=\"og:locale\" content=\"de_DE\" \/>\n<meta property=\"og:type\" content=\"article\" \/>\n<meta property=\"og:title\" content=\"Fachkr\u00e4ftemangel ... - Organisator\" \/>\n<meta property=\"og:description\" content=\"Auch wenn mittlerweile wieder viele Stellen besetzt wurden, besteht weiterhin grosser Fachkr\u00e4ftemangel. Ein Gastkommentar.\" \/>\n<meta property=\"og:url\" content=\"https:\/\/www.organisator.ch\/de\/abo\/2022-08-22\/fachkraeftemangel\/\" \/>\n<meta property=\"og:site_name\" content=\"Organisator\" \/>\n<meta property=\"article:publisher\" content=\"https:\/\/www.facebook.com\/OrganisatorFachmagazin\" \/>\n<meta property=\"article:published_time\" content=\"2022-08-22T21:53:13+00:00\" \/>\n<meta property=\"og:image\" content=\"https:\/\/www.organisator.ch\/wp-content\/uploads\/2022\/08\/Organisator-Fachkraftemangel.jpg\" \/>\n\t<meta property=\"og:image:width\" content=\"1100\" \/>\n\t<meta property=\"og:image:height\" content=\"630\" \/>\n\t<meta property=\"og:image:type\" content=\"image\/jpeg\" \/>\n<meta name=\"author\" content=\"admin\" \/>\n<meta name=\"twitter:card\" content=\"summary_large_image\" \/>\n<script type=\"application\/ld+json\" class=\"yoast-schema-graph\">{\"@context\":\"https:\\\/\\\/schema.org\",\"@graph\":[{\"@type\":\"Article\",\"@id\":\"https:\\\/\\\/www.organisator.ch\\\/abo\\\/2022-08-22\\\/fachkraeftemangel\\\/#article\",\"isPartOf\":{\"@id\":\"https:\\\/\\\/www.organisator.ch\\\/abo\\\/2022-08-22\\\/fachkraeftemangel\\\/\"},\"author\":{\"name\":\"admin\",\"@id\":\"https:\\\/\\\/www.organisator.ch\\\/#\\\/schema\\\/person\\\/aa2bace6c5c5aad60102004a50c4eb1c\"},\"headline\":\"Fachkr\u00e4ftemangel &#8230;\",\"datePublished\":\"2022-08-22T21:53:13+00:00\",\"mainEntityOfPage\":{\"@id\":\"https:\\\/\\\/www.organisator.ch\\\/abo\\\/2022-08-22\\\/fachkraeftemangel\\\/\"},\"wordCount\":632,\"publisher\":{\"@id\":\"https:\\\/\\\/www.organisator.ch\\\/#organization\"},\"image\":{\"@id\":\"https:\\\/\\\/www.organisator.ch\\\/abo\\\/2022-08-22\\\/fachkraeftemangel\\\/#primaryimage\"},\"thumbnailUrl\":\"https:\\\/\\\/www.organisator.ch\\\/wp-content\\\/uploads\\\/2022\\\/08\\\/Organisator-Fachkraftemangel.jpg\",\"keywords\":[\"Ausgabe 7-8\\\/2022\",\"Fachkr\u00e4ftemangel\",\"HRM\",\"Management\"],\"articleSection\":[\"ABO+\",\"HUMAN RESOURCES\"],\"inLanguage\":\"de\"},{\"@type\":\"WebPage\",\"@id\":\"https:\\\/\\\/www.organisator.ch\\\/abo\\\/2022-08-22\\\/fachkraeftemangel\\\/\",\"url\":\"https:\\\/\\\/www.organisator.ch\\\/abo\\\/2022-08-22\\\/fachkraeftemangel\\\/\",\"name\":\"Fachkr\u00e4ftemangel ... - Organisator\",\"isPartOf\":{\"@id\":\"https:\\\/\\\/www.organisator.ch\\\/#website\"},\"primaryImageOfPage\":{\"@id\":\"https:\\\/\\\/www.organisator.ch\\\/abo\\\/2022-08-22\\\/fachkraeftemangel\\\/#primaryimage\"},\"image\":{\"@id\":\"https:\\\/\\\/www.organisator.ch\\\/abo\\\/2022-08-22\\\/fachkraeftemangel\\\/#primaryimage\"},\"thumbnailUrl\":\"https:\\\/\\\/www.organisator.ch\\\/wp-content\\\/uploads\\\/2022\\\/08\\\/Organisator-Fachkraftemangel.jpg\",\"datePublished\":\"2022-08-22T21:53:13+00:00\",\"description\":\"Auch wenn mittlerweile wieder viele Stellen besetzt wurden, besteht weiterhin grosser Fachkr\u00e4ftemangel. Ein Gastkommentar.\",\"breadcrumb\":{\"@id\":\"https:\\\/\\\/www.organisator.ch\\\/abo\\\/2022-08-22\\\/fachkraeftemangel\\\/#breadcrumb\"},\"inLanguage\":\"de\",\"potentialAction\":[{\"@type\":\"ReadAction\",\"target\":[\"https:\\\/\\\/www.organisator.ch\\\/abo\\\/2022-08-22\\\/fachkraeftemangel\\\/\"]}]},{\"@type\":\"ImageObject\",\"inLanguage\":\"de\",\"@id\":\"https:\\\/\\\/www.organisator.ch\\\/abo\\\/2022-08-22\\\/fachkraeftemangel\\\/#primaryimage\",\"url\":\"https:\\\/\\\/www.organisator.ch\\\/wp-content\\\/uploads\\\/2022\\\/08\\\/Organisator-Fachkraftemangel.jpg\",\"contentUrl\":\"https:\\\/\\\/www.organisator.ch\\\/wp-content\\\/uploads\\\/2022\\\/08\\\/Organisator-Fachkraftemangel.jpg\",\"width\":1100,\"height\":630,\"caption\":\"Michelle R\u00fctti-Kummli ist CEO des KUMMLI-Netzwerks Bild: Thomas Berner\"},{\"@type\":\"BreadcrumbList\",\"@id\":\"https:\\\/\\\/www.organisator.ch\\\/abo\\\/2022-08-22\\\/fachkraeftemangel\\\/#breadcrumb\",\"itemListElement\":[{\"@type\":\"ListItem\",\"position\":1,\"name\":\"Home\",\"item\":\"https:\\\/\\\/www.organisator.ch\\\/\"},{\"@type\":\"ListItem\",\"position\":2,\"name\":\"Fachkr\u00e4ftemangel &#8230;\"}]},{\"@type\":\"WebSite\",\"@id\":\"https:\\\/\\\/www.organisator.ch\\\/#website\",\"url\":\"https:\\\/\\\/www.organisator.ch\\\/\",\"name\":\"Organisator\",\"description\":\"Kompetent. Praxisnah. Der ORGANISATOR bereitet in 10 Ausgaben pro Jahr die wesentlichen Themen f\u00fcr F\u00fchrungskr\u00e4fte von KMU auf.\",\"publisher\":{\"@id\":\"https:\\\/\\\/www.organisator.ch\\\/#organization\"},\"potentialAction\":[{\"@type\":\"SearchAction\",\"target\":{\"@type\":\"EntryPoint\",\"urlTemplate\":\"https:\\\/\\\/www.organisator.ch\\\/?s={search_term_string}\"},\"query-input\":{\"@type\":\"PropertyValueSpecification\",\"valueRequired\":true,\"valueName\":\"search_term_string\"}}],\"inLanguage\":\"de\"},{\"@type\":\"Organization\",\"@id\":\"https:\\\/\\\/www.organisator.ch\\\/#organization\",\"name\":\"Organisator\",\"url\":\"https:\\\/\\\/www.organisator.ch\\\/\",\"logo\":{\"@type\":\"ImageObject\",\"inLanguage\":\"de\",\"@id\":\"https:\\\/\\\/www.organisator.ch\\\/#\\\/schema\\\/logo\\\/image\\\/\",\"url\":\"https:\\\/\\\/www.organisator.ch\\\/wp-content\\\/uploads\\\/2022\\\/01\\\/Logo_Organisator_Website.png\",\"contentUrl\":\"https:\\\/\\\/www.organisator.ch\\\/wp-content\\\/uploads\\\/2022\\\/01\\\/Logo_Organisator_Website.png\",\"width\":800,\"height\":77,\"caption\":\"Organisator\"},\"image\":{\"@id\":\"https:\\\/\\\/www.organisator.ch\\\/#\\\/schema\\\/logo\\\/image\\\/\"},\"sameAs\":[\"https:\\\/\\\/www.facebook.com\\\/OrganisatorFachmagazin\",\"https:\\\/\\\/www.linkedin.com\\\/showcase\\\/organisator-das-magazin-fr-kmu\",\"https:\\\/\\\/www.xing.com\\\/news\\\/pages\\\/organisator-ch-695\",\"https:\\\/\\\/www.youtube.com\\\/channel\\\/UCGP2Sq0iWaZwT3BdIAQFYpw\"]},{\"@type\":\"Person\",\"@id\":\"https:\\\/\\\/www.organisator.ch\\\/#\\\/schema\\\/person\\\/aa2bace6c5c5aad60102004a50c4eb1c\",\"name\":\"admin\",\"image\":{\"@type\":\"ImageObject\",\"inLanguage\":\"de\",\"@id\":\"https:\\\/\\\/secure.gravatar.com\\\/avatar\\\/ae2f4d718e6c49043e314ce431e7e645d646302a24a5ef5a8bc8e3f5a032e319?s=96&d=mm&r=g\",\"url\":\"https:\\\/\\\/secure.gravatar.com\\\/avatar\\\/ae2f4d718e6c49043e314ce431e7e645d646302a24a5ef5a8bc8e3f5a032e319?s=96&d=mm&r=g\",\"contentUrl\":\"https:\\\/\\\/secure.gravatar.com\\\/avatar\\\/ae2f4d718e6c49043e314ce431e7e645d646302a24a5ef5a8bc8e3f5a032e319?s=96&d=mm&r=g\",\"caption\":\"admin\"},\"sameAs\":[\"https:\\\/\\\/www.organisator.ch\"],\"url\":\"https:\\\/\\\/www.organisator.ch\\\/de\\\/author\\\/admin\\\/\"}]}<\/script>\n<!-- \/ Yoast SEO plugin. -->","yoast_head_json":{"title":"Fachkr\u00e4ftemangel ... - Organisator","description":"Auch wenn mittlerweile wieder viele Stellen besetzt wurden, besteht weiterhin grosser Fachkr\u00e4ftemangel. Ein Gastkommentar.","robots":{"index":"index","follow":"follow","max-snippet":"max-snippet:-1","max-image-preview":"max-image-preview:large","max-video-preview":"max-video-preview:-1"},"canonical":"https:\/\/www.organisator.ch\/de\/abo\/2022-08-22\/fachkraeftemangel\/","og_locale":"de_DE","og_type":"article","og_title":"Fachkr\u00e4ftemangel ... - Organisator","og_description":"Auch wenn mittlerweile wieder viele Stellen besetzt wurden, besteht weiterhin grosser Fachkr\u00e4ftemangel. Ein Gastkommentar.","og_url":"https:\/\/www.organisator.ch\/de\/abo\/2022-08-22\/fachkraeftemangel\/","og_site_name":"Organisator","article_publisher":"https:\/\/www.facebook.com\/OrganisatorFachmagazin","article_published_time":"2022-08-22T21:53:13+00:00","og_image":[{"width":1100,"height":630,"url":"https:\/\/www.organisator.ch\/wp-content\/uploads\/2022\/08\/Organisator-Fachkraftemangel.jpg","type":"image\/jpeg"}],"author":"admin","twitter_card":"summary_large_image","schema":{"@context":"https:\/\/schema.org","@graph":[{"@type":"Article","@id":"https:\/\/www.organisator.ch\/abo\/2022-08-22\/fachkraeftemangel\/#article","isPartOf":{"@id":"https:\/\/www.organisator.ch\/abo\/2022-08-22\/fachkraeftemangel\/"},"author":{"name":"admin","@id":"https:\/\/www.organisator.ch\/#\/schema\/person\/aa2bace6c5c5aad60102004a50c4eb1c"},"headline":"Fachkr\u00e4ftemangel &#8230;","datePublished":"2022-08-22T21:53:13+00:00","mainEntityOfPage":{"@id":"https:\/\/www.organisator.ch\/abo\/2022-08-22\/fachkraeftemangel\/"},"wordCount":632,"publisher":{"@id":"https:\/\/www.organisator.ch\/#organization"},"image":{"@id":"https:\/\/www.organisator.ch\/abo\/2022-08-22\/fachkraeftemangel\/#primaryimage"},"thumbnailUrl":"https:\/\/www.organisator.ch\/wp-content\/uploads\/2022\/08\/Organisator-Fachkraftemangel.jpg","keywords":["Ausgabe 7-8\/2022","Fachkr\u00e4ftemangel","HRM","Management"],"articleSection":["ABO+","HUMAN RESOURCES"],"inLanguage":"de"},{"@type":"WebPage","@id":"https:\/\/www.organisator.ch\/abo\/2022-08-22\/fachkraeftemangel\/","url":"https:\/\/www.organisator.ch\/abo\/2022-08-22\/fachkraeftemangel\/","name":"Fachkr\u00e4ftemangel ... - Organisator","isPartOf":{"@id":"https:\/\/www.organisator.ch\/#website"},"primaryImageOfPage":{"@id":"https:\/\/www.organisator.ch\/abo\/2022-08-22\/fachkraeftemangel\/#primaryimage"},"image":{"@id":"https:\/\/www.organisator.ch\/abo\/2022-08-22\/fachkraeftemangel\/#primaryimage"},"thumbnailUrl":"https:\/\/www.organisator.ch\/wp-content\/uploads\/2022\/08\/Organisator-Fachkraftemangel.jpg","datePublished":"2022-08-22T21:53:13+00:00","description":"Auch wenn mittlerweile wieder viele Stellen besetzt wurden, besteht weiterhin grosser Fachkr\u00e4ftemangel. Ein Gastkommentar.","breadcrumb":{"@id":"https:\/\/www.organisator.ch\/abo\/2022-08-22\/fachkraeftemangel\/#breadcrumb"},"inLanguage":"de","potentialAction":[{"@type":"ReadAction","target":["https:\/\/www.organisator.ch\/abo\/2022-08-22\/fachkraeftemangel\/"]}]},{"@type":"ImageObject","inLanguage":"de","@id":"https:\/\/www.organisator.ch\/abo\/2022-08-22\/fachkraeftemangel\/#primaryimage","url":"https:\/\/www.organisator.ch\/wp-content\/uploads\/2022\/08\/Organisator-Fachkraftemangel.jpg","contentUrl":"https:\/\/www.organisator.ch\/wp-content\/uploads\/2022\/08\/Organisator-Fachkraftemangel.jpg","width":1100,"height":630,"caption":"Michelle R\u00fctti-Kummli ist CEO des KUMMLI-Netzwerks Bild: Thomas Berner"},{"@type":"BreadcrumbList","@id":"https:\/\/www.organisator.ch\/abo\/2022-08-22\/fachkraeftemangel\/#breadcrumb","itemListElement":[{"@type":"ListItem","position":1,"name":"Home","item":"https:\/\/www.organisator.ch\/"},{"@type":"ListItem","position":2,"name":"Fachkr\u00e4ftemangel &#8230;"}]},{"@type":"WebSite","@id":"https:\/\/www.organisator.ch\/#website","url":"https:\/\/www.organisator.ch\/","name":"Organisator","description":"Kompetent. Praxisnah. Der ORGANISATOR bereitet in 10 Ausgaben pro Jahr die wesentlichen Themen f\u00fcr F\u00fchrungskr\u00e4fte von KMU auf.","publisher":{"@id":"https:\/\/www.organisator.ch\/#organization"},"potentialAction":[{"@type":"SearchAction","target":{"@type":"EntryPoint","urlTemplate":"https:\/\/www.organisator.ch\/?s={search_term_string}"},"query-input":{"@type":"PropertyValueSpecification","valueRequired":true,"valueName":"search_term_string"}}],"inLanguage":"de"},{"@type":"Organization","@id":"https:\/\/www.organisator.ch\/#organization","name":"Organisator","url":"https:\/\/www.organisator.ch\/","logo":{"@type":"ImageObject","inLanguage":"de","@id":"https:\/\/www.organisator.ch\/#\/schema\/logo\/image\/","url":"https:\/\/www.organisator.ch\/wp-content\/uploads\/2022\/01\/Logo_Organisator_Website.png","contentUrl":"https:\/\/www.organisator.ch\/wp-content\/uploads\/2022\/01\/Logo_Organisator_Website.png","width":800,"height":77,"caption":"Organisator"},"image":{"@id":"https:\/\/www.organisator.ch\/#\/schema\/logo\/image\/"},"sameAs":["https:\/\/www.facebook.com\/OrganisatorFachmagazin","https:\/\/www.linkedin.com\/showcase\/organisator-das-magazin-fr-kmu","https:\/\/www.xing.com\/news\/pages\/organisator-ch-695","https:\/\/www.youtube.com\/channel\/UCGP2Sq0iWaZwT3BdIAQFYpw"]},{"@type":"Person","@id":"https:\/\/www.organisator.ch\/#\/schema\/person\/aa2bace6c5c5aad60102004a50c4eb1c","name":"admin","image":{"@type":"ImageObject","inLanguage":"de","@id":"https:\/\/secure.gravatar.com\/avatar\/ae2f4d718e6c49043e314ce431e7e645d646302a24a5ef5a8bc8e3f5a032e319?s=96&d=mm&r=g","url":"https:\/\/secure.gravatar.com\/avatar\/ae2f4d718e6c49043e314ce431e7e645d646302a24a5ef5a8bc8e3f5a032e319?s=96&d=mm&r=g","contentUrl":"https:\/\/secure.gravatar.com\/avatar\/ae2f4d718e6c49043e314ce431e7e645d646302a24a5ef5a8bc8e3f5a032e319?s=96&d=mm&r=g","caption":"admin"},"sameAs":["https:\/\/www.organisator.ch"],"url":"https:\/\/www.organisator.ch\/de\/author\/admin\/"}]}},"_links":{"self":[{"href":"https:\/\/www.organisator.ch\/de\/wp-json\/wp\/v2\/posts\/16514","targetHints":{"allow":["GET"]}}],"collection":[{"href":"https:\/\/www.organisator.ch\/de\/wp-json\/wp\/v2\/posts"}],"about":[{"href":"https:\/\/www.organisator.ch\/de\/wp-json\/wp\/v2\/types\/post"}],"author":[{"embeddable":true,"href":"https:\/\/www.organisator.ch\/de\/wp-json\/wp\/v2\/users\/1"}],"replies":[{"embeddable":true,"href":"https:\/\/www.organisator.ch\/de\/wp-json\/wp\/v2\/comments?post=16514"}],"version-history":[{"count":3,"href":"https:\/\/www.organisator.ch\/de\/wp-json\/wp\/v2\/posts\/16514\/revisions"}],"predecessor-version":[{"id":16530,"href":"https:\/\/www.organisator.ch\/de\/wp-json\/wp\/v2\/posts\/16514\/revisions\/16530"}],"wp:featuredmedia":[{"embeddable":true,"href":"https:\/\/www.organisator.ch\/de\/wp-json\/wp\/v2\/media\/16515"}],"wp:attachment":[{"href":"https:\/\/www.organisator.ch\/de\/wp-json\/wp\/v2\/media?parent=16514"}],"wp:term":[{"taxonomy":"category","embeddable":true,"href":"https:\/\/www.organisator.ch\/de\/wp-json\/wp\/v2\/categories?post=16514"},{"taxonomy":"post_tag","embeddable":true,"href":"https:\/\/www.organisator.ch\/de\/wp-json\/wp\/v2\/tags?post=16514"}],"curies":[{"name":"wp","href":"https:\/\/api.w.org\/{rel}","templated":true}]}}