{"id":16521,"date":"2022-08-15T13:42:16","date_gmt":"2022-08-15T11:42:16","guid":{"rendered":"https:\/\/www.organisator.ch\/?p=16521"},"modified":"2022-08-15T13:42:16","modified_gmt":"2022-08-15T11:42:16","slug":"fachbuch-fuer-den-einkauf-neu-erschienen","status":"publish","type":"post","link":"https:\/\/www.organisator.ch\/de\/operational-excellence\/2022-08-15\/fachbuch-fuer-den-einkauf-neu-erschienen\/","title":{"rendered":"Fachbuch f\u00fcr den Einkauf neu erschienen"},"content":{"rendered":"<figure id=\"attachment_16522\" aria-describedby=\"caption-attachment-16522\" style=\"width: 680px\" class=\"wp-caption alignnone\"><img loading=\"lazy\" decoding=\"async\" class=\"size-full wp-image-16522\" src=\"https:\/\/www.organisator.ch\/wp-content\/uploads\/2022\/08\/Fachbuch-fur-den-Einkauf-neu-erschienen_Organisator.jpg\" alt=\"\" width=\"680\" height=\"480\" srcset=\"https:\/\/www.organisator.ch\/wp-content\/uploads\/2022\/08\/Fachbuch-fur-den-Einkauf-neu-erschienen_Organisator.jpg 680w, https:\/\/www.organisator.ch\/wp-content\/uploads\/2022\/08\/Fachbuch-fur-den-Einkauf-neu-erschienen_Organisator-18x12.jpg 18w, https:\/\/www.organisator.ch\/wp-content\/uploads\/2022\/08\/Fachbuch-fur-den-Einkauf-neu-erschienen_Organisator-248x175.jpg 248w, https:\/\/www.organisator.ch\/wp-content\/uploads\/2022\/08\/Fachbuch-fur-den-Einkauf-neu-erschienen_Organisator-496x350.jpg 496w, https:\/\/www.organisator.ch\/wp-content\/uploads\/2022\/08\/Fachbuch-fur-den-Einkauf-neu-erschienen_Organisator-300x212.jpg 300w\" sizes=\"auto, (max-width: 680px) 100vw, 680px\" \/><figcaption id=\"caption-attachment-16522\" class=\"wp-caption-text\">Ein neues Fachbuch als Werkzeugkasten f\u00fcr den Einkauf. (Bild: Procure.ch)<\/figcaption><\/figure>\n<p>Meister ihres Faches erkennt man an den Werkzeugen, die sie benutzen: Gerade im Zug der digitalen Transformation, ist es unabdingbar, Mitarbeitende im Einkauf mit den n\u00f6tigen Kompetenzen und dem richtigen Werkzeug auszustatten. Die Auswahl an gutem \u00abEinkaufs-Werkzeug\u00bb ist inzwischen gross \u2013 aktuell gibt es \u00fcber 100 Tools, die es erm\u00f6glichen, Beschaffungsaufgaben effizienter und effektiver, also ganzheitlich zu bearbeiten und zu l\u00f6sen. Daraus ergeben sich insgesamt rund drei Millionen kombinatorische Varianten von Werkzeugen. Das zeigt \u2013 die reine Verf\u00fcgbarkeit eines Werkzeugkoffers ist l\u00e4ngst nicht ausreichend. Nur der richtige Einsatz des passenden Werkzeuges kann die organisatorische Effizienz nachhaltig steigern.<\/p>\n<p>Das Buch ist keine theoretische Abhandlung, sondern aus der Praxis f\u00fcr die Praxis entwickelt. Und zwar im Rahmen eines Innosuisse-Projektes an der Fachhochschule Nordwestschweiz \u2013 mit Unterst\u00fctzung von <a href=\"https:\/\/www.procure.ch\/\">procure.ch<\/a> und Einkaufsexperten aus hiesigen Unternehmen. Die Auswahl der Werkzeuge folgt einem einfachen Prinzip der \u00c4quivalenz des Komplexit\u00e4tsgrades von Situation und Werkzeug \u2013 die Werkzeugwahl ist daher nicht beliebig. Das Buch ist im Grunde genommen eine Bedienungsanleitung. Und mit seiner digitalen Einbindung in das Unternehmen wird es zu einem lernenden Expertensystem f\u00fcr einen wirkungsvollen und effizienten Einkauf.<\/p>\n<p><em><strong>Das Buch:<br \/>\n<\/strong><\/em><em>\u00abWerkzeugkoffer des Einkaufs \u2013 Instrumente f\u00fcr das Lieferantenmanagement wirkungsvoll anwenden\u00bb<\/em><br \/>\n<em>ISBN 978-3-033-08731-6, 488 Seiten<\/em><br \/>\n<em>Das Buch kann ab sofort bestellt werden: <a href=\"http:\/\/www.procure.ch\/werkzeugkoffer-einkauf\">www.procure.ch\/werkzeugkoffer-einkauf<\/a><\/em><\/p>\n<p><strong><em>Zum Autor:<br \/>\n<\/em><\/strong><em>Herbert Ruile (60) ist Gesch\u00e4ftsf\u00fchrer von Logistikum Schweiz, einem ausseruniversit\u00e4ren Bildungs- und Innovationszentrum f\u00fcr Einkauf, Logistik und SCM. Er absolvierte eine technische Ausbildung zum promovierten Maschineningenieur an der TU M\u00fcnchen und eine betriebswirtschaftliche Weiterbildung mit einem MBA am EIPM, Archamps (F). Wichtige berufliche Stationen waren H\u00f6chst, ABB, Alstom und die FHNW.<\/em><\/p>\n","protected":false},"excerpt":{"rendered":"<p>Meister ihres Faches erkennt man an den Werkzeugen, die sie benutzen: Gerade im Zug der digitalen Transformation, ist es unabdingbar, Mitarbeitende im Einkauf mit den n\u00f6tigen Kompetenzen und dem richtigen Werkzeug auszustatten. Die Auswahl an gutem \u00abEinkaufs-Werkzeug\u00bb ist inzwischen gross \u2013 aktuell gibt es \u00fcber 100 Tools, die es erm\u00f6glichen, Beschaffungsaufgaben effizienter und effektiver, also [&hellip;]<\/p>\n","protected":false},"author":4,"featured_media":16522,"comment_status":"closed","ping_status":"closed","sticky":false,"template":"","format":"standard","meta":{"_acf_changed":false,"_yoast_wpseo_focuskw":"Einkauf","_yoast_wpseo_metadesc":"Wer sein Handwerk versteht, der weiss, welches Werkzeug f\u00fcr welche Probleml\u00f6sung einzusetzen ist. Das gilt f\u00fcr den Einkauf gleichermassen.","articlekey":"","footnotes":""},"categories":[582],"tags":[95,169,335],"class_list":["post-16521","post","type-post","status-publish","format-standard","has-post-thumbnail","hentry","category-operational-excellence","tag-buchtipps","tag-einkauf","tag-management-und-unternehmensfuehrung"],"acf":[],"yoast_head":"<!-- This site is optimized with the Yoast SEO plugin v27.5 - https:\/\/yoast.com\/product\/yoast-seo-wordpress\/ -->\n<title>Fachbuch f\u00fcr den Einkauf neu erschienen - Organisator<\/title>\n<meta name=\"description\" content=\"Wer sein Handwerk versteht, der weiss, welches Werkzeug f\u00fcr welche Probleml\u00f6sung einzusetzen ist. Das gilt f\u00fcr den Einkauf gleichermassen.\" \/>\n<meta name=\"robots\" content=\"index, follow, max-snippet:-1, max-image-preview:large, max-video-preview:-1\" \/>\n<link rel=\"canonical\" href=\"https:\/\/www.organisator.ch\/de\/operational-excellence\/2022-08-15\/fachbuch-fuer-den-einkauf-neu-erschienen\/\" \/>\n<meta property=\"og:locale\" content=\"de_DE\" \/>\n<meta property=\"og:type\" content=\"article\" \/>\n<meta property=\"og:title\" content=\"Fachbuch f\u00fcr den Einkauf neu erschienen\" \/>\n<meta property=\"og:description\" content=\"Wer sein Handwerk versteht, der weiss, welches Werkzeug f\u00fcr welche Probleml\u00f6sung einzusetzen ist. Das gilt f\u00fcr den Einkauf gleichermassen.\" \/>\n<meta property=\"og:url\" content=\"https:\/\/www.organisator.ch\/de\/operational-excellence\/2022-08-15\/fachbuch-fuer-den-einkauf-neu-erschienen\/\" \/>\n<meta property=\"og:site_name\" content=\"Organisator\" \/>\n<meta property=\"article:publisher\" content=\"https:\/\/www.facebook.com\/OrganisatorFachmagazin\" \/>\n<meta property=\"article:published_time\" content=\"2022-08-15T11:42:16+00:00\" \/>\n<meta property=\"og:image\" content=\"https:\/\/www.organisator.ch\/wp-content\/uploads\/2022\/08\/Fachbuch-fur-den-Einkauf-neu-erschienen_Organisator.jpg\" \/>\n\t<meta property=\"og:image:width\" content=\"680\" \/>\n\t<meta property=\"og:image:height\" content=\"480\" \/>\n\t<meta property=\"og:image:type\" content=\"image\/jpeg\" \/>\n<meta name=\"author\" content=\"thomas.berner\" \/>\n<meta name=\"twitter:card\" content=\"summary_large_image\" \/>\n<meta name=\"twitter:title\" content=\"#Fachbuch f\u00fcr den #Einkauf neu erschienen\" \/>\n<meta name=\"twitter:description\" content=\"Wer sein #Handwerk versteht, der weiss, welches Werkzeug f\u00fcr welche #Probleml\u00f6sung einzusetzen ist. Das gilt f\u00fcr den #Einkauf gleichermassen.\" \/>\n<meta name=\"twitter:image\" content=\"https:\/\/www.organisator.ch\/wp-content\/uploads\/2022\/08\/Fachbuch-fur-den-Einkauf-neu-erschienen_Organisator.jpg\" \/>\n<script type=\"application\/ld+json\" class=\"yoast-schema-graph\">{\"@context\":\"https:\\\/\\\/schema.org\",\"@graph\":[{\"@type\":\"Article\",\"@id\":\"https:\\\/\\\/www.organisator.ch\\\/operational-excellence\\\/2022-08-15\\\/fachbuch-fuer-den-einkauf-neu-erschienen\\\/#article\",\"isPartOf\":{\"@id\":\"https:\\\/\\\/www.organisator.ch\\\/operational-excellence\\\/2022-08-15\\\/fachbuch-fuer-den-einkauf-neu-erschienen\\\/\"},\"author\":{\"name\":\"thomas.berner\",\"@id\":\"https:\\\/\\\/www.organisator.ch\\\/#\\\/schema\\\/person\\\/6f650f90b2842cd4c0cc334b4e36f67e\"},\"headline\":\"Fachbuch f\u00fcr den Einkauf neu erschienen\",\"datePublished\":\"2022-08-15T11:42:16+00:00\",\"mainEntityOfPage\":{\"@id\":\"https:\\\/\\\/www.organisator.ch\\\/operational-excellence\\\/2022-08-15\\\/fachbuch-fuer-den-einkauf-neu-erschienen\\\/\"},\"wordCount\":300,\"publisher\":{\"@id\":\"https:\\\/\\\/www.organisator.ch\\\/#organization\"},\"image\":{\"@id\":\"https:\\\/\\\/www.organisator.ch\\\/operational-excellence\\\/2022-08-15\\\/fachbuch-fuer-den-einkauf-neu-erschienen\\\/#primaryimage\"},\"thumbnailUrl\":\"https:\\\/\\\/www.organisator.ch\\\/wp-content\\\/uploads\\\/2022\\\/08\\\/Fachbuch-fur-den-Einkauf-neu-erschienen_Organisator.jpg\",\"keywords\":[\"Buchtipps\",\"Einkauf\",\"Management und Unternehmensf\u00fchrung\"],\"articleSection\":[\"OPERATIONAL EXCELLENCE\"],\"inLanguage\":\"de\"},{\"@type\":\"WebPage\",\"@id\":\"https:\\\/\\\/www.organisator.ch\\\/operational-excellence\\\/2022-08-15\\\/fachbuch-fuer-den-einkauf-neu-erschienen\\\/\",\"url\":\"https:\\\/\\\/www.organisator.ch\\\/operational-excellence\\\/2022-08-15\\\/fachbuch-fuer-den-einkauf-neu-erschienen\\\/\",\"name\":\"Fachbuch f\u00fcr den Einkauf neu erschienen - Organisator\",\"isPartOf\":{\"@id\":\"https:\\\/\\\/www.organisator.ch\\\/#website\"},\"primaryImageOfPage\":{\"@id\":\"https:\\\/\\\/www.organisator.ch\\\/operational-excellence\\\/2022-08-15\\\/fachbuch-fuer-den-einkauf-neu-erschienen\\\/#primaryimage\"},\"image\":{\"@id\":\"https:\\\/\\\/www.organisator.ch\\\/operational-excellence\\\/2022-08-15\\\/fachbuch-fuer-den-einkauf-neu-erschienen\\\/#primaryimage\"},\"thumbnailUrl\":\"https:\\\/\\\/www.organisator.ch\\\/wp-content\\\/uploads\\\/2022\\\/08\\\/Fachbuch-fur-den-Einkauf-neu-erschienen_Organisator.jpg\",\"datePublished\":\"2022-08-15T11:42:16+00:00\",\"description\":\"Wer sein Handwerk versteht, der weiss, welches Werkzeug f\u00fcr welche Probleml\u00f6sung einzusetzen ist. Das gilt f\u00fcr den Einkauf gleichermassen.\",\"breadcrumb\":{\"@id\":\"https:\\\/\\\/www.organisator.ch\\\/operational-excellence\\\/2022-08-15\\\/fachbuch-fuer-den-einkauf-neu-erschienen\\\/#breadcrumb\"},\"inLanguage\":\"de\",\"potentialAction\":[{\"@type\":\"ReadAction\",\"target\":[\"https:\\\/\\\/www.organisator.ch\\\/operational-excellence\\\/2022-08-15\\\/fachbuch-fuer-den-einkauf-neu-erschienen\\\/\"]}]},{\"@type\":\"ImageObject\",\"inLanguage\":\"de\",\"@id\":\"https:\\\/\\\/www.organisator.ch\\\/operational-excellence\\\/2022-08-15\\\/fachbuch-fuer-den-einkauf-neu-erschienen\\\/#primaryimage\",\"url\":\"https:\\\/\\\/www.organisator.ch\\\/wp-content\\\/uploads\\\/2022\\\/08\\\/Fachbuch-fur-den-Einkauf-neu-erschienen_Organisator.jpg\",\"contentUrl\":\"https:\\\/\\\/www.organisator.ch\\\/wp-content\\\/uploads\\\/2022\\\/08\\\/Fachbuch-fur-den-Einkauf-neu-erschienen_Organisator.jpg\",\"width\":680,\"height\":480,\"caption\":\"Ein neues Fachbuch als Werkzeugkasten f\u00fcr den Einkauf. (Bild: Procure.ch)\"},{\"@type\":\"BreadcrumbList\",\"@id\":\"https:\\\/\\\/www.organisator.ch\\\/operational-excellence\\\/2022-08-15\\\/fachbuch-fuer-den-einkauf-neu-erschienen\\\/#breadcrumb\",\"itemListElement\":[{\"@type\":\"ListItem\",\"position\":1,\"name\":\"Home\",\"item\":\"https:\\\/\\\/www.organisator.ch\\\/\"},{\"@type\":\"ListItem\",\"position\":2,\"name\":\"Fachbuch f\u00fcr den Einkauf neu erschienen\"}]},{\"@type\":\"WebSite\",\"@id\":\"https:\\\/\\\/www.organisator.ch\\\/#website\",\"url\":\"https:\\\/\\\/www.organisator.ch\\\/\",\"name\":\"Organisator\",\"description\":\"Kompetent. Praxisnah. Der ORGANISATOR bereitet in 10 Ausgaben pro Jahr die wesentlichen Themen f\u00fcr F\u00fchrungskr\u00e4fte von KMU auf.\",\"publisher\":{\"@id\":\"https:\\\/\\\/www.organisator.ch\\\/#organization\"},\"potentialAction\":[{\"@type\":\"SearchAction\",\"target\":{\"@type\":\"EntryPoint\",\"urlTemplate\":\"https:\\\/\\\/www.organisator.ch\\\/?s={search_term_string}\"},\"query-input\":{\"@type\":\"PropertyValueSpecification\",\"valueRequired\":true,\"valueName\":\"search_term_string\"}}],\"inLanguage\":\"de\"},{\"@type\":\"Organization\",\"@id\":\"https:\\\/\\\/www.organisator.ch\\\/#organization\",\"name\":\"Organisator\",\"url\":\"https:\\\/\\\/www.organisator.ch\\\/\",\"logo\":{\"@type\":\"ImageObject\",\"inLanguage\":\"de\",\"@id\":\"https:\\\/\\\/www.organisator.ch\\\/#\\\/schema\\\/logo\\\/image\\\/\",\"url\":\"https:\\\/\\\/www.organisator.ch\\\/wp-content\\\/uploads\\\/2022\\\/01\\\/Logo_Organisator_Website.png\",\"contentUrl\":\"https:\\\/\\\/www.organisator.ch\\\/wp-content\\\/uploads\\\/2022\\\/01\\\/Logo_Organisator_Website.png\",\"width\":800,\"height\":77,\"caption\":\"Organisator\"},\"image\":{\"@id\":\"https:\\\/\\\/www.organisator.ch\\\/#\\\/schema\\\/logo\\\/image\\\/\"},\"sameAs\":[\"https:\\\/\\\/www.facebook.com\\\/OrganisatorFachmagazin\",\"https:\\\/\\\/www.linkedin.com\\\/showcase\\\/organisator-das-magazin-fr-kmu\",\"https:\\\/\\\/www.xing.com\\\/news\\\/pages\\\/organisator-ch-695\",\"https:\\\/\\\/www.youtube.com\\\/channel\\\/UCGP2Sq0iWaZwT3BdIAQFYpw\"]},{\"@type\":\"Person\",\"@id\":\"https:\\\/\\\/www.organisator.ch\\\/#\\\/schema\\\/person\\\/6f650f90b2842cd4c0cc334b4e36f67e\",\"name\":\"thomas.berner\",\"image\":{\"@type\":\"ImageObject\",\"inLanguage\":\"de\",\"@id\":\"https:\\\/\\\/secure.gravatar.com\\\/avatar\\\/ac5001d2a36cb6c6cd3e50789007ffca834b477b74a2144564522e944eabff61?s=96&d=mm&r=g\",\"url\":\"https:\\\/\\\/secure.gravatar.com\\\/avatar\\\/ac5001d2a36cb6c6cd3e50789007ffca834b477b74a2144564522e944eabff61?s=96&d=mm&r=g\",\"contentUrl\":\"https:\\\/\\\/secure.gravatar.com\\\/avatar\\\/ac5001d2a36cb6c6cd3e50789007ffca834b477b74a2144564522e944eabff61?s=96&d=mm&r=g\",\"caption\":\"thomas.berner\"},\"url\":\"https:\\\/\\\/www.organisator.ch\\\/de\\\/author\\\/thomas-berner\\\/\"}]}<\/script>\n<!-- \/ Yoast SEO plugin. -->","yoast_head_json":{"title":"Fachbuch f\u00fcr den Einkauf neu erschienen - Organisator","description":"Wer sein Handwerk versteht, der weiss, welches Werkzeug f\u00fcr welche Probleml\u00f6sung einzusetzen ist. Das gilt f\u00fcr den Einkauf gleichermassen.","robots":{"index":"index","follow":"follow","max-snippet":"max-snippet:-1","max-image-preview":"max-image-preview:large","max-video-preview":"max-video-preview:-1"},"canonical":"https:\/\/www.organisator.ch\/de\/operational-excellence\/2022-08-15\/fachbuch-fuer-den-einkauf-neu-erschienen\/","og_locale":"de_DE","og_type":"article","og_title":"Fachbuch f\u00fcr den Einkauf neu erschienen","og_description":"Wer sein Handwerk versteht, der weiss, welches Werkzeug f\u00fcr welche Probleml\u00f6sung einzusetzen ist. Das gilt f\u00fcr den Einkauf gleichermassen.","og_url":"https:\/\/www.organisator.ch\/de\/operational-excellence\/2022-08-15\/fachbuch-fuer-den-einkauf-neu-erschienen\/","og_site_name":"Organisator","article_publisher":"https:\/\/www.facebook.com\/OrganisatorFachmagazin","article_published_time":"2022-08-15T11:42:16+00:00","og_image":[{"width":680,"height":480,"url":"https:\/\/www.organisator.ch\/wp-content\/uploads\/2022\/08\/Fachbuch-fur-den-Einkauf-neu-erschienen_Organisator.jpg","type":"image\/jpeg"}],"author":"thomas.berner","twitter_card":"summary_large_image","twitter_title":"#Fachbuch f\u00fcr den #Einkauf neu erschienen","twitter_description":"Wer sein #Handwerk versteht, der weiss, welches Werkzeug f\u00fcr welche #Probleml\u00f6sung einzusetzen ist. Das gilt f\u00fcr den #Einkauf gleichermassen.","twitter_image":"https:\/\/www.organisator.ch\/wp-content\/uploads\/2022\/08\/Fachbuch-fur-den-Einkauf-neu-erschienen_Organisator.jpg","schema":{"@context":"https:\/\/schema.org","@graph":[{"@type":"Article","@id":"https:\/\/www.organisator.ch\/operational-excellence\/2022-08-15\/fachbuch-fuer-den-einkauf-neu-erschienen\/#article","isPartOf":{"@id":"https:\/\/www.organisator.ch\/operational-excellence\/2022-08-15\/fachbuch-fuer-den-einkauf-neu-erschienen\/"},"author":{"name":"thomas.berner","@id":"https:\/\/www.organisator.ch\/#\/schema\/person\/6f650f90b2842cd4c0cc334b4e36f67e"},"headline":"Fachbuch f\u00fcr den Einkauf neu erschienen","datePublished":"2022-08-15T11:42:16+00:00","mainEntityOfPage":{"@id":"https:\/\/www.organisator.ch\/operational-excellence\/2022-08-15\/fachbuch-fuer-den-einkauf-neu-erschienen\/"},"wordCount":300,"publisher":{"@id":"https:\/\/www.organisator.ch\/#organization"},"image":{"@id":"https:\/\/www.organisator.ch\/operational-excellence\/2022-08-15\/fachbuch-fuer-den-einkauf-neu-erschienen\/#primaryimage"},"thumbnailUrl":"https:\/\/www.organisator.ch\/wp-content\/uploads\/2022\/08\/Fachbuch-fur-den-Einkauf-neu-erschienen_Organisator.jpg","keywords":["Buchtipps","Einkauf","Management und Unternehmensf\u00fchrung"],"articleSection":["OPERATIONAL EXCELLENCE"],"inLanguage":"de"},{"@type":"WebPage","@id":"https:\/\/www.organisator.ch\/operational-excellence\/2022-08-15\/fachbuch-fuer-den-einkauf-neu-erschienen\/","url":"https:\/\/www.organisator.ch\/operational-excellence\/2022-08-15\/fachbuch-fuer-den-einkauf-neu-erschienen\/","name":"Fachbuch f\u00fcr den Einkauf neu erschienen - Organisator","isPartOf":{"@id":"https:\/\/www.organisator.ch\/#website"},"primaryImageOfPage":{"@id":"https:\/\/www.organisator.ch\/operational-excellence\/2022-08-15\/fachbuch-fuer-den-einkauf-neu-erschienen\/#primaryimage"},"image":{"@id":"https:\/\/www.organisator.ch\/operational-excellence\/2022-08-15\/fachbuch-fuer-den-einkauf-neu-erschienen\/#primaryimage"},"thumbnailUrl":"https:\/\/www.organisator.ch\/wp-content\/uploads\/2022\/08\/Fachbuch-fur-den-Einkauf-neu-erschienen_Organisator.jpg","datePublished":"2022-08-15T11:42:16+00:00","description":"Wer sein Handwerk versteht, der weiss, welches Werkzeug f\u00fcr welche Probleml\u00f6sung einzusetzen ist. Das gilt f\u00fcr den Einkauf gleichermassen.","breadcrumb":{"@id":"https:\/\/www.organisator.ch\/operational-excellence\/2022-08-15\/fachbuch-fuer-den-einkauf-neu-erschienen\/#breadcrumb"},"inLanguage":"de","potentialAction":[{"@type":"ReadAction","target":["https:\/\/www.organisator.ch\/operational-excellence\/2022-08-15\/fachbuch-fuer-den-einkauf-neu-erschienen\/"]}]},{"@type":"ImageObject","inLanguage":"de","@id":"https:\/\/www.organisator.ch\/operational-excellence\/2022-08-15\/fachbuch-fuer-den-einkauf-neu-erschienen\/#primaryimage","url":"https:\/\/www.organisator.ch\/wp-content\/uploads\/2022\/08\/Fachbuch-fur-den-Einkauf-neu-erschienen_Organisator.jpg","contentUrl":"https:\/\/www.organisator.ch\/wp-content\/uploads\/2022\/08\/Fachbuch-fur-den-Einkauf-neu-erschienen_Organisator.jpg","width":680,"height":480,"caption":"Ein neues Fachbuch als Werkzeugkasten f\u00fcr den Einkauf. (Bild: Procure.ch)"},{"@type":"BreadcrumbList","@id":"https:\/\/www.organisator.ch\/operational-excellence\/2022-08-15\/fachbuch-fuer-den-einkauf-neu-erschienen\/#breadcrumb","itemListElement":[{"@type":"ListItem","position":1,"name":"Home","item":"https:\/\/www.organisator.ch\/"},{"@type":"ListItem","position":2,"name":"Fachbuch f\u00fcr den Einkauf neu erschienen"}]},{"@type":"WebSite","@id":"https:\/\/www.organisator.ch\/#website","url":"https:\/\/www.organisator.ch\/","name":"Organisator","description":"Kompetent. Praxisnah. Der ORGANISATOR bereitet in 10 Ausgaben pro Jahr die wesentlichen Themen f\u00fcr F\u00fchrungskr\u00e4fte von KMU auf.","publisher":{"@id":"https:\/\/www.organisator.ch\/#organization"},"potentialAction":[{"@type":"SearchAction","target":{"@type":"EntryPoint","urlTemplate":"https:\/\/www.organisator.ch\/?s={search_term_string}"},"query-input":{"@type":"PropertyValueSpecification","valueRequired":true,"valueName":"search_term_string"}}],"inLanguage":"de"},{"@type":"Organization","@id":"https:\/\/www.organisator.ch\/#organization","name":"Organisator","url":"https:\/\/www.organisator.ch\/","logo":{"@type":"ImageObject","inLanguage":"de","@id":"https:\/\/www.organisator.ch\/#\/schema\/logo\/image\/","url":"https:\/\/www.organisator.ch\/wp-content\/uploads\/2022\/01\/Logo_Organisator_Website.png","contentUrl":"https:\/\/www.organisator.ch\/wp-content\/uploads\/2022\/01\/Logo_Organisator_Website.png","width":800,"height":77,"caption":"Organisator"},"image":{"@id":"https:\/\/www.organisator.ch\/#\/schema\/logo\/image\/"},"sameAs":["https:\/\/www.facebook.com\/OrganisatorFachmagazin","https:\/\/www.linkedin.com\/showcase\/organisator-das-magazin-fr-kmu","https:\/\/www.xing.com\/news\/pages\/organisator-ch-695","https:\/\/www.youtube.com\/channel\/UCGP2Sq0iWaZwT3BdIAQFYpw"]},{"@type":"Person","@id":"https:\/\/www.organisator.ch\/#\/schema\/person\/6f650f90b2842cd4c0cc334b4e36f67e","name":"thomas.berner","image":{"@type":"ImageObject","inLanguage":"de","@id":"https:\/\/secure.gravatar.com\/avatar\/ac5001d2a36cb6c6cd3e50789007ffca834b477b74a2144564522e944eabff61?s=96&d=mm&r=g","url":"https:\/\/secure.gravatar.com\/avatar\/ac5001d2a36cb6c6cd3e50789007ffca834b477b74a2144564522e944eabff61?s=96&d=mm&r=g","contentUrl":"https:\/\/secure.gravatar.com\/avatar\/ac5001d2a36cb6c6cd3e50789007ffca834b477b74a2144564522e944eabff61?s=96&d=mm&r=g","caption":"thomas.berner"},"url":"https:\/\/www.organisator.ch\/de\/author\/thomas-berner\/"}]}},"_links":{"self":[{"href":"https:\/\/www.organisator.ch\/de\/wp-json\/wp\/v2\/posts\/16521","targetHints":{"allow":["GET"]}}],"collection":[{"href":"https:\/\/www.organisator.ch\/de\/wp-json\/wp\/v2\/posts"}],"about":[{"href":"https:\/\/www.organisator.ch\/de\/wp-json\/wp\/v2\/types\/post"}],"author":[{"embeddable":true,"href":"https:\/\/www.organisator.ch\/de\/wp-json\/wp\/v2\/users\/4"}],"replies":[{"embeddable":true,"href":"https:\/\/www.organisator.ch\/de\/wp-json\/wp\/v2\/comments?post=16521"}],"version-history":[{"count":1,"href":"https:\/\/www.organisator.ch\/de\/wp-json\/wp\/v2\/posts\/16521\/revisions"}],"predecessor-version":[{"id":16523,"href":"https:\/\/www.organisator.ch\/de\/wp-json\/wp\/v2\/posts\/16521\/revisions\/16523"}],"wp:featuredmedia":[{"embeddable":true,"href":"https:\/\/www.organisator.ch\/de\/wp-json\/wp\/v2\/media\/16522"}],"wp:attachment":[{"href":"https:\/\/www.organisator.ch\/de\/wp-json\/wp\/v2\/media?parent=16521"}],"wp:term":[{"taxonomy":"category","embeddable":true,"href":"https:\/\/www.organisator.ch\/de\/wp-json\/wp\/v2\/categories?post=16521"},{"taxonomy":"post_tag","embeddable":true,"href":"https:\/\/www.organisator.ch\/de\/wp-json\/wp\/v2\/tags?post=16521"}],"curies":[{"name":"wp","href":"https:\/\/api.w.org\/{rel}","templated":true}]}}