{"id":16588,"date":"2022-08-18T09:07:26","date_gmt":"2022-08-18T07:07:26","guid":{"rendered":"https:\/\/www.organisator.ch\/?p=16588"},"modified":"2022-08-18T09:07:26","modified_gmt":"2022-08-18T07:07:26","slug":"kunststoffwerk-silac-feiert-80-jaehriges-jubilaeum","status":"publish","type":"post","link":"https:\/\/www.organisator.ch\/de\/management\/2022-08-18\/kunststoffwerk-silac-feiert-80-jaehriges-jubilaeum\/","title":{"rendered":"Kunststoffwerk Silac feiert 80-j\u00e4hriges Jubil\u00e4um"},"content":{"rendered":"<figure id=\"attachment_16589\" aria-describedby=\"caption-attachment-16589\" style=\"width: 680px\" class=\"wp-caption alignnone\"><img loading=\"lazy\" decoding=\"async\" class=\"size-full wp-image-16589\" src=\"https:\/\/www.organisator.ch\/wp-content\/uploads\/2022\/08\/Kunststoffwerk-Silac-feiert-80-jahriges-Jubilaum-1_Organisator.jpg\" alt=\"\" width=\"680\" height=\"453\" srcset=\"https:\/\/www.organisator.ch\/wp-content\/uploads\/2022\/08\/Kunststoffwerk-Silac-feiert-80-jahriges-Jubilaum-1_Organisator.jpg 680w, https:\/\/www.organisator.ch\/wp-content\/uploads\/2022\/08\/Kunststoffwerk-Silac-feiert-80-jahriges-Jubilaum-1_Organisator-18x12.jpg 18w, https:\/\/www.organisator.ch\/wp-content\/uploads\/2022\/08\/Kunststoffwerk-Silac-feiert-80-jahriges-Jubilaum-1_Organisator-263x175.jpg 263w, https:\/\/www.organisator.ch\/wp-content\/uploads\/2022\/08\/Kunststoffwerk-Silac-feiert-80-jahriges-Jubilaum-1_Organisator-525x350.jpg 525w, https:\/\/www.organisator.ch\/wp-content\/uploads\/2022\/08\/Kunststoffwerk-Silac-feiert-80-jahriges-Jubilaum-1_Organisator-300x200.jpg 300w\" sizes=\"auto, (max-width: 680px) 100vw, 680px\" \/><figcaption id=\"caption-attachment-16589\" class=\"wp-caption-text\">Ein guter Berufsnachwuchs und motivierte, hochqualifizierte Mitarbeiter bilden das Fundament des langfristigen Erfolgs der Silac AG, die dieses Jahr das 80-Jahr-Jubil\u00e4um feiert. (Bild: zVg \/ Silac)<\/figcaption><\/figure>\n<p>Im Fr\u00fchjahr 1942 startete die Silac mit der Produktion von Kunststoffkn\u00f6pfen in einem alten Schulhaus in Oberiberg. Nur zwei Jahre nach der Gr\u00fcndung ben\u00f6tigte das Unternehmen mehr Platz und zog nach Euthal um. Nach Kriegsende erweiterte das Unternehmen sein Angebot mit hydraulischen Pressen, Pressautomaten und leistungsstarken Thermoplast-Spritzmaschinen. Fortan konnten gefragte Duroplast- und Thermoplast-Erzeugnisse wie Dosen, Deckel, Schraub-, Flaschenverschl\u00fcsse und M\u00f6belgriffe produziert werden. Silac entwickelte sich so rasch zu einem wichtigen regionalen Arbeitgeber.<\/p>\n<h3>Vom Produzent von Kunststoffkn\u00f6pfen zum Hightech-Betrieb<\/h3>\n<p>Die Firma erkannte fr\u00fch das Potenzial gut ausgebildeter Mitarbeiter und war von Anfang an bestrebt, auch junge Leute anzuwerben. Bereits 1960 konnten die ersten Mechaniker-Lehrlinge im Betrieb aufgenommen werden. Dies war f\u00fcr die dauerhafte Qualit\u00e4tssicherung ein wichtiger und logischer Schritt. Die Lehrlingsausbildung ist auch heute noch ein wichtiger Grundsatz in der Firmenphilosophie. Viel Zeit und Energie wird in eine vorbildliche Lehrlingsausbildung investiert. Silac bildet heute nicht nur angehende Produktionsmechaniker, sondern auch Kunststofftechnologen, Polymechaniker und Kaufleute aus.<\/p>\n<p>Unter der zweiten Generation entwickelte sich das Familienunternehmen in eine fortschrittliche Firma mit hervorragendem Ruf. Herbert Birchler setzte den Schwerpunkt bewusst auf modernste Technologie. Er investierte laufend in den Maschinenpark, um mit der Konkurrenz mithalten zu k\u00f6nnen. Das Vorantreiben der Automatisierung war notwendig, um den Fortbestand der Firma und damit den Erhalt der Arbeitspl\u00e4tze langfristig zu garantieren. Ende der 1980er-Jahre wagte Silac den Schritt nach vorne und nahm die Planung eines kompletten Neubaus in Angriff. 1990 erfolgte der Umzug in den Neubau am heutigen Sitz in Euthal.<\/p>\n<figure id=\"attachment_16590\" aria-describedby=\"caption-attachment-16590\" style=\"width: 680px\" class=\"wp-caption alignnone\"><img loading=\"lazy\" decoding=\"async\" class=\"size-medium wp-image-16590\" src=\"https:\/\/www.organisator.ch\/wp-content\/uploads\/2022\/08\/Kunststoffwerk-Silac-feiert-80-jahriges-Jubilaum-2_Organisator-680x510.webp\" alt=\"\" width=\"680\" height=\"510\" srcset=\"https:\/\/www.organisator.ch\/wp-content\/uploads\/2022\/08\/Kunststoffwerk-Silac-feiert-80-jahriges-Jubilaum-2_Organisator-680x510.webp 680w, https:\/\/www.organisator.ch\/wp-content\/uploads\/2022\/08\/Kunststoffwerk-Silac-feiert-80-jahriges-Jubilaum-2_Organisator-768x576.webp 768w, https:\/\/www.organisator.ch\/wp-content\/uploads\/2022\/08\/Kunststoffwerk-Silac-feiert-80-jahriges-Jubilaum-2_Organisator-16x12.webp 16w, https:\/\/www.organisator.ch\/wp-content\/uploads\/2022\/08\/Kunststoffwerk-Silac-feiert-80-jahriges-Jubilaum-2_Organisator-233x175.webp 233w, https:\/\/www.organisator.ch\/wp-content\/uploads\/2022\/08\/Kunststoffwerk-Silac-feiert-80-jahriges-Jubilaum-2_Organisator-467x350.webp 467w, https:\/\/www.organisator.ch\/wp-content\/uploads\/2022\/08\/Kunststoffwerk-Silac-feiert-80-jahriges-Jubilaum-2_Organisator-300x225.webp 300w, https:\/\/www.organisator.ch\/wp-content\/uploads\/2022\/08\/Kunststoffwerk-Silac-feiert-80-jahriges-Jubilaum-2_Organisator.webp 800w\" sizes=\"auto, (max-width: 680px) 100vw, 680px\" \/><figcaption id=\"caption-attachment-16590\" class=\"wp-caption-text\">Drei Generationen des Familienunternehmens: Peter Birchler, Luca Birchler, Herbert Birchler und Olivier Birchler (v.l.n.r.). (Bild: zVg \/ Silac AG)<\/figcaption><\/figure>\n<h3>Erweiterung des Firmengeb\u00e4udes im Jahr 2020<\/h3>\n<p>1998 zog es Peter Birchler ins Familienunternehmen. Der damals 27-j\u00e4hrige Gesch\u00e4ftsf\u00fchrer stellte geschickt die Weichen und entwickelte Silac zu einem modernen Hightech-Betrieb, der trotz internationalem Preisdruck weiterhin bewusst auf Schweizer Qualit\u00e4t setzt. Peter Birchler war und ist \u00fcberzeugt, dass Silac mit Schnelligkeit, Flexibilit\u00e4t und Qualit\u00e4t bei seinen Kunden punktet. Mit dem Fokus, stets h\u00f6chste Qualit\u00e4t dem Kunden zu garantieren, betreibt Silac, im Gegensatz zu vielen anderen Spritzgussbetrieben, auch heute noch einen eigenen Werkzeugbau. Hier werden von eigens ausgebildeten Polymechanikern Spritzgussformen plangetreu und pr\u00e4zise gebaut. Denn wie bereits seine Vorg\u00e4nger weiss Peter Birchler, dass hinter dem Silac-Erfolg der Mensch steckt. Ein guter Berufsnachwuchs und motivierte, hochqualifizierte Mitarbeiter bilden das Fundament des langfristigen Erfolgs.<\/p>\n<p>Ein weiterer H\u00f6hepunkt in der Geschichte der Silac erfolgte im 2020 mit der Er\u00f6ffnung der neuen Fertigungshalle. Mit neu insgesamt 3\u2019000 Quadratmetern Produktionsfl\u00e4che ist das Unternehmen f\u00fcr die Zukunft gewappnet. Die neue Halle ist mit modernsten, voll automatisierten Produktionsanlagen best\u00fcckt. Hochwertige Kunststoff-L\u00f6sungen werden hier unter maximalen Hygienestandards f\u00fcr die Lebensmittelbranche hergestellt. \u00dcberdies wurden die Lagerkapazit\u00e4ten ausgebaut, so dass Silac den steigenden Kundenbed\u00fcrfnissen auch k\u00fcnftig gerecht werden kann.<\/p>\n<h3>Silac verbindet zwei Kunststoff-Welten<\/h3>\n<p>Silac kombiniert auf nach eigener Darstellung einzigartige Weise die Welt der Verpackung und die Welt der Technik. Stabile und hochwertige Formen, die im eigenen Werkzeugbau erstellt werden, erm\u00f6glichen grosse Produktionsvolumen f\u00fcr anspruchsvolle Verpackungsl\u00f6sungen. Eines der Top-Produkte ist das Flex-Spring-Scharnier f\u00fcr Klappverschl\u00fcsse mit einer \u00fcberdurchschnittlichen Belastbarkeit bei gr\u00f6sstem \u00d6ffnungswinkel. Das Unternehmen ist f\u00fchrend bei der Produktion von raffinierten Kunststoff-Verschl\u00fcssen. Auch komplexe Teile f\u00fcr die Elektrobranche oder den Maschinen- und Apparatebau werden nach den W\u00fcnschen der Kunden dank modernster Technik und langj\u00e4hrigem Know-how schnell und in kleinen oder grossen Volumen produziert. Mittels innovativer 2-Komponenten-Technik kann Silac zudem feste und weiche Materialien in einem einzigen Arbeitsschritt verarbeiten. Das Resultat sind dichtere Verpackungen, neue Gestaltungsm\u00f6glichkeiten, k\u00fcrzere Produktionszeiten und tiefere Herstellungskosten. Ein weiterer Pluspunkt des Unternehmens sind die vielf\u00e4ltigen Druckm\u00f6glichkeiten der Kunststoffteile, die den Kunden einen individuellen Auftritt erm\u00f6glichen.<\/p>\n<h3>Ger\u00fcstet f\u00fcr die Zukunft<\/h3>\n<p>Das Unternehmen engagiert sich auch f\u00fcr einen verantwortungsbewussten Umgang mit den Werkstoffen. Gerade als Familienunternehmen ist sich Silac der Verantwortung gegen\u00fcber der n\u00e4chsten Generation bewusst. Sie setzt sich im eigenen Betrieb f\u00fcr einen geschlossenen, umweltfreundlichen Kunststoffkreislauf ein und verwertet den eigenen Kunststoffabfall. Des Weiteren verf\u00fcgt Silac \u00fcber folgende Zertifizierungen, die den hohen Qualit\u00e4tsanspruch des Unternehmens festigen: FSSC 22000 (Version 5.1), ISO 9001:2015 und ISO 14001:2015.<\/p>\n<p>\u00abDie k\u00fcrzlich erfolgte FSSC 22000 Zertifizierung, der stetige Ausbau des Technologie- und Druckangebotes sowie der innovative Einsatz von biobasierten Kunststoffen sind weitere Etappen in der 80-j\u00e4hrigen Erfolgsgeschichte der Silac AG. Ausserdem ist mit Luca und Olivier Birchler bereits die vierte Generation im Betrieb t\u00e4tig. Ich bin sehr gl\u00fccklich, dass wir mit ihnen die Familientradition fortsetzen und unseren Kunden auch in Zukunft herausragende Kunststoffl\u00f6sungen anbieten k\u00f6nnen\u00bb, erg\u00e4nzt Gesch\u00e4ftsf\u00fchrer Peter Birchler.<\/p>\n<p><em>Am Samstag, 10. September 2022, l\u00e4dt die Silac Interessierte zum Tag der offenen T\u00fcr ein. Von 10 bis 16 Uhr k\u00f6nnen die Besucher bei einem Rundgang einen Blick hinter die Kulissen werfen und in die faszinierende Kunststoffwelt eintauchen. Auch kulinarisch werden die G\u00e4ste an diesem Tag verw\u00f6hnt. <a href=\"http:\/\/www.silac.ch\">www.silac.ch<\/a><\/em><\/p>\n","protected":false},"excerpt":{"rendered":"<p>Im Fr\u00fchjahr 1942 startete die Silac mit der Produktion von Kunststoffkn\u00f6pfen in einem alten Schulhaus in Oberiberg. Nur zwei Jahre nach der Gr\u00fcndung ben\u00f6tigte das Unternehmen mehr Platz und zog nach Euthal um. Nach Kriegsende erweiterte das Unternehmen sein Angebot mit hydraulischen Pressen, Pressautomaten und leistungsstarken Thermoplast-Spritzmaschinen. Fortan konnten gefragte Duroplast- und Thermoplast-Erzeugnisse wie Dosen, [&hellip;]<\/p>\n","protected":false},"author":4,"featured_media":16589,"comment_status":"closed","ping_status":"closed","sticky":false,"template":"","format":"standard","meta":{"_acf_changed":false,"_yoast_wpseo_focuskw":"Silac","_yoast_wpseo_metadesc":"Die Silac AG, ein Kunststoffwerk mit Sitz in Euthal SZ und ein inhabergef\u00fchrtes Familienunternehmen, feiert das 80-j\u00e4hrige Jubil\u00e4um.","articlekey":"","footnotes":""},"categories":[28],"tags":[196,206,335,492],"class_list":["post-16588","post","type-post","status-publish","format-standard","has-post-thumbnail","hentry","category-management","tag-familienunternehmen","tag-firmenjubilaeum","tag-management-und-unternehmensfuehrung","tag-unternehmen"],"acf":[],"yoast_head":"<!-- This site is optimized with the Yoast SEO plugin v27.5 - https:\/\/yoast.com\/product\/yoast-seo-wordpress\/ -->\n<title>Kunststoffwerk Silac feiert 80-j\u00e4hriges Jubil\u00e4um - Organisator<\/title>\n<meta name=\"description\" content=\"Die Silac AG, ein Kunststoffwerk mit Sitz in Euthal SZ und ein inhabergef\u00fchrtes Familienunternehmen, feiert das 80-j\u00e4hrige Jubil\u00e4um.\" \/>\n<meta name=\"robots\" content=\"index, follow, max-snippet:-1, max-image-preview:large, max-video-preview:-1\" \/>\n<link rel=\"canonical\" href=\"https:\/\/www.organisator.ch\/de\/management\/2022-08-18\/kunststoffwerk-silac-feiert-80-jaehriges-jubilaeum\/\" \/>\n<meta property=\"og:locale\" content=\"de_DE\" \/>\n<meta property=\"og:type\" content=\"article\" \/>\n<meta property=\"og:title\" content=\"Kunststoffwerk Silac feiert 80-j\u00e4hriges Jubil\u00e4um\" \/>\n<meta property=\"og:description\" content=\"Die Silac AG, ein Kunststoffwerk mit Sitz in Euthal SZ und ein inhabergef\u00fchrtes Familienunternehmen, feiert das 80-j\u00e4hrige Jubil\u00e4um.\" \/>\n<meta property=\"og:url\" content=\"https:\/\/www.organisator.ch\/de\/management\/2022-08-18\/kunststoffwerk-silac-feiert-80-jaehriges-jubilaeum\/\" \/>\n<meta property=\"og:site_name\" content=\"Organisator\" \/>\n<meta property=\"article:publisher\" content=\"https:\/\/www.facebook.com\/OrganisatorFachmagazin\" \/>\n<meta property=\"article:published_time\" content=\"2022-08-18T07:07:26+00:00\" \/>\n<meta property=\"og:image\" content=\"https:\/\/www.organisator.ch\/wp-content\/uploads\/2022\/08\/Kunststoffwerk-Silac-feiert-80-jahriges-Jubilaum-2_Organisator.webp\" \/>\n\t<meta property=\"og:image:width\" content=\"800\" \/>\n\t<meta property=\"og:image:height\" content=\"600\" \/>\n\t<meta property=\"og:image:type\" content=\"image\/webp\" \/>\n<meta name=\"author\" content=\"thomas.berner\" \/>\n<meta name=\"twitter:card\" content=\"summary_large_image\" \/>\n<meta name=\"twitter:title\" content=\"Kunststoffwerk #Silac feiert 80-j\u00e4hriges Jubil\u00e4um\" \/>\n<meta name=\"twitter:description\" content=\"Die #Silac AG, ein #Kunststoffwerk mit Sitz in #Euthal SZ und ein inhabergef\u00fchrtes #Familienunternehmen, feiert das 80-j\u00e4hrige #Jubil\u00e4um.\" \/>\n<meta name=\"twitter:image\" content=\"https:\/\/www.organisator.ch\/wp-content\/uploads\/2022\/08\/Kunststoffwerk-Silac-feiert-80-jahriges-Jubilaum-2_Organisator.webp\" \/>\n<script type=\"application\/ld+json\" class=\"yoast-schema-graph\">{\"@context\":\"https:\\\/\\\/schema.org\",\"@graph\":[{\"@type\":\"Article\",\"@id\":\"https:\\\/\\\/www.organisator.ch\\\/management\\\/2022-08-18\\\/kunststoffwerk-silac-feiert-80-jaehriges-jubilaeum\\\/#article\",\"isPartOf\":{\"@id\":\"https:\\\/\\\/www.organisator.ch\\\/management\\\/2022-08-18\\\/kunststoffwerk-silac-feiert-80-jaehriges-jubilaeum\\\/\"},\"author\":{\"name\":\"thomas.berner\",\"@id\":\"https:\\\/\\\/www.organisator.ch\\\/#\\\/schema\\\/person\\\/6f650f90b2842cd4c0cc334b4e36f67e\"},\"headline\":\"Kunststoffwerk Silac feiert 80-j\u00e4hriges Jubil\u00e4um\",\"datePublished\":\"2022-08-18T07:07:26+00:00\",\"mainEntityOfPage\":{\"@id\":\"https:\\\/\\\/www.organisator.ch\\\/management\\\/2022-08-18\\\/kunststoffwerk-silac-feiert-80-jaehriges-jubilaeum\\\/\"},\"wordCount\":875,\"publisher\":{\"@id\":\"https:\\\/\\\/www.organisator.ch\\\/#organization\"},\"image\":{\"@id\":\"https:\\\/\\\/www.organisator.ch\\\/management\\\/2022-08-18\\\/kunststoffwerk-silac-feiert-80-jaehriges-jubilaeum\\\/#primaryimage\"},\"thumbnailUrl\":\"https:\\\/\\\/www.organisator.ch\\\/wp-content\\\/uploads\\\/2022\\\/08\\\/Kunststoffwerk-Silac-feiert-80-jahriges-Jubilaum-1_Organisator.jpg\",\"keywords\":[\"Familienunternehmen\",\"Firmenjubil\u00e4um\",\"Management und Unternehmensf\u00fchrung\",\"Unternehmen\"],\"articleSection\":[\"MANAGEMENT\"],\"inLanguage\":\"de\"},{\"@type\":\"WebPage\",\"@id\":\"https:\\\/\\\/www.organisator.ch\\\/management\\\/2022-08-18\\\/kunststoffwerk-silac-feiert-80-jaehriges-jubilaeum\\\/\",\"url\":\"https:\\\/\\\/www.organisator.ch\\\/management\\\/2022-08-18\\\/kunststoffwerk-silac-feiert-80-jaehriges-jubilaeum\\\/\",\"name\":\"Kunststoffwerk Silac feiert 80-j\u00e4hriges Jubil\u00e4um - Organisator\",\"isPartOf\":{\"@id\":\"https:\\\/\\\/www.organisator.ch\\\/#website\"},\"primaryImageOfPage\":{\"@id\":\"https:\\\/\\\/www.organisator.ch\\\/management\\\/2022-08-18\\\/kunststoffwerk-silac-feiert-80-jaehriges-jubilaeum\\\/#primaryimage\"},\"image\":{\"@id\":\"https:\\\/\\\/www.organisator.ch\\\/management\\\/2022-08-18\\\/kunststoffwerk-silac-feiert-80-jaehriges-jubilaeum\\\/#primaryimage\"},\"thumbnailUrl\":\"https:\\\/\\\/www.organisator.ch\\\/wp-content\\\/uploads\\\/2022\\\/08\\\/Kunststoffwerk-Silac-feiert-80-jahriges-Jubilaum-1_Organisator.jpg\",\"datePublished\":\"2022-08-18T07:07:26+00:00\",\"description\":\"Die Silac AG, ein Kunststoffwerk mit Sitz in Euthal SZ und ein inhabergef\u00fchrtes Familienunternehmen, feiert das 80-j\u00e4hrige Jubil\u00e4um.\",\"breadcrumb\":{\"@id\":\"https:\\\/\\\/www.organisator.ch\\\/management\\\/2022-08-18\\\/kunststoffwerk-silac-feiert-80-jaehriges-jubilaeum\\\/#breadcrumb\"},\"inLanguage\":\"de\",\"potentialAction\":[{\"@type\":\"ReadAction\",\"target\":[\"https:\\\/\\\/www.organisator.ch\\\/management\\\/2022-08-18\\\/kunststoffwerk-silac-feiert-80-jaehriges-jubilaeum\\\/\"]}]},{\"@type\":\"ImageObject\",\"inLanguage\":\"de\",\"@id\":\"https:\\\/\\\/www.organisator.ch\\\/management\\\/2022-08-18\\\/kunststoffwerk-silac-feiert-80-jaehriges-jubilaeum\\\/#primaryimage\",\"url\":\"https:\\\/\\\/www.organisator.ch\\\/wp-content\\\/uploads\\\/2022\\\/08\\\/Kunststoffwerk-Silac-feiert-80-jahriges-Jubilaum-1_Organisator.jpg\",\"contentUrl\":\"https:\\\/\\\/www.organisator.ch\\\/wp-content\\\/uploads\\\/2022\\\/08\\\/Kunststoffwerk-Silac-feiert-80-jahriges-Jubilaum-1_Organisator.jpg\",\"width\":680,\"height\":453,\"caption\":\"Ein guter Berufsnachwuchs und motivierte, hochqualifizierte Mitarbeiter bilden das Fundament des langfristigen Erfolgs der Silac AG, die dieses Jahr das 80-Jahr-Jubil\u00e4um feiert. (Bild: zVg \\\/ Silac)\"},{\"@type\":\"BreadcrumbList\",\"@id\":\"https:\\\/\\\/www.organisator.ch\\\/management\\\/2022-08-18\\\/kunststoffwerk-silac-feiert-80-jaehriges-jubilaeum\\\/#breadcrumb\",\"itemListElement\":[{\"@type\":\"ListItem\",\"position\":1,\"name\":\"Home\",\"item\":\"https:\\\/\\\/www.organisator.ch\\\/\"},{\"@type\":\"ListItem\",\"position\":2,\"name\":\"Kunststoffwerk Silac feiert 80-j\u00e4hriges Jubil\u00e4um\"}]},{\"@type\":\"WebSite\",\"@id\":\"https:\\\/\\\/www.organisator.ch\\\/#website\",\"url\":\"https:\\\/\\\/www.organisator.ch\\\/\",\"name\":\"Organisator\",\"description\":\"Kompetent. Praxisnah. Der ORGANISATOR bereitet in 10 Ausgaben pro Jahr die wesentlichen Themen f\u00fcr F\u00fchrungskr\u00e4fte von KMU auf.\",\"publisher\":{\"@id\":\"https:\\\/\\\/www.organisator.ch\\\/#organization\"},\"potentialAction\":[{\"@type\":\"SearchAction\",\"target\":{\"@type\":\"EntryPoint\",\"urlTemplate\":\"https:\\\/\\\/www.organisator.ch\\\/?s={search_term_string}\"},\"query-input\":{\"@type\":\"PropertyValueSpecification\",\"valueRequired\":true,\"valueName\":\"search_term_string\"}}],\"inLanguage\":\"de\"},{\"@type\":\"Organization\",\"@id\":\"https:\\\/\\\/www.organisator.ch\\\/#organization\",\"name\":\"Organisator\",\"url\":\"https:\\\/\\\/www.organisator.ch\\\/\",\"logo\":{\"@type\":\"ImageObject\",\"inLanguage\":\"de\",\"@id\":\"https:\\\/\\\/www.organisator.ch\\\/#\\\/schema\\\/logo\\\/image\\\/\",\"url\":\"https:\\\/\\\/www.organisator.ch\\\/wp-content\\\/uploads\\\/2022\\\/01\\\/Logo_Organisator_Website.png\",\"contentUrl\":\"https:\\\/\\\/www.organisator.ch\\\/wp-content\\\/uploads\\\/2022\\\/01\\\/Logo_Organisator_Website.png\",\"width\":800,\"height\":77,\"caption\":\"Organisator\"},\"image\":{\"@id\":\"https:\\\/\\\/www.organisator.ch\\\/#\\\/schema\\\/logo\\\/image\\\/\"},\"sameAs\":[\"https:\\\/\\\/www.facebook.com\\\/OrganisatorFachmagazin\",\"https:\\\/\\\/www.linkedin.com\\\/showcase\\\/organisator-das-magazin-fr-kmu\",\"https:\\\/\\\/www.xing.com\\\/news\\\/pages\\\/organisator-ch-695\",\"https:\\\/\\\/www.youtube.com\\\/channel\\\/UCGP2Sq0iWaZwT3BdIAQFYpw\"]},{\"@type\":\"Person\",\"@id\":\"https:\\\/\\\/www.organisator.ch\\\/#\\\/schema\\\/person\\\/6f650f90b2842cd4c0cc334b4e36f67e\",\"name\":\"thomas.berner\",\"image\":{\"@type\":\"ImageObject\",\"inLanguage\":\"de\",\"@id\":\"https:\\\/\\\/secure.gravatar.com\\\/avatar\\\/ac5001d2a36cb6c6cd3e50789007ffca834b477b74a2144564522e944eabff61?s=96&d=mm&r=g\",\"url\":\"https:\\\/\\\/secure.gravatar.com\\\/avatar\\\/ac5001d2a36cb6c6cd3e50789007ffca834b477b74a2144564522e944eabff61?s=96&d=mm&r=g\",\"contentUrl\":\"https:\\\/\\\/secure.gravatar.com\\\/avatar\\\/ac5001d2a36cb6c6cd3e50789007ffca834b477b74a2144564522e944eabff61?s=96&d=mm&r=g\",\"caption\":\"thomas.berner\"},\"url\":\"https:\\\/\\\/www.organisator.ch\\\/de\\\/author\\\/thomas-berner\\\/\"}]}<\/script>\n<!-- \/ Yoast SEO plugin. -->","yoast_head_json":{"title":"Kunststoffwerk Silac feiert 80-j\u00e4hriges Jubil\u00e4um - Organisator","description":"Die Silac AG, ein Kunststoffwerk mit Sitz in Euthal SZ und ein inhabergef\u00fchrtes Familienunternehmen, feiert das 80-j\u00e4hrige Jubil\u00e4um.","robots":{"index":"index","follow":"follow","max-snippet":"max-snippet:-1","max-image-preview":"max-image-preview:large","max-video-preview":"max-video-preview:-1"},"canonical":"https:\/\/www.organisator.ch\/de\/management\/2022-08-18\/kunststoffwerk-silac-feiert-80-jaehriges-jubilaeum\/","og_locale":"de_DE","og_type":"article","og_title":"Kunststoffwerk Silac feiert 80-j\u00e4hriges Jubil\u00e4um","og_description":"Die Silac AG, ein Kunststoffwerk mit Sitz in Euthal SZ und ein inhabergef\u00fchrtes Familienunternehmen, feiert das 80-j\u00e4hrige Jubil\u00e4um.","og_url":"https:\/\/www.organisator.ch\/de\/management\/2022-08-18\/kunststoffwerk-silac-feiert-80-jaehriges-jubilaeum\/","og_site_name":"Organisator","article_publisher":"https:\/\/www.facebook.com\/OrganisatorFachmagazin","article_published_time":"2022-08-18T07:07:26+00:00","og_image":[{"width":800,"height":600,"url":"https:\/\/www.organisator.ch\/wp-content\/uploads\/2022\/08\/Kunststoffwerk-Silac-feiert-80-jahriges-Jubilaum-2_Organisator.webp","type":"image\/webp"}],"author":"thomas.berner","twitter_card":"summary_large_image","twitter_title":"Kunststoffwerk #Silac feiert 80-j\u00e4hriges Jubil\u00e4um","twitter_description":"Die #Silac AG, ein #Kunststoffwerk mit Sitz in #Euthal SZ und ein inhabergef\u00fchrtes #Familienunternehmen, feiert das 80-j\u00e4hrige #Jubil\u00e4um.","twitter_image":"https:\/\/www.organisator.ch\/wp-content\/uploads\/2022\/08\/Kunststoffwerk-Silac-feiert-80-jahriges-Jubilaum-2_Organisator.webp","schema":{"@context":"https:\/\/schema.org","@graph":[{"@type":"Article","@id":"https:\/\/www.organisator.ch\/management\/2022-08-18\/kunststoffwerk-silac-feiert-80-jaehriges-jubilaeum\/#article","isPartOf":{"@id":"https:\/\/www.organisator.ch\/management\/2022-08-18\/kunststoffwerk-silac-feiert-80-jaehriges-jubilaeum\/"},"author":{"name":"thomas.berner","@id":"https:\/\/www.organisator.ch\/#\/schema\/person\/6f650f90b2842cd4c0cc334b4e36f67e"},"headline":"Kunststoffwerk Silac feiert 80-j\u00e4hriges Jubil\u00e4um","datePublished":"2022-08-18T07:07:26+00:00","mainEntityOfPage":{"@id":"https:\/\/www.organisator.ch\/management\/2022-08-18\/kunststoffwerk-silac-feiert-80-jaehriges-jubilaeum\/"},"wordCount":875,"publisher":{"@id":"https:\/\/www.organisator.ch\/#organization"},"image":{"@id":"https:\/\/www.organisator.ch\/management\/2022-08-18\/kunststoffwerk-silac-feiert-80-jaehriges-jubilaeum\/#primaryimage"},"thumbnailUrl":"https:\/\/www.organisator.ch\/wp-content\/uploads\/2022\/08\/Kunststoffwerk-Silac-feiert-80-jahriges-Jubilaum-1_Organisator.jpg","keywords":["Familienunternehmen","Firmenjubil\u00e4um","Management und Unternehmensf\u00fchrung","Unternehmen"],"articleSection":["MANAGEMENT"],"inLanguage":"de"},{"@type":"WebPage","@id":"https:\/\/www.organisator.ch\/management\/2022-08-18\/kunststoffwerk-silac-feiert-80-jaehriges-jubilaeum\/","url":"https:\/\/www.organisator.ch\/management\/2022-08-18\/kunststoffwerk-silac-feiert-80-jaehriges-jubilaeum\/","name":"Kunststoffwerk Silac feiert 80-j\u00e4hriges Jubil\u00e4um - Organisator","isPartOf":{"@id":"https:\/\/www.organisator.ch\/#website"},"primaryImageOfPage":{"@id":"https:\/\/www.organisator.ch\/management\/2022-08-18\/kunststoffwerk-silac-feiert-80-jaehriges-jubilaeum\/#primaryimage"},"image":{"@id":"https:\/\/www.organisator.ch\/management\/2022-08-18\/kunststoffwerk-silac-feiert-80-jaehriges-jubilaeum\/#primaryimage"},"thumbnailUrl":"https:\/\/www.organisator.ch\/wp-content\/uploads\/2022\/08\/Kunststoffwerk-Silac-feiert-80-jahriges-Jubilaum-1_Organisator.jpg","datePublished":"2022-08-18T07:07:26+00:00","description":"Die Silac AG, ein Kunststoffwerk mit Sitz in Euthal SZ und ein inhabergef\u00fchrtes Familienunternehmen, feiert das 80-j\u00e4hrige Jubil\u00e4um.","breadcrumb":{"@id":"https:\/\/www.organisator.ch\/management\/2022-08-18\/kunststoffwerk-silac-feiert-80-jaehriges-jubilaeum\/#breadcrumb"},"inLanguage":"de","potentialAction":[{"@type":"ReadAction","target":["https:\/\/www.organisator.ch\/management\/2022-08-18\/kunststoffwerk-silac-feiert-80-jaehriges-jubilaeum\/"]}]},{"@type":"ImageObject","inLanguage":"de","@id":"https:\/\/www.organisator.ch\/management\/2022-08-18\/kunststoffwerk-silac-feiert-80-jaehriges-jubilaeum\/#primaryimage","url":"https:\/\/www.organisator.ch\/wp-content\/uploads\/2022\/08\/Kunststoffwerk-Silac-feiert-80-jahriges-Jubilaum-1_Organisator.jpg","contentUrl":"https:\/\/www.organisator.ch\/wp-content\/uploads\/2022\/08\/Kunststoffwerk-Silac-feiert-80-jahriges-Jubilaum-1_Organisator.jpg","width":680,"height":453,"caption":"Ein guter Berufsnachwuchs und motivierte, hochqualifizierte Mitarbeiter bilden das Fundament des langfristigen Erfolgs der Silac AG, die dieses Jahr das 80-Jahr-Jubil\u00e4um feiert. (Bild: zVg \/ Silac)"},{"@type":"BreadcrumbList","@id":"https:\/\/www.organisator.ch\/management\/2022-08-18\/kunststoffwerk-silac-feiert-80-jaehriges-jubilaeum\/#breadcrumb","itemListElement":[{"@type":"ListItem","position":1,"name":"Home","item":"https:\/\/www.organisator.ch\/"},{"@type":"ListItem","position":2,"name":"Kunststoffwerk Silac feiert 80-j\u00e4hriges Jubil\u00e4um"}]},{"@type":"WebSite","@id":"https:\/\/www.organisator.ch\/#website","url":"https:\/\/www.organisator.ch\/","name":"Organisator","description":"Kompetent. Praxisnah. Der ORGANISATOR bereitet in 10 Ausgaben pro Jahr die wesentlichen Themen f\u00fcr F\u00fchrungskr\u00e4fte von KMU auf.","publisher":{"@id":"https:\/\/www.organisator.ch\/#organization"},"potentialAction":[{"@type":"SearchAction","target":{"@type":"EntryPoint","urlTemplate":"https:\/\/www.organisator.ch\/?s={search_term_string}"},"query-input":{"@type":"PropertyValueSpecification","valueRequired":true,"valueName":"search_term_string"}}],"inLanguage":"de"},{"@type":"Organization","@id":"https:\/\/www.organisator.ch\/#organization","name":"Organisator","url":"https:\/\/www.organisator.ch\/","logo":{"@type":"ImageObject","inLanguage":"de","@id":"https:\/\/www.organisator.ch\/#\/schema\/logo\/image\/","url":"https:\/\/www.organisator.ch\/wp-content\/uploads\/2022\/01\/Logo_Organisator_Website.png","contentUrl":"https:\/\/www.organisator.ch\/wp-content\/uploads\/2022\/01\/Logo_Organisator_Website.png","width":800,"height":77,"caption":"Organisator"},"image":{"@id":"https:\/\/www.organisator.ch\/#\/schema\/logo\/image\/"},"sameAs":["https:\/\/www.facebook.com\/OrganisatorFachmagazin","https:\/\/www.linkedin.com\/showcase\/organisator-das-magazin-fr-kmu","https:\/\/www.xing.com\/news\/pages\/organisator-ch-695","https:\/\/www.youtube.com\/channel\/UCGP2Sq0iWaZwT3BdIAQFYpw"]},{"@type":"Person","@id":"https:\/\/www.organisator.ch\/#\/schema\/person\/6f650f90b2842cd4c0cc334b4e36f67e","name":"thomas.berner","image":{"@type":"ImageObject","inLanguage":"de","@id":"https:\/\/secure.gravatar.com\/avatar\/ac5001d2a36cb6c6cd3e50789007ffca834b477b74a2144564522e944eabff61?s=96&d=mm&r=g","url":"https:\/\/secure.gravatar.com\/avatar\/ac5001d2a36cb6c6cd3e50789007ffca834b477b74a2144564522e944eabff61?s=96&d=mm&r=g","contentUrl":"https:\/\/secure.gravatar.com\/avatar\/ac5001d2a36cb6c6cd3e50789007ffca834b477b74a2144564522e944eabff61?s=96&d=mm&r=g","caption":"thomas.berner"},"url":"https:\/\/www.organisator.ch\/de\/author\/thomas-berner\/"}]}},"_links":{"self":[{"href":"https:\/\/www.organisator.ch\/de\/wp-json\/wp\/v2\/posts\/16588","targetHints":{"allow":["GET"]}}],"collection":[{"href":"https:\/\/www.organisator.ch\/de\/wp-json\/wp\/v2\/posts"}],"about":[{"href":"https:\/\/www.organisator.ch\/de\/wp-json\/wp\/v2\/types\/post"}],"author":[{"embeddable":true,"href":"https:\/\/www.organisator.ch\/de\/wp-json\/wp\/v2\/users\/4"}],"replies":[{"embeddable":true,"href":"https:\/\/www.organisator.ch\/de\/wp-json\/wp\/v2\/comments?post=16588"}],"version-history":[{"count":2,"href":"https:\/\/www.organisator.ch\/de\/wp-json\/wp\/v2\/posts\/16588\/revisions"}],"predecessor-version":[{"id":16592,"href":"https:\/\/www.organisator.ch\/de\/wp-json\/wp\/v2\/posts\/16588\/revisions\/16592"}],"wp:featuredmedia":[{"embeddable":true,"href":"https:\/\/www.organisator.ch\/de\/wp-json\/wp\/v2\/media\/16589"}],"wp:attachment":[{"href":"https:\/\/www.organisator.ch\/de\/wp-json\/wp\/v2\/media?parent=16588"}],"wp:term":[{"taxonomy":"category","embeddable":true,"href":"https:\/\/www.organisator.ch\/de\/wp-json\/wp\/v2\/categories?post=16588"},{"taxonomy":"post_tag","embeddable":true,"href":"https:\/\/www.organisator.ch\/de\/wp-json\/wp\/v2\/tags?post=16588"}],"curies":[{"name":"wp","href":"https:\/\/api.w.org\/{rel}","templated":true}]}}