{"id":16593,"date":"2022-08-18T09:25:08","date_gmt":"2022-08-18T07:25:08","guid":{"rendered":"https:\/\/www.organisator.ch\/?p=16593"},"modified":"2022-08-18T09:25:08","modified_gmt":"2022-08-18T07:25:08","slug":"arbeitgeber-mittelthurgau-uebernimmt-wirtschaftsforum-patronat","status":"publish","type":"post","link":"https:\/\/www.organisator.ch\/de\/allgemein\/2022-08-18\/arbeitgeber-mittelthurgau-uebernimmt-wirtschaftsforum-patronat\/","title":{"rendered":"Arbeitgeber Mittelthurgau \u00fcbernimmt Wirtschaftsforum-Patronat"},"content":{"rendered":"<figure id=\"attachment_16594\" aria-describedby=\"caption-attachment-16594\" style=\"width: 680px\" class=\"wp-caption alignnone\"><img loading=\"lazy\" decoding=\"async\" class=\"size-full wp-image-16594\" src=\"https:\/\/www.organisator.ch\/wp-content\/uploads\/2022\/08\/Arbeitgeber-Mittelthurgau-ubernimmt-Wirtschaftsforum-Patronat_Organisator.jpg\" alt=\"\" width=\"680\" height=\"496\" srcset=\"https:\/\/www.organisator.ch\/wp-content\/uploads\/2022\/08\/Arbeitgeber-Mittelthurgau-ubernimmt-Wirtschaftsforum-Patronat_Organisator.jpg 680w, https:\/\/www.organisator.ch\/wp-content\/uploads\/2022\/08\/Arbeitgeber-Mittelthurgau-ubernimmt-Wirtschaftsforum-Patronat_Organisator-16x12.jpg 16w, https:\/\/www.organisator.ch\/wp-content\/uploads\/2022\/08\/Arbeitgeber-Mittelthurgau-ubernimmt-Wirtschaftsforum-Patronat_Organisator-240x175.jpg 240w, https:\/\/www.organisator.ch\/wp-content\/uploads\/2022\/08\/Arbeitgeber-Mittelthurgau-ubernimmt-Wirtschaftsforum-Patronat_Organisator-480x350.jpg 480w, https:\/\/www.organisator.ch\/wp-content\/uploads\/2022\/08\/Arbeitgeber-Mittelthurgau-ubernimmt-Wirtschaftsforum-Patronat_Organisator-300x219.jpg 300w\" sizes=\"auto, (max-width: 680px) 100vw, 680px\" \/><figcaption id=\"caption-attachment-16594\" class=\"wp-caption-text\">Dominik Hasler (links), Pr\u00e4sident Arbeitgeber Mittelthurgau, und Reinhard Frei, Leiter WFT, haben die Patronats-Vereinbarung f\u00fcr das Wirtschaftsforum Thurgau abgeschlossen. (Bild: Wirtschaftsforum Thurgau)<\/figcaption><\/figure>\n<p>Das Wirtschaftsforum Thurgau (WFT) ist seit 25 Jahren eine der bedeutendsten und gr\u00f6ssten Wirtschafts- und Polit-Tagungen im Thurgau. Mit der Neuausrichtung nach dem Jubil\u00e4ums-Event im vergangenen Jahr konnte die Thurgauer Kantonalbank als neuen Hauptsponsor gewonnen werden. Und nun ist auch das Patronat wieder besetzt worden: Der Verband Arbeitgeber Mittelthurgau hat sich entschlossen, als Wirtschaftsverband des Bezirkes das WFT, welches in Weinfelden durchgef\u00fchrt wird, zu unterst\u00fctzen.<\/p>\n<h3><strong>Arbeitgeber Mittelthurgau: Wichtige Wirtschaftsvertretung im Thurgau<\/strong><\/h3>\n<p>Der Verband Arbeitgeber Mittelthurgau vertritt die Wirtschaft im Zentrum des Kantons Thurgau und verbindet 144 Firmen des Bezirks Weinfelden mit rund 7200 Mitarbeitenden. Im Zentrum steht f\u00fcr den Verein die Verbesserung der wirtschaftlichen Rahmenbedingungen in Region und Kanton. Er \u00e4ussert sich auch \u00fcberall dort, wo die Freiheit des unternehmerischen Handelns tangiert wird. Arbeitgeber Mittelthurgau ist auch ein wichtiger Ansprechpartner f\u00fcr die \u00f6ffentliche Hand, namentlich der Gemeindebeh\u00f6rden. Der Verband ist 2014 aus der Fusion des Handels- und Industrievereins Bischofszell sowie des Arbeitgeberverbands Mittelthurgau entstanden.<\/p>\n<h3><strong>Gleiche Ziele wie das WFT<\/strong><\/h3>\n<p>Die Wahrung der Interessen, insbesondere der Verbesserung der wirtschaftlichen und politischen Rahmenbedingungen im Kanton, Orientierung \u00fcber aktuelle Themen aus Politik und Wirtschaft, F\u00f6rderung des Erfahrungsaustausches und der Netzwerk-Pflege stehen \u2013 neben anderen Zielen \u2013 im Vordergrund der Arbeitgeber Mittelthurgau. Dies sind auch Ziele des WFT, an dem kompetenten Rednerinnen und Redner immer wieder zu aktuellen wirtschafts-politischen Themen referieren.<\/p>\n<h3><strong>WFT mit Bundesrat Maurer und Hans-Werner Sinn<\/strong><\/h3>\n<p>Das 26. Wirtschaftsforum Thurgau wird bundesr\u00e4tlichen Besuch bekommen: mit dem Finanzminister Ueli Maurer tritt erstmals ein Bundesrat am WFT auf. Mit den Professoren Hans-Werner Sinn, Monika B\u00fctler und der RAUSCH CEO, Sandra Banholzer, hat das WFT weitere kompetente und prominente Referentinnen und Referenten verpflichten k\u00f6nnen. Sie werden zum Thema \u00abFinanzen &amp; Weltwirtschaft im Kontext von Krisen\u00bb den Teilnehmenden wertvolle Impulse vermitteln.<\/p>\n<p><em>Anmeldungen und weitere Informationen: <a href=\"http:\/\/www.wft.ch\">www.wft.ch<\/a><\/em><\/p>\n","protected":false},"excerpt":{"rendered":"<p>Das Wirtschaftsforum Thurgau (WFT) ist seit 25 Jahren eine der bedeutendsten und gr\u00f6ssten Wirtschafts- und Polit-Tagungen im Thurgau. Mit der Neuausrichtung nach dem Jubil\u00e4ums-Event im vergangenen Jahr konnte die Thurgauer Kantonalbank als neuen Hauptsponsor gewonnen werden. Und nun ist auch das Patronat wieder besetzt worden: Der Verband Arbeitgeber Mittelthurgau hat sich entschlossen, als Wirtschaftsverband des [&hellip;]<\/p>\n","protected":false},"author":4,"featured_media":16594,"comment_status":"closed","ping_status":"closed","sticky":false,"template":"","format":"standard","meta":{"_acf_changed":false,"_yoast_wpseo_focuskw":"Arbeitgeber Mittelthurgau","_yoast_wpseo_metadesc":"Der Verband Arbeitgeber Mittelthurgau wird in Zukunft das Patronat des Wirtschaftsforum Thurgau \u00fcbernehmen.","articlekey":"","footnotes":""},"categories":[1],"tags":[502,503],"class_list":["post-16593","post","type-post","status-publish","format-standard","has-post-thumbnail","hentry","category-allgemein","tag-veranstaltungen","tag-verbaende"],"acf":[],"yoast_head":"<!-- This site is optimized with the Yoast SEO plugin v27.5 - https:\/\/yoast.com\/product\/yoast-seo-wordpress\/ -->\n<title>Arbeitgeber Mittelthurgau \u00fcbernimmt Wirtschaftsforum-Patronat - Organisator<\/title>\n<meta name=\"description\" content=\"Der Verband Arbeitgeber Mittelthurgau wird in Zukunft das Patronat des Wirtschaftsforum Thurgau \u00fcbernehmen.\" \/>\n<meta name=\"robots\" content=\"index, follow, max-snippet:-1, max-image-preview:large, max-video-preview:-1\" \/>\n<link rel=\"canonical\" href=\"https:\/\/www.organisator.ch\/de\/allgemein\/2022-08-18\/arbeitgeber-mittelthurgau-uebernimmt-wirtschaftsforum-patronat\/\" \/>\n<meta property=\"og:locale\" content=\"de_DE\" \/>\n<meta property=\"og:type\" content=\"article\" \/>\n<meta property=\"og:title\" content=\"Arbeitgeber Mittelthurgau \u00fcbernimmt Wirtschaftsforum-Patronat\" \/>\n<meta property=\"og:description\" content=\"Der Verband Arbeitgeber Mittelthurgau wird in Zukunft das Patronat des Wirtschaftsforum Thurgau \u00fcbernehmen.\" \/>\n<meta property=\"og:url\" content=\"https:\/\/www.organisator.ch\/de\/allgemein\/2022-08-18\/arbeitgeber-mittelthurgau-uebernimmt-wirtschaftsforum-patronat\/\" \/>\n<meta property=\"og:site_name\" content=\"Organisator\" \/>\n<meta property=\"article:publisher\" content=\"https:\/\/www.facebook.com\/OrganisatorFachmagazin\" \/>\n<meta property=\"article:published_time\" content=\"2022-08-18T07:25:08+00:00\" \/>\n<meta property=\"og:image\" content=\"https:\/\/www.organisator.ch\/wp-content\/uploads\/2022\/08\/Arbeitgeber-Mittelthurgau-ubernimmt-Wirtschaftsforum-Patronat_Organisator.jpg\" \/>\n\t<meta property=\"og:image:width\" content=\"680\" \/>\n\t<meta property=\"og:image:height\" content=\"496\" \/>\n\t<meta property=\"og:image:type\" content=\"image\/jpeg\" \/>\n<meta name=\"author\" content=\"thomas.berner\" \/>\n<meta name=\"twitter:card\" content=\"summary_large_image\" \/>\n<meta name=\"twitter:title\" content=\"Arbeitgeber #Mittelthurgau \u00fcbernimmt #Wirtschaftsforum-Patronat\" \/>\n<meta name=\"twitter:description\" content=\"Der Verband Arbeitgeber #Mittelthurgau wird in Zukunft das Patronat des #Wirtschaftsforum Thurgau \u00fcbernehmen.\" \/>\n<meta name=\"twitter:image\" content=\"https:\/\/www.organisator.ch\/wp-content\/uploads\/2022\/08\/Arbeitgeber-Mittelthurgau-ubernimmt-Wirtschaftsforum-Patronat_Organisator.jpg\" \/>\n<script type=\"application\/ld+json\" class=\"yoast-schema-graph\">{\"@context\":\"https:\\\/\\\/schema.org\",\"@graph\":[{\"@type\":\"Article\",\"@id\":\"https:\\\/\\\/www.organisator.ch\\\/it\\\/generale\\\/2022-08-18\\\/datore-di-lavoro-medio-turgovia-ubernehmen-business-forum-patronat\\\/#article\",\"isPartOf\":{\"@id\":\"https:\\\/\\\/www.organisator.ch\\\/it\\\/generale\\\/2022-08-18\\\/datore-di-lavoro-medio-turgovia-ubernehmen-business-forum-patronat\\\/\"},\"author\":{\"name\":\"thomas.berner\",\"@id\":\"https:\\\/\\\/www.organisator.ch\\\/#\\\/schema\\\/person\\\/6f650f90b2842cd4c0cc334b4e36f67e\"},\"headline\":\"Arbeitgeber Mittelthurgau \u00fcbernimmt Wirtschaftsforum-Patronat\",\"datePublished\":\"2022-08-18T07:25:08+00:00\",\"mainEntityOfPage\":{\"@id\":\"https:\\\/\\\/www.organisator.ch\\\/it\\\/generale\\\/2022-08-18\\\/datore-di-lavoro-medio-turgovia-ubernehmen-business-forum-patronat\\\/\"},\"wordCount\":331,\"publisher\":{\"@id\":\"https:\\\/\\\/www.organisator.ch\\\/#organization\"},\"image\":{\"@id\":\"https:\\\/\\\/www.organisator.ch\\\/it\\\/generale\\\/2022-08-18\\\/datore-di-lavoro-medio-turgovia-ubernehmen-business-forum-patronat\\\/#primaryimage\"},\"thumbnailUrl\":\"https:\\\/\\\/www.organisator.ch\\\/wp-content\\\/uploads\\\/2022\\\/08\\\/Arbeitgeber-Mittelthurgau-ubernimmt-Wirtschaftsforum-Patronat_Organisator.jpg\",\"keywords\":[\"Veranstaltungen\",\"Verb\u00e4nde\"],\"inLanguage\":\"de\"},{\"@type\":\"WebPage\",\"@id\":\"https:\\\/\\\/www.organisator.ch\\\/it\\\/generale\\\/2022-08-18\\\/datore-di-lavoro-medio-turgovia-ubernehmen-business-forum-patronat\\\/\",\"url\":\"https:\\\/\\\/www.organisator.ch\\\/it\\\/generale\\\/2022-08-18\\\/datore-di-lavoro-medio-turgovia-ubernehmen-business-forum-patronat\\\/\",\"name\":\"Arbeitgeber Mittelthurgau \u00fcbernimmt Wirtschaftsforum-Patronat - Organisator\",\"isPartOf\":{\"@id\":\"https:\\\/\\\/www.organisator.ch\\\/#website\"},\"primaryImageOfPage\":{\"@id\":\"https:\\\/\\\/www.organisator.ch\\\/it\\\/generale\\\/2022-08-18\\\/datore-di-lavoro-medio-turgovia-ubernehmen-business-forum-patronat\\\/#primaryimage\"},\"image\":{\"@id\":\"https:\\\/\\\/www.organisator.ch\\\/it\\\/generale\\\/2022-08-18\\\/datore-di-lavoro-medio-turgovia-ubernehmen-business-forum-patronat\\\/#primaryimage\"},\"thumbnailUrl\":\"https:\\\/\\\/www.organisator.ch\\\/wp-content\\\/uploads\\\/2022\\\/08\\\/Arbeitgeber-Mittelthurgau-ubernimmt-Wirtschaftsforum-Patronat_Organisator.jpg\",\"datePublished\":\"2022-08-18T07:25:08+00:00\",\"description\":\"Der Verband Arbeitgeber Mittelthurgau wird in Zukunft das Patronat des Wirtschaftsforum Thurgau \u00fcbernehmen.\",\"breadcrumb\":{\"@id\":\"https:\\\/\\\/www.organisator.ch\\\/it\\\/generale\\\/2022-08-18\\\/datore-di-lavoro-medio-turgovia-ubernehmen-business-forum-patronat\\\/#breadcrumb\"},\"inLanguage\":\"de\",\"potentialAction\":[{\"@type\":\"ReadAction\",\"target\":[\"https:\\\/\\\/www.organisator.ch\\\/it\\\/generale\\\/2022-08-18\\\/datore-di-lavoro-medio-turgovia-ubernehmen-business-forum-patronat\\\/\"]}]},{\"@type\":\"ImageObject\",\"inLanguage\":\"de\",\"@id\":\"https:\\\/\\\/www.organisator.ch\\\/it\\\/generale\\\/2022-08-18\\\/datore-di-lavoro-medio-turgovia-ubernehmen-business-forum-patronat\\\/#primaryimage\",\"url\":\"https:\\\/\\\/www.organisator.ch\\\/wp-content\\\/uploads\\\/2022\\\/08\\\/Arbeitgeber-Mittelthurgau-ubernimmt-Wirtschaftsforum-Patronat_Organisator.jpg\",\"contentUrl\":\"https:\\\/\\\/www.organisator.ch\\\/wp-content\\\/uploads\\\/2022\\\/08\\\/Arbeitgeber-Mittelthurgau-ubernimmt-Wirtschaftsforum-Patronat_Organisator.jpg\",\"width\":680,\"height\":496,\"caption\":\"Dominik Hasler (links), Pr\u00e4sident Arbeitgeber Mittelthurgau, und Reinhard Frei, Leiter WFT, haben die Patronats-Vereinbarung f\u00fcr das Wirtschaftsforum Thurgau abgeschlossen. (Bild: Wirtschaftsforum Thurgau)\"},{\"@type\":\"BreadcrumbList\",\"@id\":\"https:\\\/\\\/www.organisator.ch\\\/it\\\/generale\\\/2022-08-18\\\/datore-di-lavoro-medio-turgovia-ubernehmen-business-forum-patronat\\\/#breadcrumb\",\"itemListElement\":[{\"@type\":\"ListItem\",\"position\":1,\"name\":\"Home\",\"item\":\"https:\\\/\\\/www.organisator.ch\\\/\"},{\"@type\":\"ListItem\",\"position\":2,\"name\":\"Arbeitgeber Mittelthurgau \u00fcbernimmt Wirtschaftsforum-Patronat\"}]},{\"@type\":\"WebSite\",\"@id\":\"https:\\\/\\\/www.organisator.ch\\\/#website\",\"url\":\"https:\\\/\\\/www.organisator.ch\\\/\",\"name\":\"Organisator\",\"description\":\"Kompetent. Praxisnah. Der ORGANISATOR bereitet in 10 Ausgaben pro Jahr die wesentlichen Themen f\u00fcr F\u00fchrungskr\u00e4fte von KMU auf.\",\"publisher\":{\"@id\":\"https:\\\/\\\/www.organisator.ch\\\/#organization\"},\"potentialAction\":[{\"@type\":\"SearchAction\",\"target\":{\"@type\":\"EntryPoint\",\"urlTemplate\":\"https:\\\/\\\/www.organisator.ch\\\/?s={search_term_string}\"},\"query-input\":{\"@type\":\"PropertyValueSpecification\",\"valueRequired\":true,\"valueName\":\"search_term_string\"}}],\"inLanguage\":\"de\"},{\"@type\":\"Organization\",\"@id\":\"https:\\\/\\\/www.organisator.ch\\\/#organization\",\"name\":\"Organisator\",\"url\":\"https:\\\/\\\/www.organisator.ch\\\/\",\"logo\":{\"@type\":\"ImageObject\",\"inLanguage\":\"de\",\"@id\":\"https:\\\/\\\/www.organisator.ch\\\/#\\\/schema\\\/logo\\\/image\\\/\",\"url\":\"https:\\\/\\\/www.organisator.ch\\\/wp-content\\\/uploads\\\/2022\\\/01\\\/Logo_Organisator_Website.png\",\"contentUrl\":\"https:\\\/\\\/www.organisator.ch\\\/wp-content\\\/uploads\\\/2022\\\/01\\\/Logo_Organisator_Website.png\",\"width\":800,\"height\":77,\"caption\":\"Organisator\"},\"image\":{\"@id\":\"https:\\\/\\\/www.organisator.ch\\\/#\\\/schema\\\/logo\\\/image\\\/\"},\"sameAs\":[\"https:\\\/\\\/www.facebook.com\\\/OrganisatorFachmagazin\",\"https:\\\/\\\/www.linkedin.com\\\/showcase\\\/organisator-das-magazin-fr-kmu\",\"https:\\\/\\\/www.xing.com\\\/news\\\/pages\\\/organisator-ch-695\",\"https:\\\/\\\/www.youtube.com\\\/channel\\\/UCGP2Sq0iWaZwT3BdIAQFYpw\"]},{\"@type\":\"Person\",\"@id\":\"https:\\\/\\\/www.organisator.ch\\\/#\\\/schema\\\/person\\\/6f650f90b2842cd4c0cc334b4e36f67e\",\"name\":\"thomas.berner\",\"image\":{\"@type\":\"ImageObject\",\"inLanguage\":\"de\",\"@id\":\"https:\\\/\\\/secure.gravatar.com\\\/avatar\\\/ac5001d2a36cb6c6cd3e50789007ffca834b477b74a2144564522e944eabff61?s=96&d=mm&r=g\",\"url\":\"https:\\\/\\\/secure.gravatar.com\\\/avatar\\\/ac5001d2a36cb6c6cd3e50789007ffca834b477b74a2144564522e944eabff61?s=96&d=mm&r=g\",\"contentUrl\":\"https:\\\/\\\/secure.gravatar.com\\\/avatar\\\/ac5001d2a36cb6c6cd3e50789007ffca834b477b74a2144564522e944eabff61?s=96&d=mm&r=g\",\"caption\":\"thomas.berner\"},\"url\":\"https:\\\/\\\/www.organisator.ch\\\/de\\\/author\\\/thomas-berner\\\/\"}]}<\/script>\n<!-- \/ Yoast SEO plugin. -->","yoast_head_json":{"title":"Arbeitgeber Mittelthurgau \u00fcbernimmt Wirtschaftsforum-Patronat - Organisator","description":"Der Verband Arbeitgeber Mittelthurgau wird in Zukunft das Patronat des Wirtschaftsforum Thurgau \u00fcbernehmen.","robots":{"index":"index","follow":"follow","max-snippet":"max-snippet:-1","max-image-preview":"max-image-preview:large","max-video-preview":"max-video-preview:-1"},"canonical":"https:\/\/www.organisator.ch\/de\/allgemein\/2022-08-18\/arbeitgeber-mittelthurgau-uebernimmt-wirtschaftsforum-patronat\/","og_locale":"de_DE","og_type":"article","og_title":"Arbeitgeber Mittelthurgau \u00fcbernimmt Wirtschaftsforum-Patronat","og_description":"Der Verband Arbeitgeber Mittelthurgau wird in Zukunft das Patronat des Wirtschaftsforum Thurgau \u00fcbernehmen.","og_url":"https:\/\/www.organisator.ch\/de\/allgemein\/2022-08-18\/arbeitgeber-mittelthurgau-uebernimmt-wirtschaftsforum-patronat\/","og_site_name":"Organisator","article_publisher":"https:\/\/www.facebook.com\/OrganisatorFachmagazin","article_published_time":"2022-08-18T07:25:08+00:00","og_image":[{"width":680,"height":496,"url":"https:\/\/www.organisator.ch\/wp-content\/uploads\/2022\/08\/Arbeitgeber-Mittelthurgau-ubernimmt-Wirtschaftsforum-Patronat_Organisator.jpg","type":"image\/jpeg"}],"author":"thomas.berner","twitter_card":"summary_large_image","twitter_title":"Arbeitgeber #Mittelthurgau \u00fcbernimmt #Wirtschaftsforum-Patronat","twitter_description":"Der Verband Arbeitgeber #Mittelthurgau wird in Zukunft das Patronat des #Wirtschaftsforum Thurgau \u00fcbernehmen.","twitter_image":"https:\/\/www.organisator.ch\/wp-content\/uploads\/2022\/08\/Arbeitgeber-Mittelthurgau-ubernimmt-Wirtschaftsforum-Patronat_Organisator.jpg","schema":{"@context":"https:\/\/schema.org","@graph":[{"@type":"Article","@id":"https:\/\/www.organisator.ch\/it\/generale\/2022-08-18\/datore-di-lavoro-medio-turgovia-ubernehmen-business-forum-patronat\/#article","isPartOf":{"@id":"https:\/\/www.organisator.ch\/it\/generale\/2022-08-18\/datore-di-lavoro-medio-turgovia-ubernehmen-business-forum-patronat\/"},"author":{"name":"thomas.berner","@id":"https:\/\/www.organisator.ch\/#\/schema\/person\/6f650f90b2842cd4c0cc334b4e36f67e"},"headline":"Arbeitgeber Mittelthurgau \u00fcbernimmt Wirtschaftsforum-Patronat","datePublished":"2022-08-18T07:25:08+00:00","mainEntityOfPage":{"@id":"https:\/\/www.organisator.ch\/it\/generale\/2022-08-18\/datore-di-lavoro-medio-turgovia-ubernehmen-business-forum-patronat\/"},"wordCount":331,"publisher":{"@id":"https:\/\/www.organisator.ch\/#organization"},"image":{"@id":"https:\/\/www.organisator.ch\/it\/generale\/2022-08-18\/datore-di-lavoro-medio-turgovia-ubernehmen-business-forum-patronat\/#primaryimage"},"thumbnailUrl":"https:\/\/www.organisator.ch\/wp-content\/uploads\/2022\/08\/Arbeitgeber-Mittelthurgau-ubernimmt-Wirtschaftsforum-Patronat_Organisator.jpg","keywords":["Veranstaltungen","Verb\u00e4nde"],"inLanguage":"de"},{"@type":"WebPage","@id":"https:\/\/www.organisator.ch\/it\/generale\/2022-08-18\/datore-di-lavoro-medio-turgovia-ubernehmen-business-forum-patronat\/","url":"https:\/\/www.organisator.ch\/it\/generale\/2022-08-18\/datore-di-lavoro-medio-turgovia-ubernehmen-business-forum-patronat\/","name":"Arbeitgeber Mittelthurgau \u00fcbernimmt Wirtschaftsforum-Patronat - Organisator","isPartOf":{"@id":"https:\/\/www.organisator.ch\/#website"},"primaryImageOfPage":{"@id":"https:\/\/www.organisator.ch\/it\/generale\/2022-08-18\/datore-di-lavoro-medio-turgovia-ubernehmen-business-forum-patronat\/#primaryimage"},"image":{"@id":"https:\/\/www.organisator.ch\/it\/generale\/2022-08-18\/datore-di-lavoro-medio-turgovia-ubernehmen-business-forum-patronat\/#primaryimage"},"thumbnailUrl":"https:\/\/www.organisator.ch\/wp-content\/uploads\/2022\/08\/Arbeitgeber-Mittelthurgau-ubernimmt-Wirtschaftsforum-Patronat_Organisator.jpg","datePublished":"2022-08-18T07:25:08+00:00","description":"Der Verband Arbeitgeber Mittelthurgau wird in Zukunft das Patronat des Wirtschaftsforum Thurgau \u00fcbernehmen.","breadcrumb":{"@id":"https:\/\/www.organisator.ch\/it\/generale\/2022-08-18\/datore-di-lavoro-medio-turgovia-ubernehmen-business-forum-patronat\/#breadcrumb"},"inLanguage":"de","potentialAction":[{"@type":"ReadAction","target":["https:\/\/www.organisator.ch\/it\/generale\/2022-08-18\/datore-di-lavoro-medio-turgovia-ubernehmen-business-forum-patronat\/"]}]},{"@type":"ImageObject","inLanguage":"de","@id":"https:\/\/www.organisator.ch\/it\/generale\/2022-08-18\/datore-di-lavoro-medio-turgovia-ubernehmen-business-forum-patronat\/#primaryimage","url":"https:\/\/www.organisator.ch\/wp-content\/uploads\/2022\/08\/Arbeitgeber-Mittelthurgau-ubernimmt-Wirtschaftsforum-Patronat_Organisator.jpg","contentUrl":"https:\/\/www.organisator.ch\/wp-content\/uploads\/2022\/08\/Arbeitgeber-Mittelthurgau-ubernimmt-Wirtschaftsforum-Patronat_Organisator.jpg","width":680,"height":496,"caption":"Dominik Hasler (links), Pr\u00e4sident Arbeitgeber Mittelthurgau, und Reinhard Frei, Leiter WFT, haben die Patronats-Vereinbarung f\u00fcr das Wirtschaftsforum Thurgau abgeschlossen. (Bild: Wirtschaftsforum Thurgau)"},{"@type":"BreadcrumbList","@id":"https:\/\/www.organisator.ch\/it\/generale\/2022-08-18\/datore-di-lavoro-medio-turgovia-ubernehmen-business-forum-patronat\/#breadcrumb","itemListElement":[{"@type":"ListItem","position":1,"name":"Home","item":"https:\/\/www.organisator.ch\/"},{"@type":"ListItem","position":2,"name":"Arbeitgeber Mittelthurgau \u00fcbernimmt Wirtschaftsforum-Patronat"}]},{"@type":"WebSite","@id":"https:\/\/www.organisator.ch\/#website","url":"https:\/\/www.organisator.ch\/","name":"Organisator","description":"Kompetent. Praxisnah. Der ORGANISATOR bereitet in 10 Ausgaben pro Jahr die wesentlichen Themen f\u00fcr F\u00fchrungskr\u00e4fte von KMU auf.","publisher":{"@id":"https:\/\/www.organisator.ch\/#organization"},"potentialAction":[{"@type":"SearchAction","target":{"@type":"EntryPoint","urlTemplate":"https:\/\/www.organisator.ch\/?s={search_term_string}"},"query-input":{"@type":"PropertyValueSpecification","valueRequired":true,"valueName":"search_term_string"}}],"inLanguage":"de"},{"@type":"Organization","@id":"https:\/\/www.organisator.ch\/#organization","name":"Organisator","url":"https:\/\/www.organisator.ch\/","logo":{"@type":"ImageObject","inLanguage":"de","@id":"https:\/\/www.organisator.ch\/#\/schema\/logo\/image\/","url":"https:\/\/www.organisator.ch\/wp-content\/uploads\/2022\/01\/Logo_Organisator_Website.png","contentUrl":"https:\/\/www.organisator.ch\/wp-content\/uploads\/2022\/01\/Logo_Organisator_Website.png","width":800,"height":77,"caption":"Organisator"},"image":{"@id":"https:\/\/www.organisator.ch\/#\/schema\/logo\/image\/"},"sameAs":["https:\/\/www.facebook.com\/OrganisatorFachmagazin","https:\/\/www.linkedin.com\/showcase\/organisator-das-magazin-fr-kmu","https:\/\/www.xing.com\/news\/pages\/organisator-ch-695","https:\/\/www.youtube.com\/channel\/UCGP2Sq0iWaZwT3BdIAQFYpw"]},{"@type":"Person","@id":"https:\/\/www.organisator.ch\/#\/schema\/person\/6f650f90b2842cd4c0cc334b4e36f67e","name":"thomas.berner","image":{"@type":"ImageObject","inLanguage":"de","@id":"https:\/\/secure.gravatar.com\/avatar\/ac5001d2a36cb6c6cd3e50789007ffca834b477b74a2144564522e944eabff61?s=96&d=mm&r=g","url":"https:\/\/secure.gravatar.com\/avatar\/ac5001d2a36cb6c6cd3e50789007ffca834b477b74a2144564522e944eabff61?s=96&d=mm&r=g","contentUrl":"https:\/\/secure.gravatar.com\/avatar\/ac5001d2a36cb6c6cd3e50789007ffca834b477b74a2144564522e944eabff61?s=96&d=mm&r=g","caption":"thomas.berner"},"url":"https:\/\/www.organisator.ch\/de\/author\/thomas-berner\/"}]}},"_links":{"self":[{"href":"https:\/\/www.organisator.ch\/de\/wp-json\/wp\/v2\/posts\/16593","targetHints":{"allow":["GET"]}}],"collection":[{"href":"https:\/\/www.organisator.ch\/de\/wp-json\/wp\/v2\/posts"}],"about":[{"href":"https:\/\/www.organisator.ch\/de\/wp-json\/wp\/v2\/types\/post"}],"author":[{"embeddable":true,"href":"https:\/\/www.organisator.ch\/de\/wp-json\/wp\/v2\/users\/4"}],"replies":[{"embeddable":true,"href":"https:\/\/www.organisator.ch\/de\/wp-json\/wp\/v2\/comments?post=16593"}],"version-history":[{"count":1,"href":"https:\/\/www.organisator.ch\/de\/wp-json\/wp\/v2\/posts\/16593\/revisions"}],"predecessor-version":[{"id":16595,"href":"https:\/\/www.organisator.ch\/de\/wp-json\/wp\/v2\/posts\/16593\/revisions\/16595"}],"wp:featuredmedia":[{"embeddable":true,"href":"https:\/\/www.organisator.ch\/de\/wp-json\/wp\/v2\/media\/16594"}],"wp:attachment":[{"href":"https:\/\/www.organisator.ch\/de\/wp-json\/wp\/v2\/media?parent=16593"}],"wp:term":[{"taxonomy":"category","embeddable":true,"href":"https:\/\/www.organisator.ch\/de\/wp-json\/wp\/v2\/categories?post=16593"},{"taxonomy":"post_tag","embeddable":true,"href":"https:\/\/www.organisator.ch\/de\/wp-json\/wp\/v2\/tags?post=16593"}],"curies":[{"name":"wp","href":"https:\/\/api.w.org\/{rel}","templated":true}]}}